{"id":14415,"date":"2025-04-22T12:00:09","date_gmt":"2025-04-22T18:00:09","guid":{"rendered":"https:\/\/www.nexoinformativo.mx\/?p=14415"},"modified":"2025-04-22T14:01:41","modified_gmt":"2025-04-22T20:01:41","slug":"queretaro-confia-en-su-policia-poes-se-dispara-al-top-5-nacional-en-percepcion-de-seguridad","status":"publish","type":"post","link":"https:\/\/www.nexoinformativo.mx\/index.php\/2025\/04\/22\/queretaro-confia-en-su-policia-poes-se-dispara-al-top-5-nacional-en-percepcion-de-seguridad\/","title":{"rendered":"Quer\u00e9taro conf\u00eda en su polic\u00eda POES se dispara al Top 5 Nacional en percepci\u00f3n de seguridad"},"content":{"rendered":"<p style=\"text-align: justify;\" data-sourcepos=\"11:1-11:337\">Buenas noticias para la seguridad en Quer\u00e9taro: la Polic\u00eda Estatal (POES) se ha posicionado entre las cinco corporaciones estatales con mayor confianza ciudadana a nivel nacional, seg\u00fan los resultados de la Encuesta Nacional de Seguridad P\u00fablica (ENSU) del INEGI correspondientes al primer trimestre de 2025.<\/p>\n<p>&nbsp;<\/p>\n<p style=\"text-align: justify;\" data-sourcepos=\"13:1-13:314\">El estudio revela un incremento significativo en la confianza hacia la POES, que aument\u00f3 15.5 puntos porcentuales, alcanzando un notable 77.8%. Este porcentaje no solo sit\u00faa a la corporaci\u00f3n queretana en el quinto lugar a nivel nacional, sino que tambi\u00e9n representa su nivel de confianza m\u00e1s alto en el \u00faltimo a\u00f1o.<\/p>\n<p>&nbsp;<\/p>\n<p style=\"text-align: justify;\" data-sourcepos=\"15:1-15:295\">En cuanto al desempe\u00f1o, la Polic\u00eda Estatal tambi\u00e9n obtuvo un reconocimiento importante, coloc\u00e1ndose en la s\u00e9ptima posici\u00f3n a nivel nacional con un 77.7% de percepci\u00f3n positiva, lo que representa un aumento de 11.1 puntos porcentuales y la cifra m\u00e1s alta alcanzada en el \u00faltimo a\u00f1o en este rubro.<\/p>\n<p>&nbsp;<\/p>\n<p style=\"text-align: justify;\" data-sourcepos=\"17:1-17:355\">Adem\u00e1s de la confianza y el desempe\u00f1o, la ENSU destaca que el 84.3% de la poblaci\u00f3n de Quer\u00e9taro identifica el trabajo y las acciones realizadas por la corporaci\u00f3n estatal.<\/p>\n<p>&nbsp;<\/p>\n<p style=\"text-align: justify;\" data-sourcepos=\"17:1-17:355\">Un dato a\u00fan m\u00e1s alentador es el aumento significativo en la percepci\u00f3n general de seguridad p\u00fablica en el estado, que creci\u00f3 26.3 puntos porcentuales, pasando de un 33.9% a un 60.2%.<\/p>\n<p>&nbsp;<\/p>\n<p style=\"text-align: justify;\" data-sourcepos=\"19:1-19:224\">Estos resultados reflejan un avance importante en la percepci\u00f3n de seguridad y la confianza en la Polic\u00eda Estatal de Quer\u00e9taro, consolid\u00e1ndola como una de las corporaciones mejor valoradas por la ciudadan\u00eda a nivel nacional.<\/p>\n<p>&nbsp;<\/p>\n<p style=\"text-align: center;\" data-sourcepos=\"19:1-19:224\"><em><strong>\u00a1Informaci\u00f3n que transforma!<\/strong><\/em><\/p>\n","protected":false},"excerpt":{"rendered":"<p>Buenas noticias para la seguridad en Quer\u00e9taro: la Polic\u00eda Estatal (POES) se ha posicionado entre las cinco corporaciones estatales con mayor confianza ciudadana a nivel nacional, seg\u00fan los resultados de la Encuesta Nacional de Seguridad P\u00fablica (ENSU) del INEGI correspondientes al primer trimestre de 2025.<\/p>\n","protected":false},"author":3,"featured_media":14416,"comment_status":"open","ping_status":"open","sticky":false,"template":"","format":"standard","meta":{"footnotes":""},"categories":[42,58],"tags":[4255,4254,362,266],"class_list":["post-14415","post","type-post","status-publish","format-standard","has-post-thumbnail","hentry","category-estado","category-ultima-hora","tag-ensu2025","tag-poesconfianza","tag-policiaestatalqro","tag-seguridadqueretaro"],"yoast_head":"<!-- This site is optimized with the Yoast SEO plugin v25.0 - https:\/\/yoast.com\/wordpress\/plugins\/seo\/ -->\n<title>Quer\u00e9taro conf\u00eda en su polic\u00eda POES se dispara al Top 5 Nacional en percepci\u00f3n de seguridad | Nexo Informativo Santiago de Quer\u00e9taro<\/title>\n<meta name=\"description\" content=\"Quer\u00e9taro conf\u00eda en su polic\u00eda POES se dispara al Top 5 Nacional en percepci\u00f3n de seguridad\" \/>\n<meta name=\"robots\" content=\"index, follow, max-snippet:-1, max-image-preview:large, max-video-preview:-1\" \/>\n<link rel=\"canonical\" href=\"https:\/\/www.nexoinformativo.mx\/index.php\/2025\/04\/22\/queretaro-confia-en-su-policia-poes-se-dispara-al-top-5-nacional-en-percepcion-de-seguridad\/\" \/>\n<meta property=\"og:locale\" content=\"es_MX\" \/>\n<meta property=\"og:type\" content=\"article\" \/>\n<meta property=\"og:title\" content=\"Quer\u00e9taro conf\u00eda en su polic\u00eda POES se dispara al Top 5 Nacional en percepci\u00f3n de seguridad | Nexo Informativo Santiago de Quer\u00e9taro\" \/>\n<meta property=\"og:description\" content=\"Quer\u00e9taro conf\u00eda en su polic\u00eda POES se dispara al Top 5 Nacional en percepci\u00f3n de seguridad\" \/>\n<meta property=\"og:url\" content=\"https:\/\/www.nexoinformativo.mx\/index.php\/2025\/04\/22\/queretaro-confia-en-su-policia-poes-se-dispara-al-top-5-nacional-en-percepcion-de-seguridad\/\" \/>\n<meta property=\"og:site_name\" content=\"Nexo Informativo Santiago de Quer\u00e9taro\" \/>\n<meta property=\"article:publisher\" content=\"https:\/\/www.facebook.com\/people\/Nexo-Informativo\/61564066885511\/\" \/>\n<meta property=\"article:published_time\" content=\"2025-04-22T18:00:09+00:00\" \/>\n<meta property=\"article:modified_time\" content=\"2025-04-22T20:01:41+00:00\" \/>\n<meta property=\"og:image\" content=\"https:\/\/www.nexoinformativo.mx\/wp-content\/uploads\/2025\/04\/PHOTO-2025-04-22-13-48-24-e1745352017352.jpg\" \/>\n\t<meta property=\"og:image:width\" content=\"800\" \/>\n\t<meta property=\"og:image:height\" content=\"580\" \/>\n\t<meta property=\"og:image:type\" content=\"image\/jpeg\" \/>\n<meta name=\"author\" content=\"Nexo Informativo\" \/>\n<meta name=\"twitter:card\" content=\"summary_large_image\" \/>\n<meta name=\"twitter:label1\" content=\"Escrito por\" \/>\n\t<meta name=\"twitter:data1\" content=\"Nexo Informativo\" \/>\n\t<meta name=\"twitter:label2\" content=\"Tiempo de lectura\" \/>\n\t<meta name=\"twitter:data2\" content=\"2 minutos\" \/>\n<script type=\"application\/ld+json\" class=\"yoast-schema-graph\">{\"@context\":\"https:\/\/schema.org\",\"@graph\":[{\"@type\":\"Article\",\"@id\":\"https:\/\/www.nexoinformativo.mx\/index.php\/2025\/04\/22\/queretaro-confia-en-su-policia-poes-se-dispara-al-top-5-nacional-en-percepcion-de-seguridad\/#article\",\"isPartOf\":{\"@id\":\"https:\/\/www.nexoinformativo.mx\/index.php\/2025\/04\/22\/queretaro-confia-en-su-policia-poes-se-dispara-al-top-5-nacional-en-percepcion-de-seguridad\/\"},\"author\":{\"name\":\"Nexo Informativo\",\"@id\":\"https:\/\/www.nexoinformativo.mx\/#\/schema\/person\/7749d380ba08c8ca00d7bc76fd907b7d\"},\"headline\":\"Quer\u00e9taro conf\u00eda en su polic\u00eda POES se dispara al Top 5 Nacional en percepci\u00f3n de seguridad\",\"datePublished\":\"2025-04-22T18:00:09+00:00\",\"dateModified\":\"2025-04-22T20:01:41+00:00\",\"mainEntityOfPage\":{\"@id\":\"https:\/\/www.nexoinformativo.mx\/index.php\/2025\/04\/22\/queretaro-confia-en-su-policia-poes-se-dispara-al-top-5-nacional-en-percepcion-de-seguridad\/\"},\"wordCount\":290,\"commentCount\":0,\"publisher\":{\"@id\":\"https:\/\/www.nexoinformativo.mx\/#organization\"},\"image\":{\"@id\":\"https:\/\/www.nexoinformativo.mx\/index.php\/2025\/04\/22\/queretaro-confia-en-su-policia-poes-se-dispara-al-top-5-nacional-en-percepcion-de-seguridad\/#primaryimage\"},\"thumbnailUrl\":\"https:\/\/www.nexoinformativo.mx\/wp-content\/uploads\/2025\/04\/PHOTO-2025-04-22-13-48-24-e1745352017352.jpg\",\"keywords\":[\"ENSU2025\",\"POESConfianza\",\"Polic\u00edaEstatalQro\",\"SeguridadQueretaro\"],\"articleSection\":[\"Estado\",\"\u00daltima Hora\"],\"inLanguage\":\"es\",\"potentialAction\":[{\"@type\":\"CommentAction\",\"name\":\"Comment\",\"target\":[\"https:\/\/www.nexoinformativo.mx\/index.php\/2025\/04\/22\/queretaro-confia-en-su-policia-poes-se-dispara-al-top-5-nacional-en-percepcion-de-seguridad\/#respond\"]}]},{\"@type\":\"WebPage\",\"@id\":\"https:\/\/www.nexoinformativo.mx\/index.php\/2025\/04\/22\/queretaro-confia-en-su-policia-poes-se-dispara-al-top-5-nacional-en-percepcion-de-seguridad\/\",\"url\":\"https:\/\/www.nexoinformativo.mx\/index.php\/2025\/04\/22\/queretaro-confia-en-su-policia-poes-se-dispara-al-top-5-nacional-en-percepcion-de-seguridad\/\",\"name\":\"Quer\u00e9taro conf\u00eda en su polic\u00eda POES se dispara al Top 5 Nacional en percepci\u00f3n de seguridad | Nexo Informativo Santiago de Quer\u00e9taro\",\"isPartOf\":{\"@id\":\"https:\/\/www.nexoinformativo.mx\/#website\"},\"primaryImageOfPage\":{\"@id\":\"https:\/\/www.nexoinformativo.mx\/index.php\/2025\/04\/22\/queretaro-confia-en-su-policia-poes-se-dispara-al-top-5-nacional-en-percepcion-de-seguridad\/#primaryimage\"},\"image\":{\"@id\":\"https:\/\/www.nexoinformativo.mx\/index.php\/2025\/04\/22\/queretaro-confia-en-su-policia-poes-se-dispara-al-top-5-nacional-en-percepcion-de-seguridad\/#primaryimage\"},\"thumbnailUrl\":\"https:\/\/www.nexoinformativo.mx\/wp-content\/uploads\/2025\/04\/PHOTO-2025-04-22-13-48-24-e1745352017352.jpg\",\"datePublished\":\"2025-04-22T18:00:09+00:00\",\"dateModified\":\"2025-04-22T20:01:41+00:00\",\"description\":\"Quer\u00e9taro conf\u00eda en su polic\u00eda POES se dispara al Top 5 Nacional en percepci\u00f3n de seguridad\",\"breadcrumb\":{\"@id\":\"https:\/\/www.nexoinformativo.mx\/index.php\/2025\/04\/22\/queretaro-confia-en-su-policia-poes-se-dispara-al-top-5-nacional-en-percepcion-de-seguridad\/#breadcrumb\"},\"inLanguage\":\"es\",\"potentialAction\":[{\"@type\":\"ReadAction\",\"target\":[\"https:\/\/www.nexoinformativo.mx\/index.php\/2025\/04\/22\/queretaro-confia-en-su-policia-poes-se-dispara-al-top-5-nacional-en-percepcion-de-seguridad\/\"]}]},{\"@type\":\"ImageObject\",\"inLanguage\":\"es\",\"@id\":\"https:\/\/www.nexoinformativo.mx\/index.php\/2025\/04\/22\/queretaro-confia-en-su-policia-poes-se-dispara-al-top-5-nacional-en-percepcion-de-seguridad\/#primaryimage\",\"url\":\"https:\/\/www.nexoinformativo.mx\/wp-content\/uploads\/2025\/04\/PHOTO-2025-04-22-13-48-24-e1745352017352.jpg\",\"contentUrl\":\"https:\/\/www.nexoinformativo.mx\/wp-content\/uploads\/2025\/04\/PHOTO-2025-04-22-13-48-24-e1745352017352.jpg\",\"width\":800,\"height\":580},{\"@type\":\"BreadcrumbList\",\"@id\":\"https:\/\/www.nexoinformativo.mx\/index.php\/2025\/04\/22\/queretaro-confia-en-su-policia-poes-se-dispara-al-top-5-nacional-en-percepcion-de-seguridad\/#breadcrumb\",\"itemListElement\":[{\"@type\":\"ListItem\",\"position\":1,\"name\":\"Inicio\",\"item\":\"https:\/\/www.nexoinformativo.mx\/\"},{\"@type\":\"ListItem\",\"position\":2,\"name\":\"Quer\u00e9taro conf\u00eda en su polic\u00eda POES se dispara al Top 5 Nacional en percepci\u00f3n de seguridad\"}]},{\"@type\":\"WebSite\",\"@id\":\"https:\/\/www.nexoinformativo.mx\/#website\",\"url\":\"https:\/\/www.nexoinformativo.mx\/\",\"name\":\"Nexo Informativo Santiago de Quer\u00e9taro\",\"description\":\"Explora NexoInformativo y convi\u00e9rtete en parte de una comunidad que valora el conocimiento y la verdad. Tu nexoinformativo es tu puente hacia una comprensi\u00f3n m\u00e1s profunda del mundo que te rodea.\",\"publisher\":{\"@id\":\"https:\/\/www.nexoinformativo.mx\/#organization\"},\"potentialAction\":[{\"@type\":\"SearchAction\",\"target\":{\"@type\":\"EntryPoint\",\"urlTemplate\":\"https:\/\/www.nexoinformativo.mx\/?s={search_term_string}\"},\"query-input\":{\"@type\":\"PropertyValueSpecification\",\"valueRequired\":true,\"valueName\":\"search_term_string\"}}],\"inLanguage\":\"es\"},{\"@type\":\"Organization\",\"@id\":\"https:\/\/www.nexoinformativo.mx\/#organization\",\"name\":\"Nexo Informativo Santiago de Quer\u00e9taro\",\"url\":\"https:\/\/www.nexoinformativo.mx\/\",\"logo\":{\"@type\":\"ImageObject\",\"inLanguage\":\"es\",\"@id\":\"https:\/\/www.nexoinformativo.mx\/#\/schema\/logo\/image\/\",\"url\":\"https:\/\/www.nexoinformativo.mx\/wp-content\/uploads\/2024\/07\/nexoi-trasparente-2.png\",\"contentUrl\":\"https:\/\/www.nexoinformativo.mx\/wp-content\/uploads\/2024\/07\/nexoi-trasparente-2.png\",\"width\":816,\"height\":339,\"caption\":\"Nexo Informativo Santiago de Quer\u00e9taro\"},\"image\":{\"@id\":\"https:\/\/www.nexoinformativo.mx\/#\/schema\/logo\/image\/\"},\"sameAs\":[\"https:\/\/www.facebook.com\/people\/Nexo-Informativo\/61564066885511\/\"]},{\"@type\":\"Person\",\"@id\":\"https:\/\/www.nexoinformativo.mx\/#\/schema\/person\/7749d380ba08c8ca00d7bc76fd907b7d\",\"name\":\"Nexo Informativo\",\"image\":{\"@type\":\"ImageObject\",\"inLanguage\":\"es\",\"@id\":\"https:\/\/www.nexoinformativo.mx\/#\/schema\/person\/image\/\",\"url\":\"https:\/\/secure.gravatar.com\/avatar\/dde2928154642a13d95f87ddf1ea9718fe2b46760a005c53e41ff5ad610704e6?s=96&d=mm&r=g\",\"contentUrl\":\"https:\/\/secure.gravatar.com\/avatar\/dde2928154642a13d95f87ddf1ea9718fe2b46760a005c53e41ff5ad610704e6?s=96&d=mm&r=g\",\"caption\":\"Nexo Informativo\"},\"url\":\"https:\/\/www.nexoinformativo.mx\/index.php\/author\/edicion\/\"}]}<\/script>\n<!-- \/ Yoast SEO plugin. -->","yoast_head_json":{"title":"Quer\u00e9taro conf\u00eda en su polic\u00eda POES se dispara al Top 5 Nacional en percepci\u00f3n de seguridad | Nexo Informativo Santiago de Quer\u00e9taro","description":"Quer\u00e9taro conf\u00eda en su polic\u00eda POES se dispara al Top 5 Nacional en percepci\u00f3n de seguridad","robots":{"index":"index","follow":"follow","max-snippet":"max-snippet:-1","max-image-preview":"max-image-preview:large","max-video-preview":"max-video-preview:-1"},"canonical":"https:\/\/www.nexoinformativo.mx\/index.php\/2025\/04\/22\/queretaro-confia-en-su-policia-poes-se-dispara-al-top-5-nacional-en-percepcion-de-seguridad\/","og_locale":"es_MX","og_type":"article","og_title":"Quer\u00e9taro conf\u00eda en su polic\u00eda POES se dispara al Top 5 Nacional en percepci\u00f3n de seguridad | Nexo Informativo Santiago de Quer\u00e9taro","og_description":"Quer\u00e9taro conf\u00eda en su polic\u00eda POES se dispara al Top 5 Nacional en percepci\u00f3n de seguridad","og_url":"https:\/\/www.nexoinformativo.mx\/index.php\/2025\/04\/22\/queretaro-confia-en-su-policia-poes-se-dispara-al-top-5-nacional-en-percepcion-de-seguridad\/","og_site_name":"Nexo Informativo Santiago de Quer\u00e9taro","article_publisher":"https:\/\/www.facebook.com\/people\/Nexo-Informativo\/61564066885511\/","article_published_time":"2025-04-22T18:00:09+00:00","article_modified_time":"2025-04-22T20:01:41+00:00","og_image":[{"width":800,"height":580,"url":"https:\/\/www.nexoinformativo.mx\/wp-content\/uploads\/2025\/04\/PHOTO-2025-04-22-13-48-24-e1745352017352.jpg","type":"image\/jpeg"}],"author":"Nexo Informativo","twitter_card":"summary_large_image","twitter_misc":{"Escrito por":"Nexo Informativo","Tiempo de lectura":"2 minutos"},"schema":{"@context":"https:\/\/schema.org","@graph":[{"@type":"Article","@id":"https:\/\/www.nexoinformativo.mx\/index.php\/2025\/04\/22\/queretaro-confia-en-su-policia-poes-se-dispara-al-top-5-nacional-en-percepcion-de-seguridad\/#article","isPartOf":{"@id":"https:\/\/www.nexoinformativo.mx\/index.php\/2025\/04\/22\/queretaro-confia-en-su-policia-poes-se-dispara-al-top-5-nacional-en-percepcion-de-seguridad\/"},"author":{"name":"Nexo Informativo","@id":"https:\/\/www.nexoinformativo.mx\/#\/schema\/person\/7749d380ba08c8ca00d7bc76fd907b7d"},"headline":"Quer\u00e9taro conf\u00eda en su polic\u00eda POES se dispara al Top 5 Nacional en percepci\u00f3n de seguridad","datePublished":"2025-04-22T18:00:09+00:00","dateModified":"2025-04-22T20:01:41+00:00","mainEntityOfPage":{"@id":"https:\/\/www.nexoinformativo.mx\/index.php\/2025\/04\/22\/queretaro-confia-en-su-policia-poes-se-dispara-al-top-5-nacional-en-percepcion-de-seguridad\/"},"wordCount":290,"commentCount":0,"publisher":{"@id":"https:\/\/www.nexoinformativo.mx\/#organization"},"image":{"@id":"https:\/\/www.nexoinformativo.mx\/index.php\/2025\/04\/22\/queretaro-confia-en-su-policia-poes-se-dispara-al-top-5-nacional-en-percepcion-de-seguridad\/#primaryimage"},"thumbnailUrl":"https:\/\/www.nexoinformativo.mx\/wp-content\/uploads\/2025\/04\/PHOTO-2025-04-22-13-48-24-e1745352017352.jpg","keywords":["ENSU2025","POESConfianza","Polic\u00edaEstatalQro","SeguridadQueretaro"],"articleSection":["Estado","\u00daltima Hora"],"inLanguage":"es","potentialAction":[{"@type":"CommentAction","name":"Comment","target":["https:\/\/www.nexoinformativo.mx\/index.php\/2025\/04\/22\/queretaro-confia-en-su-policia-poes-se-dispara-al-top-5-nacional-en-percepcion-de-seguridad\/#respond"]}]},{"@type":"WebPage","@id":"https:\/\/www.nexoinformativo.mx\/index.php\/2025\/04\/22\/queretaro-confia-en-su-policia-poes-se-dispara-al-top-5-nacional-en-percepcion-de-seguridad\/","url":"https:\/\/www.nexoinformativo.mx\/index.php\/2025\/04\/22\/queretaro-confia-en-su-policia-poes-se-dispara-al-top-5-nacional-en-percepcion-de-seguridad\/","name":"Quer\u00e9taro conf\u00eda en su polic\u00eda POES se dispara al Top 5 Nacional en percepci\u00f3n de seguridad | Nexo Informativo Santiago de Quer\u00e9taro","isPartOf":{"@id":"https:\/\/www.nexoinformativo.mx\/#website"},"primaryImageOfPage":{"@id":"https:\/\/www.nexoinformativo.mx\/index.php\/2025\/04\/22\/queretaro-confia-en-su-policia-poes-se-dispara-al-top-5-nacional-en-percepcion-de-seguridad\/#primaryimage"},"image":{"@id":"https:\/\/www.nexoinformativo.mx\/index.php\/2025\/04\/22\/queretaro-confia-en-su-policia-poes-se-dispara-al-top-5-nacional-en-percepcion-de-seguridad\/#primaryimage"},"thumbnailUrl":"https:\/\/www.nexoinformativo.mx\/wp-content\/uploads\/2025\/04\/PHOTO-2025-04-22-13-48-24-e1745352017352.jpg","datePublished":"2025-04-22T18:00:09+00:00","dateModified":"2025-04-22T20:01:41+00:00","description":"Quer\u00e9taro conf\u00eda en su polic\u00eda POES se dispara al Top 5 Nacional en percepci\u00f3n de seguridad","breadcrumb":{"@id":"https:\/\/www.nexoinformativo.mx\/index.php\/2025\/04\/22\/queretaro-confia-en-su-policia-poes-se-dispara-al-top-5-nacional-en-percepcion-de-seguridad\/#breadcrumb"},"inLanguage":"es","potentialAction":[{"@type":"ReadAction","target":["https:\/\/www.nexoinformativo.mx\/index.php\/2025\/04\/22\/queretaro-confia-en-su-policia-poes-se-dispara-al-top-5-nacional-en-percepcion-de-seguridad\/"]}]},{"@type":"ImageObject","inLanguage":"es","@id":"https:\/\/www.nexoinformativo.mx\/index.php\/2025\/04\/22\/queretaro-confia-en-su-policia-poes-se-dispara-al-top-5-nacional-en-percepcion-de-seguridad\/#primaryimage","url":"https:\/\/www.nexoinformativo.mx\/wp-content\/uploads\/2025\/04\/PHOTO-2025-04-22-13-48-24-e1745352017352.jpg","contentUrl":"https:\/\/www.nexoinformativo.mx\/wp-content\/uploads\/2025\/04\/PHOTO-2025-04-22-13-48-24-e1745352017352.jpg","width":800,"height":580},{"@type":"BreadcrumbList","@id":"https:\/\/www.nexoinformativo.mx\/index.php\/2025\/04\/22\/queretaro-confia-en-su-policia-poes-se-dispara-al-top-5-nacional-en-percepcion-de-seguridad\/#breadcrumb","itemListElement":[{"@type":"ListItem","position":1,"name":"Inicio","item":"https:\/\/www.nexoinformativo.mx\/"},{"@type":"ListItem","position":2,"name":"Quer\u00e9taro conf\u00eda en su polic\u00eda POES se dispara al Top 5 Nacional en percepci\u00f3n de seguridad"}]},{"@type":"WebSite","@id":"https:\/\/www.nexoinformativo.mx\/#website","url":"https:\/\/www.nexoinformativo.mx\/","name":"Nexo Informativo Santiago de Quer\u00e9taro","description":"Explora NexoInformativo y convi\u00e9rtete en parte de una comunidad que valora el conocimiento y la verdad. Tu nexoinformativo es tu puente hacia una comprensi\u00f3n m\u00e1s profunda del mundo que te rodea.","publisher":{"@id":"https:\/\/www.nexoinformativo.mx\/#organization"},"potentialAction":[{"@type":"SearchAction","target":{"@type":"EntryPoint","urlTemplate":"https:\/\/www.nexoinformativo.mx\/?s={search_term_string}"},"query-input":{"@type":"PropertyValueSpecification","valueRequired":true,"valueName":"search_term_string"}}],"inLanguage":"es"},{"@type":"Organization","@id":"https:\/\/www.nexoinformativo.mx\/#organization","name":"Nexo Informativo Santiago de Quer\u00e9taro","url":"https:\/\/www.nexoinformativo.mx\/","logo":{"@type":"ImageObject","inLanguage":"es","@id":"https:\/\/www.nexoinformativo.mx\/#\/schema\/logo\/image\/","url":"https:\/\/www.nexoinformativo.mx\/wp-content\/uploads\/2024\/07\/nexoi-trasparente-2.png","contentUrl":"https:\/\/www.nexoinformativo.mx\/wp-content\/uploads\/2024\/07\/nexoi-trasparente-2.png","width":816,"height":339,"caption":"Nexo Informativo Santiago de Quer\u00e9taro"},"image":{"@id":"https:\/\/www.nexoinformativo.mx\/#\/schema\/logo\/image\/"},"sameAs":["https:\/\/www.facebook.com\/people\/Nexo-Informativo\/61564066885511\/"]},{"@type":"Person","@id":"https:\/\/www.nexoinformativo.mx\/#\/schema\/person\/7749d380ba08c8ca00d7bc76fd907b7d","name":"Nexo Informativo","image":{"@type":"ImageObject","inLanguage":"es","@id":"https:\/\/www.nexoinformativo.mx\/#\/schema\/person\/image\/","url":"https:\/\/secure.gravatar.com\/avatar\/dde2928154642a13d95f87ddf1ea9718fe2b46760a005c53e41ff5ad610704e6?s=96&d=mm&r=g","contentUrl":"https:\/\/secure.gravatar.com\/avatar\/dde2928154642a13d95f87ddf1ea9718fe2b46760a005c53e41ff5ad610704e6?s=96&d=mm&r=g","caption":"Nexo Informativo"},"url":"https:\/\/www.nexoinformativo.mx\/index.php\/author\/edicion\/"}]}},"_links":{"self":[{"href":"https:\/\/www.nexoinformativo.mx\/index.php\/wp-json\/wp\/v2\/posts\/14415","targetHints":{"allow":["GET"]}}],"collection":[{"href":"https:\/\/www.nexoinformativo.mx\/index.php\/wp-json\/wp\/v2\/posts"}],"about":[{"href":"https:\/\/www.nexoinformativo.mx\/index.php\/wp-json\/wp\/v2\/types\/post"}],"author":[{"embeddable":true,"href":"https:\/\/www.nexoinformativo.mx\/index.php\/wp-json\/wp\/v2\/users\/3"}],"replies":[{"embeddable":true,"href":"https:\/\/www.nexoinformativo.mx\/index.php\/wp-json\/wp\/v2\/comments?post=14415"}],"version-history":[{"count":3,"href":"https:\/\/www.nexoinformativo.mx\/index.php\/wp-json\/wp\/v2\/posts\/14415\/revisions"}],"predecessor-version":[{"id":14419,"href":"https:\/\/www.nexoinformativo.mx\/index.php\/wp-json\/wp\/v2\/posts\/14415\/revisions\/14419"}],"wp:featuredmedia":[{"embeddable":true,"href":"https:\/\/www.nexoinformativo.mx\/index.php\/wp-json\/wp\/v2\/media\/14416"}],"wp:attachment":[{"href":"https:\/\/www.nexoinformativo.mx\/index.php\/wp-json\/wp\/v2\/media?parent=14415"}],"wp:term":[{"taxonomy":"category","embeddable":true,"href":"https:\/\/www.nexoinformativo.mx\/index.php\/wp-json\/wp\/v2\/categories?post=14415"},{"taxonomy":"post_tag","embeddable":true,"href":"https:\/\/www.nexoinformativo.mx\/index.php\/wp-json\/wp\/v2\/tags?post=14415"}],"curies":[{"name":"wp","href":"https:\/\/api.w.org\/{rel}","templated":true}]}}