{"id":14427,"date":"2025-04-23T08:00:14","date_gmt":"2025-04-23T14:00:14","guid":{"rendered":"https:\/\/www.nexoinformativo.mx\/?p=14427"},"modified":"2025-04-23T17:58:56","modified_gmt":"2025-04-23T23:58:56","slug":"conalep-fomenta-deporte-y-talento-con-estrategia-vive-saludable-vive-feliz-en-sus-313-planteles","status":"publish","type":"post","link":"https:\/\/www.nexoinformativo.mx\/index.php\/2025\/04\/23\/conalep-fomenta-deporte-y-talento-con-estrategia-vive-saludable-vive-feliz-en-sus-313-planteles\/","title":{"rendered":"Conalep fomenta deporte y talento con estrategia &#8220;Vive Saludable, Vive Feliz&#8221; en sus 313 Planteles"},"content":{"rendered":"<p style=\"text-align: justify;\" data-sourcepos=\"11:1-11:460\">El Colegio Nacional de Educaci\u00f3n Profesional T\u00e9cnica (Conalep), en sinton\u00eda con la estrategia nacional &#8220;Vive saludable, vive feliz&#8221; impulsada por la Presidenta Claudia Sheinbaum y la SEP, est\u00e1 fomentando activamente la pr\u00e1ctica del deporte entre sus 325 mil estudiantes distribuidos en 313 planteles a nivel nacional. As\u00ed lo inform\u00f3 el director general del Conalep, Rodrigo Rojas.<\/p>\n<\/p>\n<p>&nbsp;<\/p>\n<p style=\"text-align: justify;\" data-sourcepos=\"13:1-13:485\">Rojas Navarrete resalt\u00f3 la reciente participaci\u00f3n de alumnos de los 32 colegios estatales en la Clase Nacional de Boxeo, evento encabezado por la Presidenta de M\u00e9xico como parte del eje de Atenci\u00f3n a las Causas de la Estrategia Nacional de Seguridad.<\/p>\n<\/p>\n<p>&nbsp;<\/p>\n<p style=\"text-align: justify;\" data-sourcepos=\"13:1-13:485\">Subray\u00f3 la importancia que el secretario de Educaci\u00f3n P\u00fablica, Mario Delgado, otorga al deporte como herramienta integral para fortalecer valores, construir entornos pac\u00edficos y prevenir conductas de riesgo entre los j\u00f3venes.<\/p>\n<p style=\"text-align: justify;\" data-sourcepos=\"15:1-15:398\">El director general del Conalep felicit\u00f3 especialmente a la estudiante y boxeadora Valeria Elizabeth Infante, del plantel Conalep Sonora, por su destacada clasificaci\u00f3n a la Olimpiada Nacional Conade 2025.<\/p>\n<\/p>\n<p>&nbsp;<\/p>\n<p style=\"text-align: justify;\" data-sourcepos=\"15:1-15:398\">Rojas Navarrete enfatiz\u00f3 que para el Conalep es una prioridad impulsar el talento de sus estudiantes deportistas, quienes con disciplina y esfuerzo enaltecen el nombre de la instituci\u00f3n.<\/p>\n<\/p>\n<p>&nbsp;<\/p>\n<p style=\"text-align: justify;\" data-sourcepos=\"17:1-17:406\"><strong>&#8220;No cabe duda de que el colegio est\u00e1 lleno de talento; sus alumnas y alumnos demuestran d\u00eda a d\u00eda el alto nivel que poseen, no solo en lo acad\u00e9mico, sino tambi\u00e9n en los \u00e1mbitos deportivo y cultural. \u00a0Este triunfo es solo el comienzo de muchos m\u00e1s y, principalmente, una inspiraci\u00f3n para toda la comunidad Conalep\u201d<\/strong>, expres\u00f3 el director.<\/p>\n<\/p>\n<p>&nbsp;<\/p>\n<p style=\"text-align: justify;\" data-sourcepos=\"19:1-19:440\">Valeria Elizabeth Infante P\u00e9rez, estudiante de la carrera de T\u00e9cnico en Mecatr\u00f3nica en el plantel Hermosillo III del Conalep, logr\u00f3 su pase a la Olimpiada Nacional tras ganar el Torneo Macro Regional Conade 2025, celebrado en Tijuana, Baja California.<\/p>\n<\/p>\n<p>&nbsp;<\/p>\n<p style=\"text-align: justify;\" data-sourcepos=\"19:1-19:440\">&#8220;Valita&#8221;, como es conocida en el ring, ha cultivado su pasi\u00f3n por el boxeo desde temprana edad y ve en estas oportunidades una clave para definir su futuro deportivo, educativo y personal.<\/p>\n<\/p>\n<p>&nbsp;<\/p>\n<p style=\"text-align: justify;\" data-sourcepos=\"21:1-21:196\">En el mismo Torneo Macro Regional de Boxeo, participaron otros seis estudiantes del Conalep en diversas categor\u00edas, demostrando el compromiso del colegio con el desarrollo integral de sus alumnos.<\/p>\n<\/p>\n<p>&nbsp;<\/p>\n<p style=\"text-align: center;\" data-sourcepos=\"21:1-21:196\"><em><strong>\u00a1Informaci\u00f3n que transforma!<\/strong><\/em><\/p>\n","protected":false},"excerpt":{"rendered":"<p>El Colegio Nacional de Educaci\u00f3n Profesional T\u00e9cnica (Conalep), en sinton\u00eda con la estrategia nacional &#8220;Vive saludable, vive feliz&#8221; impulsada por la Presidenta Claudia Sheinbaum y la SEP, est\u00e1 fomentando activamente la pr\u00e1ctica del deporte entre sus 325 mil estudiantes distribuidos en 313 planteles a nivel nacional. As\u00ed lo inform\u00f3 el director general del Conalep, Rodrigo Rojas.<\/p>\n","protected":false},"author":3,"featured_media":14428,"comment_status":"open","ping_status":"open","sticky":false,"template":"","format":"standard","meta":{"footnotes":""},"categories":[88,58],"tags":[4261,4260,4262,3733],"class_list":["post-14427","post","type-post","status-publish","format-standard","has-post-thumbnail","hentry","category-nacional","category-ultima-hora","tag-boxeoconalep","tag-conalepdeportivo","tag-talentoconalep","tag-vivesaludable"],"yoast_head":"<!-- This site is optimized with the Yoast SEO plugin v25.0 - https:\/\/yoast.com\/wordpress\/plugins\/seo\/ -->\n<title>Conalep fomenta deporte y talento con estrategia &quot;Vive Saludable, Vive Feliz&quot; en sus 313 Planteles | Nexo Informativo Santiago de Quer\u00e9taro<\/title>\n<meta name=\"description\" content=\"Conalep fomenta deporte y talento con estrategia &quot;Vive Saludable, Vive Feliz&quot; en sus 313 Planteles\" \/>\n<meta name=\"robots\" content=\"index, follow, max-snippet:-1, max-image-preview:large, max-video-preview:-1\" \/>\n<link rel=\"canonical\" href=\"https:\/\/www.nexoinformativo.mx\/index.php\/2025\/04\/23\/conalep-fomenta-deporte-y-talento-con-estrategia-vive-saludable-vive-feliz-en-sus-313-planteles\/\" \/>\n<meta property=\"og:locale\" content=\"es_MX\" \/>\n<meta property=\"og:type\" content=\"article\" \/>\n<meta property=\"og:title\" content=\"Conalep fomenta deporte y talento con estrategia &quot;Vive Saludable, Vive Feliz&quot; en sus 313 Planteles | Nexo Informativo Santiago de Quer\u00e9taro\" \/>\n<meta property=\"og:description\" content=\"Conalep fomenta deporte y talento con estrategia &quot;Vive Saludable, Vive Feliz&quot; en sus 313 Planteles\" \/>\n<meta property=\"og:url\" content=\"https:\/\/www.nexoinformativo.mx\/index.php\/2025\/04\/23\/conalep-fomenta-deporte-y-talento-con-estrategia-vive-saludable-vive-feliz-en-sus-313-planteles\/\" \/>\n<meta property=\"og:site_name\" content=\"Nexo Informativo Santiago de Quer\u00e9taro\" \/>\n<meta property=\"article:publisher\" content=\"https:\/\/www.facebook.com\/people\/Nexo-Informativo\/61564066885511\/\" \/>\n<meta property=\"article:published_time\" content=\"2025-04-23T14:00:14+00:00\" \/>\n<meta property=\"article:modified_time\" content=\"2025-04-23T23:58:56+00:00\" \/>\n<meta property=\"og:image\" content=\"https:\/\/www.nexoinformativo.mx\/wp-content\/uploads\/2025\/04\/IMG_2484.jpg\" \/>\n\t<meta property=\"og:image:width\" content=\"650\" \/>\n\t<meta property=\"og:image:height\" content=\"380\" \/>\n\t<meta property=\"og:image:type\" content=\"image\/jpeg\" \/>\n<meta name=\"author\" content=\"Nexo Informativo\" \/>\n<meta name=\"twitter:card\" content=\"summary_large_image\" \/>\n<meta name=\"twitter:label1\" content=\"Escrito por\" \/>\n\t<meta name=\"twitter:data1\" content=\"Nexo Informativo\" \/>\n\t<meta name=\"twitter:label2\" content=\"Tiempo de lectura\" \/>\n\t<meta name=\"twitter:data2\" content=\"2 minutos\" \/>\n<script type=\"application\/ld+json\" class=\"yoast-schema-graph\">{\"@context\":\"https:\/\/schema.org\",\"@graph\":[{\"@type\":\"Article\",\"@id\":\"https:\/\/www.nexoinformativo.mx\/index.php\/2025\/04\/23\/conalep-fomenta-deporte-y-talento-con-estrategia-vive-saludable-vive-feliz-en-sus-313-planteles\/#article\",\"isPartOf\":{\"@id\":\"https:\/\/www.nexoinformativo.mx\/index.php\/2025\/04\/23\/conalep-fomenta-deporte-y-talento-con-estrategia-vive-saludable-vive-feliz-en-sus-313-planteles\/\"},\"author\":{\"name\":\"Nexo Informativo\",\"@id\":\"https:\/\/www.nexoinformativo.mx\/#\/schema\/person\/7749d380ba08c8ca00d7bc76fd907b7d\"},\"headline\":\"Conalep fomenta deporte y talento con estrategia &#8220;Vive Saludable, Vive Feliz&#8221; en sus 313 Planteles\",\"datePublished\":\"2025-04-23T14:00:14+00:00\",\"dateModified\":\"2025-04-23T23:58:56+00:00\",\"mainEntityOfPage\":{\"@id\":\"https:\/\/www.nexoinformativo.mx\/index.php\/2025\/04\/23\/conalep-fomenta-deporte-y-talento-con-estrategia-vive-saludable-vive-feliz-en-sus-313-planteles\/\"},\"wordCount\":388,\"commentCount\":0,\"publisher\":{\"@id\":\"https:\/\/www.nexoinformativo.mx\/#organization\"},\"image\":{\"@id\":\"https:\/\/www.nexoinformativo.mx\/index.php\/2025\/04\/23\/conalep-fomenta-deporte-y-talento-con-estrategia-vive-saludable-vive-feliz-en-sus-313-planteles\/#primaryimage\"},\"thumbnailUrl\":\"https:\/\/www.nexoinformativo.mx\/wp-content\/uploads\/2025\/04\/IMG_2484.jpg\",\"keywords\":[\"BoxeoConalep\",\"ConalepDeportivo\",\"TalentoConalep\",\"ViveSaludable\"],\"articleSection\":[\"Nacional\",\"\u00daltima Hora\"],\"inLanguage\":\"es\",\"potentialAction\":[{\"@type\":\"CommentAction\",\"name\":\"Comment\",\"target\":[\"https:\/\/www.nexoinformativo.mx\/index.php\/2025\/04\/23\/conalep-fomenta-deporte-y-talento-con-estrategia-vive-saludable-vive-feliz-en-sus-313-planteles\/#respond\"]}]},{\"@type\":\"WebPage\",\"@id\":\"https:\/\/www.nexoinformativo.mx\/index.php\/2025\/04\/23\/conalep-fomenta-deporte-y-talento-con-estrategia-vive-saludable-vive-feliz-en-sus-313-planteles\/\",\"url\":\"https:\/\/www.nexoinformativo.mx\/index.php\/2025\/04\/23\/conalep-fomenta-deporte-y-talento-con-estrategia-vive-saludable-vive-feliz-en-sus-313-planteles\/\",\"name\":\"Conalep fomenta deporte y talento con estrategia \\\"Vive Saludable, Vive Feliz\\\" en sus 313 Planteles | Nexo Informativo Santiago de Quer\u00e9taro\",\"isPartOf\":{\"@id\":\"https:\/\/www.nexoinformativo.mx\/#website\"},\"primaryImageOfPage\":{\"@id\":\"https:\/\/www.nexoinformativo.mx\/index.php\/2025\/04\/23\/conalep-fomenta-deporte-y-talento-con-estrategia-vive-saludable-vive-feliz-en-sus-313-planteles\/#primaryimage\"},\"image\":{\"@id\":\"https:\/\/www.nexoinformativo.mx\/index.php\/2025\/04\/23\/conalep-fomenta-deporte-y-talento-con-estrategia-vive-saludable-vive-feliz-en-sus-313-planteles\/#primaryimage\"},\"thumbnailUrl\":\"https:\/\/www.nexoinformativo.mx\/wp-content\/uploads\/2025\/04\/IMG_2484.jpg\",\"datePublished\":\"2025-04-23T14:00:14+00:00\",\"dateModified\":\"2025-04-23T23:58:56+00:00\",\"description\":\"Conalep fomenta deporte y talento con estrategia \\\"Vive Saludable, Vive Feliz\\\" en sus 313 Planteles\",\"breadcrumb\":{\"@id\":\"https:\/\/www.nexoinformativo.mx\/index.php\/2025\/04\/23\/conalep-fomenta-deporte-y-talento-con-estrategia-vive-saludable-vive-feliz-en-sus-313-planteles\/#breadcrumb\"},\"inLanguage\":\"es\",\"potentialAction\":[{\"@type\":\"ReadAction\",\"target\":[\"https:\/\/www.nexoinformativo.mx\/index.php\/2025\/04\/23\/conalep-fomenta-deporte-y-talento-con-estrategia-vive-saludable-vive-feliz-en-sus-313-planteles\/\"]}]},{\"@type\":\"ImageObject\",\"inLanguage\":\"es\",\"@id\":\"https:\/\/www.nexoinformativo.mx\/index.php\/2025\/04\/23\/conalep-fomenta-deporte-y-talento-con-estrategia-vive-saludable-vive-feliz-en-sus-313-planteles\/#primaryimage\",\"url\":\"https:\/\/www.nexoinformativo.mx\/wp-content\/uploads\/2025\/04\/IMG_2484.jpg\",\"contentUrl\":\"https:\/\/www.nexoinformativo.mx\/wp-content\/uploads\/2025\/04\/IMG_2484.jpg\",\"width\":650,\"height\":380},{\"@type\":\"BreadcrumbList\",\"@id\":\"https:\/\/www.nexoinformativo.mx\/index.php\/2025\/04\/23\/conalep-fomenta-deporte-y-talento-con-estrategia-vive-saludable-vive-feliz-en-sus-313-planteles\/#breadcrumb\",\"itemListElement\":[{\"@type\":\"ListItem\",\"position\":1,\"name\":\"Inicio\",\"item\":\"https:\/\/www.nexoinformativo.mx\/\"},{\"@type\":\"ListItem\",\"position\":2,\"name\":\"Conalep fomenta deporte y talento con estrategia &#8220;Vive Saludable, Vive Feliz&#8221; en sus 313 Planteles\"}]},{\"@type\":\"WebSite\",\"@id\":\"https:\/\/www.nexoinformativo.mx\/#website\",\"url\":\"https:\/\/www.nexoinformativo.mx\/\",\"name\":\"Nexo Informativo Santiago de Quer\u00e9taro\",\"description\":\"Explora NexoInformativo y convi\u00e9rtete en parte de una comunidad que valora el conocimiento y la verdad. Tu nexoinformativo es tu puente hacia una comprensi\u00f3n m\u00e1s profunda del mundo que te rodea.\",\"publisher\":{\"@id\":\"https:\/\/www.nexoinformativo.mx\/#organization\"},\"potentialAction\":[{\"@type\":\"SearchAction\",\"target\":{\"@type\":\"EntryPoint\",\"urlTemplate\":\"https:\/\/www.nexoinformativo.mx\/?s={search_term_string}\"},\"query-input\":{\"@type\":\"PropertyValueSpecification\",\"valueRequired\":true,\"valueName\":\"search_term_string\"}}],\"inLanguage\":\"es\"},{\"@type\":\"Organization\",\"@id\":\"https:\/\/www.nexoinformativo.mx\/#organization\",\"name\":\"Nexo Informativo Santiago de Quer\u00e9taro\",\"url\":\"https:\/\/www.nexoinformativo.mx\/\",\"logo\":{\"@type\":\"ImageObject\",\"inLanguage\":\"es\",\"@id\":\"https:\/\/www.nexoinformativo.mx\/#\/schema\/logo\/image\/\",\"url\":\"https:\/\/www.nexoinformativo.mx\/wp-content\/uploads\/2024\/07\/nexoi-trasparente-2.png\",\"contentUrl\":\"https:\/\/www.nexoinformativo.mx\/wp-content\/uploads\/2024\/07\/nexoi-trasparente-2.png\",\"width\":816,\"height\":339,\"caption\":\"Nexo Informativo Santiago de Quer\u00e9taro\"},\"image\":{\"@id\":\"https:\/\/www.nexoinformativo.mx\/#\/schema\/logo\/image\/\"},\"sameAs\":[\"https:\/\/www.facebook.com\/people\/Nexo-Informativo\/61564066885511\/\"]},{\"@type\":\"Person\",\"@id\":\"https:\/\/www.nexoinformativo.mx\/#\/schema\/person\/7749d380ba08c8ca00d7bc76fd907b7d\",\"name\":\"Nexo Informativo\",\"image\":{\"@type\":\"ImageObject\",\"inLanguage\":\"es\",\"@id\":\"https:\/\/www.nexoinformativo.mx\/#\/schema\/person\/image\/\",\"url\":\"https:\/\/secure.gravatar.com\/avatar\/dde2928154642a13d95f87ddf1ea9718fe2b46760a005c53e41ff5ad610704e6?s=96&d=mm&r=g\",\"contentUrl\":\"https:\/\/secure.gravatar.com\/avatar\/dde2928154642a13d95f87ddf1ea9718fe2b46760a005c53e41ff5ad610704e6?s=96&d=mm&r=g\",\"caption\":\"Nexo Informativo\"},\"url\":\"https:\/\/www.nexoinformativo.mx\/index.php\/author\/edicion\/\"}]}<\/script>\n<!-- \/ Yoast SEO plugin. -->","yoast_head_json":{"title":"Conalep fomenta deporte y talento con estrategia \"Vive Saludable, Vive Feliz\" en sus 313 Planteles | Nexo Informativo Santiago de Quer\u00e9taro","description":"Conalep fomenta deporte y talento con estrategia \"Vive Saludable, Vive Feliz\" en sus 313 Planteles","robots":{"index":"index","follow":"follow","max-snippet":"max-snippet:-1","max-image-preview":"max-image-preview:large","max-video-preview":"max-video-preview:-1"},"canonical":"https:\/\/www.nexoinformativo.mx\/index.php\/2025\/04\/23\/conalep-fomenta-deporte-y-talento-con-estrategia-vive-saludable-vive-feliz-en-sus-313-planteles\/","og_locale":"es_MX","og_type":"article","og_title":"Conalep fomenta deporte y talento con estrategia \"Vive Saludable, Vive Feliz\" en sus 313 Planteles | Nexo Informativo Santiago de Quer\u00e9taro","og_description":"Conalep fomenta deporte y talento con estrategia \"Vive Saludable, Vive Feliz\" en sus 313 Planteles","og_url":"https:\/\/www.nexoinformativo.mx\/index.php\/2025\/04\/23\/conalep-fomenta-deporte-y-talento-con-estrategia-vive-saludable-vive-feliz-en-sus-313-planteles\/","og_site_name":"Nexo Informativo Santiago de Quer\u00e9taro","article_publisher":"https:\/\/www.facebook.com\/people\/Nexo-Informativo\/61564066885511\/","article_published_time":"2025-04-23T14:00:14+00:00","article_modified_time":"2025-04-23T23:58:56+00:00","og_image":[{"width":650,"height":380,"url":"https:\/\/www.nexoinformativo.mx\/wp-content\/uploads\/2025\/04\/IMG_2484.jpg","type":"image\/jpeg"}],"author":"Nexo Informativo","twitter_card":"summary_large_image","twitter_misc":{"Escrito por":"Nexo Informativo","Tiempo de lectura":"2 minutos"},"schema":{"@context":"https:\/\/schema.org","@graph":[{"@type":"Article","@id":"https:\/\/www.nexoinformativo.mx\/index.php\/2025\/04\/23\/conalep-fomenta-deporte-y-talento-con-estrategia-vive-saludable-vive-feliz-en-sus-313-planteles\/#article","isPartOf":{"@id":"https:\/\/www.nexoinformativo.mx\/index.php\/2025\/04\/23\/conalep-fomenta-deporte-y-talento-con-estrategia-vive-saludable-vive-feliz-en-sus-313-planteles\/"},"author":{"name":"Nexo Informativo","@id":"https:\/\/www.nexoinformativo.mx\/#\/schema\/person\/7749d380ba08c8ca00d7bc76fd907b7d"},"headline":"Conalep fomenta deporte y talento con estrategia &#8220;Vive Saludable, Vive Feliz&#8221; en sus 313 Planteles","datePublished":"2025-04-23T14:00:14+00:00","dateModified":"2025-04-23T23:58:56+00:00","mainEntityOfPage":{"@id":"https:\/\/www.nexoinformativo.mx\/index.php\/2025\/04\/23\/conalep-fomenta-deporte-y-talento-con-estrategia-vive-saludable-vive-feliz-en-sus-313-planteles\/"},"wordCount":388,"commentCount":0,"publisher":{"@id":"https:\/\/www.nexoinformativo.mx\/#organization"},"image":{"@id":"https:\/\/www.nexoinformativo.mx\/index.php\/2025\/04\/23\/conalep-fomenta-deporte-y-talento-con-estrategia-vive-saludable-vive-feliz-en-sus-313-planteles\/#primaryimage"},"thumbnailUrl":"https:\/\/www.nexoinformativo.mx\/wp-content\/uploads\/2025\/04\/IMG_2484.jpg","keywords":["BoxeoConalep","ConalepDeportivo","TalentoConalep","ViveSaludable"],"articleSection":["Nacional","\u00daltima Hora"],"inLanguage":"es","potentialAction":[{"@type":"CommentAction","name":"Comment","target":["https:\/\/www.nexoinformativo.mx\/index.php\/2025\/04\/23\/conalep-fomenta-deporte-y-talento-con-estrategia-vive-saludable-vive-feliz-en-sus-313-planteles\/#respond"]}]},{"@type":"WebPage","@id":"https:\/\/www.nexoinformativo.mx\/index.php\/2025\/04\/23\/conalep-fomenta-deporte-y-talento-con-estrategia-vive-saludable-vive-feliz-en-sus-313-planteles\/","url":"https:\/\/www.nexoinformativo.mx\/index.php\/2025\/04\/23\/conalep-fomenta-deporte-y-talento-con-estrategia-vive-saludable-vive-feliz-en-sus-313-planteles\/","name":"Conalep fomenta deporte y talento con estrategia \"Vive Saludable, Vive Feliz\" en sus 313 Planteles | Nexo Informativo Santiago de Quer\u00e9taro","isPartOf":{"@id":"https:\/\/www.nexoinformativo.mx\/#website"},"primaryImageOfPage":{"@id":"https:\/\/www.nexoinformativo.mx\/index.php\/2025\/04\/23\/conalep-fomenta-deporte-y-talento-con-estrategia-vive-saludable-vive-feliz-en-sus-313-planteles\/#primaryimage"},"image":{"@id":"https:\/\/www.nexoinformativo.mx\/index.php\/2025\/04\/23\/conalep-fomenta-deporte-y-talento-con-estrategia-vive-saludable-vive-feliz-en-sus-313-planteles\/#primaryimage"},"thumbnailUrl":"https:\/\/www.nexoinformativo.mx\/wp-content\/uploads\/2025\/04\/IMG_2484.jpg","datePublished":"2025-04-23T14:00:14+00:00","dateModified":"2025-04-23T23:58:56+00:00","description":"Conalep fomenta deporte y talento con estrategia \"Vive Saludable, Vive Feliz\" en sus 313 Planteles","breadcrumb":{"@id":"https:\/\/www.nexoinformativo.mx\/index.php\/2025\/04\/23\/conalep-fomenta-deporte-y-talento-con-estrategia-vive-saludable-vive-feliz-en-sus-313-planteles\/#breadcrumb"},"inLanguage":"es","potentialAction":[{"@type":"ReadAction","target":["https:\/\/www.nexoinformativo.mx\/index.php\/2025\/04\/23\/conalep-fomenta-deporte-y-talento-con-estrategia-vive-saludable-vive-feliz-en-sus-313-planteles\/"]}]},{"@type":"ImageObject","inLanguage":"es","@id":"https:\/\/www.nexoinformativo.mx\/index.php\/2025\/04\/23\/conalep-fomenta-deporte-y-talento-con-estrategia-vive-saludable-vive-feliz-en-sus-313-planteles\/#primaryimage","url":"https:\/\/www.nexoinformativo.mx\/wp-content\/uploads\/2025\/04\/IMG_2484.jpg","contentUrl":"https:\/\/www.nexoinformativo.mx\/wp-content\/uploads\/2025\/04\/IMG_2484.jpg","width":650,"height":380},{"@type":"BreadcrumbList","@id":"https:\/\/www.nexoinformativo.mx\/index.php\/2025\/04\/23\/conalep-fomenta-deporte-y-talento-con-estrategia-vive-saludable-vive-feliz-en-sus-313-planteles\/#breadcrumb","itemListElement":[{"@type":"ListItem","position":1,"name":"Inicio","item":"https:\/\/www.nexoinformativo.mx\/"},{"@type":"ListItem","position":2,"name":"Conalep fomenta deporte y talento con estrategia &#8220;Vive Saludable, Vive Feliz&#8221; en sus 313 Planteles"}]},{"@type":"WebSite","@id":"https:\/\/www.nexoinformativo.mx\/#website","url":"https:\/\/www.nexoinformativo.mx\/","name":"Nexo Informativo Santiago de Quer\u00e9taro","description":"Explora NexoInformativo y convi\u00e9rtete en parte de una comunidad que valora el conocimiento y la verdad. Tu nexoinformativo es tu puente hacia una comprensi\u00f3n m\u00e1s profunda del mundo que te rodea.","publisher":{"@id":"https:\/\/www.nexoinformativo.mx\/#organization"},"potentialAction":[{"@type":"SearchAction","target":{"@type":"EntryPoint","urlTemplate":"https:\/\/www.nexoinformativo.mx\/?s={search_term_string}"},"query-input":{"@type":"PropertyValueSpecification","valueRequired":true,"valueName":"search_term_string"}}],"inLanguage":"es"},{"@type":"Organization","@id":"https:\/\/www.nexoinformativo.mx\/#organization","name":"Nexo Informativo Santiago de Quer\u00e9taro","url":"https:\/\/www.nexoinformativo.mx\/","logo":{"@type":"ImageObject","inLanguage":"es","@id":"https:\/\/www.nexoinformativo.mx\/#\/schema\/logo\/image\/","url":"https:\/\/www.nexoinformativo.mx\/wp-content\/uploads\/2024\/07\/nexoi-trasparente-2.png","contentUrl":"https:\/\/www.nexoinformativo.mx\/wp-content\/uploads\/2024\/07\/nexoi-trasparente-2.png","width":816,"height":339,"caption":"Nexo Informativo Santiago de Quer\u00e9taro"},"image":{"@id":"https:\/\/www.nexoinformativo.mx\/#\/schema\/logo\/image\/"},"sameAs":["https:\/\/www.facebook.com\/people\/Nexo-Informativo\/61564066885511\/"]},{"@type":"Person","@id":"https:\/\/www.nexoinformativo.mx\/#\/schema\/person\/7749d380ba08c8ca00d7bc76fd907b7d","name":"Nexo Informativo","image":{"@type":"ImageObject","inLanguage":"es","@id":"https:\/\/www.nexoinformativo.mx\/#\/schema\/person\/image\/","url":"https:\/\/secure.gravatar.com\/avatar\/dde2928154642a13d95f87ddf1ea9718fe2b46760a005c53e41ff5ad610704e6?s=96&d=mm&r=g","contentUrl":"https:\/\/secure.gravatar.com\/avatar\/dde2928154642a13d95f87ddf1ea9718fe2b46760a005c53e41ff5ad610704e6?s=96&d=mm&r=g","caption":"Nexo Informativo"},"url":"https:\/\/www.nexoinformativo.mx\/index.php\/author\/edicion\/"}]}},"_links":{"self":[{"href":"https:\/\/www.nexoinformativo.mx\/index.php\/wp-json\/wp\/v2\/posts\/14427","targetHints":{"allow":["GET"]}}],"collection":[{"href":"https:\/\/www.nexoinformativo.mx\/index.php\/wp-json\/wp\/v2\/posts"}],"about":[{"href":"https:\/\/www.nexoinformativo.mx\/index.php\/wp-json\/wp\/v2\/types\/post"}],"author":[{"embeddable":true,"href":"https:\/\/www.nexoinformativo.mx\/index.php\/wp-json\/wp\/v2\/users\/3"}],"replies":[{"embeddable":true,"href":"https:\/\/www.nexoinformativo.mx\/index.php\/wp-json\/wp\/v2\/comments?post=14427"}],"version-history":[{"count":3,"href":"https:\/\/www.nexoinformativo.mx\/index.php\/wp-json\/wp\/v2\/posts\/14427\/revisions"}],"predecessor-version":[{"id":14431,"href":"https:\/\/www.nexoinformativo.mx\/index.php\/wp-json\/wp\/v2\/posts\/14427\/revisions\/14431"}],"wp:featuredmedia":[{"embeddable":true,"href":"https:\/\/www.nexoinformativo.mx\/index.php\/wp-json\/wp\/v2\/media\/14428"}],"wp:attachment":[{"href":"https:\/\/www.nexoinformativo.mx\/index.php\/wp-json\/wp\/v2\/media?parent=14427"}],"wp:term":[{"taxonomy":"category","embeddable":true,"href":"https:\/\/www.nexoinformativo.mx\/index.php\/wp-json\/wp\/v2\/categories?post=14427"},{"taxonomy":"post_tag","embeddable":true,"href":"https:\/\/www.nexoinformativo.mx\/index.php\/wp-json\/wp\/v2\/tags?post=14427"}],"curies":[{"name":"wp","href":"https:\/\/api.w.org\/{rel}","templated":true}]}}