{"id":14452,"date":"2025-04-24T07:00:43","date_gmt":"2025-04-24T13:00:43","guid":{"rendered":"https:\/\/www.nexoinformativo.mx\/?p=14452"},"modified":"2025-04-24T08:16:28","modified_gmt":"2025-04-24T14:16:28","slug":"metro-nuevo-y-en-marcha-sheinbaum-inaugura-tramo-clave-cuauhtemoc-chapultepec-de-la-linea-1","status":"publish","type":"post","link":"https:\/\/www.nexoinformativo.mx\/index.php\/2025\/04\/24\/metro-nuevo-y-en-marcha-sheinbaum-inaugura-tramo-clave-cuauhtemoc-chapultepec-de-la-linea-1\/","title":{"rendered":"Metro Nuevo y en marcha Sheinbaum inaugura tramo clave Cuauht\u00e9moc-Chapultepec de la l\u00ednea 1"},"content":{"rendered":"<p style=\"text-align: justify;\" data-sourcepos=\"11:1-11:392\">La presidenta Sheinbaum \u00a0encabez\u00f3 la inauguraci\u00f3n de la modernizaci\u00f3n de las estaciones Cuauht\u00e9moc, Sevilla, Insurgentes y Chapultepec de la Nueva L\u00ednea 1 del Sistema de Transporte Colectivo Metro de la CDMX. Reafirmando que la prioridad de la 4ta Transformaci\u00f3n es garantizar el mejor transporte para quienes menos tienen.<\/p>\n<p>&nbsp;<\/p>\n<p style=\"text-align: justify;\" data-sourcepos=\"13:1-13:473\">&#8220;Para nosotros es fundamental el transporte p\u00fablico en las ciudades, es la movilidad sustentable y adem\u00e1s lo dijimos cuando fui Jefa de Gobierno y ahora, sigue siendo nuestra visi\u00f3n, una visi\u00f3n que nos dej\u00f3 el Ex Presidente AMLO&#8221; que es \u2018<strong>Por el bien de todos, primero los pobres\u2019.<\/strong><\/p>\n<p>&nbsp;<\/p>\n<p style=\"text-align: justify;\" data-sourcepos=\"13:1-13:473\">Aqu\u00ed siempre dijimos: \u201cEl mejor transporte para el que menos tiene\u201d, y eso es la gu\u00eda que nos sigue moviendo, asegur\u00f3 Sheinbaum antes del corte del list\u00f3n inaugural.<\/p>\n<p>&nbsp;<\/p>\n<p style=\"text-align: justify;\" data-sourcepos=\"15:1-15:237\">La presidenta anunci\u00f3 que a finales de agosto o principios de septiembre, la Nueva L\u00ednea 1 del Metro entrar\u00e1 en su fase de pruebas hasta la estaci\u00f3n Observatorio, marcando un avance significativo en la modernizaci\u00f3n integral de la l\u00ednea.<\/p>\n<p>&nbsp;<\/p>\n<p style=\"text-align: justify;\" data-sourcepos=\"17:1-17:436\">Inform\u00f3 que esta obra forma parte de un Programa Integral de Movilidad para la Zona Metropolitana del Valle de M\u00e9xico, que incluye la construcci\u00f3n de una cuarta l\u00ednea del cable bus que conectar\u00e1 Tlalpan con la estaci\u00f3n Ciudad Universitaria de la L\u00ednea 3 del Metro.<\/p>\n<p>&nbsp;<\/p>\n<p style=\"text-align: justify;\" data-sourcepos=\"19:1-19:259\">Otros proyectos contemplados son la ampliaci\u00f3n del Tren Insurgente hasta Observatorio, la extensi\u00f3n de las L\u00edneas 12 y 9 del Metro, y los trabajos de nivelaci\u00f3n de la L\u00ednea A, as\u00ed como nuevos Cable buses y la ampliaci\u00f3n del Tren Elevado en el Estado de M\u00e9xico.<\/p>\n<p>&nbsp;<\/p>\n<p style=\"text-align: justify;\" data-sourcepos=\"21:1-21:537\">Detall\u00f3 que la modernizaci\u00f3n incluy\u00f3 la renovaci\u00f3n del t\u00fanel, v\u00edas, sistemas el\u00e9ctricos, electr\u00f3nicos e hidr\u00e1ulicos, subestaciones el\u00e9ctricas, se\u00f1alizaci\u00f3n, telecomunicaciones y el sistema de recaudo, adem\u00e1s de la instalaci\u00f3n de m\u00e1s de 3 mil videoc\u00e1maras, el aumento de trenes y la mejora de la accesibilidad.<\/p>\n<p>&nbsp;<\/p>\n<p style=\"text-align: justify;\" data-sourcepos=\"23:1-23:566\">El director general del Metro, Guillermo Calder\u00f3n, explic\u00f3 que la rehabilitaci\u00f3n del tramo inaugurado abarca 4 kil\u00f3metros y extiende el servicio desde Balderas hasta Chapultepec, incluyendo la remodelaci\u00f3n de las cuatro estaciones.<\/p>\n<p>&nbsp;<\/p>\n<p style=\"text-align: justify;\" data-sourcepos=\"23:1-23:566\">Con esta fase, 17 de las 20 estaciones de la L\u00ednea 1 est\u00e1n en operaci\u00f3n, cubriendo el 85% del servicio y permitiendo transportar a cerca de 500 mil usuarios al d\u00eda. Se incorporar\u00e1n 29 nuevos trenes que consumir\u00e1n un 35% menos de energ\u00eda y reducir\u00e1n el tiempo de traslado Pantitl\u00e1n-Chapultepec a 40 minutos, un ahorro del 40%.<\/p>\n<p>&nbsp;<\/p>\n<p style=\"text-align: center;\" data-sourcepos=\"23:1-23:566\"><em><strong>\u00a1Informaci\u00f3n que transforma!<\/strong><\/em><\/p>\n","protected":false},"excerpt":{"rendered":"<p>La presidenta Sheinbaum \u00a0encabez\u00f3 la inauguraci\u00f3n de la modernizaci\u00f3n de las estaciones Cuauht\u00e9moc, Sevilla, Insurgentes y Chapultepec de la Nueva L\u00ednea 1 del Sistema de Transporte Colectivo Metro de la Ciudad de M\u00e9xico. En el evento, reafirm\u00f3 que la prioridad de la 4ta Transformaci\u00f3n es garantizar el mejor transporte para quienes menos tienen.<\/p>\n","protected":false},"author":3,"featured_media":14454,"comment_status":"open","ping_status":"open","sticky":false,"template":"","format":"standard","meta":{"footnotes":""},"categories":[5,88,58],"tags":[4273,4274,4272,1256],"class_list":["post-14452","post","type-post","status-publish","format-standard","has-post-thumbnail","hentry","category-economia","category-nacional","category-ultima-hora","tag-metrocdmx","tag-movilidadcdmx","tag-nuevalinea1","tag-sheinbaum"],"yoast_head":"<!-- This site is optimized with the Yoast SEO plugin v25.0 - https:\/\/yoast.com\/wordpress\/plugins\/seo\/ -->\n<title>Metro Nuevo y en marcha Sheinbaum inaugura tramo clave Cuauht\u00e9moc-Chapultepec de la l\u00ednea 1 | Nexo Informativo Santiago de Quer\u00e9taro<\/title>\n<meta name=\"description\" content=\"Metro Nuevo y en marcha Sheinbaum inaugura tramo clave Cuauht\u00e9moc-Chapultepec de la l\u00ednea 1\" \/>\n<meta name=\"robots\" content=\"index, follow, max-snippet:-1, max-image-preview:large, max-video-preview:-1\" \/>\n<link rel=\"canonical\" href=\"https:\/\/www.nexoinformativo.mx\/index.php\/2025\/04\/24\/metro-nuevo-y-en-marcha-sheinbaum-inaugura-tramo-clave-cuauhtemoc-chapultepec-de-la-linea-1\/\" \/>\n<meta property=\"og:locale\" content=\"es_MX\" \/>\n<meta property=\"og:type\" content=\"article\" \/>\n<meta property=\"og:title\" content=\"Metro Nuevo y en marcha Sheinbaum inaugura tramo clave Cuauht\u00e9moc-Chapultepec de la l\u00ednea 1 | Nexo Informativo Santiago de Quer\u00e9taro\" \/>\n<meta property=\"og:description\" content=\"Metro Nuevo y en marcha Sheinbaum inaugura tramo clave Cuauht\u00e9moc-Chapultepec de la l\u00ednea 1\" \/>\n<meta property=\"og:url\" content=\"https:\/\/www.nexoinformativo.mx\/index.php\/2025\/04\/24\/metro-nuevo-y-en-marcha-sheinbaum-inaugura-tramo-clave-cuauhtemoc-chapultepec-de-la-linea-1\/\" \/>\n<meta property=\"og:site_name\" content=\"Nexo Informativo Santiago de Quer\u00e9taro\" \/>\n<meta property=\"article:publisher\" content=\"https:\/\/www.facebook.com\/people\/Nexo-Informativo\/61564066885511\/\" \/>\n<meta property=\"article:published_time\" content=\"2025-04-24T13:00:43+00:00\" \/>\n<meta property=\"article:modified_time\" content=\"2025-04-24T14:16:28+00:00\" \/>\n<meta property=\"og:image\" content=\"https:\/\/www.nexoinformativo.mx\/wp-content\/uploads\/2025\/04\/IMG_2535.jpg\" \/>\n\t<meta property=\"og:image:width\" content=\"650\" \/>\n\t<meta property=\"og:image:height\" content=\"380\" \/>\n\t<meta property=\"og:image:type\" content=\"image\/jpeg\" \/>\n<meta name=\"author\" content=\"Nexo Informativo\" \/>\n<meta name=\"twitter:card\" content=\"summary_large_image\" \/>\n<meta name=\"twitter:label1\" content=\"Escrito por\" \/>\n\t<meta name=\"twitter:data1\" content=\"Nexo Informativo\" \/>\n\t<meta name=\"twitter:label2\" content=\"Tiempo de lectura\" \/>\n\t<meta name=\"twitter:data2\" content=\"2 minutos\" \/>\n<script type=\"application\/ld+json\" class=\"yoast-schema-graph\">{\"@context\":\"https:\/\/schema.org\",\"@graph\":[{\"@type\":\"Article\",\"@id\":\"https:\/\/www.nexoinformativo.mx\/index.php\/2025\/04\/24\/metro-nuevo-y-en-marcha-sheinbaum-inaugura-tramo-clave-cuauhtemoc-chapultepec-de-la-linea-1\/#article\",\"isPartOf\":{\"@id\":\"https:\/\/www.nexoinformativo.mx\/index.php\/2025\/04\/24\/metro-nuevo-y-en-marcha-sheinbaum-inaugura-tramo-clave-cuauhtemoc-chapultepec-de-la-linea-1\/\"},\"author\":{\"name\":\"Nexo Informativo\",\"@id\":\"https:\/\/www.nexoinformativo.mx\/#\/schema\/person\/7749d380ba08c8ca00d7bc76fd907b7d\"},\"headline\":\"Metro Nuevo y en marcha Sheinbaum inaugura tramo clave Cuauht\u00e9moc-Chapultepec de la l\u00ednea 1\",\"datePublished\":\"2025-04-24T13:00:43+00:00\",\"dateModified\":\"2025-04-24T14:16:28+00:00\",\"mainEntityOfPage\":{\"@id\":\"https:\/\/www.nexoinformativo.mx\/index.php\/2025\/04\/24\/metro-nuevo-y-en-marcha-sheinbaum-inaugura-tramo-clave-cuauhtemoc-chapultepec-de-la-linea-1\/\"},\"wordCount\":453,\"commentCount\":0,\"publisher\":{\"@id\":\"https:\/\/www.nexoinformativo.mx\/#organization\"},\"image\":{\"@id\":\"https:\/\/www.nexoinformativo.mx\/index.php\/2025\/04\/24\/metro-nuevo-y-en-marcha-sheinbaum-inaugura-tramo-clave-cuauhtemoc-chapultepec-de-la-linea-1\/#primaryimage\"},\"thumbnailUrl\":\"https:\/\/www.nexoinformativo.mx\/wp-content\/uploads\/2025\/04\/IMG_2535.jpg\",\"keywords\":[\"MetroCDMX\",\"MovilidadCDMX\",\"NuevaL\u00ednea1\",\"Sheinbaum\"],\"articleSection\":[\"Econom\u00eda\",\"Nacional\",\"\u00daltima Hora\"],\"inLanguage\":\"es\",\"potentialAction\":[{\"@type\":\"CommentAction\",\"name\":\"Comment\",\"target\":[\"https:\/\/www.nexoinformativo.mx\/index.php\/2025\/04\/24\/metro-nuevo-y-en-marcha-sheinbaum-inaugura-tramo-clave-cuauhtemoc-chapultepec-de-la-linea-1\/#respond\"]}]},{\"@type\":\"WebPage\",\"@id\":\"https:\/\/www.nexoinformativo.mx\/index.php\/2025\/04\/24\/metro-nuevo-y-en-marcha-sheinbaum-inaugura-tramo-clave-cuauhtemoc-chapultepec-de-la-linea-1\/\",\"url\":\"https:\/\/www.nexoinformativo.mx\/index.php\/2025\/04\/24\/metro-nuevo-y-en-marcha-sheinbaum-inaugura-tramo-clave-cuauhtemoc-chapultepec-de-la-linea-1\/\",\"name\":\"Metro Nuevo y en marcha Sheinbaum inaugura tramo clave Cuauht\u00e9moc-Chapultepec de la l\u00ednea 1 | Nexo Informativo Santiago de Quer\u00e9taro\",\"isPartOf\":{\"@id\":\"https:\/\/www.nexoinformativo.mx\/#website\"},\"primaryImageOfPage\":{\"@id\":\"https:\/\/www.nexoinformativo.mx\/index.php\/2025\/04\/24\/metro-nuevo-y-en-marcha-sheinbaum-inaugura-tramo-clave-cuauhtemoc-chapultepec-de-la-linea-1\/#primaryimage\"},\"image\":{\"@id\":\"https:\/\/www.nexoinformativo.mx\/index.php\/2025\/04\/24\/metro-nuevo-y-en-marcha-sheinbaum-inaugura-tramo-clave-cuauhtemoc-chapultepec-de-la-linea-1\/#primaryimage\"},\"thumbnailUrl\":\"https:\/\/www.nexoinformativo.mx\/wp-content\/uploads\/2025\/04\/IMG_2535.jpg\",\"datePublished\":\"2025-04-24T13:00:43+00:00\",\"dateModified\":\"2025-04-24T14:16:28+00:00\",\"description\":\"Metro Nuevo y en marcha Sheinbaum inaugura tramo clave Cuauht\u00e9moc-Chapultepec de la l\u00ednea 1\",\"breadcrumb\":{\"@id\":\"https:\/\/www.nexoinformativo.mx\/index.php\/2025\/04\/24\/metro-nuevo-y-en-marcha-sheinbaum-inaugura-tramo-clave-cuauhtemoc-chapultepec-de-la-linea-1\/#breadcrumb\"},\"inLanguage\":\"es\",\"potentialAction\":[{\"@type\":\"ReadAction\",\"target\":[\"https:\/\/www.nexoinformativo.mx\/index.php\/2025\/04\/24\/metro-nuevo-y-en-marcha-sheinbaum-inaugura-tramo-clave-cuauhtemoc-chapultepec-de-la-linea-1\/\"]}]},{\"@type\":\"ImageObject\",\"inLanguage\":\"es\",\"@id\":\"https:\/\/www.nexoinformativo.mx\/index.php\/2025\/04\/24\/metro-nuevo-y-en-marcha-sheinbaum-inaugura-tramo-clave-cuauhtemoc-chapultepec-de-la-linea-1\/#primaryimage\",\"url\":\"https:\/\/www.nexoinformativo.mx\/wp-content\/uploads\/2025\/04\/IMG_2535.jpg\",\"contentUrl\":\"https:\/\/www.nexoinformativo.mx\/wp-content\/uploads\/2025\/04\/IMG_2535.jpg\",\"width\":650,\"height\":380},{\"@type\":\"BreadcrumbList\",\"@id\":\"https:\/\/www.nexoinformativo.mx\/index.php\/2025\/04\/24\/metro-nuevo-y-en-marcha-sheinbaum-inaugura-tramo-clave-cuauhtemoc-chapultepec-de-la-linea-1\/#breadcrumb\",\"itemListElement\":[{\"@type\":\"ListItem\",\"position\":1,\"name\":\"Inicio\",\"item\":\"https:\/\/www.nexoinformativo.mx\/\"},{\"@type\":\"ListItem\",\"position\":2,\"name\":\"Metro Nuevo y en marcha Sheinbaum inaugura tramo clave Cuauht\u00e9moc-Chapultepec de la l\u00ednea 1\"}]},{\"@type\":\"WebSite\",\"@id\":\"https:\/\/www.nexoinformativo.mx\/#website\",\"url\":\"https:\/\/www.nexoinformativo.mx\/\",\"name\":\"Nexo Informativo Santiago de Quer\u00e9taro\",\"description\":\"Explora NexoInformativo y convi\u00e9rtete en parte de una comunidad que valora el conocimiento y la verdad. Tu nexoinformativo es tu puente hacia una comprensi\u00f3n m\u00e1s profunda del mundo que te rodea.\",\"publisher\":{\"@id\":\"https:\/\/www.nexoinformativo.mx\/#organization\"},\"potentialAction\":[{\"@type\":\"SearchAction\",\"target\":{\"@type\":\"EntryPoint\",\"urlTemplate\":\"https:\/\/www.nexoinformativo.mx\/?s={search_term_string}\"},\"query-input\":{\"@type\":\"PropertyValueSpecification\",\"valueRequired\":true,\"valueName\":\"search_term_string\"}}],\"inLanguage\":\"es\"},{\"@type\":\"Organization\",\"@id\":\"https:\/\/www.nexoinformativo.mx\/#organization\",\"name\":\"Nexo Informativo Santiago de Quer\u00e9taro\",\"url\":\"https:\/\/www.nexoinformativo.mx\/\",\"logo\":{\"@type\":\"ImageObject\",\"inLanguage\":\"es\",\"@id\":\"https:\/\/www.nexoinformativo.mx\/#\/schema\/logo\/image\/\",\"url\":\"https:\/\/www.nexoinformativo.mx\/wp-content\/uploads\/2024\/07\/nexoi-trasparente-2.png\",\"contentUrl\":\"https:\/\/www.nexoinformativo.mx\/wp-content\/uploads\/2024\/07\/nexoi-trasparente-2.png\",\"width\":816,\"height\":339,\"caption\":\"Nexo Informativo Santiago de Quer\u00e9taro\"},\"image\":{\"@id\":\"https:\/\/www.nexoinformativo.mx\/#\/schema\/logo\/image\/\"},\"sameAs\":[\"https:\/\/www.facebook.com\/people\/Nexo-Informativo\/61564066885511\/\"]},{\"@type\":\"Person\",\"@id\":\"https:\/\/www.nexoinformativo.mx\/#\/schema\/person\/7749d380ba08c8ca00d7bc76fd907b7d\",\"name\":\"Nexo Informativo\",\"image\":{\"@type\":\"ImageObject\",\"inLanguage\":\"es\",\"@id\":\"https:\/\/www.nexoinformativo.mx\/#\/schema\/person\/image\/\",\"url\":\"https:\/\/secure.gravatar.com\/avatar\/dde2928154642a13d95f87ddf1ea9718fe2b46760a005c53e41ff5ad610704e6?s=96&d=mm&r=g\",\"contentUrl\":\"https:\/\/secure.gravatar.com\/avatar\/dde2928154642a13d95f87ddf1ea9718fe2b46760a005c53e41ff5ad610704e6?s=96&d=mm&r=g\",\"caption\":\"Nexo Informativo\"},\"url\":\"https:\/\/www.nexoinformativo.mx\/index.php\/author\/edicion\/\"}]}<\/script>\n<!-- \/ Yoast SEO plugin. -->","yoast_head_json":{"title":"Metro Nuevo y en marcha Sheinbaum inaugura tramo clave Cuauht\u00e9moc-Chapultepec de la l\u00ednea 1 | Nexo Informativo Santiago de Quer\u00e9taro","description":"Metro Nuevo y en marcha Sheinbaum inaugura tramo clave Cuauht\u00e9moc-Chapultepec de la l\u00ednea 1","robots":{"index":"index","follow":"follow","max-snippet":"max-snippet:-1","max-image-preview":"max-image-preview:large","max-video-preview":"max-video-preview:-1"},"canonical":"https:\/\/www.nexoinformativo.mx\/index.php\/2025\/04\/24\/metro-nuevo-y-en-marcha-sheinbaum-inaugura-tramo-clave-cuauhtemoc-chapultepec-de-la-linea-1\/","og_locale":"es_MX","og_type":"article","og_title":"Metro Nuevo y en marcha Sheinbaum inaugura tramo clave Cuauht\u00e9moc-Chapultepec de la l\u00ednea 1 | Nexo Informativo Santiago de Quer\u00e9taro","og_description":"Metro Nuevo y en marcha Sheinbaum inaugura tramo clave Cuauht\u00e9moc-Chapultepec de la l\u00ednea 1","og_url":"https:\/\/www.nexoinformativo.mx\/index.php\/2025\/04\/24\/metro-nuevo-y-en-marcha-sheinbaum-inaugura-tramo-clave-cuauhtemoc-chapultepec-de-la-linea-1\/","og_site_name":"Nexo Informativo Santiago de Quer\u00e9taro","article_publisher":"https:\/\/www.facebook.com\/people\/Nexo-Informativo\/61564066885511\/","article_published_time":"2025-04-24T13:00:43+00:00","article_modified_time":"2025-04-24T14:16:28+00:00","og_image":[{"width":650,"height":380,"url":"https:\/\/www.nexoinformativo.mx\/wp-content\/uploads\/2025\/04\/IMG_2535.jpg","type":"image\/jpeg"}],"author":"Nexo Informativo","twitter_card":"summary_large_image","twitter_misc":{"Escrito por":"Nexo Informativo","Tiempo de lectura":"2 minutos"},"schema":{"@context":"https:\/\/schema.org","@graph":[{"@type":"Article","@id":"https:\/\/www.nexoinformativo.mx\/index.php\/2025\/04\/24\/metro-nuevo-y-en-marcha-sheinbaum-inaugura-tramo-clave-cuauhtemoc-chapultepec-de-la-linea-1\/#article","isPartOf":{"@id":"https:\/\/www.nexoinformativo.mx\/index.php\/2025\/04\/24\/metro-nuevo-y-en-marcha-sheinbaum-inaugura-tramo-clave-cuauhtemoc-chapultepec-de-la-linea-1\/"},"author":{"name":"Nexo Informativo","@id":"https:\/\/www.nexoinformativo.mx\/#\/schema\/person\/7749d380ba08c8ca00d7bc76fd907b7d"},"headline":"Metro Nuevo y en marcha Sheinbaum inaugura tramo clave Cuauht\u00e9moc-Chapultepec de la l\u00ednea 1","datePublished":"2025-04-24T13:00:43+00:00","dateModified":"2025-04-24T14:16:28+00:00","mainEntityOfPage":{"@id":"https:\/\/www.nexoinformativo.mx\/index.php\/2025\/04\/24\/metro-nuevo-y-en-marcha-sheinbaum-inaugura-tramo-clave-cuauhtemoc-chapultepec-de-la-linea-1\/"},"wordCount":453,"commentCount":0,"publisher":{"@id":"https:\/\/www.nexoinformativo.mx\/#organization"},"image":{"@id":"https:\/\/www.nexoinformativo.mx\/index.php\/2025\/04\/24\/metro-nuevo-y-en-marcha-sheinbaum-inaugura-tramo-clave-cuauhtemoc-chapultepec-de-la-linea-1\/#primaryimage"},"thumbnailUrl":"https:\/\/www.nexoinformativo.mx\/wp-content\/uploads\/2025\/04\/IMG_2535.jpg","keywords":["MetroCDMX","MovilidadCDMX","NuevaL\u00ednea1","Sheinbaum"],"articleSection":["Econom\u00eda","Nacional","\u00daltima Hora"],"inLanguage":"es","potentialAction":[{"@type":"CommentAction","name":"Comment","target":["https:\/\/www.nexoinformativo.mx\/index.php\/2025\/04\/24\/metro-nuevo-y-en-marcha-sheinbaum-inaugura-tramo-clave-cuauhtemoc-chapultepec-de-la-linea-1\/#respond"]}]},{"@type":"WebPage","@id":"https:\/\/www.nexoinformativo.mx\/index.php\/2025\/04\/24\/metro-nuevo-y-en-marcha-sheinbaum-inaugura-tramo-clave-cuauhtemoc-chapultepec-de-la-linea-1\/","url":"https:\/\/www.nexoinformativo.mx\/index.php\/2025\/04\/24\/metro-nuevo-y-en-marcha-sheinbaum-inaugura-tramo-clave-cuauhtemoc-chapultepec-de-la-linea-1\/","name":"Metro Nuevo y en marcha Sheinbaum inaugura tramo clave Cuauht\u00e9moc-Chapultepec de la l\u00ednea 1 | Nexo Informativo Santiago de Quer\u00e9taro","isPartOf":{"@id":"https:\/\/www.nexoinformativo.mx\/#website"},"primaryImageOfPage":{"@id":"https:\/\/www.nexoinformativo.mx\/index.php\/2025\/04\/24\/metro-nuevo-y-en-marcha-sheinbaum-inaugura-tramo-clave-cuauhtemoc-chapultepec-de-la-linea-1\/#primaryimage"},"image":{"@id":"https:\/\/www.nexoinformativo.mx\/index.php\/2025\/04\/24\/metro-nuevo-y-en-marcha-sheinbaum-inaugura-tramo-clave-cuauhtemoc-chapultepec-de-la-linea-1\/#primaryimage"},"thumbnailUrl":"https:\/\/www.nexoinformativo.mx\/wp-content\/uploads\/2025\/04\/IMG_2535.jpg","datePublished":"2025-04-24T13:00:43+00:00","dateModified":"2025-04-24T14:16:28+00:00","description":"Metro Nuevo y en marcha Sheinbaum inaugura tramo clave Cuauht\u00e9moc-Chapultepec de la l\u00ednea 1","breadcrumb":{"@id":"https:\/\/www.nexoinformativo.mx\/index.php\/2025\/04\/24\/metro-nuevo-y-en-marcha-sheinbaum-inaugura-tramo-clave-cuauhtemoc-chapultepec-de-la-linea-1\/#breadcrumb"},"inLanguage":"es","potentialAction":[{"@type":"ReadAction","target":["https:\/\/www.nexoinformativo.mx\/index.php\/2025\/04\/24\/metro-nuevo-y-en-marcha-sheinbaum-inaugura-tramo-clave-cuauhtemoc-chapultepec-de-la-linea-1\/"]}]},{"@type":"ImageObject","inLanguage":"es","@id":"https:\/\/www.nexoinformativo.mx\/index.php\/2025\/04\/24\/metro-nuevo-y-en-marcha-sheinbaum-inaugura-tramo-clave-cuauhtemoc-chapultepec-de-la-linea-1\/#primaryimage","url":"https:\/\/www.nexoinformativo.mx\/wp-content\/uploads\/2025\/04\/IMG_2535.jpg","contentUrl":"https:\/\/www.nexoinformativo.mx\/wp-content\/uploads\/2025\/04\/IMG_2535.jpg","width":650,"height":380},{"@type":"BreadcrumbList","@id":"https:\/\/www.nexoinformativo.mx\/index.php\/2025\/04\/24\/metro-nuevo-y-en-marcha-sheinbaum-inaugura-tramo-clave-cuauhtemoc-chapultepec-de-la-linea-1\/#breadcrumb","itemListElement":[{"@type":"ListItem","position":1,"name":"Inicio","item":"https:\/\/www.nexoinformativo.mx\/"},{"@type":"ListItem","position":2,"name":"Metro Nuevo y en marcha Sheinbaum inaugura tramo clave Cuauht\u00e9moc-Chapultepec de la l\u00ednea 1"}]},{"@type":"WebSite","@id":"https:\/\/www.nexoinformativo.mx\/#website","url":"https:\/\/www.nexoinformativo.mx\/","name":"Nexo Informativo Santiago de Quer\u00e9taro","description":"Explora NexoInformativo y convi\u00e9rtete en parte de una comunidad que valora el conocimiento y la verdad. Tu nexoinformativo es tu puente hacia una comprensi\u00f3n m\u00e1s profunda del mundo que te rodea.","publisher":{"@id":"https:\/\/www.nexoinformativo.mx\/#organization"},"potentialAction":[{"@type":"SearchAction","target":{"@type":"EntryPoint","urlTemplate":"https:\/\/www.nexoinformativo.mx\/?s={search_term_string}"},"query-input":{"@type":"PropertyValueSpecification","valueRequired":true,"valueName":"search_term_string"}}],"inLanguage":"es"},{"@type":"Organization","@id":"https:\/\/www.nexoinformativo.mx\/#organization","name":"Nexo Informativo Santiago de Quer\u00e9taro","url":"https:\/\/www.nexoinformativo.mx\/","logo":{"@type":"ImageObject","inLanguage":"es","@id":"https:\/\/www.nexoinformativo.mx\/#\/schema\/logo\/image\/","url":"https:\/\/www.nexoinformativo.mx\/wp-content\/uploads\/2024\/07\/nexoi-trasparente-2.png","contentUrl":"https:\/\/www.nexoinformativo.mx\/wp-content\/uploads\/2024\/07\/nexoi-trasparente-2.png","width":816,"height":339,"caption":"Nexo Informativo Santiago de Quer\u00e9taro"},"image":{"@id":"https:\/\/www.nexoinformativo.mx\/#\/schema\/logo\/image\/"},"sameAs":["https:\/\/www.facebook.com\/people\/Nexo-Informativo\/61564066885511\/"]},{"@type":"Person","@id":"https:\/\/www.nexoinformativo.mx\/#\/schema\/person\/7749d380ba08c8ca00d7bc76fd907b7d","name":"Nexo Informativo","image":{"@type":"ImageObject","inLanguage":"es","@id":"https:\/\/www.nexoinformativo.mx\/#\/schema\/person\/image\/","url":"https:\/\/secure.gravatar.com\/avatar\/dde2928154642a13d95f87ddf1ea9718fe2b46760a005c53e41ff5ad610704e6?s=96&d=mm&r=g","contentUrl":"https:\/\/secure.gravatar.com\/avatar\/dde2928154642a13d95f87ddf1ea9718fe2b46760a005c53e41ff5ad610704e6?s=96&d=mm&r=g","caption":"Nexo Informativo"},"url":"https:\/\/www.nexoinformativo.mx\/index.php\/author\/edicion\/"}]}},"_links":{"self":[{"href":"https:\/\/www.nexoinformativo.mx\/index.php\/wp-json\/wp\/v2\/posts\/14452","targetHints":{"allow":["GET"]}}],"collection":[{"href":"https:\/\/www.nexoinformativo.mx\/index.php\/wp-json\/wp\/v2\/posts"}],"about":[{"href":"https:\/\/www.nexoinformativo.mx\/index.php\/wp-json\/wp\/v2\/types\/post"}],"author":[{"embeddable":true,"href":"https:\/\/www.nexoinformativo.mx\/index.php\/wp-json\/wp\/v2\/users\/3"}],"replies":[{"embeddable":true,"href":"https:\/\/www.nexoinformativo.mx\/index.php\/wp-json\/wp\/v2\/comments?post=14452"}],"version-history":[{"count":8,"href":"https:\/\/www.nexoinformativo.mx\/index.php\/wp-json\/wp\/v2\/posts\/14452\/revisions"}],"predecessor-version":[{"id":14462,"href":"https:\/\/www.nexoinformativo.mx\/index.php\/wp-json\/wp\/v2\/posts\/14452\/revisions\/14462"}],"wp:featuredmedia":[{"embeddable":true,"href":"https:\/\/www.nexoinformativo.mx\/index.php\/wp-json\/wp\/v2\/media\/14454"}],"wp:attachment":[{"href":"https:\/\/www.nexoinformativo.mx\/index.php\/wp-json\/wp\/v2\/media?parent=14452"}],"wp:term":[{"taxonomy":"category","embeddable":true,"href":"https:\/\/www.nexoinformativo.mx\/index.php\/wp-json\/wp\/v2\/categories?post=14452"},{"taxonomy":"post_tag","embeddable":true,"href":"https:\/\/www.nexoinformativo.mx\/index.php\/wp-json\/wp\/v2\/tags?post=14452"}],"curies":[{"name":"wp","href":"https:\/\/api.w.org\/{rel}","templated":true}]}}