{"id":14463,"date":"2025-04-24T07:30:34","date_gmt":"2025-04-24T13:30:34","guid":{"rendered":"https:\/\/www.nexoinformativo.mx\/?p=14463"},"modified":"2025-04-24T08:22:07","modified_gmt":"2025-04-24T14:22:07","slug":"conviertete-en-lider-digital-utc-abre-inscripciones-para-ingenieria-en-tecnologias-de-la-informacion-e-innovacion-digital","status":"publish","type":"post","link":"https:\/\/www.nexoinformativo.mx\/index.php\/2025\/04\/24\/conviertete-en-lider-digital-utc-abre-inscripciones-para-ingenieria-en-tecnologias-de-la-informacion-e-innovacion-digital\/","title":{"rendered":"Convi\u00e9rtete en l\u00edder digital UTC abre inscripciones para Ingenier\u00eda en Tecnolog\u00edas de la Informaci\u00f3n e Innovaci\u00f3n Digital"},"content":{"rendered":"<p style=\"text-align: justify;\" data-sourcepos=\"11:1-11:508\"><strong>La Universidad Tecnol\u00f3gica de Corregidora<\/strong> (UTC) lanz\u00f3 una invitaci\u00f3n a los egresados del nivel medio superior para continuar su formaci\u00f3n profesional en la Ingenier\u00eda en Tecnolog\u00edas de la Informaci\u00f3n e Innovaci\u00f3n Digital, un campo con un crecimiento exponencial y una alta demanda laboral en M\u00e9xico.<\/p>\n<\/p>\n<p>&nbsp;<\/p>\n<p style=\"text-align: justify;\" data-sourcepos=\"11:1-11:508\">Quer\u00e9taro se destaca como uno de los estados con mayor proyecci\u00f3n en la industria digital y tecnol\u00f3gica, ofreciendo amplias oportunidades tanto de empleo como de emprendimiento.<\/p>\n<\/p>\n<p>&nbsp;<\/p>\n<p style=\"text-align: justify;\" data-sourcepos=\"13:1-13:485\">El rector de la UTC, Alberto Lugo Ledesma, resalt\u00f3 que este programa educativo est\u00e1 dise\u00f1ado para formar profesionales capaces de dise\u00f1ar, desarrollar y gestionar soluciones digitales innovadoras, utilizando tecnolog\u00edas de vanguardia como la realidad aumentada y virtual, la industria de los videojuegos, el desarrollo de software y la mercadotecnia digital.<\/p>\n<\/p>\n<p>&nbsp;<\/p>\n<p style=\"text-align: justify;\" data-sourcepos=\"13:1-13:485\">Adem\u00e1s, la carrera aborda las tendencias clave en inteligencia artificial (IA), automatizaci\u00f3n, conectividad y sostenibilidad.<\/p>\n<\/p>\n<p>&nbsp;<\/p>\n<p style=\"text-align: justify;\" data-sourcepos=\"15:1-15:285\">&#8220;Es una carrera que responde directamente a las necesidades de la transformaci\u00f3n digital actual. Queremos formar profesionales que no s\u00f3lo est\u00e9n listos para insertarse en el mundo laboral, sino que puedan crear nuevas soluciones y generar su propio camino laboral\u201d, enfatiz\u00f3 el rector.<\/p>\n<\/p>\n<p>&nbsp;<\/p>\n<p style=\"text-align: justify;\" data-sourcepos=\"17:1-17:390\">Un dato relevante del potencial de esta carrera es el reporte de la <strong>Asociaci\u00f3n Mexicana de Empresas de Capital Humano<\/strong> (AMECH), registr\u00f3 un aumento del 35% en la demanda de especialistas en ciberseguridad y tecnolog\u00eda en 2024 en comparaci\u00f3n con el a\u00f1o anterior, consolidando esta ingenier\u00eda como una excelente opci\u00f3n de futuro para los j\u00f3venes con inter\u00e9s en el mundo digital.<\/p>\n<\/p>\n<p>&nbsp;<\/p>\n<p style=\"text-align: justify;\" data-sourcepos=\"19:1-19:365\">La UTC ha habilitado su sitio web oficial <strong>www.utcorregidora.edu.mx<\/strong> para que los aspirantes puedan iniciar su proceso de registro para el nuevo ingreso en septiembre de 2025.<\/p>\n<\/p>\n<p>&nbsp;<\/p>\n<p style=\"text-align: justify;\" data-sourcepos=\"19:1-19:365\">Con programas educativos como este, la UTC reafirma su compromiso con la formaci\u00f3n de profesionales altamente capacitados que impulsar\u00e1n la innovaci\u00f3n, la tecnolog\u00eda y el desarrollo regional.<\/p>\n<\/p>\n<p>&nbsp;<\/p>\n<p style=\"text-align: center;\" data-sourcepos=\"19:1-19:365\"><em><strong>\u00a1Informaci\u00f3n que transforma!<\/strong><\/em><\/p>\n","protected":false},"excerpt":{"rendered":"<p>La Universidad Tecnol\u00f3gica de Corregidora (UTC) lanz\u00f3 una invitaci\u00f3n a los egresados del nivel medio superior para continuar su formaci\u00f3n profesional en la Ingenier\u00eda en Tecnolog\u00edas de la Informaci\u00f3n e Innovaci\u00f3n Digital, un campo con un crecimiento exponencial y una alta demanda laboral en M\u00e9xico.<\/p>\n","protected":false},"author":3,"featured_media":14464,"comment_status":"open","ping_status":"open","sticky":false,"template":"","format":"standard","meta":{"footnotes":""},"categories":[42,58],"tags":[4277,4275,4276,1875],"class_list":["post-14463","post","type-post","status-publish","format-standard","has-post-thumbnail","hentry","category-estado","category-ultima-hora","tag-estudiarenqueretaro","tag-ingenieriadigital","tag-tecnologiasinformacion","tag-utc"],"yoast_head":"<!-- This site is optimized with the Yoast SEO plugin v25.0 - https:\/\/yoast.com\/wordpress\/plugins\/seo\/ -->\n<title>Convi\u00e9rtete en l\u00edder digital UTC abre inscripciones para Ingenier\u00eda en Tecnolog\u00edas de la Informaci\u00f3n e Innovaci\u00f3n Digital | Nexo Informativo Santiago de Quer\u00e9taro<\/title>\n<meta name=\"description\" content=\"Convi\u00e9rtete en l\u00edder digital UTC abre inscripciones para Ingenier\u00eda en Tecnolog\u00edas de la Informaci\u00f3n e Innovaci\u00f3n Digital\" \/>\n<meta name=\"robots\" content=\"index, follow, max-snippet:-1, max-image-preview:large, max-video-preview:-1\" \/>\n<link rel=\"canonical\" href=\"https:\/\/www.nexoinformativo.mx\/index.php\/2025\/04\/24\/conviertete-en-lider-digital-utc-abre-inscripciones-para-ingenieria-en-tecnologias-de-la-informacion-e-innovacion-digital\/\" \/>\n<meta property=\"og:locale\" content=\"es_MX\" \/>\n<meta property=\"og:type\" content=\"article\" \/>\n<meta property=\"og:title\" content=\"Convi\u00e9rtete en l\u00edder digital UTC abre inscripciones para Ingenier\u00eda en Tecnolog\u00edas de la Informaci\u00f3n e Innovaci\u00f3n Digital | Nexo Informativo Santiago de Quer\u00e9taro\" \/>\n<meta property=\"og:description\" content=\"Convi\u00e9rtete en l\u00edder digital UTC abre inscripciones para Ingenier\u00eda en Tecnolog\u00edas de la Informaci\u00f3n e Innovaci\u00f3n Digital\" \/>\n<meta property=\"og:url\" content=\"https:\/\/www.nexoinformativo.mx\/index.php\/2025\/04\/24\/conviertete-en-lider-digital-utc-abre-inscripciones-para-ingenieria-en-tecnologias-de-la-informacion-e-innovacion-digital\/\" \/>\n<meta property=\"og:site_name\" content=\"Nexo Informativo Santiago de Quer\u00e9taro\" \/>\n<meta property=\"article:publisher\" content=\"https:\/\/www.facebook.com\/people\/Nexo-Informativo\/61564066885511\/\" \/>\n<meta property=\"article:published_time\" content=\"2025-04-24T13:30:34+00:00\" \/>\n<meta property=\"article:modified_time\" content=\"2025-04-24T14:22:07+00:00\" \/>\n<meta property=\"og:image\" content=\"https:\/\/www.nexoinformativo.mx\/wp-content\/uploads\/2025\/04\/PHOTO-2025-04-24-07-09-06-e1745504478844.jpg\" \/>\n\t<meta property=\"og:image:width\" content=\"800\" \/>\n\t<meta property=\"og:image:height\" content=\"533\" \/>\n\t<meta property=\"og:image:type\" content=\"image\/jpeg\" \/>\n<meta name=\"author\" content=\"Nexo Informativo\" \/>\n<meta name=\"twitter:card\" content=\"summary_large_image\" \/>\n<meta name=\"twitter:label1\" content=\"Escrito por\" \/>\n\t<meta name=\"twitter:data1\" content=\"Nexo Informativo\" \/>\n\t<meta name=\"twitter:label2\" content=\"Tiempo de lectura\" \/>\n\t<meta name=\"twitter:data2\" content=\"2 minutos\" \/>\n<script type=\"application\/ld+json\" class=\"yoast-schema-graph\">{\"@context\":\"https:\/\/schema.org\",\"@graph\":[{\"@type\":\"Article\",\"@id\":\"https:\/\/www.nexoinformativo.mx\/index.php\/2025\/04\/24\/conviertete-en-lider-digital-utc-abre-inscripciones-para-ingenieria-en-tecnologias-de-la-informacion-e-innovacion-digital\/#article\",\"isPartOf\":{\"@id\":\"https:\/\/www.nexoinformativo.mx\/index.php\/2025\/04\/24\/conviertete-en-lider-digital-utc-abre-inscripciones-para-ingenieria-en-tecnologias-de-la-informacion-e-innovacion-digital\/\"},\"author\":{\"name\":\"Nexo Informativo\",\"@id\":\"https:\/\/www.nexoinformativo.mx\/#\/schema\/person\/7749d380ba08c8ca00d7bc76fd907b7d\"},\"headline\":\"Convi\u00e9rtete en l\u00edder digital UTC abre inscripciones para Ingenier\u00eda en Tecnolog\u00edas de la Informaci\u00f3n e Innovaci\u00f3n Digital\",\"datePublished\":\"2025-04-24T13:30:34+00:00\",\"dateModified\":\"2025-04-24T14:22:07+00:00\",\"mainEntityOfPage\":{\"@id\":\"https:\/\/www.nexoinformativo.mx\/index.php\/2025\/04\/24\/conviertete-en-lider-digital-utc-abre-inscripciones-para-ingenieria-en-tecnologias-de-la-informacion-e-innovacion-digital\/\"},\"wordCount\":360,\"commentCount\":0,\"publisher\":{\"@id\":\"https:\/\/www.nexoinformativo.mx\/#organization\"},\"image\":{\"@id\":\"https:\/\/www.nexoinformativo.mx\/index.php\/2025\/04\/24\/conviertete-en-lider-digital-utc-abre-inscripciones-para-ingenieria-en-tecnologias-de-la-informacion-e-innovacion-digital\/#primaryimage\"},\"thumbnailUrl\":\"https:\/\/www.nexoinformativo.mx\/wp-content\/uploads\/2025\/04\/PHOTO-2025-04-24-07-09-06-e1745504478844.jpg\",\"keywords\":[\"EstudiarEnQuer\u00e9taro\",\"Ingenier\u00edaDigital\",\"Tecnolog\u00edasInformaci\u00f3n\",\"UTC\"],\"articleSection\":[\"Estado\",\"\u00daltima Hora\"],\"inLanguage\":\"es\",\"potentialAction\":[{\"@type\":\"CommentAction\",\"name\":\"Comment\",\"target\":[\"https:\/\/www.nexoinformativo.mx\/index.php\/2025\/04\/24\/conviertete-en-lider-digital-utc-abre-inscripciones-para-ingenieria-en-tecnologias-de-la-informacion-e-innovacion-digital\/#respond\"]}]},{\"@type\":\"WebPage\",\"@id\":\"https:\/\/www.nexoinformativo.mx\/index.php\/2025\/04\/24\/conviertete-en-lider-digital-utc-abre-inscripciones-para-ingenieria-en-tecnologias-de-la-informacion-e-innovacion-digital\/\",\"url\":\"https:\/\/www.nexoinformativo.mx\/index.php\/2025\/04\/24\/conviertete-en-lider-digital-utc-abre-inscripciones-para-ingenieria-en-tecnologias-de-la-informacion-e-innovacion-digital\/\",\"name\":\"Convi\u00e9rtete en l\u00edder digital UTC abre inscripciones para Ingenier\u00eda en Tecnolog\u00edas de la Informaci\u00f3n e Innovaci\u00f3n Digital | Nexo Informativo Santiago de Quer\u00e9taro\",\"isPartOf\":{\"@id\":\"https:\/\/www.nexoinformativo.mx\/#website\"},\"primaryImageOfPage\":{\"@id\":\"https:\/\/www.nexoinformativo.mx\/index.php\/2025\/04\/24\/conviertete-en-lider-digital-utc-abre-inscripciones-para-ingenieria-en-tecnologias-de-la-informacion-e-innovacion-digital\/#primaryimage\"},\"image\":{\"@id\":\"https:\/\/www.nexoinformativo.mx\/index.php\/2025\/04\/24\/conviertete-en-lider-digital-utc-abre-inscripciones-para-ingenieria-en-tecnologias-de-la-informacion-e-innovacion-digital\/#primaryimage\"},\"thumbnailUrl\":\"https:\/\/www.nexoinformativo.mx\/wp-content\/uploads\/2025\/04\/PHOTO-2025-04-24-07-09-06-e1745504478844.jpg\",\"datePublished\":\"2025-04-24T13:30:34+00:00\",\"dateModified\":\"2025-04-24T14:22:07+00:00\",\"description\":\"Convi\u00e9rtete en l\u00edder digital UTC abre inscripciones para Ingenier\u00eda en Tecnolog\u00edas de la Informaci\u00f3n e Innovaci\u00f3n Digital\",\"breadcrumb\":{\"@id\":\"https:\/\/www.nexoinformativo.mx\/index.php\/2025\/04\/24\/conviertete-en-lider-digital-utc-abre-inscripciones-para-ingenieria-en-tecnologias-de-la-informacion-e-innovacion-digital\/#breadcrumb\"},\"inLanguage\":\"es\",\"potentialAction\":[{\"@type\":\"ReadAction\",\"target\":[\"https:\/\/www.nexoinformativo.mx\/index.php\/2025\/04\/24\/conviertete-en-lider-digital-utc-abre-inscripciones-para-ingenieria-en-tecnologias-de-la-informacion-e-innovacion-digital\/\"]}]},{\"@type\":\"ImageObject\",\"inLanguage\":\"es\",\"@id\":\"https:\/\/www.nexoinformativo.mx\/index.php\/2025\/04\/24\/conviertete-en-lider-digital-utc-abre-inscripciones-para-ingenieria-en-tecnologias-de-la-informacion-e-innovacion-digital\/#primaryimage\",\"url\":\"https:\/\/www.nexoinformativo.mx\/wp-content\/uploads\/2025\/04\/PHOTO-2025-04-24-07-09-06-e1745504478844.jpg\",\"contentUrl\":\"https:\/\/www.nexoinformativo.mx\/wp-content\/uploads\/2025\/04\/PHOTO-2025-04-24-07-09-06-e1745504478844.jpg\",\"width\":800,\"height\":533},{\"@type\":\"BreadcrumbList\",\"@id\":\"https:\/\/www.nexoinformativo.mx\/index.php\/2025\/04\/24\/conviertete-en-lider-digital-utc-abre-inscripciones-para-ingenieria-en-tecnologias-de-la-informacion-e-innovacion-digital\/#breadcrumb\",\"itemListElement\":[{\"@type\":\"ListItem\",\"position\":1,\"name\":\"Inicio\",\"item\":\"https:\/\/www.nexoinformativo.mx\/\"},{\"@type\":\"ListItem\",\"position\":2,\"name\":\"Convi\u00e9rtete en l\u00edder digital UTC abre inscripciones para Ingenier\u00eda en Tecnolog\u00edas de la Informaci\u00f3n e Innovaci\u00f3n Digital\"}]},{\"@type\":\"WebSite\",\"@id\":\"https:\/\/www.nexoinformativo.mx\/#website\",\"url\":\"https:\/\/www.nexoinformativo.mx\/\",\"name\":\"Nexo Informativo Santiago de Quer\u00e9taro\",\"description\":\"Explora NexoInformativo y convi\u00e9rtete en parte de una comunidad que valora el conocimiento y la verdad. Tu nexoinformativo es tu puente hacia una comprensi\u00f3n m\u00e1s profunda del mundo que te rodea.\",\"publisher\":{\"@id\":\"https:\/\/www.nexoinformativo.mx\/#organization\"},\"potentialAction\":[{\"@type\":\"SearchAction\",\"target\":{\"@type\":\"EntryPoint\",\"urlTemplate\":\"https:\/\/www.nexoinformativo.mx\/?s={search_term_string}\"},\"query-input\":{\"@type\":\"PropertyValueSpecification\",\"valueRequired\":true,\"valueName\":\"search_term_string\"}}],\"inLanguage\":\"es\"},{\"@type\":\"Organization\",\"@id\":\"https:\/\/www.nexoinformativo.mx\/#organization\",\"name\":\"Nexo Informativo Santiago de Quer\u00e9taro\",\"url\":\"https:\/\/www.nexoinformativo.mx\/\",\"logo\":{\"@type\":\"ImageObject\",\"inLanguage\":\"es\",\"@id\":\"https:\/\/www.nexoinformativo.mx\/#\/schema\/logo\/image\/\",\"url\":\"https:\/\/www.nexoinformativo.mx\/wp-content\/uploads\/2024\/07\/nexoi-trasparente-2.png\",\"contentUrl\":\"https:\/\/www.nexoinformativo.mx\/wp-content\/uploads\/2024\/07\/nexoi-trasparente-2.png\",\"width\":816,\"height\":339,\"caption\":\"Nexo Informativo Santiago de Quer\u00e9taro\"},\"image\":{\"@id\":\"https:\/\/www.nexoinformativo.mx\/#\/schema\/logo\/image\/\"},\"sameAs\":[\"https:\/\/www.facebook.com\/people\/Nexo-Informativo\/61564066885511\/\"]},{\"@type\":\"Person\",\"@id\":\"https:\/\/www.nexoinformativo.mx\/#\/schema\/person\/7749d380ba08c8ca00d7bc76fd907b7d\",\"name\":\"Nexo Informativo\",\"image\":{\"@type\":\"ImageObject\",\"inLanguage\":\"es\",\"@id\":\"https:\/\/www.nexoinformativo.mx\/#\/schema\/person\/image\/\",\"url\":\"https:\/\/secure.gravatar.com\/avatar\/dde2928154642a13d95f87ddf1ea9718fe2b46760a005c53e41ff5ad610704e6?s=96&d=mm&r=g\",\"contentUrl\":\"https:\/\/secure.gravatar.com\/avatar\/dde2928154642a13d95f87ddf1ea9718fe2b46760a005c53e41ff5ad610704e6?s=96&d=mm&r=g\",\"caption\":\"Nexo Informativo\"},\"url\":\"https:\/\/www.nexoinformativo.mx\/index.php\/author\/edicion\/\"}]}<\/script>\n<!-- \/ Yoast SEO plugin. -->","yoast_head_json":{"title":"Convi\u00e9rtete en l\u00edder digital UTC abre inscripciones para Ingenier\u00eda en Tecnolog\u00edas de la Informaci\u00f3n e Innovaci\u00f3n Digital | Nexo Informativo Santiago de Quer\u00e9taro","description":"Convi\u00e9rtete en l\u00edder digital UTC abre inscripciones para Ingenier\u00eda en Tecnolog\u00edas de la Informaci\u00f3n e Innovaci\u00f3n Digital","robots":{"index":"index","follow":"follow","max-snippet":"max-snippet:-1","max-image-preview":"max-image-preview:large","max-video-preview":"max-video-preview:-1"},"canonical":"https:\/\/www.nexoinformativo.mx\/index.php\/2025\/04\/24\/conviertete-en-lider-digital-utc-abre-inscripciones-para-ingenieria-en-tecnologias-de-la-informacion-e-innovacion-digital\/","og_locale":"es_MX","og_type":"article","og_title":"Convi\u00e9rtete en l\u00edder digital UTC abre inscripciones para Ingenier\u00eda en Tecnolog\u00edas de la Informaci\u00f3n e Innovaci\u00f3n Digital | Nexo Informativo Santiago de Quer\u00e9taro","og_description":"Convi\u00e9rtete en l\u00edder digital UTC abre inscripciones para Ingenier\u00eda en Tecnolog\u00edas de la Informaci\u00f3n e Innovaci\u00f3n Digital","og_url":"https:\/\/www.nexoinformativo.mx\/index.php\/2025\/04\/24\/conviertete-en-lider-digital-utc-abre-inscripciones-para-ingenieria-en-tecnologias-de-la-informacion-e-innovacion-digital\/","og_site_name":"Nexo Informativo Santiago de Quer\u00e9taro","article_publisher":"https:\/\/www.facebook.com\/people\/Nexo-Informativo\/61564066885511\/","article_published_time":"2025-04-24T13:30:34+00:00","article_modified_time":"2025-04-24T14:22:07+00:00","og_image":[{"width":800,"height":533,"url":"https:\/\/www.nexoinformativo.mx\/wp-content\/uploads\/2025\/04\/PHOTO-2025-04-24-07-09-06-e1745504478844.jpg","type":"image\/jpeg"}],"author":"Nexo Informativo","twitter_card":"summary_large_image","twitter_misc":{"Escrito por":"Nexo Informativo","Tiempo de lectura":"2 minutos"},"schema":{"@context":"https:\/\/schema.org","@graph":[{"@type":"Article","@id":"https:\/\/www.nexoinformativo.mx\/index.php\/2025\/04\/24\/conviertete-en-lider-digital-utc-abre-inscripciones-para-ingenieria-en-tecnologias-de-la-informacion-e-innovacion-digital\/#article","isPartOf":{"@id":"https:\/\/www.nexoinformativo.mx\/index.php\/2025\/04\/24\/conviertete-en-lider-digital-utc-abre-inscripciones-para-ingenieria-en-tecnologias-de-la-informacion-e-innovacion-digital\/"},"author":{"name":"Nexo Informativo","@id":"https:\/\/www.nexoinformativo.mx\/#\/schema\/person\/7749d380ba08c8ca00d7bc76fd907b7d"},"headline":"Convi\u00e9rtete en l\u00edder digital UTC abre inscripciones para Ingenier\u00eda en Tecnolog\u00edas de la Informaci\u00f3n e Innovaci\u00f3n Digital","datePublished":"2025-04-24T13:30:34+00:00","dateModified":"2025-04-24T14:22:07+00:00","mainEntityOfPage":{"@id":"https:\/\/www.nexoinformativo.mx\/index.php\/2025\/04\/24\/conviertete-en-lider-digital-utc-abre-inscripciones-para-ingenieria-en-tecnologias-de-la-informacion-e-innovacion-digital\/"},"wordCount":360,"commentCount":0,"publisher":{"@id":"https:\/\/www.nexoinformativo.mx\/#organization"},"image":{"@id":"https:\/\/www.nexoinformativo.mx\/index.php\/2025\/04\/24\/conviertete-en-lider-digital-utc-abre-inscripciones-para-ingenieria-en-tecnologias-de-la-informacion-e-innovacion-digital\/#primaryimage"},"thumbnailUrl":"https:\/\/www.nexoinformativo.mx\/wp-content\/uploads\/2025\/04\/PHOTO-2025-04-24-07-09-06-e1745504478844.jpg","keywords":["EstudiarEnQuer\u00e9taro","Ingenier\u00edaDigital","Tecnolog\u00edasInformaci\u00f3n","UTC"],"articleSection":["Estado","\u00daltima Hora"],"inLanguage":"es","potentialAction":[{"@type":"CommentAction","name":"Comment","target":["https:\/\/www.nexoinformativo.mx\/index.php\/2025\/04\/24\/conviertete-en-lider-digital-utc-abre-inscripciones-para-ingenieria-en-tecnologias-de-la-informacion-e-innovacion-digital\/#respond"]}]},{"@type":"WebPage","@id":"https:\/\/www.nexoinformativo.mx\/index.php\/2025\/04\/24\/conviertete-en-lider-digital-utc-abre-inscripciones-para-ingenieria-en-tecnologias-de-la-informacion-e-innovacion-digital\/","url":"https:\/\/www.nexoinformativo.mx\/index.php\/2025\/04\/24\/conviertete-en-lider-digital-utc-abre-inscripciones-para-ingenieria-en-tecnologias-de-la-informacion-e-innovacion-digital\/","name":"Convi\u00e9rtete en l\u00edder digital UTC abre inscripciones para Ingenier\u00eda en Tecnolog\u00edas de la Informaci\u00f3n e Innovaci\u00f3n Digital | Nexo Informativo Santiago de Quer\u00e9taro","isPartOf":{"@id":"https:\/\/www.nexoinformativo.mx\/#website"},"primaryImageOfPage":{"@id":"https:\/\/www.nexoinformativo.mx\/index.php\/2025\/04\/24\/conviertete-en-lider-digital-utc-abre-inscripciones-para-ingenieria-en-tecnologias-de-la-informacion-e-innovacion-digital\/#primaryimage"},"image":{"@id":"https:\/\/www.nexoinformativo.mx\/index.php\/2025\/04\/24\/conviertete-en-lider-digital-utc-abre-inscripciones-para-ingenieria-en-tecnologias-de-la-informacion-e-innovacion-digital\/#primaryimage"},"thumbnailUrl":"https:\/\/www.nexoinformativo.mx\/wp-content\/uploads\/2025\/04\/PHOTO-2025-04-24-07-09-06-e1745504478844.jpg","datePublished":"2025-04-24T13:30:34+00:00","dateModified":"2025-04-24T14:22:07+00:00","description":"Convi\u00e9rtete en l\u00edder digital UTC abre inscripciones para Ingenier\u00eda en Tecnolog\u00edas de la Informaci\u00f3n e Innovaci\u00f3n Digital","breadcrumb":{"@id":"https:\/\/www.nexoinformativo.mx\/index.php\/2025\/04\/24\/conviertete-en-lider-digital-utc-abre-inscripciones-para-ingenieria-en-tecnologias-de-la-informacion-e-innovacion-digital\/#breadcrumb"},"inLanguage":"es","potentialAction":[{"@type":"ReadAction","target":["https:\/\/www.nexoinformativo.mx\/index.php\/2025\/04\/24\/conviertete-en-lider-digital-utc-abre-inscripciones-para-ingenieria-en-tecnologias-de-la-informacion-e-innovacion-digital\/"]}]},{"@type":"ImageObject","inLanguage":"es","@id":"https:\/\/www.nexoinformativo.mx\/index.php\/2025\/04\/24\/conviertete-en-lider-digital-utc-abre-inscripciones-para-ingenieria-en-tecnologias-de-la-informacion-e-innovacion-digital\/#primaryimage","url":"https:\/\/www.nexoinformativo.mx\/wp-content\/uploads\/2025\/04\/PHOTO-2025-04-24-07-09-06-e1745504478844.jpg","contentUrl":"https:\/\/www.nexoinformativo.mx\/wp-content\/uploads\/2025\/04\/PHOTO-2025-04-24-07-09-06-e1745504478844.jpg","width":800,"height":533},{"@type":"BreadcrumbList","@id":"https:\/\/www.nexoinformativo.mx\/index.php\/2025\/04\/24\/conviertete-en-lider-digital-utc-abre-inscripciones-para-ingenieria-en-tecnologias-de-la-informacion-e-innovacion-digital\/#breadcrumb","itemListElement":[{"@type":"ListItem","position":1,"name":"Inicio","item":"https:\/\/www.nexoinformativo.mx\/"},{"@type":"ListItem","position":2,"name":"Convi\u00e9rtete en l\u00edder digital UTC abre inscripciones para Ingenier\u00eda en Tecnolog\u00edas de la Informaci\u00f3n e Innovaci\u00f3n Digital"}]},{"@type":"WebSite","@id":"https:\/\/www.nexoinformativo.mx\/#website","url":"https:\/\/www.nexoinformativo.mx\/","name":"Nexo Informativo Santiago de Quer\u00e9taro","description":"Explora NexoInformativo y convi\u00e9rtete en parte de una comunidad que valora el conocimiento y la verdad. Tu nexoinformativo es tu puente hacia una comprensi\u00f3n m\u00e1s profunda del mundo que te rodea.","publisher":{"@id":"https:\/\/www.nexoinformativo.mx\/#organization"},"potentialAction":[{"@type":"SearchAction","target":{"@type":"EntryPoint","urlTemplate":"https:\/\/www.nexoinformativo.mx\/?s={search_term_string}"},"query-input":{"@type":"PropertyValueSpecification","valueRequired":true,"valueName":"search_term_string"}}],"inLanguage":"es"},{"@type":"Organization","@id":"https:\/\/www.nexoinformativo.mx\/#organization","name":"Nexo Informativo Santiago de Quer\u00e9taro","url":"https:\/\/www.nexoinformativo.mx\/","logo":{"@type":"ImageObject","inLanguage":"es","@id":"https:\/\/www.nexoinformativo.mx\/#\/schema\/logo\/image\/","url":"https:\/\/www.nexoinformativo.mx\/wp-content\/uploads\/2024\/07\/nexoi-trasparente-2.png","contentUrl":"https:\/\/www.nexoinformativo.mx\/wp-content\/uploads\/2024\/07\/nexoi-trasparente-2.png","width":816,"height":339,"caption":"Nexo Informativo Santiago de Quer\u00e9taro"},"image":{"@id":"https:\/\/www.nexoinformativo.mx\/#\/schema\/logo\/image\/"},"sameAs":["https:\/\/www.facebook.com\/people\/Nexo-Informativo\/61564066885511\/"]},{"@type":"Person","@id":"https:\/\/www.nexoinformativo.mx\/#\/schema\/person\/7749d380ba08c8ca00d7bc76fd907b7d","name":"Nexo Informativo","image":{"@type":"ImageObject","inLanguage":"es","@id":"https:\/\/www.nexoinformativo.mx\/#\/schema\/person\/image\/","url":"https:\/\/secure.gravatar.com\/avatar\/dde2928154642a13d95f87ddf1ea9718fe2b46760a005c53e41ff5ad610704e6?s=96&d=mm&r=g","contentUrl":"https:\/\/secure.gravatar.com\/avatar\/dde2928154642a13d95f87ddf1ea9718fe2b46760a005c53e41ff5ad610704e6?s=96&d=mm&r=g","caption":"Nexo Informativo"},"url":"https:\/\/www.nexoinformativo.mx\/index.php\/author\/edicion\/"}]}},"_links":{"self":[{"href":"https:\/\/www.nexoinformativo.mx\/index.php\/wp-json\/wp\/v2\/posts\/14463","targetHints":{"allow":["GET"]}}],"collection":[{"href":"https:\/\/www.nexoinformativo.mx\/index.php\/wp-json\/wp\/v2\/posts"}],"about":[{"href":"https:\/\/www.nexoinformativo.mx\/index.php\/wp-json\/wp\/v2\/types\/post"}],"author":[{"embeddable":true,"href":"https:\/\/www.nexoinformativo.mx\/index.php\/wp-json\/wp\/v2\/users\/3"}],"replies":[{"embeddable":true,"href":"https:\/\/www.nexoinformativo.mx\/index.php\/wp-json\/wp\/v2\/comments?post=14463"}],"version-history":[{"count":3,"href":"https:\/\/www.nexoinformativo.mx\/index.php\/wp-json\/wp\/v2\/posts\/14463\/revisions"}],"predecessor-version":[{"id":14467,"href":"https:\/\/www.nexoinformativo.mx\/index.php\/wp-json\/wp\/v2\/posts\/14463\/revisions\/14467"}],"wp:featuredmedia":[{"embeddable":true,"href":"https:\/\/www.nexoinformativo.mx\/index.php\/wp-json\/wp\/v2\/media\/14464"}],"wp:attachment":[{"href":"https:\/\/www.nexoinformativo.mx\/index.php\/wp-json\/wp\/v2\/media?parent=14463"}],"wp:term":[{"taxonomy":"category","embeddable":true,"href":"https:\/\/www.nexoinformativo.mx\/index.php\/wp-json\/wp\/v2\/categories?post=14463"},{"taxonomy":"post_tag","embeddable":true,"href":"https:\/\/www.nexoinformativo.mx\/index.php\/wp-json\/wp\/v2\/tags?post=14463"}],"curies":[{"name":"wp","href":"https:\/\/api.w.org\/{rel}","templated":true}]}}