{"id":14468,"date":"2025-04-24T08:00:36","date_gmt":"2025-04-24T14:00:36","guid":{"rendered":"https:\/\/www.nexoinformativo.mx\/?p=14468"},"modified":"2025-04-24T08:35:14","modified_gmt":"2025-04-24T14:35:14","slug":"queretaro-impulsa-el-futuro-aeroespacial-en-famex-universidades-y-empresas-se-unen-por-la-educacion","status":"publish","type":"post","link":"https:\/\/www.nexoinformativo.mx\/index.php\/2025\/04\/24\/queretaro-impulsa-el-futuro-aeroespacial-en-famex-universidades-y-empresas-se-unen-por-la-educacion\/","title":{"rendered":"Quer\u00e9taro impulsa el futuro Aeroespacial en FAMEX Universidades y Empresas se unen por la educaci\u00f3n"},"content":{"rendered":"<p style=\"text-align: justify;\" data-sourcepos=\"3:1-3:396\">Quer\u00e9taro se consolid\u00f3 como un referente clave en la educaci\u00f3n aeroespacial durante la Feria Aeroespacial M\u00e9xico (FAMEX) 2025. La secretaria de Educaci\u00f3n del estado, Martha Elena Soto, lider\u00f3 la firma de una serie de convenios estrat\u00e9gicos que prometen un futuro brillante para la formaci\u00f3n de profesionales en este sector de alto crecimiento.<\/p>\n<p>&nbsp;<\/p>\n<p style=\"text-align: justify;\" data-sourcepos=\"5:1-5:307\">La presencia destacada de Quer\u00e9taro y su Universidad Aeron\u00e1utica (UNAQ) como invitados especiales en FAMEX subraya la trayectoria y calidad de las instituciones educativas queretanas. La secretaria Soto enfatiz\u00f3 que esta distinci\u00f3n es fruto de un esfuerzo continuo por ofrecer una educaci\u00f3n de primer nivel.<\/p>\n<p>&nbsp;<\/p>\n<p style=\"text-align: justify;\" data-sourcepos=\"7:1-7:460\">Un momento crucial fue la formalizaci\u00f3n de acuerdos entre la UNAQ, dirigida por su director general Enrique Gerardo Sosa, y empresas l\u00edderes como Viva MRO, ADD Intelligence in Aviation y GE Aeroespacial.<\/p>\n<p>&nbsp;<\/p>\n<p style=\"text-align: justify;\" data-sourcepos=\"7:1-7:460\">Estos convenios tienen como objetivo principal enriquecer la capacitaci\u00f3n del personal de ambas partes, fomentar valiosas estad\u00edas profesionales para los estudiantes y catalizar proyectos colaborativos que impulsen la innovaci\u00f3n tecnol\u00f3gica en la aviaci\u00f3n.<\/p>\n<p>&nbsp;<\/p>\n<p style=\"text-align: justify;\" data-sourcepos=\"9:1-9:339\">La Universidad Tecnol\u00f3gica de Quer\u00e9taro (UTEQ), bajo la direcci\u00f3n de su rector Fernando Pantoja, tambi\u00e9n sell\u00f3 un importante convenio con GE Aeroespacial. Esta alianza se centrar\u00e1 en la exploraci\u00f3n y el dominio de software avanzado, buscando documentar descubrimientos y desarrollar conceptos te\u00f3ricos.<\/p>\n<p>&nbsp;<\/p>\n<p style=\"text-align: justify;\" data-sourcepos=\"11:1-11:413\">En un esfuerzo por fortalecer la formaci\u00f3n t\u00e9cnica especializada, el CONALEP de Quer\u00e9taro, liderado por su director general Carlos Arredondo, formaliz\u00f3 una alianza estrat\u00e9gica con sus hom\u00f3logos de Nuevo Le\u00f3n, Jalisco, Quintana Roo y la CDMX.<\/p>\n<p>&nbsp;<\/p>\n<p style=\"text-align: justify;\" data-sourcepos=\"11:1-11:413\">Esta colaboraci\u00f3n interinstitucional busca consolidar una coordinaci\u00f3n experta y permanente en la formaci\u00f3n de t\u00e9cnicos bachilleres para el sector aeron\u00e1utico.<\/p>\n<p>&nbsp;<\/p>\n<p style=\"text-align: justify;\" data-sourcepos=\"13:1-13:459\">La trascendental firma de estos convenios cont\u00f3 con la presencia de figuras clave como el secretario de Desarrollo Sustentable, Marco Del Prete; la secretaria de Vinculaci\u00f3n de la UNAQ, Tamara Nieto; el director de Innovaci\u00f3n y Desarrollo Tecnol\u00f3gico de la UTEQ, Bernardo Von Raesfeld; el director Nacional del Sistema Nacional CONALEP, Rodrigo Rojas Navarrete; y el director General del Aeropuerto Internacional de Quer\u00e9taro, Jorge Enrique Guti\u00e9rrez.<\/p>\n<p>&nbsp;<\/p>\n<p style=\"text-align: justify;\" data-sourcepos=\"15:1-15:281\">Estos acuerdos marcan un impulso de la educaci\u00f3n aeroespacial en Quer\u00e9taro, abriendo un abanico de oportunidades para estudiantes y profesionales, y fortaleciendo la posici\u00f3n del estado como un polo de desarrollo clave en esta industria a nivel nacional e internacional.<\/p>\n<p>&nbsp;<\/p>\n<p style=\"text-align: center;\" data-sourcepos=\"23:1-23:440\"><em><strong>\u00a1Informaci\u00f3n que transforma!<\/strong><\/em><\/p>\n","protected":false},"excerpt":{"rendered":"<p>Quer\u00e9taro se consolid\u00f3 como un referente clave en la educaci\u00f3n aeroespacial durante la Feria Aeroespacial M\u00e9xico (FAMEX) 2025. La secretaria de Educaci\u00f3n del estado, Martha Elena Soto, lider\u00f3 la firma de una serie de convenios estrat\u00e9gicos que prometen un futuro brillante para la formaci\u00f3n de profesionales en este sector de alto crecimiento.<\/p>\n","protected":false},"author":3,"featured_media":14469,"comment_status":"open","ping_status":"open","sticky":false,"template":"","format":"standard","meta":{"footnotes":""},"categories":[42,58],"tags":[4278,4279,3124,2806],"class_list":["post-14468","post","type-post","status-publish","format-standard","has-post-thumbnail","hentry","category-estado","category-ultima-hora","tag-aeroespacialqro","tag-educacionaeroespacial","tag-famex2025","tag-unaq"],"yoast_head":"<!-- This site is optimized with the Yoast SEO plugin v25.0 - https:\/\/yoast.com\/wordpress\/plugins\/seo\/ -->\n<title>Quer\u00e9taro impulsa el futuro Aeroespacial en FAMEX Universidades y Empresas se unen por la educaci\u00f3n | Nexo Informativo Santiago de Quer\u00e9taro<\/title>\n<meta name=\"description\" content=\"Quer\u00e9taro impulsa el futuro Aeroespacial en FAMEX Universidades y Empresas se unen por la educaci\u00f3n\" \/>\n<meta name=\"robots\" content=\"index, follow, max-snippet:-1, max-image-preview:large, max-video-preview:-1\" \/>\n<link rel=\"canonical\" href=\"https:\/\/www.nexoinformativo.mx\/index.php\/2025\/04\/24\/queretaro-impulsa-el-futuro-aeroespacial-en-famex-universidades-y-empresas-se-unen-por-la-educacion\/\" \/>\n<meta property=\"og:locale\" content=\"es_MX\" \/>\n<meta property=\"og:type\" content=\"article\" \/>\n<meta property=\"og:title\" content=\"Quer\u00e9taro impulsa el futuro Aeroespacial en FAMEX Universidades y Empresas se unen por la educaci\u00f3n | Nexo Informativo Santiago de Quer\u00e9taro\" \/>\n<meta property=\"og:description\" content=\"Quer\u00e9taro impulsa el futuro Aeroespacial en FAMEX Universidades y Empresas se unen por la educaci\u00f3n\" \/>\n<meta property=\"og:url\" content=\"https:\/\/www.nexoinformativo.mx\/index.php\/2025\/04\/24\/queretaro-impulsa-el-futuro-aeroespacial-en-famex-universidades-y-empresas-se-unen-por-la-educacion\/\" \/>\n<meta property=\"og:site_name\" content=\"Nexo Informativo Santiago de Quer\u00e9taro\" \/>\n<meta property=\"article:publisher\" content=\"https:\/\/www.facebook.com\/people\/Nexo-Informativo\/61564066885511\/\" \/>\n<meta property=\"article:published_time\" content=\"2025-04-24T14:00:36+00:00\" \/>\n<meta property=\"article:modified_time\" content=\"2025-04-24T14:35:14+00:00\" \/>\n<meta property=\"og:image\" content=\"https:\/\/www.nexoinformativo.mx\/wp-content\/uploads\/2025\/04\/PHOTO-2025-04-24-07-12-02-e1745504930285.jpg\" \/>\n\t<meta property=\"og:image:width\" content=\"800\" \/>\n\t<meta property=\"og:image:height\" content=\"533\" \/>\n\t<meta property=\"og:image:type\" content=\"image\/jpeg\" \/>\n<meta name=\"author\" content=\"Nexo Informativo\" \/>\n<meta name=\"twitter:card\" content=\"summary_large_image\" \/>\n<meta name=\"twitter:label1\" content=\"Escrito por\" \/>\n\t<meta name=\"twitter:data1\" content=\"Nexo Informativo\" \/>\n\t<meta name=\"twitter:label2\" content=\"Tiempo de lectura\" \/>\n\t<meta name=\"twitter:data2\" content=\"2 minutos\" \/>\n<script type=\"application\/ld+json\" class=\"yoast-schema-graph\">{\"@context\":\"https:\/\/schema.org\",\"@graph\":[{\"@type\":\"Article\",\"@id\":\"https:\/\/www.nexoinformativo.mx\/index.php\/2025\/04\/24\/queretaro-impulsa-el-futuro-aeroespacial-en-famex-universidades-y-empresas-se-unen-por-la-educacion\/#article\",\"isPartOf\":{\"@id\":\"https:\/\/www.nexoinformativo.mx\/index.php\/2025\/04\/24\/queretaro-impulsa-el-futuro-aeroespacial-en-famex-universidades-y-empresas-se-unen-por-la-educacion\/\"},\"author\":{\"name\":\"Nexo Informativo\",\"@id\":\"https:\/\/www.nexoinformativo.mx\/#\/schema\/person\/7749d380ba08c8ca00d7bc76fd907b7d\"},\"headline\":\"Quer\u00e9taro impulsa el futuro Aeroespacial en FAMEX Universidades y Empresas se unen por la educaci\u00f3n\",\"datePublished\":\"2025-04-24T14:00:36+00:00\",\"dateModified\":\"2025-04-24T14:35:14+00:00\",\"mainEntityOfPage\":{\"@id\":\"https:\/\/www.nexoinformativo.mx\/index.php\/2025\/04\/24\/queretaro-impulsa-el-futuro-aeroespacial-en-famex-universidades-y-empresas-se-unen-por-la-educacion\/\"},\"wordCount\":437,\"commentCount\":0,\"publisher\":{\"@id\":\"https:\/\/www.nexoinformativo.mx\/#organization\"},\"image\":{\"@id\":\"https:\/\/www.nexoinformativo.mx\/index.php\/2025\/04\/24\/queretaro-impulsa-el-futuro-aeroespacial-en-famex-universidades-y-empresas-se-unen-por-la-educacion\/#primaryimage\"},\"thumbnailUrl\":\"https:\/\/www.nexoinformativo.mx\/wp-content\/uploads\/2025\/04\/PHOTO-2025-04-24-07-12-02-e1745504930285.jpg\",\"keywords\":[\"AeroespacialQro\",\"Educaci\u00f3nAeroespacial\",\"FAMEX2025\",\"UNAQ\"],\"articleSection\":[\"Estado\",\"\u00daltima Hora\"],\"inLanguage\":\"es\",\"potentialAction\":[{\"@type\":\"CommentAction\",\"name\":\"Comment\",\"target\":[\"https:\/\/www.nexoinformativo.mx\/index.php\/2025\/04\/24\/queretaro-impulsa-el-futuro-aeroespacial-en-famex-universidades-y-empresas-se-unen-por-la-educacion\/#respond\"]}]},{\"@type\":\"WebPage\",\"@id\":\"https:\/\/www.nexoinformativo.mx\/index.php\/2025\/04\/24\/queretaro-impulsa-el-futuro-aeroespacial-en-famex-universidades-y-empresas-se-unen-por-la-educacion\/\",\"url\":\"https:\/\/www.nexoinformativo.mx\/index.php\/2025\/04\/24\/queretaro-impulsa-el-futuro-aeroespacial-en-famex-universidades-y-empresas-se-unen-por-la-educacion\/\",\"name\":\"Quer\u00e9taro impulsa el futuro Aeroespacial en FAMEX Universidades y Empresas se unen por la educaci\u00f3n | Nexo Informativo Santiago de Quer\u00e9taro\",\"isPartOf\":{\"@id\":\"https:\/\/www.nexoinformativo.mx\/#website\"},\"primaryImageOfPage\":{\"@id\":\"https:\/\/www.nexoinformativo.mx\/index.php\/2025\/04\/24\/queretaro-impulsa-el-futuro-aeroespacial-en-famex-universidades-y-empresas-se-unen-por-la-educacion\/#primaryimage\"},\"image\":{\"@id\":\"https:\/\/www.nexoinformativo.mx\/index.php\/2025\/04\/24\/queretaro-impulsa-el-futuro-aeroespacial-en-famex-universidades-y-empresas-se-unen-por-la-educacion\/#primaryimage\"},\"thumbnailUrl\":\"https:\/\/www.nexoinformativo.mx\/wp-content\/uploads\/2025\/04\/PHOTO-2025-04-24-07-12-02-e1745504930285.jpg\",\"datePublished\":\"2025-04-24T14:00:36+00:00\",\"dateModified\":\"2025-04-24T14:35:14+00:00\",\"description\":\"Quer\u00e9taro impulsa el futuro Aeroespacial en FAMEX Universidades y Empresas se unen por la educaci\u00f3n\",\"breadcrumb\":{\"@id\":\"https:\/\/www.nexoinformativo.mx\/index.php\/2025\/04\/24\/queretaro-impulsa-el-futuro-aeroespacial-en-famex-universidades-y-empresas-se-unen-por-la-educacion\/#breadcrumb\"},\"inLanguage\":\"es\",\"potentialAction\":[{\"@type\":\"ReadAction\",\"target\":[\"https:\/\/www.nexoinformativo.mx\/index.php\/2025\/04\/24\/queretaro-impulsa-el-futuro-aeroespacial-en-famex-universidades-y-empresas-se-unen-por-la-educacion\/\"]}]},{\"@type\":\"ImageObject\",\"inLanguage\":\"es\",\"@id\":\"https:\/\/www.nexoinformativo.mx\/index.php\/2025\/04\/24\/queretaro-impulsa-el-futuro-aeroespacial-en-famex-universidades-y-empresas-se-unen-por-la-educacion\/#primaryimage\",\"url\":\"https:\/\/www.nexoinformativo.mx\/wp-content\/uploads\/2025\/04\/PHOTO-2025-04-24-07-12-02-e1745504930285.jpg\",\"contentUrl\":\"https:\/\/www.nexoinformativo.mx\/wp-content\/uploads\/2025\/04\/PHOTO-2025-04-24-07-12-02-e1745504930285.jpg\",\"width\":800,\"height\":533},{\"@type\":\"BreadcrumbList\",\"@id\":\"https:\/\/www.nexoinformativo.mx\/index.php\/2025\/04\/24\/queretaro-impulsa-el-futuro-aeroespacial-en-famex-universidades-y-empresas-se-unen-por-la-educacion\/#breadcrumb\",\"itemListElement\":[{\"@type\":\"ListItem\",\"position\":1,\"name\":\"Inicio\",\"item\":\"https:\/\/www.nexoinformativo.mx\/\"},{\"@type\":\"ListItem\",\"position\":2,\"name\":\"Quer\u00e9taro impulsa el futuro Aeroespacial en FAMEX Universidades y Empresas se unen por la educaci\u00f3n\"}]},{\"@type\":\"WebSite\",\"@id\":\"https:\/\/www.nexoinformativo.mx\/#website\",\"url\":\"https:\/\/www.nexoinformativo.mx\/\",\"name\":\"Nexo Informativo Santiago de Quer\u00e9taro\",\"description\":\"Explora NexoInformativo y convi\u00e9rtete en parte de una comunidad que valora el conocimiento y la verdad. Tu nexoinformativo es tu puente hacia una comprensi\u00f3n m\u00e1s profunda del mundo que te rodea.\",\"publisher\":{\"@id\":\"https:\/\/www.nexoinformativo.mx\/#organization\"},\"potentialAction\":[{\"@type\":\"SearchAction\",\"target\":{\"@type\":\"EntryPoint\",\"urlTemplate\":\"https:\/\/www.nexoinformativo.mx\/?s={search_term_string}\"},\"query-input\":{\"@type\":\"PropertyValueSpecification\",\"valueRequired\":true,\"valueName\":\"search_term_string\"}}],\"inLanguage\":\"es\"},{\"@type\":\"Organization\",\"@id\":\"https:\/\/www.nexoinformativo.mx\/#organization\",\"name\":\"Nexo Informativo Santiago de Quer\u00e9taro\",\"url\":\"https:\/\/www.nexoinformativo.mx\/\",\"logo\":{\"@type\":\"ImageObject\",\"inLanguage\":\"es\",\"@id\":\"https:\/\/www.nexoinformativo.mx\/#\/schema\/logo\/image\/\",\"url\":\"https:\/\/www.nexoinformativo.mx\/wp-content\/uploads\/2024\/07\/nexoi-trasparente-2.png\",\"contentUrl\":\"https:\/\/www.nexoinformativo.mx\/wp-content\/uploads\/2024\/07\/nexoi-trasparente-2.png\",\"width\":816,\"height\":339,\"caption\":\"Nexo Informativo Santiago de Quer\u00e9taro\"},\"image\":{\"@id\":\"https:\/\/www.nexoinformativo.mx\/#\/schema\/logo\/image\/\"},\"sameAs\":[\"https:\/\/www.facebook.com\/people\/Nexo-Informativo\/61564066885511\/\"]},{\"@type\":\"Person\",\"@id\":\"https:\/\/www.nexoinformativo.mx\/#\/schema\/person\/7749d380ba08c8ca00d7bc76fd907b7d\",\"name\":\"Nexo Informativo\",\"image\":{\"@type\":\"ImageObject\",\"inLanguage\":\"es\",\"@id\":\"https:\/\/www.nexoinformativo.mx\/#\/schema\/person\/image\/\",\"url\":\"https:\/\/secure.gravatar.com\/avatar\/dde2928154642a13d95f87ddf1ea9718fe2b46760a005c53e41ff5ad610704e6?s=96&d=mm&r=g\",\"contentUrl\":\"https:\/\/secure.gravatar.com\/avatar\/dde2928154642a13d95f87ddf1ea9718fe2b46760a005c53e41ff5ad610704e6?s=96&d=mm&r=g\",\"caption\":\"Nexo Informativo\"},\"url\":\"https:\/\/www.nexoinformativo.mx\/index.php\/author\/edicion\/\"}]}<\/script>\n<!-- \/ Yoast SEO plugin. -->","yoast_head_json":{"title":"Quer\u00e9taro impulsa el futuro Aeroespacial en FAMEX Universidades y Empresas se unen por la educaci\u00f3n | Nexo Informativo Santiago de Quer\u00e9taro","description":"Quer\u00e9taro impulsa el futuro Aeroespacial en FAMEX Universidades y Empresas se unen por la educaci\u00f3n","robots":{"index":"index","follow":"follow","max-snippet":"max-snippet:-1","max-image-preview":"max-image-preview:large","max-video-preview":"max-video-preview:-1"},"canonical":"https:\/\/www.nexoinformativo.mx\/index.php\/2025\/04\/24\/queretaro-impulsa-el-futuro-aeroespacial-en-famex-universidades-y-empresas-se-unen-por-la-educacion\/","og_locale":"es_MX","og_type":"article","og_title":"Quer\u00e9taro impulsa el futuro Aeroespacial en FAMEX Universidades y Empresas se unen por la educaci\u00f3n | Nexo Informativo Santiago de Quer\u00e9taro","og_description":"Quer\u00e9taro impulsa el futuro Aeroespacial en FAMEX Universidades y Empresas se unen por la educaci\u00f3n","og_url":"https:\/\/www.nexoinformativo.mx\/index.php\/2025\/04\/24\/queretaro-impulsa-el-futuro-aeroespacial-en-famex-universidades-y-empresas-se-unen-por-la-educacion\/","og_site_name":"Nexo Informativo Santiago de Quer\u00e9taro","article_publisher":"https:\/\/www.facebook.com\/people\/Nexo-Informativo\/61564066885511\/","article_published_time":"2025-04-24T14:00:36+00:00","article_modified_time":"2025-04-24T14:35:14+00:00","og_image":[{"width":800,"height":533,"url":"https:\/\/www.nexoinformativo.mx\/wp-content\/uploads\/2025\/04\/PHOTO-2025-04-24-07-12-02-e1745504930285.jpg","type":"image\/jpeg"}],"author":"Nexo Informativo","twitter_card":"summary_large_image","twitter_misc":{"Escrito por":"Nexo Informativo","Tiempo de lectura":"2 minutos"},"schema":{"@context":"https:\/\/schema.org","@graph":[{"@type":"Article","@id":"https:\/\/www.nexoinformativo.mx\/index.php\/2025\/04\/24\/queretaro-impulsa-el-futuro-aeroespacial-en-famex-universidades-y-empresas-se-unen-por-la-educacion\/#article","isPartOf":{"@id":"https:\/\/www.nexoinformativo.mx\/index.php\/2025\/04\/24\/queretaro-impulsa-el-futuro-aeroespacial-en-famex-universidades-y-empresas-se-unen-por-la-educacion\/"},"author":{"name":"Nexo Informativo","@id":"https:\/\/www.nexoinformativo.mx\/#\/schema\/person\/7749d380ba08c8ca00d7bc76fd907b7d"},"headline":"Quer\u00e9taro impulsa el futuro Aeroespacial en FAMEX Universidades y Empresas se unen por la educaci\u00f3n","datePublished":"2025-04-24T14:00:36+00:00","dateModified":"2025-04-24T14:35:14+00:00","mainEntityOfPage":{"@id":"https:\/\/www.nexoinformativo.mx\/index.php\/2025\/04\/24\/queretaro-impulsa-el-futuro-aeroespacial-en-famex-universidades-y-empresas-se-unen-por-la-educacion\/"},"wordCount":437,"commentCount":0,"publisher":{"@id":"https:\/\/www.nexoinformativo.mx\/#organization"},"image":{"@id":"https:\/\/www.nexoinformativo.mx\/index.php\/2025\/04\/24\/queretaro-impulsa-el-futuro-aeroespacial-en-famex-universidades-y-empresas-se-unen-por-la-educacion\/#primaryimage"},"thumbnailUrl":"https:\/\/www.nexoinformativo.mx\/wp-content\/uploads\/2025\/04\/PHOTO-2025-04-24-07-12-02-e1745504930285.jpg","keywords":["AeroespacialQro","Educaci\u00f3nAeroespacial","FAMEX2025","UNAQ"],"articleSection":["Estado","\u00daltima Hora"],"inLanguage":"es","potentialAction":[{"@type":"CommentAction","name":"Comment","target":["https:\/\/www.nexoinformativo.mx\/index.php\/2025\/04\/24\/queretaro-impulsa-el-futuro-aeroespacial-en-famex-universidades-y-empresas-se-unen-por-la-educacion\/#respond"]}]},{"@type":"WebPage","@id":"https:\/\/www.nexoinformativo.mx\/index.php\/2025\/04\/24\/queretaro-impulsa-el-futuro-aeroespacial-en-famex-universidades-y-empresas-se-unen-por-la-educacion\/","url":"https:\/\/www.nexoinformativo.mx\/index.php\/2025\/04\/24\/queretaro-impulsa-el-futuro-aeroespacial-en-famex-universidades-y-empresas-se-unen-por-la-educacion\/","name":"Quer\u00e9taro impulsa el futuro Aeroespacial en FAMEX Universidades y Empresas se unen por la educaci\u00f3n | Nexo Informativo Santiago de Quer\u00e9taro","isPartOf":{"@id":"https:\/\/www.nexoinformativo.mx\/#website"},"primaryImageOfPage":{"@id":"https:\/\/www.nexoinformativo.mx\/index.php\/2025\/04\/24\/queretaro-impulsa-el-futuro-aeroespacial-en-famex-universidades-y-empresas-se-unen-por-la-educacion\/#primaryimage"},"image":{"@id":"https:\/\/www.nexoinformativo.mx\/index.php\/2025\/04\/24\/queretaro-impulsa-el-futuro-aeroespacial-en-famex-universidades-y-empresas-se-unen-por-la-educacion\/#primaryimage"},"thumbnailUrl":"https:\/\/www.nexoinformativo.mx\/wp-content\/uploads\/2025\/04\/PHOTO-2025-04-24-07-12-02-e1745504930285.jpg","datePublished":"2025-04-24T14:00:36+00:00","dateModified":"2025-04-24T14:35:14+00:00","description":"Quer\u00e9taro impulsa el futuro Aeroespacial en FAMEX Universidades y Empresas se unen por la educaci\u00f3n","breadcrumb":{"@id":"https:\/\/www.nexoinformativo.mx\/index.php\/2025\/04\/24\/queretaro-impulsa-el-futuro-aeroespacial-en-famex-universidades-y-empresas-se-unen-por-la-educacion\/#breadcrumb"},"inLanguage":"es","potentialAction":[{"@type":"ReadAction","target":["https:\/\/www.nexoinformativo.mx\/index.php\/2025\/04\/24\/queretaro-impulsa-el-futuro-aeroespacial-en-famex-universidades-y-empresas-se-unen-por-la-educacion\/"]}]},{"@type":"ImageObject","inLanguage":"es","@id":"https:\/\/www.nexoinformativo.mx\/index.php\/2025\/04\/24\/queretaro-impulsa-el-futuro-aeroespacial-en-famex-universidades-y-empresas-se-unen-por-la-educacion\/#primaryimage","url":"https:\/\/www.nexoinformativo.mx\/wp-content\/uploads\/2025\/04\/PHOTO-2025-04-24-07-12-02-e1745504930285.jpg","contentUrl":"https:\/\/www.nexoinformativo.mx\/wp-content\/uploads\/2025\/04\/PHOTO-2025-04-24-07-12-02-e1745504930285.jpg","width":800,"height":533},{"@type":"BreadcrumbList","@id":"https:\/\/www.nexoinformativo.mx\/index.php\/2025\/04\/24\/queretaro-impulsa-el-futuro-aeroespacial-en-famex-universidades-y-empresas-se-unen-por-la-educacion\/#breadcrumb","itemListElement":[{"@type":"ListItem","position":1,"name":"Inicio","item":"https:\/\/www.nexoinformativo.mx\/"},{"@type":"ListItem","position":2,"name":"Quer\u00e9taro impulsa el futuro Aeroespacial en FAMEX Universidades y Empresas se unen por la educaci\u00f3n"}]},{"@type":"WebSite","@id":"https:\/\/www.nexoinformativo.mx\/#website","url":"https:\/\/www.nexoinformativo.mx\/","name":"Nexo Informativo Santiago de Quer\u00e9taro","description":"Explora NexoInformativo y convi\u00e9rtete en parte de una comunidad que valora el conocimiento y la verdad. Tu nexoinformativo es tu puente hacia una comprensi\u00f3n m\u00e1s profunda del mundo que te rodea.","publisher":{"@id":"https:\/\/www.nexoinformativo.mx\/#organization"},"potentialAction":[{"@type":"SearchAction","target":{"@type":"EntryPoint","urlTemplate":"https:\/\/www.nexoinformativo.mx\/?s={search_term_string}"},"query-input":{"@type":"PropertyValueSpecification","valueRequired":true,"valueName":"search_term_string"}}],"inLanguage":"es"},{"@type":"Organization","@id":"https:\/\/www.nexoinformativo.mx\/#organization","name":"Nexo Informativo Santiago de Quer\u00e9taro","url":"https:\/\/www.nexoinformativo.mx\/","logo":{"@type":"ImageObject","inLanguage":"es","@id":"https:\/\/www.nexoinformativo.mx\/#\/schema\/logo\/image\/","url":"https:\/\/www.nexoinformativo.mx\/wp-content\/uploads\/2024\/07\/nexoi-trasparente-2.png","contentUrl":"https:\/\/www.nexoinformativo.mx\/wp-content\/uploads\/2024\/07\/nexoi-trasparente-2.png","width":816,"height":339,"caption":"Nexo Informativo Santiago de Quer\u00e9taro"},"image":{"@id":"https:\/\/www.nexoinformativo.mx\/#\/schema\/logo\/image\/"},"sameAs":["https:\/\/www.facebook.com\/people\/Nexo-Informativo\/61564066885511\/"]},{"@type":"Person","@id":"https:\/\/www.nexoinformativo.mx\/#\/schema\/person\/7749d380ba08c8ca00d7bc76fd907b7d","name":"Nexo Informativo","image":{"@type":"ImageObject","inLanguage":"es","@id":"https:\/\/www.nexoinformativo.mx\/#\/schema\/person\/image\/","url":"https:\/\/secure.gravatar.com\/avatar\/dde2928154642a13d95f87ddf1ea9718fe2b46760a005c53e41ff5ad610704e6?s=96&d=mm&r=g","contentUrl":"https:\/\/secure.gravatar.com\/avatar\/dde2928154642a13d95f87ddf1ea9718fe2b46760a005c53e41ff5ad610704e6?s=96&d=mm&r=g","caption":"Nexo Informativo"},"url":"https:\/\/www.nexoinformativo.mx\/index.php\/author\/edicion\/"}]}},"_links":{"self":[{"href":"https:\/\/www.nexoinformativo.mx\/index.php\/wp-json\/wp\/v2\/posts\/14468","targetHints":{"allow":["GET"]}}],"collection":[{"href":"https:\/\/www.nexoinformativo.mx\/index.php\/wp-json\/wp\/v2\/posts"}],"about":[{"href":"https:\/\/www.nexoinformativo.mx\/index.php\/wp-json\/wp\/v2\/types\/post"}],"author":[{"embeddable":true,"href":"https:\/\/www.nexoinformativo.mx\/index.php\/wp-json\/wp\/v2\/users\/3"}],"replies":[{"embeddable":true,"href":"https:\/\/www.nexoinformativo.mx\/index.php\/wp-json\/wp\/v2\/comments?post=14468"}],"version-history":[{"count":5,"href":"https:\/\/www.nexoinformativo.mx\/index.php\/wp-json\/wp\/v2\/posts\/14468\/revisions"}],"predecessor-version":[{"id":14474,"href":"https:\/\/www.nexoinformativo.mx\/index.php\/wp-json\/wp\/v2\/posts\/14468\/revisions\/14474"}],"wp:featuredmedia":[{"embeddable":true,"href":"https:\/\/www.nexoinformativo.mx\/index.php\/wp-json\/wp\/v2\/media\/14469"}],"wp:attachment":[{"href":"https:\/\/www.nexoinformativo.mx\/index.php\/wp-json\/wp\/v2\/media?parent=14468"}],"wp:term":[{"taxonomy":"category","embeddable":true,"href":"https:\/\/www.nexoinformativo.mx\/index.php\/wp-json\/wp\/v2\/categories?post=14468"},{"taxonomy":"post_tag","embeddable":true,"href":"https:\/\/www.nexoinformativo.mx\/index.php\/wp-json\/wp\/v2\/tags?post=14468"}],"curies":[{"name":"wp","href":"https:\/\/api.w.org\/{rel}","templated":true}]}}