{"id":14488,"date":"2025-04-25T08:00:09","date_gmt":"2025-04-25T14:00:09","guid":{"rendered":"https:\/\/www.nexoinformativo.mx\/?p=14488"},"modified":"2025-04-25T21:43:41","modified_gmt":"2025-04-26T03:43:41","slug":"la-prevencion-salva-vidas-sheinbaum-llama-a-sumarse-al-gran-simulacro-nacional-del-29-de-abril","status":"publish","type":"post","link":"https:\/\/www.nexoinformativo.mx\/index.php\/2025\/04\/25\/la-prevencion-salva-vidas-sheinbaum-llama-a-sumarse-al-gran-simulacro-nacional-del-29-de-abril\/","title":{"rendered":"La prevenci\u00f3n salva vidas Sheinbaum llama a sumarse al gran Simulacro Nacional del 29 de abril"},"content":{"rendered":"<p style=\"text-align: justify;\" data-sourcepos=\"11:1-11:387\">La Presidenta de M\u00e9xico, Claudia Sheinbaum, hizo un llamado en\u00e9rgico a toda la ciudadan\u00eda a participar activamente en el <strong>Primer Simulacro Nacional 2025<\/strong>, programado para el pr\u00f3ximo martes 29 de abril a las 11:30 horas (tiempo del centro).<\/p>\n<p>&nbsp;<\/p>\n<p style=\"text-align: justify;\" data-sourcepos=\"11:1-11:387\">El ejercicio se realizar\u00e1 bajo la hip\u00f3tesis de un sismo de magnitud 8.1 con epicentro en el Golfo de Tehuantepec. &#8220;La prevenci\u00f3n es nuestra fuerza, en el caso de la Protecci\u00f3n Civil y en otros temas, pero en particular en el caso de la Protecci\u00f3n Civil, entonces que todos participemos en los simulacros para saber qu\u00e9 hacer, c\u00f3mo tenemos que comportarnos es muy importante&#8221;, enfatiz\u00f3 la Presidenta.<\/p>\n<p>&nbsp;<\/p>\n<p style=\"text-align: justify;\" data-sourcepos=\"15:1-15:300\">La coordinadora nacional de Protecci\u00f3n Civil, Laura Vel\u00e1zquez, destac\u00f3 la relevancia de este simulacro como un ejercicio preventivo fundamental para fortalecer la capacidad de respuesta y preparaci\u00f3n ante posibles emergencias, involucrando a todos los niveles de gobierno y a la sociedad civil.<\/p>\n<p>&nbsp;<\/p>\n<p style=\"text-align: justify;\" data-sourcepos=\"17:1-17:260\">La Alerta S\u00edsmica se activar\u00e1 en 11 estados de la Rep\u00fablica: Chiapas, Ciudad de M\u00e9xico, Colima, Estado de M\u00e9xico, Guerrero, Jalisco, Michoac\u00e1n, Morelos, Oaxaca, Puebla y Tlaxcala, a trav\u00e9s de 14 mil 491 altavoces, adem\u00e1s de transmitirse por radio y televisi\u00f3n.<\/p>\n<p>&nbsp;<\/p>\n<p style=\"text-align: justify;\" data-sourcepos=\"19:1-19:317\">En la CDMX, se llevar\u00e1 a cabo la segunda prueba de alertamiento s\u00edsmico a trav\u00e9s de tel\u00e9fonos celulares, con el mensaje &#8220;Este es un simulacro&#8221; llegando a aproximadamente 5 millones de usuarios. Esta acci\u00f3n es coordinada con la Agencia de Transformaci\u00f3n Digital y Telecomunicaciones del Gobierno de M\u00e9xico.<\/p>\n<p>&nbsp;<\/p>\n<p style=\"text-align: justify;\" data-sourcepos=\"21:1-21:180\">De manera simult\u00e1nea, la Secretar\u00eda de Marina realizar\u00e1 un ejercicio de alerta de tsunami en el Oc\u00e9ano Pac\u00edfico para evaluar los protocolos de respuesta ante este fen\u00f3meno natural.<\/p>\n<p>&nbsp;<\/p>\n<p style=\"text-align: justify;\" data-sourcepos=\"23:1-23:293\">Tras la realizaci\u00f3n del simulacro, sesionar\u00e1 el Comit\u00e9 Nacional de Emergencias, encabezado por el secretario de Seguridad y Protecci\u00f3n Ciudadana, Omar Garc\u00eda Harfuch, con la participaci\u00f3n de todo el Gabinete Legal y Ampliado, as\u00ed como la conexi\u00f3n virtual de los gobernadores de los 32 estados.<\/p>\n<p>&nbsp;<\/p>\n<p style=\"text-align: justify;\" data-sourcepos=\"25:1-25:418\">Se invita a todos los mexicanos a registrar sus inmuebles (hogares, escuelas, lugares de trabajo o recreativos) en la plataforma digital <a href=\"https:\/\/simulacronacional.sspc.gob.mx\/1ersimulacronacional2025\/\" target=\"_blank\" rel=\"noopener\">https:\/\/simulacronacional.sspc.gob.mx\/1ersimulacronacional2025\/<\/a>.<\/p>\n<p style=\"text-align: justify;\" data-sourcepos=\"25:1-25:418\">Esta herramienta permitir\u00e1 evaluar y\/o dise\u00f1ar planes internos de protecci\u00f3n civil, identificando riesgos, rutas de evacuaci\u00f3n y puntos de encuentro.<\/p>\n<p>&nbsp;<\/p>\n<p style=\"text-align: center;\" data-sourcepos=\"25:1-25:418\"><em><strong>\u00a1Informaci\u00f3n que transforma!<\/strong><\/em><\/p>\n","protected":false},"excerpt":{"rendered":"<p>La Presidenta de M\u00e9xico, Claudia Sheinbaum, hizo un llamado en\u00e9rgico a toda la ciudadan\u00eda a participar activamente en el Primer Simulacro Nacional 2025, programado para el pr\u00f3ximo martes 29 de abril a las 11:30 horas (tiempo del centro).<\/p>\n","protected":false},"author":3,"featured_media":14489,"comment_status":"open","ping_status":"open","sticky":false,"template":"","format":"standard","meta":{"footnotes":""},"categories":[88,58],"tags":[4289,4288,154,4287],"class_list":["post-14488","post","type-post","status-publish","format-standard","has-post-thumbnail","hentry","category-nacional","category-ultima-hora","tag-alertasismica","tag-prevencionsismica","tag-proteccioncivil","tag-simulacronacional2025"],"yoast_head":"<!-- This site is optimized with the Yoast SEO plugin v25.0 - https:\/\/yoast.com\/wordpress\/plugins\/seo\/ -->\n<title>La prevenci\u00f3n salva vidas Sheinbaum llama a sumarse al gran Simulacro Nacional del 29 de abril | Nexo Informativo Santiago de Quer\u00e9taro<\/title>\n<meta name=\"description\" content=\"La prevenci\u00f3n salva vidas Sheinbaum llama a sumarse al gran Simulacro Nacional del 29 de abril\" \/>\n<meta name=\"robots\" content=\"index, follow, max-snippet:-1, max-image-preview:large, max-video-preview:-1\" \/>\n<link rel=\"canonical\" href=\"https:\/\/www.nexoinformativo.mx\/index.php\/2025\/04\/25\/la-prevencion-salva-vidas-sheinbaum-llama-a-sumarse-al-gran-simulacro-nacional-del-29-de-abril\/\" \/>\n<meta property=\"og:locale\" content=\"es_MX\" \/>\n<meta property=\"og:type\" content=\"article\" \/>\n<meta property=\"og:title\" content=\"La prevenci\u00f3n salva vidas Sheinbaum llama a sumarse al gran Simulacro Nacional del 29 de abril | Nexo Informativo Santiago de Quer\u00e9taro\" \/>\n<meta property=\"og:description\" content=\"La prevenci\u00f3n salva vidas Sheinbaum llama a sumarse al gran Simulacro Nacional del 29 de abril\" \/>\n<meta property=\"og:url\" content=\"https:\/\/www.nexoinformativo.mx\/index.php\/2025\/04\/25\/la-prevencion-salva-vidas-sheinbaum-llama-a-sumarse-al-gran-simulacro-nacional-del-29-de-abril\/\" \/>\n<meta property=\"og:site_name\" content=\"Nexo Informativo Santiago de Quer\u00e9taro\" \/>\n<meta property=\"article:publisher\" content=\"https:\/\/www.facebook.com\/people\/Nexo-Informativo\/61564066885511\/\" \/>\n<meta property=\"article:published_time\" content=\"2025-04-25T14:00:09+00:00\" \/>\n<meta property=\"article:modified_time\" content=\"2025-04-26T03:43:41+00:00\" \/>\n<meta property=\"og:image\" content=\"https:\/\/www.nexoinformativo.mx\/wp-content\/uploads\/2025\/04\/IMG_2573.jpg\" \/>\n\t<meta property=\"og:image:width\" content=\"640\" \/>\n\t<meta property=\"og:image:height\" content=\"380\" \/>\n\t<meta property=\"og:image:type\" content=\"image\/jpeg\" \/>\n<meta name=\"author\" content=\"Nexo Informativo\" \/>\n<meta name=\"twitter:card\" content=\"summary_large_image\" \/>\n<meta name=\"twitter:label1\" content=\"Escrito por\" \/>\n\t<meta name=\"twitter:data1\" content=\"Nexo Informativo\" \/>\n\t<meta name=\"twitter:label2\" content=\"Tiempo de lectura\" \/>\n\t<meta name=\"twitter:data2\" content=\"2 minutos\" \/>\n<script type=\"application\/ld+json\" class=\"yoast-schema-graph\">{\"@context\":\"https:\/\/schema.org\",\"@graph\":[{\"@type\":\"Article\",\"@id\":\"https:\/\/www.nexoinformativo.mx\/index.php\/2025\/04\/25\/la-prevencion-salva-vidas-sheinbaum-llama-a-sumarse-al-gran-simulacro-nacional-del-29-de-abril\/#article\",\"isPartOf\":{\"@id\":\"https:\/\/www.nexoinformativo.mx\/index.php\/2025\/04\/25\/la-prevencion-salva-vidas-sheinbaum-llama-a-sumarse-al-gran-simulacro-nacional-del-29-de-abril\/\"},\"author\":{\"name\":\"Nexo Informativo\",\"@id\":\"https:\/\/www.nexoinformativo.mx\/#\/schema\/person\/7749d380ba08c8ca00d7bc76fd907b7d\"},\"headline\":\"La prevenci\u00f3n salva vidas Sheinbaum llama a sumarse al gran Simulacro Nacional del 29 de abril\",\"datePublished\":\"2025-04-25T14:00:09+00:00\",\"dateModified\":\"2025-04-26T03:43:41+00:00\",\"mainEntityOfPage\":{\"@id\":\"https:\/\/www.nexoinformativo.mx\/index.php\/2025\/04\/25\/la-prevencion-salva-vidas-sheinbaum-llama-a-sumarse-al-gran-simulacro-nacional-del-29-de-abril\/\"},\"wordCount\":415,\"commentCount\":0,\"publisher\":{\"@id\":\"https:\/\/www.nexoinformativo.mx\/#organization\"},\"image\":{\"@id\":\"https:\/\/www.nexoinformativo.mx\/index.php\/2025\/04\/25\/la-prevencion-salva-vidas-sheinbaum-llama-a-sumarse-al-gran-simulacro-nacional-del-29-de-abril\/#primaryimage\"},\"thumbnailUrl\":\"https:\/\/www.nexoinformativo.mx\/wp-content\/uploads\/2025\/04\/IMG_2573.jpg\",\"keywords\":[\"AlertaS\u00edsmica\",\"Prevenci\u00f3nS\u00edsmica\",\"proteccioncivil\",\"SimulacroNacional2025\"],\"articleSection\":[\"Nacional\",\"\u00daltima Hora\"],\"inLanguage\":\"es\",\"potentialAction\":[{\"@type\":\"CommentAction\",\"name\":\"Comment\",\"target\":[\"https:\/\/www.nexoinformativo.mx\/index.php\/2025\/04\/25\/la-prevencion-salva-vidas-sheinbaum-llama-a-sumarse-al-gran-simulacro-nacional-del-29-de-abril\/#respond\"]}]},{\"@type\":\"WebPage\",\"@id\":\"https:\/\/www.nexoinformativo.mx\/index.php\/2025\/04\/25\/la-prevencion-salva-vidas-sheinbaum-llama-a-sumarse-al-gran-simulacro-nacional-del-29-de-abril\/\",\"url\":\"https:\/\/www.nexoinformativo.mx\/index.php\/2025\/04\/25\/la-prevencion-salva-vidas-sheinbaum-llama-a-sumarse-al-gran-simulacro-nacional-del-29-de-abril\/\",\"name\":\"La prevenci\u00f3n salva vidas Sheinbaum llama a sumarse al gran Simulacro Nacional del 29 de abril | Nexo Informativo Santiago de Quer\u00e9taro\",\"isPartOf\":{\"@id\":\"https:\/\/www.nexoinformativo.mx\/#website\"},\"primaryImageOfPage\":{\"@id\":\"https:\/\/www.nexoinformativo.mx\/index.php\/2025\/04\/25\/la-prevencion-salva-vidas-sheinbaum-llama-a-sumarse-al-gran-simulacro-nacional-del-29-de-abril\/#primaryimage\"},\"image\":{\"@id\":\"https:\/\/www.nexoinformativo.mx\/index.php\/2025\/04\/25\/la-prevencion-salva-vidas-sheinbaum-llama-a-sumarse-al-gran-simulacro-nacional-del-29-de-abril\/#primaryimage\"},\"thumbnailUrl\":\"https:\/\/www.nexoinformativo.mx\/wp-content\/uploads\/2025\/04\/IMG_2573.jpg\",\"datePublished\":\"2025-04-25T14:00:09+00:00\",\"dateModified\":\"2025-04-26T03:43:41+00:00\",\"description\":\"La prevenci\u00f3n salva vidas Sheinbaum llama a sumarse al gran Simulacro Nacional del 29 de abril\",\"breadcrumb\":{\"@id\":\"https:\/\/www.nexoinformativo.mx\/index.php\/2025\/04\/25\/la-prevencion-salva-vidas-sheinbaum-llama-a-sumarse-al-gran-simulacro-nacional-del-29-de-abril\/#breadcrumb\"},\"inLanguage\":\"es\",\"potentialAction\":[{\"@type\":\"ReadAction\",\"target\":[\"https:\/\/www.nexoinformativo.mx\/index.php\/2025\/04\/25\/la-prevencion-salva-vidas-sheinbaum-llama-a-sumarse-al-gran-simulacro-nacional-del-29-de-abril\/\"]}]},{\"@type\":\"ImageObject\",\"inLanguage\":\"es\",\"@id\":\"https:\/\/www.nexoinformativo.mx\/index.php\/2025\/04\/25\/la-prevencion-salva-vidas-sheinbaum-llama-a-sumarse-al-gran-simulacro-nacional-del-29-de-abril\/#primaryimage\",\"url\":\"https:\/\/www.nexoinformativo.mx\/wp-content\/uploads\/2025\/04\/IMG_2573.jpg\",\"contentUrl\":\"https:\/\/www.nexoinformativo.mx\/wp-content\/uploads\/2025\/04\/IMG_2573.jpg\",\"width\":640,\"height\":380,\"caption\":\"Cuauht\u00e9moc, Ciudad de M\u00e9xico, M\u00e9xico, 25 de abril de 2025. La doctora Claudia Sheinbaum Pardo, presidenta Constitucional de los Estados Unidos Mexicanos en conferencia de prensa matutina \u201cLas ma\u00f1aneras del pueblo\u201d, en el Sal\u00f3n Tesorer\u00eda de Palacio Nacional. La acompa\u00f1an Marath Baruch Bola\u00f1os, Secretario del Trabajo y Previsi\u00f3n Social; Laura Vel\u00e1zquez Alz\u00faa, coordinadora Nacional de Protecci\u00f3n Civil y Bulmaro Ju\u00e1rez P\u00e9rez, divulgador de lenguas ind\u00edgenas, presentador de la secci\u00f3n \u201cSuave Patria\u201d. Foto: Presidencia\"},{\"@type\":\"BreadcrumbList\",\"@id\":\"https:\/\/www.nexoinformativo.mx\/index.php\/2025\/04\/25\/la-prevencion-salva-vidas-sheinbaum-llama-a-sumarse-al-gran-simulacro-nacional-del-29-de-abril\/#breadcrumb\",\"itemListElement\":[{\"@type\":\"ListItem\",\"position\":1,\"name\":\"Inicio\",\"item\":\"https:\/\/www.nexoinformativo.mx\/\"},{\"@type\":\"ListItem\",\"position\":2,\"name\":\"La prevenci\u00f3n salva vidas Sheinbaum llama a sumarse al gran Simulacro Nacional del 29 de abril\"}]},{\"@type\":\"WebSite\",\"@id\":\"https:\/\/www.nexoinformativo.mx\/#website\",\"url\":\"https:\/\/www.nexoinformativo.mx\/\",\"name\":\"Nexo Informativo Santiago de Quer\u00e9taro\",\"description\":\"Explora NexoInformativo y convi\u00e9rtete en parte de una comunidad que valora el conocimiento y la verdad. Tu nexoinformativo es tu puente hacia una comprensi\u00f3n m\u00e1s profunda del mundo que te rodea.\",\"publisher\":{\"@id\":\"https:\/\/www.nexoinformativo.mx\/#organization\"},\"potentialAction\":[{\"@type\":\"SearchAction\",\"target\":{\"@type\":\"EntryPoint\",\"urlTemplate\":\"https:\/\/www.nexoinformativo.mx\/?s={search_term_string}\"},\"query-input\":{\"@type\":\"PropertyValueSpecification\",\"valueRequired\":true,\"valueName\":\"search_term_string\"}}],\"inLanguage\":\"es\"},{\"@type\":\"Organization\",\"@id\":\"https:\/\/www.nexoinformativo.mx\/#organization\",\"name\":\"Nexo Informativo Santiago de Quer\u00e9taro\",\"url\":\"https:\/\/www.nexoinformativo.mx\/\",\"logo\":{\"@type\":\"ImageObject\",\"inLanguage\":\"es\",\"@id\":\"https:\/\/www.nexoinformativo.mx\/#\/schema\/logo\/image\/\",\"url\":\"https:\/\/www.nexoinformativo.mx\/wp-content\/uploads\/2024\/07\/nexoi-trasparente-2.png\",\"contentUrl\":\"https:\/\/www.nexoinformativo.mx\/wp-content\/uploads\/2024\/07\/nexoi-trasparente-2.png\",\"width\":816,\"height\":339,\"caption\":\"Nexo Informativo Santiago de Quer\u00e9taro\"},\"image\":{\"@id\":\"https:\/\/www.nexoinformativo.mx\/#\/schema\/logo\/image\/\"},\"sameAs\":[\"https:\/\/www.facebook.com\/people\/Nexo-Informativo\/61564066885511\/\"]},{\"@type\":\"Person\",\"@id\":\"https:\/\/www.nexoinformativo.mx\/#\/schema\/person\/7749d380ba08c8ca00d7bc76fd907b7d\",\"name\":\"Nexo Informativo\",\"image\":{\"@type\":\"ImageObject\",\"inLanguage\":\"es\",\"@id\":\"https:\/\/www.nexoinformativo.mx\/#\/schema\/person\/image\/\",\"url\":\"https:\/\/secure.gravatar.com\/avatar\/dde2928154642a13d95f87ddf1ea9718fe2b46760a005c53e41ff5ad610704e6?s=96&d=mm&r=g\",\"contentUrl\":\"https:\/\/secure.gravatar.com\/avatar\/dde2928154642a13d95f87ddf1ea9718fe2b46760a005c53e41ff5ad610704e6?s=96&d=mm&r=g\",\"caption\":\"Nexo Informativo\"},\"url\":\"https:\/\/www.nexoinformativo.mx\/index.php\/author\/edicion\/\"}]}<\/script>\n<!-- \/ Yoast SEO plugin. -->","yoast_head_json":{"title":"La prevenci\u00f3n salva vidas Sheinbaum llama a sumarse al gran Simulacro Nacional del 29 de abril | Nexo Informativo Santiago de Quer\u00e9taro","description":"La prevenci\u00f3n salva vidas Sheinbaum llama a sumarse al gran Simulacro Nacional del 29 de abril","robots":{"index":"index","follow":"follow","max-snippet":"max-snippet:-1","max-image-preview":"max-image-preview:large","max-video-preview":"max-video-preview:-1"},"canonical":"https:\/\/www.nexoinformativo.mx\/index.php\/2025\/04\/25\/la-prevencion-salva-vidas-sheinbaum-llama-a-sumarse-al-gran-simulacro-nacional-del-29-de-abril\/","og_locale":"es_MX","og_type":"article","og_title":"La prevenci\u00f3n salva vidas Sheinbaum llama a sumarse al gran Simulacro Nacional del 29 de abril | Nexo Informativo Santiago de Quer\u00e9taro","og_description":"La prevenci\u00f3n salva vidas Sheinbaum llama a sumarse al gran Simulacro Nacional del 29 de abril","og_url":"https:\/\/www.nexoinformativo.mx\/index.php\/2025\/04\/25\/la-prevencion-salva-vidas-sheinbaum-llama-a-sumarse-al-gran-simulacro-nacional-del-29-de-abril\/","og_site_name":"Nexo Informativo Santiago de Quer\u00e9taro","article_publisher":"https:\/\/www.facebook.com\/people\/Nexo-Informativo\/61564066885511\/","article_published_time":"2025-04-25T14:00:09+00:00","article_modified_time":"2025-04-26T03:43:41+00:00","og_image":[{"width":640,"height":380,"url":"https:\/\/www.nexoinformativo.mx\/wp-content\/uploads\/2025\/04\/IMG_2573.jpg","type":"image\/jpeg"}],"author":"Nexo Informativo","twitter_card":"summary_large_image","twitter_misc":{"Escrito por":"Nexo Informativo","Tiempo de lectura":"2 minutos"},"schema":{"@context":"https:\/\/schema.org","@graph":[{"@type":"Article","@id":"https:\/\/www.nexoinformativo.mx\/index.php\/2025\/04\/25\/la-prevencion-salva-vidas-sheinbaum-llama-a-sumarse-al-gran-simulacro-nacional-del-29-de-abril\/#article","isPartOf":{"@id":"https:\/\/www.nexoinformativo.mx\/index.php\/2025\/04\/25\/la-prevencion-salva-vidas-sheinbaum-llama-a-sumarse-al-gran-simulacro-nacional-del-29-de-abril\/"},"author":{"name":"Nexo Informativo","@id":"https:\/\/www.nexoinformativo.mx\/#\/schema\/person\/7749d380ba08c8ca00d7bc76fd907b7d"},"headline":"La prevenci\u00f3n salva vidas Sheinbaum llama a sumarse al gran Simulacro Nacional del 29 de abril","datePublished":"2025-04-25T14:00:09+00:00","dateModified":"2025-04-26T03:43:41+00:00","mainEntityOfPage":{"@id":"https:\/\/www.nexoinformativo.mx\/index.php\/2025\/04\/25\/la-prevencion-salva-vidas-sheinbaum-llama-a-sumarse-al-gran-simulacro-nacional-del-29-de-abril\/"},"wordCount":415,"commentCount":0,"publisher":{"@id":"https:\/\/www.nexoinformativo.mx\/#organization"},"image":{"@id":"https:\/\/www.nexoinformativo.mx\/index.php\/2025\/04\/25\/la-prevencion-salva-vidas-sheinbaum-llama-a-sumarse-al-gran-simulacro-nacional-del-29-de-abril\/#primaryimage"},"thumbnailUrl":"https:\/\/www.nexoinformativo.mx\/wp-content\/uploads\/2025\/04\/IMG_2573.jpg","keywords":["AlertaS\u00edsmica","Prevenci\u00f3nS\u00edsmica","proteccioncivil","SimulacroNacional2025"],"articleSection":["Nacional","\u00daltima Hora"],"inLanguage":"es","potentialAction":[{"@type":"CommentAction","name":"Comment","target":["https:\/\/www.nexoinformativo.mx\/index.php\/2025\/04\/25\/la-prevencion-salva-vidas-sheinbaum-llama-a-sumarse-al-gran-simulacro-nacional-del-29-de-abril\/#respond"]}]},{"@type":"WebPage","@id":"https:\/\/www.nexoinformativo.mx\/index.php\/2025\/04\/25\/la-prevencion-salva-vidas-sheinbaum-llama-a-sumarse-al-gran-simulacro-nacional-del-29-de-abril\/","url":"https:\/\/www.nexoinformativo.mx\/index.php\/2025\/04\/25\/la-prevencion-salva-vidas-sheinbaum-llama-a-sumarse-al-gran-simulacro-nacional-del-29-de-abril\/","name":"La prevenci\u00f3n salva vidas Sheinbaum llama a sumarse al gran Simulacro Nacional del 29 de abril | Nexo Informativo Santiago de Quer\u00e9taro","isPartOf":{"@id":"https:\/\/www.nexoinformativo.mx\/#website"},"primaryImageOfPage":{"@id":"https:\/\/www.nexoinformativo.mx\/index.php\/2025\/04\/25\/la-prevencion-salva-vidas-sheinbaum-llama-a-sumarse-al-gran-simulacro-nacional-del-29-de-abril\/#primaryimage"},"image":{"@id":"https:\/\/www.nexoinformativo.mx\/index.php\/2025\/04\/25\/la-prevencion-salva-vidas-sheinbaum-llama-a-sumarse-al-gran-simulacro-nacional-del-29-de-abril\/#primaryimage"},"thumbnailUrl":"https:\/\/www.nexoinformativo.mx\/wp-content\/uploads\/2025\/04\/IMG_2573.jpg","datePublished":"2025-04-25T14:00:09+00:00","dateModified":"2025-04-26T03:43:41+00:00","description":"La prevenci\u00f3n salva vidas Sheinbaum llama a sumarse al gran Simulacro Nacional del 29 de abril","breadcrumb":{"@id":"https:\/\/www.nexoinformativo.mx\/index.php\/2025\/04\/25\/la-prevencion-salva-vidas-sheinbaum-llama-a-sumarse-al-gran-simulacro-nacional-del-29-de-abril\/#breadcrumb"},"inLanguage":"es","potentialAction":[{"@type":"ReadAction","target":["https:\/\/www.nexoinformativo.mx\/index.php\/2025\/04\/25\/la-prevencion-salva-vidas-sheinbaum-llama-a-sumarse-al-gran-simulacro-nacional-del-29-de-abril\/"]}]},{"@type":"ImageObject","inLanguage":"es","@id":"https:\/\/www.nexoinformativo.mx\/index.php\/2025\/04\/25\/la-prevencion-salva-vidas-sheinbaum-llama-a-sumarse-al-gran-simulacro-nacional-del-29-de-abril\/#primaryimage","url":"https:\/\/www.nexoinformativo.mx\/wp-content\/uploads\/2025\/04\/IMG_2573.jpg","contentUrl":"https:\/\/www.nexoinformativo.mx\/wp-content\/uploads\/2025\/04\/IMG_2573.jpg","width":640,"height":380,"caption":"Cuauht\u00e9moc, Ciudad de M\u00e9xico, M\u00e9xico, 25 de abril de 2025. La doctora Claudia Sheinbaum Pardo, presidenta Constitucional de los Estados Unidos Mexicanos en conferencia de prensa matutina \u201cLas ma\u00f1aneras del pueblo\u201d, en el Sal\u00f3n Tesorer\u00eda de Palacio Nacional. La acompa\u00f1an Marath Baruch Bola\u00f1os, Secretario del Trabajo y Previsi\u00f3n Social; Laura Vel\u00e1zquez Alz\u00faa, coordinadora Nacional de Protecci\u00f3n Civil y Bulmaro Ju\u00e1rez P\u00e9rez, divulgador de lenguas ind\u00edgenas, presentador de la secci\u00f3n \u201cSuave Patria\u201d. Foto: Presidencia"},{"@type":"BreadcrumbList","@id":"https:\/\/www.nexoinformativo.mx\/index.php\/2025\/04\/25\/la-prevencion-salva-vidas-sheinbaum-llama-a-sumarse-al-gran-simulacro-nacional-del-29-de-abril\/#breadcrumb","itemListElement":[{"@type":"ListItem","position":1,"name":"Inicio","item":"https:\/\/www.nexoinformativo.mx\/"},{"@type":"ListItem","position":2,"name":"La prevenci\u00f3n salva vidas Sheinbaum llama a sumarse al gran Simulacro Nacional del 29 de abril"}]},{"@type":"WebSite","@id":"https:\/\/www.nexoinformativo.mx\/#website","url":"https:\/\/www.nexoinformativo.mx\/","name":"Nexo Informativo Santiago de Quer\u00e9taro","description":"Explora NexoInformativo y convi\u00e9rtete en parte de una comunidad que valora el conocimiento y la verdad. Tu nexoinformativo es tu puente hacia una comprensi\u00f3n m\u00e1s profunda del mundo que te rodea.","publisher":{"@id":"https:\/\/www.nexoinformativo.mx\/#organization"},"potentialAction":[{"@type":"SearchAction","target":{"@type":"EntryPoint","urlTemplate":"https:\/\/www.nexoinformativo.mx\/?s={search_term_string}"},"query-input":{"@type":"PropertyValueSpecification","valueRequired":true,"valueName":"search_term_string"}}],"inLanguage":"es"},{"@type":"Organization","@id":"https:\/\/www.nexoinformativo.mx\/#organization","name":"Nexo Informativo Santiago de Quer\u00e9taro","url":"https:\/\/www.nexoinformativo.mx\/","logo":{"@type":"ImageObject","inLanguage":"es","@id":"https:\/\/www.nexoinformativo.mx\/#\/schema\/logo\/image\/","url":"https:\/\/www.nexoinformativo.mx\/wp-content\/uploads\/2024\/07\/nexoi-trasparente-2.png","contentUrl":"https:\/\/www.nexoinformativo.mx\/wp-content\/uploads\/2024\/07\/nexoi-trasparente-2.png","width":816,"height":339,"caption":"Nexo Informativo Santiago de Quer\u00e9taro"},"image":{"@id":"https:\/\/www.nexoinformativo.mx\/#\/schema\/logo\/image\/"},"sameAs":["https:\/\/www.facebook.com\/people\/Nexo-Informativo\/61564066885511\/"]},{"@type":"Person","@id":"https:\/\/www.nexoinformativo.mx\/#\/schema\/person\/7749d380ba08c8ca00d7bc76fd907b7d","name":"Nexo Informativo","image":{"@type":"ImageObject","inLanguage":"es","@id":"https:\/\/www.nexoinformativo.mx\/#\/schema\/person\/image\/","url":"https:\/\/secure.gravatar.com\/avatar\/dde2928154642a13d95f87ddf1ea9718fe2b46760a005c53e41ff5ad610704e6?s=96&d=mm&r=g","contentUrl":"https:\/\/secure.gravatar.com\/avatar\/dde2928154642a13d95f87ddf1ea9718fe2b46760a005c53e41ff5ad610704e6?s=96&d=mm&r=g","caption":"Nexo Informativo"},"url":"https:\/\/www.nexoinformativo.mx\/index.php\/author\/edicion\/"}]}},"_links":{"self":[{"href":"https:\/\/www.nexoinformativo.mx\/index.php\/wp-json\/wp\/v2\/posts\/14488","targetHints":{"allow":["GET"]}}],"collection":[{"href":"https:\/\/www.nexoinformativo.mx\/index.php\/wp-json\/wp\/v2\/posts"}],"about":[{"href":"https:\/\/www.nexoinformativo.mx\/index.php\/wp-json\/wp\/v2\/types\/post"}],"author":[{"embeddable":true,"href":"https:\/\/www.nexoinformativo.mx\/index.php\/wp-json\/wp\/v2\/users\/3"}],"replies":[{"embeddable":true,"href":"https:\/\/www.nexoinformativo.mx\/index.php\/wp-json\/wp\/v2\/comments?post=14488"}],"version-history":[{"count":4,"href":"https:\/\/www.nexoinformativo.mx\/index.php\/wp-json\/wp\/v2\/posts\/14488\/revisions"}],"predecessor-version":[{"id":14492,"href":"https:\/\/www.nexoinformativo.mx\/index.php\/wp-json\/wp\/v2\/posts\/14488\/revisions\/14492"}],"wp:featuredmedia":[{"embeddable":true,"href":"https:\/\/www.nexoinformativo.mx\/index.php\/wp-json\/wp\/v2\/media\/14489"}],"wp:attachment":[{"href":"https:\/\/www.nexoinformativo.mx\/index.php\/wp-json\/wp\/v2\/media?parent=14488"}],"wp:term":[{"taxonomy":"category","embeddable":true,"href":"https:\/\/www.nexoinformativo.mx\/index.php\/wp-json\/wp\/v2\/categories?post=14488"},{"taxonomy":"post_tag","embeddable":true,"href":"https:\/\/www.nexoinformativo.mx\/index.php\/wp-json\/wp\/v2\/tags?post=14488"}],"curies":[{"name":"wp","href":"https:\/\/api.w.org\/{rel}","templated":true}]}}