{"id":1450,"date":"2024-09-02T12:00:57","date_gmt":"2024-09-02T18:00:57","guid":{"rendered":"https:\/\/www.nexoinformativo.mx\/?p=1450"},"modified":"2024-09-02T16:38:56","modified_gmt":"2024-09-02T22:38:56","slug":"queretaro-refuerza-seguridad-con-operativo-de-alcoholimetro-y-sanciones-comunitarias","status":"publish","type":"post","link":"https:\/\/www.nexoinformativo.mx\/index.php\/2024\/09\/02\/queretaro-refuerza-seguridad-con-operativo-de-alcoholimetro-y-sanciones-comunitarias\/","title":{"rendered":"Quer\u00e9taro refuerza seguridad con operativo de alcohol\u00edmetro y sanciones comunitarias"},"content":{"rendered":"<p style=\"text-align: justify;\">La Direcci\u00f3n de Justicia C\u00edvica de la Secretar\u00eda General de Gobierno del Municipio de Quer\u00e9taro ha intensificado sus esfuerzos para garantizar la seguridad y la convivencia pac\u00edfica en la ciudad a trav\u00e9s del Programa Preventivo \u201cTeQro Vivo\u201d. Entre el 28 y el 31 de agosto de este a\u00f1o, se llev\u00f3 a cabo un operativo de alcohol\u00edmetro que result\u00f3 en la detenci\u00f3n de 25 personas que excedieron los niveles permitidos de alcoholemia. De los detenidos, 21 fueron hombres y 4 mujeres, quienes fueron trasladados al Centro de Infracciones Municipales por Alcoholimetr\u00eda (C.I.M.A.).<\/p>\n<p>&nbsp;<\/p>\n<p style=\"text-align: justify;\"><strong>Operativo de Alcohol\u00edmetro para Evitar Accidentes<\/strong><\/p>\n<p style=\"text-align: justify;\">Durante el operativo, se realizaron un total de 418 pruebas de alcoholemia, de las cuales 30 resultaron positivas, derivando en la remisi\u00f3n de 25 veh\u00edculos al corral\u00f3n. Esta estrategia del gobierno municipal es principalmente para prevenir accidentes automovil\u00edsticos relacionados con el consumo de alcohol.<\/p>\n<p>&nbsp;<\/p>\n<p style=\"text-align: justify;\"><strong>Trabajo Comunitario como Sanci\u00f3n Correctiva<\/strong><\/p>\n<p style=\"text-align: justify;\">Adem\u00e1s, del 26 de agosto al 1 de septiembre, 54 personas fueron sancionadas con trabajo comunitario por cometer diversas faltas administrativas, tales como ingerir bebidas alcoh\u00f3licas en la v\u00eda p\u00fablica, alterar el orden p\u00fablico o consumir sustancias t\u00f3xicas en \u00e1reas p\u00fablicas. Sanciones supervisadas por la Direcci\u00f3n de Prevenci\u00f3n Social de la Secretar\u00eda de Seguridad P\u00fablica Municipal y una Asociaci\u00f3n Civil que consistieron en actividades de recuperaci\u00f3n y rehabilitaci\u00f3n de espacios p\u00fablicos en la Delegaci\u00f3n F\u00e9lix Osores Sotomayor.<\/p>\n<p>&nbsp;<\/p>\n<p style=\"text-align: justify;\"><strong>Promoviendo la Convivencia y la Conciencia Ciudadana<\/strong><\/p>\n<p style=\"text-align: justify;\">A trav\u00e9s del Modelo de Polic\u00eda de Proximidad, la Justicia C\u00edvica en Quer\u00e9taro, a cargo de los Jueces C\u00edvicos del municipio, busca fomentar la concientizaci\u00f3n de los infractores y promover la convivencia sana en la comunidad.<\/p>\n","protected":false},"excerpt":{"rendered":"<p>La Direcci\u00f3n de Justicia C\u00edvica de la Secretar\u00eda General de Gobierno del Municipio de Quer\u00e9taro ha intensificado sus esfuerzos para garantizar la seguridad y la convivencia pac\u00edfica en la ciudad a trav\u00e9s del Programa Preventivo \u201cTeQro Vivo\u201d. Entre el 28 y el 31 de agosto de este a\u00f1o, se llev\u00f3 a cabo un operativo de [&hellip;]<\/p>\n","protected":false},"author":3,"featured_media":1451,"comment_status":"open","ping_status":"open","sticky":false,"template":"","format":"standard","meta":{"footnotes":""},"categories":[65,137],"tags":[436,435,437,242,434],"class_list":["post-1450","post","type-post","status-publish","format-standard","has-post-thumbnail","hentry","category-municipios","category-sucesos","tag-convivenciacomunitaria","tag-justiciacivica","tag-prevencionvial","tag-queretaroseguro","tag-teqrovivo"],"yoast_head":"<!-- This site is optimized with the Yoast SEO plugin v25.0 - https:\/\/yoast.com\/wordpress\/plugins\/seo\/ -->\n<title>Quer\u00e9taro refuerza seguridad con operativo de alcohol\u00edmetro y sanciones comunitarias | Nexo Informativo Santiago de Quer\u00e9taro<\/title>\n<meta name=\"robots\" content=\"index, follow, max-snippet:-1, max-image-preview:large, max-video-preview:-1\" \/>\n<link rel=\"canonical\" href=\"https:\/\/www.nexoinformativo.mx\/index.php\/2024\/09\/02\/queretaro-refuerza-seguridad-con-operativo-de-alcoholimetro-y-sanciones-comunitarias\/\" \/>\n<meta property=\"og:locale\" content=\"es_MX\" \/>\n<meta property=\"og:type\" content=\"article\" \/>\n<meta property=\"og:title\" content=\"Quer\u00e9taro refuerza seguridad con operativo de alcohol\u00edmetro y sanciones comunitarias | Nexo Informativo Santiago de Quer\u00e9taro\" \/>\n<meta property=\"og:description\" content=\"La Direcci\u00f3n de Justicia C\u00edvica de la Secretar\u00eda General de Gobierno del Municipio de Quer\u00e9taro ha intensificado sus esfuerzos para garantizar la seguridad y la convivencia pac\u00edfica en la ciudad a trav\u00e9s del Programa Preventivo \u201cTeQro Vivo\u201d. Entre el 28 y el 31 de agosto de este a\u00f1o, se llev\u00f3 a cabo un operativo de [&hellip;]\" \/>\n<meta property=\"og:url\" content=\"https:\/\/www.nexoinformativo.mx\/index.php\/2024\/09\/02\/queretaro-refuerza-seguridad-con-operativo-de-alcoholimetro-y-sanciones-comunitarias\/\" \/>\n<meta property=\"og:site_name\" content=\"Nexo Informativo Santiago de Quer\u00e9taro\" \/>\n<meta property=\"article:publisher\" content=\"https:\/\/www.facebook.com\/people\/Nexo-Informativo\/61564066885511\/\" \/>\n<meta property=\"article:published_time\" content=\"2024-09-02T18:00:57+00:00\" \/>\n<meta property=\"article:modified_time\" content=\"2024-09-02T22:38:56+00:00\" \/>\n<meta property=\"og:image\" content=\"https:\/\/www.nexoinformativo.mx\/wp-content\/uploads\/2024\/09\/PHOTO-2024-09-02-13-18-05-5-e1725306433155.jpg\" \/>\n\t<meta property=\"og:image:width\" content=\"800\" \/>\n\t<meta property=\"og:image:height\" content=\"360\" \/>\n\t<meta property=\"og:image:type\" content=\"image\/jpeg\" \/>\n<meta name=\"author\" content=\"Nexo Informativo\" \/>\n<meta name=\"twitter:card\" content=\"summary_large_image\" \/>\n<meta name=\"twitter:label1\" content=\"Escrito por\" \/>\n\t<meta name=\"twitter:data1\" content=\"Nexo Informativo\" \/>\n\t<meta name=\"twitter:label2\" content=\"Tiempo de lectura\" \/>\n\t<meta name=\"twitter:data2\" content=\"2 minutos\" \/>\n<script type=\"application\/ld+json\" class=\"yoast-schema-graph\">{\"@context\":\"https:\/\/schema.org\",\"@graph\":[{\"@type\":\"Article\",\"@id\":\"https:\/\/www.nexoinformativo.mx\/index.php\/2024\/09\/02\/queretaro-refuerza-seguridad-con-operativo-de-alcoholimetro-y-sanciones-comunitarias\/#article\",\"isPartOf\":{\"@id\":\"https:\/\/www.nexoinformativo.mx\/index.php\/2024\/09\/02\/queretaro-refuerza-seguridad-con-operativo-de-alcoholimetro-y-sanciones-comunitarias\/\"},\"author\":{\"name\":\"Nexo Informativo\",\"@id\":\"https:\/\/www.nexoinformativo.mx\/#\/schema\/person\/7749d380ba08c8ca00d7bc76fd907b7d\"},\"headline\":\"Quer\u00e9taro refuerza seguridad con operativo de alcohol\u00edmetro y sanciones comunitarias\",\"datePublished\":\"2024-09-02T18:00:57+00:00\",\"dateModified\":\"2024-09-02T22:38:56+00:00\",\"mainEntityOfPage\":{\"@id\":\"https:\/\/www.nexoinformativo.mx\/index.php\/2024\/09\/02\/queretaro-refuerza-seguridad-con-operativo-de-alcoholimetro-y-sanciones-comunitarias\/\"},\"wordCount\":312,\"commentCount\":0,\"publisher\":{\"@id\":\"https:\/\/www.nexoinformativo.mx\/#organization\"},\"image\":{\"@id\":\"https:\/\/www.nexoinformativo.mx\/index.php\/2024\/09\/02\/queretaro-refuerza-seguridad-con-operativo-de-alcoholimetro-y-sanciones-comunitarias\/#primaryimage\"},\"thumbnailUrl\":\"https:\/\/www.nexoinformativo.mx\/wp-content\/uploads\/2024\/09\/PHOTO-2024-09-02-13-18-05-5-e1725306433155.jpg\",\"keywords\":[\"ConvivenciaComunitaria\",\"JusticiaC\u00edvica\",\"Prevenci\u00f3nVial\",\"QueretaroSeguro\",\"TeQroVivo\"],\"articleSection\":[\"Municipios\",\"Sucesos\"],\"inLanguage\":\"es\",\"potentialAction\":[{\"@type\":\"CommentAction\",\"name\":\"Comment\",\"target\":[\"https:\/\/www.nexoinformativo.mx\/index.php\/2024\/09\/02\/queretaro-refuerza-seguridad-con-operativo-de-alcoholimetro-y-sanciones-comunitarias\/#respond\"]}]},{\"@type\":\"WebPage\",\"@id\":\"https:\/\/www.nexoinformativo.mx\/index.php\/2024\/09\/02\/queretaro-refuerza-seguridad-con-operativo-de-alcoholimetro-y-sanciones-comunitarias\/\",\"url\":\"https:\/\/www.nexoinformativo.mx\/index.php\/2024\/09\/02\/queretaro-refuerza-seguridad-con-operativo-de-alcoholimetro-y-sanciones-comunitarias\/\",\"name\":\"Quer\u00e9taro refuerza seguridad con operativo de alcohol\u00edmetro y sanciones comunitarias | Nexo Informativo Santiago de Quer\u00e9taro\",\"isPartOf\":{\"@id\":\"https:\/\/www.nexoinformativo.mx\/#website\"},\"primaryImageOfPage\":{\"@id\":\"https:\/\/www.nexoinformativo.mx\/index.php\/2024\/09\/02\/queretaro-refuerza-seguridad-con-operativo-de-alcoholimetro-y-sanciones-comunitarias\/#primaryimage\"},\"image\":{\"@id\":\"https:\/\/www.nexoinformativo.mx\/index.php\/2024\/09\/02\/queretaro-refuerza-seguridad-con-operativo-de-alcoholimetro-y-sanciones-comunitarias\/#primaryimage\"},\"thumbnailUrl\":\"https:\/\/www.nexoinformativo.mx\/wp-content\/uploads\/2024\/09\/PHOTO-2024-09-02-13-18-05-5-e1725306433155.jpg\",\"datePublished\":\"2024-09-02T18:00:57+00:00\",\"dateModified\":\"2024-09-02T22:38:56+00:00\",\"breadcrumb\":{\"@id\":\"https:\/\/www.nexoinformativo.mx\/index.php\/2024\/09\/02\/queretaro-refuerza-seguridad-con-operativo-de-alcoholimetro-y-sanciones-comunitarias\/#breadcrumb\"},\"inLanguage\":\"es\",\"potentialAction\":[{\"@type\":\"ReadAction\",\"target\":[\"https:\/\/www.nexoinformativo.mx\/index.php\/2024\/09\/02\/queretaro-refuerza-seguridad-con-operativo-de-alcoholimetro-y-sanciones-comunitarias\/\"]}]},{\"@type\":\"ImageObject\",\"inLanguage\":\"es\",\"@id\":\"https:\/\/www.nexoinformativo.mx\/index.php\/2024\/09\/02\/queretaro-refuerza-seguridad-con-operativo-de-alcoholimetro-y-sanciones-comunitarias\/#primaryimage\",\"url\":\"https:\/\/www.nexoinformativo.mx\/wp-content\/uploads\/2024\/09\/PHOTO-2024-09-02-13-18-05-5-e1725306433155.jpg\",\"contentUrl\":\"https:\/\/www.nexoinformativo.mx\/wp-content\/uploads\/2024\/09\/PHOTO-2024-09-02-13-18-05-5-e1725306433155.jpg\",\"width\":800,\"height\":360},{\"@type\":\"BreadcrumbList\",\"@id\":\"https:\/\/www.nexoinformativo.mx\/index.php\/2024\/09\/02\/queretaro-refuerza-seguridad-con-operativo-de-alcoholimetro-y-sanciones-comunitarias\/#breadcrumb\",\"itemListElement\":[{\"@type\":\"ListItem\",\"position\":1,\"name\":\"Inicio\",\"item\":\"https:\/\/www.nexoinformativo.mx\/\"},{\"@type\":\"ListItem\",\"position\":2,\"name\":\"Quer\u00e9taro refuerza seguridad con operativo de alcohol\u00edmetro y sanciones comunitarias\"}]},{\"@type\":\"WebSite\",\"@id\":\"https:\/\/www.nexoinformativo.mx\/#website\",\"url\":\"https:\/\/www.nexoinformativo.mx\/\",\"name\":\"Nexo Informativo Santiago de Quer\u00e9taro\",\"description\":\"Explora NexoInformativo y convi\u00e9rtete en parte de una comunidad que valora el conocimiento y la verdad. Tu nexoinformativo es tu puente hacia una comprensi\u00f3n m\u00e1s profunda del mundo que te rodea.\",\"publisher\":{\"@id\":\"https:\/\/www.nexoinformativo.mx\/#organization\"},\"potentialAction\":[{\"@type\":\"SearchAction\",\"target\":{\"@type\":\"EntryPoint\",\"urlTemplate\":\"https:\/\/www.nexoinformativo.mx\/?s={search_term_string}\"},\"query-input\":{\"@type\":\"PropertyValueSpecification\",\"valueRequired\":true,\"valueName\":\"search_term_string\"}}],\"inLanguage\":\"es\"},{\"@type\":\"Organization\",\"@id\":\"https:\/\/www.nexoinformativo.mx\/#organization\",\"name\":\"Nexo Informativo Santiago de Quer\u00e9taro\",\"url\":\"https:\/\/www.nexoinformativo.mx\/\",\"logo\":{\"@type\":\"ImageObject\",\"inLanguage\":\"es\",\"@id\":\"https:\/\/www.nexoinformativo.mx\/#\/schema\/logo\/image\/\",\"url\":\"https:\/\/www.nexoinformativo.mx\/wp-content\/uploads\/2024\/07\/nexoi-trasparente-2.png\",\"contentUrl\":\"https:\/\/www.nexoinformativo.mx\/wp-content\/uploads\/2024\/07\/nexoi-trasparente-2.png\",\"width\":816,\"height\":339,\"caption\":\"Nexo Informativo Santiago de Quer\u00e9taro\"},\"image\":{\"@id\":\"https:\/\/www.nexoinformativo.mx\/#\/schema\/logo\/image\/\"},\"sameAs\":[\"https:\/\/www.facebook.com\/people\/Nexo-Informativo\/61564066885511\/\"]},{\"@type\":\"Person\",\"@id\":\"https:\/\/www.nexoinformativo.mx\/#\/schema\/person\/7749d380ba08c8ca00d7bc76fd907b7d\",\"name\":\"Nexo Informativo\",\"image\":{\"@type\":\"ImageObject\",\"inLanguage\":\"es\",\"@id\":\"https:\/\/www.nexoinformativo.mx\/#\/schema\/person\/image\/\",\"url\":\"https:\/\/secure.gravatar.com\/avatar\/dde2928154642a13d95f87ddf1ea9718fe2b46760a005c53e41ff5ad610704e6?s=96&d=mm&r=g\",\"contentUrl\":\"https:\/\/secure.gravatar.com\/avatar\/dde2928154642a13d95f87ddf1ea9718fe2b46760a005c53e41ff5ad610704e6?s=96&d=mm&r=g\",\"caption\":\"Nexo Informativo\"},\"url\":\"https:\/\/www.nexoinformativo.mx\/index.php\/author\/edicion\/\"}]}<\/script>\n<!-- \/ Yoast SEO plugin. -->","yoast_head_json":{"title":"Quer\u00e9taro refuerza seguridad con operativo de alcohol\u00edmetro y sanciones comunitarias | Nexo Informativo Santiago de Quer\u00e9taro","robots":{"index":"index","follow":"follow","max-snippet":"max-snippet:-1","max-image-preview":"max-image-preview:large","max-video-preview":"max-video-preview:-1"},"canonical":"https:\/\/www.nexoinformativo.mx\/index.php\/2024\/09\/02\/queretaro-refuerza-seguridad-con-operativo-de-alcoholimetro-y-sanciones-comunitarias\/","og_locale":"es_MX","og_type":"article","og_title":"Quer\u00e9taro refuerza seguridad con operativo de alcohol\u00edmetro y sanciones comunitarias | Nexo Informativo Santiago de Quer\u00e9taro","og_description":"La Direcci\u00f3n de Justicia C\u00edvica de la Secretar\u00eda General de Gobierno del Municipio de Quer\u00e9taro ha intensificado sus esfuerzos para garantizar la seguridad y la convivencia pac\u00edfica en la ciudad a trav\u00e9s del Programa Preventivo \u201cTeQro Vivo\u201d. Entre el 28 y el 31 de agosto de este a\u00f1o, se llev\u00f3 a cabo un operativo de [&hellip;]","og_url":"https:\/\/www.nexoinformativo.mx\/index.php\/2024\/09\/02\/queretaro-refuerza-seguridad-con-operativo-de-alcoholimetro-y-sanciones-comunitarias\/","og_site_name":"Nexo Informativo Santiago de Quer\u00e9taro","article_publisher":"https:\/\/www.facebook.com\/people\/Nexo-Informativo\/61564066885511\/","article_published_time":"2024-09-02T18:00:57+00:00","article_modified_time":"2024-09-02T22:38:56+00:00","og_image":[{"width":800,"height":360,"url":"https:\/\/www.nexoinformativo.mx\/wp-content\/uploads\/2024\/09\/PHOTO-2024-09-02-13-18-05-5-e1725306433155.jpg","type":"image\/jpeg"}],"author":"Nexo Informativo","twitter_card":"summary_large_image","twitter_misc":{"Escrito por":"Nexo Informativo","Tiempo de lectura":"2 minutos"},"schema":{"@context":"https:\/\/schema.org","@graph":[{"@type":"Article","@id":"https:\/\/www.nexoinformativo.mx\/index.php\/2024\/09\/02\/queretaro-refuerza-seguridad-con-operativo-de-alcoholimetro-y-sanciones-comunitarias\/#article","isPartOf":{"@id":"https:\/\/www.nexoinformativo.mx\/index.php\/2024\/09\/02\/queretaro-refuerza-seguridad-con-operativo-de-alcoholimetro-y-sanciones-comunitarias\/"},"author":{"name":"Nexo Informativo","@id":"https:\/\/www.nexoinformativo.mx\/#\/schema\/person\/7749d380ba08c8ca00d7bc76fd907b7d"},"headline":"Quer\u00e9taro refuerza seguridad con operativo de alcohol\u00edmetro y sanciones comunitarias","datePublished":"2024-09-02T18:00:57+00:00","dateModified":"2024-09-02T22:38:56+00:00","mainEntityOfPage":{"@id":"https:\/\/www.nexoinformativo.mx\/index.php\/2024\/09\/02\/queretaro-refuerza-seguridad-con-operativo-de-alcoholimetro-y-sanciones-comunitarias\/"},"wordCount":312,"commentCount":0,"publisher":{"@id":"https:\/\/www.nexoinformativo.mx\/#organization"},"image":{"@id":"https:\/\/www.nexoinformativo.mx\/index.php\/2024\/09\/02\/queretaro-refuerza-seguridad-con-operativo-de-alcoholimetro-y-sanciones-comunitarias\/#primaryimage"},"thumbnailUrl":"https:\/\/www.nexoinformativo.mx\/wp-content\/uploads\/2024\/09\/PHOTO-2024-09-02-13-18-05-5-e1725306433155.jpg","keywords":["ConvivenciaComunitaria","JusticiaC\u00edvica","Prevenci\u00f3nVial","QueretaroSeguro","TeQroVivo"],"articleSection":["Municipios","Sucesos"],"inLanguage":"es","potentialAction":[{"@type":"CommentAction","name":"Comment","target":["https:\/\/www.nexoinformativo.mx\/index.php\/2024\/09\/02\/queretaro-refuerza-seguridad-con-operativo-de-alcoholimetro-y-sanciones-comunitarias\/#respond"]}]},{"@type":"WebPage","@id":"https:\/\/www.nexoinformativo.mx\/index.php\/2024\/09\/02\/queretaro-refuerza-seguridad-con-operativo-de-alcoholimetro-y-sanciones-comunitarias\/","url":"https:\/\/www.nexoinformativo.mx\/index.php\/2024\/09\/02\/queretaro-refuerza-seguridad-con-operativo-de-alcoholimetro-y-sanciones-comunitarias\/","name":"Quer\u00e9taro refuerza seguridad con operativo de alcohol\u00edmetro y sanciones comunitarias | Nexo Informativo Santiago de Quer\u00e9taro","isPartOf":{"@id":"https:\/\/www.nexoinformativo.mx\/#website"},"primaryImageOfPage":{"@id":"https:\/\/www.nexoinformativo.mx\/index.php\/2024\/09\/02\/queretaro-refuerza-seguridad-con-operativo-de-alcoholimetro-y-sanciones-comunitarias\/#primaryimage"},"image":{"@id":"https:\/\/www.nexoinformativo.mx\/index.php\/2024\/09\/02\/queretaro-refuerza-seguridad-con-operativo-de-alcoholimetro-y-sanciones-comunitarias\/#primaryimage"},"thumbnailUrl":"https:\/\/www.nexoinformativo.mx\/wp-content\/uploads\/2024\/09\/PHOTO-2024-09-02-13-18-05-5-e1725306433155.jpg","datePublished":"2024-09-02T18:00:57+00:00","dateModified":"2024-09-02T22:38:56+00:00","breadcrumb":{"@id":"https:\/\/www.nexoinformativo.mx\/index.php\/2024\/09\/02\/queretaro-refuerza-seguridad-con-operativo-de-alcoholimetro-y-sanciones-comunitarias\/#breadcrumb"},"inLanguage":"es","potentialAction":[{"@type":"ReadAction","target":["https:\/\/www.nexoinformativo.mx\/index.php\/2024\/09\/02\/queretaro-refuerza-seguridad-con-operativo-de-alcoholimetro-y-sanciones-comunitarias\/"]}]},{"@type":"ImageObject","inLanguage":"es","@id":"https:\/\/www.nexoinformativo.mx\/index.php\/2024\/09\/02\/queretaro-refuerza-seguridad-con-operativo-de-alcoholimetro-y-sanciones-comunitarias\/#primaryimage","url":"https:\/\/www.nexoinformativo.mx\/wp-content\/uploads\/2024\/09\/PHOTO-2024-09-02-13-18-05-5-e1725306433155.jpg","contentUrl":"https:\/\/www.nexoinformativo.mx\/wp-content\/uploads\/2024\/09\/PHOTO-2024-09-02-13-18-05-5-e1725306433155.jpg","width":800,"height":360},{"@type":"BreadcrumbList","@id":"https:\/\/www.nexoinformativo.mx\/index.php\/2024\/09\/02\/queretaro-refuerza-seguridad-con-operativo-de-alcoholimetro-y-sanciones-comunitarias\/#breadcrumb","itemListElement":[{"@type":"ListItem","position":1,"name":"Inicio","item":"https:\/\/www.nexoinformativo.mx\/"},{"@type":"ListItem","position":2,"name":"Quer\u00e9taro refuerza seguridad con operativo de alcohol\u00edmetro y sanciones comunitarias"}]},{"@type":"WebSite","@id":"https:\/\/www.nexoinformativo.mx\/#website","url":"https:\/\/www.nexoinformativo.mx\/","name":"Nexo Informativo Santiago de Quer\u00e9taro","description":"Explora NexoInformativo y convi\u00e9rtete en parte de una comunidad que valora el conocimiento y la verdad. Tu nexoinformativo es tu puente hacia una comprensi\u00f3n m\u00e1s profunda del mundo que te rodea.","publisher":{"@id":"https:\/\/www.nexoinformativo.mx\/#organization"},"potentialAction":[{"@type":"SearchAction","target":{"@type":"EntryPoint","urlTemplate":"https:\/\/www.nexoinformativo.mx\/?s={search_term_string}"},"query-input":{"@type":"PropertyValueSpecification","valueRequired":true,"valueName":"search_term_string"}}],"inLanguage":"es"},{"@type":"Organization","@id":"https:\/\/www.nexoinformativo.mx\/#organization","name":"Nexo Informativo Santiago de Quer\u00e9taro","url":"https:\/\/www.nexoinformativo.mx\/","logo":{"@type":"ImageObject","inLanguage":"es","@id":"https:\/\/www.nexoinformativo.mx\/#\/schema\/logo\/image\/","url":"https:\/\/www.nexoinformativo.mx\/wp-content\/uploads\/2024\/07\/nexoi-trasparente-2.png","contentUrl":"https:\/\/www.nexoinformativo.mx\/wp-content\/uploads\/2024\/07\/nexoi-trasparente-2.png","width":816,"height":339,"caption":"Nexo Informativo Santiago de Quer\u00e9taro"},"image":{"@id":"https:\/\/www.nexoinformativo.mx\/#\/schema\/logo\/image\/"},"sameAs":["https:\/\/www.facebook.com\/people\/Nexo-Informativo\/61564066885511\/"]},{"@type":"Person","@id":"https:\/\/www.nexoinformativo.mx\/#\/schema\/person\/7749d380ba08c8ca00d7bc76fd907b7d","name":"Nexo Informativo","image":{"@type":"ImageObject","inLanguage":"es","@id":"https:\/\/www.nexoinformativo.mx\/#\/schema\/person\/image\/","url":"https:\/\/secure.gravatar.com\/avatar\/dde2928154642a13d95f87ddf1ea9718fe2b46760a005c53e41ff5ad610704e6?s=96&d=mm&r=g","contentUrl":"https:\/\/secure.gravatar.com\/avatar\/dde2928154642a13d95f87ddf1ea9718fe2b46760a005c53e41ff5ad610704e6?s=96&d=mm&r=g","caption":"Nexo Informativo"},"url":"https:\/\/www.nexoinformativo.mx\/index.php\/author\/edicion\/"}]}},"_links":{"self":[{"href":"https:\/\/www.nexoinformativo.mx\/index.php\/wp-json\/wp\/v2\/posts\/1450","targetHints":{"allow":["GET"]}}],"collection":[{"href":"https:\/\/www.nexoinformativo.mx\/index.php\/wp-json\/wp\/v2\/posts"}],"about":[{"href":"https:\/\/www.nexoinformativo.mx\/index.php\/wp-json\/wp\/v2\/types\/post"}],"author":[{"embeddable":true,"href":"https:\/\/www.nexoinformativo.mx\/index.php\/wp-json\/wp\/v2\/users\/3"}],"replies":[{"embeddable":true,"href":"https:\/\/www.nexoinformativo.mx\/index.php\/wp-json\/wp\/v2\/comments?post=1450"}],"version-history":[{"count":4,"href":"https:\/\/www.nexoinformativo.mx\/index.php\/wp-json\/wp\/v2\/posts\/1450\/revisions"}],"predecessor-version":[{"id":1475,"href":"https:\/\/www.nexoinformativo.mx\/index.php\/wp-json\/wp\/v2\/posts\/1450\/revisions\/1475"}],"wp:featuredmedia":[{"embeddable":true,"href":"https:\/\/www.nexoinformativo.mx\/index.php\/wp-json\/wp\/v2\/media\/1451"}],"wp:attachment":[{"href":"https:\/\/www.nexoinformativo.mx\/index.php\/wp-json\/wp\/v2\/media?parent=1450"}],"wp:term":[{"taxonomy":"category","embeddable":true,"href":"https:\/\/www.nexoinformativo.mx\/index.php\/wp-json\/wp\/v2\/categories?post=1450"},{"taxonomy":"post_tag","embeddable":true,"href":"https:\/\/www.nexoinformativo.mx\/index.php\/wp-json\/wp\/v2\/tags?post=1450"}],"curies":[{"name":"wp","href":"https:\/\/api.w.org\/{rel}","templated":true}]}}