{"id":14500,"date":"2025-04-25T10:00:18","date_gmt":"2025-04-25T16:00:18","guid":{"rendered":"https:\/\/www.nexoinformativo.mx\/?p=14500"},"modified":"2025-04-25T21:59:14","modified_gmt":"2025-04-26T03:59:14","slug":"orgullo-nacional-alza-el-vuelo-mexico-certifica-avion-horizontec-100-hecho-en-mexico","status":"publish","type":"post","link":"https:\/\/www.nexoinformativo.mx\/index.php\/2025\/04\/25\/orgullo-nacional-alza-el-vuelo-mexico-certifica-avion-horizontec-100-hecho-en-mexico\/","title":{"rendered":"Orgullo nacional alza el vuelo M\u00e9xico certifica Avi\u00f3n Horizontec 100% Hecho en M\u00e9xico"},"content":{"rendered":"<p style=\"text-align: justify;\" data-sourcepos=\"3:1-3:440\">Un hito en la industria aeroespacial mexicana se celebr\u00f3 con la entrega del certificado <strong>&#8220;Hecho en M\u00e9xico&#8221;<\/strong> al avi\u00f3n <strong>Horizontec<\/strong>, una aeronave desarrollada \u00edntegramente en el pa\u00eds.<\/p>\n<\/p>\n<p>&nbsp;<\/p>\n<p style=\"text-align: justify;\" data-sourcepos=\"3:1-3:440\">El secretario de Econom\u00eda, Marcelo Ebrard, destac\u00f3 la importancia de este logro, subrayando que no se trata de un ensamblaje de tecnolog\u00eda extranjera, sino de un desarrollo propio, fruto de diez a\u00f1os de arduo trabajo.<\/p>\n<\/p>\n<p>&nbsp;<\/p>\n<p style=\"text-align: justify;\" data-sourcepos=\"5:1-5:205\"><strong>&#8220;Es muy significativo poder entregar el d\u00eda de hoy el certificado Hecho en M\u00e9xico para esta aeronave. Esta aeronave es 100 por ciento mexicana. Eso quiero subray\u00e1rselo&#8221;,<\/strong> afirm\u00f3 Ebrard durante la ceremonia.<\/p>\n<\/p>\n<p>&nbsp;<\/p>\n<p style=\"text-align: justify;\" data-sourcepos=\"7:1-7:384\">El secretario resalt\u00f3 el liderazgo de Giovanni Angelucci y su equipo en este proyecto innovador, que marca un antes y un despu\u00e9s en la aviaci\u00f3n mexicana. &#8220;M\u00e9xico hace muchos a\u00f1os no desarrolla una aeronave propia. Esta aeronave va a tener su licencia muy pronto. Lo van a ver en el mercado. M\u00e9xico, por fin, van a ver ustedes ahora un stand que dice Horizontec, es mexicano&#8221;, expres\u00f3.<\/p>\n<\/p>\n<p>&nbsp;<\/p>\n<p style=\"text-align: justify;\" data-sourcepos=\"9:1-9:329\">Ebrard compar\u00f3 este logro con la fabricaci\u00f3n de componentes para grandes empresas como Airbus, reconociendo la capacidad de M\u00e9xico en la producci\u00f3n de equipos aeroespaciales. Sin embargo, enfatiz\u00f3 que el desarrollo de un avi\u00f3n 100% mexicano representa un salto cualitativo, cruzando una &#8220;frontera&#8221; hacia la autonom\u00eda tecnol\u00f3gica.<\/p>\n<\/p>\n<p>&nbsp;<\/p>\n<p style=\"text-align: justify;\" data-sourcepos=\"11:1-11:249\">&#8220;Estos son 10 a\u00f1os de trabajo. Lo que ustedes ven aqu\u00ed. Yo ya me he subido. No me dejaron volar muy alto porque me dijo mi esposa que nada m\u00e1s bajito. Pero ya que le den su licencia, nos vamos, \u00bfno?&#8221;, brome\u00f3 Ebrard, celebrando el \u00e9xito del proyecto.<\/p>\n<\/p>\n<p>&nbsp;<\/p>\n<p style=\"text-align: justify;\" data-sourcepos=\"13:1-13:312\">Con la entrega del certificado, el secretario Ebrard reconoci\u00f3 el esfuerzo y dedicaci\u00f3n de Giovanni Angelucci y su equipo, celebrando un momento de orgullo para la industria mexicana. &#8220;Giovanni, es un orgullo entregarte. Me da mucho gusto entregarte esto a ti y a todo tu equipo. \u00a1Bravo!&#8221;, concluy\u00f3.<\/p>\n<\/p>\n<p>&nbsp;<\/p>\n<p style=\"text-align: center;\" data-sourcepos=\"13:1-13:312\"><em><strong>\u00a1Informaci\u00f3n que transforma!<\/strong><\/em><\/p>\n","protected":false},"excerpt":{"rendered":"<p>Un hito en la industria aeroespacial mexicana se celebr\u00f3 con la entrega del certificado &#8220;Hecho en M\u00e9xico&#8221; al avi\u00f3n Horizontec, una aeronave desarrollada \u00edntegramente en el pa\u00eds.<\/p>\n","protected":false},"author":3,"featured_media":14501,"comment_status":"open","ping_status":"open","sticky":false,"template":"","format":"standard","meta":{"footnotes":""},"categories":[88,13,58],"tags":[4293,3389,4292,3457],"class_list":["post-14500","post","type-post","status-publish","format-standard","has-post-thumbnail","hentry","category-nacional","category-tecnologia","category-ultima-hora","tag-aviacionmexicana","tag-hechoenmexico","tag-horizontec","tag-orgullomexicano"],"yoast_head":"<!-- This site is optimized with the Yoast SEO plugin v25.0 - https:\/\/yoast.com\/wordpress\/plugins\/seo\/ -->\n<title>Orgullo nacional alza el vuelo M\u00e9xico certifica Avi\u00f3n Horizontec 100% Hecho en M\u00e9xico | Nexo Informativo Santiago de Quer\u00e9taro<\/title>\n<meta name=\"description\" content=\"Orgullo nacional alza el vuelo M\u00e9xico certifica Avi\u00f3n Horizontec 100% Hecho en M\u00e9xico\" \/>\n<meta name=\"robots\" content=\"index, follow, max-snippet:-1, max-image-preview:large, max-video-preview:-1\" \/>\n<link rel=\"canonical\" href=\"https:\/\/www.nexoinformativo.mx\/index.php\/2025\/04\/25\/orgullo-nacional-alza-el-vuelo-mexico-certifica-avion-horizontec-100-hecho-en-mexico\/\" \/>\n<meta property=\"og:locale\" content=\"es_MX\" \/>\n<meta property=\"og:type\" content=\"article\" \/>\n<meta property=\"og:title\" content=\"Orgullo nacional alza el vuelo M\u00e9xico certifica Avi\u00f3n Horizontec 100% Hecho en M\u00e9xico | Nexo Informativo Santiago de Quer\u00e9taro\" \/>\n<meta property=\"og:description\" content=\"Orgullo nacional alza el vuelo M\u00e9xico certifica Avi\u00f3n Horizontec 100% Hecho en M\u00e9xico\" \/>\n<meta property=\"og:url\" content=\"https:\/\/www.nexoinformativo.mx\/index.php\/2025\/04\/25\/orgullo-nacional-alza-el-vuelo-mexico-certifica-avion-horizontec-100-hecho-en-mexico\/\" \/>\n<meta property=\"og:site_name\" content=\"Nexo Informativo Santiago de Quer\u00e9taro\" \/>\n<meta property=\"article:publisher\" content=\"https:\/\/www.facebook.com\/people\/Nexo-Informativo\/61564066885511\/\" \/>\n<meta property=\"article:published_time\" content=\"2025-04-25T16:00:18+00:00\" \/>\n<meta property=\"article:modified_time\" content=\"2025-04-26T03:59:14+00:00\" \/>\n<meta property=\"og:image\" content=\"https:\/\/www.nexoinformativo.mx\/wp-content\/uploads\/2025\/04\/IMG_2590-e1745639898548.jpg\" \/>\n\t<meta property=\"og:image:width\" content=\"800\" \/>\n\t<meta property=\"og:image:height\" content=\"534\" \/>\n\t<meta property=\"og:image:type\" content=\"image\/jpeg\" \/>\n<meta name=\"author\" content=\"Nexo Informativo\" \/>\n<meta name=\"twitter:card\" content=\"summary_large_image\" \/>\n<meta name=\"twitter:label1\" content=\"Escrito por\" \/>\n\t<meta name=\"twitter:data1\" content=\"Nexo Informativo\" \/>\n\t<meta name=\"twitter:label2\" content=\"Tiempo de lectura\" \/>\n\t<meta name=\"twitter:data2\" content=\"2 minutos\" \/>\n<script type=\"application\/ld+json\" class=\"yoast-schema-graph\">{\"@context\":\"https:\/\/schema.org\",\"@graph\":[{\"@type\":\"Article\",\"@id\":\"https:\/\/www.nexoinformativo.mx\/index.php\/2025\/04\/25\/orgullo-nacional-alza-el-vuelo-mexico-certifica-avion-horizontec-100-hecho-en-mexico\/#article\",\"isPartOf\":{\"@id\":\"https:\/\/www.nexoinformativo.mx\/index.php\/2025\/04\/25\/orgullo-nacional-alza-el-vuelo-mexico-certifica-avion-horizontec-100-hecho-en-mexico\/\"},\"author\":{\"name\":\"Nexo Informativo\",\"@id\":\"https:\/\/www.nexoinformativo.mx\/#\/schema\/person\/7749d380ba08c8ca00d7bc76fd907b7d\"},\"headline\":\"Orgullo nacional alza el vuelo M\u00e9xico certifica Avi\u00f3n Horizontec 100% Hecho en M\u00e9xico\",\"datePublished\":\"2025-04-25T16:00:18+00:00\",\"dateModified\":\"2025-04-26T03:59:14+00:00\",\"mainEntityOfPage\":{\"@id\":\"https:\/\/www.nexoinformativo.mx\/index.php\/2025\/04\/25\/orgullo-nacional-alza-el-vuelo-mexico-certifica-avion-horizontec-100-hecho-en-mexico\/\"},\"wordCount\":350,\"commentCount\":0,\"publisher\":{\"@id\":\"https:\/\/www.nexoinformativo.mx\/#organization\"},\"image\":{\"@id\":\"https:\/\/www.nexoinformativo.mx\/index.php\/2025\/04\/25\/orgullo-nacional-alza-el-vuelo-mexico-certifica-avion-horizontec-100-hecho-en-mexico\/#primaryimage\"},\"thumbnailUrl\":\"https:\/\/www.nexoinformativo.mx\/wp-content\/uploads\/2025\/04\/IMG_2590-e1745639898548.jpg\",\"keywords\":[\"Aviaci\u00f3nMexicana\",\"HechoEnM\u00e9xico\",\"Horizontec\",\"OrgulloMexicano\"],\"articleSection\":[\"Nacional\",\"Tecnolog\u00eda\",\"\u00daltima Hora\"],\"inLanguage\":\"es\",\"potentialAction\":[{\"@type\":\"CommentAction\",\"name\":\"Comment\",\"target\":[\"https:\/\/www.nexoinformativo.mx\/index.php\/2025\/04\/25\/orgullo-nacional-alza-el-vuelo-mexico-certifica-avion-horizontec-100-hecho-en-mexico\/#respond\"]}]},{\"@type\":\"WebPage\",\"@id\":\"https:\/\/www.nexoinformativo.mx\/index.php\/2025\/04\/25\/orgullo-nacional-alza-el-vuelo-mexico-certifica-avion-horizontec-100-hecho-en-mexico\/\",\"url\":\"https:\/\/www.nexoinformativo.mx\/index.php\/2025\/04\/25\/orgullo-nacional-alza-el-vuelo-mexico-certifica-avion-horizontec-100-hecho-en-mexico\/\",\"name\":\"Orgullo nacional alza el vuelo M\u00e9xico certifica Avi\u00f3n Horizontec 100% Hecho en M\u00e9xico | Nexo Informativo Santiago de Quer\u00e9taro\",\"isPartOf\":{\"@id\":\"https:\/\/www.nexoinformativo.mx\/#website\"},\"primaryImageOfPage\":{\"@id\":\"https:\/\/www.nexoinformativo.mx\/index.php\/2025\/04\/25\/orgullo-nacional-alza-el-vuelo-mexico-certifica-avion-horizontec-100-hecho-en-mexico\/#primaryimage\"},\"image\":{\"@id\":\"https:\/\/www.nexoinformativo.mx\/index.php\/2025\/04\/25\/orgullo-nacional-alza-el-vuelo-mexico-certifica-avion-horizontec-100-hecho-en-mexico\/#primaryimage\"},\"thumbnailUrl\":\"https:\/\/www.nexoinformativo.mx\/wp-content\/uploads\/2025\/04\/IMG_2590-e1745639898548.jpg\",\"datePublished\":\"2025-04-25T16:00:18+00:00\",\"dateModified\":\"2025-04-26T03:59:14+00:00\",\"description\":\"Orgullo nacional alza el vuelo M\u00e9xico certifica Avi\u00f3n Horizontec 100% Hecho en M\u00e9xico\",\"breadcrumb\":{\"@id\":\"https:\/\/www.nexoinformativo.mx\/index.php\/2025\/04\/25\/orgullo-nacional-alza-el-vuelo-mexico-certifica-avion-horizontec-100-hecho-en-mexico\/#breadcrumb\"},\"inLanguage\":\"es\",\"potentialAction\":[{\"@type\":\"ReadAction\",\"target\":[\"https:\/\/www.nexoinformativo.mx\/index.php\/2025\/04\/25\/orgullo-nacional-alza-el-vuelo-mexico-certifica-avion-horizontec-100-hecho-en-mexico\/\"]}]},{\"@type\":\"ImageObject\",\"inLanguage\":\"es\",\"@id\":\"https:\/\/www.nexoinformativo.mx\/index.php\/2025\/04\/25\/orgullo-nacional-alza-el-vuelo-mexico-certifica-avion-horizontec-100-hecho-en-mexico\/#primaryimage\",\"url\":\"https:\/\/www.nexoinformativo.mx\/wp-content\/uploads\/2025\/04\/IMG_2590-e1745639898548.jpg\",\"contentUrl\":\"https:\/\/www.nexoinformativo.mx\/wp-content\/uploads\/2025\/04\/IMG_2590-e1745639898548.jpg\",\"width\":800,\"height\":534},{\"@type\":\"BreadcrumbList\",\"@id\":\"https:\/\/www.nexoinformativo.mx\/index.php\/2025\/04\/25\/orgullo-nacional-alza-el-vuelo-mexico-certifica-avion-horizontec-100-hecho-en-mexico\/#breadcrumb\",\"itemListElement\":[{\"@type\":\"ListItem\",\"position\":1,\"name\":\"Inicio\",\"item\":\"https:\/\/www.nexoinformativo.mx\/\"},{\"@type\":\"ListItem\",\"position\":2,\"name\":\"Orgullo nacional alza el vuelo M\u00e9xico certifica Avi\u00f3n Horizontec 100% Hecho en M\u00e9xico\"}]},{\"@type\":\"WebSite\",\"@id\":\"https:\/\/www.nexoinformativo.mx\/#website\",\"url\":\"https:\/\/www.nexoinformativo.mx\/\",\"name\":\"Nexo Informativo Santiago de Quer\u00e9taro\",\"description\":\"Explora NexoInformativo y convi\u00e9rtete en parte de una comunidad que valora el conocimiento y la verdad. Tu nexoinformativo es tu puente hacia una comprensi\u00f3n m\u00e1s profunda del mundo que te rodea.\",\"publisher\":{\"@id\":\"https:\/\/www.nexoinformativo.mx\/#organization\"},\"potentialAction\":[{\"@type\":\"SearchAction\",\"target\":{\"@type\":\"EntryPoint\",\"urlTemplate\":\"https:\/\/www.nexoinformativo.mx\/?s={search_term_string}\"},\"query-input\":{\"@type\":\"PropertyValueSpecification\",\"valueRequired\":true,\"valueName\":\"search_term_string\"}}],\"inLanguage\":\"es\"},{\"@type\":\"Organization\",\"@id\":\"https:\/\/www.nexoinformativo.mx\/#organization\",\"name\":\"Nexo Informativo Santiago de Quer\u00e9taro\",\"url\":\"https:\/\/www.nexoinformativo.mx\/\",\"logo\":{\"@type\":\"ImageObject\",\"inLanguage\":\"es\",\"@id\":\"https:\/\/www.nexoinformativo.mx\/#\/schema\/logo\/image\/\",\"url\":\"https:\/\/www.nexoinformativo.mx\/wp-content\/uploads\/2024\/07\/nexoi-trasparente-2.png\",\"contentUrl\":\"https:\/\/www.nexoinformativo.mx\/wp-content\/uploads\/2024\/07\/nexoi-trasparente-2.png\",\"width\":816,\"height\":339,\"caption\":\"Nexo Informativo Santiago de Quer\u00e9taro\"},\"image\":{\"@id\":\"https:\/\/www.nexoinformativo.mx\/#\/schema\/logo\/image\/\"},\"sameAs\":[\"https:\/\/www.facebook.com\/people\/Nexo-Informativo\/61564066885511\/\"]},{\"@type\":\"Person\",\"@id\":\"https:\/\/www.nexoinformativo.mx\/#\/schema\/person\/7749d380ba08c8ca00d7bc76fd907b7d\",\"name\":\"Nexo Informativo\",\"image\":{\"@type\":\"ImageObject\",\"inLanguage\":\"es\",\"@id\":\"https:\/\/www.nexoinformativo.mx\/#\/schema\/person\/image\/\",\"url\":\"https:\/\/secure.gravatar.com\/avatar\/dde2928154642a13d95f87ddf1ea9718fe2b46760a005c53e41ff5ad610704e6?s=96&d=mm&r=g\",\"contentUrl\":\"https:\/\/secure.gravatar.com\/avatar\/dde2928154642a13d95f87ddf1ea9718fe2b46760a005c53e41ff5ad610704e6?s=96&d=mm&r=g\",\"caption\":\"Nexo Informativo\"},\"url\":\"https:\/\/www.nexoinformativo.mx\/index.php\/author\/edicion\/\"}]}<\/script>\n<!-- \/ Yoast SEO plugin. -->","yoast_head_json":{"title":"Orgullo nacional alza el vuelo M\u00e9xico certifica Avi\u00f3n Horizontec 100% Hecho en M\u00e9xico | Nexo Informativo Santiago de Quer\u00e9taro","description":"Orgullo nacional alza el vuelo M\u00e9xico certifica Avi\u00f3n Horizontec 100% Hecho en M\u00e9xico","robots":{"index":"index","follow":"follow","max-snippet":"max-snippet:-1","max-image-preview":"max-image-preview:large","max-video-preview":"max-video-preview:-1"},"canonical":"https:\/\/www.nexoinformativo.mx\/index.php\/2025\/04\/25\/orgullo-nacional-alza-el-vuelo-mexico-certifica-avion-horizontec-100-hecho-en-mexico\/","og_locale":"es_MX","og_type":"article","og_title":"Orgullo nacional alza el vuelo M\u00e9xico certifica Avi\u00f3n Horizontec 100% Hecho en M\u00e9xico | Nexo Informativo Santiago de Quer\u00e9taro","og_description":"Orgullo nacional alza el vuelo M\u00e9xico certifica Avi\u00f3n Horizontec 100% Hecho en M\u00e9xico","og_url":"https:\/\/www.nexoinformativo.mx\/index.php\/2025\/04\/25\/orgullo-nacional-alza-el-vuelo-mexico-certifica-avion-horizontec-100-hecho-en-mexico\/","og_site_name":"Nexo Informativo Santiago de Quer\u00e9taro","article_publisher":"https:\/\/www.facebook.com\/people\/Nexo-Informativo\/61564066885511\/","article_published_time":"2025-04-25T16:00:18+00:00","article_modified_time":"2025-04-26T03:59:14+00:00","og_image":[{"width":800,"height":534,"url":"https:\/\/www.nexoinformativo.mx\/wp-content\/uploads\/2025\/04\/IMG_2590-e1745639898548.jpg","type":"image\/jpeg"}],"author":"Nexo Informativo","twitter_card":"summary_large_image","twitter_misc":{"Escrito por":"Nexo Informativo","Tiempo de lectura":"2 minutos"},"schema":{"@context":"https:\/\/schema.org","@graph":[{"@type":"Article","@id":"https:\/\/www.nexoinformativo.mx\/index.php\/2025\/04\/25\/orgullo-nacional-alza-el-vuelo-mexico-certifica-avion-horizontec-100-hecho-en-mexico\/#article","isPartOf":{"@id":"https:\/\/www.nexoinformativo.mx\/index.php\/2025\/04\/25\/orgullo-nacional-alza-el-vuelo-mexico-certifica-avion-horizontec-100-hecho-en-mexico\/"},"author":{"name":"Nexo Informativo","@id":"https:\/\/www.nexoinformativo.mx\/#\/schema\/person\/7749d380ba08c8ca00d7bc76fd907b7d"},"headline":"Orgullo nacional alza el vuelo M\u00e9xico certifica Avi\u00f3n Horizontec 100% Hecho en M\u00e9xico","datePublished":"2025-04-25T16:00:18+00:00","dateModified":"2025-04-26T03:59:14+00:00","mainEntityOfPage":{"@id":"https:\/\/www.nexoinformativo.mx\/index.php\/2025\/04\/25\/orgullo-nacional-alza-el-vuelo-mexico-certifica-avion-horizontec-100-hecho-en-mexico\/"},"wordCount":350,"commentCount":0,"publisher":{"@id":"https:\/\/www.nexoinformativo.mx\/#organization"},"image":{"@id":"https:\/\/www.nexoinformativo.mx\/index.php\/2025\/04\/25\/orgullo-nacional-alza-el-vuelo-mexico-certifica-avion-horizontec-100-hecho-en-mexico\/#primaryimage"},"thumbnailUrl":"https:\/\/www.nexoinformativo.mx\/wp-content\/uploads\/2025\/04\/IMG_2590-e1745639898548.jpg","keywords":["Aviaci\u00f3nMexicana","HechoEnM\u00e9xico","Horizontec","OrgulloMexicano"],"articleSection":["Nacional","Tecnolog\u00eda","\u00daltima Hora"],"inLanguage":"es","potentialAction":[{"@type":"CommentAction","name":"Comment","target":["https:\/\/www.nexoinformativo.mx\/index.php\/2025\/04\/25\/orgullo-nacional-alza-el-vuelo-mexico-certifica-avion-horizontec-100-hecho-en-mexico\/#respond"]}]},{"@type":"WebPage","@id":"https:\/\/www.nexoinformativo.mx\/index.php\/2025\/04\/25\/orgullo-nacional-alza-el-vuelo-mexico-certifica-avion-horizontec-100-hecho-en-mexico\/","url":"https:\/\/www.nexoinformativo.mx\/index.php\/2025\/04\/25\/orgullo-nacional-alza-el-vuelo-mexico-certifica-avion-horizontec-100-hecho-en-mexico\/","name":"Orgullo nacional alza el vuelo M\u00e9xico certifica Avi\u00f3n Horizontec 100% Hecho en M\u00e9xico | Nexo Informativo Santiago de Quer\u00e9taro","isPartOf":{"@id":"https:\/\/www.nexoinformativo.mx\/#website"},"primaryImageOfPage":{"@id":"https:\/\/www.nexoinformativo.mx\/index.php\/2025\/04\/25\/orgullo-nacional-alza-el-vuelo-mexico-certifica-avion-horizontec-100-hecho-en-mexico\/#primaryimage"},"image":{"@id":"https:\/\/www.nexoinformativo.mx\/index.php\/2025\/04\/25\/orgullo-nacional-alza-el-vuelo-mexico-certifica-avion-horizontec-100-hecho-en-mexico\/#primaryimage"},"thumbnailUrl":"https:\/\/www.nexoinformativo.mx\/wp-content\/uploads\/2025\/04\/IMG_2590-e1745639898548.jpg","datePublished":"2025-04-25T16:00:18+00:00","dateModified":"2025-04-26T03:59:14+00:00","description":"Orgullo nacional alza el vuelo M\u00e9xico certifica Avi\u00f3n Horizontec 100% Hecho en M\u00e9xico","breadcrumb":{"@id":"https:\/\/www.nexoinformativo.mx\/index.php\/2025\/04\/25\/orgullo-nacional-alza-el-vuelo-mexico-certifica-avion-horizontec-100-hecho-en-mexico\/#breadcrumb"},"inLanguage":"es","potentialAction":[{"@type":"ReadAction","target":["https:\/\/www.nexoinformativo.mx\/index.php\/2025\/04\/25\/orgullo-nacional-alza-el-vuelo-mexico-certifica-avion-horizontec-100-hecho-en-mexico\/"]}]},{"@type":"ImageObject","inLanguage":"es","@id":"https:\/\/www.nexoinformativo.mx\/index.php\/2025\/04\/25\/orgullo-nacional-alza-el-vuelo-mexico-certifica-avion-horizontec-100-hecho-en-mexico\/#primaryimage","url":"https:\/\/www.nexoinformativo.mx\/wp-content\/uploads\/2025\/04\/IMG_2590-e1745639898548.jpg","contentUrl":"https:\/\/www.nexoinformativo.mx\/wp-content\/uploads\/2025\/04\/IMG_2590-e1745639898548.jpg","width":800,"height":534},{"@type":"BreadcrumbList","@id":"https:\/\/www.nexoinformativo.mx\/index.php\/2025\/04\/25\/orgullo-nacional-alza-el-vuelo-mexico-certifica-avion-horizontec-100-hecho-en-mexico\/#breadcrumb","itemListElement":[{"@type":"ListItem","position":1,"name":"Inicio","item":"https:\/\/www.nexoinformativo.mx\/"},{"@type":"ListItem","position":2,"name":"Orgullo nacional alza el vuelo M\u00e9xico certifica Avi\u00f3n Horizontec 100% Hecho en M\u00e9xico"}]},{"@type":"WebSite","@id":"https:\/\/www.nexoinformativo.mx\/#website","url":"https:\/\/www.nexoinformativo.mx\/","name":"Nexo Informativo Santiago de Quer\u00e9taro","description":"Explora NexoInformativo y convi\u00e9rtete en parte de una comunidad que valora el conocimiento y la verdad. Tu nexoinformativo es tu puente hacia una comprensi\u00f3n m\u00e1s profunda del mundo que te rodea.","publisher":{"@id":"https:\/\/www.nexoinformativo.mx\/#organization"},"potentialAction":[{"@type":"SearchAction","target":{"@type":"EntryPoint","urlTemplate":"https:\/\/www.nexoinformativo.mx\/?s={search_term_string}"},"query-input":{"@type":"PropertyValueSpecification","valueRequired":true,"valueName":"search_term_string"}}],"inLanguage":"es"},{"@type":"Organization","@id":"https:\/\/www.nexoinformativo.mx\/#organization","name":"Nexo Informativo Santiago de Quer\u00e9taro","url":"https:\/\/www.nexoinformativo.mx\/","logo":{"@type":"ImageObject","inLanguage":"es","@id":"https:\/\/www.nexoinformativo.mx\/#\/schema\/logo\/image\/","url":"https:\/\/www.nexoinformativo.mx\/wp-content\/uploads\/2024\/07\/nexoi-trasparente-2.png","contentUrl":"https:\/\/www.nexoinformativo.mx\/wp-content\/uploads\/2024\/07\/nexoi-trasparente-2.png","width":816,"height":339,"caption":"Nexo Informativo Santiago de Quer\u00e9taro"},"image":{"@id":"https:\/\/www.nexoinformativo.mx\/#\/schema\/logo\/image\/"},"sameAs":["https:\/\/www.facebook.com\/people\/Nexo-Informativo\/61564066885511\/"]},{"@type":"Person","@id":"https:\/\/www.nexoinformativo.mx\/#\/schema\/person\/7749d380ba08c8ca00d7bc76fd907b7d","name":"Nexo Informativo","image":{"@type":"ImageObject","inLanguage":"es","@id":"https:\/\/www.nexoinformativo.mx\/#\/schema\/person\/image\/","url":"https:\/\/secure.gravatar.com\/avatar\/dde2928154642a13d95f87ddf1ea9718fe2b46760a005c53e41ff5ad610704e6?s=96&d=mm&r=g","contentUrl":"https:\/\/secure.gravatar.com\/avatar\/dde2928154642a13d95f87ddf1ea9718fe2b46760a005c53e41ff5ad610704e6?s=96&d=mm&r=g","caption":"Nexo Informativo"},"url":"https:\/\/www.nexoinformativo.mx\/index.php\/author\/edicion\/"}]}},"_links":{"self":[{"href":"https:\/\/www.nexoinformativo.mx\/index.php\/wp-json\/wp\/v2\/posts\/14500","targetHints":{"allow":["GET"]}}],"collection":[{"href":"https:\/\/www.nexoinformativo.mx\/index.php\/wp-json\/wp\/v2\/posts"}],"about":[{"href":"https:\/\/www.nexoinformativo.mx\/index.php\/wp-json\/wp\/v2\/types\/post"}],"author":[{"embeddable":true,"href":"https:\/\/www.nexoinformativo.mx\/index.php\/wp-json\/wp\/v2\/users\/3"}],"replies":[{"embeddable":true,"href":"https:\/\/www.nexoinformativo.mx\/index.php\/wp-json\/wp\/v2\/comments?post=14500"}],"version-history":[{"count":3,"href":"https:\/\/www.nexoinformativo.mx\/index.php\/wp-json\/wp\/v2\/posts\/14500\/revisions"}],"predecessor-version":[{"id":14504,"href":"https:\/\/www.nexoinformativo.mx\/index.php\/wp-json\/wp\/v2\/posts\/14500\/revisions\/14504"}],"wp:featuredmedia":[{"embeddable":true,"href":"https:\/\/www.nexoinformativo.mx\/index.php\/wp-json\/wp\/v2\/media\/14501"}],"wp:attachment":[{"href":"https:\/\/www.nexoinformativo.mx\/index.php\/wp-json\/wp\/v2\/media?parent=14500"}],"wp:term":[{"taxonomy":"category","embeddable":true,"href":"https:\/\/www.nexoinformativo.mx\/index.php\/wp-json\/wp\/v2\/categories?post=14500"},{"taxonomy":"post_tag","embeddable":true,"href":"https:\/\/www.nexoinformativo.mx\/index.php\/wp-json\/wp\/v2\/tags?post=14500"}],"curies":[{"name":"wp","href":"https:\/\/api.w.org\/{rel}","templated":true}]}}