{"id":14526,"date":"2025-04-25T13:00:32","date_gmt":"2025-04-25T19:00:32","guid":{"rendered":"https:\/\/www.nexoinformativo.mx\/?p=14526"},"modified":"2025-04-25T22:20:47","modified_gmt":"2025-04-26T04:20:47","slug":"tu-nuevo-empleo-te-espera-mas-de-mil-vacantes-en-la-expo-empleo-corregidora","status":"publish","type":"post","link":"https:\/\/www.nexoinformativo.mx\/index.php\/2025\/04\/25\/tu-nuevo-empleo-te-espera-mas-de-mil-vacantes-en-la-expo-empleo-corregidora\/","title":{"rendered":"Tu nuevo empleo te espera M\u00e1s de mil vacantes en la Expo Empleo Corregidora"},"content":{"rendered":"<p style=\"text-align: justify;\" data-sourcepos=\"3:1-3:405\">Si estas en busca de empleo el municipio de Corregidora se convertir\u00e1 en el epicentro de las oportunidades laborales con la llegada de la Expo Empleo Corregidora 2025.<\/p>\n<\/p>\n<p>&nbsp;<\/p>\n<p style=\"text-align: justify;\" data-sourcepos=\"3:1-3:405\">La secretaria del Trabajo del estado, Liliana San Mart\u00edn Castillo, anunci\u00f3 que se ofertar\u00e1n m\u00e1s de mil vacantes en 50 importantes centros de trabajo de los sectores industrial, comercial y de servicios.<\/p>\n<\/p>\n<p>&nbsp;<\/p>\n<p style=\"text-align: justify;\" data-sourcepos=\"5:1-5:288\">La cita es el pr\u00f3ximo martes 29 de abril en Plaza Citadina, en un horario de 9:00 a 14:00 horas. Esta ser\u00e1 la quinta edici\u00f3n de la expo empleo en lo que va del a\u00f1o, una estrategia clave de la Secretar\u00eda del Trabajo para impulsar el empleo formal en colaboraci\u00f3n con empresas y municipios.<\/p>\n<\/p>\n<p>&nbsp;<\/p>\n<p style=\"text-align: justify;\" data-sourcepos=\"7:1-7:317\">&#8220;En esta edici\u00f3n podr\u00e1n encontrar vacantes dirigidas a perfiles que cuenten con escolaridad de primaria a licenciatura, as\u00ed como percepciones salariales que alcanzan hasta los 45 mil pesos mensuales, una muy buena oportunidad para quienes est\u00e1n buscando una opci\u00f3n laboral\u201d, destac\u00f3 la secretaria San Mart\u00edn Castillo.<\/p>\n<\/p>\n<p>&nbsp;<\/p>\n<p style=\"text-align: justify;\" data-sourcepos=\"9:1-9:238\">Entre las empresas participantes, se encuentran nombres destacados como Cleveland Die Quer\u00e9taro, ABBOTT, QUALTIA, Heineken M\u00e9xico, RETESA y SISTTEMEX, ofreciendo una amplia gama de opciones para diversos perfiles y niveles de experiencia.<\/p>\n<\/p>\n<p>&nbsp;<\/p>\n<p style=\"text-align: justify;\" data-sourcepos=\"11:1-11:296\">Para facilitar el acceso a esta gran oportunidad, los interesados pueden realizar un pre-registro en el siguiente enlace: <a href=\"https:\/\/bit.ly\/ExpoCorregidora25\" target=\"_blank\" rel=\"noopener\">https:\/\/bit.ly\/ExpoCorregidora25<\/a>. No pierdas la oportunidad de encontrar el empleo que est\u00e1s buscando en la Expo Empleo Corregidora 2025.<\/p>\n<\/p>\n<p>&nbsp;<\/p>\n<p style=\"text-align: center;\" data-sourcepos=\"11:1-11:296\"><em><strong>\u00a1Informaci\u00f3n que transforma!<\/strong><\/em><\/p>\n","protected":false},"excerpt":{"rendered":"<p>Si estas en busca de empleo el municipio de Corregidora se convertir\u00e1 en el epicentro de las oportunidades laborales con la llegada de la Expo Empleo Corregidora 2025.<\/p>\n","protected":false},"author":3,"featured_media":14527,"comment_status":"open","ping_status":"open","sticky":false,"template":"","format":"standard","meta":{"footnotes":""},"categories":[5,65,58],"tags":[374,4299,541,4300],"class_list":["post-14526","post","type-post","status-publish","format-standard","has-post-thumbnail","hentry","category-economia","category-municipios","category-ultima-hora","tag-empleoqueretaro","tag-expoempleocorregidora","tag-oportunidadeslaborales","tag-vacantesqro"],"yoast_head":"<!-- This site is optimized with the Yoast SEO plugin v25.0 - https:\/\/yoast.com\/wordpress\/plugins\/seo\/ -->\n<title>Tu nuevo empleo te espera M\u00e1s de mil vacantes en la Expo Empleo Corregidora | Nexo Informativo Santiago de Quer\u00e9taro<\/title>\n<meta name=\"description\" content=\"Tu nuevo empleo te espera M\u00e1s de mil vacantes en la Expo Empleo Corregidora\" \/>\n<meta name=\"robots\" content=\"index, follow, max-snippet:-1, max-image-preview:large, max-video-preview:-1\" \/>\n<link rel=\"canonical\" href=\"https:\/\/www.nexoinformativo.mx\/index.php\/2025\/04\/25\/tu-nuevo-empleo-te-espera-mas-de-mil-vacantes-en-la-expo-empleo-corregidora\/\" \/>\n<meta property=\"og:locale\" content=\"es_MX\" \/>\n<meta property=\"og:type\" content=\"article\" \/>\n<meta property=\"og:title\" content=\"Tu nuevo empleo te espera M\u00e1s de mil vacantes en la Expo Empleo Corregidora | Nexo Informativo Santiago de Quer\u00e9taro\" \/>\n<meta property=\"og:description\" content=\"Tu nuevo empleo te espera M\u00e1s de mil vacantes en la Expo Empleo Corregidora\" \/>\n<meta property=\"og:url\" content=\"https:\/\/www.nexoinformativo.mx\/index.php\/2025\/04\/25\/tu-nuevo-empleo-te-espera-mas-de-mil-vacantes-en-la-expo-empleo-corregidora\/\" \/>\n<meta property=\"og:site_name\" content=\"Nexo Informativo Santiago de Quer\u00e9taro\" \/>\n<meta property=\"article:publisher\" content=\"https:\/\/www.facebook.com\/people\/Nexo-Informativo\/61564066885511\/\" \/>\n<meta property=\"article:published_time\" content=\"2025-04-25T19:00:32+00:00\" \/>\n<meta property=\"article:modified_time\" content=\"2025-04-26T04:20:47+00:00\" \/>\n<meta property=\"og:image\" content=\"https:\/\/www.nexoinformativo.mx\/wp-content\/uploads\/2025\/04\/71_273_47712_1903459059_IMG_0703.jpg\" \/>\n\t<meta property=\"og:image:width\" content=\"776\" \/>\n\t<meta property=\"og:image:height\" content=\"766\" \/>\n\t<meta property=\"og:image:type\" content=\"image\/jpeg\" \/>\n<meta name=\"author\" content=\"Nexo Informativo\" \/>\n<meta name=\"twitter:card\" content=\"summary_large_image\" \/>\n<meta name=\"twitter:label1\" content=\"Escrito por\" \/>\n\t<meta name=\"twitter:data1\" content=\"Nexo Informativo\" \/>\n\t<meta name=\"twitter:label2\" content=\"Tiempo de lectura\" \/>\n\t<meta name=\"twitter:data2\" content=\"2 minutos\" \/>\n<script type=\"application\/ld+json\" class=\"yoast-schema-graph\">{\"@context\":\"https:\/\/schema.org\",\"@graph\":[{\"@type\":\"Article\",\"@id\":\"https:\/\/www.nexoinformativo.mx\/index.php\/2025\/04\/25\/tu-nuevo-empleo-te-espera-mas-de-mil-vacantes-en-la-expo-empleo-corregidora\/#article\",\"isPartOf\":{\"@id\":\"https:\/\/www.nexoinformativo.mx\/index.php\/2025\/04\/25\/tu-nuevo-empleo-te-espera-mas-de-mil-vacantes-en-la-expo-empleo-corregidora\/\"},\"author\":{\"name\":\"Nexo Informativo\",\"@id\":\"https:\/\/www.nexoinformativo.mx\/#\/schema\/person\/7749d380ba08c8ca00d7bc76fd907b7d\"},\"headline\":\"Tu nuevo empleo te espera M\u00e1s de mil vacantes en la Expo Empleo Corregidora\",\"datePublished\":\"2025-04-25T19:00:32+00:00\",\"dateModified\":\"2025-04-26T04:20:47+00:00\",\"mainEntityOfPage\":{\"@id\":\"https:\/\/www.nexoinformativo.mx\/index.php\/2025\/04\/25\/tu-nuevo-empleo-te-espera-mas-de-mil-vacantes-en-la-expo-empleo-corregidora\/\"},\"wordCount\":265,\"commentCount\":0,\"publisher\":{\"@id\":\"https:\/\/www.nexoinformativo.mx\/#organization\"},\"image\":{\"@id\":\"https:\/\/www.nexoinformativo.mx\/index.php\/2025\/04\/25\/tu-nuevo-empleo-te-espera-mas-de-mil-vacantes-en-la-expo-empleo-corregidora\/#primaryimage\"},\"thumbnailUrl\":\"https:\/\/www.nexoinformativo.mx\/wp-content\/uploads\/2025\/04\/71_273_47712_1903459059_IMG_0703.jpg\",\"keywords\":[\"EmpleoQuer\u00e9taro\",\"ExpoEmpleoCorregidora\",\"OportunidadesLaborales\",\"VacantesQro\"],\"articleSection\":[\"Econom\u00eda\",\"Municipios\",\"\u00daltima Hora\"],\"inLanguage\":\"es\",\"potentialAction\":[{\"@type\":\"CommentAction\",\"name\":\"Comment\",\"target\":[\"https:\/\/www.nexoinformativo.mx\/index.php\/2025\/04\/25\/tu-nuevo-empleo-te-espera-mas-de-mil-vacantes-en-la-expo-empleo-corregidora\/#respond\"]}]},{\"@type\":\"WebPage\",\"@id\":\"https:\/\/www.nexoinformativo.mx\/index.php\/2025\/04\/25\/tu-nuevo-empleo-te-espera-mas-de-mil-vacantes-en-la-expo-empleo-corregidora\/\",\"url\":\"https:\/\/www.nexoinformativo.mx\/index.php\/2025\/04\/25\/tu-nuevo-empleo-te-espera-mas-de-mil-vacantes-en-la-expo-empleo-corregidora\/\",\"name\":\"Tu nuevo empleo te espera M\u00e1s de mil vacantes en la Expo Empleo Corregidora | Nexo Informativo Santiago de Quer\u00e9taro\",\"isPartOf\":{\"@id\":\"https:\/\/www.nexoinformativo.mx\/#website\"},\"primaryImageOfPage\":{\"@id\":\"https:\/\/www.nexoinformativo.mx\/index.php\/2025\/04\/25\/tu-nuevo-empleo-te-espera-mas-de-mil-vacantes-en-la-expo-empleo-corregidora\/#primaryimage\"},\"image\":{\"@id\":\"https:\/\/www.nexoinformativo.mx\/index.php\/2025\/04\/25\/tu-nuevo-empleo-te-espera-mas-de-mil-vacantes-en-la-expo-empleo-corregidora\/#primaryimage\"},\"thumbnailUrl\":\"https:\/\/www.nexoinformativo.mx\/wp-content\/uploads\/2025\/04\/71_273_47712_1903459059_IMG_0703.jpg\",\"datePublished\":\"2025-04-25T19:00:32+00:00\",\"dateModified\":\"2025-04-26T04:20:47+00:00\",\"description\":\"Tu nuevo empleo te espera M\u00e1s de mil vacantes en la Expo Empleo Corregidora\",\"breadcrumb\":{\"@id\":\"https:\/\/www.nexoinformativo.mx\/index.php\/2025\/04\/25\/tu-nuevo-empleo-te-espera-mas-de-mil-vacantes-en-la-expo-empleo-corregidora\/#breadcrumb\"},\"inLanguage\":\"es\",\"potentialAction\":[{\"@type\":\"ReadAction\",\"target\":[\"https:\/\/www.nexoinformativo.mx\/index.php\/2025\/04\/25\/tu-nuevo-empleo-te-espera-mas-de-mil-vacantes-en-la-expo-empleo-corregidora\/\"]}]},{\"@type\":\"ImageObject\",\"inLanguage\":\"es\",\"@id\":\"https:\/\/www.nexoinformativo.mx\/index.php\/2025\/04\/25\/tu-nuevo-empleo-te-espera-mas-de-mil-vacantes-en-la-expo-empleo-corregidora\/#primaryimage\",\"url\":\"https:\/\/www.nexoinformativo.mx\/wp-content\/uploads\/2025\/04\/71_273_47712_1903459059_IMG_0703.jpg\",\"contentUrl\":\"https:\/\/www.nexoinformativo.mx\/wp-content\/uploads\/2025\/04\/71_273_47712_1903459059_IMG_0703.jpg\",\"width\":776,\"height\":766},{\"@type\":\"BreadcrumbList\",\"@id\":\"https:\/\/www.nexoinformativo.mx\/index.php\/2025\/04\/25\/tu-nuevo-empleo-te-espera-mas-de-mil-vacantes-en-la-expo-empleo-corregidora\/#breadcrumb\",\"itemListElement\":[{\"@type\":\"ListItem\",\"position\":1,\"name\":\"Inicio\",\"item\":\"https:\/\/www.nexoinformativo.mx\/\"},{\"@type\":\"ListItem\",\"position\":2,\"name\":\"Tu nuevo empleo te espera M\u00e1s de mil vacantes en la Expo Empleo Corregidora\"}]},{\"@type\":\"WebSite\",\"@id\":\"https:\/\/www.nexoinformativo.mx\/#website\",\"url\":\"https:\/\/www.nexoinformativo.mx\/\",\"name\":\"Nexo Informativo Santiago de Quer\u00e9taro\",\"description\":\"Explora NexoInformativo y convi\u00e9rtete en parte de una comunidad que valora el conocimiento y la verdad. Tu nexoinformativo es tu puente hacia una comprensi\u00f3n m\u00e1s profunda del mundo que te rodea.\",\"publisher\":{\"@id\":\"https:\/\/www.nexoinformativo.mx\/#organization\"},\"potentialAction\":[{\"@type\":\"SearchAction\",\"target\":{\"@type\":\"EntryPoint\",\"urlTemplate\":\"https:\/\/www.nexoinformativo.mx\/?s={search_term_string}\"},\"query-input\":{\"@type\":\"PropertyValueSpecification\",\"valueRequired\":true,\"valueName\":\"search_term_string\"}}],\"inLanguage\":\"es\"},{\"@type\":\"Organization\",\"@id\":\"https:\/\/www.nexoinformativo.mx\/#organization\",\"name\":\"Nexo Informativo Santiago de Quer\u00e9taro\",\"url\":\"https:\/\/www.nexoinformativo.mx\/\",\"logo\":{\"@type\":\"ImageObject\",\"inLanguage\":\"es\",\"@id\":\"https:\/\/www.nexoinformativo.mx\/#\/schema\/logo\/image\/\",\"url\":\"https:\/\/www.nexoinformativo.mx\/wp-content\/uploads\/2024\/07\/nexoi-trasparente-2.png\",\"contentUrl\":\"https:\/\/www.nexoinformativo.mx\/wp-content\/uploads\/2024\/07\/nexoi-trasparente-2.png\",\"width\":816,\"height\":339,\"caption\":\"Nexo Informativo Santiago de Quer\u00e9taro\"},\"image\":{\"@id\":\"https:\/\/www.nexoinformativo.mx\/#\/schema\/logo\/image\/\"},\"sameAs\":[\"https:\/\/www.facebook.com\/people\/Nexo-Informativo\/61564066885511\/\"]},{\"@type\":\"Person\",\"@id\":\"https:\/\/www.nexoinformativo.mx\/#\/schema\/person\/7749d380ba08c8ca00d7bc76fd907b7d\",\"name\":\"Nexo Informativo\",\"image\":{\"@type\":\"ImageObject\",\"inLanguage\":\"es\",\"@id\":\"https:\/\/www.nexoinformativo.mx\/#\/schema\/person\/image\/\",\"url\":\"https:\/\/secure.gravatar.com\/avatar\/dde2928154642a13d95f87ddf1ea9718fe2b46760a005c53e41ff5ad610704e6?s=96&d=mm&r=g\",\"contentUrl\":\"https:\/\/secure.gravatar.com\/avatar\/dde2928154642a13d95f87ddf1ea9718fe2b46760a005c53e41ff5ad610704e6?s=96&d=mm&r=g\",\"caption\":\"Nexo Informativo\"},\"url\":\"https:\/\/www.nexoinformativo.mx\/index.php\/author\/edicion\/\"}]}<\/script>\n<!-- \/ Yoast SEO plugin. -->","yoast_head_json":{"title":"Tu nuevo empleo te espera M\u00e1s de mil vacantes en la Expo Empleo Corregidora | Nexo Informativo Santiago de Quer\u00e9taro","description":"Tu nuevo empleo te espera M\u00e1s de mil vacantes en la Expo Empleo Corregidora","robots":{"index":"index","follow":"follow","max-snippet":"max-snippet:-1","max-image-preview":"max-image-preview:large","max-video-preview":"max-video-preview:-1"},"canonical":"https:\/\/www.nexoinformativo.mx\/index.php\/2025\/04\/25\/tu-nuevo-empleo-te-espera-mas-de-mil-vacantes-en-la-expo-empleo-corregidora\/","og_locale":"es_MX","og_type":"article","og_title":"Tu nuevo empleo te espera M\u00e1s de mil vacantes en la Expo Empleo Corregidora | Nexo Informativo Santiago de Quer\u00e9taro","og_description":"Tu nuevo empleo te espera M\u00e1s de mil vacantes en la Expo Empleo Corregidora","og_url":"https:\/\/www.nexoinformativo.mx\/index.php\/2025\/04\/25\/tu-nuevo-empleo-te-espera-mas-de-mil-vacantes-en-la-expo-empleo-corregidora\/","og_site_name":"Nexo Informativo Santiago de Quer\u00e9taro","article_publisher":"https:\/\/www.facebook.com\/people\/Nexo-Informativo\/61564066885511\/","article_published_time":"2025-04-25T19:00:32+00:00","article_modified_time":"2025-04-26T04:20:47+00:00","og_image":[{"width":776,"height":766,"url":"https:\/\/www.nexoinformativo.mx\/wp-content\/uploads\/2025\/04\/71_273_47712_1903459059_IMG_0703.jpg","type":"image\/jpeg"}],"author":"Nexo Informativo","twitter_card":"summary_large_image","twitter_misc":{"Escrito por":"Nexo Informativo","Tiempo de lectura":"2 minutos"},"schema":{"@context":"https:\/\/schema.org","@graph":[{"@type":"Article","@id":"https:\/\/www.nexoinformativo.mx\/index.php\/2025\/04\/25\/tu-nuevo-empleo-te-espera-mas-de-mil-vacantes-en-la-expo-empleo-corregidora\/#article","isPartOf":{"@id":"https:\/\/www.nexoinformativo.mx\/index.php\/2025\/04\/25\/tu-nuevo-empleo-te-espera-mas-de-mil-vacantes-en-la-expo-empleo-corregidora\/"},"author":{"name":"Nexo Informativo","@id":"https:\/\/www.nexoinformativo.mx\/#\/schema\/person\/7749d380ba08c8ca00d7bc76fd907b7d"},"headline":"Tu nuevo empleo te espera M\u00e1s de mil vacantes en la Expo Empleo Corregidora","datePublished":"2025-04-25T19:00:32+00:00","dateModified":"2025-04-26T04:20:47+00:00","mainEntityOfPage":{"@id":"https:\/\/www.nexoinformativo.mx\/index.php\/2025\/04\/25\/tu-nuevo-empleo-te-espera-mas-de-mil-vacantes-en-la-expo-empleo-corregidora\/"},"wordCount":265,"commentCount":0,"publisher":{"@id":"https:\/\/www.nexoinformativo.mx\/#organization"},"image":{"@id":"https:\/\/www.nexoinformativo.mx\/index.php\/2025\/04\/25\/tu-nuevo-empleo-te-espera-mas-de-mil-vacantes-en-la-expo-empleo-corregidora\/#primaryimage"},"thumbnailUrl":"https:\/\/www.nexoinformativo.mx\/wp-content\/uploads\/2025\/04\/71_273_47712_1903459059_IMG_0703.jpg","keywords":["EmpleoQuer\u00e9taro","ExpoEmpleoCorregidora","OportunidadesLaborales","VacantesQro"],"articleSection":["Econom\u00eda","Municipios","\u00daltima Hora"],"inLanguage":"es","potentialAction":[{"@type":"CommentAction","name":"Comment","target":["https:\/\/www.nexoinformativo.mx\/index.php\/2025\/04\/25\/tu-nuevo-empleo-te-espera-mas-de-mil-vacantes-en-la-expo-empleo-corregidora\/#respond"]}]},{"@type":"WebPage","@id":"https:\/\/www.nexoinformativo.mx\/index.php\/2025\/04\/25\/tu-nuevo-empleo-te-espera-mas-de-mil-vacantes-en-la-expo-empleo-corregidora\/","url":"https:\/\/www.nexoinformativo.mx\/index.php\/2025\/04\/25\/tu-nuevo-empleo-te-espera-mas-de-mil-vacantes-en-la-expo-empleo-corregidora\/","name":"Tu nuevo empleo te espera M\u00e1s de mil vacantes en la Expo Empleo Corregidora | Nexo Informativo Santiago de Quer\u00e9taro","isPartOf":{"@id":"https:\/\/www.nexoinformativo.mx\/#website"},"primaryImageOfPage":{"@id":"https:\/\/www.nexoinformativo.mx\/index.php\/2025\/04\/25\/tu-nuevo-empleo-te-espera-mas-de-mil-vacantes-en-la-expo-empleo-corregidora\/#primaryimage"},"image":{"@id":"https:\/\/www.nexoinformativo.mx\/index.php\/2025\/04\/25\/tu-nuevo-empleo-te-espera-mas-de-mil-vacantes-en-la-expo-empleo-corregidora\/#primaryimage"},"thumbnailUrl":"https:\/\/www.nexoinformativo.mx\/wp-content\/uploads\/2025\/04\/71_273_47712_1903459059_IMG_0703.jpg","datePublished":"2025-04-25T19:00:32+00:00","dateModified":"2025-04-26T04:20:47+00:00","description":"Tu nuevo empleo te espera M\u00e1s de mil vacantes en la Expo Empleo Corregidora","breadcrumb":{"@id":"https:\/\/www.nexoinformativo.mx\/index.php\/2025\/04\/25\/tu-nuevo-empleo-te-espera-mas-de-mil-vacantes-en-la-expo-empleo-corregidora\/#breadcrumb"},"inLanguage":"es","potentialAction":[{"@type":"ReadAction","target":["https:\/\/www.nexoinformativo.mx\/index.php\/2025\/04\/25\/tu-nuevo-empleo-te-espera-mas-de-mil-vacantes-en-la-expo-empleo-corregidora\/"]}]},{"@type":"ImageObject","inLanguage":"es","@id":"https:\/\/www.nexoinformativo.mx\/index.php\/2025\/04\/25\/tu-nuevo-empleo-te-espera-mas-de-mil-vacantes-en-la-expo-empleo-corregidora\/#primaryimage","url":"https:\/\/www.nexoinformativo.mx\/wp-content\/uploads\/2025\/04\/71_273_47712_1903459059_IMG_0703.jpg","contentUrl":"https:\/\/www.nexoinformativo.mx\/wp-content\/uploads\/2025\/04\/71_273_47712_1903459059_IMG_0703.jpg","width":776,"height":766},{"@type":"BreadcrumbList","@id":"https:\/\/www.nexoinformativo.mx\/index.php\/2025\/04\/25\/tu-nuevo-empleo-te-espera-mas-de-mil-vacantes-en-la-expo-empleo-corregidora\/#breadcrumb","itemListElement":[{"@type":"ListItem","position":1,"name":"Inicio","item":"https:\/\/www.nexoinformativo.mx\/"},{"@type":"ListItem","position":2,"name":"Tu nuevo empleo te espera M\u00e1s de mil vacantes en la Expo Empleo Corregidora"}]},{"@type":"WebSite","@id":"https:\/\/www.nexoinformativo.mx\/#website","url":"https:\/\/www.nexoinformativo.mx\/","name":"Nexo Informativo Santiago de Quer\u00e9taro","description":"Explora NexoInformativo y convi\u00e9rtete en parte de una comunidad que valora el conocimiento y la verdad. Tu nexoinformativo es tu puente hacia una comprensi\u00f3n m\u00e1s profunda del mundo que te rodea.","publisher":{"@id":"https:\/\/www.nexoinformativo.mx\/#organization"},"potentialAction":[{"@type":"SearchAction","target":{"@type":"EntryPoint","urlTemplate":"https:\/\/www.nexoinformativo.mx\/?s={search_term_string}"},"query-input":{"@type":"PropertyValueSpecification","valueRequired":true,"valueName":"search_term_string"}}],"inLanguage":"es"},{"@type":"Organization","@id":"https:\/\/www.nexoinformativo.mx\/#organization","name":"Nexo Informativo Santiago de Quer\u00e9taro","url":"https:\/\/www.nexoinformativo.mx\/","logo":{"@type":"ImageObject","inLanguage":"es","@id":"https:\/\/www.nexoinformativo.mx\/#\/schema\/logo\/image\/","url":"https:\/\/www.nexoinformativo.mx\/wp-content\/uploads\/2024\/07\/nexoi-trasparente-2.png","contentUrl":"https:\/\/www.nexoinformativo.mx\/wp-content\/uploads\/2024\/07\/nexoi-trasparente-2.png","width":816,"height":339,"caption":"Nexo Informativo Santiago de Quer\u00e9taro"},"image":{"@id":"https:\/\/www.nexoinformativo.mx\/#\/schema\/logo\/image\/"},"sameAs":["https:\/\/www.facebook.com\/people\/Nexo-Informativo\/61564066885511\/"]},{"@type":"Person","@id":"https:\/\/www.nexoinformativo.mx\/#\/schema\/person\/7749d380ba08c8ca00d7bc76fd907b7d","name":"Nexo Informativo","image":{"@type":"ImageObject","inLanguage":"es","@id":"https:\/\/www.nexoinformativo.mx\/#\/schema\/person\/image\/","url":"https:\/\/secure.gravatar.com\/avatar\/dde2928154642a13d95f87ddf1ea9718fe2b46760a005c53e41ff5ad610704e6?s=96&d=mm&r=g","contentUrl":"https:\/\/secure.gravatar.com\/avatar\/dde2928154642a13d95f87ddf1ea9718fe2b46760a005c53e41ff5ad610704e6?s=96&d=mm&r=g","caption":"Nexo Informativo"},"url":"https:\/\/www.nexoinformativo.mx\/index.php\/author\/edicion\/"}]}},"_links":{"self":[{"href":"https:\/\/www.nexoinformativo.mx\/index.php\/wp-json\/wp\/v2\/posts\/14526","targetHints":{"allow":["GET"]}}],"collection":[{"href":"https:\/\/www.nexoinformativo.mx\/index.php\/wp-json\/wp\/v2\/posts"}],"about":[{"href":"https:\/\/www.nexoinformativo.mx\/index.php\/wp-json\/wp\/v2\/types\/post"}],"author":[{"embeddable":true,"href":"https:\/\/www.nexoinformativo.mx\/index.php\/wp-json\/wp\/v2\/users\/3"}],"replies":[{"embeddable":true,"href":"https:\/\/www.nexoinformativo.mx\/index.php\/wp-json\/wp\/v2\/comments?post=14526"}],"version-history":[{"count":3,"href":"https:\/\/www.nexoinformativo.mx\/index.php\/wp-json\/wp\/v2\/posts\/14526\/revisions"}],"predecessor-version":[{"id":14530,"href":"https:\/\/www.nexoinformativo.mx\/index.php\/wp-json\/wp\/v2\/posts\/14526\/revisions\/14530"}],"wp:featuredmedia":[{"embeddable":true,"href":"https:\/\/www.nexoinformativo.mx\/index.php\/wp-json\/wp\/v2\/media\/14527"}],"wp:attachment":[{"href":"https:\/\/www.nexoinformativo.mx\/index.php\/wp-json\/wp\/v2\/media?parent=14526"}],"wp:term":[{"taxonomy":"category","embeddable":true,"href":"https:\/\/www.nexoinformativo.mx\/index.php\/wp-json\/wp\/v2\/categories?post=14526"},{"taxonomy":"post_tag","embeddable":true,"href":"https:\/\/www.nexoinformativo.mx\/index.php\/wp-json\/wp\/v2\/tags?post=14526"}],"curies":[{"name":"wp","href":"https:\/\/api.w.org\/{rel}","templated":true}]}}