{"id":14540,"date":"2025-04-28T07:00:39","date_gmt":"2025-04-28T13:00:39","guid":{"rendered":"https:\/\/www.nexoinformativo.mx\/?p=14540"},"modified":"2025-04-28T13:38:01","modified_gmt":"2025-04-28T19:38:01","slug":"blindan-la-region-contra-extorsiones-cuelgapp-se-expande-para-proteger-a-miles","status":"publish","type":"post","link":"https:\/\/www.nexoinformativo.mx\/index.php\/2025\/04\/28\/blindan-la-region-contra-extorsiones-cuelgapp-se-expande-para-proteger-a-miles\/","title":{"rendered":"Blindan la regi\u00f3n contra extorsiones Cuelgapp se expande para proteger a miles"},"content":{"rendered":"<p style=\"text-align: justify;\" data-sourcepos=\"3:1-3:504\">En un esfuerzo coordinado por fortalecer la seguridad regional, el presidente municipal de Quer\u00e9taro, Felifer Mac\u00edas, encabez\u00f3 la firma de un convenio interinstitucional que extender\u00e1 el alcance de la exitosa plataforma Cuelgapp a los municipios vecinos de San Juan del R\u00edo, Tequisquiapan, Pedro Escobedo y Ezequiel Montes.<\/p>\n<p>&nbsp;<\/p>\n<p style=\"text-align: justify;\" data-sourcepos=\"3:1-3:504\">Esta alianza estrat\u00e9gica busca prevenir las extorsiones telef\u00f3nicas y ofrecer una protecci\u00f3n tecnol\u00f3gica directa a miles de familias en la regi\u00f3n.<\/p>\n<p>&nbsp;<\/p>\n<p style=\"text-align: justify;\" data-sourcepos=\"5:1-5:343\">Mac\u00edas reafirm\u00f3 el compromiso del Municipio de Quer\u00e9taro al aportar una herramienta con resultados comprobados en el bloqueo de llamadas fraudulentas. Subray\u00f3 que la colaboraci\u00f3n regional es fundamental, ya que &#8220;los problemas de seguridad no reconocen fronteras, por lo que las soluciones deben surgir tambi\u00e9n desde una visi\u00f3n compartida&#8221;.<\/p>\n<p>&nbsp;<\/p>\n<p style=\"text-align: justify;\" data-sourcepos=\"7:1-7:322\">La coordinaci\u00f3n intermunicipal permitir\u00e1 a la regi\u00f3n 5, conformada por los cinco municipios participantes, establecer una estrategia unificada para combatir las llamadas de extorsi\u00f3n. Gracias a esta iniciativa, se bloquear\u00e1n m\u00e1s de 1,500 n\u00fameros identificados como generadores de intentos de fraude y amenazas.<\/p>\n<p>&nbsp;<\/p>\n<p style=\"text-align: justify;\" data-sourcepos=\"9:1-9:325\"><span tabindex=\"0\" role=\"button\">Cuelgapp<\/span><span tabindex=\"0\" role=\"button\">, desarrollada por la Secretar\u00eda de Seguridad P\u00fablica Municipal de Quer\u00e9taro, estar\u00e1 ahora al servicio de todos los ciudadanos de los municipios aliados.La<\/span><button aria-label=\"Mostrar la respuesta de verificaci\u00f3n de datos\" aria-describedby=\"cdk-describedby-message-ng-1-37\"><\/button>plataforma tiene la capacidad de registrar y detener llamadas sospechosas, protegiendo as\u00ed el patrimonio y la tranquilidad de las personas.<\/p>\n<p>&nbsp;<\/p>\n<p style=\"text-align: justify;\" data-sourcepos=\"11:1-11:289\">En la firma del convenio estuvieron presentes los alcaldes Roberto Cabrera (San Juan del R\u00edo), H\u00e9ctor Iv\u00e1n Maga\u00f1a (Tequisquiapan) e Iv\u00e1n Res\u00e9ndiz (Ezequiel Montes), as\u00ed como representantes de las diversas secretar\u00edas de seguridad p\u00fablica y autoridades policiales de la regi\u00f3n y del estado.<\/p>\n<p>&nbsp;<\/p>\n<p style=\"text-align: justify;\" data-sourcepos=\"13:1-13:280\">&#8220;Yo auguro un gran beneficio para las familias de nuestros diferentes municipios y que en este trabajo en equipo intermunicipal se vea reflejado en lo m\u00e1s importante y en lo que nos une, m\u00e1s all\u00e1 de cualquier otro tema, que es la paz, la paz en Quer\u00e9taro&#8221;, destac\u00f3 Felifer Mac\u00edas.<\/p>\n<p>&nbsp;<\/p>\n<p style=\"text-align: justify;\" data-sourcepos=\"15:1-15:238\">Esta iniciativa representa un paso significativo hacia la construcci\u00f3n de una regi\u00f3n m\u00e1s segura y protegida para todos sus habitantes, demostrando que la uni\u00f3n y la tecnolog\u00eda son herramientas clave en la lucha contra la delincuencia.<\/p>\n<p>&nbsp;<\/p>\n<p style=\"text-align: center;\" data-sourcepos=\"15:1-15:238\"><strong><em>Informaci\u00f3n que transforma<\/em><\/strong><\/p>\n","protected":false},"excerpt":{"rendered":"<p>En un esfuerzo coordinado por fortalecer la seguridad regional, el presidente municipal de Quer\u00e9taro, Felifer Mac\u00edas, encabez\u00f3 la firma de un convenio interinstitucional que extender\u00e1 el alcance de la exitosa plataforma Cuelgapp a los municipios vecinos de San Juan del R\u00edo, Tequisquiapan, Pedro Escobedo y Ezequiel Montes.<\/p>\n","protected":false},"author":3,"featured_media":14541,"comment_status":"open","ping_status":"open","sticky":false,"template":"","format":"standard","meta":{"footnotes":""},"categories":[65,58],"tags":[4305,4304,242,4303],"class_list":["post-14540","post","type-post","status-publish","format-standard","has-post-thumbnail","hentry","category-municipios","category-ultima-hora","tag-antiextorsion","tag-cuelgapp","tag-queretaroseguro","tag-seguridadregional"],"yoast_head":"<!-- This site is optimized with the Yoast SEO plugin v25.0 - https:\/\/yoast.com\/wordpress\/plugins\/seo\/ -->\n<title>Blindan la regi\u00f3n contra extorsiones Cuelgapp se expande para proteger a miles | Nexo Informativo Santiago de Quer\u00e9taro<\/title>\n<meta name=\"description\" content=\"Blindan la regi\u00f3n contra extorsiones Cuelgapp se expande para proteger a miles\" \/>\n<meta name=\"robots\" content=\"index, follow, max-snippet:-1, max-image-preview:large, max-video-preview:-1\" \/>\n<link rel=\"canonical\" href=\"https:\/\/www.nexoinformativo.mx\/index.php\/2025\/04\/28\/blindan-la-region-contra-extorsiones-cuelgapp-se-expande-para-proteger-a-miles\/\" \/>\n<meta property=\"og:locale\" content=\"es_MX\" \/>\n<meta property=\"og:type\" content=\"article\" \/>\n<meta property=\"og:title\" content=\"Blindan la regi\u00f3n contra extorsiones Cuelgapp se expande para proteger a miles | Nexo Informativo Santiago de Quer\u00e9taro\" \/>\n<meta property=\"og:description\" content=\"Blindan la regi\u00f3n contra extorsiones Cuelgapp se expande para proteger a miles\" \/>\n<meta property=\"og:url\" content=\"https:\/\/www.nexoinformativo.mx\/index.php\/2025\/04\/28\/blindan-la-region-contra-extorsiones-cuelgapp-se-expande-para-proteger-a-miles\/\" \/>\n<meta property=\"og:site_name\" content=\"Nexo Informativo Santiago de Quer\u00e9taro\" \/>\n<meta property=\"article:publisher\" content=\"https:\/\/www.facebook.com\/people\/Nexo-Informativo\/61564066885511\/\" \/>\n<meta property=\"article:published_time\" content=\"2025-04-28T13:00:39+00:00\" \/>\n<meta property=\"article:modified_time\" content=\"2025-04-28T19:38:01+00:00\" \/>\n<meta property=\"og:image\" content=\"https:\/\/www.nexoinformativo.mx\/wp-content\/uploads\/2025\/04\/PHOTO-2025-04-25-23-32-13-e1745866180830.jpg\" \/>\n\t<meta property=\"og:image:width\" content=\"800\" \/>\n\t<meta property=\"og:image:height\" content=\"533\" \/>\n\t<meta property=\"og:image:type\" content=\"image\/jpeg\" \/>\n<meta name=\"author\" content=\"Nexo Informativo\" \/>\n<meta name=\"twitter:card\" content=\"summary_large_image\" \/>\n<meta name=\"twitter:label1\" content=\"Escrito por\" \/>\n\t<meta name=\"twitter:data1\" content=\"Nexo Informativo\" \/>\n\t<meta name=\"twitter:label2\" content=\"Tiempo de lectura\" \/>\n\t<meta name=\"twitter:data2\" content=\"2 minutos\" \/>\n<script type=\"application\/ld+json\" class=\"yoast-schema-graph\">{\"@context\":\"https:\/\/schema.org\",\"@graph\":[{\"@type\":\"Article\",\"@id\":\"https:\/\/www.nexoinformativo.mx\/index.php\/2025\/04\/28\/blindan-la-region-contra-extorsiones-cuelgapp-se-expande-para-proteger-a-miles\/#article\",\"isPartOf\":{\"@id\":\"https:\/\/www.nexoinformativo.mx\/index.php\/2025\/04\/28\/blindan-la-region-contra-extorsiones-cuelgapp-se-expande-para-proteger-a-miles\/\"},\"author\":{\"name\":\"Nexo Informativo\",\"@id\":\"https:\/\/www.nexoinformativo.mx\/#\/schema\/person\/7749d380ba08c8ca00d7bc76fd907b7d\"},\"headline\":\"Blindan la regi\u00f3n contra extorsiones Cuelgapp se expande para proteger a miles\",\"datePublished\":\"2025-04-28T13:00:39+00:00\",\"dateModified\":\"2025-04-28T19:38:01+00:00\",\"mainEntityOfPage\":{\"@id\":\"https:\/\/www.nexoinformativo.mx\/index.php\/2025\/04\/28\/blindan-la-region-contra-extorsiones-cuelgapp-se-expande-para-proteger-a-miles\/\"},\"wordCount\":396,\"commentCount\":0,\"publisher\":{\"@id\":\"https:\/\/www.nexoinformativo.mx\/#organization\"},\"image\":{\"@id\":\"https:\/\/www.nexoinformativo.mx\/index.php\/2025\/04\/28\/blindan-la-region-contra-extorsiones-cuelgapp-se-expande-para-proteger-a-miles\/#primaryimage\"},\"thumbnailUrl\":\"https:\/\/www.nexoinformativo.mx\/wp-content\/uploads\/2025\/04\/PHOTO-2025-04-25-23-32-13-e1745866180830.jpg\",\"keywords\":[\"Antiextorsi\u00f3n\",\"Cuelgapp\",\"QueretaroSeguro\",\"SeguridadRegional\"],\"articleSection\":[\"Municipios\",\"\u00daltima Hora\"],\"inLanguage\":\"es\",\"potentialAction\":[{\"@type\":\"CommentAction\",\"name\":\"Comment\",\"target\":[\"https:\/\/www.nexoinformativo.mx\/index.php\/2025\/04\/28\/blindan-la-region-contra-extorsiones-cuelgapp-se-expande-para-proteger-a-miles\/#respond\"]}]},{\"@type\":\"WebPage\",\"@id\":\"https:\/\/www.nexoinformativo.mx\/index.php\/2025\/04\/28\/blindan-la-region-contra-extorsiones-cuelgapp-se-expande-para-proteger-a-miles\/\",\"url\":\"https:\/\/www.nexoinformativo.mx\/index.php\/2025\/04\/28\/blindan-la-region-contra-extorsiones-cuelgapp-se-expande-para-proteger-a-miles\/\",\"name\":\"Blindan la regi\u00f3n contra extorsiones Cuelgapp se expande para proteger a miles | Nexo Informativo Santiago de Quer\u00e9taro\",\"isPartOf\":{\"@id\":\"https:\/\/www.nexoinformativo.mx\/#website\"},\"primaryImageOfPage\":{\"@id\":\"https:\/\/www.nexoinformativo.mx\/index.php\/2025\/04\/28\/blindan-la-region-contra-extorsiones-cuelgapp-se-expande-para-proteger-a-miles\/#primaryimage\"},\"image\":{\"@id\":\"https:\/\/www.nexoinformativo.mx\/index.php\/2025\/04\/28\/blindan-la-region-contra-extorsiones-cuelgapp-se-expande-para-proteger-a-miles\/#primaryimage\"},\"thumbnailUrl\":\"https:\/\/www.nexoinformativo.mx\/wp-content\/uploads\/2025\/04\/PHOTO-2025-04-25-23-32-13-e1745866180830.jpg\",\"datePublished\":\"2025-04-28T13:00:39+00:00\",\"dateModified\":\"2025-04-28T19:38:01+00:00\",\"description\":\"Blindan la regi\u00f3n contra extorsiones Cuelgapp se expande para proteger a miles\",\"breadcrumb\":{\"@id\":\"https:\/\/www.nexoinformativo.mx\/index.php\/2025\/04\/28\/blindan-la-region-contra-extorsiones-cuelgapp-se-expande-para-proteger-a-miles\/#breadcrumb\"},\"inLanguage\":\"es\",\"potentialAction\":[{\"@type\":\"ReadAction\",\"target\":[\"https:\/\/www.nexoinformativo.mx\/index.php\/2025\/04\/28\/blindan-la-region-contra-extorsiones-cuelgapp-se-expande-para-proteger-a-miles\/\"]}]},{\"@type\":\"ImageObject\",\"inLanguage\":\"es\",\"@id\":\"https:\/\/www.nexoinformativo.mx\/index.php\/2025\/04\/28\/blindan-la-region-contra-extorsiones-cuelgapp-se-expande-para-proteger-a-miles\/#primaryimage\",\"url\":\"https:\/\/www.nexoinformativo.mx\/wp-content\/uploads\/2025\/04\/PHOTO-2025-04-25-23-32-13-e1745866180830.jpg\",\"contentUrl\":\"https:\/\/www.nexoinformativo.mx\/wp-content\/uploads\/2025\/04\/PHOTO-2025-04-25-23-32-13-e1745866180830.jpg\",\"width\":800,\"height\":533},{\"@type\":\"BreadcrumbList\",\"@id\":\"https:\/\/www.nexoinformativo.mx\/index.php\/2025\/04\/28\/blindan-la-region-contra-extorsiones-cuelgapp-se-expande-para-proteger-a-miles\/#breadcrumb\",\"itemListElement\":[{\"@type\":\"ListItem\",\"position\":1,\"name\":\"Inicio\",\"item\":\"https:\/\/www.nexoinformativo.mx\/\"},{\"@type\":\"ListItem\",\"position\":2,\"name\":\"Blindan la regi\u00f3n contra extorsiones Cuelgapp se expande para proteger a miles\"}]},{\"@type\":\"WebSite\",\"@id\":\"https:\/\/www.nexoinformativo.mx\/#website\",\"url\":\"https:\/\/www.nexoinformativo.mx\/\",\"name\":\"Nexo Informativo Santiago de Quer\u00e9taro\",\"description\":\"Explora NexoInformativo y convi\u00e9rtete en parte de una comunidad que valora el conocimiento y la verdad. Tu nexoinformativo es tu puente hacia una comprensi\u00f3n m\u00e1s profunda del mundo que te rodea.\",\"publisher\":{\"@id\":\"https:\/\/www.nexoinformativo.mx\/#organization\"},\"potentialAction\":[{\"@type\":\"SearchAction\",\"target\":{\"@type\":\"EntryPoint\",\"urlTemplate\":\"https:\/\/www.nexoinformativo.mx\/?s={search_term_string}\"},\"query-input\":{\"@type\":\"PropertyValueSpecification\",\"valueRequired\":true,\"valueName\":\"search_term_string\"}}],\"inLanguage\":\"es\"},{\"@type\":\"Organization\",\"@id\":\"https:\/\/www.nexoinformativo.mx\/#organization\",\"name\":\"Nexo Informativo Santiago de Quer\u00e9taro\",\"url\":\"https:\/\/www.nexoinformativo.mx\/\",\"logo\":{\"@type\":\"ImageObject\",\"inLanguage\":\"es\",\"@id\":\"https:\/\/www.nexoinformativo.mx\/#\/schema\/logo\/image\/\",\"url\":\"https:\/\/www.nexoinformativo.mx\/wp-content\/uploads\/2024\/07\/nexoi-trasparente-2.png\",\"contentUrl\":\"https:\/\/www.nexoinformativo.mx\/wp-content\/uploads\/2024\/07\/nexoi-trasparente-2.png\",\"width\":816,\"height\":339,\"caption\":\"Nexo Informativo Santiago de Quer\u00e9taro\"},\"image\":{\"@id\":\"https:\/\/www.nexoinformativo.mx\/#\/schema\/logo\/image\/\"},\"sameAs\":[\"https:\/\/www.facebook.com\/people\/Nexo-Informativo\/61564066885511\/\"]},{\"@type\":\"Person\",\"@id\":\"https:\/\/www.nexoinformativo.mx\/#\/schema\/person\/7749d380ba08c8ca00d7bc76fd907b7d\",\"name\":\"Nexo Informativo\",\"image\":{\"@type\":\"ImageObject\",\"inLanguage\":\"es\",\"@id\":\"https:\/\/www.nexoinformativo.mx\/#\/schema\/person\/image\/\",\"url\":\"https:\/\/secure.gravatar.com\/avatar\/dde2928154642a13d95f87ddf1ea9718fe2b46760a005c53e41ff5ad610704e6?s=96&d=mm&r=g\",\"contentUrl\":\"https:\/\/secure.gravatar.com\/avatar\/dde2928154642a13d95f87ddf1ea9718fe2b46760a005c53e41ff5ad610704e6?s=96&d=mm&r=g\",\"caption\":\"Nexo Informativo\"},\"url\":\"https:\/\/www.nexoinformativo.mx\/index.php\/author\/edicion\/\"}]}<\/script>\n<!-- \/ Yoast SEO plugin. -->","yoast_head_json":{"title":"Blindan la regi\u00f3n contra extorsiones Cuelgapp se expande para proteger a miles | Nexo Informativo Santiago de Quer\u00e9taro","description":"Blindan la regi\u00f3n contra extorsiones Cuelgapp se expande para proteger a miles","robots":{"index":"index","follow":"follow","max-snippet":"max-snippet:-1","max-image-preview":"max-image-preview:large","max-video-preview":"max-video-preview:-1"},"canonical":"https:\/\/www.nexoinformativo.mx\/index.php\/2025\/04\/28\/blindan-la-region-contra-extorsiones-cuelgapp-se-expande-para-proteger-a-miles\/","og_locale":"es_MX","og_type":"article","og_title":"Blindan la regi\u00f3n contra extorsiones Cuelgapp se expande para proteger a miles | Nexo Informativo Santiago de Quer\u00e9taro","og_description":"Blindan la regi\u00f3n contra extorsiones Cuelgapp se expande para proteger a miles","og_url":"https:\/\/www.nexoinformativo.mx\/index.php\/2025\/04\/28\/blindan-la-region-contra-extorsiones-cuelgapp-se-expande-para-proteger-a-miles\/","og_site_name":"Nexo Informativo Santiago de Quer\u00e9taro","article_publisher":"https:\/\/www.facebook.com\/people\/Nexo-Informativo\/61564066885511\/","article_published_time":"2025-04-28T13:00:39+00:00","article_modified_time":"2025-04-28T19:38:01+00:00","og_image":[{"width":800,"height":533,"url":"https:\/\/www.nexoinformativo.mx\/wp-content\/uploads\/2025\/04\/PHOTO-2025-04-25-23-32-13-e1745866180830.jpg","type":"image\/jpeg"}],"author":"Nexo Informativo","twitter_card":"summary_large_image","twitter_misc":{"Escrito por":"Nexo Informativo","Tiempo de lectura":"2 minutos"},"schema":{"@context":"https:\/\/schema.org","@graph":[{"@type":"Article","@id":"https:\/\/www.nexoinformativo.mx\/index.php\/2025\/04\/28\/blindan-la-region-contra-extorsiones-cuelgapp-se-expande-para-proteger-a-miles\/#article","isPartOf":{"@id":"https:\/\/www.nexoinformativo.mx\/index.php\/2025\/04\/28\/blindan-la-region-contra-extorsiones-cuelgapp-se-expande-para-proteger-a-miles\/"},"author":{"name":"Nexo Informativo","@id":"https:\/\/www.nexoinformativo.mx\/#\/schema\/person\/7749d380ba08c8ca00d7bc76fd907b7d"},"headline":"Blindan la regi\u00f3n contra extorsiones Cuelgapp se expande para proteger a miles","datePublished":"2025-04-28T13:00:39+00:00","dateModified":"2025-04-28T19:38:01+00:00","mainEntityOfPage":{"@id":"https:\/\/www.nexoinformativo.mx\/index.php\/2025\/04\/28\/blindan-la-region-contra-extorsiones-cuelgapp-se-expande-para-proteger-a-miles\/"},"wordCount":396,"commentCount":0,"publisher":{"@id":"https:\/\/www.nexoinformativo.mx\/#organization"},"image":{"@id":"https:\/\/www.nexoinformativo.mx\/index.php\/2025\/04\/28\/blindan-la-region-contra-extorsiones-cuelgapp-se-expande-para-proteger-a-miles\/#primaryimage"},"thumbnailUrl":"https:\/\/www.nexoinformativo.mx\/wp-content\/uploads\/2025\/04\/PHOTO-2025-04-25-23-32-13-e1745866180830.jpg","keywords":["Antiextorsi\u00f3n","Cuelgapp","QueretaroSeguro","SeguridadRegional"],"articleSection":["Municipios","\u00daltima Hora"],"inLanguage":"es","potentialAction":[{"@type":"CommentAction","name":"Comment","target":["https:\/\/www.nexoinformativo.mx\/index.php\/2025\/04\/28\/blindan-la-region-contra-extorsiones-cuelgapp-se-expande-para-proteger-a-miles\/#respond"]}]},{"@type":"WebPage","@id":"https:\/\/www.nexoinformativo.mx\/index.php\/2025\/04\/28\/blindan-la-region-contra-extorsiones-cuelgapp-se-expande-para-proteger-a-miles\/","url":"https:\/\/www.nexoinformativo.mx\/index.php\/2025\/04\/28\/blindan-la-region-contra-extorsiones-cuelgapp-se-expande-para-proteger-a-miles\/","name":"Blindan la regi\u00f3n contra extorsiones Cuelgapp se expande para proteger a miles | Nexo Informativo Santiago de Quer\u00e9taro","isPartOf":{"@id":"https:\/\/www.nexoinformativo.mx\/#website"},"primaryImageOfPage":{"@id":"https:\/\/www.nexoinformativo.mx\/index.php\/2025\/04\/28\/blindan-la-region-contra-extorsiones-cuelgapp-se-expande-para-proteger-a-miles\/#primaryimage"},"image":{"@id":"https:\/\/www.nexoinformativo.mx\/index.php\/2025\/04\/28\/blindan-la-region-contra-extorsiones-cuelgapp-se-expande-para-proteger-a-miles\/#primaryimage"},"thumbnailUrl":"https:\/\/www.nexoinformativo.mx\/wp-content\/uploads\/2025\/04\/PHOTO-2025-04-25-23-32-13-e1745866180830.jpg","datePublished":"2025-04-28T13:00:39+00:00","dateModified":"2025-04-28T19:38:01+00:00","description":"Blindan la regi\u00f3n contra extorsiones Cuelgapp se expande para proteger a miles","breadcrumb":{"@id":"https:\/\/www.nexoinformativo.mx\/index.php\/2025\/04\/28\/blindan-la-region-contra-extorsiones-cuelgapp-se-expande-para-proteger-a-miles\/#breadcrumb"},"inLanguage":"es","potentialAction":[{"@type":"ReadAction","target":["https:\/\/www.nexoinformativo.mx\/index.php\/2025\/04\/28\/blindan-la-region-contra-extorsiones-cuelgapp-se-expande-para-proteger-a-miles\/"]}]},{"@type":"ImageObject","inLanguage":"es","@id":"https:\/\/www.nexoinformativo.mx\/index.php\/2025\/04\/28\/blindan-la-region-contra-extorsiones-cuelgapp-se-expande-para-proteger-a-miles\/#primaryimage","url":"https:\/\/www.nexoinformativo.mx\/wp-content\/uploads\/2025\/04\/PHOTO-2025-04-25-23-32-13-e1745866180830.jpg","contentUrl":"https:\/\/www.nexoinformativo.mx\/wp-content\/uploads\/2025\/04\/PHOTO-2025-04-25-23-32-13-e1745866180830.jpg","width":800,"height":533},{"@type":"BreadcrumbList","@id":"https:\/\/www.nexoinformativo.mx\/index.php\/2025\/04\/28\/blindan-la-region-contra-extorsiones-cuelgapp-se-expande-para-proteger-a-miles\/#breadcrumb","itemListElement":[{"@type":"ListItem","position":1,"name":"Inicio","item":"https:\/\/www.nexoinformativo.mx\/"},{"@type":"ListItem","position":2,"name":"Blindan la regi\u00f3n contra extorsiones Cuelgapp se expande para proteger a miles"}]},{"@type":"WebSite","@id":"https:\/\/www.nexoinformativo.mx\/#website","url":"https:\/\/www.nexoinformativo.mx\/","name":"Nexo Informativo Santiago de Quer\u00e9taro","description":"Explora NexoInformativo y convi\u00e9rtete en parte de una comunidad que valora el conocimiento y la verdad. Tu nexoinformativo es tu puente hacia una comprensi\u00f3n m\u00e1s profunda del mundo que te rodea.","publisher":{"@id":"https:\/\/www.nexoinformativo.mx\/#organization"},"potentialAction":[{"@type":"SearchAction","target":{"@type":"EntryPoint","urlTemplate":"https:\/\/www.nexoinformativo.mx\/?s={search_term_string}"},"query-input":{"@type":"PropertyValueSpecification","valueRequired":true,"valueName":"search_term_string"}}],"inLanguage":"es"},{"@type":"Organization","@id":"https:\/\/www.nexoinformativo.mx\/#organization","name":"Nexo Informativo Santiago de Quer\u00e9taro","url":"https:\/\/www.nexoinformativo.mx\/","logo":{"@type":"ImageObject","inLanguage":"es","@id":"https:\/\/www.nexoinformativo.mx\/#\/schema\/logo\/image\/","url":"https:\/\/www.nexoinformativo.mx\/wp-content\/uploads\/2024\/07\/nexoi-trasparente-2.png","contentUrl":"https:\/\/www.nexoinformativo.mx\/wp-content\/uploads\/2024\/07\/nexoi-trasparente-2.png","width":816,"height":339,"caption":"Nexo Informativo Santiago de Quer\u00e9taro"},"image":{"@id":"https:\/\/www.nexoinformativo.mx\/#\/schema\/logo\/image\/"},"sameAs":["https:\/\/www.facebook.com\/people\/Nexo-Informativo\/61564066885511\/"]},{"@type":"Person","@id":"https:\/\/www.nexoinformativo.mx\/#\/schema\/person\/7749d380ba08c8ca00d7bc76fd907b7d","name":"Nexo Informativo","image":{"@type":"ImageObject","inLanguage":"es","@id":"https:\/\/www.nexoinformativo.mx\/#\/schema\/person\/image\/","url":"https:\/\/secure.gravatar.com\/avatar\/dde2928154642a13d95f87ddf1ea9718fe2b46760a005c53e41ff5ad610704e6?s=96&d=mm&r=g","contentUrl":"https:\/\/secure.gravatar.com\/avatar\/dde2928154642a13d95f87ddf1ea9718fe2b46760a005c53e41ff5ad610704e6?s=96&d=mm&r=g","caption":"Nexo Informativo"},"url":"https:\/\/www.nexoinformativo.mx\/index.php\/author\/edicion\/"}]}},"_links":{"self":[{"href":"https:\/\/www.nexoinformativo.mx\/index.php\/wp-json\/wp\/v2\/posts\/14540","targetHints":{"allow":["GET"]}}],"collection":[{"href":"https:\/\/www.nexoinformativo.mx\/index.php\/wp-json\/wp\/v2\/posts"}],"about":[{"href":"https:\/\/www.nexoinformativo.mx\/index.php\/wp-json\/wp\/v2\/types\/post"}],"author":[{"embeddable":true,"href":"https:\/\/www.nexoinformativo.mx\/index.php\/wp-json\/wp\/v2\/users\/3"}],"replies":[{"embeddable":true,"href":"https:\/\/www.nexoinformativo.mx\/index.php\/wp-json\/wp\/v2\/comments?post=14540"}],"version-history":[{"count":5,"href":"https:\/\/www.nexoinformativo.mx\/index.php\/wp-json\/wp\/v2\/posts\/14540\/revisions"}],"predecessor-version":[{"id":14565,"href":"https:\/\/www.nexoinformativo.mx\/index.php\/wp-json\/wp\/v2\/posts\/14540\/revisions\/14565"}],"wp:featuredmedia":[{"embeddable":true,"href":"https:\/\/www.nexoinformativo.mx\/index.php\/wp-json\/wp\/v2\/media\/14541"}],"wp:attachment":[{"href":"https:\/\/www.nexoinformativo.mx\/index.php\/wp-json\/wp\/v2\/media?parent=14540"}],"wp:term":[{"taxonomy":"category","embeddable":true,"href":"https:\/\/www.nexoinformativo.mx\/index.php\/wp-json\/wp\/v2\/categories?post=14540"},{"taxonomy":"post_tag","embeddable":true,"href":"https:\/\/www.nexoinformativo.mx\/index.php\/wp-json\/wp\/v2\/tags?post=14540"}],"curies":[{"name":"wp","href":"https:\/\/api.w.org\/{rel}","templated":true}]}}