{"id":14546,"date":"2025-04-28T08:00:14","date_gmt":"2025-04-28T14:00:14","guid":{"rendered":"https:\/\/www.nexoinformativo.mx\/?p=14546"},"modified":"2025-04-28T13:06:37","modified_gmt":"2025-04-28T19:06:37","slug":"alerta-censura-morena-quiere-silenciar-voces-criticas-denuncia-diputado-calzada","status":"publish","type":"post","link":"https:\/\/www.nexoinformativo.mx\/index.php\/2025\/04\/28\/alerta-censura-morena-quiere-silenciar-voces-criticas-denuncia-diputado-calzada\/","title":{"rendered":"Alerta censura Morena quiere silenciar voces cr\u00edticas denuncia Diputado Calzada"},"content":{"rendered":"<p style=\"text-align: justify;\" data-sourcepos=\"3:1-3:263\">El diputado federal Mario Calzada Mercado (PRI) lanz\u00f3 una fuerte advertencia sobre las intenciones del gobierno de la Cuarta Transformaci\u00f3n (4T), asegurando que Morena no tolera la disidencia y busca censurar a quienes piensan diferente.<\/p>\n<\/p>\n<p>&nbsp;<\/p>\n<p style=\"text-align: justify;\" data-sourcepos=\"5:1-5:312\">En\u00e9rgico, el legislador priista afirm\u00f3 que la libertad de expresi\u00f3n es un derecho fundamental que la 4T pretende frenar con su propuesta de reforma a la ley de telecomunicaciones. &#8220;La reforma a telecomunicaciones que propone Morena es una Ley Censura&#8221;, sentenci\u00f3 Calzada, dejando clara su postura de rechazo.<\/p>\n<\/p>\n<p>&nbsp;<\/p>\n<p style=\"text-align: justify;\" data-sourcepos=\"7:1-7:267\">El diputado federal enfatiz\u00f3 que el PRI defender\u00e1 con firmeza el derecho de los ciudadanos a expresarse libremente. Asimismo, lament\u00f3 la ambici\u00f3n del oficialismo por otorgar un poder desmedido a la reci\u00e9n creada Agencia de Transformaci\u00f3n Digital y Telecomunicaciones.<\/p>\n<\/p>\n<p>&nbsp;<\/p>\n<p style=\"text-align: justify;\" data-sourcepos=\"9:1-9:291\">&#8220;Es una iniciativa que normaliza la vigilancia masiva y la censura. \u00bfA qu\u00e9 le tienen miedo, que buscan tener tanto control? Quieren censurar a los medios de comunicaci\u00f3n y a los mexicanos que hemos levantado la voz para evidenciar el mal trabajo que han hecho&#8221;, puntualiz\u00f3 Mario Calzada.<\/p>\n<\/p>\n<p>&nbsp;<\/p>\n<p style=\"text-align: justify;\" data-sourcepos=\"11:1-11:153\">Con estas declaraciones, el debate sobre la libertad de expresi\u00f3n y los l\u00edmites del poder gubernamental se intensifica en el escenario pol\u00edtico nacional.<\/p>\n<\/p>\n<p>&nbsp;<\/p>\n<p style=\"text-align: center;\" data-sourcepos=\"11:1-11:153\"><em><strong>Informaci\u00f3n que transforma<\/strong><\/em><\/p>\n","protected":false},"excerpt":{"rendered":"<p>El diputado federal Mario Calzada Mercado (PRI) lanz\u00f3 una fuerte advertencia sobre las intenciones del gobierno de la Cuarta Transformaci\u00f3n (4T), asegurando que Morena no tolera la disidencia y busca censurar a quienes piensan diferente.<\/p>\n","protected":false},"author":3,"featured_media":14547,"comment_status":"open","ping_status":"open","sticky":false,"template":"","format":"standard","meta":{"footnotes":""},"categories":[42,21,58],"tags":[4307,1786,4308,4306],"class_list":["post-14546","post","type-post","status-publish","format-standard","has-post-thumbnail","hentry","category-estado","category-politica","category-ultima-hora","tag-leycensura","tag-libertaddeexpresion","tag-mexicolibre","tag-noalacensura"],"yoast_head":"<!-- This site is optimized with the Yoast SEO plugin v25.0 - https:\/\/yoast.com\/wordpress\/plugins\/seo\/ -->\n<title>Alerta censura Morena quiere silenciar voces cr\u00edticas denuncia Diputado Calzada | Nexo Informativo Santiago de Quer\u00e9taro<\/title>\n<meta name=\"description\" content=\"Alerta censura Morena quiere silenciar voces cr\u00edticas denuncia Diputado Calzada\" \/>\n<meta name=\"robots\" content=\"index, follow, max-snippet:-1, max-image-preview:large, max-video-preview:-1\" \/>\n<link rel=\"canonical\" href=\"https:\/\/www.nexoinformativo.mx\/index.php\/2025\/04\/28\/alerta-censura-morena-quiere-silenciar-voces-criticas-denuncia-diputado-calzada\/\" \/>\n<meta property=\"og:locale\" content=\"es_MX\" \/>\n<meta property=\"og:type\" content=\"article\" \/>\n<meta property=\"og:title\" content=\"Alerta censura Morena quiere silenciar voces cr\u00edticas denuncia Diputado Calzada | Nexo Informativo Santiago de Quer\u00e9taro\" \/>\n<meta property=\"og:description\" content=\"Alerta censura Morena quiere silenciar voces cr\u00edticas denuncia Diputado Calzada\" \/>\n<meta property=\"og:url\" content=\"https:\/\/www.nexoinformativo.mx\/index.php\/2025\/04\/28\/alerta-censura-morena-quiere-silenciar-voces-criticas-denuncia-diputado-calzada\/\" \/>\n<meta property=\"og:site_name\" content=\"Nexo Informativo Santiago de Quer\u00e9taro\" \/>\n<meta property=\"article:publisher\" content=\"https:\/\/www.facebook.com\/people\/Nexo-Informativo\/61564066885511\/\" \/>\n<meta property=\"article:published_time\" content=\"2025-04-28T14:00:14+00:00\" \/>\n<meta property=\"article:modified_time\" content=\"2025-04-28T19:06:37+00:00\" \/>\n<meta property=\"og:image\" content=\"https:\/\/www.nexoinformativo.mx\/wp-content\/uploads\/2025\/04\/PHOTO-2025-04-28-11-25-06-e1745867027866.jpg\" \/>\n\t<meta property=\"og:image:width\" content=\"800\" \/>\n\t<meta property=\"og:image:height\" content=\"533\" \/>\n\t<meta property=\"og:image:type\" content=\"image\/jpeg\" \/>\n<meta name=\"author\" content=\"Nexo Informativo\" \/>\n<meta name=\"twitter:card\" content=\"summary_large_image\" \/>\n<meta name=\"twitter:label1\" content=\"Escrito por\" \/>\n\t<meta name=\"twitter:data1\" content=\"Nexo Informativo\" \/>\n\t<meta name=\"twitter:label2\" content=\"Tiempo de lectura\" \/>\n\t<meta name=\"twitter:data2\" content=\"2 minutos\" \/>\n<script type=\"application\/ld+json\" class=\"yoast-schema-graph\">{\"@context\":\"https:\/\/schema.org\",\"@graph\":[{\"@type\":\"Article\",\"@id\":\"https:\/\/www.nexoinformativo.mx\/index.php\/2025\/04\/28\/alerta-censura-morena-quiere-silenciar-voces-criticas-denuncia-diputado-calzada\/#article\",\"isPartOf\":{\"@id\":\"https:\/\/www.nexoinformativo.mx\/index.php\/2025\/04\/28\/alerta-censura-morena-quiere-silenciar-voces-criticas-denuncia-diputado-calzada\/\"},\"author\":{\"name\":\"Nexo Informativo\",\"@id\":\"https:\/\/www.nexoinformativo.mx\/#\/schema\/person\/7749d380ba08c8ca00d7bc76fd907b7d\"},\"headline\":\"Alerta censura Morena quiere silenciar voces cr\u00edticas denuncia Diputado Calzada\",\"datePublished\":\"2025-04-28T14:00:14+00:00\",\"dateModified\":\"2025-04-28T19:06:37+00:00\",\"mainEntityOfPage\":{\"@id\":\"https:\/\/www.nexoinformativo.mx\/index.php\/2025\/04\/28\/alerta-censura-morena-quiere-silenciar-voces-criticas-denuncia-diputado-calzada\/\"},\"wordCount\":223,\"commentCount\":0,\"publisher\":{\"@id\":\"https:\/\/www.nexoinformativo.mx\/#organization\"},\"image\":{\"@id\":\"https:\/\/www.nexoinformativo.mx\/index.php\/2025\/04\/28\/alerta-censura-morena-quiere-silenciar-voces-criticas-denuncia-diputado-calzada\/#primaryimage\"},\"thumbnailUrl\":\"https:\/\/www.nexoinformativo.mx\/wp-content\/uploads\/2025\/04\/PHOTO-2025-04-28-11-25-06-e1745867027866.jpg\",\"keywords\":[\"LeyCensura\",\"LibertadDeExpresi\u00f3n\",\"M\u00e9xicoLibre\",\"NoALaCensura\"],\"articleSection\":[\"Estado\",\"Pol\u00edtica\",\"\u00daltima Hora\"],\"inLanguage\":\"es\",\"potentialAction\":[{\"@type\":\"CommentAction\",\"name\":\"Comment\",\"target\":[\"https:\/\/www.nexoinformativo.mx\/index.php\/2025\/04\/28\/alerta-censura-morena-quiere-silenciar-voces-criticas-denuncia-diputado-calzada\/#respond\"]}]},{\"@type\":\"WebPage\",\"@id\":\"https:\/\/www.nexoinformativo.mx\/index.php\/2025\/04\/28\/alerta-censura-morena-quiere-silenciar-voces-criticas-denuncia-diputado-calzada\/\",\"url\":\"https:\/\/www.nexoinformativo.mx\/index.php\/2025\/04\/28\/alerta-censura-morena-quiere-silenciar-voces-criticas-denuncia-diputado-calzada\/\",\"name\":\"Alerta censura Morena quiere silenciar voces cr\u00edticas denuncia Diputado Calzada | Nexo Informativo Santiago de Quer\u00e9taro\",\"isPartOf\":{\"@id\":\"https:\/\/www.nexoinformativo.mx\/#website\"},\"primaryImageOfPage\":{\"@id\":\"https:\/\/www.nexoinformativo.mx\/index.php\/2025\/04\/28\/alerta-censura-morena-quiere-silenciar-voces-criticas-denuncia-diputado-calzada\/#primaryimage\"},\"image\":{\"@id\":\"https:\/\/www.nexoinformativo.mx\/index.php\/2025\/04\/28\/alerta-censura-morena-quiere-silenciar-voces-criticas-denuncia-diputado-calzada\/#primaryimage\"},\"thumbnailUrl\":\"https:\/\/www.nexoinformativo.mx\/wp-content\/uploads\/2025\/04\/PHOTO-2025-04-28-11-25-06-e1745867027866.jpg\",\"datePublished\":\"2025-04-28T14:00:14+00:00\",\"dateModified\":\"2025-04-28T19:06:37+00:00\",\"description\":\"Alerta censura Morena quiere silenciar voces cr\u00edticas denuncia Diputado Calzada\",\"breadcrumb\":{\"@id\":\"https:\/\/www.nexoinformativo.mx\/index.php\/2025\/04\/28\/alerta-censura-morena-quiere-silenciar-voces-criticas-denuncia-diputado-calzada\/#breadcrumb\"},\"inLanguage\":\"es\",\"potentialAction\":[{\"@type\":\"ReadAction\",\"target\":[\"https:\/\/www.nexoinformativo.mx\/index.php\/2025\/04\/28\/alerta-censura-morena-quiere-silenciar-voces-criticas-denuncia-diputado-calzada\/\"]}]},{\"@type\":\"ImageObject\",\"inLanguage\":\"es\",\"@id\":\"https:\/\/www.nexoinformativo.mx\/index.php\/2025\/04\/28\/alerta-censura-morena-quiere-silenciar-voces-criticas-denuncia-diputado-calzada\/#primaryimage\",\"url\":\"https:\/\/www.nexoinformativo.mx\/wp-content\/uploads\/2025\/04\/PHOTO-2025-04-28-11-25-06-e1745867027866.jpg\",\"contentUrl\":\"https:\/\/www.nexoinformativo.mx\/wp-content\/uploads\/2025\/04\/PHOTO-2025-04-28-11-25-06-e1745867027866.jpg\",\"width\":800,\"height\":533},{\"@type\":\"BreadcrumbList\",\"@id\":\"https:\/\/www.nexoinformativo.mx\/index.php\/2025\/04\/28\/alerta-censura-morena-quiere-silenciar-voces-criticas-denuncia-diputado-calzada\/#breadcrumb\",\"itemListElement\":[{\"@type\":\"ListItem\",\"position\":1,\"name\":\"Inicio\",\"item\":\"https:\/\/www.nexoinformativo.mx\/\"},{\"@type\":\"ListItem\",\"position\":2,\"name\":\"Alerta censura Morena quiere silenciar voces cr\u00edticas denuncia Diputado Calzada\"}]},{\"@type\":\"WebSite\",\"@id\":\"https:\/\/www.nexoinformativo.mx\/#website\",\"url\":\"https:\/\/www.nexoinformativo.mx\/\",\"name\":\"Nexo Informativo Santiago de Quer\u00e9taro\",\"description\":\"Explora NexoInformativo y convi\u00e9rtete en parte de una comunidad que valora el conocimiento y la verdad. Tu nexoinformativo es tu puente hacia una comprensi\u00f3n m\u00e1s profunda del mundo que te rodea.\",\"publisher\":{\"@id\":\"https:\/\/www.nexoinformativo.mx\/#organization\"},\"potentialAction\":[{\"@type\":\"SearchAction\",\"target\":{\"@type\":\"EntryPoint\",\"urlTemplate\":\"https:\/\/www.nexoinformativo.mx\/?s={search_term_string}\"},\"query-input\":{\"@type\":\"PropertyValueSpecification\",\"valueRequired\":true,\"valueName\":\"search_term_string\"}}],\"inLanguage\":\"es\"},{\"@type\":\"Organization\",\"@id\":\"https:\/\/www.nexoinformativo.mx\/#organization\",\"name\":\"Nexo Informativo Santiago de Quer\u00e9taro\",\"url\":\"https:\/\/www.nexoinformativo.mx\/\",\"logo\":{\"@type\":\"ImageObject\",\"inLanguage\":\"es\",\"@id\":\"https:\/\/www.nexoinformativo.mx\/#\/schema\/logo\/image\/\",\"url\":\"https:\/\/www.nexoinformativo.mx\/wp-content\/uploads\/2024\/07\/nexoi-trasparente-2.png\",\"contentUrl\":\"https:\/\/www.nexoinformativo.mx\/wp-content\/uploads\/2024\/07\/nexoi-trasparente-2.png\",\"width\":816,\"height\":339,\"caption\":\"Nexo Informativo Santiago de Quer\u00e9taro\"},\"image\":{\"@id\":\"https:\/\/www.nexoinformativo.mx\/#\/schema\/logo\/image\/\"},\"sameAs\":[\"https:\/\/www.facebook.com\/people\/Nexo-Informativo\/61564066885511\/\"]},{\"@type\":\"Person\",\"@id\":\"https:\/\/www.nexoinformativo.mx\/#\/schema\/person\/7749d380ba08c8ca00d7bc76fd907b7d\",\"name\":\"Nexo Informativo\",\"image\":{\"@type\":\"ImageObject\",\"inLanguage\":\"es\",\"@id\":\"https:\/\/www.nexoinformativo.mx\/#\/schema\/person\/image\/\",\"url\":\"https:\/\/secure.gravatar.com\/avatar\/dde2928154642a13d95f87ddf1ea9718fe2b46760a005c53e41ff5ad610704e6?s=96&d=mm&r=g\",\"contentUrl\":\"https:\/\/secure.gravatar.com\/avatar\/dde2928154642a13d95f87ddf1ea9718fe2b46760a005c53e41ff5ad610704e6?s=96&d=mm&r=g\",\"caption\":\"Nexo Informativo\"},\"url\":\"https:\/\/www.nexoinformativo.mx\/index.php\/author\/edicion\/\"}]}<\/script>\n<!-- \/ Yoast SEO plugin. -->","yoast_head_json":{"title":"Alerta censura Morena quiere silenciar voces cr\u00edticas denuncia Diputado Calzada | Nexo Informativo Santiago de Quer\u00e9taro","description":"Alerta censura Morena quiere silenciar voces cr\u00edticas denuncia Diputado Calzada","robots":{"index":"index","follow":"follow","max-snippet":"max-snippet:-1","max-image-preview":"max-image-preview:large","max-video-preview":"max-video-preview:-1"},"canonical":"https:\/\/www.nexoinformativo.mx\/index.php\/2025\/04\/28\/alerta-censura-morena-quiere-silenciar-voces-criticas-denuncia-diputado-calzada\/","og_locale":"es_MX","og_type":"article","og_title":"Alerta censura Morena quiere silenciar voces cr\u00edticas denuncia Diputado Calzada | Nexo Informativo Santiago de Quer\u00e9taro","og_description":"Alerta censura Morena quiere silenciar voces cr\u00edticas denuncia Diputado Calzada","og_url":"https:\/\/www.nexoinformativo.mx\/index.php\/2025\/04\/28\/alerta-censura-morena-quiere-silenciar-voces-criticas-denuncia-diputado-calzada\/","og_site_name":"Nexo Informativo Santiago de Quer\u00e9taro","article_publisher":"https:\/\/www.facebook.com\/people\/Nexo-Informativo\/61564066885511\/","article_published_time":"2025-04-28T14:00:14+00:00","article_modified_time":"2025-04-28T19:06:37+00:00","og_image":[{"width":800,"height":533,"url":"https:\/\/www.nexoinformativo.mx\/wp-content\/uploads\/2025\/04\/PHOTO-2025-04-28-11-25-06-e1745867027866.jpg","type":"image\/jpeg"}],"author":"Nexo Informativo","twitter_card":"summary_large_image","twitter_misc":{"Escrito por":"Nexo Informativo","Tiempo de lectura":"2 minutos"},"schema":{"@context":"https:\/\/schema.org","@graph":[{"@type":"Article","@id":"https:\/\/www.nexoinformativo.mx\/index.php\/2025\/04\/28\/alerta-censura-morena-quiere-silenciar-voces-criticas-denuncia-diputado-calzada\/#article","isPartOf":{"@id":"https:\/\/www.nexoinformativo.mx\/index.php\/2025\/04\/28\/alerta-censura-morena-quiere-silenciar-voces-criticas-denuncia-diputado-calzada\/"},"author":{"name":"Nexo Informativo","@id":"https:\/\/www.nexoinformativo.mx\/#\/schema\/person\/7749d380ba08c8ca00d7bc76fd907b7d"},"headline":"Alerta censura Morena quiere silenciar voces cr\u00edticas denuncia Diputado Calzada","datePublished":"2025-04-28T14:00:14+00:00","dateModified":"2025-04-28T19:06:37+00:00","mainEntityOfPage":{"@id":"https:\/\/www.nexoinformativo.mx\/index.php\/2025\/04\/28\/alerta-censura-morena-quiere-silenciar-voces-criticas-denuncia-diputado-calzada\/"},"wordCount":223,"commentCount":0,"publisher":{"@id":"https:\/\/www.nexoinformativo.mx\/#organization"},"image":{"@id":"https:\/\/www.nexoinformativo.mx\/index.php\/2025\/04\/28\/alerta-censura-morena-quiere-silenciar-voces-criticas-denuncia-diputado-calzada\/#primaryimage"},"thumbnailUrl":"https:\/\/www.nexoinformativo.mx\/wp-content\/uploads\/2025\/04\/PHOTO-2025-04-28-11-25-06-e1745867027866.jpg","keywords":["LeyCensura","LibertadDeExpresi\u00f3n","M\u00e9xicoLibre","NoALaCensura"],"articleSection":["Estado","Pol\u00edtica","\u00daltima Hora"],"inLanguage":"es","potentialAction":[{"@type":"CommentAction","name":"Comment","target":["https:\/\/www.nexoinformativo.mx\/index.php\/2025\/04\/28\/alerta-censura-morena-quiere-silenciar-voces-criticas-denuncia-diputado-calzada\/#respond"]}]},{"@type":"WebPage","@id":"https:\/\/www.nexoinformativo.mx\/index.php\/2025\/04\/28\/alerta-censura-morena-quiere-silenciar-voces-criticas-denuncia-diputado-calzada\/","url":"https:\/\/www.nexoinformativo.mx\/index.php\/2025\/04\/28\/alerta-censura-morena-quiere-silenciar-voces-criticas-denuncia-diputado-calzada\/","name":"Alerta censura Morena quiere silenciar voces cr\u00edticas denuncia Diputado Calzada | Nexo Informativo Santiago de Quer\u00e9taro","isPartOf":{"@id":"https:\/\/www.nexoinformativo.mx\/#website"},"primaryImageOfPage":{"@id":"https:\/\/www.nexoinformativo.mx\/index.php\/2025\/04\/28\/alerta-censura-morena-quiere-silenciar-voces-criticas-denuncia-diputado-calzada\/#primaryimage"},"image":{"@id":"https:\/\/www.nexoinformativo.mx\/index.php\/2025\/04\/28\/alerta-censura-morena-quiere-silenciar-voces-criticas-denuncia-diputado-calzada\/#primaryimage"},"thumbnailUrl":"https:\/\/www.nexoinformativo.mx\/wp-content\/uploads\/2025\/04\/PHOTO-2025-04-28-11-25-06-e1745867027866.jpg","datePublished":"2025-04-28T14:00:14+00:00","dateModified":"2025-04-28T19:06:37+00:00","description":"Alerta censura Morena quiere silenciar voces cr\u00edticas denuncia Diputado Calzada","breadcrumb":{"@id":"https:\/\/www.nexoinformativo.mx\/index.php\/2025\/04\/28\/alerta-censura-morena-quiere-silenciar-voces-criticas-denuncia-diputado-calzada\/#breadcrumb"},"inLanguage":"es","potentialAction":[{"@type":"ReadAction","target":["https:\/\/www.nexoinformativo.mx\/index.php\/2025\/04\/28\/alerta-censura-morena-quiere-silenciar-voces-criticas-denuncia-diputado-calzada\/"]}]},{"@type":"ImageObject","inLanguage":"es","@id":"https:\/\/www.nexoinformativo.mx\/index.php\/2025\/04\/28\/alerta-censura-morena-quiere-silenciar-voces-criticas-denuncia-diputado-calzada\/#primaryimage","url":"https:\/\/www.nexoinformativo.mx\/wp-content\/uploads\/2025\/04\/PHOTO-2025-04-28-11-25-06-e1745867027866.jpg","contentUrl":"https:\/\/www.nexoinformativo.mx\/wp-content\/uploads\/2025\/04\/PHOTO-2025-04-28-11-25-06-e1745867027866.jpg","width":800,"height":533},{"@type":"BreadcrumbList","@id":"https:\/\/www.nexoinformativo.mx\/index.php\/2025\/04\/28\/alerta-censura-morena-quiere-silenciar-voces-criticas-denuncia-diputado-calzada\/#breadcrumb","itemListElement":[{"@type":"ListItem","position":1,"name":"Inicio","item":"https:\/\/www.nexoinformativo.mx\/"},{"@type":"ListItem","position":2,"name":"Alerta censura Morena quiere silenciar voces cr\u00edticas denuncia Diputado Calzada"}]},{"@type":"WebSite","@id":"https:\/\/www.nexoinformativo.mx\/#website","url":"https:\/\/www.nexoinformativo.mx\/","name":"Nexo Informativo Santiago de Quer\u00e9taro","description":"Explora NexoInformativo y convi\u00e9rtete en parte de una comunidad que valora el conocimiento y la verdad. Tu nexoinformativo es tu puente hacia una comprensi\u00f3n m\u00e1s profunda del mundo que te rodea.","publisher":{"@id":"https:\/\/www.nexoinformativo.mx\/#organization"},"potentialAction":[{"@type":"SearchAction","target":{"@type":"EntryPoint","urlTemplate":"https:\/\/www.nexoinformativo.mx\/?s={search_term_string}"},"query-input":{"@type":"PropertyValueSpecification","valueRequired":true,"valueName":"search_term_string"}}],"inLanguage":"es"},{"@type":"Organization","@id":"https:\/\/www.nexoinformativo.mx\/#organization","name":"Nexo Informativo Santiago de Quer\u00e9taro","url":"https:\/\/www.nexoinformativo.mx\/","logo":{"@type":"ImageObject","inLanguage":"es","@id":"https:\/\/www.nexoinformativo.mx\/#\/schema\/logo\/image\/","url":"https:\/\/www.nexoinformativo.mx\/wp-content\/uploads\/2024\/07\/nexoi-trasparente-2.png","contentUrl":"https:\/\/www.nexoinformativo.mx\/wp-content\/uploads\/2024\/07\/nexoi-trasparente-2.png","width":816,"height":339,"caption":"Nexo Informativo Santiago de Quer\u00e9taro"},"image":{"@id":"https:\/\/www.nexoinformativo.mx\/#\/schema\/logo\/image\/"},"sameAs":["https:\/\/www.facebook.com\/people\/Nexo-Informativo\/61564066885511\/"]},{"@type":"Person","@id":"https:\/\/www.nexoinformativo.mx\/#\/schema\/person\/7749d380ba08c8ca00d7bc76fd907b7d","name":"Nexo Informativo","image":{"@type":"ImageObject","inLanguage":"es","@id":"https:\/\/www.nexoinformativo.mx\/#\/schema\/person\/image\/","url":"https:\/\/secure.gravatar.com\/avatar\/dde2928154642a13d95f87ddf1ea9718fe2b46760a005c53e41ff5ad610704e6?s=96&d=mm&r=g","contentUrl":"https:\/\/secure.gravatar.com\/avatar\/dde2928154642a13d95f87ddf1ea9718fe2b46760a005c53e41ff5ad610704e6?s=96&d=mm&r=g","caption":"Nexo Informativo"},"url":"https:\/\/www.nexoinformativo.mx\/index.php\/author\/edicion\/"}]}},"_links":{"self":[{"href":"https:\/\/www.nexoinformativo.mx\/index.php\/wp-json\/wp\/v2\/posts\/14546","targetHints":{"allow":["GET"]}}],"collection":[{"href":"https:\/\/www.nexoinformativo.mx\/index.php\/wp-json\/wp\/v2\/posts"}],"about":[{"href":"https:\/\/www.nexoinformativo.mx\/index.php\/wp-json\/wp\/v2\/types\/post"}],"author":[{"embeddable":true,"href":"https:\/\/www.nexoinformativo.mx\/index.php\/wp-json\/wp\/v2\/users\/3"}],"replies":[{"embeddable":true,"href":"https:\/\/www.nexoinformativo.mx\/index.php\/wp-json\/wp\/v2\/comments?post=14546"}],"version-history":[{"count":3,"href":"https:\/\/www.nexoinformativo.mx\/index.php\/wp-json\/wp\/v2\/posts\/14546\/revisions"}],"predecessor-version":[{"id":14550,"href":"https:\/\/www.nexoinformativo.mx\/index.php\/wp-json\/wp\/v2\/posts\/14546\/revisions\/14550"}],"wp:featuredmedia":[{"embeddable":true,"href":"https:\/\/www.nexoinformativo.mx\/index.php\/wp-json\/wp\/v2\/media\/14547"}],"wp:attachment":[{"href":"https:\/\/www.nexoinformativo.mx\/index.php\/wp-json\/wp\/v2\/media?parent=14546"}],"wp:term":[{"taxonomy":"category","embeddable":true,"href":"https:\/\/www.nexoinformativo.mx\/index.php\/wp-json\/wp\/v2\/categories?post=14546"},{"taxonomy":"post_tag","embeddable":true,"href":"https:\/\/www.nexoinformativo.mx\/index.php\/wp-json\/wp\/v2\/tags?post=14546"}],"curies":[{"name":"wp","href":"https:\/\/api.w.org\/{rel}","templated":true}]}}