{"id":14551,"date":"2025-04-28T09:00:36","date_gmt":"2025-04-28T15:00:36","guid":{"rendered":"https:\/\/www.nexoinformativo.mx\/?p=14551"},"modified":"2025-04-28T13:19:08","modified_gmt":"2025-04-28T19:19:08","slug":"tren-mexico-queretaro-la-estacion-en-la-capital-es-un-misterio-pendiente-para-el-gobierno-federal","status":"publish","type":"post","link":"https:\/\/www.nexoinformativo.mx\/index.php\/2025\/04\/28\/tren-mexico-queretaro-la-estacion-en-la-capital-es-un-misterio-pendiente-para-el-gobierno-federal\/","title":{"rendered":"Tren M\u00e9xico-Quer\u00e9taro la estaci\u00f3n en la Capital es un misterio pendiente para el Gobierno Federal"},"content":{"rendered":"<p style=\"text-align: justify;\" data-sourcepos=\"3:1-3:378\">A pesar de la excelente comunicaci\u00f3n entre los tres niveles de gobierno, la ubicaci\u00f3n de la estaci\u00f3n del tan esperado Tren M\u00e9xico-Quer\u00e9taro en la capital queretana sigue siendo una inc\u00f3gnita. As\u00ed lo inform\u00f3 el presidente municipal, Felipe Fernando Mac\u00edas Olvera, quien se\u00f1al\u00f3 que el municipio est\u00e1 a la espera de la indicaci\u00f3n del gobierno federal.<\/p>\n<p>&nbsp;<\/p>\n<p style=\"text-align: justify;\" data-sourcepos=\"5:1-5:239\">Mac\u00edas Olvera asegur\u00f3 que toda la informaci\u00f3n y los estudios pertinentes por parte del municipio han sido entregados a las autoridades federales, abarcando \u00e1reas clave como desarrollo urbano, obras p\u00fablicas, movilidad y servicios p\u00fablicos.<\/p>\n<p>&nbsp;<\/p>\n<p style=\"text-align: justify;\" data-sourcepos=\"7:1-7:186\">&#8220;Todos los estudios e informaci\u00f3n que el municipio tiene han sido entregados a gobierno federal, desde desarrollo Urbano, Obras p\u00fablicas, movilidad, servicios p\u00fablicos&#8221;, destac\u00f3 el edil.<\/p>\n<p>&nbsp;<\/p>\n<p style=\"text-align: justify;\" data-sourcepos=\"9:1-9:232\">Si bien la decisi\u00f3n final sobre la ubicaci\u00f3n recae completamente en el gobierno federal, el municipio de Quer\u00e9taro se declara listo para afrontar cualquier escenario y mitigar cualquier impacto que la construcci\u00f3n pueda generar.<\/p>\n<p>&nbsp;<\/p>\n<p style=\"text-align: justify;\" data-sourcepos=\"11:1-11:186\">&#8220;La decisi\u00f3n de donde estar\u00e1 la estaci\u00f3n es totalmente de gobierno federal, pero gobierno municipal est\u00e1 listo para cualquier escenario y el impacto que se tenga&#8221;, recalc\u00f3 Mac\u00edas Olvera.<\/p>\n<p>&nbsp;<\/p>\n<p style=\"text-align: justify;\" data-sourcepos=\"13:1-13:220\">Lo que s\u00ed es un hecho, seg\u00fan el presidente municipal, es el nombre que llevar\u00e1 la estaci\u00f3n en la capital: &#8220;La Corregidora&#8221;. Ahora, solo resta el anuncio oficial de su ubicaci\u00f3n por parte de las autoridades federales.<\/p>\n<p>&nbsp;<\/p>\n<p style=\"text-align: justify;\" data-sourcepos=\"15:1-15:210\">Felifer Mac\u00edas enfatiz\u00f3 que el principal objetivo del municipio es que, independientemente de la ubicaci\u00f3n final de la estaci\u00f3n, se priorice la calidad de vida de los habitantes de Quer\u00e9taro.<\/p>\n<p>&nbsp;<\/p>\n<p style=\"text-align: center;\" data-sourcepos=\"15:1-15:210\"><em><strong>Informaci\u00f3n que transforma<\/strong><\/em><\/p>\n","protected":false},"excerpt":{"rendered":"<p>A pesar de la excelente comunicaci\u00f3n entre los tres niveles de gobierno, la ubicaci\u00f3n de la estaci\u00f3n del tan esperado Tren M\u00e9xico-Quer\u00e9taro en la capital queretana sigue siendo una inc\u00f3gnita. As\u00ed lo inform\u00f3 el presidente municipal, Felipe Fernando Mac\u00edas Olvera, quien se\u00f1al\u00f3 que el municipio est\u00e1 a la espera de la indicaci\u00f3n del gobierno federal.<\/p>\n","protected":false},"author":3,"featured_media":14552,"comment_status":"open","ping_status":"open","sticky":false,"template":"","format":"standard","meta":{"footnotes":""},"categories":[42,58],"tags":[4309,3711,731,1009],"class_list":["post-14551","post","type-post","status-publish","format-standard","has-post-thumbnail","hentry","category-estado","category-ultima-hora","tag-estacionqueretaro","tag-infraestructuraqro","tag-movilidadurbana","tag-trenmexicoqueretaro"],"yoast_head":"<!-- This site is optimized with the Yoast SEO plugin v25.0 - https:\/\/yoast.com\/wordpress\/plugins\/seo\/ -->\n<title>Tren M\u00e9xico-Quer\u00e9taro la estaci\u00f3n en la Capital es un misterio pendiente para el Gobierno Federal | Nexo Informativo Santiago de Quer\u00e9taro<\/title>\n<meta name=\"description\" content=\"Tren M\u00e9xico-Quer\u00e9taro la estaci\u00f3n en la Capital es un misterio pendiente para el Gobierno Federal\" \/>\n<meta name=\"robots\" content=\"index, follow, max-snippet:-1, max-image-preview:large, max-video-preview:-1\" \/>\n<link rel=\"canonical\" href=\"https:\/\/www.nexoinformativo.mx\/index.php\/2025\/04\/28\/tren-mexico-queretaro-la-estacion-en-la-capital-es-un-misterio-pendiente-para-el-gobierno-federal\/\" \/>\n<meta property=\"og:locale\" content=\"es_MX\" \/>\n<meta property=\"og:type\" content=\"article\" \/>\n<meta property=\"og:title\" content=\"Tren M\u00e9xico-Quer\u00e9taro la estaci\u00f3n en la Capital es un misterio pendiente para el Gobierno Federal | Nexo Informativo Santiago de Quer\u00e9taro\" \/>\n<meta property=\"og:description\" content=\"Tren M\u00e9xico-Quer\u00e9taro la estaci\u00f3n en la Capital es un misterio pendiente para el Gobierno Federal\" \/>\n<meta property=\"og:url\" content=\"https:\/\/www.nexoinformativo.mx\/index.php\/2025\/04\/28\/tren-mexico-queretaro-la-estacion-en-la-capital-es-un-misterio-pendiente-para-el-gobierno-federal\/\" \/>\n<meta property=\"og:site_name\" content=\"Nexo Informativo Santiago de Quer\u00e9taro\" \/>\n<meta property=\"article:publisher\" content=\"https:\/\/www.facebook.com\/people\/Nexo-Informativo\/61564066885511\/\" \/>\n<meta property=\"article:published_time\" content=\"2025-04-28T15:00:36+00:00\" \/>\n<meta property=\"article:modified_time\" content=\"2025-04-28T19:19:08+00:00\" \/>\n<meta property=\"og:image\" content=\"https:\/\/www.nexoinformativo.mx\/wp-content\/uploads\/2025\/04\/PHOTO-2025-04-28-11-25-06-1-scaled-e1745867658519.jpg\" \/>\n\t<meta property=\"og:image:width\" content=\"800\" \/>\n\t<meta property=\"og:image:height\" content=\"600\" \/>\n\t<meta property=\"og:image:type\" content=\"image\/jpeg\" \/>\n<meta name=\"author\" content=\"Nexo Informativo\" \/>\n<meta name=\"twitter:card\" content=\"summary_large_image\" \/>\n<meta name=\"twitter:label1\" content=\"Escrito por\" \/>\n\t<meta name=\"twitter:data1\" content=\"Nexo Informativo\" \/>\n\t<meta name=\"twitter:label2\" content=\"Tiempo de lectura\" \/>\n\t<meta name=\"twitter:data2\" content=\"2 minutos\" \/>\n<script type=\"application\/ld+json\" class=\"yoast-schema-graph\">{\"@context\":\"https:\/\/schema.org\",\"@graph\":[{\"@type\":\"Article\",\"@id\":\"https:\/\/www.nexoinformativo.mx\/index.php\/2025\/04\/28\/tren-mexico-queretaro-la-estacion-en-la-capital-es-un-misterio-pendiente-para-el-gobierno-federal\/#article\",\"isPartOf\":{\"@id\":\"https:\/\/www.nexoinformativo.mx\/index.php\/2025\/04\/28\/tren-mexico-queretaro-la-estacion-en-la-capital-es-un-misterio-pendiente-para-el-gobierno-federal\/\"},\"author\":{\"name\":\"Nexo Informativo\",\"@id\":\"https:\/\/www.nexoinformativo.mx\/#\/schema\/person\/7749d380ba08c8ca00d7bc76fd907b7d\"},\"headline\":\"Tren M\u00e9xico-Quer\u00e9taro la estaci\u00f3n en la Capital es un misterio pendiente para el Gobierno Federal\",\"datePublished\":\"2025-04-28T15:00:36+00:00\",\"dateModified\":\"2025-04-28T19:19:08+00:00\",\"mainEntityOfPage\":{\"@id\":\"https:\/\/www.nexoinformativo.mx\/index.php\/2025\/04\/28\/tren-mexico-queretaro-la-estacion-en-la-capital-es-un-misterio-pendiente-para-el-gobierno-federal\/\"},\"wordCount\":304,\"commentCount\":0,\"publisher\":{\"@id\":\"https:\/\/www.nexoinformativo.mx\/#organization\"},\"image\":{\"@id\":\"https:\/\/www.nexoinformativo.mx\/index.php\/2025\/04\/28\/tren-mexico-queretaro-la-estacion-en-la-capital-es-un-misterio-pendiente-para-el-gobierno-federal\/#primaryimage\"},\"thumbnailUrl\":\"https:\/\/www.nexoinformativo.mx\/wp-content\/uploads\/2025\/04\/PHOTO-2025-04-28-11-25-06-1-scaled-e1745867658519.jpg\",\"keywords\":[\"Estaci\u00f3nQuer\u00e9taro\",\"InfraestructuraQro\",\"MovilidadUrbana\",\"TrenMexicoQuer\u00e9taro\"],\"articleSection\":[\"Estado\",\"\u00daltima Hora\"],\"inLanguage\":\"es\",\"potentialAction\":[{\"@type\":\"CommentAction\",\"name\":\"Comment\",\"target\":[\"https:\/\/www.nexoinformativo.mx\/index.php\/2025\/04\/28\/tren-mexico-queretaro-la-estacion-en-la-capital-es-un-misterio-pendiente-para-el-gobierno-federal\/#respond\"]}]},{\"@type\":\"WebPage\",\"@id\":\"https:\/\/www.nexoinformativo.mx\/index.php\/2025\/04\/28\/tren-mexico-queretaro-la-estacion-en-la-capital-es-un-misterio-pendiente-para-el-gobierno-federal\/\",\"url\":\"https:\/\/www.nexoinformativo.mx\/index.php\/2025\/04\/28\/tren-mexico-queretaro-la-estacion-en-la-capital-es-un-misterio-pendiente-para-el-gobierno-federal\/\",\"name\":\"Tren M\u00e9xico-Quer\u00e9taro la estaci\u00f3n en la Capital es un misterio pendiente para el Gobierno Federal | Nexo Informativo Santiago de Quer\u00e9taro\",\"isPartOf\":{\"@id\":\"https:\/\/www.nexoinformativo.mx\/#website\"},\"primaryImageOfPage\":{\"@id\":\"https:\/\/www.nexoinformativo.mx\/index.php\/2025\/04\/28\/tren-mexico-queretaro-la-estacion-en-la-capital-es-un-misterio-pendiente-para-el-gobierno-federal\/#primaryimage\"},\"image\":{\"@id\":\"https:\/\/www.nexoinformativo.mx\/index.php\/2025\/04\/28\/tren-mexico-queretaro-la-estacion-en-la-capital-es-un-misterio-pendiente-para-el-gobierno-federal\/#primaryimage\"},\"thumbnailUrl\":\"https:\/\/www.nexoinformativo.mx\/wp-content\/uploads\/2025\/04\/PHOTO-2025-04-28-11-25-06-1-scaled-e1745867658519.jpg\",\"datePublished\":\"2025-04-28T15:00:36+00:00\",\"dateModified\":\"2025-04-28T19:19:08+00:00\",\"description\":\"Tren M\u00e9xico-Quer\u00e9taro la estaci\u00f3n en la Capital es un misterio pendiente para el Gobierno Federal\",\"breadcrumb\":{\"@id\":\"https:\/\/www.nexoinformativo.mx\/index.php\/2025\/04\/28\/tren-mexico-queretaro-la-estacion-en-la-capital-es-un-misterio-pendiente-para-el-gobierno-federal\/#breadcrumb\"},\"inLanguage\":\"es\",\"potentialAction\":[{\"@type\":\"ReadAction\",\"target\":[\"https:\/\/www.nexoinformativo.mx\/index.php\/2025\/04\/28\/tren-mexico-queretaro-la-estacion-en-la-capital-es-un-misterio-pendiente-para-el-gobierno-federal\/\"]}]},{\"@type\":\"ImageObject\",\"inLanguage\":\"es\",\"@id\":\"https:\/\/www.nexoinformativo.mx\/index.php\/2025\/04\/28\/tren-mexico-queretaro-la-estacion-en-la-capital-es-un-misterio-pendiente-para-el-gobierno-federal\/#primaryimage\",\"url\":\"https:\/\/www.nexoinformativo.mx\/wp-content\/uploads\/2025\/04\/PHOTO-2025-04-28-11-25-06-1-scaled-e1745867658519.jpg\",\"contentUrl\":\"https:\/\/www.nexoinformativo.mx\/wp-content\/uploads\/2025\/04\/PHOTO-2025-04-28-11-25-06-1-scaled-e1745867658519.jpg\",\"width\":800,\"height\":600},{\"@type\":\"BreadcrumbList\",\"@id\":\"https:\/\/www.nexoinformativo.mx\/index.php\/2025\/04\/28\/tren-mexico-queretaro-la-estacion-en-la-capital-es-un-misterio-pendiente-para-el-gobierno-federal\/#breadcrumb\",\"itemListElement\":[{\"@type\":\"ListItem\",\"position\":1,\"name\":\"Inicio\",\"item\":\"https:\/\/www.nexoinformativo.mx\/\"},{\"@type\":\"ListItem\",\"position\":2,\"name\":\"Tren M\u00e9xico-Quer\u00e9taro la estaci\u00f3n en la Capital es un misterio pendiente para el Gobierno Federal\"}]},{\"@type\":\"WebSite\",\"@id\":\"https:\/\/www.nexoinformativo.mx\/#website\",\"url\":\"https:\/\/www.nexoinformativo.mx\/\",\"name\":\"Nexo Informativo Santiago de Quer\u00e9taro\",\"description\":\"Explora NexoInformativo y convi\u00e9rtete en parte de una comunidad que valora el conocimiento y la verdad. Tu nexoinformativo es tu puente hacia una comprensi\u00f3n m\u00e1s profunda del mundo que te rodea.\",\"publisher\":{\"@id\":\"https:\/\/www.nexoinformativo.mx\/#organization\"},\"potentialAction\":[{\"@type\":\"SearchAction\",\"target\":{\"@type\":\"EntryPoint\",\"urlTemplate\":\"https:\/\/www.nexoinformativo.mx\/?s={search_term_string}\"},\"query-input\":{\"@type\":\"PropertyValueSpecification\",\"valueRequired\":true,\"valueName\":\"search_term_string\"}}],\"inLanguage\":\"es\"},{\"@type\":\"Organization\",\"@id\":\"https:\/\/www.nexoinformativo.mx\/#organization\",\"name\":\"Nexo Informativo Santiago de Quer\u00e9taro\",\"url\":\"https:\/\/www.nexoinformativo.mx\/\",\"logo\":{\"@type\":\"ImageObject\",\"inLanguage\":\"es\",\"@id\":\"https:\/\/www.nexoinformativo.mx\/#\/schema\/logo\/image\/\",\"url\":\"https:\/\/www.nexoinformativo.mx\/wp-content\/uploads\/2024\/07\/nexoi-trasparente-2.png\",\"contentUrl\":\"https:\/\/www.nexoinformativo.mx\/wp-content\/uploads\/2024\/07\/nexoi-trasparente-2.png\",\"width\":816,\"height\":339,\"caption\":\"Nexo Informativo Santiago de Quer\u00e9taro\"},\"image\":{\"@id\":\"https:\/\/www.nexoinformativo.mx\/#\/schema\/logo\/image\/\"},\"sameAs\":[\"https:\/\/www.facebook.com\/people\/Nexo-Informativo\/61564066885511\/\"]},{\"@type\":\"Person\",\"@id\":\"https:\/\/www.nexoinformativo.mx\/#\/schema\/person\/7749d380ba08c8ca00d7bc76fd907b7d\",\"name\":\"Nexo Informativo\",\"image\":{\"@type\":\"ImageObject\",\"inLanguage\":\"es\",\"@id\":\"https:\/\/www.nexoinformativo.mx\/#\/schema\/person\/image\/\",\"url\":\"https:\/\/secure.gravatar.com\/avatar\/dde2928154642a13d95f87ddf1ea9718fe2b46760a005c53e41ff5ad610704e6?s=96&d=mm&r=g\",\"contentUrl\":\"https:\/\/secure.gravatar.com\/avatar\/dde2928154642a13d95f87ddf1ea9718fe2b46760a005c53e41ff5ad610704e6?s=96&d=mm&r=g\",\"caption\":\"Nexo Informativo\"},\"url\":\"https:\/\/www.nexoinformativo.mx\/index.php\/author\/edicion\/\"}]}<\/script>\n<!-- \/ Yoast SEO plugin. -->","yoast_head_json":{"title":"Tren M\u00e9xico-Quer\u00e9taro la estaci\u00f3n en la Capital es un misterio pendiente para el Gobierno Federal | Nexo Informativo Santiago de Quer\u00e9taro","description":"Tren M\u00e9xico-Quer\u00e9taro la estaci\u00f3n en la Capital es un misterio pendiente para el Gobierno Federal","robots":{"index":"index","follow":"follow","max-snippet":"max-snippet:-1","max-image-preview":"max-image-preview:large","max-video-preview":"max-video-preview:-1"},"canonical":"https:\/\/www.nexoinformativo.mx\/index.php\/2025\/04\/28\/tren-mexico-queretaro-la-estacion-en-la-capital-es-un-misterio-pendiente-para-el-gobierno-federal\/","og_locale":"es_MX","og_type":"article","og_title":"Tren M\u00e9xico-Quer\u00e9taro la estaci\u00f3n en la Capital es un misterio pendiente para el Gobierno Federal | Nexo Informativo Santiago de Quer\u00e9taro","og_description":"Tren M\u00e9xico-Quer\u00e9taro la estaci\u00f3n en la Capital es un misterio pendiente para el Gobierno Federal","og_url":"https:\/\/www.nexoinformativo.mx\/index.php\/2025\/04\/28\/tren-mexico-queretaro-la-estacion-en-la-capital-es-un-misterio-pendiente-para-el-gobierno-federal\/","og_site_name":"Nexo Informativo Santiago de Quer\u00e9taro","article_publisher":"https:\/\/www.facebook.com\/people\/Nexo-Informativo\/61564066885511\/","article_published_time":"2025-04-28T15:00:36+00:00","article_modified_time":"2025-04-28T19:19:08+00:00","og_image":[{"width":800,"height":600,"url":"https:\/\/www.nexoinformativo.mx\/wp-content\/uploads\/2025\/04\/PHOTO-2025-04-28-11-25-06-1-scaled-e1745867658519.jpg","type":"image\/jpeg"}],"author":"Nexo Informativo","twitter_card":"summary_large_image","twitter_misc":{"Escrito por":"Nexo Informativo","Tiempo de lectura":"2 minutos"},"schema":{"@context":"https:\/\/schema.org","@graph":[{"@type":"Article","@id":"https:\/\/www.nexoinformativo.mx\/index.php\/2025\/04\/28\/tren-mexico-queretaro-la-estacion-en-la-capital-es-un-misterio-pendiente-para-el-gobierno-federal\/#article","isPartOf":{"@id":"https:\/\/www.nexoinformativo.mx\/index.php\/2025\/04\/28\/tren-mexico-queretaro-la-estacion-en-la-capital-es-un-misterio-pendiente-para-el-gobierno-federal\/"},"author":{"name":"Nexo Informativo","@id":"https:\/\/www.nexoinformativo.mx\/#\/schema\/person\/7749d380ba08c8ca00d7bc76fd907b7d"},"headline":"Tren M\u00e9xico-Quer\u00e9taro la estaci\u00f3n en la Capital es un misterio pendiente para el Gobierno Federal","datePublished":"2025-04-28T15:00:36+00:00","dateModified":"2025-04-28T19:19:08+00:00","mainEntityOfPage":{"@id":"https:\/\/www.nexoinformativo.mx\/index.php\/2025\/04\/28\/tren-mexico-queretaro-la-estacion-en-la-capital-es-un-misterio-pendiente-para-el-gobierno-federal\/"},"wordCount":304,"commentCount":0,"publisher":{"@id":"https:\/\/www.nexoinformativo.mx\/#organization"},"image":{"@id":"https:\/\/www.nexoinformativo.mx\/index.php\/2025\/04\/28\/tren-mexico-queretaro-la-estacion-en-la-capital-es-un-misterio-pendiente-para-el-gobierno-federal\/#primaryimage"},"thumbnailUrl":"https:\/\/www.nexoinformativo.mx\/wp-content\/uploads\/2025\/04\/PHOTO-2025-04-28-11-25-06-1-scaled-e1745867658519.jpg","keywords":["Estaci\u00f3nQuer\u00e9taro","InfraestructuraQro","MovilidadUrbana","TrenMexicoQuer\u00e9taro"],"articleSection":["Estado","\u00daltima Hora"],"inLanguage":"es","potentialAction":[{"@type":"CommentAction","name":"Comment","target":["https:\/\/www.nexoinformativo.mx\/index.php\/2025\/04\/28\/tren-mexico-queretaro-la-estacion-en-la-capital-es-un-misterio-pendiente-para-el-gobierno-federal\/#respond"]}]},{"@type":"WebPage","@id":"https:\/\/www.nexoinformativo.mx\/index.php\/2025\/04\/28\/tren-mexico-queretaro-la-estacion-en-la-capital-es-un-misterio-pendiente-para-el-gobierno-federal\/","url":"https:\/\/www.nexoinformativo.mx\/index.php\/2025\/04\/28\/tren-mexico-queretaro-la-estacion-en-la-capital-es-un-misterio-pendiente-para-el-gobierno-federal\/","name":"Tren M\u00e9xico-Quer\u00e9taro la estaci\u00f3n en la Capital es un misterio pendiente para el Gobierno Federal | Nexo Informativo Santiago de Quer\u00e9taro","isPartOf":{"@id":"https:\/\/www.nexoinformativo.mx\/#website"},"primaryImageOfPage":{"@id":"https:\/\/www.nexoinformativo.mx\/index.php\/2025\/04\/28\/tren-mexico-queretaro-la-estacion-en-la-capital-es-un-misterio-pendiente-para-el-gobierno-federal\/#primaryimage"},"image":{"@id":"https:\/\/www.nexoinformativo.mx\/index.php\/2025\/04\/28\/tren-mexico-queretaro-la-estacion-en-la-capital-es-un-misterio-pendiente-para-el-gobierno-federal\/#primaryimage"},"thumbnailUrl":"https:\/\/www.nexoinformativo.mx\/wp-content\/uploads\/2025\/04\/PHOTO-2025-04-28-11-25-06-1-scaled-e1745867658519.jpg","datePublished":"2025-04-28T15:00:36+00:00","dateModified":"2025-04-28T19:19:08+00:00","description":"Tren M\u00e9xico-Quer\u00e9taro la estaci\u00f3n en la Capital es un misterio pendiente para el Gobierno Federal","breadcrumb":{"@id":"https:\/\/www.nexoinformativo.mx\/index.php\/2025\/04\/28\/tren-mexico-queretaro-la-estacion-en-la-capital-es-un-misterio-pendiente-para-el-gobierno-federal\/#breadcrumb"},"inLanguage":"es","potentialAction":[{"@type":"ReadAction","target":["https:\/\/www.nexoinformativo.mx\/index.php\/2025\/04\/28\/tren-mexico-queretaro-la-estacion-en-la-capital-es-un-misterio-pendiente-para-el-gobierno-federal\/"]}]},{"@type":"ImageObject","inLanguage":"es","@id":"https:\/\/www.nexoinformativo.mx\/index.php\/2025\/04\/28\/tren-mexico-queretaro-la-estacion-en-la-capital-es-un-misterio-pendiente-para-el-gobierno-federal\/#primaryimage","url":"https:\/\/www.nexoinformativo.mx\/wp-content\/uploads\/2025\/04\/PHOTO-2025-04-28-11-25-06-1-scaled-e1745867658519.jpg","contentUrl":"https:\/\/www.nexoinformativo.mx\/wp-content\/uploads\/2025\/04\/PHOTO-2025-04-28-11-25-06-1-scaled-e1745867658519.jpg","width":800,"height":600},{"@type":"BreadcrumbList","@id":"https:\/\/www.nexoinformativo.mx\/index.php\/2025\/04\/28\/tren-mexico-queretaro-la-estacion-en-la-capital-es-un-misterio-pendiente-para-el-gobierno-federal\/#breadcrumb","itemListElement":[{"@type":"ListItem","position":1,"name":"Inicio","item":"https:\/\/www.nexoinformativo.mx\/"},{"@type":"ListItem","position":2,"name":"Tren M\u00e9xico-Quer\u00e9taro la estaci\u00f3n en la Capital es un misterio pendiente para el Gobierno Federal"}]},{"@type":"WebSite","@id":"https:\/\/www.nexoinformativo.mx\/#website","url":"https:\/\/www.nexoinformativo.mx\/","name":"Nexo Informativo Santiago de Quer\u00e9taro","description":"Explora NexoInformativo y convi\u00e9rtete en parte de una comunidad que valora el conocimiento y la verdad. Tu nexoinformativo es tu puente hacia una comprensi\u00f3n m\u00e1s profunda del mundo que te rodea.","publisher":{"@id":"https:\/\/www.nexoinformativo.mx\/#organization"},"potentialAction":[{"@type":"SearchAction","target":{"@type":"EntryPoint","urlTemplate":"https:\/\/www.nexoinformativo.mx\/?s={search_term_string}"},"query-input":{"@type":"PropertyValueSpecification","valueRequired":true,"valueName":"search_term_string"}}],"inLanguage":"es"},{"@type":"Organization","@id":"https:\/\/www.nexoinformativo.mx\/#organization","name":"Nexo Informativo Santiago de Quer\u00e9taro","url":"https:\/\/www.nexoinformativo.mx\/","logo":{"@type":"ImageObject","inLanguage":"es","@id":"https:\/\/www.nexoinformativo.mx\/#\/schema\/logo\/image\/","url":"https:\/\/www.nexoinformativo.mx\/wp-content\/uploads\/2024\/07\/nexoi-trasparente-2.png","contentUrl":"https:\/\/www.nexoinformativo.mx\/wp-content\/uploads\/2024\/07\/nexoi-trasparente-2.png","width":816,"height":339,"caption":"Nexo Informativo Santiago de Quer\u00e9taro"},"image":{"@id":"https:\/\/www.nexoinformativo.mx\/#\/schema\/logo\/image\/"},"sameAs":["https:\/\/www.facebook.com\/people\/Nexo-Informativo\/61564066885511\/"]},{"@type":"Person","@id":"https:\/\/www.nexoinformativo.mx\/#\/schema\/person\/7749d380ba08c8ca00d7bc76fd907b7d","name":"Nexo Informativo","image":{"@type":"ImageObject","inLanguage":"es","@id":"https:\/\/www.nexoinformativo.mx\/#\/schema\/person\/image\/","url":"https:\/\/secure.gravatar.com\/avatar\/dde2928154642a13d95f87ddf1ea9718fe2b46760a005c53e41ff5ad610704e6?s=96&d=mm&r=g","contentUrl":"https:\/\/secure.gravatar.com\/avatar\/dde2928154642a13d95f87ddf1ea9718fe2b46760a005c53e41ff5ad610704e6?s=96&d=mm&r=g","caption":"Nexo Informativo"},"url":"https:\/\/www.nexoinformativo.mx\/index.php\/author\/edicion\/"}]}},"_links":{"self":[{"href":"https:\/\/www.nexoinformativo.mx\/index.php\/wp-json\/wp\/v2\/posts\/14551","targetHints":{"allow":["GET"]}}],"collection":[{"href":"https:\/\/www.nexoinformativo.mx\/index.php\/wp-json\/wp\/v2\/posts"}],"about":[{"href":"https:\/\/www.nexoinformativo.mx\/index.php\/wp-json\/wp\/v2\/types\/post"}],"author":[{"embeddable":true,"href":"https:\/\/www.nexoinformativo.mx\/index.php\/wp-json\/wp\/v2\/users\/3"}],"replies":[{"embeddable":true,"href":"https:\/\/www.nexoinformativo.mx\/index.php\/wp-json\/wp\/v2\/comments?post=14551"}],"version-history":[{"count":4,"href":"https:\/\/www.nexoinformativo.mx\/index.php\/wp-json\/wp\/v2\/posts\/14551\/revisions"}],"predecessor-version":[{"id":14556,"href":"https:\/\/www.nexoinformativo.mx\/index.php\/wp-json\/wp\/v2\/posts\/14551\/revisions\/14556"}],"wp:featuredmedia":[{"embeddable":true,"href":"https:\/\/www.nexoinformativo.mx\/index.php\/wp-json\/wp\/v2\/media\/14552"}],"wp:attachment":[{"href":"https:\/\/www.nexoinformativo.mx\/index.php\/wp-json\/wp\/v2\/media?parent=14551"}],"wp:term":[{"taxonomy":"category","embeddable":true,"href":"https:\/\/www.nexoinformativo.mx\/index.php\/wp-json\/wp\/v2\/categories?post=14551"},{"taxonomy":"post_tag","embeddable":true,"href":"https:\/\/www.nexoinformativo.mx\/index.php\/wp-json\/wp\/v2\/tags?post=14551"}],"curies":[{"name":"wp","href":"https:\/\/api.w.org\/{rel}","templated":true}]}}