{"id":14563,"date":"2025-04-28T11:00:33","date_gmt":"2025-04-28T17:00:33","guid":{"rendered":"https:\/\/www.nexoinformativo.mx\/?p=14563"},"modified":"2025-04-28T13:44:19","modified_gmt":"2025-04-28T19:44:19","slug":"queretaro-conquista-eeuu-despliega-encantos-turisticos-en-san-diego","status":"publish","type":"post","link":"https:\/\/www.nexoinformativo.mx\/index.php\/2025\/04\/28\/queretaro-conquista-eeuu-despliega-encantos-turisticos-en-san-diego\/","title":{"rendered":"Quer\u00e9taro conquista EEUU despliega espacios tur\u00edsticos en San Diego"},"content":{"rendered":"<p style=\"text-align: justify;\" data-sourcepos=\"3:1-3:373\">Quer\u00e9taro se impone fuerte en el mercado tur\u00edstico estadounidense. Previo al importante Tianguis Tur\u00edstico M\u00e9xico 2025, la entidad fortaleci\u00f3 su promoci\u00f3n internacional participando con gran \u00e9xito en el &#8220;Festival de M\u00e9xico en San Diego (California)&#8221;, una estrategia clave para atraer a uno de los principales emisores de turistas hacia nuestro pa\u00eds.<\/p>\n<p>&nbsp;<\/p>\n<p style=\"text-align: justify;\" data-sourcepos=\"5:1-5:354\">Mar\u00eda Jos\u00e9 Torres Cervantes, directora de Planeaci\u00f3n y Desarrollo Tur\u00edstico de la Secretar\u00eda de Turismo de Quer\u00e9taro, lider\u00f3 la delegaci\u00f3n queretana en este evento. La presencia del estado busc\u00f3 mostrar la riqueza cultural, hist\u00f3rica y natural que ofrece a los visitantes estadounidenses, consolidando a Quer\u00e9taro como un destino atractivo y diverso.<\/p>\n<p>&nbsp;<\/p>\n<p style=\"text-align: justify;\" data-sourcepos=\"7:1-7:338\">La participaci\u00f3n en el &#8220;Festival de M\u00e9xico en San Diego&#8221; subraya la importancia del mercado estadounidense para el turismo queretano. California, en particular, representa un flujo significativo de viajeros interesados en la oferta tur\u00edstica de M\u00e9xico, y Quer\u00e9taro busca posicionarse como una opci\u00f3n preferente dentro de este mercado.<\/p>\n<p>&nbsp;<\/p>\n<p style=\"text-align: justify;\" data-sourcepos=\"9:1-9:466\">Esta acci\u00f3n estrat\u00e9gica se suma a los esfuerzos continuos de la Secretar\u00eda de Turismo de Quer\u00e9taro por impulsar la llegada de turistas internacionales, reconociendo el impacto positivo que genera en la econom\u00eda local y el desarrollo del estado.<\/p>\n<p>&nbsp;<\/p>\n<p style=\"text-align: justify;\" data-sourcepos=\"9:1-9:466\">La promoci\u00f3n en eventos de alto impacto como el &#8220;Festival de M\u00e9xico en San Diego&#8221; es fundamental para captar la atenci\u00f3n de potenciales visitantes y destacar los atractivos \u00fanicos que Quer\u00e9taro tiene para ofrecer.<\/p>\n<p>&nbsp;<\/p>\n<p style=\"text-align: center;\" data-sourcepos=\"9:1-9:466\"><em><strong>Informaci\u00f3n que transforma<\/strong><\/em><\/p>\n","protected":false},"excerpt":{"rendered":"<p>Quer\u00e9taro se impone fuerte en el mercado tur\u00edstico estadounidense. Previo al importante Tianguis Tur\u00edstico M\u00e9xico 2025, la entidad fortaleci\u00f3 su promoci\u00f3n internacional participando con gran \u00e9xito en el &#8220;Festival de M\u00e9xico en San Diego (California)&#8221;, una estrategia clave para atraer a uno de los principales emisores de turistas hacia nuestro pa\u00eds.<\/p>\n","protected":false},"author":3,"featured_media":14566,"comment_status":"open","ping_status":"open","sticky":false,"template":"","format":"standard","meta":{"footnotes":""},"categories":[42,58],"tags":[2222,4313,992,4314],"class_list":["post-14563","post","type-post","status-publish","format-standard","has-post-thumbnail","hentry","category-estado","category-ultima-hora","tag-promocionturistica","tag-queretaroeneeuu","tag-turismoqueretaro","tag-visitqueretaro"],"yoast_head":"<!-- This site is optimized with the Yoast SEO plugin v25.0 - https:\/\/yoast.com\/wordpress\/plugins\/seo\/ -->\n<title>Quer\u00e9taro conquista EEUU despliega espacios tur\u00edsticos en San Diego | Nexo Informativo Santiago de Quer\u00e9taro<\/title>\n<meta name=\"description\" content=\"Quer\u00e9taro conquista EEUU despliega espacios tur\u00edsticos en San Diego\" \/>\n<meta name=\"robots\" content=\"index, follow, max-snippet:-1, max-image-preview:large, max-video-preview:-1\" \/>\n<link rel=\"canonical\" href=\"https:\/\/www.nexoinformativo.mx\/index.php\/2025\/04\/28\/queretaro-conquista-eeuu-despliega-encantos-turisticos-en-san-diego\/\" \/>\n<meta property=\"og:locale\" content=\"es_MX\" \/>\n<meta property=\"og:type\" content=\"article\" \/>\n<meta property=\"og:title\" content=\"Quer\u00e9taro conquista EEUU despliega espacios tur\u00edsticos en San Diego | Nexo Informativo Santiago de Quer\u00e9taro\" \/>\n<meta property=\"og:description\" content=\"Quer\u00e9taro conquista EEUU despliega espacios tur\u00edsticos en San Diego\" \/>\n<meta property=\"og:url\" content=\"https:\/\/www.nexoinformativo.mx\/index.php\/2025\/04\/28\/queretaro-conquista-eeuu-despliega-encantos-turisticos-en-san-diego\/\" \/>\n<meta property=\"og:site_name\" content=\"Nexo Informativo Santiago de Quer\u00e9taro\" \/>\n<meta property=\"article:publisher\" content=\"https:\/\/www.facebook.com\/people\/Nexo-Informativo\/61564066885511\/\" \/>\n<meta property=\"article:published_time\" content=\"2025-04-28T17:00:33+00:00\" \/>\n<meta property=\"article:modified_time\" content=\"2025-04-28T19:44:19+00:00\" \/>\n<meta property=\"og:image\" content=\"https:\/\/www.nexoinformativo.mx\/wp-content\/uploads\/2025\/04\/PHOTO-2025-04-28-11-25-07-e1745869194847.jpg\" \/>\n\t<meta property=\"og:image:width\" content=\"800\" \/>\n\t<meta property=\"og:image:height\" content=\"369\" \/>\n\t<meta property=\"og:image:type\" content=\"image\/jpeg\" \/>\n<meta name=\"author\" content=\"Nexo Informativo\" \/>\n<meta name=\"twitter:card\" content=\"summary_large_image\" \/>\n<meta name=\"twitter:label1\" content=\"Escrito por\" \/>\n\t<meta name=\"twitter:data1\" content=\"Nexo Informativo\" \/>\n\t<meta name=\"twitter:label2\" content=\"Tiempo de lectura\" \/>\n\t<meta name=\"twitter:data2\" content=\"2 minutos\" \/>\n<script type=\"application\/ld+json\" class=\"yoast-schema-graph\">{\"@context\":\"https:\/\/schema.org\",\"@graph\":[{\"@type\":\"Article\",\"@id\":\"https:\/\/www.nexoinformativo.mx\/index.php\/2025\/04\/28\/queretaro-conquista-eeuu-despliega-encantos-turisticos-en-san-diego\/#article\",\"isPartOf\":{\"@id\":\"https:\/\/www.nexoinformativo.mx\/index.php\/2025\/04\/28\/queretaro-conquista-eeuu-despliega-encantos-turisticos-en-san-diego\/\"},\"author\":{\"name\":\"Nexo Informativo\",\"@id\":\"https:\/\/www.nexoinformativo.mx\/#\/schema\/person\/7749d380ba08c8ca00d7bc76fd907b7d\"},\"headline\":\"Quer\u00e9taro conquista EEUU despliega espacios tur\u00edsticos en San Diego\",\"datePublished\":\"2025-04-28T17:00:33+00:00\",\"dateModified\":\"2025-04-28T19:44:19+00:00\",\"mainEntityOfPage\":{\"@id\":\"https:\/\/www.nexoinformativo.mx\/index.php\/2025\/04\/28\/queretaro-conquista-eeuu-despliega-encantos-turisticos-en-san-diego\/\"},\"wordCount\":271,\"commentCount\":0,\"publisher\":{\"@id\":\"https:\/\/www.nexoinformativo.mx\/#organization\"},\"image\":{\"@id\":\"https:\/\/www.nexoinformativo.mx\/index.php\/2025\/04\/28\/queretaro-conquista-eeuu-despliega-encantos-turisticos-en-san-diego\/#primaryimage\"},\"thumbnailUrl\":\"https:\/\/www.nexoinformativo.mx\/wp-content\/uploads\/2025\/04\/PHOTO-2025-04-28-11-25-07-e1745869194847.jpg\",\"keywords\":[\"Promoci\u00f3nTur\u00edstica\",\"Quer\u00e9taroEnEEUU\",\"TurismoQuer\u00e9taro\",\"VisitQuer\u00e9taro\"],\"articleSection\":[\"Estado\",\"\u00daltima Hora\"],\"inLanguage\":\"es\",\"potentialAction\":[{\"@type\":\"CommentAction\",\"name\":\"Comment\",\"target\":[\"https:\/\/www.nexoinformativo.mx\/index.php\/2025\/04\/28\/queretaro-conquista-eeuu-despliega-encantos-turisticos-en-san-diego\/#respond\"]}]},{\"@type\":\"WebPage\",\"@id\":\"https:\/\/www.nexoinformativo.mx\/index.php\/2025\/04\/28\/queretaro-conquista-eeuu-despliega-encantos-turisticos-en-san-diego\/\",\"url\":\"https:\/\/www.nexoinformativo.mx\/index.php\/2025\/04\/28\/queretaro-conquista-eeuu-despliega-encantos-turisticos-en-san-diego\/\",\"name\":\"Quer\u00e9taro conquista EEUU despliega espacios tur\u00edsticos en San Diego | Nexo Informativo Santiago de Quer\u00e9taro\",\"isPartOf\":{\"@id\":\"https:\/\/www.nexoinformativo.mx\/#website\"},\"primaryImageOfPage\":{\"@id\":\"https:\/\/www.nexoinformativo.mx\/index.php\/2025\/04\/28\/queretaro-conquista-eeuu-despliega-encantos-turisticos-en-san-diego\/#primaryimage\"},\"image\":{\"@id\":\"https:\/\/www.nexoinformativo.mx\/index.php\/2025\/04\/28\/queretaro-conquista-eeuu-despliega-encantos-turisticos-en-san-diego\/#primaryimage\"},\"thumbnailUrl\":\"https:\/\/www.nexoinformativo.mx\/wp-content\/uploads\/2025\/04\/PHOTO-2025-04-28-11-25-07-e1745869194847.jpg\",\"datePublished\":\"2025-04-28T17:00:33+00:00\",\"dateModified\":\"2025-04-28T19:44:19+00:00\",\"description\":\"Quer\u00e9taro conquista EEUU despliega espacios tur\u00edsticos en San Diego\",\"breadcrumb\":{\"@id\":\"https:\/\/www.nexoinformativo.mx\/index.php\/2025\/04\/28\/queretaro-conquista-eeuu-despliega-encantos-turisticos-en-san-diego\/#breadcrumb\"},\"inLanguage\":\"es\",\"potentialAction\":[{\"@type\":\"ReadAction\",\"target\":[\"https:\/\/www.nexoinformativo.mx\/index.php\/2025\/04\/28\/queretaro-conquista-eeuu-despliega-encantos-turisticos-en-san-diego\/\"]}]},{\"@type\":\"ImageObject\",\"inLanguage\":\"es\",\"@id\":\"https:\/\/www.nexoinformativo.mx\/index.php\/2025\/04\/28\/queretaro-conquista-eeuu-despliega-encantos-turisticos-en-san-diego\/#primaryimage\",\"url\":\"https:\/\/www.nexoinformativo.mx\/wp-content\/uploads\/2025\/04\/PHOTO-2025-04-28-11-25-07-e1745869194847.jpg\",\"contentUrl\":\"https:\/\/www.nexoinformativo.mx\/wp-content\/uploads\/2025\/04\/PHOTO-2025-04-28-11-25-07-e1745869194847.jpg\",\"width\":800,\"height\":369},{\"@type\":\"BreadcrumbList\",\"@id\":\"https:\/\/www.nexoinformativo.mx\/index.php\/2025\/04\/28\/queretaro-conquista-eeuu-despliega-encantos-turisticos-en-san-diego\/#breadcrumb\",\"itemListElement\":[{\"@type\":\"ListItem\",\"position\":1,\"name\":\"Inicio\",\"item\":\"https:\/\/www.nexoinformativo.mx\/\"},{\"@type\":\"ListItem\",\"position\":2,\"name\":\"Quer\u00e9taro conquista EEUU despliega espacios tur\u00edsticos en San Diego\"}]},{\"@type\":\"WebSite\",\"@id\":\"https:\/\/www.nexoinformativo.mx\/#website\",\"url\":\"https:\/\/www.nexoinformativo.mx\/\",\"name\":\"Nexo Informativo Santiago de Quer\u00e9taro\",\"description\":\"Explora NexoInformativo y convi\u00e9rtete en parte de una comunidad que valora el conocimiento y la verdad. Tu nexoinformativo es tu puente hacia una comprensi\u00f3n m\u00e1s profunda del mundo que te rodea.\",\"publisher\":{\"@id\":\"https:\/\/www.nexoinformativo.mx\/#organization\"},\"potentialAction\":[{\"@type\":\"SearchAction\",\"target\":{\"@type\":\"EntryPoint\",\"urlTemplate\":\"https:\/\/www.nexoinformativo.mx\/?s={search_term_string}\"},\"query-input\":{\"@type\":\"PropertyValueSpecification\",\"valueRequired\":true,\"valueName\":\"search_term_string\"}}],\"inLanguage\":\"es\"},{\"@type\":\"Organization\",\"@id\":\"https:\/\/www.nexoinformativo.mx\/#organization\",\"name\":\"Nexo Informativo Santiago de Quer\u00e9taro\",\"url\":\"https:\/\/www.nexoinformativo.mx\/\",\"logo\":{\"@type\":\"ImageObject\",\"inLanguage\":\"es\",\"@id\":\"https:\/\/www.nexoinformativo.mx\/#\/schema\/logo\/image\/\",\"url\":\"https:\/\/www.nexoinformativo.mx\/wp-content\/uploads\/2024\/07\/nexoi-trasparente-2.png\",\"contentUrl\":\"https:\/\/www.nexoinformativo.mx\/wp-content\/uploads\/2024\/07\/nexoi-trasparente-2.png\",\"width\":816,\"height\":339,\"caption\":\"Nexo Informativo Santiago de Quer\u00e9taro\"},\"image\":{\"@id\":\"https:\/\/www.nexoinformativo.mx\/#\/schema\/logo\/image\/\"},\"sameAs\":[\"https:\/\/www.facebook.com\/people\/Nexo-Informativo\/61564066885511\/\"]},{\"@type\":\"Person\",\"@id\":\"https:\/\/www.nexoinformativo.mx\/#\/schema\/person\/7749d380ba08c8ca00d7bc76fd907b7d\",\"name\":\"Nexo Informativo\",\"image\":{\"@type\":\"ImageObject\",\"inLanguage\":\"es\",\"@id\":\"https:\/\/www.nexoinformativo.mx\/#\/schema\/person\/image\/\",\"url\":\"https:\/\/secure.gravatar.com\/avatar\/dde2928154642a13d95f87ddf1ea9718fe2b46760a005c53e41ff5ad610704e6?s=96&d=mm&r=g\",\"contentUrl\":\"https:\/\/secure.gravatar.com\/avatar\/dde2928154642a13d95f87ddf1ea9718fe2b46760a005c53e41ff5ad610704e6?s=96&d=mm&r=g\",\"caption\":\"Nexo Informativo\"},\"url\":\"https:\/\/www.nexoinformativo.mx\/index.php\/author\/edicion\/\"}]}<\/script>\n<!-- \/ Yoast SEO plugin. -->","yoast_head_json":{"title":"Quer\u00e9taro conquista EEUU despliega espacios tur\u00edsticos en San Diego | Nexo Informativo Santiago de Quer\u00e9taro","description":"Quer\u00e9taro conquista EEUU despliega espacios tur\u00edsticos en San Diego","robots":{"index":"index","follow":"follow","max-snippet":"max-snippet:-1","max-image-preview":"max-image-preview:large","max-video-preview":"max-video-preview:-1"},"canonical":"https:\/\/www.nexoinformativo.mx\/index.php\/2025\/04\/28\/queretaro-conquista-eeuu-despliega-encantos-turisticos-en-san-diego\/","og_locale":"es_MX","og_type":"article","og_title":"Quer\u00e9taro conquista EEUU despliega espacios tur\u00edsticos en San Diego | Nexo Informativo Santiago de Quer\u00e9taro","og_description":"Quer\u00e9taro conquista EEUU despliega espacios tur\u00edsticos en San Diego","og_url":"https:\/\/www.nexoinformativo.mx\/index.php\/2025\/04\/28\/queretaro-conquista-eeuu-despliega-encantos-turisticos-en-san-diego\/","og_site_name":"Nexo Informativo Santiago de Quer\u00e9taro","article_publisher":"https:\/\/www.facebook.com\/people\/Nexo-Informativo\/61564066885511\/","article_published_time":"2025-04-28T17:00:33+00:00","article_modified_time":"2025-04-28T19:44:19+00:00","og_image":[{"width":800,"height":369,"url":"https:\/\/www.nexoinformativo.mx\/wp-content\/uploads\/2025\/04\/PHOTO-2025-04-28-11-25-07-e1745869194847.jpg","type":"image\/jpeg"}],"author":"Nexo Informativo","twitter_card":"summary_large_image","twitter_misc":{"Escrito por":"Nexo Informativo","Tiempo de lectura":"2 minutos"},"schema":{"@context":"https:\/\/schema.org","@graph":[{"@type":"Article","@id":"https:\/\/www.nexoinformativo.mx\/index.php\/2025\/04\/28\/queretaro-conquista-eeuu-despliega-encantos-turisticos-en-san-diego\/#article","isPartOf":{"@id":"https:\/\/www.nexoinformativo.mx\/index.php\/2025\/04\/28\/queretaro-conquista-eeuu-despliega-encantos-turisticos-en-san-diego\/"},"author":{"name":"Nexo Informativo","@id":"https:\/\/www.nexoinformativo.mx\/#\/schema\/person\/7749d380ba08c8ca00d7bc76fd907b7d"},"headline":"Quer\u00e9taro conquista EEUU despliega espacios tur\u00edsticos en San Diego","datePublished":"2025-04-28T17:00:33+00:00","dateModified":"2025-04-28T19:44:19+00:00","mainEntityOfPage":{"@id":"https:\/\/www.nexoinformativo.mx\/index.php\/2025\/04\/28\/queretaro-conquista-eeuu-despliega-encantos-turisticos-en-san-diego\/"},"wordCount":271,"commentCount":0,"publisher":{"@id":"https:\/\/www.nexoinformativo.mx\/#organization"},"image":{"@id":"https:\/\/www.nexoinformativo.mx\/index.php\/2025\/04\/28\/queretaro-conquista-eeuu-despliega-encantos-turisticos-en-san-diego\/#primaryimage"},"thumbnailUrl":"https:\/\/www.nexoinformativo.mx\/wp-content\/uploads\/2025\/04\/PHOTO-2025-04-28-11-25-07-e1745869194847.jpg","keywords":["Promoci\u00f3nTur\u00edstica","Quer\u00e9taroEnEEUU","TurismoQuer\u00e9taro","VisitQuer\u00e9taro"],"articleSection":["Estado","\u00daltima Hora"],"inLanguage":"es","potentialAction":[{"@type":"CommentAction","name":"Comment","target":["https:\/\/www.nexoinformativo.mx\/index.php\/2025\/04\/28\/queretaro-conquista-eeuu-despliega-encantos-turisticos-en-san-diego\/#respond"]}]},{"@type":"WebPage","@id":"https:\/\/www.nexoinformativo.mx\/index.php\/2025\/04\/28\/queretaro-conquista-eeuu-despliega-encantos-turisticos-en-san-diego\/","url":"https:\/\/www.nexoinformativo.mx\/index.php\/2025\/04\/28\/queretaro-conquista-eeuu-despliega-encantos-turisticos-en-san-diego\/","name":"Quer\u00e9taro conquista EEUU despliega espacios tur\u00edsticos en San Diego | Nexo Informativo Santiago de Quer\u00e9taro","isPartOf":{"@id":"https:\/\/www.nexoinformativo.mx\/#website"},"primaryImageOfPage":{"@id":"https:\/\/www.nexoinformativo.mx\/index.php\/2025\/04\/28\/queretaro-conquista-eeuu-despliega-encantos-turisticos-en-san-diego\/#primaryimage"},"image":{"@id":"https:\/\/www.nexoinformativo.mx\/index.php\/2025\/04\/28\/queretaro-conquista-eeuu-despliega-encantos-turisticos-en-san-diego\/#primaryimage"},"thumbnailUrl":"https:\/\/www.nexoinformativo.mx\/wp-content\/uploads\/2025\/04\/PHOTO-2025-04-28-11-25-07-e1745869194847.jpg","datePublished":"2025-04-28T17:00:33+00:00","dateModified":"2025-04-28T19:44:19+00:00","description":"Quer\u00e9taro conquista EEUU despliega espacios tur\u00edsticos en San Diego","breadcrumb":{"@id":"https:\/\/www.nexoinformativo.mx\/index.php\/2025\/04\/28\/queretaro-conquista-eeuu-despliega-encantos-turisticos-en-san-diego\/#breadcrumb"},"inLanguage":"es","potentialAction":[{"@type":"ReadAction","target":["https:\/\/www.nexoinformativo.mx\/index.php\/2025\/04\/28\/queretaro-conquista-eeuu-despliega-encantos-turisticos-en-san-diego\/"]}]},{"@type":"ImageObject","inLanguage":"es","@id":"https:\/\/www.nexoinformativo.mx\/index.php\/2025\/04\/28\/queretaro-conquista-eeuu-despliega-encantos-turisticos-en-san-diego\/#primaryimage","url":"https:\/\/www.nexoinformativo.mx\/wp-content\/uploads\/2025\/04\/PHOTO-2025-04-28-11-25-07-e1745869194847.jpg","contentUrl":"https:\/\/www.nexoinformativo.mx\/wp-content\/uploads\/2025\/04\/PHOTO-2025-04-28-11-25-07-e1745869194847.jpg","width":800,"height":369},{"@type":"BreadcrumbList","@id":"https:\/\/www.nexoinformativo.mx\/index.php\/2025\/04\/28\/queretaro-conquista-eeuu-despliega-encantos-turisticos-en-san-diego\/#breadcrumb","itemListElement":[{"@type":"ListItem","position":1,"name":"Inicio","item":"https:\/\/www.nexoinformativo.mx\/"},{"@type":"ListItem","position":2,"name":"Quer\u00e9taro conquista EEUU despliega espacios tur\u00edsticos en San Diego"}]},{"@type":"WebSite","@id":"https:\/\/www.nexoinformativo.mx\/#website","url":"https:\/\/www.nexoinformativo.mx\/","name":"Nexo Informativo Santiago de Quer\u00e9taro","description":"Explora NexoInformativo y convi\u00e9rtete en parte de una comunidad que valora el conocimiento y la verdad. Tu nexoinformativo es tu puente hacia una comprensi\u00f3n m\u00e1s profunda del mundo que te rodea.","publisher":{"@id":"https:\/\/www.nexoinformativo.mx\/#organization"},"potentialAction":[{"@type":"SearchAction","target":{"@type":"EntryPoint","urlTemplate":"https:\/\/www.nexoinformativo.mx\/?s={search_term_string}"},"query-input":{"@type":"PropertyValueSpecification","valueRequired":true,"valueName":"search_term_string"}}],"inLanguage":"es"},{"@type":"Organization","@id":"https:\/\/www.nexoinformativo.mx\/#organization","name":"Nexo Informativo Santiago de Quer\u00e9taro","url":"https:\/\/www.nexoinformativo.mx\/","logo":{"@type":"ImageObject","inLanguage":"es","@id":"https:\/\/www.nexoinformativo.mx\/#\/schema\/logo\/image\/","url":"https:\/\/www.nexoinformativo.mx\/wp-content\/uploads\/2024\/07\/nexoi-trasparente-2.png","contentUrl":"https:\/\/www.nexoinformativo.mx\/wp-content\/uploads\/2024\/07\/nexoi-trasparente-2.png","width":816,"height":339,"caption":"Nexo Informativo Santiago de Quer\u00e9taro"},"image":{"@id":"https:\/\/www.nexoinformativo.mx\/#\/schema\/logo\/image\/"},"sameAs":["https:\/\/www.facebook.com\/people\/Nexo-Informativo\/61564066885511\/"]},{"@type":"Person","@id":"https:\/\/www.nexoinformativo.mx\/#\/schema\/person\/7749d380ba08c8ca00d7bc76fd907b7d","name":"Nexo Informativo","image":{"@type":"ImageObject","inLanguage":"es","@id":"https:\/\/www.nexoinformativo.mx\/#\/schema\/person\/image\/","url":"https:\/\/secure.gravatar.com\/avatar\/dde2928154642a13d95f87ddf1ea9718fe2b46760a005c53e41ff5ad610704e6?s=96&d=mm&r=g","contentUrl":"https:\/\/secure.gravatar.com\/avatar\/dde2928154642a13d95f87ddf1ea9718fe2b46760a005c53e41ff5ad610704e6?s=96&d=mm&r=g","caption":"Nexo Informativo"},"url":"https:\/\/www.nexoinformativo.mx\/index.php\/author\/edicion\/"}]}},"_links":{"self":[{"href":"https:\/\/www.nexoinformativo.mx\/index.php\/wp-json\/wp\/v2\/posts\/14563","targetHints":{"allow":["GET"]}}],"collection":[{"href":"https:\/\/www.nexoinformativo.mx\/index.php\/wp-json\/wp\/v2\/posts"}],"about":[{"href":"https:\/\/www.nexoinformativo.mx\/index.php\/wp-json\/wp\/v2\/types\/post"}],"author":[{"embeddable":true,"href":"https:\/\/www.nexoinformativo.mx\/index.php\/wp-json\/wp\/v2\/users\/3"}],"replies":[{"embeddable":true,"href":"https:\/\/www.nexoinformativo.mx\/index.php\/wp-json\/wp\/v2\/comments?post=14563"}],"version-history":[{"count":5,"href":"https:\/\/www.nexoinformativo.mx\/index.php\/wp-json\/wp\/v2\/posts\/14563\/revisions"}],"predecessor-version":[{"id":14570,"href":"https:\/\/www.nexoinformativo.mx\/index.php\/wp-json\/wp\/v2\/posts\/14563\/revisions\/14570"}],"wp:featuredmedia":[{"embeddable":true,"href":"https:\/\/www.nexoinformativo.mx\/index.php\/wp-json\/wp\/v2\/media\/14566"}],"wp:attachment":[{"href":"https:\/\/www.nexoinformativo.mx\/index.php\/wp-json\/wp\/v2\/media?parent=14563"}],"wp:term":[{"taxonomy":"category","embeddable":true,"href":"https:\/\/www.nexoinformativo.mx\/index.php\/wp-json\/wp\/v2\/categories?post=14563"},{"taxonomy":"post_tag","embeddable":true,"href":"https:\/\/www.nexoinformativo.mx\/index.php\/wp-json\/wp\/v2\/tags?post=14563"}],"curies":[{"name":"wp","href":"https:\/\/api.w.org\/{rel}","templated":true}]}}