{"id":1457,"date":"2024-09-02T12:00:29","date_gmt":"2024-09-02T18:00:29","guid":{"rendered":"https:\/\/www.nexoinformativo.mx\/?p=1457"},"modified":"2024-09-02T16:20:09","modified_gmt":"2024-09-02T22:20:09","slug":"arranca-la-feria-de-paz-y-desarme-voluntario-en-queretaro-para-promover-la-seguridad-familiar","status":"publish","type":"post","link":"https:\/\/www.nexoinformativo.mx\/index.php\/2024\/09\/02\/arranca-la-feria-de-paz-y-desarme-voluntario-en-queretaro-para-promover-la-seguridad-familiar\/","title":{"rendered":"Arranca la Feria de paz y desarme voluntario en Quer\u00e9taro para promover la seguridad familiar y social"},"content":{"rendered":"<p style=\"text-align: justify;\">El Municipio de Quer\u00e9taro, en colaboraci\u00f3n con la XVII Zona Militar ha lanzado la Feria de Paz y Desarme Voluntario, iniciativa que invita a la ciudadan\u00eda a entregar armas de fuego a cambio de art\u00edculos \u00fatiles para el hogar, con el fin de fomentar un ambiente seguro y promover una cultura de paz en la capital.<\/p>\n<p>&nbsp;<\/p>\n<h4><span style=\"color: #000000;\"><strong>Un Llamado a la Paz y la Seguridad en Quer\u00e9taro<\/strong><\/span><\/h4>\n<p>&nbsp;<\/p>\n<p style=\"text-align: justify;\">El Secretario de Gobierno, Mart\u00edn Arango Garc\u00eda, en representaci\u00f3n del Presidente Municipal Luis Nava, subray\u00f3 la relevancia de esta iniciativa en la creaci\u00f3n de un entorno seguro para las familias queretanas. \u201cEl municipio en aras de buscar la paz, en aras de generar condiciones de seguridad para toda la ciudadan\u00eda, no deja cada a\u00f1o de realizar este evento&#8221;, mencion\u00f3. Adem\u00e1s, enfatiz\u00f3 que las armas de fuego no cuentan con las condiciones de legalidad necesarias, lo que incrementa el riesgo de accidentes y violencia.<\/p>\n<p>&nbsp;<\/p>\n<h4><span style=\"color: #000000;\"><strong>Incentivos por la Entrega de Armas de Fuego<\/strong><\/span><\/h4>\n<p>&nbsp;<\/p>\n<p style=\"text-align: justify;\">La Feria de Paz y Desarme Voluntario ofrece a los ciudadanos la posibilidad de entregar sus armas de manera an\u00f3nima y sin responsabilidad legal. A cambio, se entregar\u00e1n art\u00edculos como laptops, tabletas, pantallas y otros electrodom\u00e9sticos, seg\u00fan el tipo y las caracter\u00edsticas del arma entregada. Esta campa\u00f1a busca sensibilizar a las y los queretanos sobre los peligros de tener armas de fuego en casa y promover la entrega voluntaria como un acto de responsabilidad social.<\/p>\n<p>&nbsp;<\/p>\n<h4><span style=\"color: #000000;\"><strong>Participaci\u00f3n\u00a0<\/strong><\/span><\/h4>\n<p>&nbsp;<\/p>\n<ul>\n<li style=\"text-align: justify;\">Teniente Coronel Jos\u00e9 Ram\u00f3n Pereyra Hern\u00e1ndez, representante de la XVII Zona Militar, y del<\/li>\n<li style=\"text-align: justify;\">Inspector de la Guardia Nacional, Constantino Ulises Santos<\/li>\n<\/ul>\n<p>&nbsp;<\/p>\n<p style=\"text-align: justify;\">Las armas recolectadas ser\u00e1n destruidas siguiendo los protocolos de la Secretar\u00eda de la Defensa Nacional (SEDENA) y la campa\u00f1a se llevar\u00e1 a cabo en\u00a0 siete delegaciones de Quer\u00e9taro, en un horario de atenci\u00f3n de 9:00 a 16:00 horas en las siguientes ubicaciones:<\/p>\n<p>&nbsp;<\/p>\n<h4><span style=\"color: #000000;\">Ubicaciones<\/span><\/h4>\n<p>&nbsp;<\/p>\n<ul style=\"text-align: justify;\">\n<li>Jard\u00edn Guerrero en el Centro Hist\u00f3rico: del 2 al 5 de septiembre<\/li>\n<li>Alameda Norte en la delegaci\u00f3n Epigmenio Gonz\u00e1lez: del 6 al 9 de septiembre<\/li>\n<li>Explanada de la delegaci\u00f3n F\u00e9lix Osores Sotomayor: del 10 al 13 de septiembre<\/li>\n<li>Explanada de la delegaci\u00f3n Santa Rosa J\u00e1uregui: 14, 17, 18 y 19 de septiembre<\/li>\n<li>Explanada de la delegaci\u00f3n Felipe Carrillo Puerto: del 20 al 23 de septiembre<\/li>\n<li>Explanada de la delegaci\u00f3n Villa Cayetano Rubio: del 24 al 27 de septiembre<\/li>\n<li>Explanada de la delegaci\u00f3n Josefa Vergara y Hern\u00e1ndez: del 28 al 30 de septiembre<\/li>\n<\/ul>\n<p>&nbsp;<\/p>\n<p style=\"text-align: justify;\">Esta campa\u00f1a contribuye a la paz y seguridad del Municipio de Quer\u00e9taro a cambio de recibir beneficios por su compromiso.<\/p>\n","protected":false},"excerpt":{"rendered":"<p>El Municipio de Quer\u00e9taro, en colaboraci\u00f3n con la XVII Zona Militar ha lanzado la Feria de Paz y Desarme Voluntario, iniciativa que invita a la ciudadan\u00eda a entregar armas de fuego a cambio de art\u00edculos \u00fatiles para el hogar, con el fin de fomentar un ambiente seguro y promover una cultura de paz en la [&hellip;]<\/p>\n","protected":false},"author":3,"featured_media":1459,"comment_status":"open","ping_status":"open","sticky":false,"template":"","format":"standard","meta":{"footnotes":""},"categories":[42,58],"tags":[440,441,439,442,438],"class_list":["post-1457","post","type-post","status-publish","format-standard","has-post-thumbnail","hentry","category-estado","category-ultima-hora","tag-construyendoseguridad","tag-culturadepaz","tag-desarmevoluntario","tag-feriadepazqueretaro","tag-queretaroporlapaz"],"yoast_head":"<!-- This site is optimized with the Yoast SEO plugin v25.0 - https:\/\/yoast.com\/wordpress\/plugins\/seo\/ -->\n<title>Arranca la Feria de paz y desarme voluntario en Quer\u00e9taro para promover la seguridad familiar y social | Nexo Informativo Santiago de Quer\u00e9taro<\/title>\n<meta name=\"robots\" content=\"index, follow, max-snippet:-1, max-image-preview:large, max-video-preview:-1\" \/>\n<link rel=\"canonical\" href=\"https:\/\/www.nexoinformativo.mx\/index.php\/2024\/09\/02\/arranca-la-feria-de-paz-y-desarme-voluntario-en-queretaro-para-promover-la-seguridad-familiar\/\" \/>\n<meta property=\"og:locale\" content=\"es_MX\" \/>\n<meta property=\"og:type\" content=\"article\" \/>\n<meta property=\"og:title\" content=\"Arranca la Feria de paz y desarme voluntario en Quer\u00e9taro para promover la seguridad familiar y social | Nexo Informativo Santiago de Quer\u00e9taro\" \/>\n<meta property=\"og:description\" content=\"El Municipio de Quer\u00e9taro, en colaboraci\u00f3n con la XVII Zona Militar ha lanzado la Feria de Paz y Desarme Voluntario, iniciativa que invita a la ciudadan\u00eda a entregar armas de fuego a cambio de art\u00edculos \u00fatiles para el hogar, con el fin de fomentar un ambiente seguro y promover una cultura de paz en la [&hellip;]\" \/>\n<meta property=\"og:url\" content=\"https:\/\/www.nexoinformativo.mx\/index.php\/2024\/09\/02\/arranca-la-feria-de-paz-y-desarme-voluntario-en-queretaro-para-promover-la-seguridad-familiar\/\" \/>\n<meta property=\"og:site_name\" content=\"Nexo Informativo Santiago de Quer\u00e9taro\" \/>\n<meta property=\"article:publisher\" content=\"https:\/\/www.facebook.com\/people\/Nexo-Informativo\/61564066885511\/\" \/>\n<meta property=\"article:published_time\" content=\"2024-09-02T18:00:29+00:00\" \/>\n<meta property=\"article:modified_time\" content=\"2024-09-02T22:20:09+00:00\" \/>\n<meta property=\"og:image\" content=\"https:\/\/www.nexoinformativo.mx\/wp-content\/uploads\/2024\/09\/PHOTO-2024-09-02-13-18-16-e1725307351734.jpg\" \/>\n\t<meta property=\"og:image:width\" content=\"800\" \/>\n\t<meta property=\"og:image:height\" content=\"533\" \/>\n\t<meta property=\"og:image:type\" content=\"image\/jpeg\" \/>\n<meta name=\"author\" content=\"Nexo Informativo\" \/>\n<meta name=\"twitter:card\" content=\"summary_large_image\" \/>\n<meta name=\"twitter:label1\" content=\"Escrito por\" \/>\n\t<meta name=\"twitter:data1\" content=\"Nexo Informativo\" \/>\n\t<meta name=\"twitter:label2\" content=\"Tiempo de lectura\" \/>\n\t<meta name=\"twitter:data2\" content=\"3 minutos\" \/>\n<script type=\"application\/ld+json\" class=\"yoast-schema-graph\">{\"@context\":\"https:\/\/schema.org\",\"@graph\":[{\"@type\":\"Article\",\"@id\":\"https:\/\/www.nexoinformativo.mx\/index.php\/2024\/09\/02\/arranca-la-feria-de-paz-y-desarme-voluntario-en-queretaro-para-promover-la-seguridad-familiar\/#article\",\"isPartOf\":{\"@id\":\"https:\/\/www.nexoinformativo.mx\/index.php\/2024\/09\/02\/arranca-la-feria-de-paz-y-desarme-voluntario-en-queretaro-para-promover-la-seguridad-familiar\/\"},\"author\":{\"name\":\"Nexo Informativo\",\"@id\":\"https:\/\/www.nexoinformativo.mx\/#\/schema\/person\/7749d380ba08c8ca00d7bc76fd907b7d\"},\"headline\":\"Arranca la Feria de paz y desarme voluntario en Quer\u00e9taro para promover la seguridad familiar y social\",\"datePublished\":\"2024-09-02T18:00:29+00:00\",\"dateModified\":\"2024-09-02T22:20:09+00:00\",\"mainEntityOfPage\":{\"@id\":\"https:\/\/www.nexoinformativo.mx\/index.php\/2024\/09\/02\/arranca-la-feria-de-paz-y-desarme-voluntario-en-queretaro-para-promover-la-seguridad-familiar\/\"},\"wordCount\":461,\"commentCount\":0,\"publisher\":{\"@id\":\"https:\/\/www.nexoinformativo.mx\/#organization\"},\"image\":{\"@id\":\"https:\/\/www.nexoinformativo.mx\/index.php\/2024\/09\/02\/arranca-la-feria-de-paz-y-desarme-voluntario-en-queretaro-para-promover-la-seguridad-familiar\/#primaryimage\"},\"thumbnailUrl\":\"https:\/\/www.nexoinformativo.mx\/wp-content\/uploads\/2024\/09\/PHOTO-2024-09-02-13-18-16-e1725307351734.jpg\",\"keywords\":[\"ConstruyendoSeguridad\",\"CulturaDePaz\",\"DesarmeVoluntario\",\"FeriaDePazQuer\u00e9taro\",\"Quer\u00e9taroPorLaPaz\"],\"articleSection\":[\"Estado\",\"\u00daltima Hora\"],\"inLanguage\":\"es\",\"potentialAction\":[{\"@type\":\"CommentAction\",\"name\":\"Comment\",\"target\":[\"https:\/\/www.nexoinformativo.mx\/index.php\/2024\/09\/02\/arranca-la-feria-de-paz-y-desarme-voluntario-en-queretaro-para-promover-la-seguridad-familiar\/#respond\"]}]},{\"@type\":\"WebPage\",\"@id\":\"https:\/\/www.nexoinformativo.mx\/index.php\/2024\/09\/02\/arranca-la-feria-de-paz-y-desarme-voluntario-en-queretaro-para-promover-la-seguridad-familiar\/\",\"url\":\"https:\/\/www.nexoinformativo.mx\/index.php\/2024\/09\/02\/arranca-la-feria-de-paz-y-desarme-voluntario-en-queretaro-para-promover-la-seguridad-familiar\/\",\"name\":\"Arranca la Feria de paz y desarme voluntario en Quer\u00e9taro para promover la seguridad familiar y social | Nexo Informativo Santiago de Quer\u00e9taro\",\"isPartOf\":{\"@id\":\"https:\/\/www.nexoinformativo.mx\/#website\"},\"primaryImageOfPage\":{\"@id\":\"https:\/\/www.nexoinformativo.mx\/index.php\/2024\/09\/02\/arranca-la-feria-de-paz-y-desarme-voluntario-en-queretaro-para-promover-la-seguridad-familiar\/#primaryimage\"},\"image\":{\"@id\":\"https:\/\/www.nexoinformativo.mx\/index.php\/2024\/09\/02\/arranca-la-feria-de-paz-y-desarme-voluntario-en-queretaro-para-promover-la-seguridad-familiar\/#primaryimage\"},\"thumbnailUrl\":\"https:\/\/www.nexoinformativo.mx\/wp-content\/uploads\/2024\/09\/PHOTO-2024-09-02-13-18-16-e1725307351734.jpg\",\"datePublished\":\"2024-09-02T18:00:29+00:00\",\"dateModified\":\"2024-09-02T22:20:09+00:00\",\"breadcrumb\":{\"@id\":\"https:\/\/www.nexoinformativo.mx\/index.php\/2024\/09\/02\/arranca-la-feria-de-paz-y-desarme-voluntario-en-queretaro-para-promover-la-seguridad-familiar\/#breadcrumb\"},\"inLanguage\":\"es\",\"potentialAction\":[{\"@type\":\"ReadAction\",\"target\":[\"https:\/\/www.nexoinformativo.mx\/index.php\/2024\/09\/02\/arranca-la-feria-de-paz-y-desarme-voluntario-en-queretaro-para-promover-la-seguridad-familiar\/\"]}]},{\"@type\":\"ImageObject\",\"inLanguage\":\"es\",\"@id\":\"https:\/\/www.nexoinformativo.mx\/index.php\/2024\/09\/02\/arranca-la-feria-de-paz-y-desarme-voluntario-en-queretaro-para-promover-la-seguridad-familiar\/#primaryimage\",\"url\":\"https:\/\/www.nexoinformativo.mx\/wp-content\/uploads\/2024\/09\/PHOTO-2024-09-02-13-18-16-e1725307351734.jpg\",\"contentUrl\":\"https:\/\/www.nexoinformativo.mx\/wp-content\/uploads\/2024\/09\/PHOTO-2024-09-02-13-18-16-e1725307351734.jpg\",\"width\":800,\"height\":533},{\"@type\":\"BreadcrumbList\",\"@id\":\"https:\/\/www.nexoinformativo.mx\/index.php\/2024\/09\/02\/arranca-la-feria-de-paz-y-desarme-voluntario-en-queretaro-para-promover-la-seguridad-familiar\/#breadcrumb\",\"itemListElement\":[{\"@type\":\"ListItem\",\"position\":1,\"name\":\"Inicio\",\"item\":\"https:\/\/www.nexoinformativo.mx\/\"},{\"@type\":\"ListItem\",\"position\":2,\"name\":\"Arranca la Feria de paz y desarme voluntario en Quer\u00e9taro para promover la seguridad familiar y social\"}]},{\"@type\":\"WebSite\",\"@id\":\"https:\/\/www.nexoinformativo.mx\/#website\",\"url\":\"https:\/\/www.nexoinformativo.mx\/\",\"name\":\"Nexo Informativo Santiago de Quer\u00e9taro\",\"description\":\"Explora NexoInformativo y convi\u00e9rtete en parte de una comunidad que valora el conocimiento y la verdad. Tu nexoinformativo es tu puente hacia una comprensi\u00f3n m\u00e1s profunda del mundo que te rodea.\",\"publisher\":{\"@id\":\"https:\/\/www.nexoinformativo.mx\/#organization\"},\"potentialAction\":[{\"@type\":\"SearchAction\",\"target\":{\"@type\":\"EntryPoint\",\"urlTemplate\":\"https:\/\/www.nexoinformativo.mx\/?s={search_term_string}\"},\"query-input\":{\"@type\":\"PropertyValueSpecification\",\"valueRequired\":true,\"valueName\":\"search_term_string\"}}],\"inLanguage\":\"es\"},{\"@type\":\"Organization\",\"@id\":\"https:\/\/www.nexoinformativo.mx\/#organization\",\"name\":\"Nexo Informativo Santiago de Quer\u00e9taro\",\"url\":\"https:\/\/www.nexoinformativo.mx\/\",\"logo\":{\"@type\":\"ImageObject\",\"inLanguage\":\"es\",\"@id\":\"https:\/\/www.nexoinformativo.mx\/#\/schema\/logo\/image\/\",\"url\":\"https:\/\/www.nexoinformativo.mx\/wp-content\/uploads\/2024\/07\/nexoi-trasparente-2.png\",\"contentUrl\":\"https:\/\/www.nexoinformativo.mx\/wp-content\/uploads\/2024\/07\/nexoi-trasparente-2.png\",\"width\":816,\"height\":339,\"caption\":\"Nexo Informativo Santiago de Quer\u00e9taro\"},\"image\":{\"@id\":\"https:\/\/www.nexoinformativo.mx\/#\/schema\/logo\/image\/\"},\"sameAs\":[\"https:\/\/www.facebook.com\/people\/Nexo-Informativo\/61564066885511\/\"]},{\"@type\":\"Person\",\"@id\":\"https:\/\/www.nexoinformativo.mx\/#\/schema\/person\/7749d380ba08c8ca00d7bc76fd907b7d\",\"name\":\"Nexo Informativo\",\"image\":{\"@type\":\"ImageObject\",\"inLanguage\":\"es\",\"@id\":\"https:\/\/www.nexoinformativo.mx\/#\/schema\/person\/image\/\",\"url\":\"https:\/\/secure.gravatar.com\/avatar\/dde2928154642a13d95f87ddf1ea9718fe2b46760a005c53e41ff5ad610704e6?s=96&d=mm&r=g\",\"contentUrl\":\"https:\/\/secure.gravatar.com\/avatar\/dde2928154642a13d95f87ddf1ea9718fe2b46760a005c53e41ff5ad610704e6?s=96&d=mm&r=g\",\"caption\":\"Nexo Informativo\"},\"url\":\"https:\/\/www.nexoinformativo.mx\/index.php\/author\/edicion\/\"}]}<\/script>\n<!-- \/ Yoast SEO plugin. -->","yoast_head_json":{"title":"Arranca la Feria de paz y desarme voluntario en Quer\u00e9taro para promover la seguridad familiar y social | Nexo Informativo Santiago de Quer\u00e9taro","robots":{"index":"index","follow":"follow","max-snippet":"max-snippet:-1","max-image-preview":"max-image-preview:large","max-video-preview":"max-video-preview:-1"},"canonical":"https:\/\/www.nexoinformativo.mx\/index.php\/2024\/09\/02\/arranca-la-feria-de-paz-y-desarme-voluntario-en-queretaro-para-promover-la-seguridad-familiar\/","og_locale":"es_MX","og_type":"article","og_title":"Arranca la Feria de paz y desarme voluntario en Quer\u00e9taro para promover la seguridad familiar y social | Nexo Informativo Santiago de Quer\u00e9taro","og_description":"El Municipio de Quer\u00e9taro, en colaboraci\u00f3n con la XVII Zona Militar ha lanzado la Feria de Paz y Desarme Voluntario, iniciativa que invita a la ciudadan\u00eda a entregar armas de fuego a cambio de art\u00edculos \u00fatiles para el hogar, con el fin de fomentar un ambiente seguro y promover una cultura de paz en la [&hellip;]","og_url":"https:\/\/www.nexoinformativo.mx\/index.php\/2024\/09\/02\/arranca-la-feria-de-paz-y-desarme-voluntario-en-queretaro-para-promover-la-seguridad-familiar\/","og_site_name":"Nexo Informativo Santiago de Quer\u00e9taro","article_publisher":"https:\/\/www.facebook.com\/people\/Nexo-Informativo\/61564066885511\/","article_published_time":"2024-09-02T18:00:29+00:00","article_modified_time":"2024-09-02T22:20:09+00:00","og_image":[{"width":800,"height":533,"url":"https:\/\/www.nexoinformativo.mx\/wp-content\/uploads\/2024\/09\/PHOTO-2024-09-02-13-18-16-e1725307351734.jpg","type":"image\/jpeg"}],"author":"Nexo Informativo","twitter_card":"summary_large_image","twitter_misc":{"Escrito por":"Nexo Informativo","Tiempo de lectura":"3 minutos"},"schema":{"@context":"https:\/\/schema.org","@graph":[{"@type":"Article","@id":"https:\/\/www.nexoinformativo.mx\/index.php\/2024\/09\/02\/arranca-la-feria-de-paz-y-desarme-voluntario-en-queretaro-para-promover-la-seguridad-familiar\/#article","isPartOf":{"@id":"https:\/\/www.nexoinformativo.mx\/index.php\/2024\/09\/02\/arranca-la-feria-de-paz-y-desarme-voluntario-en-queretaro-para-promover-la-seguridad-familiar\/"},"author":{"name":"Nexo Informativo","@id":"https:\/\/www.nexoinformativo.mx\/#\/schema\/person\/7749d380ba08c8ca00d7bc76fd907b7d"},"headline":"Arranca la Feria de paz y desarme voluntario en Quer\u00e9taro para promover la seguridad familiar y social","datePublished":"2024-09-02T18:00:29+00:00","dateModified":"2024-09-02T22:20:09+00:00","mainEntityOfPage":{"@id":"https:\/\/www.nexoinformativo.mx\/index.php\/2024\/09\/02\/arranca-la-feria-de-paz-y-desarme-voluntario-en-queretaro-para-promover-la-seguridad-familiar\/"},"wordCount":461,"commentCount":0,"publisher":{"@id":"https:\/\/www.nexoinformativo.mx\/#organization"},"image":{"@id":"https:\/\/www.nexoinformativo.mx\/index.php\/2024\/09\/02\/arranca-la-feria-de-paz-y-desarme-voluntario-en-queretaro-para-promover-la-seguridad-familiar\/#primaryimage"},"thumbnailUrl":"https:\/\/www.nexoinformativo.mx\/wp-content\/uploads\/2024\/09\/PHOTO-2024-09-02-13-18-16-e1725307351734.jpg","keywords":["ConstruyendoSeguridad","CulturaDePaz","DesarmeVoluntario","FeriaDePazQuer\u00e9taro","Quer\u00e9taroPorLaPaz"],"articleSection":["Estado","\u00daltima Hora"],"inLanguage":"es","potentialAction":[{"@type":"CommentAction","name":"Comment","target":["https:\/\/www.nexoinformativo.mx\/index.php\/2024\/09\/02\/arranca-la-feria-de-paz-y-desarme-voluntario-en-queretaro-para-promover-la-seguridad-familiar\/#respond"]}]},{"@type":"WebPage","@id":"https:\/\/www.nexoinformativo.mx\/index.php\/2024\/09\/02\/arranca-la-feria-de-paz-y-desarme-voluntario-en-queretaro-para-promover-la-seguridad-familiar\/","url":"https:\/\/www.nexoinformativo.mx\/index.php\/2024\/09\/02\/arranca-la-feria-de-paz-y-desarme-voluntario-en-queretaro-para-promover-la-seguridad-familiar\/","name":"Arranca la Feria de paz y desarme voluntario en Quer\u00e9taro para promover la seguridad familiar y social | Nexo Informativo Santiago de Quer\u00e9taro","isPartOf":{"@id":"https:\/\/www.nexoinformativo.mx\/#website"},"primaryImageOfPage":{"@id":"https:\/\/www.nexoinformativo.mx\/index.php\/2024\/09\/02\/arranca-la-feria-de-paz-y-desarme-voluntario-en-queretaro-para-promover-la-seguridad-familiar\/#primaryimage"},"image":{"@id":"https:\/\/www.nexoinformativo.mx\/index.php\/2024\/09\/02\/arranca-la-feria-de-paz-y-desarme-voluntario-en-queretaro-para-promover-la-seguridad-familiar\/#primaryimage"},"thumbnailUrl":"https:\/\/www.nexoinformativo.mx\/wp-content\/uploads\/2024\/09\/PHOTO-2024-09-02-13-18-16-e1725307351734.jpg","datePublished":"2024-09-02T18:00:29+00:00","dateModified":"2024-09-02T22:20:09+00:00","breadcrumb":{"@id":"https:\/\/www.nexoinformativo.mx\/index.php\/2024\/09\/02\/arranca-la-feria-de-paz-y-desarme-voluntario-en-queretaro-para-promover-la-seguridad-familiar\/#breadcrumb"},"inLanguage":"es","potentialAction":[{"@type":"ReadAction","target":["https:\/\/www.nexoinformativo.mx\/index.php\/2024\/09\/02\/arranca-la-feria-de-paz-y-desarme-voluntario-en-queretaro-para-promover-la-seguridad-familiar\/"]}]},{"@type":"ImageObject","inLanguage":"es","@id":"https:\/\/www.nexoinformativo.mx\/index.php\/2024\/09\/02\/arranca-la-feria-de-paz-y-desarme-voluntario-en-queretaro-para-promover-la-seguridad-familiar\/#primaryimage","url":"https:\/\/www.nexoinformativo.mx\/wp-content\/uploads\/2024\/09\/PHOTO-2024-09-02-13-18-16-e1725307351734.jpg","contentUrl":"https:\/\/www.nexoinformativo.mx\/wp-content\/uploads\/2024\/09\/PHOTO-2024-09-02-13-18-16-e1725307351734.jpg","width":800,"height":533},{"@type":"BreadcrumbList","@id":"https:\/\/www.nexoinformativo.mx\/index.php\/2024\/09\/02\/arranca-la-feria-de-paz-y-desarme-voluntario-en-queretaro-para-promover-la-seguridad-familiar\/#breadcrumb","itemListElement":[{"@type":"ListItem","position":1,"name":"Inicio","item":"https:\/\/www.nexoinformativo.mx\/"},{"@type":"ListItem","position":2,"name":"Arranca la Feria de paz y desarme voluntario en Quer\u00e9taro para promover la seguridad familiar y social"}]},{"@type":"WebSite","@id":"https:\/\/www.nexoinformativo.mx\/#website","url":"https:\/\/www.nexoinformativo.mx\/","name":"Nexo Informativo Santiago de Quer\u00e9taro","description":"Explora NexoInformativo y convi\u00e9rtete en parte de una comunidad que valora el conocimiento y la verdad. Tu nexoinformativo es tu puente hacia una comprensi\u00f3n m\u00e1s profunda del mundo que te rodea.","publisher":{"@id":"https:\/\/www.nexoinformativo.mx\/#organization"},"potentialAction":[{"@type":"SearchAction","target":{"@type":"EntryPoint","urlTemplate":"https:\/\/www.nexoinformativo.mx\/?s={search_term_string}"},"query-input":{"@type":"PropertyValueSpecification","valueRequired":true,"valueName":"search_term_string"}}],"inLanguage":"es"},{"@type":"Organization","@id":"https:\/\/www.nexoinformativo.mx\/#organization","name":"Nexo Informativo Santiago de Quer\u00e9taro","url":"https:\/\/www.nexoinformativo.mx\/","logo":{"@type":"ImageObject","inLanguage":"es","@id":"https:\/\/www.nexoinformativo.mx\/#\/schema\/logo\/image\/","url":"https:\/\/www.nexoinformativo.mx\/wp-content\/uploads\/2024\/07\/nexoi-trasparente-2.png","contentUrl":"https:\/\/www.nexoinformativo.mx\/wp-content\/uploads\/2024\/07\/nexoi-trasparente-2.png","width":816,"height":339,"caption":"Nexo Informativo Santiago de Quer\u00e9taro"},"image":{"@id":"https:\/\/www.nexoinformativo.mx\/#\/schema\/logo\/image\/"},"sameAs":["https:\/\/www.facebook.com\/people\/Nexo-Informativo\/61564066885511\/"]},{"@type":"Person","@id":"https:\/\/www.nexoinformativo.mx\/#\/schema\/person\/7749d380ba08c8ca00d7bc76fd907b7d","name":"Nexo Informativo","image":{"@type":"ImageObject","inLanguage":"es","@id":"https:\/\/www.nexoinformativo.mx\/#\/schema\/person\/image\/","url":"https:\/\/secure.gravatar.com\/avatar\/dde2928154642a13d95f87ddf1ea9718fe2b46760a005c53e41ff5ad610704e6?s=96&d=mm&r=g","contentUrl":"https:\/\/secure.gravatar.com\/avatar\/dde2928154642a13d95f87ddf1ea9718fe2b46760a005c53e41ff5ad610704e6?s=96&d=mm&r=g","caption":"Nexo Informativo"},"url":"https:\/\/www.nexoinformativo.mx\/index.php\/author\/edicion\/"}]}},"_links":{"self":[{"href":"https:\/\/www.nexoinformativo.mx\/index.php\/wp-json\/wp\/v2\/posts\/1457","targetHints":{"allow":["GET"]}}],"collection":[{"href":"https:\/\/www.nexoinformativo.mx\/index.php\/wp-json\/wp\/v2\/posts"}],"about":[{"href":"https:\/\/www.nexoinformativo.mx\/index.php\/wp-json\/wp\/v2\/types\/post"}],"author":[{"embeddable":true,"href":"https:\/\/www.nexoinformativo.mx\/index.php\/wp-json\/wp\/v2\/users\/3"}],"replies":[{"embeddable":true,"href":"https:\/\/www.nexoinformativo.mx\/index.php\/wp-json\/wp\/v2\/comments?post=1457"}],"version-history":[{"count":7,"href":"https:\/\/www.nexoinformativo.mx\/index.php\/wp-json\/wp\/v2\/posts\/1457\/revisions"}],"predecessor-version":[{"id":1473,"href":"https:\/\/www.nexoinformativo.mx\/index.php\/wp-json\/wp\/v2\/posts\/1457\/revisions\/1473"}],"wp:featuredmedia":[{"embeddable":true,"href":"https:\/\/www.nexoinformativo.mx\/index.php\/wp-json\/wp\/v2\/media\/1459"}],"wp:attachment":[{"href":"https:\/\/www.nexoinformativo.mx\/index.php\/wp-json\/wp\/v2\/media?parent=1457"}],"wp:term":[{"taxonomy":"category","embeddable":true,"href":"https:\/\/www.nexoinformativo.mx\/index.php\/wp-json\/wp\/v2\/categories?post=1457"},{"taxonomy":"post_tag","embeddable":true,"href":"https:\/\/www.nexoinformativo.mx\/index.php\/wp-json\/wp\/v2\/tags?post=1457"}],"curies":[{"name":"wp","href":"https:\/\/api.w.org\/{rel}","templated":true}]}}