{"id":14571,"date":"2025-04-28T12:00:46","date_gmt":"2025-04-28T18:00:46","guid":{"rendered":"https:\/\/www.nexoinformativo.mx\/?p=14571"},"modified":"2025-04-28T13:53:32","modified_gmt":"2025-04-28T19:53:32","slug":"a-celebrar-el-dia-del-trabajo-queretaro-prepara-gran-fiesta-para-sus-trabajadores-encabezado-por-kuri","status":"publish","type":"post","link":"https:\/\/www.nexoinformativo.mx\/index.php\/2025\/04\/28\/a-celebrar-el-dia-del-trabajo-queretaro-prepara-gran-fiesta-para-sus-trabajadores-encabezado-por-kuri\/","title":{"rendered":"A celebrar el D\u00eda del Trabajo Quer\u00e9taro prepara gran fiesta para sus trabajadores encabezado por Kuri"},"content":{"rendered":"<p style=\"text-align: justify;\" data-sourcepos=\"3:1-3:378\">La secretaria del Trabajo del estado, Liliana San Mart\u00edn, anunci\u00f3 un programa completo de actividades para conmemorar el D\u00eda del Trabajo en Quer\u00e9taro. La celebraci\u00f3n incluir\u00e1 desde una comida con l\u00edderes sindicales y autoridades, hasta un foro laboral, una carrera atl\u00e9tica y un torneo de f\u00fatbol para los trabajadores.<\/p>\n<\/p>\n<p>&nbsp;<\/p>\n<p style=\"text-align: justify;\" data-sourcepos=\"5:1-5:262\">Las festividades arrancar\u00e1n el 1 de mayo con una comida especial que reunir\u00e1 a l\u00edderes sindicales, trabajadores, autoridades estatales y el gobernador Mauricio Kuri. Ser\u00e1 un espacio para celebrar los logros y la importancia de la fuerza laboral en el estado.<\/p>\n<\/p>\n<p>&nbsp;<\/p>\n<p style=\"text-align: justify;\" data-sourcepos=\"7:1-7:280\">La jornada de reflexi\u00f3n y aprendizaje llegar\u00e1 el 2 de mayo con la realizaci\u00f3n de un Foro Laboral. En este encuentro se abordar\u00e1n diversos temas relevantes para el sector, incluyendo las din\u00e1micas del mercado internacional y el an\u00e1lisis de las recientes reformas laborales.<\/p>\n<\/p>\n<p>&nbsp;<\/p>\n<p style=\"text-align: justify;\" data-sourcepos=\"9:1-9:258\">El fin de semana se llenar\u00e1 de energ\u00eda y deporte. El s\u00e1bado 3 de mayo, el parque Quer\u00e9taro 2000 ser\u00e1 la sede de una carrera atl\u00e9tica dedicada a las y los trabajadores. Ser\u00e1 una oportunidad para promover la salud y la convivencia a trav\u00e9s del deporte.<\/p>\n<\/p>\n<p>&nbsp;<\/p>\n<p style=\"text-align: justify;\" data-sourcepos=\"11:1-11:213\">Finalmente, el domingo 4 de mayo, la pasi\u00f3n por el f\u00fatbol se har\u00e1 presente con un gran torneo en el que participar\u00e1n diversas organizaciones sindicales, congregando a alrededor de mil 500 trabajadores.<\/p>\n<\/p>\n<p>&nbsp;<\/p>\n<p style=\"text-align: justify;\" data-sourcepos=\"13:1-13:216\">Durante el evento del 1 de mayo con el gobernador Mauricio Kuri, se llevar\u00e1 a cabo un emotivo acto de reconocimiento p\u00f3stumo a l\u00edderes que dejaron un legado importante en las organizaciones sindicales del estado.<\/p>\n<\/p>\n<p>&nbsp;<\/p>\n<p style=\"text-align: center;\" data-sourcepos=\"13:1-13:216\"><em><strong>Informaci\u00f3n que transforma<\/strong><\/em><\/p>\n","protected":false},"excerpt":{"rendered":"<p>La secretaria del Trabajo del estado, Liliana San Mart\u00edn, anunci\u00f3 un programa completo de actividades para conmemorar el D\u00eda del Trabajo en Quer\u00e9taro. La celebraci\u00f3n incluir\u00e1 desde una comida con l\u00edderes sindicales y autoridades, hasta un foro laboral, una carrera atl\u00e9tica y un torneo de f\u00fatbol para los trabajadores.<\/p>\n","protected":false},"author":3,"featured_media":14572,"comment_status":"open","ping_status":"open","sticky":false,"template":"","format":"standard","meta":{"footnotes":""},"categories":[42,58],"tags":[4316,4315,4318,4317],"class_list":["post-14571","post","type-post","status-publish","format-standard","has-post-thumbnail","hentry","category-estado","category-ultima-hora","tag-celebracionlaboral","tag-diadeltrabajoqro","tag-mayofestivo","tag-queretarotrabaja"],"yoast_head":"<!-- This site is optimized with the Yoast SEO plugin v25.0 - https:\/\/yoast.com\/wordpress\/plugins\/seo\/ -->\n<title>A celebrar el D\u00eda del Trabajo Quer\u00e9taro prepara gran fiesta para sus trabajadores encabezado por Kuri | Nexo Informativo Santiago de Quer\u00e9taro<\/title>\n<meta name=\"description\" content=\"A celebrar el D\u00eda del Trabajo Quer\u00e9taro prepara gran fiesta para sus trabajadores encabezado por Kuri\" \/>\n<meta name=\"robots\" content=\"index, follow, max-snippet:-1, max-image-preview:large, max-video-preview:-1\" \/>\n<link rel=\"canonical\" href=\"https:\/\/www.nexoinformativo.mx\/index.php\/2025\/04\/28\/a-celebrar-el-dia-del-trabajo-queretaro-prepara-gran-fiesta-para-sus-trabajadores-encabezado-por-kuri\/\" \/>\n<meta property=\"og:locale\" content=\"es_MX\" \/>\n<meta property=\"og:type\" content=\"article\" \/>\n<meta property=\"og:title\" content=\"A celebrar el D\u00eda del Trabajo Quer\u00e9taro prepara gran fiesta para sus trabajadores encabezado por Kuri | Nexo Informativo Santiago de Quer\u00e9taro\" \/>\n<meta property=\"og:description\" content=\"A celebrar el D\u00eda del Trabajo Quer\u00e9taro prepara gran fiesta para sus trabajadores encabezado por Kuri\" \/>\n<meta property=\"og:url\" content=\"https:\/\/www.nexoinformativo.mx\/index.php\/2025\/04\/28\/a-celebrar-el-dia-del-trabajo-queretaro-prepara-gran-fiesta-para-sus-trabajadores-encabezado-por-kuri\/\" \/>\n<meta property=\"og:site_name\" content=\"Nexo Informativo Santiago de Quer\u00e9taro\" \/>\n<meta property=\"article:publisher\" content=\"https:\/\/www.facebook.com\/people\/Nexo-Informativo\/61564066885511\/\" \/>\n<meta property=\"article:published_time\" content=\"2025-04-28T18:00:46+00:00\" \/>\n<meta property=\"article:modified_time\" content=\"2025-04-28T19:53:32+00:00\" \/>\n<meta property=\"og:image\" content=\"https:\/\/www.nexoinformativo.mx\/wp-content\/uploads\/2025\/04\/PHOTO-2025-04-28-11-25-07-1-e1745869815378.jpg\" \/>\n\t<meta property=\"og:image:width\" content=\"800\" \/>\n\t<meta property=\"og:image:height\" content=\"600\" \/>\n\t<meta property=\"og:image:type\" content=\"image\/jpeg\" \/>\n<meta name=\"author\" content=\"Nexo Informativo\" \/>\n<meta name=\"twitter:card\" content=\"summary_large_image\" \/>\n<meta name=\"twitter:label1\" content=\"Escrito por\" \/>\n\t<meta name=\"twitter:data1\" content=\"Nexo Informativo\" \/>\n\t<meta name=\"twitter:label2\" content=\"Tiempo de lectura\" \/>\n\t<meta name=\"twitter:data2\" content=\"2 minutos\" \/>\n<script type=\"application\/ld+json\" class=\"yoast-schema-graph\">{\"@context\":\"https:\/\/schema.org\",\"@graph\":[{\"@type\":\"Article\",\"@id\":\"https:\/\/www.nexoinformativo.mx\/index.php\/2025\/04\/28\/a-celebrar-el-dia-del-trabajo-queretaro-prepara-gran-fiesta-para-sus-trabajadores-encabezado-por-kuri\/#article\",\"isPartOf\":{\"@id\":\"https:\/\/www.nexoinformativo.mx\/index.php\/2025\/04\/28\/a-celebrar-el-dia-del-trabajo-queretaro-prepara-gran-fiesta-para-sus-trabajadores-encabezado-por-kuri\/\"},\"author\":{\"name\":\"Nexo Informativo\",\"@id\":\"https:\/\/www.nexoinformativo.mx\/#\/schema\/person\/7749d380ba08c8ca00d7bc76fd907b7d\"},\"headline\":\"A celebrar el D\u00eda del Trabajo Quer\u00e9taro prepara gran fiesta para sus trabajadores encabezado por Kuri\",\"datePublished\":\"2025-04-28T18:00:46+00:00\",\"dateModified\":\"2025-04-28T19:53:32+00:00\",\"mainEntityOfPage\":{\"@id\":\"https:\/\/www.nexoinformativo.mx\/index.php\/2025\/04\/28\/a-celebrar-el-dia-del-trabajo-queretaro-prepara-gran-fiesta-para-sus-trabajadores-encabezado-por-kuri\/\"},\"wordCount\":291,\"commentCount\":0,\"publisher\":{\"@id\":\"https:\/\/www.nexoinformativo.mx\/#organization\"},\"image\":{\"@id\":\"https:\/\/www.nexoinformativo.mx\/index.php\/2025\/04\/28\/a-celebrar-el-dia-del-trabajo-queretaro-prepara-gran-fiesta-para-sus-trabajadores-encabezado-por-kuri\/#primaryimage\"},\"thumbnailUrl\":\"https:\/\/www.nexoinformativo.mx\/wp-content\/uploads\/2025\/04\/PHOTO-2025-04-28-11-25-07-1-e1745869815378.jpg\",\"keywords\":[\"Celebraci\u00f3nLaboral\",\"D\u00edaDelTrabajoQro\",\"MayoFestivo\",\"Quer\u00e9taroTrabaja\"],\"articleSection\":[\"Estado\",\"\u00daltima Hora\"],\"inLanguage\":\"es\",\"potentialAction\":[{\"@type\":\"CommentAction\",\"name\":\"Comment\",\"target\":[\"https:\/\/www.nexoinformativo.mx\/index.php\/2025\/04\/28\/a-celebrar-el-dia-del-trabajo-queretaro-prepara-gran-fiesta-para-sus-trabajadores-encabezado-por-kuri\/#respond\"]}]},{\"@type\":\"WebPage\",\"@id\":\"https:\/\/www.nexoinformativo.mx\/index.php\/2025\/04\/28\/a-celebrar-el-dia-del-trabajo-queretaro-prepara-gran-fiesta-para-sus-trabajadores-encabezado-por-kuri\/\",\"url\":\"https:\/\/www.nexoinformativo.mx\/index.php\/2025\/04\/28\/a-celebrar-el-dia-del-trabajo-queretaro-prepara-gran-fiesta-para-sus-trabajadores-encabezado-por-kuri\/\",\"name\":\"A celebrar el D\u00eda del Trabajo Quer\u00e9taro prepara gran fiesta para sus trabajadores encabezado por Kuri | Nexo Informativo Santiago de Quer\u00e9taro\",\"isPartOf\":{\"@id\":\"https:\/\/www.nexoinformativo.mx\/#website\"},\"primaryImageOfPage\":{\"@id\":\"https:\/\/www.nexoinformativo.mx\/index.php\/2025\/04\/28\/a-celebrar-el-dia-del-trabajo-queretaro-prepara-gran-fiesta-para-sus-trabajadores-encabezado-por-kuri\/#primaryimage\"},\"image\":{\"@id\":\"https:\/\/www.nexoinformativo.mx\/index.php\/2025\/04\/28\/a-celebrar-el-dia-del-trabajo-queretaro-prepara-gran-fiesta-para-sus-trabajadores-encabezado-por-kuri\/#primaryimage\"},\"thumbnailUrl\":\"https:\/\/www.nexoinformativo.mx\/wp-content\/uploads\/2025\/04\/PHOTO-2025-04-28-11-25-07-1-e1745869815378.jpg\",\"datePublished\":\"2025-04-28T18:00:46+00:00\",\"dateModified\":\"2025-04-28T19:53:32+00:00\",\"description\":\"A celebrar el D\u00eda del Trabajo Quer\u00e9taro prepara gran fiesta para sus trabajadores encabezado por Kuri\",\"breadcrumb\":{\"@id\":\"https:\/\/www.nexoinformativo.mx\/index.php\/2025\/04\/28\/a-celebrar-el-dia-del-trabajo-queretaro-prepara-gran-fiesta-para-sus-trabajadores-encabezado-por-kuri\/#breadcrumb\"},\"inLanguage\":\"es\",\"potentialAction\":[{\"@type\":\"ReadAction\",\"target\":[\"https:\/\/www.nexoinformativo.mx\/index.php\/2025\/04\/28\/a-celebrar-el-dia-del-trabajo-queretaro-prepara-gran-fiesta-para-sus-trabajadores-encabezado-por-kuri\/\"]}]},{\"@type\":\"ImageObject\",\"inLanguage\":\"es\",\"@id\":\"https:\/\/www.nexoinformativo.mx\/index.php\/2025\/04\/28\/a-celebrar-el-dia-del-trabajo-queretaro-prepara-gran-fiesta-para-sus-trabajadores-encabezado-por-kuri\/#primaryimage\",\"url\":\"https:\/\/www.nexoinformativo.mx\/wp-content\/uploads\/2025\/04\/PHOTO-2025-04-28-11-25-07-1-e1745869815378.jpg\",\"contentUrl\":\"https:\/\/www.nexoinformativo.mx\/wp-content\/uploads\/2025\/04\/PHOTO-2025-04-28-11-25-07-1-e1745869815378.jpg\",\"width\":800,\"height\":600},{\"@type\":\"BreadcrumbList\",\"@id\":\"https:\/\/www.nexoinformativo.mx\/index.php\/2025\/04\/28\/a-celebrar-el-dia-del-trabajo-queretaro-prepara-gran-fiesta-para-sus-trabajadores-encabezado-por-kuri\/#breadcrumb\",\"itemListElement\":[{\"@type\":\"ListItem\",\"position\":1,\"name\":\"Inicio\",\"item\":\"https:\/\/www.nexoinformativo.mx\/\"},{\"@type\":\"ListItem\",\"position\":2,\"name\":\"A celebrar el D\u00eda del Trabajo Quer\u00e9taro prepara gran fiesta para sus trabajadores encabezado por Kuri\"}]},{\"@type\":\"WebSite\",\"@id\":\"https:\/\/www.nexoinformativo.mx\/#website\",\"url\":\"https:\/\/www.nexoinformativo.mx\/\",\"name\":\"Nexo Informativo Santiago de Quer\u00e9taro\",\"description\":\"Explora NexoInformativo y convi\u00e9rtete en parte de una comunidad que valora el conocimiento y la verdad. Tu nexoinformativo es tu puente hacia una comprensi\u00f3n m\u00e1s profunda del mundo que te rodea.\",\"publisher\":{\"@id\":\"https:\/\/www.nexoinformativo.mx\/#organization\"},\"potentialAction\":[{\"@type\":\"SearchAction\",\"target\":{\"@type\":\"EntryPoint\",\"urlTemplate\":\"https:\/\/www.nexoinformativo.mx\/?s={search_term_string}\"},\"query-input\":{\"@type\":\"PropertyValueSpecification\",\"valueRequired\":true,\"valueName\":\"search_term_string\"}}],\"inLanguage\":\"es\"},{\"@type\":\"Organization\",\"@id\":\"https:\/\/www.nexoinformativo.mx\/#organization\",\"name\":\"Nexo Informativo Santiago de Quer\u00e9taro\",\"url\":\"https:\/\/www.nexoinformativo.mx\/\",\"logo\":{\"@type\":\"ImageObject\",\"inLanguage\":\"es\",\"@id\":\"https:\/\/www.nexoinformativo.mx\/#\/schema\/logo\/image\/\",\"url\":\"https:\/\/www.nexoinformativo.mx\/wp-content\/uploads\/2024\/07\/nexoi-trasparente-2.png\",\"contentUrl\":\"https:\/\/www.nexoinformativo.mx\/wp-content\/uploads\/2024\/07\/nexoi-trasparente-2.png\",\"width\":816,\"height\":339,\"caption\":\"Nexo Informativo Santiago de Quer\u00e9taro\"},\"image\":{\"@id\":\"https:\/\/www.nexoinformativo.mx\/#\/schema\/logo\/image\/\"},\"sameAs\":[\"https:\/\/www.facebook.com\/people\/Nexo-Informativo\/61564066885511\/\"]},{\"@type\":\"Person\",\"@id\":\"https:\/\/www.nexoinformativo.mx\/#\/schema\/person\/7749d380ba08c8ca00d7bc76fd907b7d\",\"name\":\"Nexo Informativo\",\"image\":{\"@type\":\"ImageObject\",\"inLanguage\":\"es\",\"@id\":\"https:\/\/www.nexoinformativo.mx\/#\/schema\/person\/image\/\",\"url\":\"https:\/\/secure.gravatar.com\/avatar\/dde2928154642a13d95f87ddf1ea9718fe2b46760a005c53e41ff5ad610704e6?s=96&d=mm&r=g\",\"contentUrl\":\"https:\/\/secure.gravatar.com\/avatar\/dde2928154642a13d95f87ddf1ea9718fe2b46760a005c53e41ff5ad610704e6?s=96&d=mm&r=g\",\"caption\":\"Nexo Informativo\"},\"url\":\"https:\/\/www.nexoinformativo.mx\/index.php\/author\/edicion\/\"}]}<\/script>\n<!-- \/ Yoast SEO plugin. -->","yoast_head_json":{"title":"A celebrar el D\u00eda del Trabajo Quer\u00e9taro prepara gran fiesta para sus trabajadores encabezado por Kuri | Nexo Informativo Santiago de Quer\u00e9taro","description":"A celebrar el D\u00eda del Trabajo Quer\u00e9taro prepara gran fiesta para sus trabajadores encabezado por Kuri","robots":{"index":"index","follow":"follow","max-snippet":"max-snippet:-1","max-image-preview":"max-image-preview:large","max-video-preview":"max-video-preview:-1"},"canonical":"https:\/\/www.nexoinformativo.mx\/index.php\/2025\/04\/28\/a-celebrar-el-dia-del-trabajo-queretaro-prepara-gran-fiesta-para-sus-trabajadores-encabezado-por-kuri\/","og_locale":"es_MX","og_type":"article","og_title":"A celebrar el D\u00eda del Trabajo Quer\u00e9taro prepara gran fiesta para sus trabajadores encabezado por Kuri | Nexo Informativo Santiago de Quer\u00e9taro","og_description":"A celebrar el D\u00eda del Trabajo Quer\u00e9taro prepara gran fiesta para sus trabajadores encabezado por Kuri","og_url":"https:\/\/www.nexoinformativo.mx\/index.php\/2025\/04\/28\/a-celebrar-el-dia-del-trabajo-queretaro-prepara-gran-fiesta-para-sus-trabajadores-encabezado-por-kuri\/","og_site_name":"Nexo Informativo Santiago de Quer\u00e9taro","article_publisher":"https:\/\/www.facebook.com\/people\/Nexo-Informativo\/61564066885511\/","article_published_time":"2025-04-28T18:00:46+00:00","article_modified_time":"2025-04-28T19:53:32+00:00","og_image":[{"width":800,"height":600,"url":"https:\/\/www.nexoinformativo.mx\/wp-content\/uploads\/2025\/04\/PHOTO-2025-04-28-11-25-07-1-e1745869815378.jpg","type":"image\/jpeg"}],"author":"Nexo Informativo","twitter_card":"summary_large_image","twitter_misc":{"Escrito por":"Nexo Informativo","Tiempo de lectura":"2 minutos"},"schema":{"@context":"https:\/\/schema.org","@graph":[{"@type":"Article","@id":"https:\/\/www.nexoinformativo.mx\/index.php\/2025\/04\/28\/a-celebrar-el-dia-del-trabajo-queretaro-prepara-gran-fiesta-para-sus-trabajadores-encabezado-por-kuri\/#article","isPartOf":{"@id":"https:\/\/www.nexoinformativo.mx\/index.php\/2025\/04\/28\/a-celebrar-el-dia-del-trabajo-queretaro-prepara-gran-fiesta-para-sus-trabajadores-encabezado-por-kuri\/"},"author":{"name":"Nexo Informativo","@id":"https:\/\/www.nexoinformativo.mx\/#\/schema\/person\/7749d380ba08c8ca00d7bc76fd907b7d"},"headline":"A celebrar el D\u00eda del Trabajo Quer\u00e9taro prepara gran fiesta para sus trabajadores encabezado por Kuri","datePublished":"2025-04-28T18:00:46+00:00","dateModified":"2025-04-28T19:53:32+00:00","mainEntityOfPage":{"@id":"https:\/\/www.nexoinformativo.mx\/index.php\/2025\/04\/28\/a-celebrar-el-dia-del-trabajo-queretaro-prepara-gran-fiesta-para-sus-trabajadores-encabezado-por-kuri\/"},"wordCount":291,"commentCount":0,"publisher":{"@id":"https:\/\/www.nexoinformativo.mx\/#organization"},"image":{"@id":"https:\/\/www.nexoinformativo.mx\/index.php\/2025\/04\/28\/a-celebrar-el-dia-del-trabajo-queretaro-prepara-gran-fiesta-para-sus-trabajadores-encabezado-por-kuri\/#primaryimage"},"thumbnailUrl":"https:\/\/www.nexoinformativo.mx\/wp-content\/uploads\/2025\/04\/PHOTO-2025-04-28-11-25-07-1-e1745869815378.jpg","keywords":["Celebraci\u00f3nLaboral","D\u00edaDelTrabajoQro","MayoFestivo","Quer\u00e9taroTrabaja"],"articleSection":["Estado","\u00daltima Hora"],"inLanguage":"es","potentialAction":[{"@type":"CommentAction","name":"Comment","target":["https:\/\/www.nexoinformativo.mx\/index.php\/2025\/04\/28\/a-celebrar-el-dia-del-trabajo-queretaro-prepara-gran-fiesta-para-sus-trabajadores-encabezado-por-kuri\/#respond"]}]},{"@type":"WebPage","@id":"https:\/\/www.nexoinformativo.mx\/index.php\/2025\/04\/28\/a-celebrar-el-dia-del-trabajo-queretaro-prepara-gran-fiesta-para-sus-trabajadores-encabezado-por-kuri\/","url":"https:\/\/www.nexoinformativo.mx\/index.php\/2025\/04\/28\/a-celebrar-el-dia-del-trabajo-queretaro-prepara-gran-fiesta-para-sus-trabajadores-encabezado-por-kuri\/","name":"A celebrar el D\u00eda del Trabajo Quer\u00e9taro prepara gran fiesta para sus trabajadores encabezado por Kuri | Nexo Informativo Santiago de Quer\u00e9taro","isPartOf":{"@id":"https:\/\/www.nexoinformativo.mx\/#website"},"primaryImageOfPage":{"@id":"https:\/\/www.nexoinformativo.mx\/index.php\/2025\/04\/28\/a-celebrar-el-dia-del-trabajo-queretaro-prepara-gran-fiesta-para-sus-trabajadores-encabezado-por-kuri\/#primaryimage"},"image":{"@id":"https:\/\/www.nexoinformativo.mx\/index.php\/2025\/04\/28\/a-celebrar-el-dia-del-trabajo-queretaro-prepara-gran-fiesta-para-sus-trabajadores-encabezado-por-kuri\/#primaryimage"},"thumbnailUrl":"https:\/\/www.nexoinformativo.mx\/wp-content\/uploads\/2025\/04\/PHOTO-2025-04-28-11-25-07-1-e1745869815378.jpg","datePublished":"2025-04-28T18:00:46+00:00","dateModified":"2025-04-28T19:53:32+00:00","description":"A celebrar el D\u00eda del Trabajo Quer\u00e9taro prepara gran fiesta para sus trabajadores encabezado por Kuri","breadcrumb":{"@id":"https:\/\/www.nexoinformativo.mx\/index.php\/2025\/04\/28\/a-celebrar-el-dia-del-trabajo-queretaro-prepara-gran-fiesta-para-sus-trabajadores-encabezado-por-kuri\/#breadcrumb"},"inLanguage":"es","potentialAction":[{"@type":"ReadAction","target":["https:\/\/www.nexoinformativo.mx\/index.php\/2025\/04\/28\/a-celebrar-el-dia-del-trabajo-queretaro-prepara-gran-fiesta-para-sus-trabajadores-encabezado-por-kuri\/"]}]},{"@type":"ImageObject","inLanguage":"es","@id":"https:\/\/www.nexoinformativo.mx\/index.php\/2025\/04\/28\/a-celebrar-el-dia-del-trabajo-queretaro-prepara-gran-fiesta-para-sus-trabajadores-encabezado-por-kuri\/#primaryimage","url":"https:\/\/www.nexoinformativo.mx\/wp-content\/uploads\/2025\/04\/PHOTO-2025-04-28-11-25-07-1-e1745869815378.jpg","contentUrl":"https:\/\/www.nexoinformativo.mx\/wp-content\/uploads\/2025\/04\/PHOTO-2025-04-28-11-25-07-1-e1745869815378.jpg","width":800,"height":600},{"@type":"BreadcrumbList","@id":"https:\/\/www.nexoinformativo.mx\/index.php\/2025\/04\/28\/a-celebrar-el-dia-del-trabajo-queretaro-prepara-gran-fiesta-para-sus-trabajadores-encabezado-por-kuri\/#breadcrumb","itemListElement":[{"@type":"ListItem","position":1,"name":"Inicio","item":"https:\/\/www.nexoinformativo.mx\/"},{"@type":"ListItem","position":2,"name":"A celebrar el D\u00eda del Trabajo Quer\u00e9taro prepara gran fiesta para sus trabajadores encabezado por Kuri"}]},{"@type":"WebSite","@id":"https:\/\/www.nexoinformativo.mx\/#website","url":"https:\/\/www.nexoinformativo.mx\/","name":"Nexo Informativo Santiago de Quer\u00e9taro","description":"Explora NexoInformativo y convi\u00e9rtete en parte de una comunidad que valora el conocimiento y la verdad. Tu nexoinformativo es tu puente hacia una comprensi\u00f3n m\u00e1s profunda del mundo que te rodea.","publisher":{"@id":"https:\/\/www.nexoinformativo.mx\/#organization"},"potentialAction":[{"@type":"SearchAction","target":{"@type":"EntryPoint","urlTemplate":"https:\/\/www.nexoinformativo.mx\/?s={search_term_string}"},"query-input":{"@type":"PropertyValueSpecification","valueRequired":true,"valueName":"search_term_string"}}],"inLanguage":"es"},{"@type":"Organization","@id":"https:\/\/www.nexoinformativo.mx\/#organization","name":"Nexo Informativo Santiago de Quer\u00e9taro","url":"https:\/\/www.nexoinformativo.mx\/","logo":{"@type":"ImageObject","inLanguage":"es","@id":"https:\/\/www.nexoinformativo.mx\/#\/schema\/logo\/image\/","url":"https:\/\/www.nexoinformativo.mx\/wp-content\/uploads\/2024\/07\/nexoi-trasparente-2.png","contentUrl":"https:\/\/www.nexoinformativo.mx\/wp-content\/uploads\/2024\/07\/nexoi-trasparente-2.png","width":816,"height":339,"caption":"Nexo Informativo Santiago de Quer\u00e9taro"},"image":{"@id":"https:\/\/www.nexoinformativo.mx\/#\/schema\/logo\/image\/"},"sameAs":["https:\/\/www.facebook.com\/people\/Nexo-Informativo\/61564066885511\/"]},{"@type":"Person","@id":"https:\/\/www.nexoinformativo.mx\/#\/schema\/person\/7749d380ba08c8ca00d7bc76fd907b7d","name":"Nexo Informativo","image":{"@type":"ImageObject","inLanguage":"es","@id":"https:\/\/www.nexoinformativo.mx\/#\/schema\/person\/image\/","url":"https:\/\/secure.gravatar.com\/avatar\/dde2928154642a13d95f87ddf1ea9718fe2b46760a005c53e41ff5ad610704e6?s=96&d=mm&r=g","contentUrl":"https:\/\/secure.gravatar.com\/avatar\/dde2928154642a13d95f87ddf1ea9718fe2b46760a005c53e41ff5ad610704e6?s=96&d=mm&r=g","caption":"Nexo Informativo"},"url":"https:\/\/www.nexoinformativo.mx\/index.php\/author\/edicion\/"}]}},"_links":{"self":[{"href":"https:\/\/www.nexoinformativo.mx\/index.php\/wp-json\/wp\/v2\/posts\/14571","targetHints":{"allow":["GET"]}}],"collection":[{"href":"https:\/\/www.nexoinformativo.mx\/index.php\/wp-json\/wp\/v2\/posts"}],"about":[{"href":"https:\/\/www.nexoinformativo.mx\/index.php\/wp-json\/wp\/v2\/types\/post"}],"author":[{"embeddable":true,"href":"https:\/\/www.nexoinformativo.mx\/index.php\/wp-json\/wp\/v2\/users\/3"}],"replies":[{"embeddable":true,"href":"https:\/\/www.nexoinformativo.mx\/index.php\/wp-json\/wp\/v2\/comments?post=14571"}],"version-history":[{"count":3,"href":"https:\/\/www.nexoinformativo.mx\/index.php\/wp-json\/wp\/v2\/posts\/14571\/revisions"}],"predecessor-version":[{"id":14575,"href":"https:\/\/www.nexoinformativo.mx\/index.php\/wp-json\/wp\/v2\/posts\/14571\/revisions\/14575"}],"wp:featuredmedia":[{"embeddable":true,"href":"https:\/\/www.nexoinformativo.mx\/index.php\/wp-json\/wp\/v2\/media\/14572"}],"wp:attachment":[{"href":"https:\/\/www.nexoinformativo.mx\/index.php\/wp-json\/wp\/v2\/media?parent=14571"}],"wp:term":[{"taxonomy":"category","embeddable":true,"href":"https:\/\/www.nexoinformativo.mx\/index.php\/wp-json\/wp\/v2\/categories?post=14571"},{"taxonomy":"post_tag","embeddable":true,"href":"https:\/\/www.nexoinformativo.mx\/index.php\/wp-json\/wp\/v2\/tags?post=14571"}],"curies":[{"name":"wp","href":"https:\/\/api.w.org\/{rel}","templated":true}]}}