{"id":14577,"date":"2025-04-29T07:00:10","date_gmt":"2025-04-29T13:00:10","guid":{"rendered":"https:\/\/www.nexoinformativo.mx\/?p=14577"},"modified":"2025-04-29T13:06:47","modified_gmt":"2025-04-29T19:06:47","slug":"golpe-a-los-prejuicios-migrantes-mexicanos-impulsan-la-economia-de-eeuu-con-781-mil-millones","status":"publish","type":"post","link":"https:\/\/www.nexoinformativo.mx\/index.php\/2025\/04\/29\/golpe-a-los-prejuicios-migrantes-mexicanos-impulsan-la-economia-de-eeuu-con-781-mil-millones\/","title":{"rendered":"Golpe a los prejuicios migrantes mexicanos impulsan la econom\u00eda de EEUU con $781 mil millones"},"content":{"rendered":"<p style=\"text-align: justify;\" data-sourcepos=\"3:1-3:469\">La presidenta Claudia Sheinbaum desmantel\u00f3 los prejuicios contra la comunidad migrante mexicana en Estados Unidos, revelando su impactante contribuci\u00f3n de 781 mil millones de d\u00f3lares al PIB de ese pa\u00eds tan solo en 2024.<\/p>\n<p>&nbsp;<\/p>\n<p style=\"text-align: justify;\" data-sourcepos=\"3:1-3:469\">Esta cifra, aportada mayoritariamente por mexicanos nacidos en EUA, colocar\u00eda a la comunidad como la d\u00e9cima econom\u00eda m\u00e1s grande del mundo, seg\u00fan datos de Latino Donor Collaborative (LDC).<\/p>\n<p>&nbsp;<\/p>\n<p style=\"text-align: justify;\" data-sourcepos=\"5:1-5:342\">Durante su habitual conferencia matutina, Sheinbaum enfatiz\u00f3 que la idea de que los migrantes &#8220;quitan trabajos&#8221; es completamente err\u00f3nea. Al contrario, fortalecen la econom\u00eda estadounidense, ya que el 80% de sus ingresos se queda en ese pa\u00eds en ahorro, consumo y pago de impuestos, mientras que solo el 20% se env\u00eda como remesas a M\u00e9xico.<\/p>\n<p>&nbsp;<\/p>\n<p style=\"text-align: justify;\" data-sourcepos=\"7:1-7:275\">&#8220;Esta idea de que las y los migrantes quitan trabajos, es todo lo contrario, ayudan a la econom\u00eda de los Estados Unidos. Entonces, es muy importante que todas y todos los mexicanos lo conozcamos y todas y todos los estadounidenses lo conozcan tambi\u00e9n&#8221;, subray\u00f3 la Presidenta.<\/p>\n<p>&nbsp;<\/p>\n<p style=\"text-align: justify;\" data-sourcepos=\"9:1-9:223\">Sheinbaum Pardo destac\u00f3 que, de los cerca de 40 millones de mexicanos en Estados Unidos, solo 4 millones no cuentan con documentos, lo que subraya a\u00fan m\u00e1s la significativa integraci\u00f3n y aporte econ\u00f3mico de la comunidad.<\/p>\n<p>&nbsp;<\/p>\n<p style=\"text-align: justify;\" data-sourcepos=\"11:1-11:197\">La directora General de LDC, Ana Ram\u00edrez Vald\u00e9z, refrend\u00f3 estas cifras, desmintiendo mitos sobre la carga econ\u00f3mica y el aumento de la criminalidad asociados a los migrantes. Los datos revelan que:<\/p>\n<p>&nbsp;<\/p>\n<ul style=\"text-align: justify;\" data-sourcepos=\"13:1-17:0\">\n<li data-sourcepos=\"13:1-13:104\">En 2022, los inmigrantes indocumentados pagaron cerca de 100 mil millones de d\u00f3lares en impuestos.<\/li>\n<li data-sourcepos=\"14:1-14:158\">Complementan la fuerza laboral en sectores esenciales, representando una parte mayoritaria en la agricultura, procesamiento de alimentos y construcci\u00f3n.<\/li>\n<li data-sourcepos=\"15:1-15:106\">Presentan un 60% menos de criminalidad, siendo las zonas fronterizas con M\u00e9xico incluso m\u00e1s seguras.<\/li>\n<li data-sourcepos=\"16:1-17:0\">Uno de cada cinco inmigrantes es empresario, generando miles de millones de d\u00f3lares.&nbsp;\n<p style=\"text-align: justify;\" data-sourcepos=\"18:1-18:195\">Sheinbaum lament\u00f3 la invisibilidad y los estereotipos negativos que persisten en los medios estadounidenses hacia la comunidad mexicana, a pesar de su crucial contribuci\u00f3n econ\u00f3mica y social.<\/p>\n<p>&nbsp;<\/p>\n<p style=\"text-align: center;\" data-sourcepos=\"18:1-18:195\"><em><strong>Informaci\u00f3n que transforma\u00a0<\/strong><\/em><\/p>\n<\/li>\n<\/ul>\n","protected":false},"excerpt":{"rendered":"<p>La presidenta Claudia Sheinbaum desmantel\u00f3 los prejuicios contra la comunidad migrante mexicana en Estados Unidos, revelando su impactante contribuci\u00f3n de 781 mil millones de d\u00f3lares al PIB de ese pa\u00eds tan solo en 2024.<\/p>\n","protected":false},"author":3,"featured_media":14578,"comment_status":"open","ping_status":"open","sticky":false,"template":"","format":"standard","meta":{"footnotes":""},"categories":[88,58],"tags":[4320,2866,4319,1256],"class_list":["post-14577","post","type-post","status-publish","format-standard","has-post-thumbnail","hentry","category-nacional","category-ultima-hora","tag-economiaeua","tag-mexicanoseneeuu","tag-migrantescontribuyen","tag-sheinbaum"],"yoast_head":"<!-- This site is optimized with the Yoast SEO plugin v25.0 - https:\/\/yoast.com\/wordpress\/plugins\/seo\/ -->\n<title>Golpe a los prejuicios migrantes mexicanos impulsan la econom\u00eda de EEUU con $781 mil millones | Nexo Informativo Santiago de Quer\u00e9taro<\/title>\n<meta name=\"description\" content=\"Golpe a los prejuicios migrantes mexicanos impulsan la econom\u00eda de EEUU con $781 mil millones\" \/>\n<meta name=\"robots\" content=\"index, follow, max-snippet:-1, max-image-preview:large, max-video-preview:-1\" \/>\n<link rel=\"canonical\" href=\"https:\/\/www.nexoinformativo.mx\/index.php\/2025\/04\/29\/golpe-a-los-prejuicios-migrantes-mexicanos-impulsan-la-economia-de-eeuu-con-781-mil-millones\/\" \/>\n<meta property=\"og:locale\" content=\"es_MX\" \/>\n<meta property=\"og:type\" content=\"article\" \/>\n<meta property=\"og:title\" content=\"Golpe a los prejuicios migrantes mexicanos impulsan la econom\u00eda de EEUU con $781 mil millones | Nexo Informativo Santiago de Quer\u00e9taro\" \/>\n<meta property=\"og:description\" content=\"Golpe a los prejuicios migrantes mexicanos impulsan la econom\u00eda de EEUU con $781 mil millones\" \/>\n<meta property=\"og:url\" content=\"https:\/\/www.nexoinformativo.mx\/index.php\/2025\/04\/29\/golpe-a-los-prejuicios-migrantes-mexicanos-impulsan-la-economia-de-eeuu-con-781-mil-millones\/\" \/>\n<meta property=\"og:site_name\" content=\"Nexo Informativo Santiago de Quer\u00e9taro\" \/>\n<meta property=\"article:publisher\" content=\"https:\/\/www.facebook.com\/people\/Nexo-Informativo\/61564066885511\/\" \/>\n<meta property=\"article:published_time\" content=\"2025-04-29T13:00:10+00:00\" \/>\n<meta property=\"article:modified_time\" content=\"2025-04-29T19:06:47+00:00\" \/>\n<meta property=\"og:image\" content=\"https:\/\/www.nexoinformativo.mx\/wp-content\/uploads\/2025\/04\/IMG_2664.jpg\" \/>\n\t<meta property=\"og:image:width\" content=\"650\" \/>\n\t<meta property=\"og:image:height\" content=\"380\" \/>\n\t<meta property=\"og:image:type\" content=\"image\/jpeg\" \/>\n<meta name=\"author\" content=\"Nexo Informativo\" \/>\n<meta name=\"twitter:card\" content=\"summary_large_image\" \/>\n<meta name=\"twitter:label1\" content=\"Escrito por\" \/>\n\t<meta name=\"twitter:data1\" content=\"Nexo Informativo\" \/>\n\t<meta name=\"twitter:label2\" content=\"Tiempo de lectura\" \/>\n\t<meta name=\"twitter:data2\" content=\"2 minutos\" \/>\n<script type=\"application\/ld+json\" class=\"yoast-schema-graph\">{\"@context\":\"https:\/\/schema.org\",\"@graph\":[{\"@type\":\"Article\",\"@id\":\"https:\/\/www.nexoinformativo.mx\/index.php\/2025\/04\/29\/golpe-a-los-prejuicios-migrantes-mexicanos-impulsan-la-economia-de-eeuu-con-781-mil-millones\/#article\",\"isPartOf\":{\"@id\":\"https:\/\/www.nexoinformativo.mx\/index.php\/2025\/04\/29\/golpe-a-los-prejuicios-migrantes-mexicanos-impulsan-la-economia-de-eeuu-con-781-mil-millones\/\"},\"author\":{\"name\":\"Nexo Informativo\",\"@id\":\"https:\/\/www.nexoinformativo.mx\/#\/schema\/person\/7749d380ba08c8ca00d7bc76fd907b7d\"},\"headline\":\"Golpe a los prejuicios migrantes mexicanos impulsan la econom\u00eda de EEUU con $781 mil millones\",\"datePublished\":\"2025-04-29T13:00:10+00:00\",\"dateModified\":\"2025-04-29T19:06:47+00:00\",\"mainEntityOfPage\":{\"@id\":\"https:\/\/www.nexoinformativo.mx\/index.php\/2025\/04\/29\/golpe-a-los-prejuicios-migrantes-mexicanos-impulsan-la-economia-de-eeuu-con-781-mil-millones\/\"},\"wordCount\":366,\"commentCount\":0,\"publisher\":{\"@id\":\"https:\/\/www.nexoinformativo.mx\/#organization\"},\"image\":{\"@id\":\"https:\/\/www.nexoinformativo.mx\/index.php\/2025\/04\/29\/golpe-a-los-prejuicios-migrantes-mexicanos-impulsan-la-economia-de-eeuu-con-781-mil-millones\/#primaryimage\"},\"thumbnailUrl\":\"https:\/\/www.nexoinformativo.mx\/wp-content\/uploads\/2025\/04\/IMG_2664.jpg\",\"keywords\":[\"Econom\u00edaEUA\",\"MexicanosEnEEUU\",\"MigrantesContribuyen\",\"Sheinbaum\"],\"articleSection\":[\"Nacional\",\"\u00daltima Hora\"],\"inLanguage\":\"es\",\"potentialAction\":[{\"@type\":\"CommentAction\",\"name\":\"Comment\",\"target\":[\"https:\/\/www.nexoinformativo.mx\/index.php\/2025\/04\/29\/golpe-a-los-prejuicios-migrantes-mexicanos-impulsan-la-economia-de-eeuu-con-781-mil-millones\/#respond\"]}]},{\"@type\":\"WebPage\",\"@id\":\"https:\/\/www.nexoinformativo.mx\/index.php\/2025\/04\/29\/golpe-a-los-prejuicios-migrantes-mexicanos-impulsan-la-economia-de-eeuu-con-781-mil-millones\/\",\"url\":\"https:\/\/www.nexoinformativo.mx\/index.php\/2025\/04\/29\/golpe-a-los-prejuicios-migrantes-mexicanos-impulsan-la-economia-de-eeuu-con-781-mil-millones\/\",\"name\":\"Golpe a los prejuicios migrantes mexicanos impulsan la econom\u00eda de EEUU con $781 mil millones | Nexo Informativo Santiago de Quer\u00e9taro\",\"isPartOf\":{\"@id\":\"https:\/\/www.nexoinformativo.mx\/#website\"},\"primaryImageOfPage\":{\"@id\":\"https:\/\/www.nexoinformativo.mx\/index.php\/2025\/04\/29\/golpe-a-los-prejuicios-migrantes-mexicanos-impulsan-la-economia-de-eeuu-con-781-mil-millones\/#primaryimage\"},\"image\":{\"@id\":\"https:\/\/www.nexoinformativo.mx\/index.php\/2025\/04\/29\/golpe-a-los-prejuicios-migrantes-mexicanos-impulsan-la-economia-de-eeuu-con-781-mil-millones\/#primaryimage\"},\"thumbnailUrl\":\"https:\/\/www.nexoinformativo.mx\/wp-content\/uploads\/2025\/04\/IMG_2664.jpg\",\"datePublished\":\"2025-04-29T13:00:10+00:00\",\"dateModified\":\"2025-04-29T19:06:47+00:00\",\"description\":\"Golpe a los prejuicios migrantes mexicanos impulsan la econom\u00eda de EEUU con $781 mil millones\",\"breadcrumb\":{\"@id\":\"https:\/\/www.nexoinformativo.mx\/index.php\/2025\/04\/29\/golpe-a-los-prejuicios-migrantes-mexicanos-impulsan-la-economia-de-eeuu-con-781-mil-millones\/#breadcrumb\"},\"inLanguage\":\"es\",\"potentialAction\":[{\"@type\":\"ReadAction\",\"target\":[\"https:\/\/www.nexoinformativo.mx\/index.php\/2025\/04\/29\/golpe-a-los-prejuicios-migrantes-mexicanos-impulsan-la-economia-de-eeuu-con-781-mil-millones\/\"]}]},{\"@type\":\"ImageObject\",\"inLanguage\":\"es\",\"@id\":\"https:\/\/www.nexoinformativo.mx\/index.php\/2025\/04\/29\/golpe-a-los-prejuicios-migrantes-mexicanos-impulsan-la-economia-de-eeuu-con-781-mil-millones\/#primaryimage\",\"url\":\"https:\/\/www.nexoinformativo.mx\/wp-content\/uploads\/2025\/04\/IMG_2664.jpg\",\"contentUrl\":\"https:\/\/www.nexoinformativo.mx\/wp-content\/uploads\/2025\/04\/IMG_2664.jpg\",\"width\":650,\"height\":380,\"caption\":\"Cuauht\u00e9moc, Ciudad de M\u00e9xico. 28 de abril 2025. La presidenta constitucional de los Estados Unidos Mexicanos, la Doctora Claudia Sheinbaum Pardo en conferencia de prensa matutina en el sal\u00f3n de la Tesorer\u00eda de Palacio Nacional. Acompa\u00f1an a la presidenta: Ariadna Montiel, secretaria de Bienestar; Iv\u00e1n Escalante, Procurador Federal del Consumidor (Profeco); Ana Teresa Ram\u00edrez Vald\u00e9s, directora ejecutiva de Latino Donor Coolaborative y Diana Aurora Correa, subdirectora de Dise\u00f1o Digital y Medios Sociales en la Unidad de Memoria Hist\u00f3rica. Foto: Gabriel Monroy\/Presidencia\"},{\"@type\":\"BreadcrumbList\",\"@id\":\"https:\/\/www.nexoinformativo.mx\/index.php\/2025\/04\/29\/golpe-a-los-prejuicios-migrantes-mexicanos-impulsan-la-economia-de-eeuu-con-781-mil-millones\/#breadcrumb\",\"itemListElement\":[{\"@type\":\"ListItem\",\"position\":1,\"name\":\"Inicio\",\"item\":\"https:\/\/www.nexoinformativo.mx\/\"},{\"@type\":\"ListItem\",\"position\":2,\"name\":\"Golpe a los prejuicios migrantes mexicanos impulsan la econom\u00eda de EEUU con $781 mil millones\"}]},{\"@type\":\"WebSite\",\"@id\":\"https:\/\/www.nexoinformativo.mx\/#website\",\"url\":\"https:\/\/www.nexoinformativo.mx\/\",\"name\":\"Nexo Informativo Santiago de Quer\u00e9taro\",\"description\":\"Explora NexoInformativo y convi\u00e9rtete en parte de una comunidad que valora el conocimiento y la verdad. Tu nexoinformativo es tu puente hacia una comprensi\u00f3n m\u00e1s profunda del mundo que te rodea.\",\"publisher\":{\"@id\":\"https:\/\/www.nexoinformativo.mx\/#organization\"},\"potentialAction\":[{\"@type\":\"SearchAction\",\"target\":{\"@type\":\"EntryPoint\",\"urlTemplate\":\"https:\/\/www.nexoinformativo.mx\/?s={search_term_string}\"},\"query-input\":{\"@type\":\"PropertyValueSpecification\",\"valueRequired\":true,\"valueName\":\"search_term_string\"}}],\"inLanguage\":\"es\"},{\"@type\":\"Organization\",\"@id\":\"https:\/\/www.nexoinformativo.mx\/#organization\",\"name\":\"Nexo Informativo Santiago de Quer\u00e9taro\",\"url\":\"https:\/\/www.nexoinformativo.mx\/\",\"logo\":{\"@type\":\"ImageObject\",\"inLanguage\":\"es\",\"@id\":\"https:\/\/www.nexoinformativo.mx\/#\/schema\/logo\/image\/\",\"url\":\"https:\/\/www.nexoinformativo.mx\/wp-content\/uploads\/2024\/07\/nexoi-trasparente-2.png\",\"contentUrl\":\"https:\/\/www.nexoinformativo.mx\/wp-content\/uploads\/2024\/07\/nexoi-trasparente-2.png\",\"width\":816,\"height\":339,\"caption\":\"Nexo Informativo Santiago de Quer\u00e9taro\"},\"image\":{\"@id\":\"https:\/\/www.nexoinformativo.mx\/#\/schema\/logo\/image\/\"},\"sameAs\":[\"https:\/\/www.facebook.com\/people\/Nexo-Informativo\/61564066885511\/\"]},{\"@type\":\"Person\",\"@id\":\"https:\/\/www.nexoinformativo.mx\/#\/schema\/person\/7749d380ba08c8ca00d7bc76fd907b7d\",\"name\":\"Nexo Informativo\",\"image\":{\"@type\":\"ImageObject\",\"inLanguage\":\"es\",\"@id\":\"https:\/\/www.nexoinformativo.mx\/#\/schema\/person\/image\/\",\"url\":\"https:\/\/secure.gravatar.com\/avatar\/dde2928154642a13d95f87ddf1ea9718fe2b46760a005c53e41ff5ad610704e6?s=96&d=mm&r=g\",\"contentUrl\":\"https:\/\/secure.gravatar.com\/avatar\/dde2928154642a13d95f87ddf1ea9718fe2b46760a005c53e41ff5ad610704e6?s=96&d=mm&r=g\",\"caption\":\"Nexo Informativo\"},\"url\":\"https:\/\/www.nexoinformativo.mx\/index.php\/author\/edicion\/\"}]}<\/script>\n<!-- \/ Yoast SEO plugin. -->","yoast_head_json":{"title":"Golpe a los prejuicios migrantes mexicanos impulsan la econom\u00eda de EEUU con $781 mil millones | Nexo Informativo Santiago de Quer\u00e9taro","description":"Golpe a los prejuicios migrantes mexicanos impulsan la econom\u00eda de EEUU con $781 mil millones","robots":{"index":"index","follow":"follow","max-snippet":"max-snippet:-1","max-image-preview":"max-image-preview:large","max-video-preview":"max-video-preview:-1"},"canonical":"https:\/\/www.nexoinformativo.mx\/index.php\/2025\/04\/29\/golpe-a-los-prejuicios-migrantes-mexicanos-impulsan-la-economia-de-eeuu-con-781-mil-millones\/","og_locale":"es_MX","og_type":"article","og_title":"Golpe a los prejuicios migrantes mexicanos impulsan la econom\u00eda de EEUU con $781 mil millones | Nexo Informativo Santiago de Quer\u00e9taro","og_description":"Golpe a los prejuicios migrantes mexicanos impulsan la econom\u00eda de EEUU con $781 mil millones","og_url":"https:\/\/www.nexoinformativo.mx\/index.php\/2025\/04\/29\/golpe-a-los-prejuicios-migrantes-mexicanos-impulsan-la-economia-de-eeuu-con-781-mil-millones\/","og_site_name":"Nexo Informativo Santiago de Quer\u00e9taro","article_publisher":"https:\/\/www.facebook.com\/people\/Nexo-Informativo\/61564066885511\/","article_published_time":"2025-04-29T13:00:10+00:00","article_modified_time":"2025-04-29T19:06:47+00:00","og_image":[{"width":650,"height":380,"url":"https:\/\/www.nexoinformativo.mx\/wp-content\/uploads\/2025\/04\/IMG_2664.jpg","type":"image\/jpeg"}],"author":"Nexo Informativo","twitter_card":"summary_large_image","twitter_misc":{"Escrito por":"Nexo Informativo","Tiempo de lectura":"2 minutos"},"schema":{"@context":"https:\/\/schema.org","@graph":[{"@type":"Article","@id":"https:\/\/www.nexoinformativo.mx\/index.php\/2025\/04\/29\/golpe-a-los-prejuicios-migrantes-mexicanos-impulsan-la-economia-de-eeuu-con-781-mil-millones\/#article","isPartOf":{"@id":"https:\/\/www.nexoinformativo.mx\/index.php\/2025\/04\/29\/golpe-a-los-prejuicios-migrantes-mexicanos-impulsan-la-economia-de-eeuu-con-781-mil-millones\/"},"author":{"name":"Nexo Informativo","@id":"https:\/\/www.nexoinformativo.mx\/#\/schema\/person\/7749d380ba08c8ca00d7bc76fd907b7d"},"headline":"Golpe a los prejuicios migrantes mexicanos impulsan la econom\u00eda de EEUU con $781 mil millones","datePublished":"2025-04-29T13:00:10+00:00","dateModified":"2025-04-29T19:06:47+00:00","mainEntityOfPage":{"@id":"https:\/\/www.nexoinformativo.mx\/index.php\/2025\/04\/29\/golpe-a-los-prejuicios-migrantes-mexicanos-impulsan-la-economia-de-eeuu-con-781-mil-millones\/"},"wordCount":366,"commentCount":0,"publisher":{"@id":"https:\/\/www.nexoinformativo.mx\/#organization"},"image":{"@id":"https:\/\/www.nexoinformativo.mx\/index.php\/2025\/04\/29\/golpe-a-los-prejuicios-migrantes-mexicanos-impulsan-la-economia-de-eeuu-con-781-mil-millones\/#primaryimage"},"thumbnailUrl":"https:\/\/www.nexoinformativo.mx\/wp-content\/uploads\/2025\/04\/IMG_2664.jpg","keywords":["Econom\u00edaEUA","MexicanosEnEEUU","MigrantesContribuyen","Sheinbaum"],"articleSection":["Nacional","\u00daltima Hora"],"inLanguage":"es","potentialAction":[{"@type":"CommentAction","name":"Comment","target":["https:\/\/www.nexoinformativo.mx\/index.php\/2025\/04\/29\/golpe-a-los-prejuicios-migrantes-mexicanos-impulsan-la-economia-de-eeuu-con-781-mil-millones\/#respond"]}]},{"@type":"WebPage","@id":"https:\/\/www.nexoinformativo.mx\/index.php\/2025\/04\/29\/golpe-a-los-prejuicios-migrantes-mexicanos-impulsan-la-economia-de-eeuu-con-781-mil-millones\/","url":"https:\/\/www.nexoinformativo.mx\/index.php\/2025\/04\/29\/golpe-a-los-prejuicios-migrantes-mexicanos-impulsan-la-economia-de-eeuu-con-781-mil-millones\/","name":"Golpe a los prejuicios migrantes mexicanos impulsan la econom\u00eda de EEUU con $781 mil millones | Nexo Informativo Santiago de Quer\u00e9taro","isPartOf":{"@id":"https:\/\/www.nexoinformativo.mx\/#website"},"primaryImageOfPage":{"@id":"https:\/\/www.nexoinformativo.mx\/index.php\/2025\/04\/29\/golpe-a-los-prejuicios-migrantes-mexicanos-impulsan-la-economia-de-eeuu-con-781-mil-millones\/#primaryimage"},"image":{"@id":"https:\/\/www.nexoinformativo.mx\/index.php\/2025\/04\/29\/golpe-a-los-prejuicios-migrantes-mexicanos-impulsan-la-economia-de-eeuu-con-781-mil-millones\/#primaryimage"},"thumbnailUrl":"https:\/\/www.nexoinformativo.mx\/wp-content\/uploads\/2025\/04\/IMG_2664.jpg","datePublished":"2025-04-29T13:00:10+00:00","dateModified":"2025-04-29T19:06:47+00:00","description":"Golpe a los prejuicios migrantes mexicanos impulsan la econom\u00eda de EEUU con $781 mil millones","breadcrumb":{"@id":"https:\/\/www.nexoinformativo.mx\/index.php\/2025\/04\/29\/golpe-a-los-prejuicios-migrantes-mexicanos-impulsan-la-economia-de-eeuu-con-781-mil-millones\/#breadcrumb"},"inLanguage":"es","potentialAction":[{"@type":"ReadAction","target":["https:\/\/www.nexoinformativo.mx\/index.php\/2025\/04\/29\/golpe-a-los-prejuicios-migrantes-mexicanos-impulsan-la-economia-de-eeuu-con-781-mil-millones\/"]}]},{"@type":"ImageObject","inLanguage":"es","@id":"https:\/\/www.nexoinformativo.mx\/index.php\/2025\/04\/29\/golpe-a-los-prejuicios-migrantes-mexicanos-impulsan-la-economia-de-eeuu-con-781-mil-millones\/#primaryimage","url":"https:\/\/www.nexoinformativo.mx\/wp-content\/uploads\/2025\/04\/IMG_2664.jpg","contentUrl":"https:\/\/www.nexoinformativo.mx\/wp-content\/uploads\/2025\/04\/IMG_2664.jpg","width":650,"height":380,"caption":"Cuauht\u00e9moc, Ciudad de M\u00e9xico. 28 de abril 2025. La presidenta constitucional de los Estados Unidos Mexicanos, la Doctora Claudia Sheinbaum Pardo en conferencia de prensa matutina en el sal\u00f3n de la Tesorer\u00eda de Palacio Nacional. Acompa\u00f1an a la presidenta: Ariadna Montiel, secretaria de Bienestar; Iv\u00e1n Escalante, Procurador Federal del Consumidor (Profeco); Ana Teresa Ram\u00edrez Vald\u00e9s, directora ejecutiva de Latino Donor Coolaborative y Diana Aurora Correa, subdirectora de Dise\u00f1o Digital y Medios Sociales en la Unidad de Memoria Hist\u00f3rica. Foto: Gabriel Monroy\/Presidencia"},{"@type":"BreadcrumbList","@id":"https:\/\/www.nexoinformativo.mx\/index.php\/2025\/04\/29\/golpe-a-los-prejuicios-migrantes-mexicanos-impulsan-la-economia-de-eeuu-con-781-mil-millones\/#breadcrumb","itemListElement":[{"@type":"ListItem","position":1,"name":"Inicio","item":"https:\/\/www.nexoinformativo.mx\/"},{"@type":"ListItem","position":2,"name":"Golpe a los prejuicios migrantes mexicanos impulsan la econom\u00eda de EEUU con $781 mil millones"}]},{"@type":"WebSite","@id":"https:\/\/www.nexoinformativo.mx\/#website","url":"https:\/\/www.nexoinformativo.mx\/","name":"Nexo Informativo Santiago de Quer\u00e9taro","description":"Explora NexoInformativo y convi\u00e9rtete en parte de una comunidad que valora el conocimiento y la verdad. Tu nexoinformativo es tu puente hacia una comprensi\u00f3n m\u00e1s profunda del mundo que te rodea.","publisher":{"@id":"https:\/\/www.nexoinformativo.mx\/#organization"},"potentialAction":[{"@type":"SearchAction","target":{"@type":"EntryPoint","urlTemplate":"https:\/\/www.nexoinformativo.mx\/?s={search_term_string}"},"query-input":{"@type":"PropertyValueSpecification","valueRequired":true,"valueName":"search_term_string"}}],"inLanguage":"es"},{"@type":"Organization","@id":"https:\/\/www.nexoinformativo.mx\/#organization","name":"Nexo Informativo Santiago de Quer\u00e9taro","url":"https:\/\/www.nexoinformativo.mx\/","logo":{"@type":"ImageObject","inLanguage":"es","@id":"https:\/\/www.nexoinformativo.mx\/#\/schema\/logo\/image\/","url":"https:\/\/www.nexoinformativo.mx\/wp-content\/uploads\/2024\/07\/nexoi-trasparente-2.png","contentUrl":"https:\/\/www.nexoinformativo.mx\/wp-content\/uploads\/2024\/07\/nexoi-trasparente-2.png","width":816,"height":339,"caption":"Nexo Informativo Santiago de Quer\u00e9taro"},"image":{"@id":"https:\/\/www.nexoinformativo.mx\/#\/schema\/logo\/image\/"},"sameAs":["https:\/\/www.facebook.com\/people\/Nexo-Informativo\/61564066885511\/"]},{"@type":"Person","@id":"https:\/\/www.nexoinformativo.mx\/#\/schema\/person\/7749d380ba08c8ca00d7bc76fd907b7d","name":"Nexo Informativo","image":{"@type":"ImageObject","inLanguage":"es","@id":"https:\/\/www.nexoinformativo.mx\/#\/schema\/person\/image\/","url":"https:\/\/secure.gravatar.com\/avatar\/dde2928154642a13d95f87ddf1ea9718fe2b46760a005c53e41ff5ad610704e6?s=96&d=mm&r=g","contentUrl":"https:\/\/secure.gravatar.com\/avatar\/dde2928154642a13d95f87ddf1ea9718fe2b46760a005c53e41ff5ad610704e6?s=96&d=mm&r=g","caption":"Nexo Informativo"},"url":"https:\/\/www.nexoinformativo.mx\/index.php\/author\/edicion\/"}]}},"_links":{"self":[{"href":"https:\/\/www.nexoinformativo.mx\/index.php\/wp-json\/wp\/v2\/posts\/14577","targetHints":{"allow":["GET"]}}],"collection":[{"href":"https:\/\/www.nexoinformativo.mx\/index.php\/wp-json\/wp\/v2\/posts"}],"about":[{"href":"https:\/\/www.nexoinformativo.mx\/index.php\/wp-json\/wp\/v2\/types\/post"}],"author":[{"embeddable":true,"href":"https:\/\/www.nexoinformativo.mx\/index.php\/wp-json\/wp\/v2\/users\/3"}],"replies":[{"embeddable":true,"href":"https:\/\/www.nexoinformativo.mx\/index.php\/wp-json\/wp\/v2\/comments?post=14577"}],"version-history":[{"count":3,"href":"https:\/\/www.nexoinformativo.mx\/index.php\/wp-json\/wp\/v2\/posts\/14577\/revisions"}],"predecessor-version":[{"id":14580,"href":"https:\/\/www.nexoinformativo.mx\/index.php\/wp-json\/wp\/v2\/posts\/14577\/revisions\/14580"}],"wp:featuredmedia":[{"embeddable":true,"href":"https:\/\/www.nexoinformativo.mx\/index.php\/wp-json\/wp\/v2\/media\/14578"}],"wp:attachment":[{"href":"https:\/\/www.nexoinformativo.mx\/index.php\/wp-json\/wp\/v2\/media?parent=14577"}],"wp:term":[{"taxonomy":"category","embeddable":true,"href":"https:\/\/www.nexoinformativo.mx\/index.php\/wp-json\/wp\/v2\/categories?post=14577"},{"taxonomy":"post_tag","embeddable":true,"href":"https:\/\/www.nexoinformativo.mx\/index.php\/wp-json\/wp\/v2\/tags?post=14577"}],"curies":[{"name":"wp","href":"https:\/\/api.w.org\/{rel}","templated":true}]}}