{"id":14582,"date":"2025-04-29T08:00:35","date_gmt":"2025-04-29T14:00:35","guid":{"rendered":"https:\/\/www.nexoinformativo.mx\/?p=14582"},"modified":"2025-04-29T14:28:46","modified_gmt":"2025-04-29T20:28:46","slug":"veda-total-en-mayo-conoce-las-especies-marinas-y-de-agua-dulce-protegidas-en-mexico","status":"publish","type":"post","link":"https:\/\/www.nexoinformativo.mx\/index.php\/2025\/04\/29\/veda-total-en-mayo-conoce-las-especies-marinas-y-de-agua-dulce-protegidas-en-mexico\/","title":{"rendered":"Veda total en Mayo conoce las especies marinas y de agua dulce protegidas en M\u00e9xico"},"content":{"rendered":"<p style=\"text-align: justify;\" data-sourcepos=\"3:1-3:396\">La Secretar\u00eda de Agricultura y Desarrollo Rural (AGRICULTURA), a trav\u00e9s de la Conapesca, anuncia el inicio de vedas y periodos de aprovechamiento de diversas especies acu\u00e1ticas en todo el pa\u00eds durante el mes de mayo. Estas medidas buscan proteger los ciclos reproductivos y asegurar la sostenibilidad de la pesca en M\u00e9xico.<\/p>\n<p>&nbsp;<\/p>\n<p style=\"text-align: justify;\" data-sourcepos=\"5:1-5:206\">Con base en la opini\u00f3n t\u00e9cnica del Instituto Mexicano de Investigaci\u00f3n en Pesca y Acuacultura Sustentables (IMIPAS), a partir de las 00:00 horas del 1 de mayo entrar\u00e1n en vigor las siguientes vedas:<\/p>\n<p>&nbsp;<\/p>\n<p style=\"text-align: justify;\">Curvina golfina: Prohibida su captura en el Alto Golfo de California hasta el 31 de agosto.<\/p>\n<p>&nbsp;<\/p>\n<p style=\"text-align: justify;\">Jaiba (varias especies): Veda en litorales de Sonora y Sinaloa; machos hasta el 30 de junio, hembras hasta el 9 de julio.<\/p>\n<p>&nbsp;<\/p>\n<p style=\"text-align: justify;\">Tiburones y rayas: Veda comercial en el Oc\u00e9ano Pac\u00edfico hasta el 31 de julio, reiterando la veda permanente de especies en riesgo como el tibur\u00f3n ballena y la mantarraya gigante.<\/p>\n<p>&nbsp;<\/p>\n<p style=\"text-align: justify;\">Caracol (varias especies): Prohibida la extracci\u00f3n en Quintana Roo hasta el 31 de octubre, con una veda espec\u00edfica para el caracol rosa hasta el 30 de noviembre en ciertas zonas.<\/p>\n<p>&nbsp;<\/p>\n<p style=\"text-align: justify;\">Tiburones: Veda en Tamaulipas, Veracruz y Quintana Roo hasta el 30 de junio; en Tabasco, Campeche y Yucat\u00e1n del 15 de mayo al 15 de junio.<\/p>\n<p>&nbsp;<\/p>\n<p style=\"text-align: justify;\">Bagre: Prohibida su captura en el Lago de Chapala hasta el 31 de agosto.<\/p>\n<p>&nbsp;<\/p>\n<p style=\"text-align: justify;\">Tilapia: Veda en la Presa &#8220;El Infiernillo&#8221; (Michoac\u00e1n y Guerrero) y la Laguna de Amela (Colima) hasta el 31 de julio.<\/p>\n<p>&nbsp;<\/p>\n<p style=\"text-align: justify;\">Peces (todas las especies): Prohibida su captura en la presa Melchor Ocampo (Michoac\u00e1n) hasta el 31 de julio.<\/p>\n<p>&nbsp;<\/p>\n<p style=\"text-align: justify;\">Liseta: Prohibida su extracci\u00f3n en litorales de Colima, Michoac\u00e1n, Guerrero, Oaxaca y Chiapas del 15 de mayo al 15 de julio.<\/p>\n<p>&nbsp;<\/p>\n<p style=\"text-align: justify;\">Robalo blanco y prieto: Veda desde Barra de Soto la Marina (Tamaulipas) hasta Barra de Chachalacas (Veracruz) del 15 de mayo al 30 de junio.<\/p>\n<p>&nbsp;<\/p>\n<p style=\"text-align: justify;\">Langosta azul, verde y roja: Prohibida su captura en la Zona III del Golfo de California del 31 de mayo al 1 de noviembre.<\/p>\n<p>&nbsp;<\/p>\n<p style=\"text-align: justify;\" data-sourcepos=\"19:1-19:94\">Por otro lado, AGRICULTURA tambi\u00e9n informa sobre el inicio de periodos de aprovechamiento:<\/p>\n<p data-sourcepos=\"19:1-19:94\">\n<p data-sourcepos=\"19:1-19:94\">\n<p data-sourcepos=\"19:1-19:94\">\n<p style=\"text-align: justify;\" data-sourcepos=\"19:1-19:94\">Almeja generosa: Permitida su extracci\u00f3n en Bah\u00eda Magdalena, Baja California Sur, desde el 1 de mayo hasta el 9 de febrero de 2026.<\/p>\n<p>&nbsp;<\/p>\n<p style=\"text-align: justify;\">Charal: Permitida su captura en el Lago de Chapala desde el 1 de mayo hasta el 28 de febrero de 2026.<\/p>\n<p>&nbsp;<\/p>\n<p style=\"text-align: justify;\" data-sourcepos=\"24:1-24:206\">La Conapesca reafirma su compromiso con la pesca sostenible y continuar\u00e1 combatiendo la pesca ilegal para proteger los recursos acu\u00e1ticos, esenciales para la econom\u00eda de miles de familias mexicanas.<\/p>\n<p>&nbsp;<\/p>\n<p style=\"text-align: center;\" data-sourcepos=\"24:1-24:206\"><em><strong>Informaci\u00f3n que transforma<\/strong><\/em><\/p>\n","protected":false},"excerpt":{"rendered":"<p>La Secretar\u00eda de Agricultura y Desarrollo Rural (AGRICULTURA), a trav\u00e9s de la Conapesca, anuncia el inicio de vedas y periodos de aprovechamiento de diversas especies acu\u00e1ticas en todo el pa\u00eds durante el mes de mayo. Estas medidas buscan proteger los ciclos reproductivos y asegurar la sostenibilidad de la pesca en M\u00e9xico.<\/p>\n","protected":false},"author":3,"featured_media":14583,"comment_status":"open","ping_status":"open","sticky":false,"template":"","format":"standard","meta":{"footnotes":""},"categories":[88,58],"tags":[2259,4321,3835,3953],"class_list":["post-14582","post","type-post","status-publish","format-standard","has-post-thumbnail","hentry","category-nacional","category-ultima-hora","tag-conapesca","tag-especiesacuaticas","tag-pescasustentable","tag-vedaspesca"],"yoast_head":"<!-- This site is optimized with the Yoast SEO plugin v25.0 - https:\/\/yoast.com\/wordpress\/plugins\/seo\/ -->\n<title>Veda total en Mayo conoce las especies marinas y de agua dulce protegidas en M\u00e9xico | Nexo Informativo Santiago de Quer\u00e9taro<\/title>\n<meta name=\"description\" content=\"Veda total en Mayo conoce las especies marinas y de agua dulce protegidas en M\u00e9xico\" \/>\n<meta name=\"robots\" content=\"index, follow, max-snippet:-1, max-image-preview:large, max-video-preview:-1\" \/>\n<link rel=\"canonical\" href=\"https:\/\/www.nexoinformativo.mx\/index.php\/2025\/04\/29\/veda-total-en-mayo-conoce-las-especies-marinas-y-de-agua-dulce-protegidas-en-mexico\/\" \/>\n<meta property=\"og:locale\" content=\"es_MX\" \/>\n<meta property=\"og:type\" content=\"article\" \/>\n<meta property=\"og:title\" content=\"Veda total en Mayo conoce las especies marinas y de agua dulce protegidas en M\u00e9xico | Nexo Informativo Santiago de Quer\u00e9taro\" \/>\n<meta property=\"og:description\" content=\"Veda total en Mayo conoce las especies marinas y de agua dulce protegidas en M\u00e9xico\" \/>\n<meta property=\"og:url\" content=\"https:\/\/www.nexoinformativo.mx\/index.php\/2025\/04\/29\/veda-total-en-mayo-conoce-las-especies-marinas-y-de-agua-dulce-protegidas-en-mexico\/\" \/>\n<meta property=\"og:site_name\" content=\"Nexo Informativo Santiago de Quer\u00e9taro\" \/>\n<meta property=\"article:publisher\" content=\"https:\/\/www.facebook.com\/people\/Nexo-Informativo\/61564066885511\/\" \/>\n<meta property=\"article:published_time\" content=\"2025-04-29T14:00:35+00:00\" \/>\n<meta property=\"article:modified_time\" content=\"2025-04-29T20:28:46+00:00\" \/>\n<meta property=\"og:image\" content=\"https:\/\/www.nexoinformativo.mx\/wp-content\/uploads\/2025\/04\/IMG_2665.jpg\" \/>\n\t<meta property=\"og:image:width\" content=\"650\" \/>\n\t<meta property=\"og:image:height\" content=\"380\" \/>\n\t<meta property=\"og:image:type\" content=\"image\/jpeg\" \/>\n<meta name=\"author\" content=\"Nexo Informativo\" \/>\n<meta name=\"twitter:card\" content=\"summary_large_image\" \/>\n<meta name=\"twitter:label1\" content=\"Escrito por\" \/>\n\t<meta name=\"twitter:data1\" content=\"Nexo Informativo\" \/>\n\t<meta name=\"twitter:label2\" content=\"Tiempo de lectura\" \/>\n\t<meta name=\"twitter:data2\" content=\"3 minutos\" \/>\n<script type=\"application\/ld+json\" class=\"yoast-schema-graph\">{\"@context\":\"https:\/\/schema.org\",\"@graph\":[{\"@type\":\"Article\",\"@id\":\"https:\/\/www.nexoinformativo.mx\/index.php\/2025\/04\/29\/veda-total-en-mayo-conoce-las-especies-marinas-y-de-agua-dulce-protegidas-en-mexico\/#article\",\"isPartOf\":{\"@id\":\"https:\/\/www.nexoinformativo.mx\/index.php\/2025\/04\/29\/veda-total-en-mayo-conoce-las-especies-marinas-y-de-agua-dulce-protegidas-en-mexico\/\"},\"author\":{\"name\":\"Nexo Informativo\",\"@id\":\"https:\/\/www.nexoinformativo.mx\/#\/schema\/person\/7749d380ba08c8ca00d7bc76fd907b7d\"},\"headline\":\"Veda total en Mayo conoce las especies marinas y de agua dulce protegidas en M\u00e9xico\",\"datePublished\":\"2025-04-29T14:00:35+00:00\",\"dateModified\":\"2025-04-29T20:28:46+00:00\",\"mainEntityOfPage\":{\"@id\":\"https:\/\/www.nexoinformativo.mx\/index.php\/2025\/04\/29\/veda-total-en-mayo-conoce-las-especies-marinas-y-de-agua-dulce-protegidas-en-mexico\/\"},\"wordCount\":451,\"commentCount\":0,\"publisher\":{\"@id\":\"https:\/\/www.nexoinformativo.mx\/#organization\"},\"image\":{\"@id\":\"https:\/\/www.nexoinformativo.mx\/index.php\/2025\/04\/29\/veda-total-en-mayo-conoce-las-especies-marinas-y-de-agua-dulce-protegidas-en-mexico\/#primaryimage\"},\"thumbnailUrl\":\"https:\/\/www.nexoinformativo.mx\/wp-content\/uploads\/2025\/04\/IMG_2665.jpg\",\"keywords\":[\"Conapesca\",\"EspeciesAcu\u00e1ticas\",\"PescaSustentable\",\"VedasPesca\"],\"articleSection\":[\"Nacional\",\"\u00daltima Hora\"],\"inLanguage\":\"es\",\"potentialAction\":[{\"@type\":\"CommentAction\",\"name\":\"Comment\",\"target\":[\"https:\/\/www.nexoinformativo.mx\/index.php\/2025\/04\/29\/veda-total-en-mayo-conoce-las-especies-marinas-y-de-agua-dulce-protegidas-en-mexico\/#respond\"]}]},{\"@type\":\"WebPage\",\"@id\":\"https:\/\/www.nexoinformativo.mx\/index.php\/2025\/04\/29\/veda-total-en-mayo-conoce-las-especies-marinas-y-de-agua-dulce-protegidas-en-mexico\/\",\"url\":\"https:\/\/www.nexoinformativo.mx\/index.php\/2025\/04\/29\/veda-total-en-mayo-conoce-las-especies-marinas-y-de-agua-dulce-protegidas-en-mexico\/\",\"name\":\"Veda total en Mayo conoce las especies marinas y de agua dulce protegidas en M\u00e9xico | Nexo Informativo Santiago de Quer\u00e9taro\",\"isPartOf\":{\"@id\":\"https:\/\/www.nexoinformativo.mx\/#website\"},\"primaryImageOfPage\":{\"@id\":\"https:\/\/www.nexoinformativo.mx\/index.php\/2025\/04\/29\/veda-total-en-mayo-conoce-las-especies-marinas-y-de-agua-dulce-protegidas-en-mexico\/#primaryimage\"},\"image\":{\"@id\":\"https:\/\/www.nexoinformativo.mx\/index.php\/2025\/04\/29\/veda-total-en-mayo-conoce-las-especies-marinas-y-de-agua-dulce-protegidas-en-mexico\/#primaryimage\"},\"thumbnailUrl\":\"https:\/\/www.nexoinformativo.mx\/wp-content\/uploads\/2025\/04\/IMG_2665.jpg\",\"datePublished\":\"2025-04-29T14:00:35+00:00\",\"dateModified\":\"2025-04-29T20:28:46+00:00\",\"description\":\"Veda total en Mayo conoce las especies marinas y de agua dulce protegidas en M\u00e9xico\",\"breadcrumb\":{\"@id\":\"https:\/\/www.nexoinformativo.mx\/index.php\/2025\/04\/29\/veda-total-en-mayo-conoce-las-especies-marinas-y-de-agua-dulce-protegidas-en-mexico\/#breadcrumb\"},\"inLanguage\":\"es\",\"potentialAction\":[{\"@type\":\"ReadAction\",\"target\":[\"https:\/\/www.nexoinformativo.mx\/index.php\/2025\/04\/29\/veda-total-en-mayo-conoce-las-especies-marinas-y-de-agua-dulce-protegidas-en-mexico\/\"]}]},{\"@type\":\"ImageObject\",\"inLanguage\":\"es\",\"@id\":\"https:\/\/www.nexoinformativo.mx\/index.php\/2025\/04\/29\/veda-total-en-mayo-conoce-las-especies-marinas-y-de-agua-dulce-protegidas-en-mexico\/#primaryimage\",\"url\":\"https:\/\/www.nexoinformativo.mx\/wp-content\/uploads\/2025\/04\/IMG_2665.jpg\",\"contentUrl\":\"https:\/\/www.nexoinformativo.mx\/wp-content\/uploads\/2025\/04\/IMG_2665.jpg\",\"width\":650,\"height\":380},{\"@type\":\"BreadcrumbList\",\"@id\":\"https:\/\/www.nexoinformativo.mx\/index.php\/2025\/04\/29\/veda-total-en-mayo-conoce-las-especies-marinas-y-de-agua-dulce-protegidas-en-mexico\/#breadcrumb\",\"itemListElement\":[{\"@type\":\"ListItem\",\"position\":1,\"name\":\"Inicio\",\"item\":\"https:\/\/www.nexoinformativo.mx\/\"},{\"@type\":\"ListItem\",\"position\":2,\"name\":\"Veda total en Mayo conoce las especies marinas y de agua dulce protegidas en M\u00e9xico\"}]},{\"@type\":\"WebSite\",\"@id\":\"https:\/\/www.nexoinformativo.mx\/#website\",\"url\":\"https:\/\/www.nexoinformativo.mx\/\",\"name\":\"Nexo Informativo Santiago de Quer\u00e9taro\",\"description\":\"Explora NexoInformativo y convi\u00e9rtete en parte de una comunidad que valora el conocimiento y la verdad. Tu nexoinformativo es tu puente hacia una comprensi\u00f3n m\u00e1s profunda del mundo que te rodea.\",\"publisher\":{\"@id\":\"https:\/\/www.nexoinformativo.mx\/#organization\"},\"potentialAction\":[{\"@type\":\"SearchAction\",\"target\":{\"@type\":\"EntryPoint\",\"urlTemplate\":\"https:\/\/www.nexoinformativo.mx\/?s={search_term_string}\"},\"query-input\":{\"@type\":\"PropertyValueSpecification\",\"valueRequired\":true,\"valueName\":\"search_term_string\"}}],\"inLanguage\":\"es\"},{\"@type\":\"Organization\",\"@id\":\"https:\/\/www.nexoinformativo.mx\/#organization\",\"name\":\"Nexo Informativo Santiago de Quer\u00e9taro\",\"url\":\"https:\/\/www.nexoinformativo.mx\/\",\"logo\":{\"@type\":\"ImageObject\",\"inLanguage\":\"es\",\"@id\":\"https:\/\/www.nexoinformativo.mx\/#\/schema\/logo\/image\/\",\"url\":\"https:\/\/www.nexoinformativo.mx\/wp-content\/uploads\/2024\/07\/nexoi-trasparente-2.png\",\"contentUrl\":\"https:\/\/www.nexoinformativo.mx\/wp-content\/uploads\/2024\/07\/nexoi-trasparente-2.png\",\"width\":816,\"height\":339,\"caption\":\"Nexo Informativo Santiago de Quer\u00e9taro\"},\"image\":{\"@id\":\"https:\/\/www.nexoinformativo.mx\/#\/schema\/logo\/image\/\"},\"sameAs\":[\"https:\/\/www.facebook.com\/people\/Nexo-Informativo\/61564066885511\/\"]},{\"@type\":\"Person\",\"@id\":\"https:\/\/www.nexoinformativo.mx\/#\/schema\/person\/7749d380ba08c8ca00d7bc76fd907b7d\",\"name\":\"Nexo Informativo\",\"image\":{\"@type\":\"ImageObject\",\"inLanguage\":\"es\",\"@id\":\"https:\/\/www.nexoinformativo.mx\/#\/schema\/person\/image\/\",\"url\":\"https:\/\/secure.gravatar.com\/avatar\/dde2928154642a13d95f87ddf1ea9718fe2b46760a005c53e41ff5ad610704e6?s=96&d=mm&r=g\",\"contentUrl\":\"https:\/\/secure.gravatar.com\/avatar\/dde2928154642a13d95f87ddf1ea9718fe2b46760a005c53e41ff5ad610704e6?s=96&d=mm&r=g\",\"caption\":\"Nexo Informativo\"},\"url\":\"https:\/\/www.nexoinformativo.mx\/index.php\/author\/edicion\/\"}]}<\/script>\n<!-- \/ Yoast SEO plugin. -->","yoast_head_json":{"title":"Veda total en Mayo conoce las especies marinas y de agua dulce protegidas en M\u00e9xico | Nexo Informativo Santiago de Quer\u00e9taro","description":"Veda total en Mayo conoce las especies marinas y de agua dulce protegidas en M\u00e9xico","robots":{"index":"index","follow":"follow","max-snippet":"max-snippet:-1","max-image-preview":"max-image-preview:large","max-video-preview":"max-video-preview:-1"},"canonical":"https:\/\/www.nexoinformativo.mx\/index.php\/2025\/04\/29\/veda-total-en-mayo-conoce-las-especies-marinas-y-de-agua-dulce-protegidas-en-mexico\/","og_locale":"es_MX","og_type":"article","og_title":"Veda total en Mayo conoce las especies marinas y de agua dulce protegidas en M\u00e9xico | Nexo Informativo Santiago de Quer\u00e9taro","og_description":"Veda total en Mayo conoce las especies marinas y de agua dulce protegidas en M\u00e9xico","og_url":"https:\/\/www.nexoinformativo.mx\/index.php\/2025\/04\/29\/veda-total-en-mayo-conoce-las-especies-marinas-y-de-agua-dulce-protegidas-en-mexico\/","og_site_name":"Nexo Informativo Santiago de Quer\u00e9taro","article_publisher":"https:\/\/www.facebook.com\/people\/Nexo-Informativo\/61564066885511\/","article_published_time":"2025-04-29T14:00:35+00:00","article_modified_time":"2025-04-29T20:28:46+00:00","og_image":[{"width":650,"height":380,"url":"https:\/\/www.nexoinformativo.mx\/wp-content\/uploads\/2025\/04\/IMG_2665.jpg","type":"image\/jpeg"}],"author":"Nexo Informativo","twitter_card":"summary_large_image","twitter_misc":{"Escrito por":"Nexo Informativo","Tiempo de lectura":"3 minutos"},"schema":{"@context":"https:\/\/schema.org","@graph":[{"@type":"Article","@id":"https:\/\/www.nexoinformativo.mx\/index.php\/2025\/04\/29\/veda-total-en-mayo-conoce-las-especies-marinas-y-de-agua-dulce-protegidas-en-mexico\/#article","isPartOf":{"@id":"https:\/\/www.nexoinformativo.mx\/index.php\/2025\/04\/29\/veda-total-en-mayo-conoce-las-especies-marinas-y-de-agua-dulce-protegidas-en-mexico\/"},"author":{"name":"Nexo Informativo","@id":"https:\/\/www.nexoinformativo.mx\/#\/schema\/person\/7749d380ba08c8ca00d7bc76fd907b7d"},"headline":"Veda total en Mayo conoce las especies marinas y de agua dulce protegidas en M\u00e9xico","datePublished":"2025-04-29T14:00:35+00:00","dateModified":"2025-04-29T20:28:46+00:00","mainEntityOfPage":{"@id":"https:\/\/www.nexoinformativo.mx\/index.php\/2025\/04\/29\/veda-total-en-mayo-conoce-las-especies-marinas-y-de-agua-dulce-protegidas-en-mexico\/"},"wordCount":451,"commentCount":0,"publisher":{"@id":"https:\/\/www.nexoinformativo.mx\/#organization"},"image":{"@id":"https:\/\/www.nexoinformativo.mx\/index.php\/2025\/04\/29\/veda-total-en-mayo-conoce-las-especies-marinas-y-de-agua-dulce-protegidas-en-mexico\/#primaryimage"},"thumbnailUrl":"https:\/\/www.nexoinformativo.mx\/wp-content\/uploads\/2025\/04\/IMG_2665.jpg","keywords":["Conapesca","EspeciesAcu\u00e1ticas","PescaSustentable","VedasPesca"],"articleSection":["Nacional","\u00daltima Hora"],"inLanguage":"es","potentialAction":[{"@type":"CommentAction","name":"Comment","target":["https:\/\/www.nexoinformativo.mx\/index.php\/2025\/04\/29\/veda-total-en-mayo-conoce-las-especies-marinas-y-de-agua-dulce-protegidas-en-mexico\/#respond"]}]},{"@type":"WebPage","@id":"https:\/\/www.nexoinformativo.mx\/index.php\/2025\/04\/29\/veda-total-en-mayo-conoce-las-especies-marinas-y-de-agua-dulce-protegidas-en-mexico\/","url":"https:\/\/www.nexoinformativo.mx\/index.php\/2025\/04\/29\/veda-total-en-mayo-conoce-las-especies-marinas-y-de-agua-dulce-protegidas-en-mexico\/","name":"Veda total en Mayo conoce las especies marinas y de agua dulce protegidas en M\u00e9xico | Nexo Informativo Santiago de Quer\u00e9taro","isPartOf":{"@id":"https:\/\/www.nexoinformativo.mx\/#website"},"primaryImageOfPage":{"@id":"https:\/\/www.nexoinformativo.mx\/index.php\/2025\/04\/29\/veda-total-en-mayo-conoce-las-especies-marinas-y-de-agua-dulce-protegidas-en-mexico\/#primaryimage"},"image":{"@id":"https:\/\/www.nexoinformativo.mx\/index.php\/2025\/04\/29\/veda-total-en-mayo-conoce-las-especies-marinas-y-de-agua-dulce-protegidas-en-mexico\/#primaryimage"},"thumbnailUrl":"https:\/\/www.nexoinformativo.mx\/wp-content\/uploads\/2025\/04\/IMG_2665.jpg","datePublished":"2025-04-29T14:00:35+00:00","dateModified":"2025-04-29T20:28:46+00:00","description":"Veda total en Mayo conoce las especies marinas y de agua dulce protegidas en M\u00e9xico","breadcrumb":{"@id":"https:\/\/www.nexoinformativo.mx\/index.php\/2025\/04\/29\/veda-total-en-mayo-conoce-las-especies-marinas-y-de-agua-dulce-protegidas-en-mexico\/#breadcrumb"},"inLanguage":"es","potentialAction":[{"@type":"ReadAction","target":["https:\/\/www.nexoinformativo.mx\/index.php\/2025\/04\/29\/veda-total-en-mayo-conoce-las-especies-marinas-y-de-agua-dulce-protegidas-en-mexico\/"]}]},{"@type":"ImageObject","inLanguage":"es","@id":"https:\/\/www.nexoinformativo.mx\/index.php\/2025\/04\/29\/veda-total-en-mayo-conoce-las-especies-marinas-y-de-agua-dulce-protegidas-en-mexico\/#primaryimage","url":"https:\/\/www.nexoinformativo.mx\/wp-content\/uploads\/2025\/04\/IMG_2665.jpg","contentUrl":"https:\/\/www.nexoinformativo.mx\/wp-content\/uploads\/2025\/04\/IMG_2665.jpg","width":650,"height":380},{"@type":"BreadcrumbList","@id":"https:\/\/www.nexoinformativo.mx\/index.php\/2025\/04\/29\/veda-total-en-mayo-conoce-las-especies-marinas-y-de-agua-dulce-protegidas-en-mexico\/#breadcrumb","itemListElement":[{"@type":"ListItem","position":1,"name":"Inicio","item":"https:\/\/www.nexoinformativo.mx\/"},{"@type":"ListItem","position":2,"name":"Veda total en Mayo conoce las especies marinas y de agua dulce protegidas en M\u00e9xico"}]},{"@type":"WebSite","@id":"https:\/\/www.nexoinformativo.mx\/#website","url":"https:\/\/www.nexoinformativo.mx\/","name":"Nexo Informativo Santiago de Quer\u00e9taro","description":"Explora NexoInformativo y convi\u00e9rtete en parte de una comunidad que valora el conocimiento y la verdad. Tu nexoinformativo es tu puente hacia una comprensi\u00f3n m\u00e1s profunda del mundo que te rodea.","publisher":{"@id":"https:\/\/www.nexoinformativo.mx\/#organization"},"potentialAction":[{"@type":"SearchAction","target":{"@type":"EntryPoint","urlTemplate":"https:\/\/www.nexoinformativo.mx\/?s={search_term_string}"},"query-input":{"@type":"PropertyValueSpecification","valueRequired":true,"valueName":"search_term_string"}}],"inLanguage":"es"},{"@type":"Organization","@id":"https:\/\/www.nexoinformativo.mx\/#organization","name":"Nexo Informativo Santiago de Quer\u00e9taro","url":"https:\/\/www.nexoinformativo.mx\/","logo":{"@type":"ImageObject","inLanguage":"es","@id":"https:\/\/www.nexoinformativo.mx\/#\/schema\/logo\/image\/","url":"https:\/\/www.nexoinformativo.mx\/wp-content\/uploads\/2024\/07\/nexoi-trasparente-2.png","contentUrl":"https:\/\/www.nexoinformativo.mx\/wp-content\/uploads\/2024\/07\/nexoi-trasparente-2.png","width":816,"height":339,"caption":"Nexo Informativo Santiago de Quer\u00e9taro"},"image":{"@id":"https:\/\/www.nexoinformativo.mx\/#\/schema\/logo\/image\/"},"sameAs":["https:\/\/www.facebook.com\/people\/Nexo-Informativo\/61564066885511\/"]},{"@type":"Person","@id":"https:\/\/www.nexoinformativo.mx\/#\/schema\/person\/7749d380ba08c8ca00d7bc76fd907b7d","name":"Nexo Informativo","image":{"@type":"ImageObject","inLanguage":"es","@id":"https:\/\/www.nexoinformativo.mx\/#\/schema\/person\/image\/","url":"https:\/\/secure.gravatar.com\/avatar\/dde2928154642a13d95f87ddf1ea9718fe2b46760a005c53e41ff5ad610704e6?s=96&d=mm&r=g","contentUrl":"https:\/\/secure.gravatar.com\/avatar\/dde2928154642a13d95f87ddf1ea9718fe2b46760a005c53e41ff5ad610704e6?s=96&d=mm&r=g","caption":"Nexo Informativo"},"url":"https:\/\/www.nexoinformativo.mx\/index.php\/author\/edicion\/"}]}},"_links":{"self":[{"href":"https:\/\/www.nexoinformativo.mx\/index.php\/wp-json\/wp\/v2\/posts\/14582","targetHints":{"allow":["GET"]}}],"collection":[{"href":"https:\/\/www.nexoinformativo.mx\/index.php\/wp-json\/wp\/v2\/posts"}],"about":[{"href":"https:\/\/www.nexoinformativo.mx\/index.php\/wp-json\/wp\/v2\/types\/post"}],"author":[{"embeddable":true,"href":"https:\/\/www.nexoinformativo.mx\/index.php\/wp-json\/wp\/v2\/users\/3"}],"replies":[{"embeddable":true,"href":"https:\/\/www.nexoinformativo.mx\/index.php\/wp-json\/wp\/v2\/comments?post=14582"}],"version-history":[{"count":4,"href":"https:\/\/www.nexoinformativo.mx\/index.php\/wp-json\/wp\/v2\/posts\/14582\/revisions"}],"predecessor-version":[{"id":14600,"href":"https:\/\/www.nexoinformativo.mx\/index.php\/wp-json\/wp\/v2\/posts\/14582\/revisions\/14600"}],"wp:featuredmedia":[{"embeddable":true,"href":"https:\/\/www.nexoinformativo.mx\/index.php\/wp-json\/wp\/v2\/media\/14583"}],"wp:attachment":[{"href":"https:\/\/www.nexoinformativo.mx\/index.php\/wp-json\/wp\/v2\/media?parent=14582"}],"wp:term":[{"taxonomy":"category","embeddable":true,"href":"https:\/\/www.nexoinformativo.mx\/index.php\/wp-json\/wp\/v2\/categories?post=14582"},{"taxonomy":"post_tag","embeddable":true,"href":"https:\/\/www.nexoinformativo.mx\/index.php\/wp-json\/wp\/v2\/tags?post=14582"}],"curies":[{"name":"wp","href":"https:\/\/api.w.org\/{rel}","templated":true}]}}