{"id":14586,"date":"2025-04-29T09:00:54","date_gmt":"2025-04-29T15:00:54","guid":{"rendered":"https:\/\/www.nexoinformativo.mx\/?p=14586"},"modified":"2025-04-29T14:45:51","modified_gmt":"2025-04-29T20:45:51","slug":"record-en-becas-98-de-tarjetas-rita-cetina-entregadas-sheinbaum-impulsa-la-educacion","status":"publish","type":"post","link":"https:\/\/www.nexoinformativo.mx\/index.php\/2025\/04\/29\/record-en-becas-98-de-tarjetas-rita-cetina-entregadas-sheinbaum-impulsa-la-educacion\/","title":{"rendered":"R\u00e9cord en becas 98% de tarjetas &#8220;Rita Cetina&#8221; entregadas Sheinbaum impulsa la educaci\u00f3n"},"content":{"rendered":"<p>La Coordinaci\u00f3n Nacional de Becas para el Bienestar (CNBB) ha alcanzado un avance del 98.5% en la entrega de tarjetas del Banco del Bienestar para la Beca Universal de Educaci\u00f3n B\u00e1sica \u201cRita Cetina\u201d.<\/p>\n<p>&nbsp;<\/p>\n<p>Mario Delgado, titular de la CNBB, inform\u00f3 que esta acci\u00f3n representa una inversi\u00f3n social de 15 mil 146 millones 919 mil pesos, demostrando el firme compromiso de la Presidenta Claudia Sheinbaum con la educaci\u00f3n.<\/p>\n<p>&nbsp;<\/p>\n<p>Delgado hizo este anuncio durante la presentaci\u00f3n de la nueva versi\u00f3n de \u201cCu\u00e9ntame de M\u00e9xico\u201d (www.cuentame.inegi.org.mx), una herramienta del INEGI para estudiantes. Destac\u00f3 que, tras la secundaria, los beneficiarios podr\u00e1n acceder a la Beca Universal Benito Ju\u00e1rez, alcanzando un total de 13 millones 41 mil 738 becarios en todo el pa\u00eds.<\/p>\n<p>&nbsp;<\/p>\n<p>\u201cLa entrega de estos apoyos demuestra la importancia que tiene la educaci\u00f3n para la Presidenta Claudia Sheinbaum, y en la SEP estamos cumpliendo lo que ella ha llamado su sue\u00f1o: que nadie deje de estudiar por motivos econ\u00f3micos\u201d, enfatiz\u00f3 Delgado.<\/p>\n<p>&nbsp;<\/p>\n<p>Julio Le\u00f3n Trujillo, coordinador Nacional de Becas para el Bienestar, resalt\u00f3 en su cuenta de X que esta entrega directa de apoyos marca la diferencia entre el abandono y la continuidad de los estudios, \u201csembrando esperanza, igualdad y un futuro m\u00e1s justo\u201d.<\/p>\n<p>&nbsp;<\/p>\n<p>Adem\u00e1s, Delgado Carrillo inform\u00f3 que casi 24 millones de ni\u00f1os y ni\u00f1as de preescolar, primaria y secundaria regresaron a clases tras el receso de Semana Santa, y se reforzar\u00e1 la estrategia de Vida Saludable en las escuelas.<\/p>\n<p>&nbsp;<\/p>\n<p>Sobre \u201cCu\u00e9ntame de M\u00e9xico\u201d, el titular de la SEP, en presencia de la presidenta del INEGI, Graciela M\u00e1rquez, destac\u00f3 que es una herramienta valiosa para conocer M\u00e9xico a trav\u00e9s de datos estad\u00edsticos y geogr\u00e1ficos, alineada con la Nueva Escuela Mexicana (NEM).<\/p>\n<p>&nbsp;<\/p>\n<p style=\"text-align: center;\" data-sourcepos=\"13:1-13:272\"><em><strong>Informaci\u00f3n que transforma<\/strong><\/em><\/p>\n","protected":false},"excerpt":{"rendered":"<p>La Coordinaci\u00f3n Nacional de Becas para el Bienestar (CNBB) ha alcanzado un avance del 98.5% en la entrega de tarjetas del Banco del Bienestar para la Beca Universal de Educaci\u00f3n B\u00e1sica &#8220;Rita Cetina&#8221;.<\/p>\n","protected":false},"author":3,"featured_media":14587,"comment_status":"open","ping_status":"open","sticky":false,"template":"","format":"standard","meta":{"footnotes":""},"categories":[88,58],"tags":[4323,4322,3012,4184],"class_list":["post-14586","post","type-post","status-publish","format-standard","has-post-thumbnail","hentry","category-nacional","category-ultima-hora","tag-apoyoestudiantes","tag-becasritacetina","tag-educacionmexico","tag-sheinbaumeducacion"],"yoast_head":"<!-- This site is optimized with the Yoast SEO plugin v25.0 - https:\/\/yoast.com\/wordpress\/plugins\/seo\/ -->\n<title>R\u00e9cord en becas 98% de tarjetas &quot;Rita Cetina&quot; entregadas Sheinbaum impulsa la educaci\u00f3n | Nexo Informativo Santiago de Quer\u00e9taro<\/title>\n<meta name=\"description\" content=\"R\u00e9cord en becas 98% de tarjetas &quot;Rita Cetina&quot; entregadas Sheinbaum impulsa la educaci\u00f3n\" \/>\n<meta name=\"robots\" content=\"index, follow, max-snippet:-1, max-image-preview:large, max-video-preview:-1\" \/>\n<link rel=\"canonical\" href=\"https:\/\/www.nexoinformativo.mx\/index.php\/2025\/04\/29\/record-en-becas-98-de-tarjetas-rita-cetina-entregadas-sheinbaum-impulsa-la-educacion\/\" \/>\n<meta property=\"og:locale\" content=\"es_MX\" \/>\n<meta property=\"og:type\" content=\"article\" \/>\n<meta property=\"og:title\" content=\"R\u00e9cord en becas 98% de tarjetas &quot;Rita Cetina&quot; entregadas Sheinbaum impulsa la educaci\u00f3n | Nexo Informativo Santiago de Quer\u00e9taro\" \/>\n<meta property=\"og:description\" content=\"R\u00e9cord en becas 98% de tarjetas &quot;Rita Cetina&quot; entregadas Sheinbaum impulsa la educaci\u00f3n\" \/>\n<meta property=\"og:url\" content=\"https:\/\/www.nexoinformativo.mx\/index.php\/2025\/04\/29\/record-en-becas-98-de-tarjetas-rita-cetina-entregadas-sheinbaum-impulsa-la-educacion\/\" \/>\n<meta property=\"og:site_name\" content=\"Nexo Informativo Santiago de Quer\u00e9taro\" \/>\n<meta property=\"article:publisher\" content=\"https:\/\/www.facebook.com\/people\/Nexo-Informativo\/61564066885511\/\" \/>\n<meta property=\"article:published_time\" content=\"2025-04-29T15:00:54+00:00\" \/>\n<meta property=\"article:modified_time\" content=\"2025-04-29T20:45:51+00:00\" \/>\n<meta property=\"og:image\" content=\"https:\/\/www.nexoinformativo.mx\/wp-content\/uploads\/2025\/04\/IMG_2666.jpg\" \/>\n\t<meta property=\"og:image:width\" content=\"650\" \/>\n\t<meta property=\"og:image:height\" content=\"380\" \/>\n\t<meta property=\"og:image:type\" content=\"image\/jpeg\" \/>\n<meta name=\"author\" content=\"Nexo Informativo\" \/>\n<meta name=\"twitter:card\" content=\"summary_large_image\" \/>\n<meta name=\"twitter:label1\" content=\"Escrito por\" \/>\n\t<meta name=\"twitter:data1\" content=\"Nexo Informativo\" \/>\n\t<meta name=\"twitter:label2\" content=\"Tiempo de lectura\" \/>\n\t<meta name=\"twitter:data2\" content=\"2 minutos\" \/>\n<script type=\"application\/ld+json\" class=\"yoast-schema-graph\">{\"@context\":\"https:\/\/schema.org\",\"@graph\":[{\"@type\":\"Article\",\"@id\":\"https:\/\/www.nexoinformativo.mx\/index.php\/2025\/04\/29\/record-en-becas-98-de-tarjetas-rita-cetina-entregadas-sheinbaum-impulsa-la-educacion\/#article\",\"isPartOf\":{\"@id\":\"https:\/\/www.nexoinformativo.mx\/index.php\/2025\/04\/29\/record-en-becas-98-de-tarjetas-rita-cetina-entregadas-sheinbaum-impulsa-la-educacion\/\"},\"author\":{\"name\":\"Nexo Informativo\",\"@id\":\"https:\/\/www.nexoinformativo.mx\/#\/schema\/person\/7749d380ba08c8ca00d7bc76fd907b7d\"},\"headline\":\"R\u00e9cord en becas 98% de tarjetas &#8220;Rita Cetina&#8221; entregadas Sheinbaum impulsa la educaci\u00f3n\",\"datePublished\":\"2025-04-29T15:00:54+00:00\",\"dateModified\":\"2025-04-29T20:45:51+00:00\",\"mainEntityOfPage\":{\"@id\":\"https:\/\/www.nexoinformativo.mx\/index.php\/2025\/04\/29\/record-en-becas-98-de-tarjetas-rita-cetina-entregadas-sheinbaum-impulsa-la-educacion\/\"},\"wordCount\":327,\"commentCount\":0,\"publisher\":{\"@id\":\"https:\/\/www.nexoinformativo.mx\/#organization\"},\"image\":{\"@id\":\"https:\/\/www.nexoinformativo.mx\/index.php\/2025\/04\/29\/record-en-becas-98-de-tarjetas-rita-cetina-entregadas-sheinbaum-impulsa-la-educacion\/#primaryimage\"},\"thumbnailUrl\":\"https:\/\/www.nexoinformativo.mx\/wp-content\/uploads\/2025\/04\/IMG_2666.jpg\",\"keywords\":[\"ApoyoEstudiantes\",\"BecasRitaCetina\",\"Educaci\u00f3nM\u00e9xico\",\"SheinbaumEducaci\u00f3n\"],\"articleSection\":[\"Nacional\",\"\u00daltima Hora\"],\"inLanguage\":\"es\",\"potentialAction\":[{\"@type\":\"CommentAction\",\"name\":\"Comment\",\"target\":[\"https:\/\/www.nexoinformativo.mx\/index.php\/2025\/04\/29\/record-en-becas-98-de-tarjetas-rita-cetina-entregadas-sheinbaum-impulsa-la-educacion\/#respond\"]}]},{\"@type\":\"WebPage\",\"@id\":\"https:\/\/www.nexoinformativo.mx\/index.php\/2025\/04\/29\/record-en-becas-98-de-tarjetas-rita-cetina-entregadas-sheinbaum-impulsa-la-educacion\/\",\"url\":\"https:\/\/www.nexoinformativo.mx\/index.php\/2025\/04\/29\/record-en-becas-98-de-tarjetas-rita-cetina-entregadas-sheinbaum-impulsa-la-educacion\/\",\"name\":\"R\u00e9cord en becas 98% de tarjetas \\\"Rita Cetina\\\" entregadas Sheinbaum impulsa la educaci\u00f3n | Nexo Informativo Santiago de Quer\u00e9taro\",\"isPartOf\":{\"@id\":\"https:\/\/www.nexoinformativo.mx\/#website\"},\"primaryImageOfPage\":{\"@id\":\"https:\/\/www.nexoinformativo.mx\/index.php\/2025\/04\/29\/record-en-becas-98-de-tarjetas-rita-cetina-entregadas-sheinbaum-impulsa-la-educacion\/#primaryimage\"},\"image\":{\"@id\":\"https:\/\/www.nexoinformativo.mx\/index.php\/2025\/04\/29\/record-en-becas-98-de-tarjetas-rita-cetina-entregadas-sheinbaum-impulsa-la-educacion\/#primaryimage\"},\"thumbnailUrl\":\"https:\/\/www.nexoinformativo.mx\/wp-content\/uploads\/2025\/04\/IMG_2666.jpg\",\"datePublished\":\"2025-04-29T15:00:54+00:00\",\"dateModified\":\"2025-04-29T20:45:51+00:00\",\"description\":\"R\u00e9cord en becas 98% de tarjetas \\\"Rita Cetina\\\" entregadas Sheinbaum impulsa la educaci\u00f3n\",\"breadcrumb\":{\"@id\":\"https:\/\/www.nexoinformativo.mx\/index.php\/2025\/04\/29\/record-en-becas-98-de-tarjetas-rita-cetina-entregadas-sheinbaum-impulsa-la-educacion\/#breadcrumb\"},\"inLanguage\":\"es\",\"potentialAction\":[{\"@type\":\"ReadAction\",\"target\":[\"https:\/\/www.nexoinformativo.mx\/index.php\/2025\/04\/29\/record-en-becas-98-de-tarjetas-rita-cetina-entregadas-sheinbaum-impulsa-la-educacion\/\"]}]},{\"@type\":\"ImageObject\",\"inLanguage\":\"es\",\"@id\":\"https:\/\/www.nexoinformativo.mx\/index.php\/2025\/04\/29\/record-en-becas-98-de-tarjetas-rita-cetina-entregadas-sheinbaum-impulsa-la-educacion\/#primaryimage\",\"url\":\"https:\/\/www.nexoinformativo.mx\/wp-content\/uploads\/2025\/04\/IMG_2666.jpg\",\"contentUrl\":\"https:\/\/www.nexoinformativo.mx\/wp-content\/uploads\/2025\/04\/IMG_2666.jpg\",\"width\":650,\"height\":380},{\"@type\":\"BreadcrumbList\",\"@id\":\"https:\/\/www.nexoinformativo.mx\/index.php\/2025\/04\/29\/record-en-becas-98-de-tarjetas-rita-cetina-entregadas-sheinbaum-impulsa-la-educacion\/#breadcrumb\",\"itemListElement\":[{\"@type\":\"ListItem\",\"position\":1,\"name\":\"Inicio\",\"item\":\"https:\/\/www.nexoinformativo.mx\/\"},{\"@type\":\"ListItem\",\"position\":2,\"name\":\"R\u00e9cord en becas 98% de tarjetas &#8220;Rita Cetina&#8221; entregadas Sheinbaum impulsa la educaci\u00f3n\"}]},{\"@type\":\"WebSite\",\"@id\":\"https:\/\/www.nexoinformativo.mx\/#website\",\"url\":\"https:\/\/www.nexoinformativo.mx\/\",\"name\":\"Nexo Informativo Santiago de Quer\u00e9taro\",\"description\":\"Explora NexoInformativo y convi\u00e9rtete en parte de una comunidad que valora el conocimiento y la verdad. Tu nexoinformativo es tu puente hacia una comprensi\u00f3n m\u00e1s profunda del mundo que te rodea.\",\"publisher\":{\"@id\":\"https:\/\/www.nexoinformativo.mx\/#organization\"},\"potentialAction\":[{\"@type\":\"SearchAction\",\"target\":{\"@type\":\"EntryPoint\",\"urlTemplate\":\"https:\/\/www.nexoinformativo.mx\/?s={search_term_string}\"},\"query-input\":{\"@type\":\"PropertyValueSpecification\",\"valueRequired\":true,\"valueName\":\"search_term_string\"}}],\"inLanguage\":\"es\"},{\"@type\":\"Organization\",\"@id\":\"https:\/\/www.nexoinformativo.mx\/#organization\",\"name\":\"Nexo Informativo Santiago de Quer\u00e9taro\",\"url\":\"https:\/\/www.nexoinformativo.mx\/\",\"logo\":{\"@type\":\"ImageObject\",\"inLanguage\":\"es\",\"@id\":\"https:\/\/www.nexoinformativo.mx\/#\/schema\/logo\/image\/\",\"url\":\"https:\/\/www.nexoinformativo.mx\/wp-content\/uploads\/2024\/07\/nexoi-trasparente-2.png\",\"contentUrl\":\"https:\/\/www.nexoinformativo.mx\/wp-content\/uploads\/2024\/07\/nexoi-trasparente-2.png\",\"width\":816,\"height\":339,\"caption\":\"Nexo Informativo Santiago de Quer\u00e9taro\"},\"image\":{\"@id\":\"https:\/\/www.nexoinformativo.mx\/#\/schema\/logo\/image\/\"},\"sameAs\":[\"https:\/\/www.facebook.com\/people\/Nexo-Informativo\/61564066885511\/\"]},{\"@type\":\"Person\",\"@id\":\"https:\/\/www.nexoinformativo.mx\/#\/schema\/person\/7749d380ba08c8ca00d7bc76fd907b7d\",\"name\":\"Nexo Informativo\",\"image\":{\"@type\":\"ImageObject\",\"inLanguage\":\"es\",\"@id\":\"https:\/\/www.nexoinformativo.mx\/#\/schema\/person\/image\/\",\"url\":\"https:\/\/secure.gravatar.com\/avatar\/dde2928154642a13d95f87ddf1ea9718fe2b46760a005c53e41ff5ad610704e6?s=96&d=mm&r=g\",\"contentUrl\":\"https:\/\/secure.gravatar.com\/avatar\/dde2928154642a13d95f87ddf1ea9718fe2b46760a005c53e41ff5ad610704e6?s=96&d=mm&r=g\",\"caption\":\"Nexo Informativo\"},\"url\":\"https:\/\/www.nexoinformativo.mx\/index.php\/author\/edicion\/\"}]}<\/script>\n<!-- \/ Yoast SEO plugin. -->","yoast_head_json":{"title":"R\u00e9cord en becas 98% de tarjetas \"Rita Cetina\" entregadas Sheinbaum impulsa la educaci\u00f3n | Nexo Informativo Santiago de Quer\u00e9taro","description":"R\u00e9cord en becas 98% de tarjetas \"Rita Cetina\" entregadas Sheinbaum impulsa la educaci\u00f3n","robots":{"index":"index","follow":"follow","max-snippet":"max-snippet:-1","max-image-preview":"max-image-preview:large","max-video-preview":"max-video-preview:-1"},"canonical":"https:\/\/www.nexoinformativo.mx\/index.php\/2025\/04\/29\/record-en-becas-98-de-tarjetas-rita-cetina-entregadas-sheinbaum-impulsa-la-educacion\/","og_locale":"es_MX","og_type":"article","og_title":"R\u00e9cord en becas 98% de tarjetas \"Rita Cetina\" entregadas Sheinbaum impulsa la educaci\u00f3n | Nexo Informativo Santiago de Quer\u00e9taro","og_description":"R\u00e9cord en becas 98% de tarjetas \"Rita Cetina\" entregadas Sheinbaum impulsa la educaci\u00f3n","og_url":"https:\/\/www.nexoinformativo.mx\/index.php\/2025\/04\/29\/record-en-becas-98-de-tarjetas-rita-cetina-entregadas-sheinbaum-impulsa-la-educacion\/","og_site_name":"Nexo Informativo Santiago de Quer\u00e9taro","article_publisher":"https:\/\/www.facebook.com\/people\/Nexo-Informativo\/61564066885511\/","article_published_time":"2025-04-29T15:00:54+00:00","article_modified_time":"2025-04-29T20:45:51+00:00","og_image":[{"width":650,"height":380,"url":"https:\/\/www.nexoinformativo.mx\/wp-content\/uploads\/2025\/04\/IMG_2666.jpg","type":"image\/jpeg"}],"author":"Nexo Informativo","twitter_card":"summary_large_image","twitter_misc":{"Escrito por":"Nexo Informativo","Tiempo de lectura":"2 minutos"},"schema":{"@context":"https:\/\/schema.org","@graph":[{"@type":"Article","@id":"https:\/\/www.nexoinformativo.mx\/index.php\/2025\/04\/29\/record-en-becas-98-de-tarjetas-rita-cetina-entregadas-sheinbaum-impulsa-la-educacion\/#article","isPartOf":{"@id":"https:\/\/www.nexoinformativo.mx\/index.php\/2025\/04\/29\/record-en-becas-98-de-tarjetas-rita-cetina-entregadas-sheinbaum-impulsa-la-educacion\/"},"author":{"name":"Nexo Informativo","@id":"https:\/\/www.nexoinformativo.mx\/#\/schema\/person\/7749d380ba08c8ca00d7bc76fd907b7d"},"headline":"R\u00e9cord en becas 98% de tarjetas &#8220;Rita Cetina&#8221; entregadas Sheinbaum impulsa la educaci\u00f3n","datePublished":"2025-04-29T15:00:54+00:00","dateModified":"2025-04-29T20:45:51+00:00","mainEntityOfPage":{"@id":"https:\/\/www.nexoinformativo.mx\/index.php\/2025\/04\/29\/record-en-becas-98-de-tarjetas-rita-cetina-entregadas-sheinbaum-impulsa-la-educacion\/"},"wordCount":327,"commentCount":0,"publisher":{"@id":"https:\/\/www.nexoinformativo.mx\/#organization"},"image":{"@id":"https:\/\/www.nexoinformativo.mx\/index.php\/2025\/04\/29\/record-en-becas-98-de-tarjetas-rita-cetina-entregadas-sheinbaum-impulsa-la-educacion\/#primaryimage"},"thumbnailUrl":"https:\/\/www.nexoinformativo.mx\/wp-content\/uploads\/2025\/04\/IMG_2666.jpg","keywords":["ApoyoEstudiantes","BecasRitaCetina","Educaci\u00f3nM\u00e9xico","SheinbaumEducaci\u00f3n"],"articleSection":["Nacional","\u00daltima Hora"],"inLanguage":"es","potentialAction":[{"@type":"CommentAction","name":"Comment","target":["https:\/\/www.nexoinformativo.mx\/index.php\/2025\/04\/29\/record-en-becas-98-de-tarjetas-rita-cetina-entregadas-sheinbaum-impulsa-la-educacion\/#respond"]}]},{"@type":"WebPage","@id":"https:\/\/www.nexoinformativo.mx\/index.php\/2025\/04\/29\/record-en-becas-98-de-tarjetas-rita-cetina-entregadas-sheinbaum-impulsa-la-educacion\/","url":"https:\/\/www.nexoinformativo.mx\/index.php\/2025\/04\/29\/record-en-becas-98-de-tarjetas-rita-cetina-entregadas-sheinbaum-impulsa-la-educacion\/","name":"R\u00e9cord en becas 98% de tarjetas \"Rita Cetina\" entregadas Sheinbaum impulsa la educaci\u00f3n | Nexo Informativo Santiago de Quer\u00e9taro","isPartOf":{"@id":"https:\/\/www.nexoinformativo.mx\/#website"},"primaryImageOfPage":{"@id":"https:\/\/www.nexoinformativo.mx\/index.php\/2025\/04\/29\/record-en-becas-98-de-tarjetas-rita-cetina-entregadas-sheinbaum-impulsa-la-educacion\/#primaryimage"},"image":{"@id":"https:\/\/www.nexoinformativo.mx\/index.php\/2025\/04\/29\/record-en-becas-98-de-tarjetas-rita-cetina-entregadas-sheinbaum-impulsa-la-educacion\/#primaryimage"},"thumbnailUrl":"https:\/\/www.nexoinformativo.mx\/wp-content\/uploads\/2025\/04\/IMG_2666.jpg","datePublished":"2025-04-29T15:00:54+00:00","dateModified":"2025-04-29T20:45:51+00:00","description":"R\u00e9cord en becas 98% de tarjetas \"Rita Cetina\" entregadas Sheinbaum impulsa la educaci\u00f3n","breadcrumb":{"@id":"https:\/\/www.nexoinformativo.mx\/index.php\/2025\/04\/29\/record-en-becas-98-de-tarjetas-rita-cetina-entregadas-sheinbaum-impulsa-la-educacion\/#breadcrumb"},"inLanguage":"es","potentialAction":[{"@type":"ReadAction","target":["https:\/\/www.nexoinformativo.mx\/index.php\/2025\/04\/29\/record-en-becas-98-de-tarjetas-rita-cetina-entregadas-sheinbaum-impulsa-la-educacion\/"]}]},{"@type":"ImageObject","inLanguage":"es","@id":"https:\/\/www.nexoinformativo.mx\/index.php\/2025\/04\/29\/record-en-becas-98-de-tarjetas-rita-cetina-entregadas-sheinbaum-impulsa-la-educacion\/#primaryimage","url":"https:\/\/www.nexoinformativo.mx\/wp-content\/uploads\/2025\/04\/IMG_2666.jpg","contentUrl":"https:\/\/www.nexoinformativo.mx\/wp-content\/uploads\/2025\/04\/IMG_2666.jpg","width":650,"height":380},{"@type":"BreadcrumbList","@id":"https:\/\/www.nexoinformativo.mx\/index.php\/2025\/04\/29\/record-en-becas-98-de-tarjetas-rita-cetina-entregadas-sheinbaum-impulsa-la-educacion\/#breadcrumb","itemListElement":[{"@type":"ListItem","position":1,"name":"Inicio","item":"https:\/\/www.nexoinformativo.mx\/"},{"@type":"ListItem","position":2,"name":"R\u00e9cord en becas 98% de tarjetas &#8220;Rita Cetina&#8221; entregadas Sheinbaum impulsa la educaci\u00f3n"}]},{"@type":"WebSite","@id":"https:\/\/www.nexoinformativo.mx\/#website","url":"https:\/\/www.nexoinformativo.mx\/","name":"Nexo Informativo Santiago de Quer\u00e9taro","description":"Explora NexoInformativo y convi\u00e9rtete en parte de una comunidad que valora el conocimiento y la verdad. Tu nexoinformativo es tu puente hacia una comprensi\u00f3n m\u00e1s profunda del mundo que te rodea.","publisher":{"@id":"https:\/\/www.nexoinformativo.mx\/#organization"},"potentialAction":[{"@type":"SearchAction","target":{"@type":"EntryPoint","urlTemplate":"https:\/\/www.nexoinformativo.mx\/?s={search_term_string}"},"query-input":{"@type":"PropertyValueSpecification","valueRequired":true,"valueName":"search_term_string"}}],"inLanguage":"es"},{"@type":"Organization","@id":"https:\/\/www.nexoinformativo.mx\/#organization","name":"Nexo Informativo Santiago de Quer\u00e9taro","url":"https:\/\/www.nexoinformativo.mx\/","logo":{"@type":"ImageObject","inLanguage":"es","@id":"https:\/\/www.nexoinformativo.mx\/#\/schema\/logo\/image\/","url":"https:\/\/www.nexoinformativo.mx\/wp-content\/uploads\/2024\/07\/nexoi-trasparente-2.png","contentUrl":"https:\/\/www.nexoinformativo.mx\/wp-content\/uploads\/2024\/07\/nexoi-trasparente-2.png","width":816,"height":339,"caption":"Nexo Informativo Santiago de Quer\u00e9taro"},"image":{"@id":"https:\/\/www.nexoinformativo.mx\/#\/schema\/logo\/image\/"},"sameAs":["https:\/\/www.facebook.com\/people\/Nexo-Informativo\/61564066885511\/"]},{"@type":"Person","@id":"https:\/\/www.nexoinformativo.mx\/#\/schema\/person\/7749d380ba08c8ca00d7bc76fd907b7d","name":"Nexo Informativo","image":{"@type":"ImageObject","inLanguage":"es","@id":"https:\/\/www.nexoinformativo.mx\/#\/schema\/person\/image\/","url":"https:\/\/secure.gravatar.com\/avatar\/dde2928154642a13d95f87ddf1ea9718fe2b46760a005c53e41ff5ad610704e6?s=96&d=mm&r=g","contentUrl":"https:\/\/secure.gravatar.com\/avatar\/dde2928154642a13d95f87ddf1ea9718fe2b46760a005c53e41ff5ad610704e6?s=96&d=mm&r=g","caption":"Nexo Informativo"},"url":"https:\/\/www.nexoinformativo.mx\/index.php\/author\/edicion\/"}]}},"_links":{"self":[{"href":"https:\/\/www.nexoinformativo.mx\/index.php\/wp-json\/wp\/v2\/posts\/14586","targetHints":{"allow":["GET"]}}],"collection":[{"href":"https:\/\/www.nexoinformativo.mx\/index.php\/wp-json\/wp\/v2\/posts"}],"about":[{"href":"https:\/\/www.nexoinformativo.mx\/index.php\/wp-json\/wp\/v2\/types\/post"}],"author":[{"embeddable":true,"href":"https:\/\/www.nexoinformativo.mx\/index.php\/wp-json\/wp\/v2\/users\/3"}],"replies":[{"embeddable":true,"href":"https:\/\/www.nexoinformativo.mx\/index.php\/wp-json\/wp\/v2\/comments?post=14586"}],"version-history":[{"count":7,"href":"https:\/\/www.nexoinformativo.mx\/index.php\/wp-json\/wp\/v2\/posts\/14586\/revisions"}],"predecessor-version":[{"id":14601,"href":"https:\/\/www.nexoinformativo.mx\/index.php\/wp-json\/wp\/v2\/posts\/14586\/revisions\/14601"}],"wp:featuredmedia":[{"embeddable":true,"href":"https:\/\/www.nexoinformativo.mx\/index.php\/wp-json\/wp\/v2\/media\/14587"}],"wp:attachment":[{"href":"https:\/\/www.nexoinformativo.mx\/index.php\/wp-json\/wp\/v2\/media?parent=14586"}],"wp:term":[{"taxonomy":"category","embeddable":true,"href":"https:\/\/www.nexoinformativo.mx\/index.php\/wp-json\/wp\/v2\/categories?post=14586"},{"taxonomy":"post_tag","embeddable":true,"href":"https:\/\/www.nexoinformativo.mx\/index.php\/wp-json\/wp\/v2\/tags?post=14586"}],"curies":[{"name":"wp","href":"https:\/\/api.w.org\/{rel}","templated":true}]}}