{"id":14594,"date":"2025-04-29T10:00:35","date_gmt":"2025-04-29T16:00:35","guid":{"rendered":"https:\/\/www.nexoinformativo.mx\/?p=14594"},"modified":"2025-04-29T13:39:01","modified_gmt":"2025-04-29T19:39:01","slug":"pactan-solucion-para-el-rio-bravo-mexico-y-eeuu-unen-fuerzas-por-el-abasto-de-agua-en-la-frontera","status":"publish","type":"post","link":"https:\/\/www.nexoinformativo.mx\/index.php\/2025\/04\/29\/pactan-solucion-para-el-rio-bravo-mexico-y-eeuu-unen-fuerzas-por-el-abasto-de-agua-en-la-frontera\/","title":{"rendered":"Pactan soluci\u00f3n para el R\u00edo Bravo M\u00e9xico y EEUU unen fuerzas por el abasto de agua en la frontera"},"content":{"rendered":"<p style=\"text-align: justify;\" data-sourcepos=\"3:1-3:451\">M\u00e9xico y Estados Unidos han alcanzado un acuerdo crucial para abordar las asignaciones de agua del r\u00edo Bravo, conforme al Tratado de 1944.<\/p>\n<\/p>\n<p>&nbsp;<\/p>\n<p style=\"text-align: justify;\" data-sourcepos=\"3:1-3:451\">Esta colaboraci\u00f3n busca asegurar el cumplimiento de los compromisos de M\u00e9xico en el ciclo actual, que finaliza en octubre de este a\u00f1o, y garantizar el abastecimiento para consumo humano de las poblaciones mexicanas que dependen de estas aguas.<\/p>\n<\/p>\n<p>&nbsp;<\/p>\n<p style=\"text-align: justify;\" data-sourcepos=\"5:1-5:400\">Con el objetivo de mitigar un posible d\u00e9ficit en las entregas de agua de M\u00e9xico, ambos gobiernos acordaron una serie de medidas que incluyen transferencias de agua inmediatas y acciones durante la pr\u00f3xima temporada de lluvias.<\/p>\n<\/p>\n<p>&nbsp;<\/p>\n<p style=\"text-align: justify;\" data-sourcepos=\"5:1-5:400\">Estas decisiones se tomaron en el marco de reuniones t\u00e9cnicas entre autoridades de ambos pa\u00edses y se formalizar\u00e1n en la Comisi\u00f3n Internacional de L\u00edmites y Aguas (CILA).<\/p>\n<\/p>\n<p>&nbsp;<\/p>\n<p style=\"text-align: justify;\" data-sourcepos=\"7:1-7:371\">La secci\u00f3n mexicana de CILA, en conjunto con la Comisi\u00f3n Nacional del Agua (CONAGUA), dar\u00e1 seguimiento puntual a la ejecuci\u00f3n de estas acciones y a la evoluci\u00f3n de la cuenca. El objetivo es generar un plan para el siguiente ciclo del Tratado de 1944 que asegure el cumplimiento de los compromisos de M\u00e9xico, incluyendo un mecanismo de consultas anuales de alto nivel.<\/p>\n<\/p>\n<p>&nbsp;<\/p>\n<p style=\"text-align: justify;\" data-sourcepos=\"9:1-9:291\">Un punto importante del acuerdo es que ambos gobiernos coinciden en los beneficios mutuos del Tratado de 1944 y no consideran necesaria su renegociaci\u00f3n. Esta colaboraci\u00f3n bilateral subraya la importancia de la cooperaci\u00f3n para la gesti\u00f3n sostenible de los recursos h\u00eddricos compartidos.<\/p>\n<\/p>\n<p>&nbsp;<\/p>\n<p style=\"text-align: center;\" data-sourcepos=\"9:1-9:291\"><em><strong>Informaci\u00f3n que transforma<\/strong><\/em><\/p>\n","protected":false},"excerpt":{"rendered":"<p>M\u00e9xico y Estados Unidos han alcanzado un acuerdo crucial para abordar las asignaciones de agua del r\u00edo Bravo, conforme al Tratado de 1944.<\/p>\n","protected":false},"author":3,"featured_media":14595,"comment_status":"open","ping_status":"open","sticky":false,"template":"","format":"standard","meta":{"footnotes":""},"categories":[88,58],"tags":[4324,2061,1955,4325],"class_list":["post-14594","post","type-post","status-publish","format-standard","has-post-thumbnail","hentry","category-nacional","category-ultima-hora","tag-acuerdoagua","tag-mexicoeeuu","tag-riobravo","tag-tratado1944"],"yoast_head":"<!-- This site is optimized with the Yoast SEO plugin v25.0 - https:\/\/yoast.com\/wordpress\/plugins\/seo\/ -->\n<title>Pactan soluci\u00f3n para el R\u00edo Bravo M\u00e9xico y EEUU unen fuerzas por el abasto de agua en la frontera | Nexo Informativo Santiago de Quer\u00e9taro<\/title>\n<meta name=\"description\" content=\"Pactan soluci\u00f3n para el R\u00edo Bravo M\u00e9xico y EEUU unen fuerzas por el abasto de agua en la frontera\" \/>\n<meta name=\"robots\" content=\"index, follow, max-snippet:-1, max-image-preview:large, max-video-preview:-1\" \/>\n<link rel=\"canonical\" href=\"https:\/\/www.nexoinformativo.mx\/index.php\/2025\/04\/29\/pactan-solucion-para-el-rio-bravo-mexico-y-eeuu-unen-fuerzas-por-el-abasto-de-agua-en-la-frontera\/\" \/>\n<meta property=\"og:locale\" content=\"es_MX\" \/>\n<meta property=\"og:type\" content=\"article\" \/>\n<meta property=\"og:title\" content=\"Pactan soluci\u00f3n para el R\u00edo Bravo M\u00e9xico y EEUU unen fuerzas por el abasto de agua en la frontera | Nexo Informativo Santiago de Quer\u00e9taro\" \/>\n<meta property=\"og:description\" content=\"Pactan soluci\u00f3n para el R\u00edo Bravo M\u00e9xico y EEUU unen fuerzas por el abasto de agua en la frontera\" \/>\n<meta property=\"og:url\" content=\"https:\/\/www.nexoinformativo.mx\/index.php\/2025\/04\/29\/pactan-solucion-para-el-rio-bravo-mexico-y-eeuu-unen-fuerzas-por-el-abasto-de-agua-en-la-frontera\/\" \/>\n<meta property=\"og:site_name\" content=\"Nexo Informativo Santiago de Quer\u00e9taro\" \/>\n<meta property=\"article:publisher\" content=\"https:\/\/www.facebook.com\/people\/Nexo-Informativo\/61564066885511\/\" \/>\n<meta property=\"article:published_time\" content=\"2025-04-29T16:00:35+00:00\" \/>\n<meta property=\"article:modified_time\" content=\"2025-04-29T19:39:01+00:00\" \/>\n<meta property=\"og:image\" content=\"https:\/\/www.nexoinformativo.mx\/wp-content\/uploads\/2025\/04\/IMG_2667-e1745955361114.jpg\" \/>\n\t<meta property=\"og:image:width\" content=\"750\" \/>\n\t<meta property=\"og:image:height\" content=\"863\" \/>\n\t<meta property=\"og:image:type\" content=\"image\/jpeg\" \/>\n<meta name=\"author\" content=\"Nexo Informativo\" \/>\n<meta name=\"twitter:card\" content=\"summary_large_image\" \/>\n<meta name=\"twitter:label1\" content=\"Escrito por\" \/>\n\t<meta name=\"twitter:data1\" content=\"Nexo Informativo\" \/>\n\t<meta name=\"twitter:label2\" content=\"Tiempo de lectura\" \/>\n\t<meta name=\"twitter:data2\" content=\"2 minutos\" \/>\n<script type=\"application\/ld+json\" class=\"yoast-schema-graph\">{\"@context\":\"https:\/\/schema.org\",\"@graph\":[{\"@type\":\"Article\",\"@id\":\"https:\/\/www.nexoinformativo.mx\/index.php\/2025\/04\/29\/pactan-solucion-para-el-rio-bravo-mexico-y-eeuu-unen-fuerzas-por-el-abasto-de-agua-en-la-frontera\/#article\",\"isPartOf\":{\"@id\":\"https:\/\/www.nexoinformativo.mx\/index.php\/2025\/04\/29\/pactan-solucion-para-el-rio-bravo-mexico-y-eeuu-unen-fuerzas-por-el-abasto-de-agua-en-la-frontera\/\"},\"author\":{\"name\":\"Nexo Informativo\",\"@id\":\"https:\/\/www.nexoinformativo.mx\/#\/schema\/person\/7749d380ba08c8ca00d7bc76fd907b7d\"},\"headline\":\"Pactan soluci\u00f3n para el R\u00edo Bravo M\u00e9xico y EEUU unen fuerzas por el abasto de agua en la frontera\",\"datePublished\":\"2025-04-29T16:00:35+00:00\",\"dateModified\":\"2025-04-29T19:39:01+00:00\",\"mainEntityOfPage\":{\"@id\":\"https:\/\/www.nexoinformativo.mx\/index.php\/2025\/04\/29\/pactan-solucion-para-el-rio-bravo-mexico-y-eeuu-unen-fuerzas-por-el-abasto-de-agua-en-la-frontera\/\"},\"wordCount\":280,\"commentCount\":0,\"publisher\":{\"@id\":\"https:\/\/www.nexoinformativo.mx\/#organization\"},\"image\":{\"@id\":\"https:\/\/www.nexoinformativo.mx\/index.php\/2025\/04\/29\/pactan-solucion-para-el-rio-bravo-mexico-y-eeuu-unen-fuerzas-por-el-abasto-de-agua-en-la-frontera\/#primaryimage\"},\"thumbnailUrl\":\"https:\/\/www.nexoinformativo.mx\/wp-content\/uploads\/2025\/04\/IMG_2667-e1745955361114.jpg\",\"keywords\":[\"AcuerdoAgua\",\"M\u00e9xicoEEUU\",\"R\u00edoBravo\",\"Tratado1944\"],\"articleSection\":[\"Nacional\",\"\u00daltima Hora\"],\"inLanguage\":\"es\",\"potentialAction\":[{\"@type\":\"CommentAction\",\"name\":\"Comment\",\"target\":[\"https:\/\/www.nexoinformativo.mx\/index.php\/2025\/04\/29\/pactan-solucion-para-el-rio-bravo-mexico-y-eeuu-unen-fuerzas-por-el-abasto-de-agua-en-la-frontera\/#respond\"]}]},{\"@type\":\"WebPage\",\"@id\":\"https:\/\/www.nexoinformativo.mx\/index.php\/2025\/04\/29\/pactan-solucion-para-el-rio-bravo-mexico-y-eeuu-unen-fuerzas-por-el-abasto-de-agua-en-la-frontera\/\",\"url\":\"https:\/\/www.nexoinformativo.mx\/index.php\/2025\/04\/29\/pactan-solucion-para-el-rio-bravo-mexico-y-eeuu-unen-fuerzas-por-el-abasto-de-agua-en-la-frontera\/\",\"name\":\"Pactan soluci\u00f3n para el R\u00edo Bravo M\u00e9xico y EEUU unen fuerzas por el abasto de agua en la frontera | Nexo Informativo Santiago de Quer\u00e9taro\",\"isPartOf\":{\"@id\":\"https:\/\/www.nexoinformativo.mx\/#website\"},\"primaryImageOfPage\":{\"@id\":\"https:\/\/www.nexoinformativo.mx\/index.php\/2025\/04\/29\/pactan-solucion-para-el-rio-bravo-mexico-y-eeuu-unen-fuerzas-por-el-abasto-de-agua-en-la-frontera\/#primaryimage\"},\"image\":{\"@id\":\"https:\/\/www.nexoinformativo.mx\/index.php\/2025\/04\/29\/pactan-solucion-para-el-rio-bravo-mexico-y-eeuu-unen-fuerzas-por-el-abasto-de-agua-en-la-frontera\/#primaryimage\"},\"thumbnailUrl\":\"https:\/\/www.nexoinformativo.mx\/wp-content\/uploads\/2025\/04\/IMG_2667-e1745955361114.jpg\",\"datePublished\":\"2025-04-29T16:00:35+00:00\",\"dateModified\":\"2025-04-29T19:39:01+00:00\",\"description\":\"Pactan soluci\u00f3n para el R\u00edo Bravo M\u00e9xico y EEUU unen fuerzas por el abasto de agua en la frontera\",\"breadcrumb\":{\"@id\":\"https:\/\/www.nexoinformativo.mx\/index.php\/2025\/04\/29\/pactan-solucion-para-el-rio-bravo-mexico-y-eeuu-unen-fuerzas-por-el-abasto-de-agua-en-la-frontera\/#breadcrumb\"},\"inLanguage\":\"es\",\"potentialAction\":[{\"@type\":\"ReadAction\",\"target\":[\"https:\/\/www.nexoinformativo.mx\/index.php\/2025\/04\/29\/pactan-solucion-para-el-rio-bravo-mexico-y-eeuu-unen-fuerzas-por-el-abasto-de-agua-en-la-frontera\/\"]}]},{\"@type\":\"ImageObject\",\"inLanguage\":\"es\",\"@id\":\"https:\/\/www.nexoinformativo.mx\/index.php\/2025\/04\/29\/pactan-solucion-para-el-rio-bravo-mexico-y-eeuu-unen-fuerzas-por-el-abasto-de-agua-en-la-frontera\/#primaryimage\",\"url\":\"https:\/\/www.nexoinformativo.mx\/wp-content\/uploads\/2025\/04\/IMG_2667-e1745955361114.jpg\",\"contentUrl\":\"https:\/\/www.nexoinformativo.mx\/wp-content\/uploads\/2025\/04\/IMG_2667-e1745955361114.jpg\",\"width\":750,\"height\":863},{\"@type\":\"BreadcrumbList\",\"@id\":\"https:\/\/www.nexoinformativo.mx\/index.php\/2025\/04\/29\/pactan-solucion-para-el-rio-bravo-mexico-y-eeuu-unen-fuerzas-por-el-abasto-de-agua-en-la-frontera\/#breadcrumb\",\"itemListElement\":[{\"@type\":\"ListItem\",\"position\":1,\"name\":\"Inicio\",\"item\":\"https:\/\/www.nexoinformativo.mx\/\"},{\"@type\":\"ListItem\",\"position\":2,\"name\":\"Pactan soluci\u00f3n para el R\u00edo Bravo M\u00e9xico y EEUU unen fuerzas por el abasto de agua en la frontera\"}]},{\"@type\":\"WebSite\",\"@id\":\"https:\/\/www.nexoinformativo.mx\/#website\",\"url\":\"https:\/\/www.nexoinformativo.mx\/\",\"name\":\"Nexo Informativo Santiago de Quer\u00e9taro\",\"description\":\"Explora NexoInformativo y convi\u00e9rtete en parte de una comunidad que valora el conocimiento y la verdad. Tu nexoinformativo es tu puente hacia una comprensi\u00f3n m\u00e1s profunda del mundo que te rodea.\",\"publisher\":{\"@id\":\"https:\/\/www.nexoinformativo.mx\/#organization\"},\"potentialAction\":[{\"@type\":\"SearchAction\",\"target\":{\"@type\":\"EntryPoint\",\"urlTemplate\":\"https:\/\/www.nexoinformativo.mx\/?s={search_term_string}\"},\"query-input\":{\"@type\":\"PropertyValueSpecification\",\"valueRequired\":true,\"valueName\":\"search_term_string\"}}],\"inLanguage\":\"es\"},{\"@type\":\"Organization\",\"@id\":\"https:\/\/www.nexoinformativo.mx\/#organization\",\"name\":\"Nexo Informativo Santiago de Quer\u00e9taro\",\"url\":\"https:\/\/www.nexoinformativo.mx\/\",\"logo\":{\"@type\":\"ImageObject\",\"inLanguage\":\"es\",\"@id\":\"https:\/\/www.nexoinformativo.mx\/#\/schema\/logo\/image\/\",\"url\":\"https:\/\/www.nexoinformativo.mx\/wp-content\/uploads\/2024\/07\/nexoi-trasparente-2.png\",\"contentUrl\":\"https:\/\/www.nexoinformativo.mx\/wp-content\/uploads\/2024\/07\/nexoi-trasparente-2.png\",\"width\":816,\"height\":339,\"caption\":\"Nexo Informativo Santiago de Quer\u00e9taro\"},\"image\":{\"@id\":\"https:\/\/www.nexoinformativo.mx\/#\/schema\/logo\/image\/\"},\"sameAs\":[\"https:\/\/www.facebook.com\/people\/Nexo-Informativo\/61564066885511\/\"]},{\"@type\":\"Person\",\"@id\":\"https:\/\/www.nexoinformativo.mx\/#\/schema\/person\/7749d380ba08c8ca00d7bc76fd907b7d\",\"name\":\"Nexo Informativo\",\"image\":{\"@type\":\"ImageObject\",\"inLanguage\":\"es\",\"@id\":\"https:\/\/www.nexoinformativo.mx\/#\/schema\/person\/image\/\",\"url\":\"https:\/\/secure.gravatar.com\/avatar\/dde2928154642a13d95f87ddf1ea9718fe2b46760a005c53e41ff5ad610704e6?s=96&d=mm&r=g\",\"contentUrl\":\"https:\/\/secure.gravatar.com\/avatar\/dde2928154642a13d95f87ddf1ea9718fe2b46760a005c53e41ff5ad610704e6?s=96&d=mm&r=g\",\"caption\":\"Nexo Informativo\"},\"url\":\"https:\/\/www.nexoinformativo.mx\/index.php\/author\/edicion\/\"}]}<\/script>\n<!-- \/ Yoast SEO plugin. -->","yoast_head_json":{"title":"Pactan soluci\u00f3n para el R\u00edo Bravo M\u00e9xico y EEUU unen fuerzas por el abasto de agua en la frontera | Nexo Informativo Santiago de Quer\u00e9taro","description":"Pactan soluci\u00f3n para el R\u00edo Bravo M\u00e9xico y EEUU unen fuerzas por el abasto de agua en la frontera","robots":{"index":"index","follow":"follow","max-snippet":"max-snippet:-1","max-image-preview":"max-image-preview:large","max-video-preview":"max-video-preview:-1"},"canonical":"https:\/\/www.nexoinformativo.mx\/index.php\/2025\/04\/29\/pactan-solucion-para-el-rio-bravo-mexico-y-eeuu-unen-fuerzas-por-el-abasto-de-agua-en-la-frontera\/","og_locale":"es_MX","og_type":"article","og_title":"Pactan soluci\u00f3n para el R\u00edo Bravo M\u00e9xico y EEUU unen fuerzas por el abasto de agua en la frontera | Nexo Informativo Santiago de Quer\u00e9taro","og_description":"Pactan soluci\u00f3n para el R\u00edo Bravo M\u00e9xico y EEUU unen fuerzas por el abasto de agua en la frontera","og_url":"https:\/\/www.nexoinformativo.mx\/index.php\/2025\/04\/29\/pactan-solucion-para-el-rio-bravo-mexico-y-eeuu-unen-fuerzas-por-el-abasto-de-agua-en-la-frontera\/","og_site_name":"Nexo Informativo Santiago de Quer\u00e9taro","article_publisher":"https:\/\/www.facebook.com\/people\/Nexo-Informativo\/61564066885511\/","article_published_time":"2025-04-29T16:00:35+00:00","article_modified_time":"2025-04-29T19:39:01+00:00","og_image":[{"width":750,"height":863,"url":"https:\/\/www.nexoinformativo.mx\/wp-content\/uploads\/2025\/04\/IMG_2667-e1745955361114.jpg","type":"image\/jpeg"}],"author":"Nexo Informativo","twitter_card":"summary_large_image","twitter_misc":{"Escrito por":"Nexo Informativo","Tiempo de lectura":"2 minutos"},"schema":{"@context":"https:\/\/schema.org","@graph":[{"@type":"Article","@id":"https:\/\/www.nexoinformativo.mx\/index.php\/2025\/04\/29\/pactan-solucion-para-el-rio-bravo-mexico-y-eeuu-unen-fuerzas-por-el-abasto-de-agua-en-la-frontera\/#article","isPartOf":{"@id":"https:\/\/www.nexoinformativo.mx\/index.php\/2025\/04\/29\/pactan-solucion-para-el-rio-bravo-mexico-y-eeuu-unen-fuerzas-por-el-abasto-de-agua-en-la-frontera\/"},"author":{"name":"Nexo Informativo","@id":"https:\/\/www.nexoinformativo.mx\/#\/schema\/person\/7749d380ba08c8ca00d7bc76fd907b7d"},"headline":"Pactan soluci\u00f3n para el R\u00edo Bravo M\u00e9xico y EEUU unen fuerzas por el abasto de agua en la frontera","datePublished":"2025-04-29T16:00:35+00:00","dateModified":"2025-04-29T19:39:01+00:00","mainEntityOfPage":{"@id":"https:\/\/www.nexoinformativo.mx\/index.php\/2025\/04\/29\/pactan-solucion-para-el-rio-bravo-mexico-y-eeuu-unen-fuerzas-por-el-abasto-de-agua-en-la-frontera\/"},"wordCount":280,"commentCount":0,"publisher":{"@id":"https:\/\/www.nexoinformativo.mx\/#organization"},"image":{"@id":"https:\/\/www.nexoinformativo.mx\/index.php\/2025\/04\/29\/pactan-solucion-para-el-rio-bravo-mexico-y-eeuu-unen-fuerzas-por-el-abasto-de-agua-en-la-frontera\/#primaryimage"},"thumbnailUrl":"https:\/\/www.nexoinformativo.mx\/wp-content\/uploads\/2025\/04\/IMG_2667-e1745955361114.jpg","keywords":["AcuerdoAgua","M\u00e9xicoEEUU","R\u00edoBravo","Tratado1944"],"articleSection":["Nacional","\u00daltima Hora"],"inLanguage":"es","potentialAction":[{"@type":"CommentAction","name":"Comment","target":["https:\/\/www.nexoinformativo.mx\/index.php\/2025\/04\/29\/pactan-solucion-para-el-rio-bravo-mexico-y-eeuu-unen-fuerzas-por-el-abasto-de-agua-en-la-frontera\/#respond"]}]},{"@type":"WebPage","@id":"https:\/\/www.nexoinformativo.mx\/index.php\/2025\/04\/29\/pactan-solucion-para-el-rio-bravo-mexico-y-eeuu-unen-fuerzas-por-el-abasto-de-agua-en-la-frontera\/","url":"https:\/\/www.nexoinformativo.mx\/index.php\/2025\/04\/29\/pactan-solucion-para-el-rio-bravo-mexico-y-eeuu-unen-fuerzas-por-el-abasto-de-agua-en-la-frontera\/","name":"Pactan soluci\u00f3n para el R\u00edo Bravo M\u00e9xico y EEUU unen fuerzas por el abasto de agua en la frontera | Nexo Informativo Santiago de Quer\u00e9taro","isPartOf":{"@id":"https:\/\/www.nexoinformativo.mx\/#website"},"primaryImageOfPage":{"@id":"https:\/\/www.nexoinformativo.mx\/index.php\/2025\/04\/29\/pactan-solucion-para-el-rio-bravo-mexico-y-eeuu-unen-fuerzas-por-el-abasto-de-agua-en-la-frontera\/#primaryimage"},"image":{"@id":"https:\/\/www.nexoinformativo.mx\/index.php\/2025\/04\/29\/pactan-solucion-para-el-rio-bravo-mexico-y-eeuu-unen-fuerzas-por-el-abasto-de-agua-en-la-frontera\/#primaryimage"},"thumbnailUrl":"https:\/\/www.nexoinformativo.mx\/wp-content\/uploads\/2025\/04\/IMG_2667-e1745955361114.jpg","datePublished":"2025-04-29T16:00:35+00:00","dateModified":"2025-04-29T19:39:01+00:00","description":"Pactan soluci\u00f3n para el R\u00edo Bravo M\u00e9xico y EEUU unen fuerzas por el abasto de agua en la frontera","breadcrumb":{"@id":"https:\/\/www.nexoinformativo.mx\/index.php\/2025\/04\/29\/pactan-solucion-para-el-rio-bravo-mexico-y-eeuu-unen-fuerzas-por-el-abasto-de-agua-en-la-frontera\/#breadcrumb"},"inLanguage":"es","potentialAction":[{"@type":"ReadAction","target":["https:\/\/www.nexoinformativo.mx\/index.php\/2025\/04\/29\/pactan-solucion-para-el-rio-bravo-mexico-y-eeuu-unen-fuerzas-por-el-abasto-de-agua-en-la-frontera\/"]}]},{"@type":"ImageObject","inLanguage":"es","@id":"https:\/\/www.nexoinformativo.mx\/index.php\/2025\/04\/29\/pactan-solucion-para-el-rio-bravo-mexico-y-eeuu-unen-fuerzas-por-el-abasto-de-agua-en-la-frontera\/#primaryimage","url":"https:\/\/www.nexoinformativo.mx\/wp-content\/uploads\/2025\/04\/IMG_2667-e1745955361114.jpg","contentUrl":"https:\/\/www.nexoinformativo.mx\/wp-content\/uploads\/2025\/04\/IMG_2667-e1745955361114.jpg","width":750,"height":863},{"@type":"BreadcrumbList","@id":"https:\/\/www.nexoinformativo.mx\/index.php\/2025\/04\/29\/pactan-solucion-para-el-rio-bravo-mexico-y-eeuu-unen-fuerzas-por-el-abasto-de-agua-en-la-frontera\/#breadcrumb","itemListElement":[{"@type":"ListItem","position":1,"name":"Inicio","item":"https:\/\/www.nexoinformativo.mx\/"},{"@type":"ListItem","position":2,"name":"Pactan soluci\u00f3n para el R\u00edo Bravo M\u00e9xico y EEUU unen fuerzas por el abasto de agua en la frontera"}]},{"@type":"WebSite","@id":"https:\/\/www.nexoinformativo.mx\/#website","url":"https:\/\/www.nexoinformativo.mx\/","name":"Nexo Informativo Santiago de Quer\u00e9taro","description":"Explora NexoInformativo y convi\u00e9rtete en parte de una comunidad que valora el conocimiento y la verdad. Tu nexoinformativo es tu puente hacia una comprensi\u00f3n m\u00e1s profunda del mundo que te rodea.","publisher":{"@id":"https:\/\/www.nexoinformativo.mx\/#organization"},"potentialAction":[{"@type":"SearchAction","target":{"@type":"EntryPoint","urlTemplate":"https:\/\/www.nexoinformativo.mx\/?s={search_term_string}"},"query-input":{"@type":"PropertyValueSpecification","valueRequired":true,"valueName":"search_term_string"}}],"inLanguage":"es"},{"@type":"Organization","@id":"https:\/\/www.nexoinformativo.mx\/#organization","name":"Nexo Informativo Santiago de Quer\u00e9taro","url":"https:\/\/www.nexoinformativo.mx\/","logo":{"@type":"ImageObject","inLanguage":"es","@id":"https:\/\/www.nexoinformativo.mx\/#\/schema\/logo\/image\/","url":"https:\/\/www.nexoinformativo.mx\/wp-content\/uploads\/2024\/07\/nexoi-trasparente-2.png","contentUrl":"https:\/\/www.nexoinformativo.mx\/wp-content\/uploads\/2024\/07\/nexoi-trasparente-2.png","width":816,"height":339,"caption":"Nexo Informativo Santiago de Quer\u00e9taro"},"image":{"@id":"https:\/\/www.nexoinformativo.mx\/#\/schema\/logo\/image\/"},"sameAs":["https:\/\/www.facebook.com\/people\/Nexo-Informativo\/61564066885511\/"]},{"@type":"Person","@id":"https:\/\/www.nexoinformativo.mx\/#\/schema\/person\/7749d380ba08c8ca00d7bc76fd907b7d","name":"Nexo Informativo","image":{"@type":"ImageObject","inLanguage":"es","@id":"https:\/\/www.nexoinformativo.mx\/#\/schema\/person\/image\/","url":"https:\/\/secure.gravatar.com\/avatar\/dde2928154642a13d95f87ddf1ea9718fe2b46760a005c53e41ff5ad610704e6?s=96&d=mm&r=g","contentUrl":"https:\/\/secure.gravatar.com\/avatar\/dde2928154642a13d95f87ddf1ea9718fe2b46760a005c53e41ff5ad610704e6?s=96&d=mm&r=g","caption":"Nexo Informativo"},"url":"https:\/\/www.nexoinformativo.mx\/index.php\/author\/edicion\/"}]}},"_links":{"self":[{"href":"https:\/\/www.nexoinformativo.mx\/index.php\/wp-json\/wp\/v2\/posts\/14594","targetHints":{"allow":["GET"]}}],"collection":[{"href":"https:\/\/www.nexoinformativo.mx\/index.php\/wp-json\/wp\/v2\/posts"}],"about":[{"href":"https:\/\/www.nexoinformativo.mx\/index.php\/wp-json\/wp\/v2\/types\/post"}],"author":[{"embeddable":true,"href":"https:\/\/www.nexoinformativo.mx\/index.php\/wp-json\/wp\/v2\/users\/3"}],"replies":[{"embeddable":true,"href":"https:\/\/www.nexoinformativo.mx\/index.php\/wp-json\/wp\/v2\/comments?post=14594"}],"version-history":[{"count":3,"href":"https:\/\/www.nexoinformativo.mx\/index.php\/wp-json\/wp\/v2\/posts\/14594\/revisions"}],"predecessor-version":[{"id":14598,"href":"https:\/\/www.nexoinformativo.mx\/index.php\/wp-json\/wp\/v2\/posts\/14594\/revisions\/14598"}],"wp:featuredmedia":[{"embeddable":true,"href":"https:\/\/www.nexoinformativo.mx\/index.php\/wp-json\/wp\/v2\/media\/14595"}],"wp:attachment":[{"href":"https:\/\/www.nexoinformativo.mx\/index.php\/wp-json\/wp\/v2\/media?parent=14594"}],"wp:term":[{"taxonomy":"category","embeddable":true,"href":"https:\/\/www.nexoinformativo.mx\/index.php\/wp-json\/wp\/v2\/categories?post=14594"},{"taxonomy":"post_tag","embeddable":true,"href":"https:\/\/www.nexoinformativo.mx\/index.php\/wp-json\/wp\/v2\/tags?post=14594"}],"curies":[{"name":"wp","href":"https:\/\/api.w.org\/{rel}","templated":true}]}}