{"id":14602,"date":"2025-05-01T06:00:19","date_gmt":"2025-05-01T12:00:19","guid":{"rendered":"https:\/\/www.nexoinformativo.mx\/?p=14602"},"modified":"2025-05-01T11:24:22","modified_gmt":"2025-05-01T17:24:22","slug":"adios-al-caos-el-marques-construira-nuevo-estacionamiento-de-300-cajones-en-la-canada","status":"publish","type":"post","link":"https:\/\/www.nexoinformativo.mx\/index.php\/2025\/05\/01\/adios-al-caos-el-marques-construira-nuevo-estacionamiento-de-300-cajones-en-la-canada\/","title":{"rendered":"Adi\u00f3s al caos El Marqu\u00e9s construir\u00e1 nuevo estacionamiento de 300 cajones en La Ca\u00f1ada"},"content":{"rendered":"<p style=\"text-align: justify;\" data-sourcepos=\"3:1-3:357\">El presidente municipal del Marqu\u00e9s, Rodrigo Monsalvo, anunci\u00f3 el inicio de la construcci\u00f3n de un nuevo estacionamiento con capacidad para alrededor de 300 veh\u00edculos en la plaza principal. Se espera que las obras arranquen en poco m\u00e1s de un mes.<\/p>\n<p>&nbsp;<\/p>\n<p style=\"text-align: justify;\" data-sourcepos=\"5:1-5:303\">Este proyecto, que forma parte de un plan integral para revitalizar el espacio urbano de la cabecera municipal, requerir\u00e1 una inversi\u00f3n aproximada de 200 millones de pesos, provenientes de recursos municipales.<\/p>\n<\/p>\n<p>&nbsp;<\/p>\n<p style=\"text-align: justify;\" data-sourcepos=\"5:1-5:303\">Se estima que el nuevo estacionamiento est\u00e9 terminado antes de que concluya el presente a\u00f1o. El alcalde Monsalvo destac\u00f3 que esta obra es solo la primera fase de un proyecto de mayor afluencia, cuyo objetivo final es transformar el centro de La Ca\u00f1ada en un macro espacio ordenado, funcional y con una imagen moderna.<\/p>\n<\/p>\n<p>&nbsp;<\/p>\n<p style=\"text-align: justify;\" data-sourcepos=\"5:1-5:303\"><strong>&#8220;Queremos que los ciudadanos del Marqu\u00e9s cuenten con mejores espacios y servicios&#8221;<\/strong>, enfatiz\u00f3 el edil.<\/p>\n<p>&nbsp;<\/p>\n<p style=\"text-align: justify;\" data-sourcepos=\"9:1-9:222\">Asimismo, record\u00f3 las mejoras previas que ya se han implementado en la zona, como la rehabilitaci\u00f3n de fachadas y la renovaci\u00f3n del equipamiento p\u00fablico, acciones que buscan embellecer y dinamizar el coraz\u00f3n del municipio.<\/p>\n<p>&nbsp;<\/p>\n<p style=\"text-align: center;\" data-sourcepos=\"9:1-9:222\"><em><strong>\u00a1Informaci\u00f3n que transforma!<\/strong><\/em><\/p>\n","protected":false},"excerpt":{"rendered":"<p>El presidente municipal del Marqu\u00e9s, Rodrigo Monsalvo, anunci\u00f3 el inicio de la construcci\u00f3n de un nuevo estacionamiento con capacidad para alrededor de 300 veh\u00edculos en la plaza principal. Se espera que las obras arranquen en poco m\u00e1s de un mes.<\/p>\n","protected":false},"author":3,"featured_media":14603,"comment_status":"open","ping_status":"open","sticky":false,"template":"","format":"standard","meta":{"footnotes":""},"categories":[65,58],"tags":[149,4326,189,3556],"class_list":["post-14602","post","type-post","status-publish","format-standard","has-post-thumbnail","hentry","category-municipios","category-ultima-hora","tag-elmarques","tag-estacionamiento","tag-lacanada","tag-movilidadqro"],"yoast_head":"<!-- This site is optimized with the Yoast SEO plugin v25.0 - https:\/\/yoast.com\/wordpress\/plugins\/seo\/ -->\n<title>Adi\u00f3s al caos El Marqu\u00e9s construir\u00e1 nuevo estacionamiento de 300 cajones en La Ca\u00f1ada | Nexo Informativo Santiago de Quer\u00e9taro<\/title>\n<meta name=\"description\" content=\"Adi\u00f3s al caos El Marqu\u00e9s construir\u00e1 nuevo estacionamiento de 300 cajones en La Ca\u00f1ada\" \/>\n<meta name=\"robots\" content=\"index, follow, max-snippet:-1, max-image-preview:large, max-video-preview:-1\" \/>\n<link rel=\"canonical\" href=\"https:\/\/www.nexoinformativo.mx\/index.php\/2025\/05\/01\/adios-al-caos-el-marques-construira-nuevo-estacionamiento-de-300-cajones-en-la-canada\/\" \/>\n<meta property=\"og:locale\" content=\"es_MX\" \/>\n<meta property=\"og:type\" content=\"article\" \/>\n<meta property=\"og:title\" content=\"Adi\u00f3s al caos El Marqu\u00e9s construir\u00e1 nuevo estacionamiento de 300 cajones en La Ca\u00f1ada | Nexo Informativo Santiago de Quer\u00e9taro\" \/>\n<meta property=\"og:description\" content=\"Adi\u00f3s al caos El Marqu\u00e9s construir\u00e1 nuevo estacionamiento de 300 cajones en La Ca\u00f1ada\" \/>\n<meta property=\"og:url\" content=\"https:\/\/www.nexoinformativo.mx\/index.php\/2025\/05\/01\/adios-al-caos-el-marques-construira-nuevo-estacionamiento-de-300-cajones-en-la-canada\/\" \/>\n<meta property=\"og:site_name\" content=\"Nexo Informativo Santiago de Quer\u00e9taro\" \/>\n<meta property=\"article:publisher\" content=\"https:\/\/www.facebook.com\/people\/Nexo-Informativo\/61564066885511\/\" \/>\n<meta property=\"article:published_time\" content=\"2025-05-01T12:00:19+00:00\" \/>\n<meta property=\"article:modified_time\" content=\"2025-05-01T17:24:22+00:00\" \/>\n<meta property=\"og:image\" content=\"https:\/\/www.nexoinformativo.mx\/wp-content\/uploads\/2025\/05\/PHOTO-2025-04-30-12-51-34-scaled-e1746120167385.jpg\" \/>\n\t<meta property=\"og:image:width\" content=\"800\" \/>\n\t<meta property=\"og:image:height\" content=\"533\" \/>\n\t<meta property=\"og:image:type\" content=\"image\/jpeg\" \/>\n<meta name=\"author\" content=\"Nexo Informativo\" \/>\n<meta name=\"twitter:card\" content=\"summary_large_image\" \/>\n<meta name=\"twitter:label1\" content=\"Escrito por\" \/>\n\t<meta name=\"twitter:data1\" content=\"Nexo Informativo\" \/>\n\t<meta name=\"twitter:label2\" content=\"Tiempo de lectura\" \/>\n\t<meta name=\"twitter:data2\" content=\"2 minutos\" \/>\n<script type=\"application\/ld+json\" class=\"yoast-schema-graph\">{\"@context\":\"https:\/\/schema.org\",\"@graph\":[{\"@type\":\"Article\",\"@id\":\"https:\/\/www.nexoinformativo.mx\/index.php\/2025\/05\/01\/adios-al-caos-el-marques-construira-nuevo-estacionamiento-de-300-cajones-en-la-canada\/#article\",\"isPartOf\":{\"@id\":\"https:\/\/www.nexoinformativo.mx\/index.php\/2025\/05\/01\/adios-al-caos-el-marques-construira-nuevo-estacionamiento-de-300-cajones-en-la-canada\/\"},\"author\":{\"name\":\"Nexo Informativo\",\"@id\":\"https:\/\/www.nexoinformativo.mx\/#\/schema\/person\/7749d380ba08c8ca00d7bc76fd907b7d\"},\"headline\":\"Adi\u00f3s al caos El Marqu\u00e9s construir\u00e1 nuevo estacionamiento de 300 cajones en La Ca\u00f1ada\",\"datePublished\":\"2025-05-01T12:00:19+00:00\",\"dateModified\":\"2025-05-01T17:24:22+00:00\",\"mainEntityOfPage\":{\"@id\":\"https:\/\/www.nexoinformativo.mx\/index.php\/2025\/05\/01\/adios-al-caos-el-marques-construira-nuevo-estacionamiento-de-300-cajones-en-la-canada\/\"},\"wordCount\":209,\"commentCount\":0,\"publisher\":{\"@id\":\"https:\/\/www.nexoinformativo.mx\/#organization\"},\"image\":{\"@id\":\"https:\/\/www.nexoinformativo.mx\/index.php\/2025\/05\/01\/adios-al-caos-el-marques-construira-nuevo-estacionamiento-de-300-cajones-en-la-canada\/#primaryimage\"},\"thumbnailUrl\":\"https:\/\/www.nexoinformativo.mx\/wp-content\/uploads\/2025\/05\/PHOTO-2025-04-30-12-51-34-scaled-e1746120167385.jpg\",\"keywords\":[\"elmarques\",\"Estacionamiento\",\"LaCa\u00f1ada\",\"MovilidadQro\"],\"articleSection\":[\"Municipios\",\"\u00daltima Hora\"],\"inLanguage\":\"es\",\"potentialAction\":[{\"@type\":\"CommentAction\",\"name\":\"Comment\",\"target\":[\"https:\/\/www.nexoinformativo.mx\/index.php\/2025\/05\/01\/adios-al-caos-el-marques-construira-nuevo-estacionamiento-de-300-cajones-en-la-canada\/#respond\"]}]},{\"@type\":\"WebPage\",\"@id\":\"https:\/\/www.nexoinformativo.mx\/index.php\/2025\/05\/01\/adios-al-caos-el-marques-construira-nuevo-estacionamiento-de-300-cajones-en-la-canada\/\",\"url\":\"https:\/\/www.nexoinformativo.mx\/index.php\/2025\/05\/01\/adios-al-caos-el-marques-construira-nuevo-estacionamiento-de-300-cajones-en-la-canada\/\",\"name\":\"Adi\u00f3s al caos El Marqu\u00e9s construir\u00e1 nuevo estacionamiento de 300 cajones en La Ca\u00f1ada | Nexo Informativo Santiago de Quer\u00e9taro\",\"isPartOf\":{\"@id\":\"https:\/\/www.nexoinformativo.mx\/#website\"},\"primaryImageOfPage\":{\"@id\":\"https:\/\/www.nexoinformativo.mx\/index.php\/2025\/05\/01\/adios-al-caos-el-marques-construira-nuevo-estacionamiento-de-300-cajones-en-la-canada\/#primaryimage\"},\"image\":{\"@id\":\"https:\/\/www.nexoinformativo.mx\/index.php\/2025\/05\/01\/adios-al-caos-el-marques-construira-nuevo-estacionamiento-de-300-cajones-en-la-canada\/#primaryimage\"},\"thumbnailUrl\":\"https:\/\/www.nexoinformativo.mx\/wp-content\/uploads\/2025\/05\/PHOTO-2025-04-30-12-51-34-scaled-e1746120167385.jpg\",\"datePublished\":\"2025-05-01T12:00:19+00:00\",\"dateModified\":\"2025-05-01T17:24:22+00:00\",\"description\":\"Adi\u00f3s al caos El Marqu\u00e9s construir\u00e1 nuevo estacionamiento de 300 cajones en La Ca\u00f1ada\",\"breadcrumb\":{\"@id\":\"https:\/\/www.nexoinformativo.mx\/index.php\/2025\/05\/01\/adios-al-caos-el-marques-construira-nuevo-estacionamiento-de-300-cajones-en-la-canada\/#breadcrumb\"},\"inLanguage\":\"es\",\"potentialAction\":[{\"@type\":\"ReadAction\",\"target\":[\"https:\/\/www.nexoinformativo.mx\/index.php\/2025\/05\/01\/adios-al-caos-el-marques-construira-nuevo-estacionamiento-de-300-cajones-en-la-canada\/\"]}]},{\"@type\":\"ImageObject\",\"inLanguage\":\"es\",\"@id\":\"https:\/\/www.nexoinformativo.mx\/index.php\/2025\/05\/01\/adios-al-caos-el-marques-construira-nuevo-estacionamiento-de-300-cajones-en-la-canada\/#primaryimage\",\"url\":\"https:\/\/www.nexoinformativo.mx\/wp-content\/uploads\/2025\/05\/PHOTO-2025-04-30-12-51-34-scaled-e1746120167385.jpg\",\"contentUrl\":\"https:\/\/www.nexoinformativo.mx\/wp-content\/uploads\/2025\/05\/PHOTO-2025-04-30-12-51-34-scaled-e1746120167385.jpg\",\"width\":800,\"height\":533},{\"@type\":\"BreadcrumbList\",\"@id\":\"https:\/\/www.nexoinformativo.mx\/index.php\/2025\/05\/01\/adios-al-caos-el-marques-construira-nuevo-estacionamiento-de-300-cajones-en-la-canada\/#breadcrumb\",\"itemListElement\":[{\"@type\":\"ListItem\",\"position\":1,\"name\":\"Inicio\",\"item\":\"https:\/\/www.nexoinformativo.mx\/\"},{\"@type\":\"ListItem\",\"position\":2,\"name\":\"Adi\u00f3s al caos El Marqu\u00e9s construir\u00e1 nuevo estacionamiento de 300 cajones en La Ca\u00f1ada\"}]},{\"@type\":\"WebSite\",\"@id\":\"https:\/\/www.nexoinformativo.mx\/#website\",\"url\":\"https:\/\/www.nexoinformativo.mx\/\",\"name\":\"Nexo Informativo Santiago de Quer\u00e9taro\",\"description\":\"Explora NexoInformativo y convi\u00e9rtete en parte de una comunidad que valora el conocimiento y la verdad. Tu nexoinformativo es tu puente hacia una comprensi\u00f3n m\u00e1s profunda del mundo que te rodea.\",\"publisher\":{\"@id\":\"https:\/\/www.nexoinformativo.mx\/#organization\"},\"potentialAction\":[{\"@type\":\"SearchAction\",\"target\":{\"@type\":\"EntryPoint\",\"urlTemplate\":\"https:\/\/www.nexoinformativo.mx\/?s={search_term_string}\"},\"query-input\":{\"@type\":\"PropertyValueSpecification\",\"valueRequired\":true,\"valueName\":\"search_term_string\"}}],\"inLanguage\":\"es\"},{\"@type\":\"Organization\",\"@id\":\"https:\/\/www.nexoinformativo.mx\/#organization\",\"name\":\"Nexo Informativo Santiago de Quer\u00e9taro\",\"url\":\"https:\/\/www.nexoinformativo.mx\/\",\"logo\":{\"@type\":\"ImageObject\",\"inLanguage\":\"es\",\"@id\":\"https:\/\/www.nexoinformativo.mx\/#\/schema\/logo\/image\/\",\"url\":\"https:\/\/www.nexoinformativo.mx\/wp-content\/uploads\/2024\/07\/nexoi-trasparente-2.png\",\"contentUrl\":\"https:\/\/www.nexoinformativo.mx\/wp-content\/uploads\/2024\/07\/nexoi-trasparente-2.png\",\"width\":816,\"height\":339,\"caption\":\"Nexo Informativo Santiago de Quer\u00e9taro\"},\"image\":{\"@id\":\"https:\/\/www.nexoinformativo.mx\/#\/schema\/logo\/image\/\"},\"sameAs\":[\"https:\/\/www.facebook.com\/people\/Nexo-Informativo\/61564066885511\/\"]},{\"@type\":\"Person\",\"@id\":\"https:\/\/www.nexoinformativo.mx\/#\/schema\/person\/7749d380ba08c8ca00d7bc76fd907b7d\",\"name\":\"Nexo Informativo\",\"image\":{\"@type\":\"ImageObject\",\"inLanguage\":\"es\",\"@id\":\"https:\/\/www.nexoinformativo.mx\/#\/schema\/person\/image\/\",\"url\":\"https:\/\/secure.gravatar.com\/avatar\/dde2928154642a13d95f87ddf1ea9718fe2b46760a005c53e41ff5ad610704e6?s=96&d=mm&r=g\",\"contentUrl\":\"https:\/\/secure.gravatar.com\/avatar\/dde2928154642a13d95f87ddf1ea9718fe2b46760a005c53e41ff5ad610704e6?s=96&d=mm&r=g\",\"caption\":\"Nexo Informativo\"},\"url\":\"https:\/\/www.nexoinformativo.mx\/index.php\/author\/edicion\/\"}]}<\/script>\n<!-- \/ Yoast SEO plugin. -->","yoast_head_json":{"title":"Adi\u00f3s al caos El Marqu\u00e9s construir\u00e1 nuevo estacionamiento de 300 cajones en La Ca\u00f1ada | Nexo Informativo Santiago de Quer\u00e9taro","description":"Adi\u00f3s al caos El Marqu\u00e9s construir\u00e1 nuevo estacionamiento de 300 cajones en La Ca\u00f1ada","robots":{"index":"index","follow":"follow","max-snippet":"max-snippet:-1","max-image-preview":"max-image-preview:large","max-video-preview":"max-video-preview:-1"},"canonical":"https:\/\/www.nexoinformativo.mx\/index.php\/2025\/05\/01\/adios-al-caos-el-marques-construira-nuevo-estacionamiento-de-300-cajones-en-la-canada\/","og_locale":"es_MX","og_type":"article","og_title":"Adi\u00f3s al caos El Marqu\u00e9s construir\u00e1 nuevo estacionamiento de 300 cajones en La Ca\u00f1ada | Nexo Informativo Santiago de Quer\u00e9taro","og_description":"Adi\u00f3s al caos El Marqu\u00e9s construir\u00e1 nuevo estacionamiento de 300 cajones en La Ca\u00f1ada","og_url":"https:\/\/www.nexoinformativo.mx\/index.php\/2025\/05\/01\/adios-al-caos-el-marques-construira-nuevo-estacionamiento-de-300-cajones-en-la-canada\/","og_site_name":"Nexo Informativo Santiago de Quer\u00e9taro","article_publisher":"https:\/\/www.facebook.com\/people\/Nexo-Informativo\/61564066885511\/","article_published_time":"2025-05-01T12:00:19+00:00","article_modified_time":"2025-05-01T17:24:22+00:00","og_image":[{"width":800,"height":533,"url":"https:\/\/www.nexoinformativo.mx\/wp-content\/uploads\/2025\/05\/PHOTO-2025-04-30-12-51-34-scaled-e1746120167385.jpg","type":"image\/jpeg"}],"author":"Nexo Informativo","twitter_card":"summary_large_image","twitter_misc":{"Escrito por":"Nexo Informativo","Tiempo de lectura":"2 minutos"},"schema":{"@context":"https:\/\/schema.org","@graph":[{"@type":"Article","@id":"https:\/\/www.nexoinformativo.mx\/index.php\/2025\/05\/01\/adios-al-caos-el-marques-construira-nuevo-estacionamiento-de-300-cajones-en-la-canada\/#article","isPartOf":{"@id":"https:\/\/www.nexoinformativo.mx\/index.php\/2025\/05\/01\/adios-al-caos-el-marques-construira-nuevo-estacionamiento-de-300-cajones-en-la-canada\/"},"author":{"name":"Nexo Informativo","@id":"https:\/\/www.nexoinformativo.mx\/#\/schema\/person\/7749d380ba08c8ca00d7bc76fd907b7d"},"headline":"Adi\u00f3s al caos El Marqu\u00e9s construir\u00e1 nuevo estacionamiento de 300 cajones en La Ca\u00f1ada","datePublished":"2025-05-01T12:00:19+00:00","dateModified":"2025-05-01T17:24:22+00:00","mainEntityOfPage":{"@id":"https:\/\/www.nexoinformativo.mx\/index.php\/2025\/05\/01\/adios-al-caos-el-marques-construira-nuevo-estacionamiento-de-300-cajones-en-la-canada\/"},"wordCount":209,"commentCount":0,"publisher":{"@id":"https:\/\/www.nexoinformativo.mx\/#organization"},"image":{"@id":"https:\/\/www.nexoinformativo.mx\/index.php\/2025\/05\/01\/adios-al-caos-el-marques-construira-nuevo-estacionamiento-de-300-cajones-en-la-canada\/#primaryimage"},"thumbnailUrl":"https:\/\/www.nexoinformativo.mx\/wp-content\/uploads\/2025\/05\/PHOTO-2025-04-30-12-51-34-scaled-e1746120167385.jpg","keywords":["elmarques","Estacionamiento","LaCa\u00f1ada","MovilidadQro"],"articleSection":["Municipios","\u00daltima Hora"],"inLanguage":"es","potentialAction":[{"@type":"CommentAction","name":"Comment","target":["https:\/\/www.nexoinformativo.mx\/index.php\/2025\/05\/01\/adios-al-caos-el-marques-construira-nuevo-estacionamiento-de-300-cajones-en-la-canada\/#respond"]}]},{"@type":"WebPage","@id":"https:\/\/www.nexoinformativo.mx\/index.php\/2025\/05\/01\/adios-al-caos-el-marques-construira-nuevo-estacionamiento-de-300-cajones-en-la-canada\/","url":"https:\/\/www.nexoinformativo.mx\/index.php\/2025\/05\/01\/adios-al-caos-el-marques-construira-nuevo-estacionamiento-de-300-cajones-en-la-canada\/","name":"Adi\u00f3s al caos El Marqu\u00e9s construir\u00e1 nuevo estacionamiento de 300 cajones en La Ca\u00f1ada | Nexo Informativo Santiago de Quer\u00e9taro","isPartOf":{"@id":"https:\/\/www.nexoinformativo.mx\/#website"},"primaryImageOfPage":{"@id":"https:\/\/www.nexoinformativo.mx\/index.php\/2025\/05\/01\/adios-al-caos-el-marques-construira-nuevo-estacionamiento-de-300-cajones-en-la-canada\/#primaryimage"},"image":{"@id":"https:\/\/www.nexoinformativo.mx\/index.php\/2025\/05\/01\/adios-al-caos-el-marques-construira-nuevo-estacionamiento-de-300-cajones-en-la-canada\/#primaryimage"},"thumbnailUrl":"https:\/\/www.nexoinformativo.mx\/wp-content\/uploads\/2025\/05\/PHOTO-2025-04-30-12-51-34-scaled-e1746120167385.jpg","datePublished":"2025-05-01T12:00:19+00:00","dateModified":"2025-05-01T17:24:22+00:00","description":"Adi\u00f3s al caos El Marqu\u00e9s construir\u00e1 nuevo estacionamiento de 300 cajones en La Ca\u00f1ada","breadcrumb":{"@id":"https:\/\/www.nexoinformativo.mx\/index.php\/2025\/05\/01\/adios-al-caos-el-marques-construira-nuevo-estacionamiento-de-300-cajones-en-la-canada\/#breadcrumb"},"inLanguage":"es","potentialAction":[{"@type":"ReadAction","target":["https:\/\/www.nexoinformativo.mx\/index.php\/2025\/05\/01\/adios-al-caos-el-marques-construira-nuevo-estacionamiento-de-300-cajones-en-la-canada\/"]}]},{"@type":"ImageObject","inLanguage":"es","@id":"https:\/\/www.nexoinformativo.mx\/index.php\/2025\/05\/01\/adios-al-caos-el-marques-construira-nuevo-estacionamiento-de-300-cajones-en-la-canada\/#primaryimage","url":"https:\/\/www.nexoinformativo.mx\/wp-content\/uploads\/2025\/05\/PHOTO-2025-04-30-12-51-34-scaled-e1746120167385.jpg","contentUrl":"https:\/\/www.nexoinformativo.mx\/wp-content\/uploads\/2025\/05\/PHOTO-2025-04-30-12-51-34-scaled-e1746120167385.jpg","width":800,"height":533},{"@type":"BreadcrumbList","@id":"https:\/\/www.nexoinformativo.mx\/index.php\/2025\/05\/01\/adios-al-caos-el-marques-construira-nuevo-estacionamiento-de-300-cajones-en-la-canada\/#breadcrumb","itemListElement":[{"@type":"ListItem","position":1,"name":"Inicio","item":"https:\/\/www.nexoinformativo.mx\/"},{"@type":"ListItem","position":2,"name":"Adi\u00f3s al caos El Marqu\u00e9s construir\u00e1 nuevo estacionamiento de 300 cajones en La Ca\u00f1ada"}]},{"@type":"WebSite","@id":"https:\/\/www.nexoinformativo.mx\/#website","url":"https:\/\/www.nexoinformativo.mx\/","name":"Nexo Informativo Santiago de Quer\u00e9taro","description":"Explora NexoInformativo y convi\u00e9rtete en parte de una comunidad que valora el conocimiento y la verdad. Tu nexoinformativo es tu puente hacia una comprensi\u00f3n m\u00e1s profunda del mundo que te rodea.","publisher":{"@id":"https:\/\/www.nexoinformativo.mx\/#organization"},"potentialAction":[{"@type":"SearchAction","target":{"@type":"EntryPoint","urlTemplate":"https:\/\/www.nexoinformativo.mx\/?s={search_term_string}"},"query-input":{"@type":"PropertyValueSpecification","valueRequired":true,"valueName":"search_term_string"}}],"inLanguage":"es"},{"@type":"Organization","@id":"https:\/\/www.nexoinformativo.mx\/#organization","name":"Nexo Informativo Santiago de Quer\u00e9taro","url":"https:\/\/www.nexoinformativo.mx\/","logo":{"@type":"ImageObject","inLanguage":"es","@id":"https:\/\/www.nexoinformativo.mx\/#\/schema\/logo\/image\/","url":"https:\/\/www.nexoinformativo.mx\/wp-content\/uploads\/2024\/07\/nexoi-trasparente-2.png","contentUrl":"https:\/\/www.nexoinformativo.mx\/wp-content\/uploads\/2024\/07\/nexoi-trasparente-2.png","width":816,"height":339,"caption":"Nexo Informativo Santiago de Quer\u00e9taro"},"image":{"@id":"https:\/\/www.nexoinformativo.mx\/#\/schema\/logo\/image\/"},"sameAs":["https:\/\/www.facebook.com\/people\/Nexo-Informativo\/61564066885511\/"]},{"@type":"Person","@id":"https:\/\/www.nexoinformativo.mx\/#\/schema\/person\/7749d380ba08c8ca00d7bc76fd907b7d","name":"Nexo Informativo","image":{"@type":"ImageObject","inLanguage":"es","@id":"https:\/\/www.nexoinformativo.mx\/#\/schema\/person\/image\/","url":"https:\/\/secure.gravatar.com\/avatar\/dde2928154642a13d95f87ddf1ea9718fe2b46760a005c53e41ff5ad610704e6?s=96&d=mm&r=g","contentUrl":"https:\/\/secure.gravatar.com\/avatar\/dde2928154642a13d95f87ddf1ea9718fe2b46760a005c53e41ff5ad610704e6?s=96&d=mm&r=g","caption":"Nexo Informativo"},"url":"https:\/\/www.nexoinformativo.mx\/index.php\/author\/edicion\/"}]}},"_links":{"self":[{"href":"https:\/\/www.nexoinformativo.mx\/index.php\/wp-json\/wp\/v2\/posts\/14602","targetHints":{"allow":["GET"]}}],"collection":[{"href":"https:\/\/www.nexoinformativo.mx\/index.php\/wp-json\/wp\/v2\/posts"}],"about":[{"href":"https:\/\/www.nexoinformativo.mx\/index.php\/wp-json\/wp\/v2\/types\/post"}],"author":[{"embeddable":true,"href":"https:\/\/www.nexoinformativo.mx\/index.php\/wp-json\/wp\/v2\/users\/3"}],"replies":[{"embeddable":true,"href":"https:\/\/www.nexoinformativo.mx\/index.php\/wp-json\/wp\/v2\/comments?post=14602"}],"version-history":[{"count":4,"href":"https:\/\/www.nexoinformativo.mx\/index.php\/wp-json\/wp\/v2\/posts\/14602\/revisions"}],"predecessor-version":[{"id":14606,"href":"https:\/\/www.nexoinformativo.mx\/index.php\/wp-json\/wp\/v2\/posts\/14602\/revisions\/14606"}],"wp:featuredmedia":[{"embeddable":true,"href":"https:\/\/www.nexoinformativo.mx\/index.php\/wp-json\/wp\/v2\/media\/14603"}],"wp:attachment":[{"href":"https:\/\/www.nexoinformativo.mx\/index.php\/wp-json\/wp\/v2\/media?parent=14602"}],"wp:term":[{"taxonomy":"category","embeddable":true,"href":"https:\/\/www.nexoinformativo.mx\/index.php\/wp-json\/wp\/v2\/categories?post=14602"},{"taxonomy":"post_tag","embeddable":true,"href":"https:\/\/www.nexoinformativo.mx\/index.php\/wp-json\/wp\/v2\/tags?post=14602"}],"curies":[{"name":"wp","href":"https:\/\/api.w.org\/{rel}","templated":true}]}}