{"id":14616,"date":"2025-05-01T08:00:37","date_gmt":"2025-05-01T14:00:37","guid":{"rendered":"https:\/\/www.nexoinformativo.mx\/?p=14616"},"modified":"2025-05-01T11:38:28","modified_gmt":"2025-05-01T17:38:28","slug":"frente-a-los-retos-mundiales-coparmex-queretaro-apuesta-por-la-fuerza-de-la-colaboracion-empresarial","status":"publish","type":"post","link":"https:\/\/www.nexoinformativo.mx\/index.php\/2025\/05\/01\/frente-a-los-retos-mundiales-coparmex-queretaro-apuesta-por-la-fuerza-de-la-colaboracion-empresarial\/","title":{"rendered":"Frente a los retos mundiales COPARMEX Quer\u00e9taro apuesta por la fuerza de la colaboraci\u00f3n empresarial"},"content":{"rendered":"<p style=\"text-align: justify;\" data-sourcepos=\"3:1-3:449\">Ante un panorama global lleno de desaf\u00edos, la Confederaci\u00f3n Patronal de la Rep\u00fablica Mexicana (COPARMEX) Quer\u00e9taro reafirm\u00f3 la clave para el \u00e9xito: la colaboraci\u00f3n.<\/p>\n<p>&nbsp;<\/p>\n<p style=\"text-align: justify;\" data-sourcepos=\"3:1-3:449\">En su reciente reuni\u00f3n informativa mensual, la presidenta del organismo, Beatriz Hern\u00e1ndez Rojas, hizo un llamado en\u00e9rgico al sector empresarial para fortalecer la sinergia y el trabajo en equipo como pilares fundamentales para enfrentar la incertidumbre.<\/p>\n<p>&nbsp;<\/p>\n<p style=\"text-align: justify;\" data-sourcepos=\"5:1-5:261\">Hern\u00e1ndez Rojas enfatiz\u00f3 el poder de la &#8220;triple h\u00e9lice&#8221; \u2013 la uni\u00f3n estrat\u00e9gica entre gobierno, empresas y academia \u2013 como motor de desarrollo para que las compa\u00f1\u00edas queretanas no solo sean productivas y competitivas, sino tambi\u00e9n integrales y con visi\u00f3n global.<\/p>\n<p>&nbsp;<\/p>\n<p style=\"text-align: justify;\" data-sourcepos=\"7:1-7:259\">&#8220;Estamos en los mejores indicadores porque sabemos trabajar en sinergia, en equipo y triple h\u00e9lice. Tenemos un gran compromiso para que nuestras empresas sean productivas y competitivas, pero ahora tambi\u00e9n integrales y globales&#8221;, asever\u00f3 la l\u00edder empresarial.<\/p>\n<p>&nbsp;<\/p>\n<p style=\"text-align: justify;\" data-sourcepos=\"9:1-9:218\">Adem\u00e1s, destac\u00f3 el compromiso de COPARMEX en promover que las empresas adopten pr\u00e1cticas responsables con la comunidad y el medio ambiente, al mismo tiempo que se impulsan activamente los procesos de comercio exterior.<\/p>\n<p>&nbsp;<\/p>\n<p style=\"text-align: justify;\" data-sourcepos=\"13:1-13:432\">Del Prete reconoci\u00f3 los importantes retos que enfrenta el estado en materia comercial, laboral y en la relaci\u00f3n con Estados Unidos en este 2025. Sin embargo, resalt\u00f3 la implementaci\u00f3n de una estrategia de aceleraci\u00f3n del empleo por parte del gobierno estatal, en estrecha colaboraci\u00f3n con el sector empresarial.<\/p>\n<p>&nbsp;<\/p>\n<p style=\"text-align: justify;\" data-sourcepos=\"15:1-15:267\">\u201cEstamos fortaleciendo el mercado interno mediante programas que apoyan a peque\u00f1os empresarios, comerciantes, prestadores de servicios e industriales. Buscamos incentivar la econom\u00eda local sin descuidar la atracci\u00f3n de inversi\u00f3n productiva\u201d, puntualiz\u00f3 el secretario.<\/p>\n<p>&nbsp;<\/p>\n<p style=\"text-align: justify;\" data-sourcepos=\"19:1-19:265\">Finalmente, el titular de SEDESU subray\u00f3 la consolidaci\u00f3n de los cl\u00fasteres industriales como un componente esencial del modelo de desarrollo basado en la triple h\u00e9lice, factor que ha posicionado a Quer\u00e9taro como un referente nacional en innovaci\u00f3n y competitividad.<\/p>\n<p>&nbsp;<\/p>\n<p style=\"text-align: center;\" data-sourcepos=\"19:1-19:265\"><em><strong>\u00a1Informaci\u00f3n que transforma!<\/strong><\/em><\/p>\n","protected":false},"excerpt":{"rendered":"<p>Ante un panorama global lleno de desaf\u00edos, la Confederaci\u00f3n Patronal de la Rep\u00fablica Mexicana (COPARMEX) Quer\u00e9taro reafirm\u00f3 la clave para el \u00e9xito: la colaboraci\u00f3n.<\/p>\n","protected":false},"author":3,"featured_media":14617,"comment_status":"open","ping_status":"open","sticky":false,"template":"","format":"standard","meta":{"footnotes":""},"categories":[5,42,58],"tags":[4328,4331,4329,4330],"class_list":["post-14616","post","type-post","status-publish","format-standard","has-post-thumbnail","hentry","category-economia","category-estado","category-ultima-hora","tag-coparmexqro","tag-queretaroglobal","tag-sinergiaempresarial","tag-triplehelice"],"yoast_head":"<!-- This site is optimized with the Yoast SEO plugin v25.0 - https:\/\/yoast.com\/wordpress\/plugins\/seo\/ -->\n<title>Frente a los retos mundiales COPARMEX Quer\u00e9taro apuesta por la fuerza de la colaboraci\u00f3n empresarial | Nexo Informativo Santiago de Quer\u00e9taro<\/title>\n<meta name=\"description\" content=\"Frente a los retos mundiales COPARMEX Quer\u00e9taro apuesta por la fuerza de la colaboraci\u00f3n empresarial\" \/>\n<meta name=\"robots\" content=\"index, follow, max-snippet:-1, max-image-preview:large, max-video-preview:-1\" \/>\n<link rel=\"canonical\" href=\"https:\/\/www.nexoinformativo.mx\/index.php\/2025\/05\/01\/frente-a-los-retos-mundiales-coparmex-queretaro-apuesta-por-la-fuerza-de-la-colaboracion-empresarial\/\" \/>\n<meta property=\"og:locale\" content=\"es_MX\" \/>\n<meta property=\"og:type\" content=\"article\" \/>\n<meta property=\"og:title\" content=\"Frente a los retos mundiales COPARMEX Quer\u00e9taro apuesta por la fuerza de la colaboraci\u00f3n empresarial | Nexo Informativo Santiago de Quer\u00e9taro\" \/>\n<meta property=\"og:description\" content=\"Frente a los retos mundiales COPARMEX Quer\u00e9taro apuesta por la fuerza de la colaboraci\u00f3n empresarial\" \/>\n<meta property=\"og:url\" content=\"https:\/\/www.nexoinformativo.mx\/index.php\/2025\/05\/01\/frente-a-los-retos-mundiales-coparmex-queretaro-apuesta-por-la-fuerza-de-la-colaboracion-empresarial\/\" \/>\n<meta property=\"og:site_name\" content=\"Nexo Informativo Santiago de Quer\u00e9taro\" \/>\n<meta property=\"article:publisher\" content=\"https:\/\/www.facebook.com\/people\/Nexo-Informativo\/61564066885511\/\" \/>\n<meta property=\"article:published_time\" content=\"2025-05-01T14:00:37+00:00\" \/>\n<meta property=\"article:modified_time\" content=\"2025-05-01T17:38:28+00:00\" \/>\n<meta property=\"og:image\" content=\"https:\/\/www.nexoinformativo.mx\/wp-content\/uploads\/2025\/05\/PHOTO-2025-04-30-12-52-32-scaled-e1746120970801.jpg\" \/>\n\t<meta property=\"og:image:width\" content=\"800\" \/>\n\t<meta property=\"og:image:height\" content=\"533\" \/>\n\t<meta property=\"og:image:type\" content=\"image\/jpeg\" \/>\n<meta name=\"author\" content=\"Nexo Informativo\" \/>\n<meta name=\"twitter:card\" content=\"summary_large_image\" \/>\n<meta name=\"twitter:label1\" content=\"Escrito por\" \/>\n\t<meta name=\"twitter:data1\" content=\"Nexo Informativo\" \/>\n\t<meta name=\"twitter:label2\" content=\"Tiempo de lectura\" \/>\n\t<meta name=\"twitter:data2\" content=\"2 minutos\" \/>\n<script type=\"application\/ld+json\" class=\"yoast-schema-graph\">{\"@context\":\"https:\/\/schema.org\",\"@graph\":[{\"@type\":\"Article\",\"@id\":\"https:\/\/www.nexoinformativo.mx\/index.php\/2025\/05\/01\/frente-a-los-retos-mundiales-coparmex-queretaro-apuesta-por-la-fuerza-de-la-colaboracion-empresarial\/#article\",\"isPartOf\":{\"@id\":\"https:\/\/www.nexoinformativo.mx\/index.php\/2025\/05\/01\/frente-a-los-retos-mundiales-coparmex-queretaro-apuesta-por-la-fuerza-de-la-colaboracion-empresarial\/\"},\"author\":{\"name\":\"Nexo Informativo\",\"@id\":\"https:\/\/www.nexoinformativo.mx\/#\/schema\/person\/7749d380ba08c8ca00d7bc76fd907b7d\"},\"headline\":\"Frente a los retos mundiales COPARMEX Quer\u00e9taro apuesta por la fuerza de la colaboraci\u00f3n empresarial\",\"datePublished\":\"2025-05-01T14:00:37+00:00\",\"dateModified\":\"2025-05-01T17:38:28+00:00\",\"mainEntityOfPage\":{\"@id\":\"https:\/\/www.nexoinformativo.mx\/index.php\/2025\/05\/01\/frente-a-los-retos-mundiales-coparmex-queretaro-apuesta-por-la-fuerza-de-la-colaboracion-empresarial\/\"},\"wordCount\":350,\"commentCount\":0,\"publisher\":{\"@id\":\"https:\/\/www.nexoinformativo.mx\/#organization\"},\"image\":{\"@id\":\"https:\/\/www.nexoinformativo.mx\/index.php\/2025\/05\/01\/frente-a-los-retos-mundiales-coparmex-queretaro-apuesta-por-la-fuerza-de-la-colaboracion-empresarial\/#primaryimage\"},\"thumbnailUrl\":\"https:\/\/www.nexoinformativo.mx\/wp-content\/uploads\/2025\/05\/PHOTO-2025-04-30-12-52-32-scaled-e1746120970801.jpg\",\"keywords\":[\"COPARMEXQro\",\"Quer\u00e9taroGlobal\",\"SinergiaEmpresarial\",\"TripleH\u00e9lice\"],\"articleSection\":[\"Econom\u00eda\",\"Estado\",\"\u00daltima Hora\"],\"inLanguage\":\"es\",\"potentialAction\":[{\"@type\":\"CommentAction\",\"name\":\"Comment\",\"target\":[\"https:\/\/www.nexoinformativo.mx\/index.php\/2025\/05\/01\/frente-a-los-retos-mundiales-coparmex-queretaro-apuesta-por-la-fuerza-de-la-colaboracion-empresarial\/#respond\"]}]},{\"@type\":\"WebPage\",\"@id\":\"https:\/\/www.nexoinformativo.mx\/index.php\/2025\/05\/01\/frente-a-los-retos-mundiales-coparmex-queretaro-apuesta-por-la-fuerza-de-la-colaboracion-empresarial\/\",\"url\":\"https:\/\/www.nexoinformativo.mx\/index.php\/2025\/05\/01\/frente-a-los-retos-mundiales-coparmex-queretaro-apuesta-por-la-fuerza-de-la-colaboracion-empresarial\/\",\"name\":\"Frente a los retos mundiales COPARMEX Quer\u00e9taro apuesta por la fuerza de la colaboraci\u00f3n empresarial | Nexo Informativo Santiago de Quer\u00e9taro\",\"isPartOf\":{\"@id\":\"https:\/\/www.nexoinformativo.mx\/#website\"},\"primaryImageOfPage\":{\"@id\":\"https:\/\/www.nexoinformativo.mx\/index.php\/2025\/05\/01\/frente-a-los-retos-mundiales-coparmex-queretaro-apuesta-por-la-fuerza-de-la-colaboracion-empresarial\/#primaryimage\"},\"image\":{\"@id\":\"https:\/\/www.nexoinformativo.mx\/index.php\/2025\/05\/01\/frente-a-los-retos-mundiales-coparmex-queretaro-apuesta-por-la-fuerza-de-la-colaboracion-empresarial\/#primaryimage\"},\"thumbnailUrl\":\"https:\/\/www.nexoinformativo.mx\/wp-content\/uploads\/2025\/05\/PHOTO-2025-04-30-12-52-32-scaled-e1746120970801.jpg\",\"datePublished\":\"2025-05-01T14:00:37+00:00\",\"dateModified\":\"2025-05-01T17:38:28+00:00\",\"description\":\"Frente a los retos mundiales COPARMEX Quer\u00e9taro apuesta por la fuerza de la colaboraci\u00f3n empresarial\",\"breadcrumb\":{\"@id\":\"https:\/\/www.nexoinformativo.mx\/index.php\/2025\/05\/01\/frente-a-los-retos-mundiales-coparmex-queretaro-apuesta-por-la-fuerza-de-la-colaboracion-empresarial\/#breadcrumb\"},\"inLanguage\":\"es\",\"potentialAction\":[{\"@type\":\"ReadAction\",\"target\":[\"https:\/\/www.nexoinformativo.mx\/index.php\/2025\/05\/01\/frente-a-los-retos-mundiales-coparmex-queretaro-apuesta-por-la-fuerza-de-la-colaboracion-empresarial\/\"]}]},{\"@type\":\"ImageObject\",\"inLanguage\":\"es\",\"@id\":\"https:\/\/www.nexoinformativo.mx\/index.php\/2025\/05\/01\/frente-a-los-retos-mundiales-coparmex-queretaro-apuesta-por-la-fuerza-de-la-colaboracion-empresarial\/#primaryimage\",\"url\":\"https:\/\/www.nexoinformativo.mx\/wp-content\/uploads\/2025\/05\/PHOTO-2025-04-30-12-52-32-scaled-e1746120970801.jpg\",\"contentUrl\":\"https:\/\/www.nexoinformativo.mx\/wp-content\/uploads\/2025\/05\/PHOTO-2025-04-30-12-52-32-scaled-e1746120970801.jpg\",\"width\":800,\"height\":533},{\"@type\":\"BreadcrumbList\",\"@id\":\"https:\/\/www.nexoinformativo.mx\/index.php\/2025\/05\/01\/frente-a-los-retos-mundiales-coparmex-queretaro-apuesta-por-la-fuerza-de-la-colaboracion-empresarial\/#breadcrumb\",\"itemListElement\":[{\"@type\":\"ListItem\",\"position\":1,\"name\":\"Inicio\",\"item\":\"https:\/\/www.nexoinformativo.mx\/\"},{\"@type\":\"ListItem\",\"position\":2,\"name\":\"Frente a los retos mundiales COPARMEX Quer\u00e9taro apuesta por la fuerza de la colaboraci\u00f3n empresarial\"}]},{\"@type\":\"WebSite\",\"@id\":\"https:\/\/www.nexoinformativo.mx\/#website\",\"url\":\"https:\/\/www.nexoinformativo.mx\/\",\"name\":\"Nexo Informativo Santiago de Quer\u00e9taro\",\"description\":\"Explora NexoInformativo y convi\u00e9rtete en parte de una comunidad que valora el conocimiento y la verdad. Tu nexoinformativo es tu puente hacia una comprensi\u00f3n m\u00e1s profunda del mundo que te rodea.\",\"publisher\":{\"@id\":\"https:\/\/www.nexoinformativo.mx\/#organization\"},\"potentialAction\":[{\"@type\":\"SearchAction\",\"target\":{\"@type\":\"EntryPoint\",\"urlTemplate\":\"https:\/\/www.nexoinformativo.mx\/?s={search_term_string}\"},\"query-input\":{\"@type\":\"PropertyValueSpecification\",\"valueRequired\":true,\"valueName\":\"search_term_string\"}}],\"inLanguage\":\"es\"},{\"@type\":\"Organization\",\"@id\":\"https:\/\/www.nexoinformativo.mx\/#organization\",\"name\":\"Nexo Informativo Santiago de Quer\u00e9taro\",\"url\":\"https:\/\/www.nexoinformativo.mx\/\",\"logo\":{\"@type\":\"ImageObject\",\"inLanguage\":\"es\",\"@id\":\"https:\/\/www.nexoinformativo.mx\/#\/schema\/logo\/image\/\",\"url\":\"https:\/\/www.nexoinformativo.mx\/wp-content\/uploads\/2024\/07\/nexoi-trasparente-2.png\",\"contentUrl\":\"https:\/\/www.nexoinformativo.mx\/wp-content\/uploads\/2024\/07\/nexoi-trasparente-2.png\",\"width\":816,\"height\":339,\"caption\":\"Nexo Informativo Santiago de Quer\u00e9taro\"},\"image\":{\"@id\":\"https:\/\/www.nexoinformativo.mx\/#\/schema\/logo\/image\/\"},\"sameAs\":[\"https:\/\/www.facebook.com\/people\/Nexo-Informativo\/61564066885511\/\"]},{\"@type\":\"Person\",\"@id\":\"https:\/\/www.nexoinformativo.mx\/#\/schema\/person\/7749d380ba08c8ca00d7bc76fd907b7d\",\"name\":\"Nexo Informativo\",\"image\":{\"@type\":\"ImageObject\",\"inLanguage\":\"es\",\"@id\":\"https:\/\/www.nexoinformativo.mx\/#\/schema\/person\/image\/\",\"url\":\"https:\/\/secure.gravatar.com\/avatar\/dde2928154642a13d95f87ddf1ea9718fe2b46760a005c53e41ff5ad610704e6?s=96&d=mm&r=g\",\"contentUrl\":\"https:\/\/secure.gravatar.com\/avatar\/dde2928154642a13d95f87ddf1ea9718fe2b46760a005c53e41ff5ad610704e6?s=96&d=mm&r=g\",\"caption\":\"Nexo Informativo\"},\"url\":\"https:\/\/www.nexoinformativo.mx\/index.php\/author\/edicion\/\"}]}<\/script>\n<!-- \/ Yoast SEO plugin. -->","yoast_head_json":{"title":"Frente a los retos mundiales COPARMEX Quer\u00e9taro apuesta por la fuerza de la colaboraci\u00f3n empresarial | Nexo Informativo Santiago de Quer\u00e9taro","description":"Frente a los retos mundiales COPARMEX Quer\u00e9taro apuesta por la fuerza de la colaboraci\u00f3n empresarial","robots":{"index":"index","follow":"follow","max-snippet":"max-snippet:-1","max-image-preview":"max-image-preview:large","max-video-preview":"max-video-preview:-1"},"canonical":"https:\/\/www.nexoinformativo.mx\/index.php\/2025\/05\/01\/frente-a-los-retos-mundiales-coparmex-queretaro-apuesta-por-la-fuerza-de-la-colaboracion-empresarial\/","og_locale":"es_MX","og_type":"article","og_title":"Frente a los retos mundiales COPARMEX Quer\u00e9taro apuesta por la fuerza de la colaboraci\u00f3n empresarial | Nexo Informativo Santiago de Quer\u00e9taro","og_description":"Frente a los retos mundiales COPARMEX Quer\u00e9taro apuesta por la fuerza de la colaboraci\u00f3n empresarial","og_url":"https:\/\/www.nexoinformativo.mx\/index.php\/2025\/05\/01\/frente-a-los-retos-mundiales-coparmex-queretaro-apuesta-por-la-fuerza-de-la-colaboracion-empresarial\/","og_site_name":"Nexo Informativo Santiago de Quer\u00e9taro","article_publisher":"https:\/\/www.facebook.com\/people\/Nexo-Informativo\/61564066885511\/","article_published_time":"2025-05-01T14:00:37+00:00","article_modified_time":"2025-05-01T17:38:28+00:00","og_image":[{"width":800,"height":533,"url":"https:\/\/www.nexoinformativo.mx\/wp-content\/uploads\/2025\/05\/PHOTO-2025-04-30-12-52-32-scaled-e1746120970801.jpg","type":"image\/jpeg"}],"author":"Nexo Informativo","twitter_card":"summary_large_image","twitter_misc":{"Escrito por":"Nexo Informativo","Tiempo de lectura":"2 minutos"},"schema":{"@context":"https:\/\/schema.org","@graph":[{"@type":"Article","@id":"https:\/\/www.nexoinformativo.mx\/index.php\/2025\/05\/01\/frente-a-los-retos-mundiales-coparmex-queretaro-apuesta-por-la-fuerza-de-la-colaboracion-empresarial\/#article","isPartOf":{"@id":"https:\/\/www.nexoinformativo.mx\/index.php\/2025\/05\/01\/frente-a-los-retos-mundiales-coparmex-queretaro-apuesta-por-la-fuerza-de-la-colaboracion-empresarial\/"},"author":{"name":"Nexo Informativo","@id":"https:\/\/www.nexoinformativo.mx\/#\/schema\/person\/7749d380ba08c8ca00d7bc76fd907b7d"},"headline":"Frente a los retos mundiales COPARMEX Quer\u00e9taro apuesta por la fuerza de la colaboraci\u00f3n empresarial","datePublished":"2025-05-01T14:00:37+00:00","dateModified":"2025-05-01T17:38:28+00:00","mainEntityOfPage":{"@id":"https:\/\/www.nexoinformativo.mx\/index.php\/2025\/05\/01\/frente-a-los-retos-mundiales-coparmex-queretaro-apuesta-por-la-fuerza-de-la-colaboracion-empresarial\/"},"wordCount":350,"commentCount":0,"publisher":{"@id":"https:\/\/www.nexoinformativo.mx\/#organization"},"image":{"@id":"https:\/\/www.nexoinformativo.mx\/index.php\/2025\/05\/01\/frente-a-los-retos-mundiales-coparmex-queretaro-apuesta-por-la-fuerza-de-la-colaboracion-empresarial\/#primaryimage"},"thumbnailUrl":"https:\/\/www.nexoinformativo.mx\/wp-content\/uploads\/2025\/05\/PHOTO-2025-04-30-12-52-32-scaled-e1746120970801.jpg","keywords":["COPARMEXQro","Quer\u00e9taroGlobal","SinergiaEmpresarial","TripleH\u00e9lice"],"articleSection":["Econom\u00eda","Estado","\u00daltima Hora"],"inLanguage":"es","potentialAction":[{"@type":"CommentAction","name":"Comment","target":["https:\/\/www.nexoinformativo.mx\/index.php\/2025\/05\/01\/frente-a-los-retos-mundiales-coparmex-queretaro-apuesta-por-la-fuerza-de-la-colaboracion-empresarial\/#respond"]}]},{"@type":"WebPage","@id":"https:\/\/www.nexoinformativo.mx\/index.php\/2025\/05\/01\/frente-a-los-retos-mundiales-coparmex-queretaro-apuesta-por-la-fuerza-de-la-colaboracion-empresarial\/","url":"https:\/\/www.nexoinformativo.mx\/index.php\/2025\/05\/01\/frente-a-los-retos-mundiales-coparmex-queretaro-apuesta-por-la-fuerza-de-la-colaboracion-empresarial\/","name":"Frente a los retos mundiales COPARMEX Quer\u00e9taro apuesta por la fuerza de la colaboraci\u00f3n empresarial | Nexo Informativo Santiago de Quer\u00e9taro","isPartOf":{"@id":"https:\/\/www.nexoinformativo.mx\/#website"},"primaryImageOfPage":{"@id":"https:\/\/www.nexoinformativo.mx\/index.php\/2025\/05\/01\/frente-a-los-retos-mundiales-coparmex-queretaro-apuesta-por-la-fuerza-de-la-colaboracion-empresarial\/#primaryimage"},"image":{"@id":"https:\/\/www.nexoinformativo.mx\/index.php\/2025\/05\/01\/frente-a-los-retos-mundiales-coparmex-queretaro-apuesta-por-la-fuerza-de-la-colaboracion-empresarial\/#primaryimage"},"thumbnailUrl":"https:\/\/www.nexoinformativo.mx\/wp-content\/uploads\/2025\/05\/PHOTO-2025-04-30-12-52-32-scaled-e1746120970801.jpg","datePublished":"2025-05-01T14:00:37+00:00","dateModified":"2025-05-01T17:38:28+00:00","description":"Frente a los retos mundiales COPARMEX Quer\u00e9taro apuesta por la fuerza de la colaboraci\u00f3n empresarial","breadcrumb":{"@id":"https:\/\/www.nexoinformativo.mx\/index.php\/2025\/05\/01\/frente-a-los-retos-mundiales-coparmex-queretaro-apuesta-por-la-fuerza-de-la-colaboracion-empresarial\/#breadcrumb"},"inLanguage":"es","potentialAction":[{"@type":"ReadAction","target":["https:\/\/www.nexoinformativo.mx\/index.php\/2025\/05\/01\/frente-a-los-retos-mundiales-coparmex-queretaro-apuesta-por-la-fuerza-de-la-colaboracion-empresarial\/"]}]},{"@type":"ImageObject","inLanguage":"es","@id":"https:\/\/www.nexoinformativo.mx\/index.php\/2025\/05\/01\/frente-a-los-retos-mundiales-coparmex-queretaro-apuesta-por-la-fuerza-de-la-colaboracion-empresarial\/#primaryimage","url":"https:\/\/www.nexoinformativo.mx\/wp-content\/uploads\/2025\/05\/PHOTO-2025-04-30-12-52-32-scaled-e1746120970801.jpg","contentUrl":"https:\/\/www.nexoinformativo.mx\/wp-content\/uploads\/2025\/05\/PHOTO-2025-04-30-12-52-32-scaled-e1746120970801.jpg","width":800,"height":533},{"@type":"BreadcrumbList","@id":"https:\/\/www.nexoinformativo.mx\/index.php\/2025\/05\/01\/frente-a-los-retos-mundiales-coparmex-queretaro-apuesta-por-la-fuerza-de-la-colaboracion-empresarial\/#breadcrumb","itemListElement":[{"@type":"ListItem","position":1,"name":"Inicio","item":"https:\/\/www.nexoinformativo.mx\/"},{"@type":"ListItem","position":2,"name":"Frente a los retos mundiales COPARMEX Quer\u00e9taro apuesta por la fuerza de la colaboraci\u00f3n empresarial"}]},{"@type":"WebSite","@id":"https:\/\/www.nexoinformativo.mx\/#website","url":"https:\/\/www.nexoinformativo.mx\/","name":"Nexo Informativo Santiago de Quer\u00e9taro","description":"Explora NexoInformativo y convi\u00e9rtete en parte de una comunidad que valora el conocimiento y la verdad. Tu nexoinformativo es tu puente hacia una comprensi\u00f3n m\u00e1s profunda del mundo que te rodea.","publisher":{"@id":"https:\/\/www.nexoinformativo.mx\/#organization"},"potentialAction":[{"@type":"SearchAction","target":{"@type":"EntryPoint","urlTemplate":"https:\/\/www.nexoinformativo.mx\/?s={search_term_string}"},"query-input":{"@type":"PropertyValueSpecification","valueRequired":true,"valueName":"search_term_string"}}],"inLanguage":"es"},{"@type":"Organization","@id":"https:\/\/www.nexoinformativo.mx\/#organization","name":"Nexo Informativo Santiago de Quer\u00e9taro","url":"https:\/\/www.nexoinformativo.mx\/","logo":{"@type":"ImageObject","inLanguage":"es","@id":"https:\/\/www.nexoinformativo.mx\/#\/schema\/logo\/image\/","url":"https:\/\/www.nexoinformativo.mx\/wp-content\/uploads\/2024\/07\/nexoi-trasparente-2.png","contentUrl":"https:\/\/www.nexoinformativo.mx\/wp-content\/uploads\/2024\/07\/nexoi-trasparente-2.png","width":816,"height":339,"caption":"Nexo Informativo Santiago de Quer\u00e9taro"},"image":{"@id":"https:\/\/www.nexoinformativo.mx\/#\/schema\/logo\/image\/"},"sameAs":["https:\/\/www.facebook.com\/people\/Nexo-Informativo\/61564066885511\/"]},{"@type":"Person","@id":"https:\/\/www.nexoinformativo.mx\/#\/schema\/person\/7749d380ba08c8ca00d7bc76fd907b7d","name":"Nexo Informativo","image":{"@type":"ImageObject","inLanguage":"es","@id":"https:\/\/www.nexoinformativo.mx\/#\/schema\/person\/image\/","url":"https:\/\/secure.gravatar.com\/avatar\/dde2928154642a13d95f87ddf1ea9718fe2b46760a005c53e41ff5ad610704e6?s=96&d=mm&r=g","contentUrl":"https:\/\/secure.gravatar.com\/avatar\/dde2928154642a13d95f87ddf1ea9718fe2b46760a005c53e41ff5ad610704e6?s=96&d=mm&r=g","caption":"Nexo Informativo"},"url":"https:\/\/www.nexoinformativo.mx\/index.php\/author\/edicion\/"}]}},"_links":{"self":[{"href":"https:\/\/www.nexoinformativo.mx\/index.php\/wp-json\/wp\/v2\/posts\/14616","targetHints":{"allow":["GET"]}}],"collection":[{"href":"https:\/\/www.nexoinformativo.mx\/index.php\/wp-json\/wp\/v2\/posts"}],"about":[{"href":"https:\/\/www.nexoinformativo.mx\/index.php\/wp-json\/wp\/v2\/types\/post"}],"author":[{"embeddable":true,"href":"https:\/\/www.nexoinformativo.mx\/index.php\/wp-json\/wp\/v2\/users\/3"}],"replies":[{"embeddable":true,"href":"https:\/\/www.nexoinformativo.mx\/index.php\/wp-json\/wp\/v2\/comments?post=14616"}],"version-history":[{"count":4,"href":"https:\/\/www.nexoinformativo.mx\/index.php\/wp-json\/wp\/v2\/posts\/14616\/revisions"}],"predecessor-version":[{"id":14620,"href":"https:\/\/www.nexoinformativo.mx\/index.php\/wp-json\/wp\/v2\/posts\/14616\/revisions\/14620"}],"wp:featuredmedia":[{"embeddable":true,"href":"https:\/\/www.nexoinformativo.mx\/index.php\/wp-json\/wp\/v2\/media\/14617"}],"wp:attachment":[{"href":"https:\/\/www.nexoinformativo.mx\/index.php\/wp-json\/wp\/v2\/media?parent=14616"}],"wp:term":[{"taxonomy":"category","embeddable":true,"href":"https:\/\/www.nexoinformativo.mx\/index.php\/wp-json\/wp\/v2\/categories?post=14616"},{"taxonomy":"post_tag","embeddable":true,"href":"https:\/\/www.nexoinformativo.mx\/index.php\/wp-json\/wp\/v2\/tags?post=14616"}],"curies":[{"name":"wp","href":"https:\/\/api.w.org\/{rel}","templated":true}]}}