{"id":14622,"date":"2025-05-01T09:00:58","date_gmt":"2025-05-01T15:00:58","guid":{"rendered":"https:\/\/www.nexoinformativo.mx\/?p=14622"},"modified":"2025-05-01T12:14:32","modified_gmt":"2025-05-01T18:14:32","slug":"queretaro-lider-anticorrupcion-fiscalia-estatal-brilla-a-nivel-nacional-por-sus-resultados","status":"publish","type":"post","link":"https:\/\/www.nexoinformativo.mx\/index.php\/2025\/05\/01\/queretaro-lider-anticorrupcion-fiscalia-estatal-brilla-a-nivel-nacional-por-sus-resultados\/","title":{"rendered":"Quer\u00e9taro l\u00edder anticorrupci\u00f3n Fiscal\u00eda estatal brilla a nivel Nacional por sus resultados"},"content":{"rendered":"<p style=\"text-align: justify;\" data-sourcepos=\"3:1-3:488\">La Fiscal\u00eda Especializada en el Combate a la Corrupci\u00f3n del Estado de Quer\u00e9taro se consolida como un referente a nivel nacional gracias a su destacada labor en la procuraci\u00f3n de justicia especializada.<\/p>\n<p>&nbsp;<\/p>\n<p style=\"text-align: justify;\" data-sourcepos=\"3:1-3:488\">En su 8vo Informe de Actividades, presentado ante la LXI Legislatura, la instituci\u00f3n, liderada por el Fiscal Benjam\u00edn Vargas Salazar, evidenci\u00f3 avances significativos y resultados contundentes en el periodo comprendido entre marzo de 2024 y febrero de 2025.<\/p>\n<p>&nbsp;<\/p>\n<p style=\"text-align: justify;\" data-sourcepos=\"5:1-5:332\">Durante el \u00faltimo a\u00f1o, la Fiscal\u00eda Anticorrupci\u00f3n tramit\u00f3 458 carpetas de investigaci\u00f3n, logrando 56 vinculaciones a proceso por delitos como abuso de autoridad, cohecho, peculado y uso de documentos falsos. Adem\u00e1s, se judicializaron 45 carpetas, culminando en 7 sentencias condenatorias y 48 suspensiones condicionales del proceso.<\/p>\n<p>&nbsp;<\/p>\n<p style=\"text-align: justify;\" data-sourcepos=\"7:1-7:324\">Estudios de organizaciones como el World Justice Project, TOJIL y la USAID han posicionado a la Fiscal\u00eda queretana como la m\u00e1s eficiente del pa\u00eds. En sus ocho a\u00f1os de operaci\u00f3n, ha obtenido sentencia condenatoria para 71 personas por actos de corrupci\u00f3n y 132 individuos han accedido a la suspensi\u00f3n condicional del proceso.<\/p>\n<p>&nbsp;<\/p>\n<p style=\"text-align: justify;\" data-sourcepos=\"11:1-11:520\">Un logro fundamental es la recuperaci\u00f3n de m\u00e1s de 209 millones de pesos en activos vinculados a la corrupci\u00f3n a lo largo de su historia, con 69 millones recuperados tan solo en el \u00faltimo a\u00f1o, los cuales fueron restituidos en su mayor\u00eda a las arcas p\u00fablicas.<\/p>\n<p>&nbsp;<\/p>\n<p style=\"text-align: justify;\" data-sourcepos=\"13:1-13:200\">En el \u00e1mbito operativo, el Grupo de Polic\u00eda Anticorrupci\u00f3n demostr\u00f3 una alta eficiencia, ejecutando 1,816 actos de investigaci\u00f3n con un 96% de efectividad en el cumplimiento de \u00f3rdenes de aprehensi\u00f3n.<\/p>\n<p>&nbsp;<\/p>\n<p style=\"text-align: justify;\" data-sourcepos=\"15:1-15:299\">La Fiscal\u00eda Anticorrupci\u00f3n de Quer\u00e9taro subraya su firme compromiso con el respeto a los derechos humanos, manteniendo un historial de cero recomendaciones por violaciones en sus ocho a\u00f1os de funcionamiento.<\/p>\n<p>&nbsp;<\/p>\n<p style=\"text-align: justify;\" data-sourcepos=\"17:1-17:214\">Con la conclusi\u00f3n de su gesti\u00f3n acerc\u00e1ndose, el Fiscal Benjam\u00edn Vargas Salazar reafirm\u00f3 su determinaci\u00f3n de seguir fortaleciendo el combate a la impunidad con apego a la ley, profesionalismo y vocaci\u00f3n de servicio.<\/p>\n<p>&nbsp;<\/p>\n<p style=\"text-align: center;\" data-sourcepos=\"17:1-17:214\"><em><strong>\u00a1Informaci\u00f3n que transforma!<\/strong><\/em><\/p>\n","protected":false},"excerpt":{"rendered":"<p>La Fiscal\u00eda Especializada en el Combate a la Corrupci\u00f3n del Estado de Quer\u00e9taro se consolida como un referente a nivel nacional gracias a su destacada labor en la procuraci\u00f3n de justicia especializada.<\/p>\n","protected":false},"author":3,"featured_media":14623,"comment_status":"open","ping_status":"open","sticky":false,"template":"","format":"standard","meta":{"footnotes":""},"categories":[42,58],"tags":[3374,2822,480,133],"class_list":["post-14622","post","type-post","status-publish","format-standard","has-post-thumbnail","hentry","category-estado","category-ultima-hora","tag-anticorrupcion","tag-fiscaliaqro","tag-justicia","tag-queretaro"],"yoast_head":"<!-- This site is optimized with the Yoast SEO plugin v25.0 - https:\/\/yoast.com\/wordpress\/plugins\/seo\/ -->\n<title>Quer\u00e9taro l\u00edder anticorrupci\u00f3n Fiscal\u00eda estatal brilla a nivel Nacional por sus resultados | Nexo Informativo Santiago de Quer\u00e9taro<\/title>\n<meta name=\"description\" content=\"Quer\u00e9taro l\u00edder anticorrupci\u00f3n Fiscal\u00eda estatal brilla a nivel Nacional por sus resultados\" \/>\n<meta name=\"robots\" content=\"index, follow, max-snippet:-1, max-image-preview:large, max-video-preview:-1\" \/>\n<link rel=\"canonical\" href=\"https:\/\/www.nexoinformativo.mx\/index.php\/2025\/05\/01\/queretaro-lider-anticorrupcion-fiscalia-estatal-brilla-a-nivel-nacional-por-sus-resultados\/\" \/>\n<meta property=\"og:locale\" content=\"es_MX\" \/>\n<meta property=\"og:type\" content=\"article\" \/>\n<meta property=\"og:title\" content=\"Quer\u00e9taro l\u00edder anticorrupci\u00f3n Fiscal\u00eda estatal brilla a nivel Nacional por sus resultados | Nexo Informativo Santiago de Quer\u00e9taro\" \/>\n<meta property=\"og:description\" content=\"Quer\u00e9taro l\u00edder anticorrupci\u00f3n Fiscal\u00eda estatal brilla a nivel Nacional por sus resultados\" \/>\n<meta property=\"og:url\" content=\"https:\/\/www.nexoinformativo.mx\/index.php\/2025\/05\/01\/queretaro-lider-anticorrupcion-fiscalia-estatal-brilla-a-nivel-nacional-por-sus-resultados\/\" \/>\n<meta property=\"og:site_name\" content=\"Nexo Informativo Santiago de Quer\u00e9taro\" \/>\n<meta property=\"article:publisher\" content=\"https:\/\/www.facebook.com\/people\/Nexo-Informativo\/61564066885511\/\" \/>\n<meta property=\"article:published_time\" content=\"2025-05-01T15:00:58+00:00\" \/>\n<meta property=\"article:modified_time\" content=\"2025-05-01T18:14:32+00:00\" \/>\n<meta property=\"og:image\" content=\"https:\/\/www.nexoinformativo.mx\/wp-content\/uploads\/2025\/05\/PHOTO-2025-05-01-09-02-25-e1746123182781.jpg\" \/>\n\t<meta property=\"og:image:width\" content=\"800\" \/>\n\t<meta property=\"og:image:height\" content=\"533\" \/>\n\t<meta property=\"og:image:type\" content=\"image\/jpeg\" \/>\n<meta name=\"author\" content=\"Nexo Informativo\" \/>\n<meta name=\"twitter:card\" content=\"summary_large_image\" \/>\n<meta name=\"twitter:label1\" content=\"Escrito por\" \/>\n\t<meta name=\"twitter:data1\" content=\"Nexo Informativo\" \/>\n\t<meta name=\"twitter:label2\" content=\"Tiempo de lectura\" \/>\n\t<meta name=\"twitter:data2\" content=\"2 minutos\" \/>\n<script type=\"application\/ld+json\" class=\"yoast-schema-graph\">{\"@context\":\"https:\/\/schema.org\",\"@graph\":[{\"@type\":\"Article\",\"@id\":\"https:\/\/www.nexoinformativo.mx\/index.php\/2025\/05\/01\/queretaro-lider-anticorrupcion-fiscalia-estatal-brilla-a-nivel-nacional-por-sus-resultados\/#article\",\"isPartOf\":{\"@id\":\"https:\/\/www.nexoinformativo.mx\/index.php\/2025\/05\/01\/queretaro-lider-anticorrupcion-fiscalia-estatal-brilla-a-nivel-nacional-por-sus-resultados\/\"},\"author\":{\"name\":\"Nexo Informativo\",\"@id\":\"https:\/\/www.nexoinformativo.mx\/#\/schema\/person\/7749d380ba08c8ca00d7bc76fd907b7d\"},\"headline\":\"Quer\u00e9taro l\u00edder anticorrupci\u00f3n Fiscal\u00eda estatal brilla a nivel Nacional por sus resultados\",\"datePublished\":\"2025-05-01T15:00:58+00:00\",\"dateModified\":\"2025-05-01T18:14:32+00:00\",\"mainEntityOfPage\":{\"@id\":\"https:\/\/www.nexoinformativo.mx\/index.php\/2025\/05\/01\/queretaro-lider-anticorrupcion-fiscalia-estatal-brilla-a-nivel-nacional-por-sus-resultados\/\"},\"wordCount\":360,\"commentCount\":0,\"publisher\":{\"@id\":\"https:\/\/www.nexoinformativo.mx\/#organization\"},\"image\":{\"@id\":\"https:\/\/www.nexoinformativo.mx\/index.php\/2025\/05\/01\/queretaro-lider-anticorrupcion-fiscalia-estatal-brilla-a-nivel-nacional-por-sus-resultados\/#primaryimage\"},\"thumbnailUrl\":\"https:\/\/www.nexoinformativo.mx\/wp-content\/uploads\/2025\/05\/PHOTO-2025-05-01-09-02-25-e1746123182781.jpg\",\"keywords\":[\"Anticorrupci\u00f3n\",\"Fiscal\u00edaQro\",\"Justicia\",\"Quer\u00e9taro\"],\"articleSection\":[\"Estado\",\"\u00daltima Hora\"],\"inLanguage\":\"es\",\"potentialAction\":[{\"@type\":\"CommentAction\",\"name\":\"Comment\",\"target\":[\"https:\/\/www.nexoinformativo.mx\/index.php\/2025\/05\/01\/queretaro-lider-anticorrupcion-fiscalia-estatal-brilla-a-nivel-nacional-por-sus-resultados\/#respond\"]}]},{\"@type\":\"WebPage\",\"@id\":\"https:\/\/www.nexoinformativo.mx\/index.php\/2025\/05\/01\/queretaro-lider-anticorrupcion-fiscalia-estatal-brilla-a-nivel-nacional-por-sus-resultados\/\",\"url\":\"https:\/\/www.nexoinformativo.mx\/index.php\/2025\/05\/01\/queretaro-lider-anticorrupcion-fiscalia-estatal-brilla-a-nivel-nacional-por-sus-resultados\/\",\"name\":\"Quer\u00e9taro l\u00edder anticorrupci\u00f3n Fiscal\u00eda estatal brilla a nivel Nacional por sus resultados | Nexo Informativo Santiago de Quer\u00e9taro\",\"isPartOf\":{\"@id\":\"https:\/\/www.nexoinformativo.mx\/#website\"},\"primaryImageOfPage\":{\"@id\":\"https:\/\/www.nexoinformativo.mx\/index.php\/2025\/05\/01\/queretaro-lider-anticorrupcion-fiscalia-estatal-brilla-a-nivel-nacional-por-sus-resultados\/#primaryimage\"},\"image\":{\"@id\":\"https:\/\/www.nexoinformativo.mx\/index.php\/2025\/05\/01\/queretaro-lider-anticorrupcion-fiscalia-estatal-brilla-a-nivel-nacional-por-sus-resultados\/#primaryimage\"},\"thumbnailUrl\":\"https:\/\/www.nexoinformativo.mx\/wp-content\/uploads\/2025\/05\/PHOTO-2025-05-01-09-02-25-e1746123182781.jpg\",\"datePublished\":\"2025-05-01T15:00:58+00:00\",\"dateModified\":\"2025-05-01T18:14:32+00:00\",\"description\":\"Quer\u00e9taro l\u00edder anticorrupci\u00f3n Fiscal\u00eda estatal brilla a nivel Nacional por sus resultados\",\"breadcrumb\":{\"@id\":\"https:\/\/www.nexoinformativo.mx\/index.php\/2025\/05\/01\/queretaro-lider-anticorrupcion-fiscalia-estatal-brilla-a-nivel-nacional-por-sus-resultados\/#breadcrumb\"},\"inLanguage\":\"es\",\"potentialAction\":[{\"@type\":\"ReadAction\",\"target\":[\"https:\/\/www.nexoinformativo.mx\/index.php\/2025\/05\/01\/queretaro-lider-anticorrupcion-fiscalia-estatal-brilla-a-nivel-nacional-por-sus-resultados\/\"]}]},{\"@type\":\"ImageObject\",\"inLanguage\":\"es\",\"@id\":\"https:\/\/www.nexoinformativo.mx\/index.php\/2025\/05\/01\/queretaro-lider-anticorrupcion-fiscalia-estatal-brilla-a-nivel-nacional-por-sus-resultados\/#primaryimage\",\"url\":\"https:\/\/www.nexoinformativo.mx\/wp-content\/uploads\/2025\/05\/PHOTO-2025-05-01-09-02-25-e1746123182781.jpg\",\"contentUrl\":\"https:\/\/www.nexoinformativo.mx\/wp-content\/uploads\/2025\/05\/PHOTO-2025-05-01-09-02-25-e1746123182781.jpg\",\"width\":800,\"height\":533},{\"@type\":\"BreadcrumbList\",\"@id\":\"https:\/\/www.nexoinformativo.mx\/index.php\/2025\/05\/01\/queretaro-lider-anticorrupcion-fiscalia-estatal-brilla-a-nivel-nacional-por-sus-resultados\/#breadcrumb\",\"itemListElement\":[{\"@type\":\"ListItem\",\"position\":1,\"name\":\"Inicio\",\"item\":\"https:\/\/www.nexoinformativo.mx\/\"},{\"@type\":\"ListItem\",\"position\":2,\"name\":\"Quer\u00e9taro l\u00edder anticorrupci\u00f3n Fiscal\u00eda estatal brilla a nivel Nacional por sus resultados\"}]},{\"@type\":\"WebSite\",\"@id\":\"https:\/\/www.nexoinformativo.mx\/#website\",\"url\":\"https:\/\/www.nexoinformativo.mx\/\",\"name\":\"Nexo Informativo Santiago de Quer\u00e9taro\",\"description\":\"Explora NexoInformativo y convi\u00e9rtete en parte de una comunidad que valora el conocimiento y la verdad. Tu nexoinformativo es tu puente hacia una comprensi\u00f3n m\u00e1s profunda del mundo que te rodea.\",\"publisher\":{\"@id\":\"https:\/\/www.nexoinformativo.mx\/#organization\"},\"potentialAction\":[{\"@type\":\"SearchAction\",\"target\":{\"@type\":\"EntryPoint\",\"urlTemplate\":\"https:\/\/www.nexoinformativo.mx\/?s={search_term_string}\"},\"query-input\":{\"@type\":\"PropertyValueSpecification\",\"valueRequired\":true,\"valueName\":\"search_term_string\"}}],\"inLanguage\":\"es\"},{\"@type\":\"Organization\",\"@id\":\"https:\/\/www.nexoinformativo.mx\/#organization\",\"name\":\"Nexo Informativo Santiago de Quer\u00e9taro\",\"url\":\"https:\/\/www.nexoinformativo.mx\/\",\"logo\":{\"@type\":\"ImageObject\",\"inLanguage\":\"es\",\"@id\":\"https:\/\/www.nexoinformativo.mx\/#\/schema\/logo\/image\/\",\"url\":\"https:\/\/www.nexoinformativo.mx\/wp-content\/uploads\/2024\/07\/nexoi-trasparente-2.png\",\"contentUrl\":\"https:\/\/www.nexoinformativo.mx\/wp-content\/uploads\/2024\/07\/nexoi-trasparente-2.png\",\"width\":816,\"height\":339,\"caption\":\"Nexo Informativo Santiago de Quer\u00e9taro\"},\"image\":{\"@id\":\"https:\/\/www.nexoinformativo.mx\/#\/schema\/logo\/image\/\"},\"sameAs\":[\"https:\/\/www.facebook.com\/people\/Nexo-Informativo\/61564066885511\/\"]},{\"@type\":\"Person\",\"@id\":\"https:\/\/www.nexoinformativo.mx\/#\/schema\/person\/7749d380ba08c8ca00d7bc76fd907b7d\",\"name\":\"Nexo Informativo\",\"image\":{\"@type\":\"ImageObject\",\"inLanguage\":\"es\",\"@id\":\"https:\/\/www.nexoinformativo.mx\/#\/schema\/person\/image\/\",\"url\":\"https:\/\/secure.gravatar.com\/avatar\/dde2928154642a13d95f87ddf1ea9718fe2b46760a005c53e41ff5ad610704e6?s=96&d=mm&r=g\",\"contentUrl\":\"https:\/\/secure.gravatar.com\/avatar\/dde2928154642a13d95f87ddf1ea9718fe2b46760a005c53e41ff5ad610704e6?s=96&d=mm&r=g\",\"caption\":\"Nexo Informativo\"},\"url\":\"https:\/\/www.nexoinformativo.mx\/index.php\/author\/edicion\/\"}]}<\/script>\n<!-- \/ Yoast SEO plugin. -->","yoast_head_json":{"title":"Quer\u00e9taro l\u00edder anticorrupci\u00f3n Fiscal\u00eda estatal brilla a nivel Nacional por sus resultados | Nexo Informativo Santiago de Quer\u00e9taro","description":"Quer\u00e9taro l\u00edder anticorrupci\u00f3n Fiscal\u00eda estatal brilla a nivel Nacional por sus resultados","robots":{"index":"index","follow":"follow","max-snippet":"max-snippet:-1","max-image-preview":"max-image-preview:large","max-video-preview":"max-video-preview:-1"},"canonical":"https:\/\/www.nexoinformativo.mx\/index.php\/2025\/05\/01\/queretaro-lider-anticorrupcion-fiscalia-estatal-brilla-a-nivel-nacional-por-sus-resultados\/","og_locale":"es_MX","og_type":"article","og_title":"Quer\u00e9taro l\u00edder anticorrupci\u00f3n Fiscal\u00eda estatal brilla a nivel Nacional por sus resultados | Nexo Informativo Santiago de Quer\u00e9taro","og_description":"Quer\u00e9taro l\u00edder anticorrupci\u00f3n Fiscal\u00eda estatal brilla a nivel Nacional por sus resultados","og_url":"https:\/\/www.nexoinformativo.mx\/index.php\/2025\/05\/01\/queretaro-lider-anticorrupcion-fiscalia-estatal-brilla-a-nivel-nacional-por-sus-resultados\/","og_site_name":"Nexo Informativo Santiago de Quer\u00e9taro","article_publisher":"https:\/\/www.facebook.com\/people\/Nexo-Informativo\/61564066885511\/","article_published_time":"2025-05-01T15:00:58+00:00","article_modified_time":"2025-05-01T18:14:32+00:00","og_image":[{"width":800,"height":533,"url":"https:\/\/www.nexoinformativo.mx\/wp-content\/uploads\/2025\/05\/PHOTO-2025-05-01-09-02-25-e1746123182781.jpg","type":"image\/jpeg"}],"author":"Nexo Informativo","twitter_card":"summary_large_image","twitter_misc":{"Escrito por":"Nexo Informativo","Tiempo de lectura":"2 minutos"},"schema":{"@context":"https:\/\/schema.org","@graph":[{"@type":"Article","@id":"https:\/\/www.nexoinformativo.mx\/index.php\/2025\/05\/01\/queretaro-lider-anticorrupcion-fiscalia-estatal-brilla-a-nivel-nacional-por-sus-resultados\/#article","isPartOf":{"@id":"https:\/\/www.nexoinformativo.mx\/index.php\/2025\/05\/01\/queretaro-lider-anticorrupcion-fiscalia-estatal-brilla-a-nivel-nacional-por-sus-resultados\/"},"author":{"name":"Nexo Informativo","@id":"https:\/\/www.nexoinformativo.mx\/#\/schema\/person\/7749d380ba08c8ca00d7bc76fd907b7d"},"headline":"Quer\u00e9taro l\u00edder anticorrupci\u00f3n Fiscal\u00eda estatal brilla a nivel Nacional por sus resultados","datePublished":"2025-05-01T15:00:58+00:00","dateModified":"2025-05-01T18:14:32+00:00","mainEntityOfPage":{"@id":"https:\/\/www.nexoinformativo.mx\/index.php\/2025\/05\/01\/queretaro-lider-anticorrupcion-fiscalia-estatal-brilla-a-nivel-nacional-por-sus-resultados\/"},"wordCount":360,"commentCount":0,"publisher":{"@id":"https:\/\/www.nexoinformativo.mx\/#organization"},"image":{"@id":"https:\/\/www.nexoinformativo.mx\/index.php\/2025\/05\/01\/queretaro-lider-anticorrupcion-fiscalia-estatal-brilla-a-nivel-nacional-por-sus-resultados\/#primaryimage"},"thumbnailUrl":"https:\/\/www.nexoinformativo.mx\/wp-content\/uploads\/2025\/05\/PHOTO-2025-05-01-09-02-25-e1746123182781.jpg","keywords":["Anticorrupci\u00f3n","Fiscal\u00edaQro","Justicia","Quer\u00e9taro"],"articleSection":["Estado","\u00daltima Hora"],"inLanguage":"es","potentialAction":[{"@type":"CommentAction","name":"Comment","target":["https:\/\/www.nexoinformativo.mx\/index.php\/2025\/05\/01\/queretaro-lider-anticorrupcion-fiscalia-estatal-brilla-a-nivel-nacional-por-sus-resultados\/#respond"]}]},{"@type":"WebPage","@id":"https:\/\/www.nexoinformativo.mx\/index.php\/2025\/05\/01\/queretaro-lider-anticorrupcion-fiscalia-estatal-brilla-a-nivel-nacional-por-sus-resultados\/","url":"https:\/\/www.nexoinformativo.mx\/index.php\/2025\/05\/01\/queretaro-lider-anticorrupcion-fiscalia-estatal-brilla-a-nivel-nacional-por-sus-resultados\/","name":"Quer\u00e9taro l\u00edder anticorrupci\u00f3n Fiscal\u00eda estatal brilla a nivel Nacional por sus resultados | Nexo Informativo Santiago de Quer\u00e9taro","isPartOf":{"@id":"https:\/\/www.nexoinformativo.mx\/#website"},"primaryImageOfPage":{"@id":"https:\/\/www.nexoinformativo.mx\/index.php\/2025\/05\/01\/queretaro-lider-anticorrupcion-fiscalia-estatal-brilla-a-nivel-nacional-por-sus-resultados\/#primaryimage"},"image":{"@id":"https:\/\/www.nexoinformativo.mx\/index.php\/2025\/05\/01\/queretaro-lider-anticorrupcion-fiscalia-estatal-brilla-a-nivel-nacional-por-sus-resultados\/#primaryimage"},"thumbnailUrl":"https:\/\/www.nexoinformativo.mx\/wp-content\/uploads\/2025\/05\/PHOTO-2025-05-01-09-02-25-e1746123182781.jpg","datePublished":"2025-05-01T15:00:58+00:00","dateModified":"2025-05-01T18:14:32+00:00","description":"Quer\u00e9taro l\u00edder anticorrupci\u00f3n Fiscal\u00eda estatal brilla a nivel Nacional por sus resultados","breadcrumb":{"@id":"https:\/\/www.nexoinformativo.mx\/index.php\/2025\/05\/01\/queretaro-lider-anticorrupcion-fiscalia-estatal-brilla-a-nivel-nacional-por-sus-resultados\/#breadcrumb"},"inLanguage":"es","potentialAction":[{"@type":"ReadAction","target":["https:\/\/www.nexoinformativo.mx\/index.php\/2025\/05\/01\/queretaro-lider-anticorrupcion-fiscalia-estatal-brilla-a-nivel-nacional-por-sus-resultados\/"]}]},{"@type":"ImageObject","inLanguage":"es","@id":"https:\/\/www.nexoinformativo.mx\/index.php\/2025\/05\/01\/queretaro-lider-anticorrupcion-fiscalia-estatal-brilla-a-nivel-nacional-por-sus-resultados\/#primaryimage","url":"https:\/\/www.nexoinformativo.mx\/wp-content\/uploads\/2025\/05\/PHOTO-2025-05-01-09-02-25-e1746123182781.jpg","contentUrl":"https:\/\/www.nexoinformativo.mx\/wp-content\/uploads\/2025\/05\/PHOTO-2025-05-01-09-02-25-e1746123182781.jpg","width":800,"height":533},{"@type":"BreadcrumbList","@id":"https:\/\/www.nexoinformativo.mx\/index.php\/2025\/05\/01\/queretaro-lider-anticorrupcion-fiscalia-estatal-brilla-a-nivel-nacional-por-sus-resultados\/#breadcrumb","itemListElement":[{"@type":"ListItem","position":1,"name":"Inicio","item":"https:\/\/www.nexoinformativo.mx\/"},{"@type":"ListItem","position":2,"name":"Quer\u00e9taro l\u00edder anticorrupci\u00f3n Fiscal\u00eda estatal brilla a nivel Nacional por sus resultados"}]},{"@type":"WebSite","@id":"https:\/\/www.nexoinformativo.mx\/#website","url":"https:\/\/www.nexoinformativo.mx\/","name":"Nexo Informativo Santiago de Quer\u00e9taro","description":"Explora NexoInformativo y convi\u00e9rtete en parte de una comunidad que valora el conocimiento y la verdad. Tu nexoinformativo es tu puente hacia una comprensi\u00f3n m\u00e1s profunda del mundo que te rodea.","publisher":{"@id":"https:\/\/www.nexoinformativo.mx\/#organization"},"potentialAction":[{"@type":"SearchAction","target":{"@type":"EntryPoint","urlTemplate":"https:\/\/www.nexoinformativo.mx\/?s={search_term_string}"},"query-input":{"@type":"PropertyValueSpecification","valueRequired":true,"valueName":"search_term_string"}}],"inLanguage":"es"},{"@type":"Organization","@id":"https:\/\/www.nexoinformativo.mx\/#organization","name":"Nexo Informativo Santiago de Quer\u00e9taro","url":"https:\/\/www.nexoinformativo.mx\/","logo":{"@type":"ImageObject","inLanguage":"es","@id":"https:\/\/www.nexoinformativo.mx\/#\/schema\/logo\/image\/","url":"https:\/\/www.nexoinformativo.mx\/wp-content\/uploads\/2024\/07\/nexoi-trasparente-2.png","contentUrl":"https:\/\/www.nexoinformativo.mx\/wp-content\/uploads\/2024\/07\/nexoi-trasparente-2.png","width":816,"height":339,"caption":"Nexo Informativo Santiago de Quer\u00e9taro"},"image":{"@id":"https:\/\/www.nexoinformativo.mx\/#\/schema\/logo\/image\/"},"sameAs":["https:\/\/www.facebook.com\/people\/Nexo-Informativo\/61564066885511\/"]},{"@type":"Person","@id":"https:\/\/www.nexoinformativo.mx\/#\/schema\/person\/7749d380ba08c8ca00d7bc76fd907b7d","name":"Nexo Informativo","image":{"@type":"ImageObject","inLanguage":"es","@id":"https:\/\/www.nexoinformativo.mx\/#\/schema\/person\/image\/","url":"https:\/\/secure.gravatar.com\/avatar\/dde2928154642a13d95f87ddf1ea9718fe2b46760a005c53e41ff5ad610704e6?s=96&d=mm&r=g","contentUrl":"https:\/\/secure.gravatar.com\/avatar\/dde2928154642a13d95f87ddf1ea9718fe2b46760a005c53e41ff5ad610704e6?s=96&d=mm&r=g","caption":"Nexo Informativo"},"url":"https:\/\/www.nexoinformativo.mx\/index.php\/author\/edicion\/"}]}},"_links":{"self":[{"href":"https:\/\/www.nexoinformativo.mx\/index.php\/wp-json\/wp\/v2\/posts\/14622","targetHints":{"allow":["GET"]}}],"collection":[{"href":"https:\/\/www.nexoinformativo.mx\/index.php\/wp-json\/wp\/v2\/posts"}],"about":[{"href":"https:\/\/www.nexoinformativo.mx\/index.php\/wp-json\/wp\/v2\/types\/post"}],"author":[{"embeddable":true,"href":"https:\/\/www.nexoinformativo.mx\/index.php\/wp-json\/wp\/v2\/users\/3"}],"replies":[{"embeddable":true,"href":"https:\/\/www.nexoinformativo.mx\/index.php\/wp-json\/wp\/v2\/comments?post=14622"}],"version-history":[{"count":4,"href":"https:\/\/www.nexoinformativo.mx\/index.php\/wp-json\/wp\/v2\/posts\/14622\/revisions"}],"predecessor-version":[{"id":14626,"href":"https:\/\/www.nexoinformativo.mx\/index.php\/wp-json\/wp\/v2\/posts\/14622\/revisions\/14626"}],"wp:featuredmedia":[{"embeddable":true,"href":"https:\/\/www.nexoinformativo.mx\/index.php\/wp-json\/wp\/v2\/media\/14623"}],"wp:attachment":[{"href":"https:\/\/www.nexoinformativo.mx\/index.php\/wp-json\/wp\/v2\/media?parent=14622"}],"wp:term":[{"taxonomy":"category","embeddable":true,"href":"https:\/\/www.nexoinformativo.mx\/index.php\/wp-json\/wp\/v2\/categories?post=14622"},{"taxonomy":"post_tag","embeddable":true,"href":"https:\/\/www.nexoinformativo.mx\/index.php\/wp-json\/wp\/v2\/tags?post=14622"}],"curies":[{"name":"wp","href":"https:\/\/api.w.org\/{rel}","templated":true}]}}