{"id":14628,"date":"2025-05-01T10:00:21","date_gmt":"2025-05-01T16:00:21","guid":{"rendered":"https:\/\/www.nexoinformativo.mx\/?p=14628"},"modified":"2025-05-01T14:21:56","modified_gmt":"2025-05-01T20:21:56","slug":"avanzando-juntos-sheinbaum-y-trump-buscan-mejorar-acuerdos-comerciales-entre-mexico-y-eu","status":"publish","type":"post","link":"https:\/\/www.nexoinformativo.mx\/index.php\/2025\/05\/01\/avanzando-juntos-sheinbaum-y-trump-buscan-mejorar-acuerdos-comerciales-entre-mexico-y-eu\/","title":{"rendered":"Avanzando juntos Sheinbaum y Trump buscan mejorar acuerdos comerciales entre M\u00e9xico y EU"},"content":{"rendered":"<p style=\"text-align: justify;\" data-sourcepos=\"3:1-3:325\">La Presidenta Claudia Sheinbaum revel\u00f3 que existe un fuerte deseo, tanto del Gobierno de M\u00e9xico como del de Estados Unidos, de alcanzar acuerdos comerciales m\u00e1s beneficiosos para ambas naciones. Este anuncio se dio tras una conversaci\u00f3n telef\u00f3nica sostenida con el Presidente Donald Trump.<\/p>\n<\/p>\n<p>&nbsp;<\/p>\n<p style=\"text-align: justify;\" data-sourcepos=\"5:1-5:315\"><strong>&#8220;Fue una muy buena conversaci\u00f3n. Y aunque no hay un acuerdo espec\u00edfico, lo importante es que estamos trabajando en ello, y hay un deseo, por parte del Gobierno de los Estados Unidos y nuestro, en que alcancemos todav\u00eda mejores acuerdos en materia comercial&#8221;<\/strong>, destac\u00f3 Sheinbaum durante la conferencia matutina.<\/p>\n<\/p>\n<p>&nbsp;<\/p>\n<p style=\"text-align: justify;\" data-sourcepos=\"7:1-7:549\">La Presidenta explic\u00f3 que M\u00e9xico busca mejorar las condiciones para industrias clave como la automotriz, el acero y el aluminio. Por su parte, la administraci\u00f3n estadounidense busca reducir lo que consideran un &#8220;<strong>d\u00e9ficit comercial&#8221;<\/strong> con M\u00e9xico.<\/p>\n<\/p>\n<p>&nbsp;<\/p>\n<p style=\"text-align: justify;\" data-sourcepos=\"7:1-7:549\">Para lograr estos objetivos, los secretarios de Hacienda y Cr\u00e9dito P\u00fablico, Edgar Amador, y de Econom\u00eda, Marcelo Ebrard, de M\u00e9xico, junto con los secretarios del Tesoro, Scott Bessent, y de Comercio, Howard W. Lutnick, de Estados Unidos, continuar\u00e1n trabajando en alternativas.<\/p>\n<\/p>\n<p>&nbsp;<\/p>\n<p style=\"text-align: justify;\" data-sourcepos=\"7:1-7:549\"><strong>&#8220;Es una buena se\u00f1al de que seguimos avanzando en todav\u00eda el fortalecimiento del Tratado (entre M\u00e9xico, Estados Unidos y Canad\u00e1) y los temas que a nosotros nos interesan y, obviamente, los que a ellos les interesan&#8221;<\/strong>, agreg\u00f3 la Jefa del Ejecutivo Federal.<\/p>\n<\/p>\n<p>&nbsp;<\/p>\n<p style=\"text-align: justify;\" data-sourcepos=\"11:1-11:452\">A trav\u00e9s de sus redes sociales, Sheinbaum comparti\u00f3 detalles de la conversaci\u00f3n, calific\u00e1ndola como &#8220;muy positiva&#8221;.<\/p>\n<\/p>\n<p>&nbsp;<\/p>\n<p style=\"text-align: justify;\" data-sourcepos=\"11:1-11:452\">Tuve una conversaci\u00f3n muy positiva con el presidente Trump; acordamos que los secretarios de Hacienda y Tesoro, as\u00ed como de Econom\u00eda y Comercio, seguir\u00e1n trabajando en los pr\u00f3ximos d\u00edas en alternativas para mejorar nuestro balance comercial y avanzar en los temas pendientes para beneficio de ambos pa\u00edses, inform\u00f3.<\/p>\n<\/p>\n<p>&nbsp;<\/p>\n<p style=\"text-align: center;\" data-sourcepos=\"11:1-11:452\"><em><strong>\u00a1Informaci\u00f3n que transforma!<\/strong><\/em><\/p>\n","protected":false},"excerpt":{"rendered":"<p>La Presidenta Claudia Sheinbaum revel\u00f3 que existe un fuerte deseo, tanto del Gobierno de M\u00e9xico como del de Estados Unidos, de alcanzar acuerdos comerciales m\u00e1s beneficiosos para ambas naciones. Este anuncio se dio tras una conversaci\u00f3n telef\u00f3nica sostenida con el Presidente Donald Trump.<\/p>\n","protected":false},"author":3,"featured_media":14629,"comment_status":"open","ping_status":"open","sticky":false,"template":"","format":"standard","meta":{"footnotes":""},"categories":[5,88,58],"tags":[4332,4334,4333,1796],"class_list":["post-14628","post","type-post","status-publish","format-standard","has-post-thumbnail","hentry","category-economia","category-nacional","category-ultima-hora","tag-comerciomexicoeua","tag-relacionesmexicoeua","tag-sheinbaumtrump","tag-t-mec"],"yoast_head":"<!-- This site is optimized with the Yoast SEO plugin v25.0 - https:\/\/yoast.com\/wordpress\/plugins\/seo\/ -->\n<title>Avanzando juntos Sheinbaum y Trump buscan mejorar acuerdos comerciales entre M\u00e9xico y EU | Nexo Informativo Santiago de Quer\u00e9taro<\/title>\n<meta name=\"description\" content=\"Avanzando juntos Sheinbaum y Trump buscan mejorar acuerdos comerciales entre M\u00e9xico y EU\" \/>\n<meta name=\"robots\" content=\"index, follow, max-snippet:-1, max-image-preview:large, max-video-preview:-1\" \/>\n<link rel=\"canonical\" href=\"https:\/\/www.nexoinformativo.mx\/index.php\/2025\/05\/01\/avanzando-juntos-sheinbaum-y-trump-buscan-mejorar-acuerdos-comerciales-entre-mexico-y-eu\/\" \/>\n<meta property=\"og:locale\" content=\"es_MX\" \/>\n<meta property=\"og:type\" content=\"article\" \/>\n<meta property=\"og:title\" content=\"Avanzando juntos Sheinbaum y Trump buscan mejorar acuerdos comerciales entre M\u00e9xico y EU | Nexo Informativo Santiago de Quer\u00e9taro\" \/>\n<meta property=\"og:description\" content=\"Avanzando juntos Sheinbaum y Trump buscan mejorar acuerdos comerciales entre M\u00e9xico y EU\" \/>\n<meta property=\"og:url\" content=\"https:\/\/www.nexoinformativo.mx\/index.php\/2025\/05\/01\/avanzando-juntos-sheinbaum-y-trump-buscan-mejorar-acuerdos-comerciales-entre-mexico-y-eu\/\" \/>\n<meta property=\"og:site_name\" content=\"Nexo Informativo Santiago de Quer\u00e9taro\" \/>\n<meta property=\"article:publisher\" content=\"https:\/\/www.facebook.com\/people\/Nexo-Informativo\/61564066885511\/\" \/>\n<meta property=\"article:published_time\" content=\"2025-05-01T16:00:21+00:00\" \/>\n<meta property=\"article:modified_time\" content=\"2025-05-01T20:21:56+00:00\" \/>\n<meta property=\"og:image\" content=\"https:\/\/www.nexoinformativo.mx\/wp-content\/uploads\/2025\/05\/IMG_2689.jpg\" \/>\n\t<meta property=\"og:image:width\" content=\"650\" \/>\n\t<meta property=\"og:image:height\" content=\"380\" \/>\n\t<meta property=\"og:image:type\" content=\"image\/jpeg\" \/>\n<meta name=\"author\" content=\"Nexo Informativo\" \/>\n<meta name=\"twitter:card\" content=\"summary_large_image\" \/>\n<meta name=\"twitter:label1\" content=\"Escrito por\" \/>\n\t<meta name=\"twitter:data1\" content=\"Nexo Informativo\" \/>\n\t<meta name=\"twitter:label2\" content=\"Tiempo de lectura\" \/>\n\t<meta name=\"twitter:data2\" content=\"2 minutos\" \/>\n<script type=\"application\/ld+json\" class=\"yoast-schema-graph\">{\"@context\":\"https:\/\/schema.org\",\"@graph\":[{\"@type\":\"Article\",\"@id\":\"https:\/\/www.nexoinformativo.mx\/index.php\/2025\/05\/01\/avanzando-juntos-sheinbaum-y-trump-buscan-mejorar-acuerdos-comerciales-entre-mexico-y-eu\/#article\",\"isPartOf\":{\"@id\":\"https:\/\/www.nexoinformativo.mx\/index.php\/2025\/05\/01\/avanzando-juntos-sheinbaum-y-trump-buscan-mejorar-acuerdos-comerciales-entre-mexico-y-eu\/\"},\"author\":{\"name\":\"Nexo Informativo\",\"@id\":\"https:\/\/www.nexoinformativo.mx\/#\/schema\/person\/7749d380ba08c8ca00d7bc76fd907b7d\"},\"headline\":\"Avanzando juntos Sheinbaum y Trump buscan mejorar acuerdos comerciales entre M\u00e9xico y EU\",\"datePublished\":\"2025-05-01T16:00:21+00:00\",\"dateModified\":\"2025-05-01T20:21:56+00:00\",\"mainEntityOfPage\":{\"@id\":\"https:\/\/www.nexoinformativo.mx\/index.php\/2025\/05\/01\/avanzando-juntos-sheinbaum-y-trump-buscan-mejorar-acuerdos-comerciales-entre-mexico-y-eu\/\"},\"wordCount\":328,\"commentCount\":0,\"publisher\":{\"@id\":\"https:\/\/www.nexoinformativo.mx\/#organization\"},\"image\":{\"@id\":\"https:\/\/www.nexoinformativo.mx\/index.php\/2025\/05\/01\/avanzando-juntos-sheinbaum-y-trump-buscan-mejorar-acuerdos-comerciales-entre-mexico-y-eu\/#primaryimage\"},\"thumbnailUrl\":\"https:\/\/www.nexoinformativo.mx\/wp-content\/uploads\/2025\/05\/IMG_2689.jpg\",\"keywords\":[\"ComercioM\u00e9xicoEUA\",\"RelacionesM\u00e9xicoEUA\",\"SheinbaumTrump\",\"T-MEC\"],\"articleSection\":[\"Econom\u00eda\",\"Nacional\",\"\u00daltima Hora\"],\"inLanguage\":\"es\",\"potentialAction\":[{\"@type\":\"CommentAction\",\"name\":\"Comment\",\"target\":[\"https:\/\/www.nexoinformativo.mx\/index.php\/2025\/05\/01\/avanzando-juntos-sheinbaum-y-trump-buscan-mejorar-acuerdos-comerciales-entre-mexico-y-eu\/#respond\"]}]},{\"@type\":\"WebPage\",\"@id\":\"https:\/\/www.nexoinformativo.mx\/index.php\/2025\/05\/01\/avanzando-juntos-sheinbaum-y-trump-buscan-mejorar-acuerdos-comerciales-entre-mexico-y-eu\/\",\"url\":\"https:\/\/www.nexoinformativo.mx\/index.php\/2025\/05\/01\/avanzando-juntos-sheinbaum-y-trump-buscan-mejorar-acuerdos-comerciales-entre-mexico-y-eu\/\",\"name\":\"Avanzando juntos Sheinbaum y Trump buscan mejorar acuerdos comerciales entre M\u00e9xico y EU | Nexo Informativo Santiago de Quer\u00e9taro\",\"isPartOf\":{\"@id\":\"https:\/\/www.nexoinformativo.mx\/#website\"},\"primaryImageOfPage\":{\"@id\":\"https:\/\/www.nexoinformativo.mx\/index.php\/2025\/05\/01\/avanzando-juntos-sheinbaum-y-trump-buscan-mejorar-acuerdos-comerciales-entre-mexico-y-eu\/#primaryimage\"},\"image\":{\"@id\":\"https:\/\/www.nexoinformativo.mx\/index.php\/2025\/05\/01\/avanzando-juntos-sheinbaum-y-trump-buscan-mejorar-acuerdos-comerciales-entre-mexico-y-eu\/#primaryimage\"},\"thumbnailUrl\":\"https:\/\/www.nexoinformativo.mx\/wp-content\/uploads\/2025\/05\/IMG_2689.jpg\",\"datePublished\":\"2025-05-01T16:00:21+00:00\",\"dateModified\":\"2025-05-01T20:21:56+00:00\",\"description\":\"Avanzando juntos Sheinbaum y Trump buscan mejorar acuerdos comerciales entre M\u00e9xico y EU\",\"breadcrumb\":{\"@id\":\"https:\/\/www.nexoinformativo.mx\/index.php\/2025\/05\/01\/avanzando-juntos-sheinbaum-y-trump-buscan-mejorar-acuerdos-comerciales-entre-mexico-y-eu\/#breadcrumb\"},\"inLanguage\":\"es\",\"potentialAction\":[{\"@type\":\"ReadAction\",\"target\":[\"https:\/\/www.nexoinformativo.mx\/index.php\/2025\/05\/01\/avanzando-juntos-sheinbaum-y-trump-buscan-mejorar-acuerdos-comerciales-entre-mexico-y-eu\/\"]}]},{\"@type\":\"ImageObject\",\"inLanguage\":\"es\",\"@id\":\"https:\/\/www.nexoinformativo.mx\/index.php\/2025\/05\/01\/avanzando-juntos-sheinbaum-y-trump-buscan-mejorar-acuerdos-comerciales-entre-mexico-y-eu\/#primaryimage\",\"url\":\"https:\/\/www.nexoinformativo.mx\/wp-content\/uploads\/2025\/05\/IMG_2689.jpg\",\"contentUrl\":\"https:\/\/www.nexoinformativo.mx\/wp-content\/uploads\/2025\/05\/IMG_2689.jpg\",\"width\":650,\"height\":380},{\"@type\":\"BreadcrumbList\",\"@id\":\"https:\/\/www.nexoinformativo.mx\/index.php\/2025\/05\/01\/avanzando-juntos-sheinbaum-y-trump-buscan-mejorar-acuerdos-comerciales-entre-mexico-y-eu\/#breadcrumb\",\"itemListElement\":[{\"@type\":\"ListItem\",\"position\":1,\"name\":\"Inicio\",\"item\":\"https:\/\/www.nexoinformativo.mx\/\"},{\"@type\":\"ListItem\",\"position\":2,\"name\":\"Avanzando juntos Sheinbaum y Trump buscan mejorar acuerdos comerciales entre M\u00e9xico y EU\"}]},{\"@type\":\"WebSite\",\"@id\":\"https:\/\/www.nexoinformativo.mx\/#website\",\"url\":\"https:\/\/www.nexoinformativo.mx\/\",\"name\":\"Nexo Informativo Santiago de Quer\u00e9taro\",\"description\":\"Explora NexoInformativo y convi\u00e9rtete en parte de una comunidad que valora el conocimiento y la verdad. Tu nexoinformativo es tu puente hacia una comprensi\u00f3n m\u00e1s profunda del mundo que te rodea.\",\"publisher\":{\"@id\":\"https:\/\/www.nexoinformativo.mx\/#organization\"},\"potentialAction\":[{\"@type\":\"SearchAction\",\"target\":{\"@type\":\"EntryPoint\",\"urlTemplate\":\"https:\/\/www.nexoinformativo.mx\/?s={search_term_string}\"},\"query-input\":{\"@type\":\"PropertyValueSpecification\",\"valueRequired\":true,\"valueName\":\"search_term_string\"}}],\"inLanguage\":\"es\"},{\"@type\":\"Organization\",\"@id\":\"https:\/\/www.nexoinformativo.mx\/#organization\",\"name\":\"Nexo Informativo Santiago de Quer\u00e9taro\",\"url\":\"https:\/\/www.nexoinformativo.mx\/\",\"logo\":{\"@type\":\"ImageObject\",\"inLanguage\":\"es\",\"@id\":\"https:\/\/www.nexoinformativo.mx\/#\/schema\/logo\/image\/\",\"url\":\"https:\/\/www.nexoinformativo.mx\/wp-content\/uploads\/2024\/07\/nexoi-trasparente-2.png\",\"contentUrl\":\"https:\/\/www.nexoinformativo.mx\/wp-content\/uploads\/2024\/07\/nexoi-trasparente-2.png\",\"width\":816,\"height\":339,\"caption\":\"Nexo Informativo Santiago de Quer\u00e9taro\"},\"image\":{\"@id\":\"https:\/\/www.nexoinformativo.mx\/#\/schema\/logo\/image\/\"},\"sameAs\":[\"https:\/\/www.facebook.com\/people\/Nexo-Informativo\/61564066885511\/\"]},{\"@type\":\"Person\",\"@id\":\"https:\/\/www.nexoinformativo.mx\/#\/schema\/person\/7749d380ba08c8ca00d7bc76fd907b7d\",\"name\":\"Nexo Informativo\",\"image\":{\"@type\":\"ImageObject\",\"inLanguage\":\"es\",\"@id\":\"https:\/\/www.nexoinformativo.mx\/#\/schema\/person\/image\/\",\"url\":\"https:\/\/secure.gravatar.com\/avatar\/dde2928154642a13d95f87ddf1ea9718fe2b46760a005c53e41ff5ad610704e6?s=96&d=mm&r=g\",\"contentUrl\":\"https:\/\/secure.gravatar.com\/avatar\/dde2928154642a13d95f87ddf1ea9718fe2b46760a005c53e41ff5ad610704e6?s=96&d=mm&r=g\",\"caption\":\"Nexo Informativo\"},\"url\":\"https:\/\/www.nexoinformativo.mx\/index.php\/author\/edicion\/\"}]}<\/script>\n<!-- \/ Yoast SEO plugin. -->","yoast_head_json":{"title":"Avanzando juntos Sheinbaum y Trump buscan mejorar acuerdos comerciales entre M\u00e9xico y EU | Nexo Informativo Santiago de Quer\u00e9taro","description":"Avanzando juntos Sheinbaum y Trump buscan mejorar acuerdos comerciales entre M\u00e9xico y EU","robots":{"index":"index","follow":"follow","max-snippet":"max-snippet:-1","max-image-preview":"max-image-preview:large","max-video-preview":"max-video-preview:-1"},"canonical":"https:\/\/www.nexoinformativo.mx\/index.php\/2025\/05\/01\/avanzando-juntos-sheinbaum-y-trump-buscan-mejorar-acuerdos-comerciales-entre-mexico-y-eu\/","og_locale":"es_MX","og_type":"article","og_title":"Avanzando juntos Sheinbaum y Trump buscan mejorar acuerdos comerciales entre M\u00e9xico y EU | Nexo Informativo Santiago de Quer\u00e9taro","og_description":"Avanzando juntos Sheinbaum y Trump buscan mejorar acuerdos comerciales entre M\u00e9xico y EU","og_url":"https:\/\/www.nexoinformativo.mx\/index.php\/2025\/05\/01\/avanzando-juntos-sheinbaum-y-trump-buscan-mejorar-acuerdos-comerciales-entre-mexico-y-eu\/","og_site_name":"Nexo Informativo Santiago de Quer\u00e9taro","article_publisher":"https:\/\/www.facebook.com\/people\/Nexo-Informativo\/61564066885511\/","article_published_time":"2025-05-01T16:00:21+00:00","article_modified_time":"2025-05-01T20:21:56+00:00","og_image":[{"width":650,"height":380,"url":"https:\/\/www.nexoinformativo.mx\/wp-content\/uploads\/2025\/05\/IMG_2689.jpg","type":"image\/jpeg"}],"author":"Nexo Informativo","twitter_card":"summary_large_image","twitter_misc":{"Escrito por":"Nexo Informativo","Tiempo de lectura":"2 minutos"},"schema":{"@context":"https:\/\/schema.org","@graph":[{"@type":"Article","@id":"https:\/\/www.nexoinformativo.mx\/index.php\/2025\/05\/01\/avanzando-juntos-sheinbaum-y-trump-buscan-mejorar-acuerdos-comerciales-entre-mexico-y-eu\/#article","isPartOf":{"@id":"https:\/\/www.nexoinformativo.mx\/index.php\/2025\/05\/01\/avanzando-juntos-sheinbaum-y-trump-buscan-mejorar-acuerdos-comerciales-entre-mexico-y-eu\/"},"author":{"name":"Nexo Informativo","@id":"https:\/\/www.nexoinformativo.mx\/#\/schema\/person\/7749d380ba08c8ca00d7bc76fd907b7d"},"headline":"Avanzando juntos Sheinbaum y Trump buscan mejorar acuerdos comerciales entre M\u00e9xico y EU","datePublished":"2025-05-01T16:00:21+00:00","dateModified":"2025-05-01T20:21:56+00:00","mainEntityOfPage":{"@id":"https:\/\/www.nexoinformativo.mx\/index.php\/2025\/05\/01\/avanzando-juntos-sheinbaum-y-trump-buscan-mejorar-acuerdos-comerciales-entre-mexico-y-eu\/"},"wordCount":328,"commentCount":0,"publisher":{"@id":"https:\/\/www.nexoinformativo.mx\/#organization"},"image":{"@id":"https:\/\/www.nexoinformativo.mx\/index.php\/2025\/05\/01\/avanzando-juntos-sheinbaum-y-trump-buscan-mejorar-acuerdos-comerciales-entre-mexico-y-eu\/#primaryimage"},"thumbnailUrl":"https:\/\/www.nexoinformativo.mx\/wp-content\/uploads\/2025\/05\/IMG_2689.jpg","keywords":["ComercioM\u00e9xicoEUA","RelacionesM\u00e9xicoEUA","SheinbaumTrump","T-MEC"],"articleSection":["Econom\u00eda","Nacional","\u00daltima Hora"],"inLanguage":"es","potentialAction":[{"@type":"CommentAction","name":"Comment","target":["https:\/\/www.nexoinformativo.mx\/index.php\/2025\/05\/01\/avanzando-juntos-sheinbaum-y-trump-buscan-mejorar-acuerdos-comerciales-entre-mexico-y-eu\/#respond"]}]},{"@type":"WebPage","@id":"https:\/\/www.nexoinformativo.mx\/index.php\/2025\/05\/01\/avanzando-juntos-sheinbaum-y-trump-buscan-mejorar-acuerdos-comerciales-entre-mexico-y-eu\/","url":"https:\/\/www.nexoinformativo.mx\/index.php\/2025\/05\/01\/avanzando-juntos-sheinbaum-y-trump-buscan-mejorar-acuerdos-comerciales-entre-mexico-y-eu\/","name":"Avanzando juntos Sheinbaum y Trump buscan mejorar acuerdos comerciales entre M\u00e9xico y EU | Nexo Informativo Santiago de Quer\u00e9taro","isPartOf":{"@id":"https:\/\/www.nexoinformativo.mx\/#website"},"primaryImageOfPage":{"@id":"https:\/\/www.nexoinformativo.mx\/index.php\/2025\/05\/01\/avanzando-juntos-sheinbaum-y-trump-buscan-mejorar-acuerdos-comerciales-entre-mexico-y-eu\/#primaryimage"},"image":{"@id":"https:\/\/www.nexoinformativo.mx\/index.php\/2025\/05\/01\/avanzando-juntos-sheinbaum-y-trump-buscan-mejorar-acuerdos-comerciales-entre-mexico-y-eu\/#primaryimage"},"thumbnailUrl":"https:\/\/www.nexoinformativo.mx\/wp-content\/uploads\/2025\/05\/IMG_2689.jpg","datePublished":"2025-05-01T16:00:21+00:00","dateModified":"2025-05-01T20:21:56+00:00","description":"Avanzando juntos Sheinbaum y Trump buscan mejorar acuerdos comerciales entre M\u00e9xico y EU","breadcrumb":{"@id":"https:\/\/www.nexoinformativo.mx\/index.php\/2025\/05\/01\/avanzando-juntos-sheinbaum-y-trump-buscan-mejorar-acuerdos-comerciales-entre-mexico-y-eu\/#breadcrumb"},"inLanguage":"es","potentialAction":[{"@type":"ReadAction","target":["https:\/\/www.nexoinformativo.mx\/index.php\/2025\/05\/01\/avanzando-juntos-sheinbaum-y-trump-buscan-mejorar-acuerdos-comerciales-entre-mexico-y-eu\/"]}]},{"@type":"ImageObject","inLanguage":"es","@id":"https:\/\/www.nexoinformativo.mx\/index.php\/2025\/05\/01\/avanzando-juntos-sheinbaum-y-trump-buscan-mejorar-acuerdos-comerciales-entre-mexico-y-eu\/#primaryimage","url":"https:\/\/www.nexoinformativo.mx\/wp-content\/uploads\/2025\/05\/IMG_2689.jpg","contentUrl":"https:\/\/www.nexoinformativo.mx\/wp-content\/uploads\/2025\/05\/IMG_2689.jpg","width":650,"height":380},{"@type":"BreadcrumbList","@id":"https:\/\/www.nexoinformativo.mx\/index.php\/2025\/05\/01\/avanzando-juntos-sheinbaum-y-trump-buscan-mejorar-acuerdos-comerciales-entre-mexico-y-eu\/#breadcrumb","itemListElement":[{"@type":"ListItem","position":1,"name":"Inicio","item":"https:\/\/www.nexoinformativo.mx\/"},{"@type":"ListItem","position":2,"name":"Avanzando juntos Sheinbaum y Trump buscan mejorar acuerdos comerciales entre M\u00e9xico y EU"}]},{"@type":"WebSite","@id":"https:\/\/www.nexoinformativo.mx\/#website","url":"https:\/\/www.nexoinformativo.mx\/","name":"Nexo Informativo Santiago de Quer\u00e9taro","description":"Explora NexoInformativo y convi\u00e9rtete en parte de una comunidad que valora el conocimiento y la verdad. Tu nexoinformativo es tu puente hacia una comprensi\u00f3n m\u00e1s profunda del mundo que te rodea.","publisher":{"@id":"https:\/\/www.nexoinformativo.mx\/#organization"},"potentialAction":[{"@type":"SearchAction","target":{"@type":"EntryPoint","urlTemplate":"https:\/\/www.nexoinformativo.mx\/?s={search_term_string}"},"query-input":{"@type":"PropertyValueSpecification","valueRequired":true,"valueName":"search_term_string"}}],"inLanguage":"es"},{"@type":"Organization","@id":"https:\/\/www.nexoinformativo.mx\/#organization","name":"Nexo Informativo Santiago de Quer\u00e9taro","url":"https:\/\/www.nexoinformativo.mx\/","logo":{"@type":"ImageObject","inLanguage":"es","@id":"https:\/\/www.nexoinformativo.mx\/#\/schema\/logo\/image\/","url":"https:\/\/www.nexoinformativo.mx\/wp-content\/uploads\/2024\/07\/nexoi-trasparente-2.png","contentUrl":"https:\/\/www.nexoinformativo.mx\/wp-content\/uploads\/2024\/07\/nexoi-trasparente-2.png","width":816,"height":339,"caption":"Nexo Informativo Santiago de Quer\u00e9taro"},"image":{"@id":"https:\/\/www.nexoinformativo.mx\/#\/schema\/logo\/image\/"},"sameAs":["https:\/\/www.facebook.com\/people\/Nexo-Informativo\/61564066885511\/"]},{"@type":"Person","@id":"https:\/\/www.nexoinformativo.mx\/#\/schema\/person\/7749d380ba08c8ca00d7bc76fd907b7d","name":"Nexo Informativo","image":{"@type":"ImageObject","inLanguage":"es","@id":"https:\/\/www.nexoinformativo.mx\/#\/schema\/person\/image\/","url":"https:\/\/secure.gravatar.com\/avatar\/dde2928154642a13d95f87ddf1ea9718fe2b46760a005c53e41ff5ad610704e6?s=96&d=mm&r=g","contentUrl":"https:\/\/secure.gravatar.com\/avatar\/dde2928154642a13d95f87ddf1ea9718fe2b46760a005c53e41ff5ad610704e6?s=96&d=mm&r=g","caption":"Nexo Informativo"},"url":"https:\/\/www.nexoinformativo.mx\/index.php\/author\/edicion\/"}]}},"_links":{"self":[{"href":"https:\/\/www.nexoinformativo.mx\/index.php\/wp-json\/wp\/v2\/posts\/14628","targetHints":{"allow":["GET"]}}],"collection":[{"href":"https:\/\/www.nexoinformativo.mx\/index.php\/wp-json\/wp\/v2\/posts"}],"about":[{"href":"https:\/\/www.nexoinformativo.mx\/index.php\/wp-json\/wp\/v2\/types\/post"}],"author":[{"embeddable":true,"href":"https:\/\/www.nexoinformativo.mx\/index.php\/wp-json\/wp\/v2\/users\/3"}],"replies":[{"embeddable":true,"href":"https:\/\/www.nexoinformativo.mx\/index.php\/wp-json\/wp\/v2\/comments?post=14628"}],"version-history":[{"count":3,"href":"https:\/\/www.nexoinformativo.mx\/index.php\/wp-json\/wp\/v2\/posts\/14628\/revisions"}],"predecessor-version":[{"id":14632,"href":"https:\/\/www.nexoinformativo.mx\/index.php\/wp-json\/wp\/v2\/posts\/14628\/revisions\/14632"}],"wp:featuredmedia":[{"embeddable":true,"href":"https:\/\/www.nexoinformativo.mx\/index.php\/wp-json\/wp\/v2\/media\/14629"}],"wp:attachment":[{"href":"https:\/\/www.nexoinformativo.mx\/index.php\/wp-json\/wp\/v2\/media?parent=14628"}],"wp:term":[{"taxonomy":"category","embeddable":true,"href":"https:\/\/www.nexoinformativo.mx\/index.php\/wp-json\/wp\/v2\/categories?post=14628"},{"taxonomy":"post_tag","embeddable":true,"href":"https:\/\/www.nexoinformativo.mx\/index.php\/wp-json\/wp\/v2\/tags?post=14628"}],"curies":[{"name":"wp","href":"https:\/\/api.w.org\/{rel}","templated":true}]}}