{"id":14644,"date":"2025-05-01T11:30:26","date_gmt":"2025-05-01T17:30:26","guid":{"rendered":"https:\/\/www.nexoinformativo.mx\/?p=14644"},"modified":"2025-05-01T14:41:33","modified_gmt":"2025-05-01T20:41:33","slug":"el-regalo-perfecto-para-mama-revista-del-consumidor-te-guia-en-su-edicion-especial-de-mayo","status":"publish","type":"post","link":"https:\/\/www.nexoinformativo.mx\/index.php\/2025\/05\/01\/el-regalo-perfecto-para-mama-revista-del-consumidor-te-guia-en-su-edicion-especial-de-mayo\/","title":{"rendered":"El regalo perfecto para mam\u00e1 revista del Consumidor te gu\u00eda en su edici\u00f3n especial de Mayo"},"content":{"rendered":"<p style=\"text-align: justify;\" data-sourcepos=\"3:1-3:251\">\u00a1Mam\u00e1 se merece lo mejor! Y para ayudarte a elegir el regalo ideal en su d\u00eda, la Revista del Consumidor de Profeco dedica su edici\u00f3n de mayo a ofrecer informaci\u00f3n valiosa y estudios de calidad para las y los consumidores.<\/p>\n<p>&nbsp;<\/p>\n<p style=\"text-align: justify;\" data-sourcepos=\"5:1-5:298\">En este n\u00famero especial, el Laboratorio Nacional de Protecci\u00f3n al Consumidor presenta dos estudios exhaustivos. Un estudio se enfoca en 10 marcas de queso de puerco, un embutido de consumo moderado pero del cual es crucial conocer sus ingredientes principales y valor nutricional.<\/p>\n<p>&nbsp;<\/p>\n<p style=\"text-align: justify;\" data-sourcepos=\"5:1-5:298\">La revista revela hallazgos importantes sobre el cumplimiento del etiquetado y el contenido real de estos productos.<\/p>\n<p>&nbsp;<\/p>\n<p style=\"text-align: justify;\" data-sourcepos=\"9:1-9:247\">Adem\u00e1s, ante el aumento significativo en el env\u00edo de dinero a M\u00e9xico durante este mes, la secci\u00f3n Br\u00fajula de compra ofrece una gu\u00eda y consejos pr\u00e1cticos para que los paisanos elijan la empresa de remesas m\u00e1s conveniente para apoyar a las jefas de familia.<\/p>\n<p>&nbsp;<\/p>\n<p style=\"text-align: justify;\" data-sourcepos=\"11:1-11:320\">Para quienes aprovechan las compras en l\u00ednea, la revista, en colaboraci\u00f3n con Meta, presenta en la secci\u00f3n Para enterarse &#8220;\u00bfOfertas en redes sociales?&#8221;, y en Finanzas Personales &#8220;Compras seguras por internet&#8221;, recomendaciones clave para evitar fraudes y realizar compras seguras en plataformas como Facebook e Instagram.<\/p>\n<p>&nbsp;<\/p>\n<p style=\"text-align: justify;\" data-sourcepos=\"15:1-15:311\">Y para inspirarte en el regalo perfecto, la secci\u00f3n Qu\u00e9 hacer si, &#8220;Eligiendo el regalo para mam\u00e1&#8221;, ofrece ideas clasificadas seg\u00fan los gustos de cada mam\u00e1: creativas y art\u00edsticas, amantes de la tecnolog\u00eda, aventureras, foodies, fashionistas, las que aman verse bellas o las que disfrutan de momentos familiares.<\/p>\n<p>&nbsp;<\/p>\n<p style=\"text-align: justify;\" data-sourcepos=\"17:1-17:157\">Finalmente, la secci\u00f3n Cuida tu dinero, &#8220;Los secretos financieros de mam\u00e1&#8221;, comparte estrategias de administraci\u00f3n para hacer frente a los gastos cotidianos.<\/p>\n<p>&nbsp;<\/p>\n<p style=\"text-align: justify;\" data-sourcepos=\"19:1-19:290\">La edici\u00f3n de mayo de la Revista del Consumidor estar\u00e1 disponible a partir de ma\u00f1ana en el sitio <a href=\"https:\/\/www.gob.mx\/profeco\/articulos\/revista-del-consumidor?idiom=es\" target=\"_blank\" rel=\"noopener\">https:\/\/www.gob.mx\/profeco\/articulos\/revista-del-consumidor?idiom=es<\/a>. Cons\u00faltala y celebra a mam\u00e1 con la mejor elecci\u00f3n.<\/p>\n<p>&nbsp;<\/p>\n<p style=\"text-align: center;\" data-sourcepos=\"19:1-19:290\"><em><strong>\u00a1Informaci\u00f3n que transforma!<\/strong><\/em><\/p>\n","protected":false},"excerpt":{"rendered":"<p>Mam\u00e1 se merece lo mejor! Y para ayudarte a elegir el regalo ideal en su d\u00eda, la Revista del Consumidor de Profeco dedica su edici\u00f3n de mayo a ofrecer informaci\u00f3n valiosa y estudios de calidad para las y los consumidores.<\/p>\n","protected":false},"author":3,"featured_media":14645,"comment_status":"open","ping_status":"open","sticky":false,"template":"","format":"standard","meta":{"footnotes":""},"categories":[5,88,58],"tags":[4341,1834,4342,4340],"class_list":["post-14644","post","type-post","status-publish","format-standard","has-post-thumbnail","hentry","category-economia","category-nacional","category-ultima-hora","tag-diadelasmadres","tag-profeco","tag-regaloparamama","tag-revistadelconsumidor"],"yoast_head":"<!-- This site is optimized with the Yoast SEO plugin v25.0 - https:\/\/yoast.com\/wordpress\/plugins\/seo\/ -->\n<title>El regalo perfecto para mam\u00e1 revista del Consumidor te gu\u00eda en su edici\u00f3n especial de Mayo | Nexo Informativo Santiago de Quer\u00e9taro<\/title>\n<meta name=\"description\" content=\"El regalo perfecto para mam\u00e1 revista del Consumidor te gu\u00eda en su edici\u00f3n especial de Mayo\" \/>\n<meta name=\"robots\" content=\"index, follow, max-snippet:-1, max-image-preview:large, max-video-preview:-1\" \/>\n<link rel=\"canonical\" href=\"https:\/\/www.nexoinformativo.mx\/index.php\/2025\/05\/01\/el-regalo-perfecto-para-mama-revista-del-consumidor-te-guia-en-su-edicion-especial-de-mayo\/\" \/>\n<meta property=\"og:locale\" content=\"es_MX\" \/>\n<meta property=\"og:type\" content=\"article\" \/>\n<meta property=\"og:title\" content=\"El regalo perfecto para mam\u00e1 revista del Consumidor te gu\u00eda en su edici\u00f3n especial de Mayo | Nexo Informativo Santiago de Quer\u00e9taro\" \/>\n<meta property=\"og:description\" content=\"El regalo perfecto para mam\u00e1 revista del Consumidor te gu\u00eda en su edici\u00f3n especial de Mayo\" \/>\n<meta property=\"og:url\" content=\"https:\/\/www.nexoinformativo.mx\/index.php\/2025\/05\/01\/el-regalo-perfecto-para-mama-revista-del-consumidor-te-guia-en-su-edicion-especial-de-mayo\/\" \/>\n<meta property=\"og:site_name\" content=\"Nexo Informativo Santiago de Quer\u00e9taro\" \/>\n<meta property=\"article:publisher\" content=\"https:\/\/www.facebook.com\/people\/Nexo-Informativo\/61564066885511\/\" \/>\n<meta property=\"article:published_time\" content=\"2025-05-01T17:30:26+00:00\" \/>\n<meta property=\"article:modified_time\" content=\"2025-05-01T20:41:33+00:00\" \/>\n<meta property=\"og:image\" content=\"https:\/\/www.nexoinformativo.mx\/wp-content\/uploads\/2025\/05\/IMG_2692-e1746131921976.jpg\" \/>\n\t<meta property=\"og:image:width\" content=\"750\" \/>\n\t<meta property=\"og:image:height\" content=\"918\" \/>\n\t<meta property=\"og:image:type\" content=\"image\/jpeg\" \/>\n<meta name=\"author\" content=\"Nexo Informativo\" \/>\n<meta name=\"twitter:card\" content=\"summary_large_image\" \/>\n<meta name=\"twitter:label1\" content=\"Escrito por\" \/>\n\t<meta name=\"twitter:data1\" content=\"Nexo Informativo\" \/>\n\t<meta name=\"twitter:label2\" content=\"Tiempo de lectura\" \/>\n\t<meta name=\"twitter:data2\" content=\"2 minutos\" \/>\n<script type=\"application\/ld+json\" class=\"yoast-schema-graph\">{\"@context\":\"https:\/\/schema.org\",\"@graph\":[{\"@type\":\"Article\",\"@id\":\"https:\/\/www.nexoinformativo.mx\/index.php\/2025\/05\/01\/el-regalo-perfecto-para-mama-revista-del-consumidor-te-guia-en-su-edicion-especial-de-mayo\/#article\",\"isPartOf\":{\"@id\":\"https:\/\/www.nexoinformativo.mx\/index.php\/2025\/05\/01\/el-regalo-perfecto-para-mama-revista-del-consumidor-te-guia-en-su-edicion-especial-de-mayo\/\"},\"author\":{\"name\":\"Nexo Informativo\",\"@id\":\"https:\/\/www.nexoinformativo.mx\/#\/schema\/person\/7749d380ba08c8ca00d7bc76fd907b7d\"},\"headline\":\"El regalo perfecto para mam\u00e1 revista del Consumidor te gu\u00eda en su edici\u00f3n especial de Mayo\",\"datePublished\":\"2025-05-01T17:30:26+00:00\",\"dateModified\":\"2025-05-01T20:41:33+00:00\",\"mainEntityOfPage\":{\"@id\":\"https:\/\/www.nexoinformativo.mx\/index.php\/2025\/05\/01\/el-regalo-perfecto-para-mama-revista-del-consumidor-te-guia-en-su-edicion-especial-de-mayo\/\"},\"wordCount\":351,\"commentCount\":0,\"publisher\":{\"@id\":\"https:\/\/www.nexoinformativo.mx\/#organization\"},\"image\":{\"@id\":\"https:\/\/www.nexoinformativo.mx\/index.php\/2025\/05\/01\/el-regalo-perfecto-para-mama-revista-del-consumidor-te-guia-en-su-edicion-especial-de-mayo\/#primaryimage\"},\"thumbnailUrl\":\"https:\/\/www.nexoinformativo.mx\/wp-content\/uploads\/2025\/05\/IMG_2692-e1746131921976.jpg\",\"keywords\":[\"D\u00edaDeLasMadres\",\"Profeco\",\"RegaloParaMam\u00e1\",\"RevistaDelConsumidor\"],\"articleSection\":[\"Econom\u00eda\",\"Nacional\",\"\u00daltima Hora\"],\"inLanguage\":\"es\",\"potentialAction\":[{\"@type\":\"CommentAction\",\"name\":\"Comment\",\"target\":[\"https:\/\/www.nexoinformativo.mx\/index.php\/2025\/05\/01\/el-regalo-perfecto-para-mama-revista-del-consumidor-te-guia-en-su-edicion-especial-de-mayo\/#respond\"]}]},{\"@type\":\"WebPage\",\"@id\":\"https:\/\/www.nexoinformativo.mx\/index.php\/2025\/05\/01\/el-regalo-perfecto-para-mama-revista-del-consumidor-te-guia-en-su-edicion-especial-de-mayo\/\",\"url\":\"https:\/\/www.nexoinformativo.mx\/index.php\/2025\/05\/01\/el-regalo-perfecto-para-mama-revista-del-consumidor-te-guia-en-su-edicion-especial-de-mayo\/\",\"name\":\"El regalo perfecto para mam\u00e1 revista del Consumidor te gu\u00eda en su edici\u00f3n especial de Mayo | Nexo Informativo Santiago de Quer\u00e9taro\",\"isPartOf\":{\"@id\":\"https:\/\/www.nexoinformativo.mx\/#website\"},\"primaryImageOfPage\":{\"@id\":\"https:\/\/www.nexoinformativo.mx\/index.php\/2025\/05\/01\/el-regalo-perfecto-para-mama-revista-del-consumidor-te-guia-en-su-edicion-especial-de-mayo\/#primaryimage\"},\"image\":{\"@id\":\"https:\/\/www.nexoinformativo.mx\/index.php\/2025\/05\/01\/el-regalo-perfecto-para-mama-revista-del-consumidor-te-guia-en-su-edicion-especial-de-mayo\/#primaryimage\"},\"thumbnailUrl\":\"https:\/\/www.nexoinformativo.mx\/wp-content\/uploads\/2025\/05\/IMG_2692-e1746131921976.jpg\",\"datePublished\":\"2025-05-01T17:30:26+00:00\",\"dateModified\":\"2025-05-01T20:41:33+00:00\",\"description\":\"El regalo perfecto para mam\u00e1 revista del Consumidor te gu\u00eda en su edici\u00f3n especial de Mayo\",\"breadcrumb\":{\"@id\":\"https:\/\/www.nexoinformativo.mx\/index.php\/2025\/05\/01\/el-regalo-perfecto-para-mama-revista-del-consumidor-te-guia-en-su-edicion-especial-de-mayo\/#breadcrumb\"},\"inLanguage\":\"es\",\"potentialAction\":[{\"@type\":\"ReadAction\",\"target\":[\"https:\/\/www.nexoinformativo.mx\/index.php\/2025\/05\/01\/el-regalo-perfecto-para-mama-revista-del-consumidor-te-guia-en-su-edicion-especial-de-mayo\/\"]}]},{\"@type\":\"ImageObject\",\"inLanguage\":\"es\",\"@id\":\"https:\/\/www.nexoinformativo.mx\/index.php\/2025\/05\/01\/el-regalo-perfecto-para-mama-revista-del-consumidor-te-guia-en-su-edicion-especial-de-mayo\/#primaryimage\",\"url\":\"https:\/\/www.nexoinformativo.mx\/wp-content\/uploads\/2025\/05\/IMG_2692-e1746131921976.jpg\",\"contentUrl\":\"https:\/\/www.nexoinformativo.mx\/wp-content\/uploads\/2025\/05\/IMG_2692-e1746131921976.jpg\",\"width\":750,\"height\":918},{\"@type\":\"BreadcrumbList\",\"@id\":\"https:\/\/www.nexoinformativo.mx\/index.php\/2025\/05\/01\/el-regalo-perfecto-para-mama-revista-del-consumidor-te-guia-en-su-edicion-especial-de-mayo\/#breadcrumb\",\"itemListElement\":[{\"@type\":\"ListItem\",\"position\":1,\"name\":\"Inicio\",\"item\":\"https:\/\/www.nexoinformativo.mx\/\"},{\"@type\":\"ListItem\",\"position\":2,\"name\":\"El regalo perfecto para mam\u00e1 revista del Consumidor te gu\u00eda en su edici\u00f3n especial de Mayo\"}]},{\"@type\":\"WebSite\",\"@id\":\"https:\/\/www.nexoinformativo.mx\/#website\",\"url\":\"https:\/\/www.nexoinformativo.mx\/\",\"name\":\"Nexo Informativo Santiago de Quer\u00e9taro\",\"description\":\"Explora NexoInformativo y convi\u00e9rtete en parte de una comunidad que valora el conocimiento y la verdad. Tu nexoinformativo es tu puente hacia una comprensi\u00f3n m\u00e1s profunda del mundo que te rodea.\",\"publisher\":{\"@id\":\"https:\/\/www.nexoinformativo.mx\/#organization\"},\"potentialAction\":[{\"@type\":\"SearchAction\",\"target\":{\"@type\":\"EntryPoint\",\"urlTemplate\":\"https:\/\/www.nexoinformativo.mx\/?s={search_term_string}\"},\"query-input\":{\"@type\":\"PropertyValueSpecification\",\"valueRequired\":true,\"valueName\":\"search_term_string\"}}],\"inLanguage\":\"es\"},{\"@type\":\"Organization\",\"@id\":\"https:\/\/www.nexoinformativo.mx\/#organization\",\"name\":\"Nexo Informativo Santiago de Quer\u00e9taro\",\"url\":\"https:\/\/www.nexoinformativo.mx\/\",\"logo\":{\"@type\":\"ImageObject\",\"inLanguage\":\"es\",\"@id\":\"https:\/\/www.nexoinformativo.mx\/#\/schema\/logo\/image\/\",\"url\":\"https:\/\/www.nexoinformativo.mx\/wp-content\/uploads\/2024\/07\/nexoi-trasparente-2.png\",\"contentUrl\":\"https:\/\/www.nexoinformativo.mx\/wp-content\/uploads\/2024\/07\/nexoi-trasparente-2.png\",\"width\":816,\"height\":339,\"caption\":\"Nexo Informativo Santiago de Quer\u00e9taro\"},\"image\":{\"@id\":\"https:\/\/www.nexoinformativo.mx\/#\/schema\/logo\/image\/\"},\"sameAs\":[\"https:\/\/www.facebook.com\/people\/Nexo-Informativo\/61564066885511\/\"]},{\"@type\":\"Person\",\"@id\":\"https:\/\/www.nexoinformativo.mx\/#\/schema\/person\/7749d380ba08c8ca00d7bc76fd907b7d\",\"name\":\"Nexo Informativo\",\"image\":{\"@type\":\"ImageObject\",\"inLanguage\":\"es\",\"@id\":\"https:\/\/www.nexoinformativo.mx\/#\/schema\/person\/image\/\",\"url\":\"https:\/\/secure.gravatar.com\/avatar\/dde2928154642a13d95f87ddf1ea9718fe2b46760a005c53e41ff5ad610704e6?s=96&d=mm&r=g\",\"contentUrl\":\"https:\/\/secure.gravatar.com\/avatar\/dde2928154642a13d95f87ddf1ea9718fe2b46760a005c53e41ff5ad610704e6?s=96&d=mm&r=g\",\"caption\":\"Nexo Informativo\"},\"url\":\"https:\/\/www.nexoinformativo.mx\/index.php\/author\/edicion\/\"}]}<\/script>\n<!-- \/ Yoast SEO plugin. -->","yoast_head_json":{"title":"El regalo perfecto para mam\u00e1 revista del Consumidor te gu\u00eda en su edici\u00f3n especial de Mayo | Nexo Informativo Santiago de Quer\u00e9taro","description":"El regalo perfecto para mam\u00e1 revista del Consumidor te gu\u00eda en su edici\u00f3n especial de Mayo","robots":{"index":"index","follow":"follow","max-snippet":"max-snippet:-1","max-image-preview":"max-image-preview:large","max-video-preview":"max-video-preview:-1"},"canonical":"https:\/\/www.nexoinformativo.mx\/index.php\/2025\/05\/01\/el-regalo-perfecto-para-mama-revista-del-consumidor-te-guia-en-su-edicion-especial-de-mayo\/","og_locale":"es_MX","og_type":"article","og_title":"El regalo perfecto para mam\u00e1 revista del Consumidor te gu\u00eda en su edici\u00f3n especial de Mayo | Nexo Informativo Santiago de Quer\u00e9taro","og_description":"El regalo perfecto para mam\u00e1 revista del Consumidor te gu\u00eda en su edici\u00f3n especial de Mayo","og_url":"https:\/\/www.nexoinformativo.mx\/index.php\/2025\/05\/01\/el-regalo-perfecto-para-mama-revista-del-consumidor-te-guia-en-su-edicion-especial-de-mayo\/","og_site_name":"Nexo Informativo Santiago de Quer\u00e9taro","article_publisher":"https:\/\/www.facebook.com\/people\/Nexo-Informativo\/61564066885511\/","article_published_time":"2025-05-01T17:30:26+00:00","article_modified_time":"2025-05-01T20:41:33+00:00","og_image":[{"width":750,"height":918,"url":"https:\/\/www.nexoinformativo.mx\/wp-content\/uploads\/2025\/05\/IMG_2692-e1746131921976.jpg","type":"image\/jpeg"}],"author":"Nexo Informativo","twitter_card":"summary_large_image","twitter_misc":{"Escrito por":"Nexo Informativo","Tiempo de lectura":"2 minutos"},"schema":{"@context":"https:\/\/schema.org","@graph":[{"@type":"Article","@id":"https:\/\/www.nexoinformativo.mx\/index.php\/2025\/05\/01\/el-regalo-perfecto-para-mama-revista-del-consumidor-te-guia-en-su-edicion-especial-de-mayo\/#article","isPartOf":{"@id":"https:\/\/www.nexoinformativo.mx\/index.php\/2025\/05\/01\/el-regalo-perfecto-para-mama-revista-del-consumidor-te-guia-en-su-edicion-especial-de-mayo\/"},"author":{"name":"Nexo Informativo","@id":"https:\/\/www.nexoinformativo.mx\/#\/schema\/person\/7749d380ba08c8ca00d7bc76fd907b7d"},"headline":"El regalo perfecto para mam\u00e1 revista del Consumidor te gu\u00eda en su edici\u00f3n especial de Mayo","datePublished":"2025-05-01T17:30:26+00:00","dateModified":"2025-05-01T20:41:33+00:00","mainEntityOfPage":{"@id":"https:\/\/www.nexoinformativo.mx\/index.php\/2025\/05\/01\/el-regalo-perfecto-para-mama-revista-del-consumidor-te-guia-en-su-edicion-especial-de-mayo\/"},"wordCount":351,"commentCount":0,"publisher":{"@id":"https:\/\/www.nexoinformativo.mx\/#organization"},"image":{"@id":"https:\/\/www.nexoinformativo.mx\/index.php\/2025\/05\/01\/el-regalo-perfecto-para-mama-revista-del-consumidor-te-guia-en-su-edicion-especial-de-mayo\/#primaryimage"},"thumbnailUrl":"https:\/\/www.nexoinformativo.mx\/wp-content\/uploads\/2025\/05\/IMG_2692-e1746131921976.jpg","keywords":["D\u00edaDeLasMadres","Profeco","RegaloParaMam\u00e1","RevistaDelConsumidor"],"articleSection":["Econom\u00eda","Nacional","\u00daltima Hora"],"inLanguage":"es","potentialAction":[{"@type":"CommentAction","name":"Comment","target":["https:\/\/www.nexoinformativo.mx\/index.php\/2025\/05\/01\/el-regalo-perfecto-para-mama-revista-del-consumidor-te-guia-en-su-edicion-especial-de-mayo\/#respond"]}]},{"@type":"WebPage","@id":"https:\/\/www.nexoinformativo.mx\/index.php\/2025\/05\/01\/el-regalo-perfecto-para-mama-revista-del-consumidor-te-guia-en-su-edicion-especial-de-mayo\/","url":"https:\/\/www.nexoinformativo.mx\/index.php\/2025\/05\/01\/el-regalo-perfecto-para-mama-revista-del-consumidor-te-guia-en-su-edicion-especial-de-mayo\/","name":"El regalo perfecto para mam\u00e1 revista del Consumidor te gu\u00eda en su edici\u00f3n especial de Mayo | Nexo Informativo Santiago de Quer\u00e9taro","isPartOf":{"@id":"https:\/\/www.nexoinformativo.mx\/#website"},"primaryImageOfPage":{"@id":"https:\/\/www.nexoinformativo.mx\/index.php\/2025\/05\/01\/el-regalo-perfecto-para-mama-revista-del-consumidor-te-guia-en-su-edicion-especial-de-mayo\/#primaryimage"},"image":{"@id":"https:\/\/www.nexoinformativo.mx\/index.php\/2025\/05\/01\/el-regalo-perfecto-para-mama-revista-del-consumidor-te-guia-en-su-edicion-especial-de-mayo\/#primaryimage"},"thumbnailUrl":"https:\/\/www.nexoinformativo.mx\/wp-content\/uploads\/2025\/05\/IMG_2692-e1746131921976.jpg","datePublished":"2025-05-01T17:30:26+00:00","dateModified":"2025-05-01T20:41:33+00:00","description":"El regalo perfecto para mam\u00e1 revista del Consumidor te gu\u00eda en su edici\u00f3n especial de Mayo","breadcrumb":{"@id":"https:\/\/www.nexoinformativo.mx\/index.php\/2025\/05\/01\/el-regalo-perfecto-para-mama-revista-del-consumidor-te-guia-en-su-edicion-especial-de-mayo\/#breadcrumb"},"inLanguage":"es","potentialAction":[{"@type":"ReadAction","target":["https:\/\/www.nexoinformativo.mx\/index.php\/2025\/05\/01\/el-regalo-perfecto-para-mama-revista-del-consumidor-te-guia-en-su-edicion-especial-de-mayo\/"]}]},{"@type":"ImageObject","inLanguage":"es","@id":"https:\/\/www.nexoinformativo.mx\/index.php\/2025\/05\/01\/el-regalo-perfecto-para-mama-revista-del-consumidor-te-guia-en-su-edicion-especial-de-mayo\/#primaryimage","url":"https:\/\/www.nexoinformativo.mx\/wp-content\/uploads\/2025\/05\/IMG_2692-e1746131921976.jpg","contentUrl":"https:\/\/www.nexoinformativo.mx\/wp-content\/uploads\/2025\/05\/IMG_2692-e1746131921976.jpg","width":750,"height":918},{"@type":"BreadcrumbList","@id":"https:\/\/www.nexoinformativo.mx\/index.php\/2025\/05\/01\/el-regalo-perfecto-para-mama-revista-del-consumidor-te-guia-en-su-edicion-especial-de-mayo\/#breadcrumb","itemListElement":[{"@type":"ListItem","position":1,"name":"Inicio","item":"https:\/\/www.nexoinformativo.mx\/"},{"@type":"ListItem","position":2,"name":"El regalo perfecto para mam\u00e1 revista del Consumidor te gu\u00eda en su edici\u00f3n especial de Mayo"}]},{"@type":"WebSite","@id":"https:\/\/www.nexoinformativo.mx\/#website","url":"https:\/\/www.nexoinformativo.mx\/","name":"Nexo Informativo Santiago de Quer\u00e9taro","description":"Explora NexoInformativo y convi\u00e9rtete en parte de una comunidad que valora el conocimiento y la verdad. Tu nexoinformativo es tu puente hacia una comprensi\u00f3n m\u00e1s profunda del mundo que te rodea.","publisher":{"@id":"https:\/\/www.nexoinformativo.mx\/#organization"},"potentialAction":[{"@type":"SearchAction","target":{"@type":"EntryPoint","urlTemplate":"https:\/\/www.nexoinformativo.mx\/?s={search_term_string}"},"query-input":{"@type":"PropertyValueSpecification","valueRequired":true,"valueName":"search_term_string"}}],"inLanguage":"es"},{"@type":"Organization","@id":"https:\/\/www.nexoinformativo.mx\/#organization","name":"Nexo Informativo Santiago de Quer\u00e9taro","url":"https:\/\/www.nexoinformativo.mx\/","logo":{"@type":"ImageObject","inLanguage":"es","@id":"https:\/\/www.nexoinformativo.mx\/#\/schema\/logo\/image\/","url":"https:\/\/www.nexoinformativo.mx\/wp-content\/uploads\/2024\/07\/nexoi-trasparente-2.png","contentUrl":"https:\/\/www.nexoinformativo.mx\/wp-content\/uploads\/2024\/07\/nexoi-trasparente-2.png","width":816,"height":339,"caption":"Nexo Informativo Santiago de Quer\u00e9taro"},"image":{"@id":"https:\/\/www.nexoinformativo.mx\/#\/schema\/logo\/image\/"},"sameAs":["https:\/\/www.facebook.com\/people\/Nexo-Informativo\/61564066885511\/"]},{"@type":"Person","@id":"https:\/\/www.nexoinformativo.mx\/#\/schema\/person\/7749d380ba08c8ca00d7bc76fd907b7d","name":"Nexo Informativo","image":{"@type":"ImageObject","inLanguage":"es","@id":"https:\/\/www.nexoinformativo.mx\/#\/schema\/person\/image\/","url":"https:\/\/secure.gravatar.com\/avatar\/dde2928154642a13d95f87ddf1ea9718fe2b46760a005c53e41ff5ad610704e6?s=96&d=mm&r=g","contentUrl":"https:\/\/secure.gravatar.com\/avatar\/dde2928154642a13d95f87ddf1ea9718fe2b46760a005c53e41ff5ad610704e6?s=96&d=mm&r=g","caption":"Nexo Informativo"},"url":"https:\/\/www.nexoinformativo.mx\/index.php\/author\/edicion\/"}]}},"_links":{"self":[{"href":"https:\/\/www.nexoinformativo.mx\/index.php\/wp-json\/wp\/v2\/posts\/14644","targetHints":{"allow":["GET"]}}],"collection":[{"href":"https:\/\/www.nexoinformativo.mx\/index.php\/wp-json\/wp\/v2\/posts"}],"about":[{"href":"https:\/\/www.nexoinformativo.mx\/index.php\/wp-json\/wp\/v2\/types\/post"}],"author":[{"embeddable":true,"href":"https:\/\/www.nexoinformativo.mx\/index.php\/wp-json\/wp\/v2\/users\/3"}],"replies":[{"embeddable":true,"href":"https:\/\/www.nexoinformativo.mx\/index.php\/wp-json\/wp\/v2\/comments?post=14644"}],"version-history":[{"count":6,"href":"https:\/\/www.nexoinformativo.mx\/index.php\/wp-json\/wp\/v2\/posts\/14644\/revisions"}],"predecessor-version":[{"id":14651,"href":"https:\/\/www.nexoinformativo.mx\/index.php\/wp-json\/wp\/v2\/posts\/14644\/revisions\/14651"}],"wp:featuredmedia":[{"embeddable":true,"href":"https:\/\/www.nexoinformativo.mx\/index.php\/wp-json\/wp\/v2\/media\/14645"}],"wp:attachment":[{"href":"https:\/\/www.nexoinformativo.mx\/index.php\/wp-json\/wp\/v2\/media?parent=14644"}],"wp:term":[{"taxonomy":"category","embeddable":true,"href":"https:\/\/www.nexoinformativo.mx\/index.php\/wp-json\/wp\/v2\/categories?post=14644"},{"taxonomy":"post_tag","embeddable":true,"href":"https:\/\/www.nexoinformativo.mx\/index.php\/wp-json\/wp\/v2\/tags?post=14644"}],"curies":[{"name":"wp","href":"https:\/\/api.w.org\/{rel}","templated":true}]}}