{"id":14652,"date":"2025-05-01T12:00:39","date_gmt":"2025-05-01T18:00:39","guid":{"rendered":"https:\/\/www.nexoinformativo.mx\/?p=14652"},"modified":"2025-05-01T14:54:35","modified_gmt":"2025-05-01T20:54:35","slug":"queretaro-capital-del-amor-el-estado-sera-sede-del-congreso-de-bodas-y-eventos-lat-2025","status":"publish","type":"post","link":"https:\/\/www.nexoinformativo.mx\/index.php\/2025\/05\/01\/queretaro-capital-del-amor-el-estado-sera-sede-del-congreso-de-bodas-y-eventos-lat-2025\/","title":{"rendered":"Quer\u00e9taro capital del amor el Estado ser\u00e1 sede del Congreso de Bodas y Eventos LAT 2025"},"content":{"rendered":"<p style=\"text-align: justify;\" data-sourcepos=\"3:1-3:363\">Quer\u00e9taro se consolida como el destino estrella para el turismo de romance en Latinoam\u00e9rica. En el marco del <strong>Tianguis Tur\u00edstico M\u00e9xico 2025,<\/strong> se anunci\u00f3 que el estado ser\u00e1 el anfitri\u00f3n del prestigioso <strong>Congreso de Bodas y Eventos Sustentables LAT 2025<\/strong>, que reunir\u00e1 a m\u00e1s de 700 expertos y empresarios del sector del 22 al 25 de septiembre.<\/p>\n<p>&nbsp;<\/p>\n<p style=\"text-align: justify;\" data-sourcepos=\"5:1-5:368\">Andrea Herrera Lambarri, coordinadora de Turismo de Romance de la Secretar\u00eda de Turismo de Quer\u00e9taro (SECTUR), junto a Suri Mendicuti, directora de la I<strong>nternational Association of Destination Wedding Planners<\/strong> (IADWP) y organizadora del evento, destacaron el continuo crecimiento y la fortaleza del turismo de romance como pilar fundamental para la econom\u00eda estatal.<\/p>\n<p>&nbsp;<\/p>\n<p style=\"text-align: justify;\" data-sourcepos=\"7:1-7:321\">El turismo de romance genera anualmente en Quer\u00e9taro una derrama econ\u00f3mica superior a los tres mil millones de pesos, lo que subraya su importancia estrat\u00e9gica.<\/p>\n<p>&nbsp;<\/p>\n<p style=\"text-align: justify;\" data-sourcepos=\"9:1-9:363\">Quer\u00e9taro ofrece un escenario inigualable para eventos sociales, con m\u00e1s de 80 locaciones que incluyen haciendas coloniales llenas de historia, elegantes casonas, rom\u00e1nticos vi\u00f1edos, sofisticados hoteles boutique y hermosos jardines.<\/p>\n<p>&nbsp;<\/p>\n<p style=\"text-align: justify;\" data-sourcepos=\"9:1-9:363\">Adem\u00e1s, cuenta con una s\u00f3lida infraestructura de m\u00e1s de 400 proveedores especializados y m\u00e1s de 70 wedding planners certificados.<\/p>\n<p>&nbsp;<\/p>\n<p style=\"text-align: justify;\" data-sourcepos=\"11:1-11:342\">Anualmente, se celebran en el estado m\u00e1s de mil 200 eventos sociales, con un promedio de 100 al mes, siendo las bodas el principal motor. El 80% de los invitados a estas celebraciones provienen de fuera del estado, generando una derrama promedio de m\u00e1s de tres mil 800 pesos por persona durante su estancia.<\/p>\n<p>&nbsp;<\/p>\n<p style=\"text-align: justify;\" data-sourcepos=\"13:1-13:362\">La riqueza cultural, la arquitectura colonial y la reconocida tradici\u00f3n vitivin\u00edcola de la Ruta del Arte, Queso y Vino, que atrae a m\u00e1s de 1.5 millones de visitantes anuales y genera una derrama superior a los cuatro mil millones de pesos, fortalecen la posici\u00f3n de Quer\u00e9taro como el destino predilecto para el turismo de romance.<\/p>\n<p>&nbsp;<\/p>\n<p style=\"text-align: justify;\" data-sourcepos=\"15:1-15:247\">En este importante anuncio tambi\u00e9n estuvieron presentes Rodrigo Ibarra Lozano, director de Promoci\u00f3n Tur\u00edstica del estado; Alfredo Espinosa Leal, director del Quer\u00e9taro Centro de Congresos; y Lucero \u00c1lvarez, destacada Wedding Planner de Quer\u00e9taro.<\/p>\n<p>&nbsp;<\/p>\n<p style=\"text-align: center;\" data-sourcepos=\"15:1-15:247\"><em><strong>\u00a1Informaci\u00f3n que transforma!<\/strong><\/em><\/p>\n","protected":false},"excerpt":{"rendered":"<p>Quer\u00e9taro se consolida como el destino estrella para el turismo de romance en Latinoam\u00e9rica. En el marco del Tianguis Tur\u00edstico M\u00e9xico 2025, se anunci\u00f3 que el estado ser\u00e1 el anfitri\u00f3n del prestigioso Congreso de Bodas y Eventos Sustentables LAT 2025, que reunir\u00e1 a m\u00e1s de 700 expertos y empresarios del sector del 22 al 25 de septiembre.<\/p>\n","protected":false},"author":3,"featured_media":14653,"comment_status":"open","ping_status":"open","sticky":false,"template":"","format":"standard","meta":{"footnotes":""},"categories":[50,42,58],"tags":[4343,4345,133,4344],"class_list":["post-14652","post","type-post","status-publish","format-standard","has-post-thumbnail","hentry","category-espectaculos","category-estado","category-ultima-hora","tag-bodasqueretaro","tag-eventoslat2025","tag-queretaro","tag-turismoromance"],"yoast_head":"<!-- This site is optimized with the Yoast SEO plugin v25.0 - https:\/\/yoast.com\/wordpress\/plugins\/seo\/ -->\n<title>Quer\u00e9taro capital del amor el Estado ser\u00e1 sede del Congreso de Bodas y Eventos LAT 2025 | Nexo Informativo Santiago de Quer\u00e9taro<\/title>\n<meta name=\"description\" content=\"Quer\u00e9taro capital del amor el Estado ser\u00e1 sede del Congreso de Bodas y Eventos LAT 2025\" \/>\n<meta name=\"robots\" content=\"index, follow, max-snippet:-1, max-image-preview:large, max-video-preview:-1\" \/>\n<link rel=\"canonical\" href=\"https:\/\/www.nexoinformativo.mx\/index.php\/2025\/05\/01\/queretaro-capital-del-amor-el-estado-sera-sede-del-congreso-de-bodas-y-eventos-lat-2025\/\" \/>\n<meta property=\"og:locale\" content=\"es_MX\" \/>\n<meta property=\"og:type\" content=\"article\" \/>\n<meta property=\"og:title\" content=\"Quer\u00e9taro capital del amor el Estado ser\u00e1 sede del Congreso de Bodas y Eventos LAT 2025 | Nexo Informativo Santiago de Quer\u00e9taro\" \/>\n<meta property=\"og:description\" content=\"Quer\u00e9taro capital del amor el Estado ser\u00e1 sede del Congreso de Bodas y Eventos LAT 2025\" \/>\n<meta property=\"og:url\" content=\"https:\/\/www.nexoinformativo.mx\/index.php\/2025\/05\/01\/queretaro-capital-del-amor-el-estado-sera-sede-del-congreso-de-bodas-y-eventos-lat-2025\/\" \/>\n<meta property=\"og:site_name\" content=\"Nexo Informativo Santiago de Quer\u00e9taro\" \/>\n<meta property=\"article:publisher\" content=\"https:\/\/www.facebook.com\/people\/Nexo-Informativo\/61564066885511\/\" \/>\n<meta property=\"article:published_time\" content=\"2025-05-01T18:00:39+00:00\" \/>\n<meta property=\"article:modified_time\" content=\"2025-05-01T20:54:35+00:00\" \/>\n<meta property=\"og:image\" content=\"https:\/\/www.nexoinformativo.mx\/wp-content\/uploads\/2025\/05\/71_273_47761_362653577_IMG_5276-e1746132552489.jpg\" \/>\n\t<meta property=\"og:image:width\" content=\"700\" \/>\n\t<meta property=\"og:image:height\" content=\"874\" \/>\n\t<meta property=\"og:image:type\" content=\"image\/jpeg\" \/>\n<meta name=\"author\" content=\"Nexo Informativo\" \/>\n<meta name=\"twitter:card\" content=\"summary_large_image\" \/>\n<meta name=\"twitter:label1\" content=\"Escrito por\" \/>\n\t<meta name=\"twitter:data1\" content=\"Nexo Informativo\" \/>\n\t<meta name=\"twitter:label2\" content=\"Tiempo de lectura\" \/>\n\t<meta name=\"twitter:data2\" content=\"2 minutos\" \/>\n<script type=\"application\/ld+json\" class=\"yoast-schema-graph\">{\"@context\":\"https:\/\/schema.org\",\"@graph\":[{\"@type\":\"Article\",\"@id\":\"https:\/\/www.nexoinformativo.mx\/index.php\/2025\/05\/01\/queretaro-capital-del-amor-el-estado-sera-sede-del-congreso-de-bodas-y-eventos-lat-2025\/#article\",\"isPartOf\":{\"@id\":\"https:\/\/www.nexoinformativo.mx\/index.php\/2025\/05\/01\/queretaro-capital-del-amor-el-estado-sera-sede-del-congreso-de-bodas-y-eventos-lat-2025\/\"},\"author\":{\"name\":\"Nexo Informativo\",\"@id\":\"https:\/\/www.nexoinformativo.mx\/#\/schema\/person\/7749d380ba08c8ca00d7bc76fd907b7d\"},\"headline\":\"Quer\u00e9taro capital del amor el Estado ser\u00e1 sede del Congreso de Bodas y Eventos LAT 2025\",\"datePublished\":\"2025-05-01T18:00:39+00:00\",\"dateModified\":\"2025-05-01T20:54:35+00:00\",\"mainEntityOfPage\":{\"@id\":\"https:\/\/www.nexoinformativo.mx\/index.php\/2025\/05\/01\/queretaro-capital-del-amor-el-estado-sera-sede-del-congreso-de-bodas-y-eventos-lat-2025\/\"},\"wordCount\":372,\"commentCount\":0,\"publisher\":{\"@id\":\"https:\/\/www.nexoinformativo.mx\/#organization\"},\"image\":{\"@id\":\"https:\/\/www.nexoinformativo.mx\/index.php\/2025\/05\/01\/queretaro-capital-del-amor-el-estado-sera-sede-del-congreso-de-bodas-y-eventos-lat-2025\/#primaryimage\"},\"thumbnailUrl\":\"https:\/\/www.nexoinformativo.mx\/wp-content\/uploads\/2025\/05\/71_273_47761_362653577_IMG_5276-e1746132552489.jpg\",\"keywords\":[\"BodasQuer\u00e9taro\",\"EventosLAT2025\",\"Quer\u00e9taro\",\"TurismoRomance\"],\"articleSection\":[\"Espect\u00e1culos\",\"Estado\",\"\u00daltima Hora\"],\"inLanguage\":\"es\",\"potentialAction\":[{\"@type\":\"CommentAction\",\"name\":\"Comment\",\"target\":[\"https:\/\/www.nexoinformativo.mx\/index.php\/2025\/05\/01\/queretaro-capital-del-amor-el-estado-sera-sede-del-congreso-de-bodas-y-eventos-lat-2025\/#respond\"]}]},{\"@type\":\"WebPage\",\"@id\":\"https:\/\/www.nexoinformativo.mx\/index.php\/2025\/05\/01\/queretaro-capital-del-amor-el-estado-sera-sede-del-congreso-de-bodas-y-eventos-lat-2025\/\",\"url\":\"https:\/\/www.nexoinformativo.mx\/index.php\/2025\/05\/01\/queretaro-capital-del-amor-el-estado-sera-sede-del-congreso-de-bodas-y-eventos-lat-2025\/\",\"name\":\"Quer\u00e9taro capital del amor el Estado ser\u00e1 sede del Congreso de Bodas y Eventos LAT 2025 | Nexo Informativo Santiago de Quer\u00e9taro\",\"isPartOf\":{\"@id\":\"https:\/\/www.nexoinformativo.mx\/#website\"},\"primaryImageOfPage\":{\"@id\":\"https:\/\/www.nexoinformativo.mx\/index.php\/2025\/05\/01\/queretaro-capital-del-amor-el-estado-sera-sede-del-congreso-de-bodas-y-eventos-lat-2025\/#primaryimage\"},\"image\":{\"@id\":\"https:\/\/www.nexoinformativo.mx\/index.php\/2025\/05\/01\/queretaro-capital-del-amor-el-estado-sera-sede-del-congreso-de-bodas-y-eventos-lat-2025\/#primaryimage\"},\"thumbnailUrl\":\"https:\/\/www.nexoinformativo.mx\/wp-content\/uploads\/2025\/05\/71_273_47761_362653577_IMG_5276-e1746132552489.jpg\",\"datePublished\":\"2025-05-01T18:00:39+00:00\",\"dateModified\":\"2025-05-01T20:54:35+00:00\",\"description\":\"Quer\u00e9taro capital del amor el Estado ser\u00e1 sede del Congreso de Bodas y Eventos LAT 2025\",\"breadcrumb\":{\"@id\":\"https:\/\/www.nexoinformativo.mx\/index.php\/2025\/05\/01\/queretaro-capital-del-amor-el-estado-sera-sede-del-congreso-de-bodas-y-eventos-lat-2025\/#breadcrumb\"},\"inLanguage\":\"es\",\"potentialAction\":[{\"@type\":\"ReadAction\",\"target\":[\"https:\/\/www.nexoinformativo.mx\/index.php\/2025\/05\/01\/queretaro-capital-del-amor-el-estado-sera-sede-del-congreso-de-bodas-y-eventos-lat-2025\/\"]}]},{\"@type\":\"ImageObject\",\"inLanguage\":\"es\",\"@id\":\"https:\/\/www.nexoinformativo.mx\/index.php\/2025\/05\/01\/queretaro-capital-del-amor-el-estado-sera-sede-del-congreso-de-bodas-y-eventos-lat-2025\/#primaryimage\",\"url\":\"https:\/\/www.nexoinformativo.mx\/wp-content\/uploads\/2025\/05\/71_273_47761_362653577_IMG_5276-e1746132552489.jpg\",\"contentUrl\":\"https:\/\/www.nexoinformativo.mx\/wp-content\/uploads\/2025\/05\/71_273_47761_362653577_IMG_5276-e1746132552489.jpg\",\"width\":700,\"height\":874},{\"@type\":\"BreadcrumbList\",\"@id\":\"https:\/\/www.nexoinformativo.mx\/index.php\/2025\/05\/01\/queretaro-capital-del-amor-el-estado-sera-sede-del-congreso-de-bodas-y-eventos-lat-2025\/#breadcrumb\",\"itemListElement\":[{\"@type\":\"ListItem\",\"position\":1,\"name\":\"Inicio\",\"item\":\"https:\/\/www.nexoinformativo.mx\/\"},{\"@type\":\"ListItem\",\"position\":2,\"name\":\"Quer\u00e9taro capital del amor el Estado ser\u00e1 sede del Congreso de Bodas y Eventos LAT 2025\"}]},{\"@type\":\"WebSite\",\"@id\":\"https:\/\/www.nexoinformativo.mx\/#website\",\"url\":\"https:\/\/www.nexoinformativo.mx\/\",\"name\":\"Nexo Informativo Santiago de Quer\u00e9taro\",\"description\":\"Explora NexoInformativo y convi\u00e9rtete en parte de una comunidad que valora el conocimiento y la verdad. Tu nexoinformativo es tu puente hacia una comprensi\u00f3n m\u00e1s profunda del mundo que te rodea.\",\"publisher\":{\"@id\":\"https:\/\/www.nexoinformativo.mx\/#organization\"},\"potentialAction\":[{\"@type\":\"SearchAction\",\"target\":{\"@type\":\"EntryPoint\",\"urlTemplate\":\"https:\/\/www.nexoinformativo.mx\/?s={search_term_string}\"},\"query-input\":{\"@type\":\"PropertyValueSpecification\",\"valueRequired\":true,\"valueName\":\"search_term_string\"}}],\"inLanguage\":\"es\"},{\"@type\":\"Organization\",\"@id\":\"https:\/\/www.nexoinformativo.mx\/#organization\",\"name\":\"Nexo Informativo Santiago de Quer\u00e9taro\",\"url\":\"https:\/\/www.nexoinformativo.mx\/\",\"logo\":{\"@type\":\"ImageObject\",\"inLanguage\":\"es\",\"@id\":\"https:\/\/www.nexoinformativo.mx\/#\/schema\/logo\/image\/\",\"url\":\"https:\/\/www.nexoinformativo.mx\/wp-content\/uploads\/2024\/07\/nexoi-trasparente-2.png\",\"contentUrl\":\"https:\/\/www.nexoinformativo.mx\/wp-content\/uploads\/2024\/07\/nexoi-trasparente-2.png\",\"width\":816,\"height\":339,\"caption\":\"Nexo Informativo Santiago de Quer\u00e9taro\"},\"image\":{\"@id\":\"https:\/\/www.nexoinformativo.mx\/#\/schema\/logo\/image\/\"},\"sameAs\":[\"https:\/\/www.facebook.com\/people\/Nexo-Informativo\/61564066885511\/\"]},{\"@type\":\"Person\",\"@id\":\"https:\/\/www.nexoinformativo.mx\/#\/schema\/person\/7749d380ba08c8ca00d7bc76fd907b7d\",\"name\":\"Nexo Informativo\",\"image\":{\"@type\":\"ImageObject\",\"inLanguage\":\"es\",\"@id\":\"https:\/\/www.nexoinformativo.mx\/#\/schema\/person\/image\/\",\"url\":\"https:\/\/secure.gravatar.com\/avatar\/dde2928154642a13d95f87ddf1ea9718fe2b46760a005c53e41ff5ad610704e6?s=96&d=mm&r=g\",\"contentUrl\":\"https:\/\/secure.gravatar.com\/avatar\/dde2928154642a13d95f87ddf1ea9718fe2b46760a005c53e41ff5ad610704e6?s=96&d=mm&r=g\",\"caption\":\"Nexo Informativo\"},\"url\":\"https:\/\/www.nexoinformativo.mx\/index.php\/author\/edicion\/\"}]}<\/script>\n<!-- \/ Yoast SEO plugin. -->","yoast_head_json":{"title":"Quer\u00e9taro capital del amor el Estado ser\u00e1 sede del Congreso de Bodas y Eventos LAT 2025 | Nexo Informativo Santiago de Quer\u00e9taro","description":"Quer\u00e9taro capital del amor el Estado ser\u00e1 sede del Congreso de Bodas y Eventos LAT 2025","robots":{"index":"index","follow":"follow","max-snippet":"max-snippet:-1","max-image-preview":"max-image-preview:large","max-video-preview":"max-video-preview:-1"},"canonical":"https:\/\/www.nexoinformativo.mx\/index.php\/2025\/05\/01\/queretaro-capital-del-amor-el-estado-sera-sede-del-congreso-de-bodas-y-eventos-lat-2025\/","og_locale":"es_MX","og_type":"article","og_title":"Quer\u00e9taro capital del amor el Estado ser\u00e1 sede del Congreso de Bodas y Eventos LAT 2025 | Nexo Informativo Santiago de Quer\u00e9taro","og_description":"Quer\u00e9taro capital del amor el Estado ser\u00e1 sede del Congreso de Bodas y Eventos LAT 2025","og_url":"https:\/\/www.nexoinformativo.mx\/index.php\/2025\/05\/01\/queretaro-capital-del-amor-el-estado-sera-sede-del-congreso-de-bodas-y-eventos-lat-2025\/","og_site_name":"Nexo Informativo Santiago de Quer\u00e9taro","article_publisher":"https:\/\/www.facebook.com\/people\/Nexo-Informativo\/61564066885511\/","article_published_time":"2025-05-01T18:00:39+00:00","article_modified_time":"2025-05-01T20:54:35+00:00","og_image":[{"width":700,"height":874,"url":"https:\/\/www.nexoinformativo.mx\/wp-content\/uploads\/2025\/05\/71_273_47761_362653577_IMG_5276-e1746132552489.jpg","type":"image\/jpeg"}],"author":"Nexo Informativo","twitter_card":"summary_large_image","twitter_misc":{"Escrito por":"Nexo Informativo","Tiempo de lectura":"2 minutos"},"schema":{"@context":"https:\/\/schema.org","@graph":[{"@type":"Article","@id":"https:\/\/www.nexoinformativo.mx\/index.php\/2025\/05\/01\/queretaro-capital-del-amor-el-estado-sera-sede-del-congreso-de-bodas-y-eventos-lat-2025\/#article","isPartOf":{"@id":"https:\/\/www.nexoinformativo.mx\/index.php\/2025\/05\/01\/queretaro-capital-del-amor-el-estado-sera-sede-del-congreso-de-bodas-y-eventos-lat-2025\/"},"author":{"name":"Nexo Informativo","@id":"https:\/\/www.nexoinformativo.mx\/#\/schema\/person\/7749d380ba08c8ca00d7bc76fd907b7d"},"headline":"Quer\u00e9taro capital del amor el Estado ser\u00e1 sede del Congreso de Bodas y Eventos LAT 2025","datePublished":"2025-05-01T18:00:39+00:00","dateModified":"2025-05-01T20:54:35+00:00","mainEntityOfPage":{"@id":"https:\/\/www.nexoinformativo.mx\/index.php\/2025\/05\/01\/queretaro-capital-del-amor-el-estado-sera-sede-del-congreso-de-bodas-y-eventos-lat-2025\/"},"wordCount":372,"commentCount":0,"publisher":{"@id":"https:\/\/www.nexoinformativo.mx\/#organization"},"image":{"@id":"https:\/\/www.nexoinformativo.mx\/index.php\/2025\/05\/01\/queretaro-capital-del-amor-el-estado-sera-sede-del-congreso-de-bodas-y-eventos-lat-2025\/#primaryimage"},"thumbnailUrl":"https:\/\/www.nexoinformativo.mx\/wp-content\/uploads\/2025\/05\/71_273_47761_362653577_IMG_5276-e1746132552489.jpg","keywords":["BodasQuer\u00e9taro","EventosLAT2025","Quer\u00e9taro","TurismoRomance"],"articleSection":["Espect\u00e1culos","Estado","\u00daltima Hora"],"inLanguage":"es","potentialAction":[{"@type":"CommentAction","name":"Comment","target":["https:\/\/www.nexoinformativo.mx\/index.php\/2025\/05\/01\/queretaro-capital-del-amor-el-estado-sera-sede-del-congreso-de-bodas-y-eventos-lat-2025\/#respond"]}]},{"@type":"WebPage","@id":"https:\/\/www.nexoinformativo.mx\/index.php\/2025\/05\/01\/queretaro-capital-del-amor-el-estado-sera-sede-del-congreso-de-bodas-y-eventos-lat-2025\/","url":"https:\/\/www.nexoinformativo.mx\/index.php\/2025\/05\/01\/queretaro-capital-del-amor-el-estado-sera-sede-del-congreso-de-bodas-y-eventos-lat-2025\/","name":"Quer\u00e9taro capital del amor el Estado ser\u00e1 sede del Congreso de Bodas y Eventos LAT 2025 | Nexo Informativo Santiago de Quer\u00e9taro","isPartOf":{"@id":"https:\/\/www.nexoinformativo.mx\/#website"},"primaryImageOfPage":{"@id":"https:\/\/www.nexoinformativo.mx\/index.php\/2025\/05\/01\/queretaro-capital-del-amor-el-estado-sera-sede-del-congreso-de-bodas-y-eventos-lat-2025\/#primaryimage"},"image":{"@id":"https:\/\/www.nexoinformativo.mx\/index.php\/2025\/05\/01\/queretaro-capital-del-amor-el-estado-sera-sede-del-congreso-de-bodas-y-eventos-lat-2025\/#primaryimage"},"thumbnailUrl":"https:\/\/www.nexoinformativo.mx\/wp-content\/uploads\/2025\/05\/71_273_47761_362653577_IMG_5276-e1746132552489.jpg","datePublished":"2025-05-01T18:00:39+00:00","dateModified":"2025-05-01T20:54:35+00:00","description":"Quer\u00e9taro capital del amor el Estado ser\u00e1 sede del Congreso de Bodas y Eventos LAT 2025","breadcrumb":{"@id":"https:\/\/www.nexoinformativo.mx\/index.php\/2025\/05\/01\/queretaro-capital-del-amor-el-estado-sera-sede-del-congreso-de-bodas-y-eventos-lat-2025\/#breadcrumb"},"inLanguage":"es","potentialAction":[{"@type":"ReadAction","target":["https:\/\/www.nexoinformativo.mx\/index.php\/2025\/05\/01\/queretaro-capital-del-amor-el-estado-sera-sede-del-congreso-de-bodas-y-eventos-lat-2025\/"]}]},{"@type":"ImageObject","inLanguage":"es","@id":"https:\/\/www.nexoinformativo.mx\/index.php\/2025\/05\/01\/queretaro-capital-del-amor-el-estado-sera-sede-del-congreso-de-bodas-y-eventos-lat-2025\/#primaryimage","url":"https:\/\/www.nexoinformativo.mx\/wp-content\/uploads\/2025\/05\/71_273_47761_362653577_IMG_5276-e1746132552489.jpg","contentUrl":"https:\/\/www.nexoinformativo.mx\/wp-content\/uploads\/2025\/05\/71_273_47761_362653577_IMG_5276-e1746132552489.jpg","width":700,"height":874},{"@type":"BreadcrumbList","@id":"https:\/\/www.nexoinformativo.mx\/index.php\/2025\/05\/01\/queretaro-capital-del-amor-el-estado-sera-sede-del-congreso-de-bodas-y-eventos-lat-2025\/#breadcrumb","itemListElement":[{"@type":"ListItem","position":1,"name":"Inicio","item":"https:\/\/www.nexoinformativo.mx\/"},{"@type":"ListItem","position":2,"name":"Quer\u00e9taro capital del amor el Estado ser\u00e1 sede del Congreso de Bodas y Eventos LAT 2025"}]},{"@type":"WebSite","@id":"https:\/\/www.nexoinformativo.mx\/#website","url":"https:\/\/www.nexoinformativo.mx\/","name":"Nexo Informativo Santiago de Quer\u00e9taro","description":"Explora NexoInformativo y convi\u00e9rtete en parte de una comunidad que valora el conocimiento y la verdad. Tu nexoinformativo es tu puente hacia una comprensi\u00f3n m\u00e1s profunda del mundo que te rodea.","publisher":{"@id":"https:\/\/www.nexoinformativo.mx\/#organization"},"potentialAction":[{"@type":"SearchAction","target":{"@type":"EntryPoint","urlTemplate":"https:\/\/www.nexoinformativo.mx\/?s={search_term_string}"},"query-input":{"@type":"PropertyValueSpecification","valueRequired":true,"valueName":"search_term_string"}}],"inLanguage":"es"},{"@type":"Organization","@id":"https:\/\/www.nexoinformativo.mx\/#organization","name":"Nexo Informativo Santiago de Quer\u00e9taro","url":"https:\/\/www.nexoinformativo.mx\/","logo":{"@type":"ImageObject","inLanguage":"es","@id":"https:\/\/www.nexoinformativo.mx\/#\/schema\/logo\/image\/","url":"https:\/\/www.nexoinformativo.mx\/wp-content\/uploads\/2024\/07\/nexoi-trasparente-2.png","contentUrl":"https:\/\/www.nexoinformativo.mx\/wp-content\/uploads\/2024\/07\/nexoi-trasparente-2.png","width":816,"height":339,"caption":"Nexo Informativo Santiago de Quer\u00e9taro"},"image":{"@id":"https:\/\/www.nexoinformativo.mx\/#\/schema\/logo\/image\/"},"sameAs":["https:\/\/www.facebook.com\/people\/Nexo-Informativo\/61564066885511\/"]},{"@type":"Person","@id":"https:\/\/www.nexoinformativo.mx\/#\/schema\/person\/7749d380ba08c8ca00d7bc76fd907b7d","name":"Nexo Informativo","image":{"@type":"ImageObject","inLanguage":"es","@id":"https:\/\/www.nexoinformativo.mx\/#\/schema\/person\/image\/","url":"https:\/\/secure.gravatar.com\/avatar\/dde2928154642a13d95f87ddf1ea9718fe2b46760a005c53e41ff5ad610704e6?s=96&d=mm&r=g","contentUrl":"https:\/\/secure.gravatar.com\/avatar\/dde2928154642a13d95f87ddf1ea9718fe2b46760a005c53e41ff5ad610704e6?s=96&d=mm&r=g","caption":"Nexo Informativo"},"url":"https:\/\/www.nexoinformativo.mx\/index.php\/author\/edicion\/"}]}},"_links":{"self":[{"href":"https:\/\/www.nexoinformativo.mx\/index.php\/wp-json\/wp\/v2\/posts\/14652","targetHints":{"allow":["GET"]}}],"collection":[{"href":"https:\/\/www.nexoinformativo.mx\/index.php\/wp-json\/wp\/v2\/posts"}],"about":[{"href":"https:\/\/www.nexoinformativo.mx\/index.php\/wp-json\/wp\/v2\/types\/post"}],"author":[{"embeddable":true,"href":"https:\/\/www.nexoinformativo.mx\/index.php\/wp-json\/wp\/v2\/users\/3"}],"replies":[{"embeddable":true,"href":"https:\/\/www.nexoinformativo.mx\/index.php\/wp-json\/wp\/v2\/comments?post=14652"}],"version-history":[{"count":6,"href":"https:\/\/www.nexoinformativo.mx\/index.php\/wp-json\/wp\/v2\/posts\/14652\/revisions"}],"predecessor-version":[{"id":14659,"href":"https:\/\/www.nexoinformativo.mx\/index.php\/wp-json\/wp\/v2\/posts\/14652\/revisions\/14659"}],"wp:featuredmedia":[{"embeddable":true,"href":"https:\/\/www.nexoinformativo.mx\/index.php\/wp-json\/wp\/v2\/media\/14653"}],"wp:attachment":[{"href":"https:\/\/www.nexoinformativo.mx\/index.php\/wp-json\/wp\/v2\/media?parent=14652"}],"wp:term":[{"taxonomy":"category","embeddable":true,"href":"https:\/\/www.nexoinformativo.mx\/index.php\/wp-json\/wp\/v2\/categories?post=14652"},{"taxonomy":"post_tag","embeddable":true,"href":"https:\/\/www.nexoinformativo.mx\/index.php\/wp-json\/wp\/v2\/tags?post=14652"}],"curies":[{"name":"wp","href":"https:\/\/api.w.org\/{rel}","templated":true}]}}