{"id":14665,"date":"2025-05-02T07:00:30","date_gmt":"2025-05-02T13:00:30","guid":{"rendered":"https:\/\/www.nexoinformativo.mx\/?p=14665"},"modified":"2025-05-02T12:23:10","modified_gmt":"2025-05-02T18:23:10","slug":"sheinbaum-anuncia-dialogo-nacional-para-implementar-semana-laboral-de-40-horas","status":"publish","type":"post","link":"https:\/\/www.nexoinformativo.mx\/index.php\/2025\/05\/02\/sheinbaum-anuncia-dialogo-nacional-para-implementar-semana-laboral-de-40-horas\/","title":{"rendered":"Sheinbaum anuncia di\u00e1logo Nacional para implementar semana laboral de 40 horas"},"content":{"rendered":"<p style=\"text-align: justify;\" data-sourcepos=\"3:1-3:439\"><span class=\"citation-0 recitation citation-end-0\">En el marco del D\u00eda del Trabajo, la Presidenta Claudia Sheinbaum hizo un anuncio trascendental: el inicio de mesas de di\u00e1logo para implementar, por consenso, la semana laboral de 40 horas en M\u00e9xico.<\/span><\/p>\n<p>&nbsp;<\/p>\n<p style=\"text-align: justify;\" data-sourcepos=\"3:1-3:439\"><span class=\"citation-1 recitation citation-end-1\">Esta iniciativa, que busca mejorar las condiciones laborales de millones de trabajadores, se llevar\u00e1 a cabo con la participaci\u00f3n activa de trabajadores, empresarios y sindicatos.<\/span><span class=\"button-container hide-from-message-actions ng-star-inserted\"> \u00a0<\/span><\/p>\n<p>&nbsp;<\/p>\n<div class=\"container ng-tns-c78528502-55 hide\" style=\"text-align: justify;\">\n<div class=\"carousel-container ng-tns-c78528502-55\">\n<div class=\"carousel-content ng-tns-c78528502-55\">\n<div class=\"sources-carousel-source ng-tns-c78528502-55 hide ng-star-inserted\" data-test-id=\"sources-carousel-source\"><span style=\"text-align: justify;\">&#8220;Todas estas grandes reformas que se han hecho en M\u00e9xico han sido por consenso, de los empleadores, las empleadoras, los trabajadores y sus representaciones y queremos que esta tambi\u00e9n sea una reforma por consenso. Por eso, el d\u00eda de hoy lo que abrimos son las mesas de trabajo para que nos sentemos con empresarios, los representantes sindicales, las y los trabajadores para ver c\u00f3mo vamos a conseguir esa jornada laboral&#8221;, declar\u00f3 Sheinbaum durante su discurso.<\/span><\/div>\n<\/div>\n<\/div>\n<\/div>\n<p>&nbsp;<\/p>\n<p style=\"text-align: justify;\" data-sourcepos=\"7:1-7:407\">Adem\u00e1s, inform\u00f3 que, como parte de la pol\u00edtica laboral del 2do Piso de la Transformaci\u00f3n, se est\u00e1 impulsando la creaci\u00f3n de cooperativas entre trabajadores de limpieza del Gobierno de M\u00e9xico para mejorar sus condiciones laborales.<\/p>\n<p>&nbsp;<\/p>\n<p style=\"text-align: justify;\" data-sourcepos=\"9:1-9:407\">El secretario del Trabajo y Previsi\u00f3n Social, Marath Baruch, detall\u00f3 que la implementaci\u00f3n de la semana laboral de 40 horas ser\u00e1 gradual, con el objetivo de alcanzarla a m\u00e1s tardar en enero de 2030.<\/p>\n<p>&nbsp;<\/p>\n<p style=\"text-align: justify;\" data-sourcepos=\"9:1-9:407\">&#8220;Reduciremos de manera gradual la semana laboral hasta llegar a m\u00e1s tardar en enero del a\u00f1o 2030 a un total de 40 horas semanales. Atendemos as\u00ed, a una demanda hist\u00f3rica del pueblo de M\u00e9xico&#8221;, afirm\u00f3.<\/p>\n<p>&nbsp;<\/p>\n<p style=\"text-align: justify;\" data-sourcepos=\"11:1-11:344\">Para llevar a cabo este proceso, la STPS convocar\u00e1 a trabajadores, empresarios, acad\u00e9micos y otros interesados a una serie de foros en diversas ciudades del pa\u00eds, del 2 de junio al 7 de julio. &#8220;El objetivo primordial es construir un modelo justo y eficaz para cumplir con la demanda hist\u00f3rica del pueblo de M\u00e9xico&#8221;, se\u00f1al\u00f3 Bola\u00f1os.<\/p>\n<p>&nbsp;<\/p>\n<div class=\"container ng-tns-c78528502-56 hide\">\n<div class=\"carousel-container ng-tns-c78528502-56\">\n<div class=\"carousel-content ng-tns-c78528502-56\">\n<div class=\"sources-carousel-source ng-tns-c78528502-56 hide ng-star-inserted\" style=\"text-align: justify;\" data-test-id=\"sources-carousel-source\">El evento cont\u00f3 con la presencia de l\u00edderes sindicales y funcionarios gubernamentales, quienes expresaron su respaldo a esta iniciativa y reconocieron los avances en materia laboral logrados en los \u00faltimos a\u00f1os.<\/div>\n<p>&nbsp;<\/p>\n<div style=\"text-align: center;\" data-test-id=\"sources-carousel-source\"><em><strong>\u00a1Informaci\u00f3n que transforma!<\/strong><\/em><\/div>\n<\/div>\n<\/div>\n<\/div>\n","protected":false},"excerpt":{"rendered":"<p>En el marco del D\u00eda del Trabajo, la Presidenta Claudia Sheinbaum hizo un anuncio trascendental: el inicio de mesas de di\u00e1logo para implementar, por consenso, la semana laboral de 40 horas en M\u00e9xico. &nbsp; Esta iniciativa, que busca mejorar las condiciones laborales de millones de trabajadores, se llevar\u00e1 a cabo con la participaci\u00f3n activa de [&hellip;]<\/p>\n","protected":false},"author":3,"featured_media":14667,"comment_status":"open","ping_status":"open","sticky":false,"template":"","format":"standard","meta":{"footnotes":""},"categories":[88,58],"tags":[1511,4349,4348,1256],"class_list":["post-14665","post","type-post","status-publish","format-standard","has-post-thumbnail","hentry","category-nacional","category-ultima-hora","tag-derechoslaborales","tag-diadeltrabajo","tag-semanalaboral40horas","tag-sheinbaum"],"yoast_head":"<!-- This site is optimized with the Yoast SEO plugin v25.0 - https:\/\/yoast.com\/wordpress\/plugins\/seo\/ -->\n<title>Sheinbaum anuncia di\u00e1logo Nacional para implementar semana laboral de 40 horas | Nexo Informativo Santiago de Quer\u00e9taro<\/title>\n<meta name=\"description\" content=\"Sheinbaum anuncia di\u00e1logo Nacional para implementar semana laboral de 40 horas\" \/>\n<meta name=\"robots\" content=\"index, follow, max-snippet:-1, max-image-preview:large, max-video-preview:-1\" \/>\n<link rel=\"canonical\" href=\"https:\/\/www.nexoinformativo.mx\/index.php\/2025\/05\/02\/sheinbaum-anuncia-dialogo-nacional-para-implementar-semana-laboral-de-40-horas\/\" \/>\n<meta property=\"og:locale\" content=\"es_MX\" \/>\n<meta property=\"og:type\" content=\"article\" \/>\n<meta property=\"og:title\" content=\"Sheinbaum anuncia di\u00e1logo Nacional para implementar semana laboral de 40 horas | Nexo Informativo Santiago de Quer\u00e9taro\" \/>\n<meta property=\"og:description\" content=\"Sheinbaum anuncia di\u00e1logo Nacional para implementar semana laboral de 40 horas\" \/>\n<meta property=\"og:url\" content=\"https:\/\/www.nexoinformativo.mx\/index.php\/2025\/05\/02\/sheinbaum-anuncia-dialogo-nacional-para-implementar-semana-laboral-de-40-horas\/\" \/>\n<meta property=\"og:site_name\" content=\"Nexo Informativo Santiago de Quer\u00e9taro\" \/>\n<meta property=\"article:publisher\" content=\"https:\/\/www.facebook.com\/people\/Nexo-Informativo\/61564066885511\/\" \/>\n<meta property=\"article:published_time\" content=\"2025-05-02T13:00:30+00:00\" \/>\n<meta property=\"article:modified_time\" content=\"2025-05-02T18:23:10+00:00\" \/>\n<meta property=\"og:image\" content=\"https:\/\/www.nexoinformativo.mx\/wp-content\/uploads\/2025\/05\/IMG_2733.jpg\" \/>\n\t<meta property=\"og:image:width\" content=\"650\" \/>\n\t<meta property=\"og:image:height\" content=\"380\" \/>\n\t<meta property=\"og:image:type\" content=\"image\/jpeg\" \/>\n<meta name=\"author\" content=\"Nexo Informativo\" \/>\n<meta name=\"twitter:card\" content=\"summary_large_image\" \/>\n<meta name=\"twitter:label1\" content=\"Escrito por\" \/>\n\t<meta name=\"twitter:data1\" content=\"Nexo Informativo\" \/>\n\t<meta name=\"twitter:label2\" content=\"Tiempo de lectura\" \/>\n\t<meta name=\"twitter:data2\" content=\"2 minutos\" \/>\n<script type=\"application\/ld+json\" class=\"yoast-schema-graph\">{\"@context\":\"https:\/\/schema.org\",\"@graph\":[{\"@type\":\"Article\",\"@id\":\"https:\/\/www.nexoinformativo.mx\/index.php\/2025\/05\/02\/sheinbaum-anuncia-dialogo-nacional-para-implementar-semana-laboral-de-40-horas\/#article\",\"isPartOf\":{\"@id\":\"https:\/\/www.nexoinformativo.mx\/index.php\/2025\/05\/02\/sheinbaum-anuncia-dialogo-nacional-para-implementar-semana-laboral-de-40-horas\/\"},\"author\":{\"name\":\"Nexo Informativo\",\"@id\":\"https:\/\/www.nexoinformativo.mx\/#\/schema\/person\/7749d380ba08c8ca00d7bc76fd907b7d\"},\"headline\":\"Sheinbaum anuncia di\u00e1logo Nacional para implementar semana laboral de 40 horas\",\"datePublished\":\"2025-05-02T13:00:30+00:00\",\"dateModified\":\"2025-05-02T18:23:10+00:00\",\"mainEntityOfPage\":{\"@id\":\"https:\/\/www.nexoinformativo.mx\/index.php\/2025\/05\/02\/sheinbaum-anuncia-dialogo-nacional-para-implementar-semana-laboral-de-40-horas\/\"},\"wordCount\":368,\"commentCount\":0,\"publisher\":{\"@id\":\"https:\/\/www.nexoinformativo.mx\/#organization\"},\"image\":{\"@id\":\"https:\/\/www.nexoinformativo.mx\/index.php\/2025\/05\/02\/sheinbaum-anuncia-dialogo-nacional-para-implementar-semana-laboral-de-40-horas\/#primaryimage\"},\"thumbnailUrl\":\"https:\/\/www.nexoinformativo.mx\/wp-content\/uploads\/2025\/05\/IMG_2733.jpg\",\"keywords\":[\"DerechosLaborales\",\"D\u00edaDelTrabajo\",\"SemanaLaboral40Horas\",\"Sheinbaum\"],\"articleSection\":[\"Nacional\",\"\u00daltima Hora\"],\"inLanguage\":\"es\",\"potentialAction\":[{\"@type\":\"CommentAction\",\"name\":\"Comment\",\"target\":[\"https:\/\/www.nexoinformativo.mx\/index.php\/2025\/05\/02\/sheinbaum-anuncia-dialogo-nacional-para-implementar-semana-laboral-de-40-horas\/#respond\"]}]},{\"@type\":\"WebPage\",\"@id\":\"https:\/\/www.nexoinformativo.mx\/index.php\/2025\/05\/02\/sheinbaum-anuncia-dialogo-nacional-para-implementar-semana-laboral-de-40-horas\/\",\"url\":\"https:\/\/www.nexoinformativo.mx\/index.php\/2025\/05\/02\/sheinbaum-anuncia-dialogo-nacional-para-implementar-semana-laboral-de-40-horas\/\",\"name\":\"Sheinbaum anuncia di\u00e1logo Nacional para implementar semana laboral de 40 horas | Nexo Informativo Santiago de Quer\u00e9taro\",\"isPartOf\":{\"@id\":\"https:\/\/www.nexoinformativo.mx\/#website\"},\"primaryImageOfPage\":{\"@id\":\"https:\/\/www.nexoinformativo.mx\/index.php\/2025\/05\/02\/sheinbaum-anuncia-dialogo-nacional-para-implementar-semana-laboral-de-40-horas\/#primaryimage\"},\"image\":{\"@id\":\"https:\/\/www.nexoinformativo.mx\/index.php\/2025\/05\/02\/sheinbaum-anuncia-dialogo-nacional-para-implementar-semana-laboral-de-40-horas\/#primaryimage\"},\"thumbnailUrl\":\"https:\/\/www.nexoinformativo.mx\/wp-content\/uploads\/2025\/05\/IMG_2733.jpg\",\"datePublished\":\"2025-05-02T13:00:30+00:00\",\"dateModified\":\"2025-05-02T18:23:10+00:00\",\"description\":\"Sheinbaum anuncia di\u00e1logo Nacional para implementar semana laboral de 40 horas\",\"breadcrumb\":{\"@id\":\"https:\/\/www.nexoinformativo.mx\/index.php\/2025\/05\/02\/sheinbaum-anuncia-dialogo-nacional-para-implementar-semana-laboral-de-40-horas\/#breadcrumb\"},\"inLanguage\":\"es\",\"potentialAction\":[{\"@type\":\"ReadAction\",\"target\":[\"https:\/\/www.nexoinformativo.mx\/index.php\/2025\/05\/02\/sheinbaum-anuncia-dialogo-nacional-para-implementar-semana-laboral-de-40-horas\/\"]}]},{\"@type\":\"ImageObject\",\"inLanguage\":\"es\",\"@id\":\"https:\/\/www.nexoinformativo.mx\/index.php\/2025\/05\/02\/sheinbaum-anuncia-dialogo-nacional-para-implementar-semana-laboral-de-40-horas\/#primaryimage\",\"url\":\"https:\/\/www.nexoinformativo.mx\/wp-content\/uploads\/2025\/05\/IMG_2733.jpg\",\"contentUrl\":\"https:\/\/www.nexoinformativo.mx\/wp-content\/uploads\/2025\/05\/IMG_2733.jpg\",\"width\":650,\"height\":380},{\"@type\":\"BreadcrumbList\",\"@id\":\"https:\/\/www.nexoinformativo.mx\/index.php\/2025\/05\/02\/sheinbaum-anuncia-dialogo-nacional-para-implementar-semana-laboral-de-40-horas\/#breadcrumb\",\"itemListElement\":[{\"@type\":\"ListItem\",\"position\":1,\"name\":\"Inicio\",\"item\":\"https:\/\/www.nexoinformativo.mx\/\"},{\"@type\":\"ListItem\",\"position\":2,\"name\":\"Sheinbaum anuncia di\u00e1logo Nacional para implementar semana laboral de 40 horas\"}]},{\"@type\":\"WebSite\",\"@id\":\"https:\/\/www.nexoinformativo.mx\/#website\",\"url\":\"https:\/\/www.nexoinformativo.mx\/\",\"name\":\"Nexo Informativo Santiago de Quer\u00e9taro\",\"description\":\"Explora NexoInformativo y convi\u00e9rtete en parte de una comunidad que valora el conocimiento y la verdad. Tu nexoinformativo es tu puente hacia una comprensi\u00f3n m\u00e1s profunda del mundo que te rodea.\",\"publisher\":{\"@id\":\"https:\/\/www.nexoinformativo.mx\/#organization\"},\"potentialAction\":[{\"@type\":\"SearchAction\",\"target\":{\"@type\":\"EntryPoint\",\"urlTemplate\":\"https:\/\/www.nexoinformativo.mx\/?s={search_term_string}\"},\"query-input\":{\"@type\":\"PropertyValueSpecification\",\"valueRequired\":true,\"valueName\":\"search_term_string\"}}],\"inLanguage\":\"es\"},{\"@type\":\"Organization\",\"@id\":\"https:\/\/www.nexoinformativo.mx\/#organization\",\"name\":\"Nexo Informativo Santiago de Quer\u00e9taro\",\"url\":\"https:\/\/www.nexoinformativo.mx\/\",\"logo\":{\"@type\":\"ImageObject\",\"inLanguage\":\"es\",\"@id\":\"https:\/\/www.nexoinformativo.mx\/#\/schema\/logo\/image\/\",\"url\":\"https:\/\/www.nexoinformativo.mx\/wp-content\/uploads\/2024\/07\/nexoi-trasparente-2.png\",\"contentUrl\":\"https:\/\/www.nexoinformativo.mx\/wp-content\/uploads\/2024\/07\/nexoi-trasparente-2.png\",\"width\":816,\"height\":339,\"caption\":\"Nexo Informativo Santiago de Quer\u00e9taro\"},\"image\":{\"@id\":\"https:\/\/www.nexoinformativo.mx\/#\/schema\/logo\/image\/\"},\"sameAs\":[\"https:\/\/www.facebook.com\/people\/Nexo-Informativo\/61564066885511\/\"]},{\"@type\":\"Person\",\"@id\":\"https:\/\/www.nexoinformativo.mx\/#\/schema\/person\/7749d380ba08c8ca00d7bc76fd907b7d\",\"name\":\"Nexo Informativo\",\"image\":{\"@type\":\"ImageObject\",\"inLanguage\":\"es\",\"@id\":\"https:\/\/www.nexoinformativo.mx\/#\/schema\/person\/image\/\",\"url\":\"https:\/\/secure.gravatar.com\/avatar\/dde2928154642a13d95f87ddf1ea9718fe2b46760a005c53e41ff5ad610704e6?s=96&d=mm&r=g\",\"contentUrl\":\"https:\/\/secure.gravatar.com\/avatar\/dde2928154642a13d95f87ddf1ea9718fe2b46760a005c53e41ff5ad610704e6?s=96&d=mm&r=g\",\"caption\":\"Nexo Informativo\"},\"url\":\"https:\/\/www.nexoinformativo.mx\/index.php\/author\/edicion\/\"}]}<\/script>\n<!-- \/ Yoast SEO plugin. -->","yoast_head_json":{"title":"Sheinbaum anuncia di\u00e1logo Nacional para implementar semana laboral de 40 horas | Nexo Informativo Santiago de Quer\u00e9taro","description":"Sheinbaum anuncia di\u00e1logo Nacional para implementar semana laboral de 40 horas","robots":{"index":"index","follow":"follow","max-snippet":"max-snippet:-1","max-image-preview":"max-image-preview:large","max-video-preview":"max-video-preview:-1"},"canonical":"https:\/\/www.nexoinformativo.mx\/index.php\/2025\/05\/02\/sheinbaum-anuncia-dialogo-nacional-para-implementar-semana-laboral-de-40-horas\/","og_locale":"es_MX","og_type":"article","og_title":"Sheinbaum anuncia di\u00e1logo Nacional para implementar semana laboral de 40 horas | Nexo Informativo Santiago de Quer\u00e9taro","og_description":"Sheinbaum anuncia di\u00e1logo Nacional para implementar semana laboral de 40 horas","og_url":"https:\/\/www.nexoinformativo.mx\/index.php\/2025\/05\/02\/sheinbaum-anuncia-dialogo-nacional-para-implementar-semana-laboral-de-40-horas\/","og_site_name":"Nexo Informativo Santiago de Quer\u00e9taro","article_publisher":"https:\/\/www.facebook.com\/people\/Nexo-Informativo\/61564066885511\/","article_published_time":"2025-05-02T13:00:30+00:00","article_modified_time":"2025-05-02T18:23:10+00:00","og_image":[{"width":650,"height":380,"url":"https:\/\/www.nexoinformativo.mx\/wp-content\/uploads\/2025\/05\/IMG_2733.jpg","type":"image\/jpeg"}],"author":"Nexo Informativo","twitter_card":"summary_large_image","twitter_misc":{"Escrito por":"Nexo Informativo","Tiempo de lectura":"2 minutos"},"schema":{"@context":"https:\/\/schema.org","@graph":[{"@type":"Article","@id":"https:\/\/www.nexoinformativo.mx\/index.php\/2025\/05\/02\/sheinbaum-anuncia-dialogo-nacional-para-implementar-semana-laboral-de-40-horas\/#article","isPartOf":{"@id":"https:\/\/www.nexoinformativo.mx\/index.php\/2025\/05\/02\/sheinbaum-anuncia-dialogo-nacional-para-implementar-semana-laboral-de-40-horas\/"},"author":{"name":"Nexo Informativo","@id":"https:\/\/www.nexoinformativo.mx\/#\/schema\/person\/7749d380ba08c8ca00d7bc76fd907b7d"},"headline":"Sheinbaum anuncia di\u00e1logo Nacional para implementar semana laboral de 40 horas","datePublished":"2025-05-02T13:00:30+00:00","dateModified":"2025-05-02T18:23:10+00:00","mainEntityOfPage":{"@id":"https:\/\/www.nexoinformativo.mx\/index.php\/2025\/05\/02\/sheinbaum-anuncia-dialogo-nacional-para-implementar-semana-laboral-de-40-horas\/"},"wordCount":368,"commentCount":0,"publisher":{"@id":"https:\/\/www.nexoinformativo.mx\/#organization"},"image":{"@id":"https:\/\/www.nexoinformativo.mx\/index.php\/2025\/05\/02\/sheinbaum-anuncia-dialogo-nacional-para-implementar-semana-laboral-de-40-horas\/#primaryimage"},"thumbnailUrl":"https:\/\/www.nexoinformativo.mx\/wp-content\/uploads\/2025\/05\/IMG_2733.jpg","keywords":["DerechosLaborales","D\u00edaDelTrabajo","SemanaLaboral40Horas","Sheinbaum"],"articleSection":["Nacional","\u00daltima Hora"],"inLanguage":"es","potentialAction":[{"@type":"CommentAction","name":"Comment","target":["https:\/\/www.nexoinformativo.mx\/index.php\/2025\/05\/02\/sheinbaum-anuncia-dialogo-nacional-para-implementar-semana-laboral-de-40-horas\/#respond"]}]},{"@type":"WebPage","@id":"https:\/\/www.nexoinformativo.mx\/index.php\/2025\/05\/02\/sheinbaum-anuncia-dialogo-nacional-para-implementar-semana-laboral-de-40-horas\/","url":"https:\/\/www.nexoinformativo.mx\/index.php\/2025\/05\/02\/sheinbaum-anuncia-dialogo-nacional-para-implementar-semana-laboral-de-40-horas\/","name":"Sheinbaum anuncia di\u00e1logo Nacional para implementar semana laboral de 40 horas | Nexo Informativo Santiago de Quer\u00e9taro","isPartOf":{"@id":"https:\/\/www.nexoinformativo.mx\/#website"},"primaryImageOfPage":{"@id":"https:\/\/www.nexoinformativo.mx\/index.php\/2025\/05\/02\/sheinbaum-anuncia-dialogo-nacional-para-implementar-semana-laboral-de-40-horas\/#primaryimage"},"image":{"@id":"https:\/\/www.nexoinformativo.mx\/index.php\/2025\/05\/02\/sheinbaum-anuncia-dialogo-nacional-para-implementar-semana-laboral-de-40-horas\/#primaryimage"},"thumbnailUrl":"https:\/\/www.nexoinformativo.mx\/wp-content\/uploads\/2025\/05\/IMG_2733.jpg","datePublished":"2025-05-02T13:00:30+00:00","dateModified":"2025-05-02T18:23:10+00:00","description":"Sheinbaum anuncia di\u00e1logo Nacional para implementar semana laboral de 40 horas","breadcrumb":{"@id":"https:\/\/www.nexoinformativo.mx\/index.php\/2025\/05\/02\/sheinbaum-anuncia-dialogo-nacional-para-implementar-semana-laboral-de-40-horas\/#breadcrumb"},"inLanguage":"es","potentialAction":[{"@type":"ReadAction","target":["https:\/\/www.nexoinformativo.mx\/index.php\/2025\/05\/02\/sheinbaum-anuncia-dialogo-nacional-para-implementar-semana-laboral-de-40-horas\/"]}]},{"@type":"ImageObject","inLanguage":"es","@id":"https:\/\/www.nexoinformativo.mx\/index.php\/2025\/05\/02\/sheinbaum-anuncia-dialogo-nacional-para-implementar-semana-laboral-de-40-horas\/#primaryimage","url":"https:\/\/www.nexoinformativo.mx\/wp-content\/uploads\/2025\/05\/IMG_2733.jpg","contentUrl":"https:\/\/www.nexoinformativo.mx\/wp-content\/uploads\/2025\/05\/IMG_2733.jpg","width":650,"height":380},{"@type":"BreadcrumbList","@id":"https:\/\/www.nexoinformativo.mx\/index.php\/2025\/05\/02\/sheinbaum-anuncia-dialogo-nacional-para-implementar-semana-laboral-de-40-horas\/#breadcrumb","itemListElement":[{"@type":"ListItem","position":1,"name":"Inicio","item":"https:\/\/www.nexoinformativo.mx\/"},{"@type":"ListItem","position":2,"name":"Sheinbaum anuncia di\u00e1logo Nacional para implementar semana laboral de 40 horas"}]},{"@type":"WebSite","@id":"https:\/\/www.nexoinformativo.mx\/#website","url":"https:\/\/www.nexoinformativo.mx\/","name":"Nexo Informativo Santiago de Quer\u00e9taro","description":"Explora NexoInformativo y convi\u00e9rtete en parte de una comunidad que valora el conocimiento y la verdad. Tu nexoinformativo es tu puente hacia una comprensi\u00f3n m\u00e1s profunda del mundo que te rodea.","publisher":{"@id":"https:\/\/www.nexoinformativo.mx\/#organization"},"potentialAction":[{"@type":"SearchAction","target":{"@type":"EntryPoint","urlTemplate":"https:\/\/www.nexoinformativo.mx\/?s={search_term_string}"},"query-input":{"@type":"PropertyValueSpecification","valueRequired":true,"valueName":"search_term_string"}}],"inLanguage":"es"},{"@type":"Organization","@id":"https:\/\/www.nexoinformativo.mx\/#organization","name":"Nexo Informativo Santiago de Quer\u00e9taro","url":"https:\/\/www.nexoinformativo.mx\/","logo":{"@type":"ImageObject","inLanguage":"es","@id":"https:\/\/www.nexoinformativo.mx\/#\/schema\/logo\/image\/","url":"https:\/\/www.nexoinformativo.mx\/wp-content\/uploads\/2024\/07\/nexoi-trasparente-2.png","contentUrl":"https:\/\/www.nexoinformativo.mx\/wp-content\/uploads\/2024\/07\/nexoi-trasparente-2.png","width":816,"height":339,"caption":"Nexo Informativo Santiago de Quer\u00e9taro"},"image":{"@id":"https:\/\/www.nexoinformativo.mx\/#\/schema\/logo\/image\/"},"sameAs":["https:\/\/www.facebook.com\/people\/Nexo-Informativo\/61564066885511\/"]},{"@type":"Person","@id":"https:\/\/www.nexoinformativo.mx\/#\/schema\/person\/7749d380ba08c8ca00d7bc76fd907b7d","name":"Nexo Informativo","image":{"@type":"ImageObject","inLanguage":"es","@id":"https:\/\/www.nexoinformativo.mx\/#\/schema\/person\/image\/","url":"https:\/\/secure.gravatar.com\/avatar\/dde2928154642a13d95f87ddf1ea9718fe2b46760a005c53e41ff5ad610704e6?s=96&d=mm&r=g","contentUrl":"https:\/\/secure.gravatar.com\/avatar\/dde2928154642a13d95f87ddf1ea9718fe2b46760a005c53e41ff5ad610704e6?s=96&d=mm&r=g","caption":"Nexo Informativo"},"url":"https:\/\/www.nexoinformativo.mx\/index.php\/author\/edicion\/"}]}},"_links":{"self":[{"href":"https:\/\/www.nexoinformativo.mx\/index.php\/wp-json\/wp\/v2\/posts\/14665","targetHints":{"allow":["GET"]}}],"collection":[{"href":"https:\/\/www.nexoinformativo.mx\/index.php\/wp-json\/wp\/v2\/posts"}],"about":[{"href":"https:\/\/www.nexoinformativo.mx\/index.php\/wp-json\/wp\/v2\/types\/post"}],"author":[{"embeddable":true,"href":"https:\/\/www.nexoinformativo.mx\/index.php\/wp-json\/wp\/v2\/users\/3"}],"replies":[{"embeddable":true,"href":"https:\/\/www.nexoinformativo.mx\/index.php\/wp-json\/wp\/v2\/comments?post=14665"}],"version-history":[{"count":4,"href":"https:\/\/www.nexoinformativo.mx\/index.php\/wp-json\/wp\/v2\/posts\/14665\/revisions"}],"predecessor-version":[{"id":14669,"href":"https:\/\/www.nexoinformativo.mx\/index.php\/wp-json\/wp\/v2\/posts\/14665\/revisions\/14669"}],"wp:featuredmedia":[{"embeddable":true,"href":"https:\/\/www.nexoinformativo.mx\/index.php\/wp-json\/wp\/v2\/media\/14667"}],"wp:attachment":[{"href":"https:\/\/www.nexoinformativo.mx\/index.php\/wp-json\/wp\/v2\/media?parent=14665"}],"wp:term":[{"taxonomy":"category","embeddable":true,"href":"https:\/\/www.nexoinformativo.mx\/index.php\/wp-json\/wp\/v2\/categories?post=14665"},{"taxonomy":"post_tag","embeddable":true,"href":"https:\/\/www.nexoinformativo.mx\/index.php\/wp-json\/wp\/v2\/tags?post=14665"}],"curies":[{"name":"wp","href":"https:\/\/api.w.org\/{rel}","templated":true}]}}