{"id":14676,"date":"2025-05-02T09:00:16","date_gmt":"2025-05-02T15:00:16","guid":{"rendered":"https:\/\/www.nexoinformativo.mx\/?p=14676"},"modified":"2025-05-02T12:35:29","modified_gmt":"2025-05-02T18:35:29","slug":"convocatoria-nacional-abierta-unete-al-equipo-de-abogadas-que-transformaran-la-justicia-para-las-mujeres","status":"publish","type":"post","link":"https:\/\/www.nexoinformativo.mx\/index.php\/2025\/05\/02\/convocatoria-nacional-abierta-unete-al-equipo-de-abogadas-que-transformaran-la-justicia-para-las-mujeres\/","title":{"rendered":"Convocatoria Nacional abierta \u00fanete al equipo de abogadas que transformar\u00e1n la justicia para las mujeres"},"content":{"rendered":"<p style=\"text-align: justify;\" data-sourcepos=\"3:1-3:334\">El Gobierno de M\u00e9xico, a trav\u00e9s de la Secretar\u00eda de las Mujeres, ha abierto el registro para el proceso de selecci\u00f3n de Abogadas de las Mujeres, un programa vital para fortalecer las Instancias de Mujeres en las 32 Entidades Federativas (IMEF).<\/p>\n<\/p>\n<p>&nbsp;<\/p>\n<p style=\"text-align: justify;\" data-sourcepos=\"5:1-5:412\">Desde hoy, 1 de mayo, y hasta el 8 de mayo, las abogadas interesadas podr\u00e1n inscribirse en la p\u00e1gina web: <strong>www.abogadas.mujeres.gob.mx\/<\/strong>.<\/p>\n<\/p>\n<p>&nbsp;<\/p>\n<p style=\"text-align: justify;\" data-sourcepos=\"5:1-5:412\">La misi\u00f3n ser\u00e1 brindar orientaci\u00f3n y asesor\u00eda jur\u00eddica especializada a mujeres que viven situaciones de violencia, as\u00ed como llevar a cabo litigio estrat\u00e9gico en casos de delitos de g\u00e9nero, contribuyendo as\u00ed a su derecho a una vida libre de violencia y al acceso a la justicia.<\/p>\n<\/p>\n<p>&nbsp;<\/p>\n<p style=\"text-align: justify;\" data-sourcepos=\"7:1-7:218\">Para participar, las aspirantes deben ser de nacionalidad mexicana, contar con t\u00edtulo y c\u00e9dula profesional de la licenciatura en Derecho, y tener experiencia en atenci\u00f3n con perspectiva de g\u00e9nero y litigio estrat\u00e9gico.<\/p>\n<\/p>\n<p>&nbsp;<\/p>\n<p style=\"text-align: justify;\" data-sourcepos=\"9:1-9:322\">El proceso de selecci\u00f3n y evaluaci\u00f3n se realizar\u00e1 en colaboraci\u00f3n entre la Secretar\u00eda de las Mujeres y las IMEF. La contrataci\u00f3n y el pago de las Abogadas de las Mujeres se realizar\u00e1n con recursos del Programa de Atenci\u00f3n Integral para el Bienestar de las Mujeres (PAIBIM), a trav\u00e9s de las IMEF como instancias ejecutoras.<\/p>\n<\/p>\n<p>&nbsp;<\/p>\n<p style=\"text-align: justify;\" data-sourcepos=\"11:1-11:201\">Los pasos para participar incluyen el registro en l\u00ednea, la carga de la documentaci\u00f3n requerida, la realizaci\u00f3n de una evaluaci\u00f3n de conocimientos y una entrevista para evaluar integralmente su perfil.<\/p>\n<\/p>\n<p>&nbsp;<\/p>\n<p style=\"text-align: justify;\" data-sourcepos=\"13:1-13:327\">La convocatoria, publicada el 23 de abril, establece que no podr\u00e1n participar abogadas que hayan sido destituidas o inhabilitadas del servicio p\u00fablico, ni titulares, socias o trabajadoras de despachos jur\u00eddicos privados. Esta es tu oportunidad de marcar la diferencia en la vida de miles de mujeres.<\/p>\n<\/p>\n<p>&nbsp;<\/p>\n<p style=\"text-align: center;\" data-sourcepos=\"13:1-13:327\"><em><strong>\u00a1Informaci\u00f3n que transforma!<\/strong><\/em><\/p>\n","protected":false},"excerpt":{"rendered":"<p>El Gobierno de M\u00e9xico, a trav\u00e9s de la Secretar\u00eda de las Mujeres, ha abierto el registro para el proceso de selecci\u00f3n de Abogadas de las Mujeres, un programa vital para fortalecer las Instancias de Mujeres en las 32 Entidades Federativas (IMEF).<\/p>\n","protected":false},"author":3,"featured_media":14678,"comment_status":"open","ping_status":"open","sticky":false,"template":"","format":"standard","meta":{"footnotes":""},"categories":[88,58],"tags":[4353,1417,3675,4354],"class_list":["post-14676","post","type-post","status-publish","format-standard","has-post-thumbnail","hentry","category-nacional","category-ultima-hora","tag-abogadasdelasmujeres","tag-empoderamientofemenino","tag-justiciadegenero","tag-paibim"],"yoast_head":"<!-- This site is optimized with the Yoast SEO plugin v25.0 - https:\/\/yoast.com\/wordpress\/plugins\/seo\/ -->\n<title>Convocatoria Nacional abierta \u00fanete al equipo de abogadas que transformar\u00e1n la justicia para las mujeres | Nexo Informativo Santiago de Quer\u00e9taro<\/title>\n<meta name=\"description\" content=\"Convocatoria Nacional abierta \u00fanete al equipo de abogadas que transformar\u00e1n la justicia para las mujeres\" \/>\n<meta name=\"robots\" content=\"index, follow, max-snippet:-1, max-image-preview:large, max-video-preview:-1\" \/>\n<link rel=\"canonical\" href=\"https:\/\/www.nexoinformativo.mx\/index.php\/2025\/05\/02\/convocatoria-nacional-abierta-unete-al-equipo-de-abogadas-que-transformaran-la-justicia-para-las-mujeres\/\" \/>\n<meta property=\"og:locale\" content=\"es_MX\" \/>\n<meta property=\"og:type\" content=\"article\" \/>\n<meta property=\"og:title\" content=\"Convocatoria Nacional abierta \u00fanete al equipo de abogadas que transformar\u00e1n la justicia para las mujeres | Nexo Informativo Santiago de Quer\u00e9taro\" \/>\n<meta property=\"og:description\" content=\"Convocatoria Nacional abierta \u00fanete al equipo de abogadas que transformar\u00e1n la justicia para las mujeres\" \/>\n<meta property=\"og:url\" content=\"https:\/\/www.nexoinformativo.mx\/index.php\/2025\/05\/02\/convocatoria-nacional-abierta-unete-al-equipo-de-abogadas-que-transformaran-la-justicia-para-las-mujeres\/\" \/>\n<meta property=\"og:site_name\" content=\"Nexo Informativo Santiago de Quer\u00e9taro\" \/>\n<meta property=\"article:publisher\" content=\"https:\/\/www.facebook.com\/people\/Nexo-Informativo\/61564066885511\/\" \/>\n<meta property=\"article:published_time\" content=\"2025-05-02T15:00:16+00:00\" \/>\n<meta property=\"article:modified_time\" content=\"2025-05-02T18:35:29+00:00\" \/>\n<meta property=\"og:image\" content=\"https:\/\/www.nexoinformativo.mx\/wp-content\/uploads\/2025\/05\/IMG_2745-e1746210885160.jpg\" \/>\n\t<meta property=\"og:image:width\" content=\"700\" \/>\n\t<meta property=\"og:image:height\" content=\"819\" \/>\n\t<meta property=\"og:image:type\" content=\"image\/jpeg\" \/>\n<meta name=\"author\" content=\"Nexo Informativo\" \/>\n<meta name=\"twitter:card\" content=\"summary_large_image\" \/>\n<meta name=\"twitter:label1\" content=\"Escrito por\" \/>\n\t<meta name=\"twitter:data1\" content=\"Nexo Informativo\" \/>\n\t<meta name=\"twitter:label2\" content=\"Tiempo de lectura\" \/>\n\t<meta name=\"twitter:data2\" content=\"2 minutos\" \/>\n<script type=\"application\/ld+json\" class=\"yoast-schema-graph\">{\"@context\":\"https:\/\/schema.org\",\"@graph\":[{\"@type\":\"Article\",\"@id\":\"https:\/\/www.nexoinformativo.mx\/index.php\/2025\/05\/02\/convocatoria-nacional-abierta-unete-al-equipo-de-abogadas-que-transformaran-la-justicia-para-las-mujeres\/#article\",\"isPartOf\":{\"@id\":\"https:\/\/www.nexoinformativo.mx\/index.php\/2025\/05\/02\/convocatoria-nacional-abierta-unete-al-equipo-de-abogadas-que-transformaran-la-justicia-para-las-mujeres\/\"},\"author\":{\"name\":\"Nexo Informativo\",\"@id\":\"https:\/\/www.nexoinformativo.mx\/#\/schema\/person\/7749d380ba08c8ca00d7bc76fd907b7d\"},\"headline\":\"Convocatoria Nacional abierta \u00fanete al equipo de abogadas que transformar\u00e1n la justicia para las mujeres\",\"datePublished\":\"2025-05-02T15:00:16+00:00\",\"dateModified\":\"2025-05-02T18:35:29+00:00\",\"mainEntityOfPage\":{\"@id\":\"https:\/\/www.nexoinformativo.mx\/index.php\/2025\/05\/02\/convocatoria-nacional-abierta-unete-al-equipo-de-abogadas-que-transformaran-la-justicia-para-las-mujeres\/\"},\"wordCount\":329,\"commentCount\":0,\"publisher\":{\"@id\":\"https:\/\/www.nexoinformativo.mx\/#organization\"},\"image\":{\"@id\":\"https:\/\/www.nexoinformativo.mx\/index.php\/2025\/05\/02\/convocatoria-nacional-abierta-unete-al-equipo-de-abogadas-que-transformaran-la-justicia-para-las-mujeres\/#primaryimage\"},\"thumbnailUrl\":\"https:\/\/www.nexoinformativo.mx\/wp-content\/uploads\/2025\/05\/IMG_2745-e1746210885160.jpg\",\"keywords\":[\"AbogadasDeLasMujeres\",\"EmpoderamientoFemenino\",\"JusticiaDeG\u00e9nero\",\"PAIBIM\"],\"articleSection\":[\"Nacional\",\"\u00daltima Hora\"],\"inLanguage\":\"es\",\"potentialAction\":[{\"@type\":\"CommentAction\",\"name\":\"Comment\",\"target\":[\"https:\/\/www.nexoinformativo.mx\/index.php\/2025\/05\/02\/convocatoria-nacional-abierta-unete-al-equipo-de-abogadas-que-transformaran-la-justicia-para-las-mujeres\/#respond\"]}]},{\"@type\":\"WebPage\",\"@id\":\"https:\/\/www.nexoinformativo.mx\/index.php\/2025\/05\/02\/convocatoria-nacional-abierta-unete-al-equipo-de-abogadas-que-transformaran-la-justicia-para-las-mujeres\/\",\"url\":\"https:\/\/www.nexoinformativo.mx\/index.php\/2025\/05\/02\/convocatoria-nacional-abierta-unete-al-equipo-de-abogadas-que-transformaran-la-justicia-para-las-mujeres\/\",\"name\":\"Convocatoria Nacional abierta \u00fanete al equipo de abogadas que transformar\u00e1n la justicia para las mujeres | Nexo Informativo Santiago de Quer\u00e9taro\",\"isPartOf\":{\"@id\":\"https:\/\/www.nexoinformativo.mx\/#website\"},\"primaryImageOfPage\":{\"@id\":\"https:\/\/www.nexoinformativo.mx\/index.php\/2025\/05\/02\/convocatoria-nacional-abierta-unete-al-equipo-de-abogadas-que-transformaran-la-justicia-para-las-mujeres\/#primaryimage\"},\"image\":{\"@id\":\"https:\/\/www.nexoinformativo.mx\/index.php\/2025\/05\/02\/convocatoria-nacional-abierta-unete-al-equipo-de-abogadas-que-transformaran-la-justicia-para-las-mujeres\/#primaryimage\"},\"thumbnailUrl\":\"https:\/\/www.nexoinformativo.mx\/wp-content\/uploads\/2025\/05\/IMG_2745-e1746210885160.jpg\",\"datePublished\":\"2025-05-02T15:00:16+00:00\",\"dateModified\":\"2025-05-02T18:35:29+00:00\",\"description\":\"Convocatoria Nacional abierta \u00fanete al equipo de abogadas que transformar\u00e1n la justicia para las mujeres\",\"breadcrumb\":{\"@id\":\"https:\/\/www.nexoinformativo.mx\/index.php\/2025\/05\/02\/convocatoria-nacional-abierta-unete-al-equipo-de-abogadas-que-transformaran-la-justicia-para-las-mujeres\/#breadcrumb\"},\"inLanguage\":\"es\",\"potentialAction\":[{\"@type\":\"ReadAction\",\"target\":[\"https:\/\/www.nexoinformativo.mx\/index.php\/2025\/05\/02\/convocatoria-nacional-abierta-unete-al-equipo-de-abogadas-que-transformaran-la-justicia-para-las-mujeres\/\"]}]},{\"@type\":\"ImageObject\",\"inLanguage\":\"es\",\"@id\":\"https:\/\/www.nexoinformativo.mx\/index.php\/2025\/05\/02\/convocatoria-nacional-abierta-unete-al-equipo-de-abogadas-que-transformaran-la-justicia-para-las-mujeres\/#primaryimage\",\"url\":\"https:\/\/www.nexoinformativo.mx\/wp-content\/uploads\/2025\/05\/IMG_2745-e1746210885160.jpg\",\"contentUrl\":\"https:\/\/www.nexoinformativo.mx\/wp-content\/uploads\/2025\/05\/IMG_2745-e1746210885160.jpg\",\"width\":700,\"height\":819},{\"@type\":\"BreadcrumbList\",\"@id\":\"https:\/\/www.nexoinformativo.mx\/index.php\/2025\/05\/02\/convocatoria-nacional-abierta-unete-al-equipo-de-abogadas-que-transformaran-la-justicia-para-las-mujeres\/#breadcrumb\",\"itemListElement\":[{\"@type\":\"ListItem\",\"position\":1,\"name\":\"Inicio\",\"item\":\"https:\/\/www.nexoinformativo.mx\/\"},{\"@type\":\"ListItem\",\"position\":2,\"name\":\"Convocatoria Nacional abierta \u00fanete al equipo de abogadas que transformar\u00e1n la justicia para las mujeres\"}]},{\"@type\":\"WebSite\",\"@id\":\"https:\/\/www.nexoinformativo.mx\/#website\",\"url\":\"https:\/\/www.nexoinformativo.mx\/\",\"name\":\"Nexo Informativo Santiago de Quer\u00e9taro\",\"description\":\"Explora NexoInformativo y convi\u00e9rtete en parte de una comunidad que valora el conocimiento y la verdad. Tu nexoinformativo es tu puente hacia una comprensi\u00f3n m\u00e1s profunda del mundo que te rodea.\",\"publisher\":{\"@id\":\"https:\/\/www.nexoinformativo.mx\/#organization\"},\"potentialAction\":[{\"@type\":\"SearchAction\",\"target\":{\"@type\":\"EntryPoint\",\"urlTemplate\":\"https:\/\/www.nexoinformativo.mx\/?s={search_term_string}\"},\"query-input\":{\"@type\":\"PropertyValueSpecification\",\"valueRequired\":true,\"valueName\":\"search_term_string\"}}],\"inLanguage\":\"es\"},{\"@type\":\"Organization\",\"@id\":\"https:\/\/www.nexoinformativo.mx\/#organization\",\"name\":\"Nexo Informativo Santiago de Quer\u00e9taro\",\"url\":\"https:\/\/www.nexoinformativo.mx\/\",\"logo\":{\"@type\":\"ImageObject\",\"inLanguage\":\"es\",\"@id\":\"https:\/\/www.nexoinformativo.mx\/#\/schema\/logo\/image\/\",\"url\":\"https:\/\/www.nexoinformativo.mx\/wp-content\/uploads\/2024\/07\/nexoi-trasparente-2.png\",\"contentUrl\":\"https:\/\/www.nexoinformativo.mx\/wp-content\/uploads\/2024\/07\/nexoi-trasparente-2.png\",\"width\":816,\"height\":339,\"caption\":\"Nexo Informativo Santiago de Quer\u00e9taro\"},\"image\":{\"@id\":\"https:\/\/www.nexoinformativo.mx\/#\/schema\/logo\/image\/\"},\"sameAs\":[\"https:\/\/www.facebook.com\/people\/Nexo-Informativo\/61564066885511\/\"]},{\"@type\":\"Person\",\"@id\":\"https:\/\/www.nexoinformativo.mx\/#\/schema\/person\/7749d380ba08c8ca00d7bc76fd907b7d\",\"name\":\"Nexo Informativo\",\"image\":{\"@type\":\"ImageObject\",\"inLanguage\":\"es\",\"@id\":\"https:\/\/www.nexoinformativo.mx\/#\/schema\/person\/image\/\",\"url\":\"https:\/\/secure.gravatar.com\/avatar\/dde2928154642a13d95f87ddf1ea9718fe2b46760a005c53e41ff5ad610704e6?s=96&d=mm&r=g\",\"contentUrl\":\"https:\/\/secure.gravatar.com\/avatar\/dde2928154642a13d95f87ddf1ea9718fe2b46760a005c53e41ff5ad610704e6?s=96&d=mm&r=g\",\"caption\":\"Nexo Informativo\"},\"url\":\"https:\/\/www.nexoinformativo.mx\/index.php\/author\/edicion\/\"}]}<\/script>\n<!-- \/ Yoast SEO plugin. -->","yoast_head_json":{"title":"Convocatoria Nacional abierta \u00fanete al equipo de abogadas que transformar\u00e1n la justicia para las mujeres | Nexo Informativo Santiago de Quer\u00e9taro","description":"Convocatoria Nacional abierta \u00fanete al equipo de abogadas que transformar\u00e1n la justicia para las mujeres","robots":{"index":"index","follow":"follow","max-snippet":"max-snippet:-1","max-image-preview":"max-image-preview:large","max-video-preview":"max-video-preview:-1"},"canonical":"https:\/\/www.nexoinformativo.mx\/index.php\/2025\/05\/02\/convocatoria-nacional-abierta-unete-al-equipo-de-abogadas-que-transformaran-la-justicia-para-las-mujeres\/","og_locale":"es_MX","og_type":"article","og_title":"Convocatoria Nacional abierta \u00fanete al equipo de abogadas que transformar\u00e1n la justicia para las mujeres | Nexo Informativo Santiago de Quer\u00e9taro","og_description":"Convocatoria Nacional abierta \u00fanete al equipo de abogadas que transformar\u00e1n la justicia para las mujeres","og_url":"https:\/\/www.nexoinformativo.mx\/index.php\/2025\/05\/02\/convocatoria-nacional-abierta-unete-al-equipo-de-abogadas-que-transformaran-la-justicia-para-las-mujeres\/","og_site_name":"Nexo Informativo Santiago de Quer\u00e9taro","article_publisher":"https:\/\/www.facebook.com\/people\/Nexo-Informativo\/61564066885511\/","article_published_time":"2025-05-02T15:00:16+00:00","article_modified_time":"2025-05-02T18:35:29+00:00","og_image":[{"width":700,"height":819,"url":"https:\/\/www.nexoinformativo.mx\/wp-content\/uploads\/2025\/05\/IMG_2745-e1746210885160.jpg","type":"image\/jpeg"}],"author":"Nexo Informativo","twitter_card":"summary_large_image","twitter_misc":{"Escrito por":"Nexo Informativo","Tiempo de lectura":"2 minutos"},"schema":{"@context":"https:\/\/schema.org","@graph":[{"@type":"Article","@id":"https:\/\/www.nexoinformativo.mx\/index.php\/2025\/05\/02\/convocatoria-nacional-abierta-unete-al-equipo-de-abogadas-que-transformaran-la-justicia-para-las-mujeres\/#article","isPartOf":{"@id":"https:\/\/www.nexoinformativo.mx\/index.php\/2025\/05\/02\/convocatoria-nacional-abierta-unete-al-equipo-de-abogadas-que-transformaran-la-justicia-para-las-mujeres\/"},"author":{"name":"Nexo Informativo","@id":"https:\/\/www.nexoinformativo.mx\/#\/schema\/person\/7749d380ba08c8ca00d7bc76fd907b7d"},"headline":"Convocatoria Nacional abierta \u00fanete al equipo de abogadas que transformar\u00e1n la justicia para las mujeres","datePublished":"2025-05-02T15:00:16+00:00","dateModified":"2025-05-02T18:35:29+00:00","mainEntityOfPage":{"@id":"https:\/\/www.nexoinformativo.mx\/index.php\/2025\/05\/02\/convocatoria-nacional-abierta-unete-al-equipo-de-abogadas-que-transformaran-la-justicia-para-las-mujeres\/"},"wordCount":329,"commentCount":0,"publisher":{"@id":"https:\/\/www.nexoinformativo.mx\/#organization"},"image":{"@id":"https:\/\/www.nexoinformativo.mx\/index.php\/2025\/05\/02\/convocatoria-nacional-abierta-unete-al-equipo-de-abogadas-que-transformaran-la-justicia-para-las-mujeres\/#primaryimage"},"thumbnailUrl":"https:\/\/www.nexoinformativo.mx\/wp-content\/uploads\/2025\/05\/IMG_2745-e1746210885160.jpg","keywords":["AbogadasDeLasMujeres","EmpoderamientoFemenino","JusticiaDeG\u00e9nero","PAIBIM"],"articleSection":["Nacional","\u00daltima Hora"],"inLanguage":"es","potentialAction":[{"@type":"CommentAction","name":"Comment","target":["https:\/\/www.nexoinformativo.mx\/index.php\/2025\/05\/02\/convocatoria-nacional-abierta-unete-al-equipo-de-abogadas-que-transformaran-la-justicia-para-las-mujeres\/#respond"]}]},{"@type":"WebPage","@id":"https:\/\/www.nexoinformativo.mx\/index.php\/2025\/05\/02\/convocatoria-nacional-abierta-unete-al-equipo-de-abogadas-que-transformaran-la-justicia-para-las-mujeres\/","url":"https:\/\/www.nexoinformativo.mx\/index.php\/2025\/05\/02\/convocatoria-nacional-abierta-unete-al-equipo-de-abogadas-que-transformaran-la-justicia-para-las-mujeres\/","name":"Convocatoria Nacional abierta \u00fanete al equipo de abogadas que transformar\u00e1n la justicia para las mujeres | Nexo Informativo Santiago de Quer\u00e9taro","isPartOf":{"@id":"https:\/\/www.nexoinformativo.mx\/#website"},"primaryImageOfPage":{"@id":"https:\/\/www.nexoinformativo.mx\/index.php\/2025\/05\/02\/convocatoria-nacional-abierta-unete-al-equipo-de-abogadas-que-transformaran-la-justicia-para-las-mujeres\/#primaryimage"},"image":{"@id":"https:\/\/www.nexoinformativo.mx\/index.php\/2025\/05\/02\/convocatoria-nacional-abierta-unete-al-equipo-de-abogadas-que-transformaran-la-justicia-para-las-mujeres\/#primaryimage"},"thumbnailUrl":"https:\/\/www.nexoinformativo.mx\/wp-content\/uploads\/2025\/05\/IMG_2745-e1746210885160.jpg","datePublished":"2025-05-02T15:00:16+00:00","dateModified":"2025-05-02T18:35:29+00:00","description":"Convocatoria Nacional abierta \u00fanete al equipo de abogadas que transformar\u00e1n la justicia para las mujeres","breadcrumb":{"@id":"https:\/\/www.nexoinformativo.mx\/index.php\/2025\/05\/02\/convocatoria-nacional-abierta-unete-al-equipo-de-abogadas-que-transformaran-la-justicia-para-las-mujeres\/#breadcrumb"},"inLanguage":"es","potentialAction":[{"@type":"ReadAction","target":["https:\/\/www.nexoinformativo.mx\/index.php\/2025\/05\/02\/convocatoria-nacional-abierta-unete-al-equipo-de-abogadas-que-transformaran-la-justicia-para-las-mujeres\/"]}]},{"@type":"ImageObject","inLanguage":"es","@id":"https:\/\/www.nexoinformativo.mx\/index.php\/2025\/05\/02\/convocatoria-nacional-abierta-unete-al-equipo-de-abogadas-que-transformaran-la-justicia-para-las-mujeres\/#primaryimage","url":"https:\/\/www.nexoinformativo.mx\/wp-content\/uploads\/2025\/05\/IMG_2745-e1746210885160.jpg","contentUrl":"https:\/\/www.nexoinformativo.mx\/wp-content\/uploads\/2025\/05\/IMG_2745-e1746210885160.jpg","width":700,"height":819},{"@type":"BreadcrumbList","@id":"https:\/\/www.nexoinformativo.mx\/index.php\/2025\/05\/02\/convocatoria-nacional-abierta-unete-al-equipo-de-abogadas-que-transformaran-la-justicia-para-las-mujeres\/#breadcrumb","itemListElement":[{"@type":"ListItem","position":1,"name":"Inicio","item":"https:\/\/www.nexoinformativo.mx\/"},{"@type":"ListItem","position":2,"name":"Convocatoria Nacional abierta \u00fanete al equipo de abogadas que transformar\u00e1n la justicia para las mujeres"}]},{"@type":"WebSite","@id":"https:\/\/www.nexoinformativo.mx\/#website","url":"https:\/\/www.nexoinformativo.mx\/","name":"Nexo Informativo Santiago de Quer\u00e9taro","description":"Explora NexoInformativo y convi\u00e9rtete en parte de una comunidad que valora el conocimiento y la verdad. Tu nexoinformativo es tu puente hacia una comprensi\u00f3n m\u00e1s profunda del mundo que te rodea.","publisher":{"@id":"https:\/\/www.nexoinformativo.mx\/#organization"},"potentialAction":[{"@type":"SearchAction","target":{"@type":"EntryPoint","urlTemplate":"https:\/\/www.nexoinformativo.mx\/?s={search_term_string}"},"query-input":{"@type":"PropertyValueSpecification","valueRequired":true,"valueName":"search_term_string"}}],"inLanguage":"es"},{"@type":"Organization","@id":"https:\/\/www.nexoinformativo.mx\/#organization","name":"Nexo Informativo Santiago de Quer\u00e9taro","url":"https:\/\/www.nexoinformativo.mx\/","logo":{"@type":"ImageObject","inLanguage":"es","@id":"https:\/\/www.nexoinformativo.mx\/#\/schema\/logo\/image\/","url":"https:\/\/www.nexoinformativo.mx\/wp-content\/uploads\/2024\/07\/nexoi-trasparente-2.png","contentUrl":"https:\/\/www.nexoinformativo.mx\/wp-content\/uploads\/2024\/07\/nexoi-trasparente-2.png","width":816,"height":339,"caption":"Nexo Informativo Santiago de Quer\u00e9taro"},"image":{"@id":"https:\/\/www.nexoinformativo.mx\/#\/schema\/logo\/image\/"},"sameAs":["https:\/\/www.facebook.com\/people\/Nexo-Informativo\/61564066885511\/"]},{"@type":"Person","@id":"https:\/\/www.nexoinformativo.mx\/#\/schema\/person\/7749d380ba08c8ca00d7bc76fd907b7d","name":"Nexo Informativo","image":{"@type":"ImageObject","inLanguage":"es","@id":"https:\/\/www.nexoinformativo.mx\/#\/schema\/person\/image\/","url":"https:\/\/secure.gravatar.com\/avatar\/dde2928154642a13d95f87ddf1ea9718fe2b46760a005c53e41ff5ad610704e6?s=96&d=mm&r=g","contentUrl":"https:\/\/secure.gravatar.com\/avatar\/dde2928154642a13d95f87ddf1ea9718fe2b46760a005c53e41ff5ad610704e6?s=96&d=mm&r=g","caption":"Nexo Informativo"},"url":"https:\/\/www.nexoinformativo.mx\/index.php\/author\/edicion\/"}]}},"_links":{"self":[{"href":"https:\/\/www.nexoinformativo.mx\/index.php\/wp-json\/wp\/v2\/posts\/14676","targetHints":{"allow":["GET"]}}],"collection":[{"href":"https:\/\/www.nexoinformativo.mx\/index.php\/wp-json\/wp\/v2\/posts"}],"about":[{"href":"https:\/\/www.nexoinformativo.mx\/index.php\/wp-json\/wp\/v2\/types\/post"}],"author":[{"embeddable":true,"href":"https:\/\/www.nexoinformativo.mx\/index.php\/wp-json\/wp\/v2\/users\/3"}],"replies":[{"embeddable":true,"href":"https:\/\/www.nexoinformativo.mx\/index.php\/wp-json\/wp\/v2\/comments?post=14676"}],"version-history":[{"count":4,"href":"https:\/\/www.nexoinformativo.mx\/index.php\/wp-json\/wp\/v2\/posts\/14676\/revisions"}],"predecessor-version":[{"id":14681,"href":"https:\/\/www.nexoinformativo.mx\/index.php\/wp-json\/wp\/v2\/posts\/14676\/revisions\/14681"}],"wp:featuredmedia":[{"embeddable":true,"href":"https:\/\/www.nexoinformativo.mx\/index.php\/wp-json\/wp\/v2\/media\/14678"}],"wp:attachment":[{"href":"https:\/\/www.nexoinformativo.mx\/index.php\/wp-json\/wp\/v2\/media?parent=14676"}],"wp:term":[{"taxonomy":"category","embeddable":true,"href":"https:\/\/www.nexoinformativo.mx\/index.php\/wp-json\/wp\/v2\/categories?post=14676"},{"taxonomy":"post_tag","embeddable":true,"href":"https:\/\/www.nexoinformativo.mx\/index.php\/wp-json\/wp\/v2\/tags?post=14676"}],"curies":[{"name":"wp","href":"https:\/\/api.w.org\/{rel}","templated":true}]}}