{"id":14682,"date":"2025-05-02T10:00:59","date_gmt":"2025-05-02T16:00:59","guid":{"rendered":"https:\/\/www.nexoinformativo.mx\/?p=14682"},"modified":"2025-05-02T12:52:33","modified_gmt":"2025-05-02T18:52:33","slug":"talento-queretano-a-la-vanguardia-estudiantes-utc-brillan-con-segundo-lugar-en-hackaton-de-movilidad-en-cdmx","status":"publish","type":"post","link":"https:\/\/www.nexoinformativo.mx\/index.php\/2025\/05\/02\/talento-queretano-a-la-vanguardia-estudiantes-utc-brillan-con-segundo-lugar-en-hackaton-de-movilidad-en-cdmx\/","title":{"rendered":"Talento queretano a la vanguardia estudiantes UTC brillan con segundo lugar en hackat\u00f3n de movilidad en CDMX"},"content":{"rendered":"<p style=\"text-align: justify;\" data-sourcepos=\"3:1-3:571\">Un equipo de estudiantes de la <strong>Universidad Tecnol\u00f3gica de Corregidora<\/strong> (UTC), en colaboraci\u00f3n con un alumno de la Universidad Tecnol\u00f3gica de Quer\u00e9taro (UTEQ), demostr\u00f3 su ingenio y visi\u00f3n innovadora al obtener el segundo lugar en el Mobility Hackaton 2025.<\/p>\n<\/p>\n<p>&nbsp;<\/p>\n<p style=\"text-align: justify;\" data-sourcepos=\"3:1-3:571\">Este evento, organizado por la Secretar\u00eda de Educaci\u00f3n, Ciencia, Tecnolog\u00eda e Innovaci\u00f3n de la Ciudad de M\u00e9xico (SECTI) en conjunto con diversas startups, Watson Institute y Ford Philanthropy, reuni\u00f3 a j\u00f3venes talentos para proponer soluciones disruptivas en el \u00e1mbito de la movilidad.<\/p>\n<\/p>\n<p>&nbsp;<\/p>\n<p style=\"text-align: justify;\" data-sourcepos=\"5:1-5:407\">El equipo queretano, integrado por Marco Lavariega, Stephanie Olvera, \u00c1ngel Mata (UTC) y Barac Fabregat (UTEQ), particip\u00f3 en el desaf\u00edo propuesto por la startup VEU.<\/p>\n<\/p>\n<p>&nbsp;<\/p>\n<p style=\"text-align: justify;\" data-sourcepos=\"5:1-5:407\">Su proyecto consisti\u00f3 en el dise\u00f1o de un prototipo de aplicaci\u00f3n m\u00f3vil que utiliza Inteligencia Artificial para detectar emociones a trav\u00e9s de las expresiones faciales de los conductores, con el objetivo primordial de cuidar su salud mental.<\/p>\n<\/p>\n<p>&nbsp;<\/p>\n<p style=\"text-align: justify;\" data-sourcepos=\"7:1-7:513\">Los estudiantes explicaron que la informaci\u00f3n recopilada por la aplicaci\u00f3n se organiza en una base de datos para an\u00e1lisis futuros mediante herramientas de ciencia de datos. Esto permitir\u00e1 a las empresas tomar decisiones m\u00e1s humanas y preventivas dentro del entorno laboral de los conductores.<\/p>\n<\/p>\n<p>&nbsp;<\/p>\n<p style=\"text-align: justify;\" data-sourcepos=\"9:1-9:384\">Al finalizar el Hackat\u00f3n, los j\u00f3venes representantes del estado de Quer\u00e9taro fueron galardonados con el segundo lugar por su proyecto, que destac\u00f3 por su enfoque en la experiencia del usuario y el bienestar de los conductores de unidades m\u00f3viles.<\/p>\n<\/p>\n<p>&nbsp;<\/p>\n<p style=\"text-align: justify;\" data-sourcepos=\"9:1-9:384\">El jurado reconoci\u00f3 la visi\u00f3n humanista, la innovaci\u00f3n tecnol\u00f3gica y el compromiso del equipo con una movilidad m\u00e1s segura e inteligente.<\/p>\n<\/p>\n<p>&nbsp;<\/p>\n<p style=\"text-align: center;\" data-sourcepos=\"9:1-9:384\"><em><strong>\u00a1Informaci\u00f3n que transforma!<\/strong><\/em><\/p>\n","protected":false},"excerpt":{"rendered":"<p>Un equipo de estudiantes de la Universidad Tecnol\u00f3gica de Corregidora (UTC), en colaboraci\u00f3n con un alumno de la Universidad Tecnol\u00f3gica de Quer\u00e9taro (UTEQ), demostr\u00f3 su ingenio y visi\u00f3n innovadora al obtener el segundo lugar en el Mobility Hackaton 2025.<\/p>\n","protected":false},"author":3,"featured_media":14683,"comment_status":"open","ping_status":"open","sticky":false,"template":"","format":"standard","meta":{"footnotes":""},"categories":[42,58],"tags":[4355,999,1169,1875],"class_list":["post-14682","post","type-post","status-publish","format-standard","has-post-thumbnail","hentry","category-estado","category-ultima-hora","tag-hackatoncdmx","tag-movilidadinteligente","tag-talentoqueretano","tag-utc"],"yoast_head":"<!-- This site is optimized with the Yoast SEO plugin v25.0 - https:\/\/yoast.com\/wordpress\/plugins\/seo\/ -->\n<title>Talento queretano a la vanguardia estudiantes UTC brillan con segundo lugar en hackat\u00f3n de movilidad en CDMX | Nexo Informativo Santiago de Quer\u00e9taro<\/title>\n<meta name=\"description\" content=\"Talento queretano a la vanguardia estudiantes UTC brillan con segundo lugar en hackat\u00f3n de movilidad en CDMX\" \/>\n<meta name=\"robots\" content=\"index, follow, max-snippet:-1, max-image-preview:large, max-video-preview:-1\" \/>\n<link rel=\"canonical\" href=\"https:\/\/www.nexoinformativo.mx\/index.php\/2025\/05\/02\/talento-queretano-a-la-vanguardia-estudiantes-utc-brillan-con-segundo-lugar-en-hackaton-de-movilidad-en-cdmx\/\" \/>\n<meta property=\"og:locale\" content=\"es_MX\" \/>\n<meta property=\"og:type\" content=\"article\" \/>\n<meta property=\"og:title\" content=\"Talento queretano a la vanguardia estudiantes UTC brillan con segundo lugar en hackat\u00f3n de movilidad en CDMX | Nexo Informativo Santiago de Quer\u00e9taro\" \/>\n<meta property=\"og:description\" content=\"Talento queretano a la vanguardia estudiantes UTC brillan con segundo lugar en hackat\u00f3n de movilidad en CDMX\" \/>\n<meta property=\"og:url\" content=\"https:\/\/www.nexoinformativo.mx\/index.php\/2025\/05\/02\/talento-queretano-a-la-vanguardia-estudiantes-utc-brillan-con-segundo-lugar-en-hackaton-de-movilidad-en-cdmx\/\" \/>\n<meta property=\"og:site_name\" content=\"Nexo Informativo Santiago de Quer\u00e9taro\" \/>\n<meta property=\"article:publisher\" content=\"https:\/\/www.facebook.com\/people\/Nexo-Informativo\/61564066885511\/\" \/>\n<meta property=\"article:published_time\" content=\"2025-05-02T16:00:59+00:00\" \/>\n<meta property=\"article:modified_time\" content=\"2025-05-02T18:52:33+00:00\" \/>\n<meta property=\"og:image\" content=\"https:\/\/www.nexoinformativo.mx\/wp-content\/uploads\/2025\/05\/PHOTO-2025-05-02-12-40-07.jpg\" \/>\n\t<meta property=\"og:image:width\" content=\"1280\" \/>\n\t<meta property=\"og:image:height\" content=\"913\" \/>\n\t<meta property=\"og:image:type\" content=\"image\/jpeg\" \/>\n<meta name=\"author\" content=\"Nexo Informativo\" \/>\n<meta name=\"twitter:card\" content=\"summary_large_image\" \/>\n<meta name=\"twitter:label1\" content=\"Escrito por\" \/>\n\t<meta name=\"twitter:data1\" content=\"Nexo Informativo\" \/>\n\t<meta name=\"twitter:label2\" content=\"Tiempo de lectura\" \/>\n\t<meta name=\"twitter:data2\" content=\"2 minutos\" \/>\n<script type=\"application\/ld+json\" class=\"yoast-schema-graph\">{\"@context\":\"https:\/\/schema.org\",\"@graph\":[{\"@type\":\"Article\",\"@id\":\"https:\/\/www.nexoinformativo.mx\/index.php\/2025\/05\/02\/talento-queretano-a-la-vanguardia-estudiantes-utc-brillan-con-segundo-lugar-en-hackaton-de-movilidad-en-cdmx\/#article\",\"isPartOf\":{\"@id\":\"https:\/\/www.nexoinformativo.mx\/index.php\/2025\/05\/02\/talento-queretano-a-la-vanguardia-estudiantes-utc-brillan-con-segundo-lugar-en-hackaton-de-movilidad-en-cdmx\/\"},\"author\":{\"name\":\"Nexo Informativo\",\"@id\":\"https:\/\/www.nexoinformativo.mx\/#\/schema\/person\/7749d380ba08c8ca00d7bc76fd907b7d\"},\"headline\":\"Talento queretano a la vanguardia estudiantes UTC brillan con segundo lugar en hackat\u00f3n de movilidad en CDMX\",\"datePublished\":\"2025-05-02T16:00:59+00:00\",\"dateModified\":\"2025-05-02T18:52:33+00:00\",\"mainEntityOfPage\":{\"@id\":\"https:\/\/www.nexoinformativo.mx\/index.php\/2025\/05\/02\/talento-queretano-a-la-vanguardia-estudiantes-utc-brillan-con-segundo-lugar-en-hackaton-de-movilidad-en-cdmx\/\"},\"wordCount\":303,\"commentCount\":0,\"publisher\":{\"@id\":\"https:\/\/www.nexoinformativo.mx\/#organization\"},\"image\":{\"@id\":\"https:\/\/www.nexoinformativo.mx\/index.php\/2025\/05\/02\/talento-queretano-a-la-vanguardia-estudiantes-utc-brillan-con-segundo-lugar-en-hackaton-de-movilidad-en-cdmx\/#primaryimage\"},\"thumbnailUrl\":\"https:\/\/www.nexoinformativo.mx\/wp-content\/uploads\/2025\/05\/PHOTO-2025-05-02-12-40-07.jpg\",\"keywords\":[\"HackatonCDMX\",\"MovilidadInteligente\",\"TalentoQueretano\",\"UTC\"],\"articleSection\":[\"Estado\",\"\u00daltima Hora\"],\"inLanguage\":\"es\",\"potentialAction\":[{\"@type\":\"CommentAction\",\"name\":\"Comment\",\"target\":[\"https:\/\/www.nexoinformativo.mx\/index.php\/2025\/05\/02\/talento-queretano-a-la-vanguardia-estudiantes-utc-brillan-con-segundo-lugar-en-hackaton-de-movilidad-en-cdmx\/#respond\"]}]},{\"@type\":\"WebPage\",\"@id\":\"https:\/\/www.nexoinformativo.mx\/index.php\/2025\/05\/02\/talento-queretano-a-la-vanguardia-estudiantes-utc-brillan-con-segundo-lugar-en-hackaton-de-movilidad-en-cdmx\/\",\"url\":\"https:\/\/www.nexoinformativo.mx\/index.php\/2025\/05\/02\/talento-queretano-a-la-vanguardia-estudiantes-utc-brillan-con-segundo-lugar-en-hackaton-de-movilidad-en-cdmx\/\",\"name\":\"Talento queretano a la vanguardia estudiantes UTC brillan con segundo lugar en hackat\u00f3n de movilidad en CDMX | Nexo Informativo Santiago de Quer\u00e9taro\",\"isPartOf\":{\"@id\":\"https:\/\/www.nexoinformativo.mx\/#website\"},\"primaryImageOfPage\":{\"@id\":\"https:\/\/www.nexoinformativo.mx\/index.php\/2025\/05\/02\/talento-queretano-a-la-vanguardia-estudiantes-utc-brillan-con-segundo-lugar-en-hackaton-de-movilidad-en-cdmx\/#primaryimage\"},\"image\":{\"@id\":\"https:\/\/www.nexoinformativo.mx\/index.php\/2025\/05\/02\/talento-queretano-a-la-vanguardia-estudiantes-utc-brillan-con-segundo-lugar-en-hackaton-de-movilidad-en-cdmx\/#primaryimage\"},\"thumbnailUrl\":\"https:\/\/www.nexoinformativo.mx\/wp-content\/uploads\/2025\/05\/PHOTO-2025-05-02-12-40-07.jpg\",\"datePublished\":\"2025-05-02T16:00:59+00:00\",\"dateModified\":\"2025-05-02T18:52:33+00:00\",\"description\":\"Talento queretano a la vanguardia estudiantes UTC brillan con segundo lugar en hackat\u00f3n de movilidad en CDMX\",\"breadcrumb\":{\"@id\":\"https:\/\/www.nexoinformativo.mx\/index.php\/2025\/05\/02\/talento-queretano-a-la-vanguardia-estudiantes-utc-brillan-con-segundo-lugar-en-hackaton-de-movilidad-en-cdmx\/#breadcrumb\"},\"inLanguage\":\"es\",\"potentialAction\":[{\"@type\":\"ReadAction\",\"target\":[\"https:\/\/www.nexoinformativo.mx\/index.php\/2025\/05\/02\/talento-queretano-a-la-vanguardia-estudiantes-utc-brillan-con-segundo-lugar-en-hackaton-de-movilidad-en-cdmx\/\"]}]},{\"@type\":\"ImageObject\",\"inLanguage\":\"es\",\"@id\":\"https:\/\/www.nexoinformativo.mx\/index.php\/2025\/05\/02\/talento-queretano-a-la-vanguardia-estudiantes-utc-brillan-con-segundo-lugar-en-hackaton-de-movilidad-en-cdmx\/#primaryimage\",\"url\":\"https:\/\/www.nexoinformativo.mx\/wp-content\/uploads\/2025\/05\/PHOTO-2025-05-02-12-40-07.jpg\",\"contentUrl\":\"https:\/\/www.nexoinformativo.mx\/wp-content\/uploads\/2025\/05\/PHOTO-2025-05-02-12-40-07.jpg\",\"width\":1280,\"height\":913},{\"@type\":\"BreadcrumbList\",\"@id\":\"https:\/\/www.nexoinformativo.mx\/index.php\/2025\/05\/02\/talento-queretano-a-la-vanguardia-estudiantes-utc-brillan-con-segundo-lugar-en-hackaton-de-movilidad-en-cdmx\/#breadcrumb\",\"itemListElement\":[{\"@type\":\"ListItem\",\"position\":1,\"name\":\"Inicio\",\"item\":\"https:\/\/www.nexoinformativo.mx\/\"},{\"@type\":\"ListItem\",\"position\":2,\"name\":\"Talento queretano a la vanguardia estudiantes UTC brillan con segundo lugar en hackat\u00f3n de movilidad en CDMX\"}]},{\"@type\":\"WebSite\",\"@id\":\"https:\/\/www.nexoinformativo.mx\/#website\",\"url\":\"https:\/\/www.nexoinformativo.mx\/\",\"name\":\"Nexo Informativo Santiago de Quer\u00e9taro\",\"description\":\"Explora NexoInformativo y convi\u00e9rtete en parte de una comunidad que valora el conocimiento y la verdad. Tu nexoinformativo es tu puente hacia una comprensi\u00f3n m\u00e1s profunda del mundo que te rodea.\",\"publisher\":{\"@id\":\"https:\/\/www.nexoinformativo.mx\/#organization\"},\"potentialAction\":[{\"@type\":\"SearchAction\",\"target\":{\"@type\":\"EntryPoint\",\"urlTemplate\":\"https:\/\/www.nexoinformativo.mx\/?s={search_term_string}\"},\"query-input\":{\"@type\":\"PropertyValueSpecification\",\"valueRequired\":true,\"valueName\":\"search_term_string\"}}],\"inLanguage\":\"es\"},{\"@type\":\"Organization\",\"@id\":\"https:\/\/www.nexoinformativo.mx\/#organization\",\"name\":\"Nexo Informativo Santiago de Quer\u00e9taro\",\"url\":\"https:\/\/www.nexoinformativo.mx\/\",\"logo\":{\"@type\":\"ImageObject\",\"inLanguage\":\"es\",\"@id\":\"https:\/\/www.nexoinformativo.mx\/#\/schema\/logo\/image\/\",\"url\":\"https:\/\/www.nexoinformativo.mx\/wp-content\/uploads\/2024\/07\/nexoi-trasparente-2.png\",\"contentUrl\":\"https:\/\/www.nexoinformativo.mx\/wp-content\/uploads\/2024\/07\/nexoi-trasparente-2.png\",\"width\":816,\"height\":339,\"caption\":\"Nexo Informativo Santiago de Quer\u00e9taro\"},\"image\":{\"@id\":\"https:\/\/www.nexoinformativo.mx\/#\/schema\/logo\/image\/\"},\"sameAs\":[\"https:\/\/www.facebook.com\/people\/Nexo-Informativo\/61564066885511\/\"]},{\"@type\":\"Person\",\"@id\":\"https:\/\/www.nexoinformativo.mx\/#\/schema\/person\/7749d380ba08c8ca00d7bc76fd907b7d\",\"name\":\"Nexo Informativo\",\"image\":{\"@type\":\"ImageObject\",\"inLanguage\":\"es\",\"@id\":\"https:\/\/www.nexoinformativo.mx\/#\/schema\/person\/image\/\",\"url\":\"https:\/\/secure.gravatar.com\/avatar\/dde2928154642a13d95f87ddf1ea9718fe2b46760a005c53e41ff5ad610704e6?s=96&d=mm&r=g\",\"contentUrl\":\"https:\/\/secure.gravatar.com\/avatar\/dde2928154642a13d95f87ddf1ea9718fe2b46760a005c53e41ff5ad610704e6?s=96&d=mm&r=g\",\"caption\":\"Nexo Informativo\"},\"url\":\"https:\/\/www.nexoinformativo.mx\/index.php\/author\/edicion\/\"}]}<\/script>\n<!-- \/ Yoast SEO plugin. -->","yoast_head_json":{"title":"Talento queretano a la vanguardia estudiantes UTC brillan con segundo lugar en hackat\u00f3n de movilidad en CDMX | Nexo Informativo Santiago de Quer\u00e9taro","description":"Talento queretano a la vanguardia estudiantes UTC brillan con segundo lugar en hackat\u00f3n de movilidad en CDMX","robots":{"index":"index","follow":"follow","max-snippet":"max-snippet:-1","max-image-preview":"max-image-preview:large","max-video-preview":"max-video-preview:-1"},"canonical":"https:\/\/www.nexoinformativo.mx\/index.php\/2025\/05\/02\/talento-queretano-a-la-vanguardia-estudiantes-utc-brillan-con-segundo-lugar-en-hackaton-de-movilidad-en-cdmx\/","og_locale":"es_MX","og_type":"article","og_title":"Talento queretano a la vanguardia estudiantes UTC brillan con segundo lugar en hackat\u00f3n de movilidad en CDMX | Nexo Informativo Santiago de Quer\u00e9taro","og_description":"Talento queretano a la vanguardia estudiantes UTC brillan con segundo lugar en hackat\u00f3n de movilidad en CDMX","og_url":"https:\/\/www.nexoinformativo.mx\/index.php\/2025\/05\/02\/talento-queretano-a-la-vanguardia-estudiantes-utc-brillan-con-segundo-lugar-en-hackaton-de-movilidad-en-cdmx\/","og_site_name":"Nexo Informativo Santiago de Quer\u00e9taro","article_publisher":"https:\/\/www.facebook.com\/people\/Nexo-Informativo\/61564066885511\/","article_published_time":"2025-05-02T16:00:59+00:00","article_modified_time":"2025-05-02T18:52:33+00:00","og_image":[{"width":1280,"height":913,"url":"https:\/\/www.nexoinformativo.mx\/wp-content\/uploads\/2025\/05\/PHOTO-2025-05-02-12-40-07.jpg","type":"image\/jpeg"}],"author":"Nexo Informativo","twitter_card":"summary_large_image","twitter_misc":{"Escrito por":"Nexo Informativo","Tiempo de lectura":"2 minutos"},"schema":{"@context":"https:\/\/schema.org","@graph":[{"@type":"Article","@id":"https:\/\/www.nexoinformativo.mx\/index.php\/2025\/05\/02\/talento-queretano-a-la-vanguardia-estudiantes-utc-brillan-con-segundo-lugar-en-hackaton-de-movilidad-en-cdmx\/#article","isPartOf":{"@id":"https:\/\/www.nexoinformativo.mx\/index.php\/2025\/05\/02\/talento-queretano-a-la-vanguardia-estudiantes-utc-brillan-con-segundo-lugar-en-hackaton-de-movilidad-en-cdmx\/"},"author":{"name":"Nexo Informativo","@id":"https:\/\/www.nexoinformativo.mx\/#\/schema\/person\/7749d380ba08c8ca00d7bc76fd907b7d"},"headline":"Talento queretano a la vanguardia estudiantes UTC brillan con segundo lugar en hackat\u00f3n de movilidad en CDMX","datePublished":"2025-05-02T16:00:59+00:00","dateModified":"2025-05-02T18:52:33+00:00","mainEntityOfPage":{"@id":"https:\/\/www.nexoinformativo.mx\/index.php\/2025\/05\/02\/talento-queretano-a-la-vanguardia-estudiantes-utc-brillan-con-segundo-lugar-en-hackaton-de-movilidad-en-cdmx\/"},"wordCount":303,"commentCount":0,"publisher":{"@id":"https:\/\/www.nexoinformativo.mx\/#organization"},"image":{"@id":"https:\/\/www.nexoinformativo.mx\/index.php\/2025\/05\/02\/talento-queretano-a-la-vanguardia-estudiantes-utc-brillan-con-segundo-lugar-en-hackaton-de-movilidad-en-cdmx\/#primaryimage"},"thumbnailUrl":"https:\/\/www.nexoinformativo.mx\/wp-content\/uploads\/2025\/05\/PHOTO-2025-05-02-12-40-07.jpg","keywords":["HackatonCDMX","MovilidadInteligente","TalentoQueretano","UTC"],"articleSection":["Estado","\u00daltima Hora"],"inLanguage":"es","potentialAction":[{"@type":"CommentAction","name":"Comment","target":["https:\/\/www.nexoinformativo.mx\/index.php\/2025\/05\/02\/talento-queretano-a-la-vanguardia-estudiantes-utc-brillan-con-segundo-lugar-en-hackaton-de-movilidad-en-cdmx\/#respond"]}]},{"@type":"WebPage","@id":"https:\/\/www.nexoinformativo.mx\/index.php\/2025\/05\/02\/talento-queretano-a-la-vanguardia-estudiantes-utc-brillan-con-segundo-lugar-en-hackaton-de-movilidad-en-cdmx\/","url":"https:\/\/www.nexoinformativo.mx\/index.php\/2025\/05\/02\/talento-queretano-a-la-vanguardia-estudiantes-utc-brillan-con-segundo-lugar-en-hackaton-de-movilidad-en-cdmx\/","name":"Talento queretano a la vanguardia estudiantes UTC brillan con segundo lugar en hackat\u00f3n de movilidad en CDMX | Nexo Informativo Santiago de Quer\u00e9taro","isPartOf":{"@id":"https:\/\/www.nexoinformativo.mx\/#website"},"primaryImageOfPage":{"@id":"https:\/\/www.nexoinformativo.mx\/index.php\/2025\/05\/02\/talento-queretano-a-la-vanguardia-estudiantes-utc-brillan-con-segundo-lugar-en-hackaton-de-movilidad-en-cdmx\/#primaryimage"},"image":{"@id":"https:\/\/www.nexoinformativo.mx\/index.php\/2025\/05\/02\/talento-queretano-a-la-vanguardia-estudiantes-utc-brillan-con-segundo-lugar-en-hackaton-de-movilidad-en-cdmx\/#primaryimage"},"thumbnailUrl":"https:\/\/www.nexoinformativo.mx\/wp-content\/uploads\/2025\/05\/PHOTO-2025-05-02-12-40-07.jpg","datePublished":"2025-05-02T16:00:59+00:00","dateModified":"2025-05-02T18:52:33+00:00","description":"Talento queretano a la vanguardia estudiantes UTC brillan con segundo lugar en hackat\u00f3n de movilidad en CDMX","breadcrumb":{"@id":"https:\/\/www.nexoinformativo.mx\/index.php\/2025\/05\/02\/talento-queretano-a-la-vanguardia-estudiantes-utc-brillan-con-segundo-lugar-en-hackaton-de-movilidad-en-cdmx\/#breadcrumb"},"inLanguage":"es","potentialAction":[{"@type":"ReadAction","target":["https:\/\/www.nexoinformativo.mx\/index.php\/2025\/05\/02\/talento-queretano-a-la-vanguardia-estudiantes-utc-brillan-con-segundo-lugar-en-hackaton-de-movilidad-en-cdmx\/"]}]},{"@type":"ImageObject","inLanguage":"es","@id":"https:\/\/www.nexoinformativo.mx\/index.php\/2025\/05\/02\/talento-queretano-a-la-vanguardia-estudiantes-utc-brillan-con-segundo-lugar-en-hackaton-de-movilidad-en-cdmx\/#primaryimage","url":"https:\/\/www.nexoinformativo.mx\/wp-content\/uploads\/2025\/05\/PHOTO-2025-05-02-12-40-07.jpg","contentUrl":"https:\/\/www.nexoinformativo.mx\/wp-content\/uploads\/2025\/05\/PHOTO-2025-05-02-12-40-07.jpg","width":1280,"height":913},{"@type":"BreadcrumbList","@id":"https:\/\/www.nexoinformativo.mx\/index.php\/2025\/05\/02\/talento-queretano-a-la-vanguardia-estudiantes-utc-brillan-con-segundo-lugar-en-hackaton-de-movilidad-en-cdmx\/#breadcrumb","itemListElement":[{"@type":"ListItem","position":1,"name":"Inicio","item":"https:\/\/www.nexoinformativo.mx\/"},{"@type":"ListItem","position":2,"name":"Talento queretano a la vanguardia estudiantes UTC brillan con segundo lugar en hackat\u00f3n de movilidad en CDMX"}]},{"@type":"WebSite","@id":"https:\/\/www.nexoinformativo.mx\/#website","url":"https:\/\/www.nexoinformativo.mx\/","name":"Nexo Informativo Santiago de Quer\u00e9taro","description":"Explora NexoInformativo y convi\u00e9rtete en parte de una comunidad que valora el conocimiento y la verdad. Tu nexoinformativo es tu puente hacia una comprensi\u00f3n m\u00e1s profunda del mundo que te rodea.","publisher":{"@id":"https:\/\/www.nexoinformativo.mx\/#organization"},"potentialAction":[{"@type":"SearchAction","target":{"@type":"EntryPoint","urlTemplate":"https:\/\/www.nexoinformativo.mx\/?s={search_term_string}"},"query-input":{"@type":"PropertyValueSpecification","valueRequired":true,"valueName":"search_term_string"}}],"inLanguage":"es"},{"@type":"Organization","@id":"https:\/\/www.nexoinformativo.mx\/#organization","name":"Nexo Informativo Santiago de Quer\u00e9taro","url":"https:\/\/www.nexoinformativo.mx\/","logo":{"@type":"ImageObject","inLanguage":"es","@id":"https:\/\/www.nexoinformativo.mx\/#\/schema\/logo\/image\/","url":"https:\/\/www.nexoinformativo.mx\/wp-content\/uploads\/2024\/07\/nexoi-trasparente-2.png","contentUrl":"https:\/\/www.nexoinformativo.mx\/wp-content\/uploads\/2024\/07\/nexoi-trasparente-2.png","width":816,"height":339,"caption":"Nexo Informativo Santiago de Quer\u00e9taro"},"image":{"@id":"https:\/\/www.nexoinformativo.mx\/#\/schema\/logo\/image\/"},"sameAs":["https:\/\/www.facebook.com\/people\/Nexo-Informativo\/61564066885511\/"]},{"@type":"Person","@id":"https:\/\/www.nexoinformativo.mx\/#\/schema\/person\/7749d380ba08c8ca00d7bc76fd907b7d","name":"Nexo Informativo","image":{"@type":"ImageObject","inLanguage":"es","@id":"https:\/\/www.nexoinformativo.mx\/#\/schema\/person\/image\/","url":"https:\/\/secure.gravatar.com\/avatar\/dde2928154642a13d95f87ddf1ea9718fe2b46760a005c53e41ff5ad610704e6?s=96&d=mm&r=g","contentUrl":"https:\/\/secure.gravatar.com\/avatar\/dde2928154642a13d95f87ddf1ea9718fe2b46760a005c53e41ff5ad610704e6?s=96&d=mm&r=g","caption":"Nexo Informativo"},"url":"https:\/\/www.nexoinformativo.mx\/index.php\/author\/edicion\/"}]}},"_links":{"self":[{"href":"https:\/\/www.nexoinformativo.mx\/index.php\/wp-json\/wp\/v2\/posts\/14682","targetHints":{"allow":["GET"]}}],"collection":[{"href":"https:\/\/www.nexoinformativo.mx\/index.php\/wp-json\/wp\/v2\/posts"}],"about":[{"href":"https:\/\/www.nexoinformativo.mx\/index.php\/wp-json\/wp\/v2\/types\/post"}],"author":[{"embeddable":true,"href":"https:\/\/www.nexoinformativo.mx\/index.php\/wp-json\/wp\/v2\/users\/3"}],"replies":[{"embeddable":true,"href":"https:\/\/www.nexoinformativo.mx\/index.php\/wp-json\/wp\/v2\/comments?post=14682"}],"version-history":[{"count":3,"href":"https:\/\/www.nexoinformativo.mx\/index.php\/wp-json\/wp\/v2\/posts\/14682\/revisions"}],"predecessor-version":[{"id":14686,"href":"https:\/\/www.nexoinformativo.mx\/index.php\/wp-json\/wp\/v2\/posts\/14682\/revisions\/14686"}],"wp:featuredmedia":[{"embeddable":true,"href":"https:\/\/www.nexoinformativo.mx\/index.php\/wp-json\/wp\/v2\/media\/14683"}],"wp:attachment":[{"href":"https:\/\/www.nexoinformativo.mx\/index.php\/wp-json\/wp\/v2\/media?parent=14682"}],"wp:term":[{"taxonomy":"category","embeddable":true,"href":"https:\/\/www.nexoinformativo.mx\/index.php\/wp-json\/wp\/v2\/categories?post=14682"},{"taxonomy":"post_tag","embeddable":true,"href":"https:\/\/www.nexoinformativo.mx\/index.php\/wp-json\/wp\/v2\/tags?post=14682"}],"curies":[{"name":"wp","href":"https:\/\/api.w.org\/{rel}","templated":true}]}}