{"id":14714,"date":"2025-05-05T10:00:33","date_gmt":"2025-05-05T16:00:33","guid":{"rendered":"https:\/\/www.nexoinformativo.mx\/?p=14714"},"modified":"2025-05-05T12:37:00","modified_gmt":"2025-05-05T18:37:00","slug":"contigo-estamos-mejor-luis-nava-capacita-a-promotores-de-paz-para-construir-un-queretaro-mas-armonioso","status":"publish","type":"post","link":"https:\/\/www.nexoinformativo.mx\/index.php\/2025\/05\/05\/contigo-estamos-mejor-luis-nava-capacita-a-promotores-de-paz-para-construir-un-queretaro-mas-armonioso\/","title":{"rendered":"&#8220;Contigo estamos mejor&#8221; Luis Nava capacita a promotores de paz para construir un Quer\u00e9taro m\u00e1s armonioso"},"content":{"rendered":"<p style=\"text-align: justify;\" data-sourcepos=\"3:1-3:543\">El secretario de Desarrollo Social del estado, Luis Nava, encabez\u00f3 una jornada de capacitaci\u00f3n crucial en Ezequiel Montes, dirigida a los promotores de paz de la estrategia &#8220;Contigo Estamos Mejor&#8221;.<\/p>\n<\/p>\n<p>&nbsp;<\/p>\n<p style=\"text-align: justify;\" data-sourcepos=\"3:1-3:543\">El objetivo primordial de esta iniciativa es fortalecer la convivencia social y prevenir la violencia, y en este marco, Luis Nava hizo un llamado directo a las familias queretanas para unirse activamente en la construcci\u00f3n de la paz y el fomento de la buena convivencia desde sus propios hogares y comunidades.<\/p>\n<\/p>\n<p>&nbsp;<\/p>\n<p style=\"text-align: justify;\" data-sourcepos=\"7:1-7:305\">El titular de la SEDESOQ enfatiz\u00f3 que la meta de &#8220;Contigo estamos mejor&#8221; es clara: mejorar la convivencia en todos los \u00e1mbitos de la vida cotidiana, desde los hogares hasta las colonias, comunidades y escuelas, con el fin de preservar la tranquilidad y la alta calidad de vida que caracteriza a Quer\u00e9taro.<\/p>\n<\/p>\n<p>&nbsp;<\/p>\n<p style=\"text-align: justify;\" data-sourcepos=\"9:1-9:470\">Al concluir las sesiones de capacitaci\u00f3n, el funcionario record\u00f3 a los promotores de paz que muchas manifestaciones de violencia tienen su origen en el seno familiar.<\/p>\n<\/p>\n<p>&nbsp;<\/p>\n<p style=\"text-align: justify;\" data-sourcepos=\"9:1-9:470\">Por ello, la clave radica en abordar estos problemas desde su ra\u00edz, evitando situaciones desencadenadas por el abuso del alcohol o los conflictos familiares cotidianos.<\/p>\n<\/p>\n<p>&nbsp;<\/p>\n<p style=\"text-align: justify;\" data-sourcepos=\"9:1-9:470\">Subray\u00f3 la importancia vital de la participaci\u00f3n ciudadana para sembrar y cultivar una cultura de buena convivencia en todo el estado.<\/p>\n<\/p>\n<p>&nbsp;<\/p>\n<p style=\"text-align: center;\" data-sourcepos=\"9:1-9:470\"><em><strong>\u00a1Informaci\u00f3n que transforma!<\/strong><\/em><\/p>\n","protected":false},"excerpt":{"rendered":"<p>El secretario de Desarrollo Social del estado, Luis Nava, encabez\u00f3 una jornada de capacitaci\u00f3n crucial en Ezequiel Montes, dirigida a los promotores de paz de la estrategia &#8220;Contigo Estamos Mejor&#8221;.<\/p>\n","protected":false},"author":3,"featured_media":14715,"comment_status":"open","ping_status":"open","sticky":false,"template":"","format":"standard","meta":{"footnotes":""},"categories":[65,58],"tags":[3916,4365,397,1326],"class_list":["post-14714","post","type-post","status-publish","format-standard","has-post-thumbnail","hentry","category-municipios","category-ultima-hora","tag-contigoestamosmejor","tag-convivenciasocial","tag-luisnava","tag-pazqueretaro"],"yoast_head":"<!-- This site is optimized with the Yoast SEO plugin v25.0 - https:\/\/yoast.com\/wordpress\/plugins\/seo\/ -->\n<title>&quot;Contigo estamos mejor&quot; Luis Nava capacita a promotores de paz para construir un Quer\u00e9taro m\u00e1s armonioso | Nexo Informativo Santiago de Quer\u00e9taro<\/title>\n<meta name=\"description\" content=\"&quot;Contigo estamos mejor&quot; Luis Nava capacita a promotores de paz para construir un Quer\u00e9taro m\u00e1s armonioso\" \/>\n<meta name=\"robots\" content=\"index, follow, max-snippet:-1, max-image-preview:large, max-video-preview:-1\" \/>\n<link rel=\"canonical\" href=\"https:\/\/www.nexoinformativo.mx\/index.php\/2025\/05\/05\/contigo-estamos-mejor-luis-nava-capacita-a-promotores-de-paz-para-construir-un-queretaro-mas-armonioso\/\" \/>\n<meta property=\"og:locale\" content=\"es_MX\" \/>\n<meta property=\"og:type\" content=\"article\" \/>\n<meta property=\"og:title\" content=\"&quot;Contigo estamos mejor&quot; Luis Nava capacita a promotores de paz para construir un Quer\u00e9taro m\u00e1s armonioso | Nexo Informativo Santiago de Quer\u00e9taro\" \/>\n<meta property=\"og:description\" content=\"&quot;Contigo estamos mejor&quot; Luis Nava capacita a promotores de paz para construir un Quer\u00e9taro m\u00e1s armonioso\" \/>\n<meta property=\"og:url\" content=\"https:\/\/www.nexoinformativo.mx\/index.php\/2025\/05\/05\/contigo-estamos-mejor-luis-nava-capacita-a-promotores-de-paz-para-construir-un-queretaro-mas-armonioso\/\" \/>\n<meta property=\"og:site_name\" content=\"Nexo Informativo Santiago de Quer\u00e9taro\" \/>\n<meta property=\"article:publisher\" content=\"https:\/\/www.facebook.com\/people\/Nexo-Informativo\/61564066885511\/\" \/>\n<meta property=\"article:published_time\" content=\"2025-05-05T16:00:33+00:00\" \/>\n<meta property=\"article:modified_time\" content=\"2025-05-05T18:37:00+00:00\" \/>\n<meta property=\"og:image\" content=\"https:\/\/www.nexoinformativo.mx\/wp-content\/uploads\/2025\/05\/PHOTO-2025-05-05-11-32-22-e1746470169584.jpg\" \/>\n\t<meta property=\"og:image:width\" content=\"800\" \/>\n\t<meta property=\"og:image:height\" content=\"583\" \/>\n\t<meta property=\"og:image:type\" content=\"image\/jpeg\" \/>\n<meta name=\"author\" content=\"Nexo Informativo\" \/>\n<meta name=\"twitter:card\" content=\"summary_large_image\" \/>\n<meta name=\"twitter:label1\" content=\"Escrito por\" \/>\n\t<meta name=\"twitter:data1\" content=\"Nexo Informativo\" \/>\n\t<meta name=\"twitter:label2\" content=\"Tiempo de lectura\" \/>\n\t<meta name=\"twitter:data2\" content=\"2 minutos\" \/>\n<script type=\"application\/ld+json\" class=\"yoast-schema-graph\">{\"@context\":\"https:\/\/schema.org\",\"@graph\":[{\"@type\":\"Article\",\"@id\":\"https:\/\/www.nexoinformativo.mx\/index.php\/2025\/05\/05\/contigo-estamos-mejor-luis-nava-capacita-a-promotores-de-paz-para-construir-un-queretaro-mas-armonioso\/#article\",\"isPartOf\":{\"@id\":\"https:\/\/www.nexoinformativo.mx\/index.php\/2025\/05\/05\/contigo-estamos-mejor-luis-nava-capacita-a-promotores-de-paz-para-construir-un-queretaro-mas-armonioso\/\"},\"author\":{\"name\":\"Nexo Informativo\",\"@id\":\"https:\/\/www.nexoinformativo.mx\/#\/schema\/person\/7749d380ba08c8ca00d7bc76fd907b7d\"},\"headline\":\"&#8220;Contigo estamos mejor&#8221; Luis Nava capacita a promotores de paz para construir un Quer\u00e9taro m\u00e1s armonioso\",\"datePublished\":\"2025-05-05T16:00:33+00:00\",\"dateModified\":\"2025-05-05T18:37:00+00:00\",\"mainEntityOfPage\":{\"@id\":\"https:\/\/www.nexoinformativo.mx\/index.php\/2025\/05\/05\/contigo-estamos-mejor-luis-nava-capacita-a-promotores-de-paz-para-construir-un-queretaro-mas-armonioso\/\"},\"wordCount\":239,\"commentCount\":0,\"publisher\":{\"@id\":\"https:\/\/www.nexoinformativo.mx\/#organization\"},\"image\":{\"@id\":\"https:\/\/www.nexoinformativo.mx\/index.php\/2025\/05\/05\/contigo-estamos-mejor-luis-nava-capacita-a-promotores-de-paz-para-construir-un-queretaro-mas-armonioso\/#primaryimage\"},\"thumbnailUrl\":\"https:\/\/www.nexoinformativo.mx\/wp-content\/uploads\/2025\/05\/PHOTO-2025-05-05-11-32-22-e1746470169584.jpg\",\"keywords\":[\"ContigoEstamosMejor\",\"ConvivenciaSocial\",\"LuisNava\",\"PazQuer\u00e9taro\"],\"articleSection\":[\"Municipios\",\"\u00daltima Hora\"],\"inLanguage\":\"es\",\"potentialAction\":[{\"@type\":\"CommentAction\",\"name\":\"Comment\",\"target\":[\"https:\/\/www.nexoinformativo.mx\/index.php\/2025\/05\/05\/contigo-estamos-mejor-luis-nava-capacita-a-promotores-de-paz-para-construir-un-queretaro-mas-armonioso\/#respond\"]}]},{\"@type\":\"WebPage\",\"@id\":\"https:\/\/www.nexoinformativo.mx\/index.php\/2025\/05\/05\/contigo-estamos-mejor-luis-nava-capacita-a-promotores-de-paz-para-construir-un-queretaro-mas-armonioso\/\",\"url\":\"https:\/\/www.nexoinformativo.mx\/index.php\/2025\/05\/05\/contigo-estamos-mejor-luis-nava-capacita-a-promotores-de-paz-para-construir-un-queretaro-mas-armonioso\/\",\"name\":\"\\\"Contigo estamos mejor\\\" Luis Nava capacita a promotores de paz para construir un Quer\u00e9taro m\u00e1s armonioso | Nexo Informativo Santiago de Quer\u00e9taro\",\"isPartOf\":{\"@id\":\"https:\/\/www.nexoinformativo.mx\/#website\"},\"primaryImageOfPage\":{\"@id\":\"https:\/\/www.nexoinformativo.mx\/index.php\/2025\/05\/05\/contigo-estamos-mejor-luis-nava-capacita-a-promotores-de-paz-para-construir-un-queretaro-mas-armonioso\/#primaryimage\"},\"image\":{\"@id\":\"https:\/\/www.nexoinformativo.mx\/index.php\/2025\/05\/05\/contigo-estamos-mejor-luis-nava-capacita-a-promotores-de-paz-para-construir-un-queretaro-mas-armonioso\/#primaryimage\"},\"thumbnailUrl\":\"https:\/\/www.nexoinformativo.mx\/wp-content\/uploads\/2025\/05\/PHOTO-2025-05-05-11-32-22-e1746470169584.jpg\",\"datePublished\":\"2025-05-05T16:00:33+00:00\",\"dateModified\":\"2025-05-05T18:37:00+00:00\",\"description\":\"\\\"Contigo estamos mejor\\\" Luis Nava capacita a promotores de paz para construir un Quer\u00e9taro m\u00e1s armonioso\",\"breadcrumb\":{\"@id\":\"https:\/\/www.nexoinformativo.mx\/index.php\/2025\/05\/05\/contigo-estamos-mejor-luis-nava-capacita-a-promotores-de-paz-para-construir-un-queretaro-mas-armonioso\/#breadcrumb\"},\"inLanguage\":\"es\",\"potentialAction\":[{\"@type\":\"ReadAction\",\"target\":[\"https:\/\/www.nexoinformativo.mx\/index.php\/2025\/05\/05\/contigo-estamos-mejor-luis-nava-capacita-a-promotores-de-paz-para-construir-un-queretaro-mas-armonioso\/\"]}]},{\"@type\":\"ImageObject\",\"inLanguage\":\"es\",\"@id\":\"https:\/\/www.nexoinformativo.mx\/index.php\/2025\/05\/05\/contigo-estamos-mejor-luis-nava-capacita-a-promotores-de-paz-para-construir-un-queretaro-mas-armonioso\/#primaryimage\",\"url\":\"https:\/\/www.nexoinformativo.mx\/wp-content\/uploads\/2025\/05\/PHOTO-2025-05-05-11-32-22-e1746470169584.jpg\",\"contentUrl\":\"https:\/\/www.nexoinformativo.mx\/wp-content\/uploads\/2025\/05\/PHOTO-2025-05-05-11-32-22-e1746470169584.jpg\",\"width\":800,\"height\":583},{\"@type\":\"BreadcrumbList\",\"@id\":\"https:\/\/www.nexoinformativo.mx\/index.php\/2025\/05\/05\/contigo-estamos-mejor-luis-nava-capacita-a-promotores-de-paz-para-construir-un-queretaro-mas-armonioso\/#breadcrumb\",\"itemListElement\":[{\"@type\":\"ListItem\",\"position\":1,\"name\":\"Inicio\",\"item\":\"https:\/\/www.nexoinformativo.mx\/\"},{\"@type\":\"ListItem\",\"position\":2,\"name\":\"&#8220;Contigo estamos mejor&#8221; Luis Nava capacita a promotores de paz para construir un Quer\u00e9taro m\u00e1s armonioso\"}]},{\"@type\":\"WebSite\",\"@id\":\"https:\/\/www.nexoinformativo.mx\/#website\",\"url\":\"https:\/\/www.nexoinformativo.mx\/\",\"name\":\"Nexo Informativo Santiago de Quer\u00e9taro\",\"description\":\"Explora NexoInformativo y convi\u00e9rtete en parte de una comunidad que valora el conocimiento y la verdad. Tu nexoinformativo es tu puente hacia una comprensi\u00f3n m\u00e1s profunda del mundo que te rodea.\",\"publisher\":{\"@id\":\"https:\/\/www.nexoinformativo.mx\/#organization\"},\"potentialAction\":[{\"@type\":\"SearchAction\",\"target\":{\"@type\":\"EntryPoint\",\"urlTemplate\":\"https:\/\/www.nexoinformativo.mx\/?s={search_term_string}\"},\"query-input\":{\"@type\":\"PropertyValueSpecification\",\"valueRequired\":true,\"valueName\":\"search_term_string\"}}],\"inLanguage\":\"es\"},{\"@type\":\"Organization\",\"@id\":\"https:\/\/www.nexoinformativo.mx\/#organization\",\"name\":\"Nexo Informativo Santiago de Quer\u00e9taro\",\"url\":\"https:\/\/www.nexoinformativo.mx\/\",\"logo\":{\"@type\":\"ImageObject\",\"inLanguage\":\"es\",\"@id\":\"https:\/\/www.nexoinformativo.mx\/#\/schema\/logo\/image\/\",\"url\":\"https:\/\/www.nexoinformativo.mx\/wp-content\/uploads\/2024\/07\/nexoi-trasparente-2.png\",\"contentUrl\":\"https:\/\/www.nexoinformativo.mx\/wp-content\/uploads\/2024\/07\/nexoi-trasparente-2.png\",\"width\":816,\"height\":339,\"caption\":\"Nexo Informativo Santiago de Quer\u00e9taro\"},\"image\":{\"@id\":\"https:\/\/www.nexoinformativo.mx\/#\/schema\/logo\/image\/\"},\"sameAs\":[\"https:\/\/www.facebook.com\/people\/Nexo-Informativo\/61564066885511\/\"]},{\"@type\":\"Person\",\"@id\":\"https:\/\/www.nexoinformativo.mx\/#\/schema\/person\/7749d380ba08c8ca00d7bc76fd907b7d\",\"name\":\"Nexo Informativo\",\"image\":{\"@type\":\"ImageObject\",\"inLanguage\":\"es\",\"@id\":\"https:\/\/www.nexoinformativo.mx\/#\/schema\/person\/image\/\",\"url\":\"https:\/\/secure.gravatar.com\/avatar\/dde2928154642a13d95f87ddf1ea9718fe2b46760a005c53e41ff5ad610704e6?s=96&d=mm&r=g\",\"contentUrl\":\"https:\/\/secure.gravatar.com\/avatar\/dde2928154642a13d95f87ddf1ea9718fe2b46760a005c53e41ff5ad610704e6?s=96&d=mm&r=g\",\"caption\":\"Nexo Informativo\"},\"url\":\"https:\/\/www.nexoinformativo.mx\/index.php\/author\/edicion\/\"}]}<\/script>\n<!-- \/ Yoast SEO plugin. -->","yoast_head_json":{"title":"\"Contigo estamos mejor\" Luis Nava capacita a promotores de paz para construir un Quer\u00e9taro m\u00e1s armonioso | Nexo Informativo Santiago de Quer\u00e9taro","description":"\"Contigo estamos mejor\" Luis Nava capacita a promotores de paz para construir un Quer\u00e9taro m\u00e1s armonioso","robots":{"index":"index","follow":"follow","max-snippet":"max-snippet:-1","max-image-preview":"max-image-preview:large","max-video-preview":"max-video-preview:-1"},"canonical":"https:\/\/www.nexoinformativo.mx\/index.php\/2025\/05\/05\/contigo-estamos-mejor-luis-nava-capacita-a-promotores-de-paz-para-construir-un-queretaro-mas-armonioso\/","og_locale":"es_MX","og_type":"article","og_title":"\"Contigo estamos mejor\" Luis Nava capacita a promotores de paz para construir un Quer\u00e9taro m\u00e1s armonioso | Nexo Informativo Santiago de Quer\u00e9taro","og_description":"\"Contigo estamos mejor\" Luis Nava capacita a promotores de paz para construir un Quer\u00e9taro m\u00e1s armonioso","og_url":"https:\/\/www.nexoinformativo.mx\/index.php\/2025\/05\/05\/contigo-estamos-mejor-luis-nava-capacita-a-promotores-de-paz-para-construir-un-queretaro-mas-armonioso\/","og_site_name":"Nexo Informativo Santiago de Quer\u00e9taro","article_publisher":"https:\/\/www.facebook.com\/people\/Nexo-Informativo\/61564066885511\/","article_published_time":"2025-05-05T16:00:33+00:00","article_modified_time":"2025-05-05T18:37:00+00:00","og_image":[{"width":800,"height":583,"url":"https:\/\/www.nexoinformativo.mx\/wp-content\/uploads\/2025\/05\/PHOTO-2025-05-05-11-32-22-e1746470169584.jpg","type":"image\/jpeg"}],"author":"Nexo Informativo","twitter_card":"summary_large_image","twitter_misc":{"Escrito por":"Nexo Informativo","Tiempo de lectura":"2 minutos"},"schema":{"@context":"https:\/\/schema.org","@graph":[{"@type":"Article","@id":"https:\/\/www.nexoinformativo.mx\/index.php\/2025\/05\/05\/contigo-estamos-mejor-luis-nava-capacita-a-promotores-de-paz-para-construir-un-queretaro-mas-armonioso\/#article","isPartOf":{"@id":"https:\/\/www.nexoinformativo.mx\/index.php\/2025\/05\/05\/contigo-estamos-mejor-luis-nava-capacita-a-promotores-de-paz-para-construir-un-queretaro-mas-armonioso\/"},"author":{"name":"Nexo Informativo","@id":"https:\/\/www.nexoinformativo.mx\/#\/schema\/person\/7749d380ba08c8ca00d7bc76fd907b7d"},"headline":"&#8220;Contigo estamos mejor&#8221; Luis Nava capacita a promotores de paz para construir un Quer\u00e9taro m\u00e1s armonioso","datePublished":"2025-05-05T16:00:33+00:00","dateModified":"2025-05-05T18:37:00+00:00","mainEntityOfPage":{"@id":"https:\/\/www.nexoinformativo.mx\/index.php\/2025\/05\/05\/contigo-estamos-mejor-luis-nava-capacita-a-promotores-de-paz-para-construir-un-queretaro-mas-armonioso\/"},"wordCount":239,"commentCount":0,"publisher":{"@id":"https:\/\/www.nexoinformativo.mx\/#organization"},"image":{"@id":"https:\/\/www.nexoinformativo.mx\/index.php\/2025\/05\/05\/contigo-estamos-mejor-luis-nava-capacita-a-promotores-de-paz-para-construir-un-queretaro-mas-armonioso\/#primaryimage"},"thumbnailUrl":"https:\/\/www.nexoinformativo.mx\/wp-content\/uploads\/2025\/05\/PHOTO-2025-05-05-11-32-22-e1746470169584.jpg","keywords":["ContigoEstamosMejor","ConvivenciaSocial","LuisNava","PazQuer\u00e9taro"],"articleSection":["Municipios","\u00daltima Hora"],"inLanguage":"es","potentialAction":[{"@type":"CommentAction","name":"Comment","target":["https:\/\/www.nexoinformativo.mx\/index.php\/2025\/05\/05\/contigo-estamos-mejor-luis-nava-capacita-a-promotores-de-paz-para-construir-un-queretaro-mas-armonioso\/#respond"]}]},{"@type":"WebPage","@id":"https:\/\/www.nexoinformativo.mx\/index.php\/2025\/05\/05\/contigo-estamos-mejor-luis-nava-capacita-a-promotores-de-paz-para-construir-un-queretaro-mas-armonioso\/","url":"https:\/\/www.nexoinformativo.mx\/index.php\/2025\/05\/05\/contigo-estamos-mejor-luis-nava-capacita-a-promotores-de-paz-para-construir-un-queretaro-mas-armonioso\/","name":"\"Contigo estamos mejor\" Luis Nava capacita a promotores de paz para construir un Quer\u00e9taro m\u00e1s armonioso | Nexo Informativo Santiago de Quer\u00e9taro","isPartOf":{"@id":"https:\/\/www.nexoinformativo.mx\/#website"},"primaryImageOfPage":{"@id":"https:\/\/www.nexoinformativo.mx\/index.php\/2025\/05\/05\/contigo-estamos-mejor-luis-nava-capacita-a-promotores-de-paz-para-construir-un-queretaro-mas-armonioso\/#primaryimage"},"image":{"@id":"https:\/\/www.nexoinformativo.mx\/index.php\/2025\/05\/05\/contigo-estamos-mejor-luis-nava-capacita-a-promotores-de-paz-para-construir-un-queretaro-mas-armonioso\/#primaryimage"},"thumbnailUrl":"https:\/\/www.nexoinformativo.mx\/wp-content\/uploads\/2025\/05\/PHOTO-2025-05-05-11-32-22-e1746470169584.jpg","datePublished":"2025-05-05T16:00:33+00:00","dateModified":"2025-05-05T18:37:00+00:00","description":"\"Contigo estamos mejor\" Luis Nava capacita a promotores de paz para construir un Quer\u00e9taro m\u00e1s armonioso","breadcrumb":{"@id":"https:\/\/www.nexoinformativo.mx\/index.php\/2025\/05\/05\/contigo-estamos-mejor-luis-nava-capacita-a-promotores-de-paz-para-construir-un-queretaro-mas-armonioso\/#breadcrumb"},"inLanguage":"es","potentialAction":[{"@type":"ReadAction","target":["https:\/\/www.nexoinformativo.mx\/index.php\/2025\/05\/05\/contigo-estamos-mejor-luis-nava-capacita-a-promotores-de-paz-para-construir-un-queretaro-mas-armonioso\/"]}]},{"@type":"ImageObject","inLanguage":"es","@id":"https:\/\/www.nexoinformativo.mx\/index.php\/2025\/05\/05\/contigo-estamos-mejor-luis-nava-capacita-a-promotores-de-paz-para-construir-un-queretaro-mas-armonioso\/#primaryimage","url":"https:\/\/www.nexoinformativo.mx\/wp-content\/uploads\/2025\/05\/PHOTO-2025-05-05-11-32-22-e1746470169584.jpg","contentUrl":"https:\/\/www.nexoinformativo.mx\/wp-content\/uploads\/2025\/05\/PHOTO-2025-05-05-11-32-22-e1746470169584.jpg","width":800,"height":583},{"@type":"BreadcrumbList","@id":"https:\/\/www.nexoinformativo.mx\/index.php\/2025\/05\/05\/contigo-estamos-mejor-luis-nava-capacita-a-promotores-de-paz-para-construir-un-queretaro-mas-armonioso\/#breadcrumb","itemListElement":[{"@type":"ListItem","position":1,"name":"Inicio","item":"https:\/\/www.nexoinformativo.mx\/"},{"@type":"ListItem","position":2,"name":"&#8220;Contigo estamos mejor&#8221; Luis Nava capacita a promotores de paz para construir un Quer\u00e9taro m\u00e1s armonioso"}]},{"@type":"WebSite","@id":"https:\/\/www.nexoinformativo.mx\/#website","url":"https:\/\/www.nexoinformativo.mx\/","name":"Nexo Informativo Santiago de Quer\u00e9taro","description":"Explora NexoInformativo y convi\u00e9rtete en parte de una comunidad que valora el conocimiento y la verdad. Tu nexoinformativo es tu puente hacia una comprensi\u00f3n m\u00e1s profunda del mundo que te rodea.","publisher":{"@id":"https:\/\/www.nexoinformativo.mx\/#organization"},"potentialAction":[{"@type":"SearchAction","target":{"@type":"EntryPoint","urlTemplate":"https:\/\/www.nexoinformativo.mx\/?s={search_term_string}"},"query-input":{"@type":"PropertyValueSpecification","valueRequired":true,"valueName":"search_term_string"}}],"inLanguage":"es"},{"@type":"Organization","@id":"https:\/\/www.nexoinformativo.mx\/#organization","name":"Nexo Informativo Santiago de Quer\u00e9taro","url":"https:\/\/www.nexoinformativo.mx\/","logo":{"@type":"ImageObject","inLanguage":"es","@id":"https:\/\/www.nexoinformativo.mx\/#\/schema\/logo\/image\/","url":"https:\/\/www.nexoinformativo.mx\/wp-content\/uploads\/2024\/07\/nexoi-trasparente-2.png","contentUrl":"https:\/\/www.nexoinformativo.mx\/wp-content\/uploads\/2024\/07\/nexoi-trasparente-2.png","width":816,"height":339,"caption":"Nexo Informativo Santiago de Quer\u00e9taro"},"image":{"@id":"https:\/\/www.nexoinformativo.mx\/#\/schema\/logo\/image\/"},"sameAs":["https:\/\/www.facebook.com\/people\/Nexo-Informativo\/61564066885511\/"]},{"@type":"Person","@id":"https:\/\/www.nexoinformativo.mx\/#\/schema\/person\/7749d380ba08c8ca00d7bc76fd907b7d","name":"Nexo Informativo","image":{"@type":"ImageObject","inLanguage":"es","@id":"https:\/\/www.nexoinformativo.mx\/#\/schema\/person\/image\/","url":"https:\/\/secure.gravatar.com\/avatar\/dde2928154642a13d95f87ddf1ea9718fe2b46760a005c53e41ff5ad610704e6?s=96&d=mm&r=g","contentUrl":"https:\/\/secure.gravatar.com\/avatar\/dde2928154642a13d95f87ddf1ea9718fe2b46760a005c53e41ff5ad610704e6?s=96&d=mm&r=g","caption":"Nexo Informativo"},"url":"https:\/\/www.nexoinformativo.mx\/index.php\/author\/edicion\/"}]}},"_links":{"self":[{"href":"https:\/\/www.nexoinformativo.mx\/index.php\/wp-json\/wp\/v2\/posts\/14714","targetHints":{"allow":["GET"]}}],"collection":[{"href":"https:\/\/www.nexoinformativo.mx\/index.php\/wp-json\/wp\/v2\/posts"}],"about":[{"href":"https:\/\/www.nexoinformativo.mx\/index.php\/wp-json\/wp\/v2\/types\/post"}],"author":[{"embeddable":true,"href":"https:\/\/www.nexoinformativo.mx\/index.php\/wp-json\/wp\/v2\/users\/3"}],"replies":[{"embeddable":true,"href":"https:\/\/www.nexoinformativo.mx\/index.php\/wp-json\/wp\/v2\/comments?post=14714"}],"version-history":[{"count":3,"href":"https:\/\/www.nexoinformativo.mx\/index.php\/wp-json\/wp\/v2\/posts\/14714\/revisions"}],"predecessor-version":[{"id":14718,"href":"https:\/\/www.nexoinformativo.mx\/index.php\/wp-json\/wp\/v2\/posts\/14714\/revisions\/14718"}],"wp:featuredmedia":[{"embeddable":true,"href":"https:\/\/www.nexoinformativo.mx\/index.php\/wp-json\/wp\/v2\/media\/14715"}],"wp:attachment":[{"href":"https:\/\/www.nexoinformativo.mx\/index.php\/wp-json\/wp\/v2\/media?parent=14714"}],"wp:term":[{"taxonomy":"category","embeddable":true,"href":"https:\/\/www.nexoinformativo.mx\/index.php\/wp-json\/wp\/v2\/categories?post=14714"},{"taxonomy":"post_tag","embeddable":true,"href":"https:\/\/www.nexoinformativo.mx\/index.php\/wp-json\/wp\/v2\/tags?post=14714"}],"curies":[{"name":"wp","href":"https:\/\/api.w.org\/{rel}","templated":true}]}}