{"id":14750,"date":"2025-05-06T06:00:57","date_gmt":"2025-05-06T12:00:57","guid":{"rendered":"https:\/\/www.nexoinformativo.mx\/?p=14750"},"modified":"2025-05-06T08:31:11","modified_gmt":"2025-05-06T14:31:11","slug":"sheinbaum-presenta-plan-mexico-estrategia-para-fortalecer-la-economia-impulsar-el-empleo-y-beneficiar-a-las-familias","status":"publish","type":"post","link":"https:\/\/www.nexoinformativo.mx\/index.php\/2025\/05\/06\/sheinbaum-presenta-plan-mexico-estrategia-para-fortalecer-la-economia-impulsar-el-empleo-y-beneficiar-a-las-familias\/","title":{"rendered":"Sheinbaum presenta Plan M\u00e9xico estrategia para fortalecer la econom\u00eda impulsar el empleo y beneficiar a las familias"},"content":{"rendered":"<p style=\"text-align: justify;\" data-sourcepos=\"3:1-3:510\">El Gobierno de M\u00e9xico, bajo el liderazgo de la Presidenta Claudia Sheinbaum, present\u00f3 el <strong>&#8220;Plan M\u00e9xico&#8221;<\/strong>, una estrategia integral dise\u00f1ada para fortalecer la industria nacional y garantizar el bienestar de las familias mexicanas.<\/p>\n<p>&nbsp;<\/p>\n<p style=\"text-align: justify;\" data-sourcepos=\"3:1-3:510\">Este plan, que involucra a las Secretar\u00edas de Econom\u00eda, Energ\u00eda y Hacienda y Cr\u00e9dito P\u00fablico, establece medidas concretas para los sectores del acero, textil y otros productos, as\u00ed como para la Comisi\u00f3n Federal de Electricidad (CFE).<\/p>\n<p>&nbsp;<\/p>\n<p style=\"text-align: justify;\" data-sourcepos=\"3:1-3:510\">La Presidenta destac\u00f3 que estas acciones son el resultado de un di\u00e1logo constante con los diversos sectores productivos del pa\u00eds, con el objetivo de impulsar la producci\u00f3n nacional y mejorar la calidad de vida de los mexicanos.<\/p>\n<p>&nbsp;<\/p>\n<p style=\"text-align: justify;\" data-sourcepos=\"3:1-3:510\">&#8220;Hay un trabajo permanente de todo el Gabinete, y particularmente el Gabinete Econ\u00f3mico para fortalecer la econom\u00eda nacional y que no solamente haya crecimiento, porque el crecimiento del PIB es una variable, a nosotros nos interesan las variables que tienen que ver con el bienestar de las y los mexicanos&#8221;, afirm\u00f3.<\/p>\n<p>&nbsp;<\/p>\n<p style=\"text-align: justify;\" data-sourcepos=\"7:1-7:619\">El secretario de Econom\u00eda, Marcelo Ebrard, inform\u00f3 sobre la cancelaci\u00f3n de mil 62 molinos de acero del Registro para Importadores de Productos Sider\u00fargicos, medida que busca evitar la importaci\u00f3n de acero con registros ap\u00f3crifos y garantizar un comercio justo para los productores nacionales.<\/p>\n<p>&nbsp;<\/p>\n<p data-sourcepos=\"7:1-7:619\"><span style=\"text-align: justify;\">La secretaria de Energ\u00eda, Luz Elena Gonz\u00e1lez anunci\u00f3 el objetivo de incrementar el contenido nacional en los proyectos de inversi\u00f3n de la CFE, alcanzando un 35 por ciento en generaci\u00f3n y entre el 50 y 60 por ciento en transmisi\u00f3n y distribuci\u00f3n para el a\u00f1o 2030.<\/span><\/p>\n<p>&nbsp;<\/p>\n<p style=\"text-align: justify;\" data-sourcepos=\"11:1-11:443\">Por su parte, el secretario de Hacienda y Cr\u00e9dito P\u00fablico, Edgar Amador Zamora, present\u00f3 la Estrategia para potenciar el crecimiento econ\u00f3mico y el empleo, que incluye el aumento del 10% en compras gubernamentales, la sustituci\u00f3n del 10% de importaciones manufactureras y el fortalecimiento de proveedores nacionales.<\/p>\n<p>&nbsp;<\/p>\n<p style=\"text-align: justify;\" data-sourcepos=\"11:1-11:443\">Se estima que estas medidas generar\u00e1n un impacto positivo en el PIB y la creaci\u00f3n de empleo.<\/p>\n<p>&nbsp;<\/p>\n<p style=\"text-align: center;\" data-sourcepos=\"11:1-11:443\"><em><strong>\u00a1Informaci\u00f3n que transforma!<\/strong><\/em><\/p>\n","protected":false},"excerpt":{"rendered":"<p>El Gobierno de M\u00e9xico, bajo el liderazgo de la Presidenta Claudia Sheinbaum, present\u00f3 el &#8220;Plan M\u00e9xico&#8221;, una estrategia integral dise\u00f1ada para fortalecer la industria nacional y garantizar el bienestar de las familias mexicanas.<\/p>\n","protected":false},"author":3,"featured_media":14751,"comment_status":"open","ping_status":"open","sticky":false,"template":"","format":"standard","meta":{"footnotes":""},"categories":[5,88,58],"tags":[1455,3410,3100,1256],"class_list":["post-14750","post","type-post","status-publish","format-standard","has-post-thumbnail","hentry","category-economia","category-nacional","category-ultima-hora","tag-economiamx","tag-industrianacional","tag-planmexico","tag-sheinbaum"],"yoast_head":"<!-- This site is optimized with the Yoast SEO plugin v25.0 - https:\/\/yoast.com\/wordpress\/plugins\/seo\/ -->\n<title>Sheinbaum presenta Plan M\u00e9xico estrategia para fortalecer la econom\u00eda impulsar el empleo y beneficiar a las familias | Nexo Informativo Santiago de Quer\u00e9taro<\/title>\n<meta name=\"description\" content=\"Sheinbaum presenta Plan M\u00e9xico estrategia para fortalecer la econom\u00eda, impulsar el empleo y beneficiar a las familias\" \/>\n<meta name=\"robots\" content=\"index, follow, max-snippet:-1, max-image-preview:large, max-video-preview:-1\" \/>\n<link rel=\"canonical\" href=\"https:\/\/www.nexoinformativo.mx\/index.php\/2025\/05\/06\/sheinbaum-presenta-plan-mexico-estrategia-para-fortalecer-la-economia-impulsar-el-empleo-y-beneficiar-a-las-familias\/\" \/>\n<meta property=\"og:locale\" content=\"es_MX\" \/>\n<meta property=\"og:type\" content=\"article\" \/>\n<meta property=\"og:title\" content=\"Sheinbaum presenta Plan M\u00e9xico estrategia para fortalecer la econom\u00eda impulsar el empleo y beneficiar a las familias | Nexo Informativo Santiago de Quer\u00e9taro\" \/>\n<meta property=\"og:description\" content=\"Sheinbaum presenta Plan M\u00e9xico estrategia para fortalecer la econom\u00eda, impulsar el empleo y beneficiar a las familias\" \/>\n<meta property=\"og:url\" content=\"https:\/\/www.nexoinformativo.mx\/index.php\/2025\/05\/06\/sheinbaum-presenta-plan-mexico-estrategia-para-fortalecer-la-economia-impulsar-el-empleo-y-beneficiar-a-las-familias\/\" \/>\n<meta property=\"og:site_name\" content=\"Nexo Informativo Santiago de Quer\u00e9taro\" \/>\n<meta property=\"article:publisher\" content=\"https:\/\/www.facebook.com\/people\/Nexo-Informativo\/61564066885511\/\" \/>\n<meta property=\"article:published_time\" content=\"2025-05-06T12:00:57+00:00\" \/>\n<meta property=\"article:modified_time\" content=\"2025-05-06T14:31:11+00:00\" \/>\n<meta property=\"og:image\" content=\"https:\/\/www.nexoinformativo.mx\/wp-content\/uploads\/2025\/05\/IMG_2831.jpg\" \/>\n\t<meta property=\"og:image:width\" content=\"650\" \/>\n\t<meta property=\"og:image:height\" content=\"380\" \/>\n\t<meta property=\"og:image:type\" content=\"image\/jpeg\" \/>\n<meta name=\"author\" content=\"Nexo Informativo\" \/>\n<meta name=\"twitter:card\" content=\"summary_large_image\" \/>\n<meta name=\"twitter:label1\" content=\"Escrito por\" \/>\n\t<meta name=\"twitter:data1\" content=\"Nexo Informativo\" \/>\n\t<meta name=\"twitter:label2\" content=\"Tiempo de lectura\" \/>\n\t<meta name=\"twitter:data2\" content=\"2 minutos\" \/>\n<script type=\"application\/ld+json\" class=\"yoast-schema-graph\">{\"@context\":\"https:\/\/schema.org\",\"@graph\":[{\"@type\":\"Article\",\"@id\":\"https:\/\/www.nexoinformativo.mx\/index.php\/2025\/05\/06\/sheinbaum-presenta-plan-mexico-estrategia-para-fortalecer-la-economia-impulsar-el-empleo-y-beneficiar-a-las-familias\/#article\",\"isPartOf\":{\"@id\":\"https:\/\/www.nexoinformativo.mx\/index.php\/2025\/05\/06\/sheinbaum-presenta-plan-mexico-estrategia-para-fortalecer-la-economia-impulsar-el-empleo-y-beneficiar-a-las-familias\/\"},\"author\":{\"name\":\"Nexo Informativo\",\"@id\":\"https:\/\/www.nexoinformativo.mx\/#\/schema\/person\/7749d380ba08c8ca00d7bc76fd907b7d\"},\"headline\":\"Sheinbaum presenta Plan M\u00e9xico estrategia para fortalecer la econom\u00eda impulsar el empleo y beneficiar a las familias\",\"datePublished\":\"2025-05-06T12:00:57+00:00\",\"dateModified\":\"2025-05-06T14:31:11+00:00\",\"mainEntityOfPage\":{\"@id\":\"https:\/\/www.nexoinformativo.mx\/index.php\/2025\/05\/06\/sheinbaum-presenta-plan-mexico-estrategia-para-fortalecer-la-economia-impulsar-el-empleo-y-beneficiar-a-las-familias\/\"},\"wordCount\":365,\"commentCount\":0,\"publisher\":{\"@id\":\"https:\/\/www.nexoinformativo.mx\/#organization\"},\"image\":{\"@id\":\"https:\/\/www.nexoinformativo.mx\/index.php\/2025\/05\/06\/sheinbaum-presenta-plan-mexico-estrategia-para-fortalecer-la-economia-impulsar-el-empleo-y-beneficiar-a-las-familias\/#primaryimage\"},\"thumbnailUrl\":\"https:\/\/www.nexoinformativo.mx\/wp-content\/uploads\/2025\/05\/IMG_2831.jpg\",\"keywords\":[\"Econom\u00edaMX\",\"IndustriaNacional\",\"PlanM\u00e9xico\",\"Sheinbaum\"],\"articleSection\":[\"Econom\u00eda\",\"Nacional\",\"\u00daltima Hora\"],\"inLanguage\":\"es\",\"potentialAction\":[{\"@type\":\"CommentAction\",\"name\":\"Comment\",\"target\":[\"https:\/\/www.nexoinformativo.mx\/index.php\/2025\/05\/06\/sheinbaum-presenta-plan-mexico-estrategia-para-fortalecer-la-economia-impulsar-el-empleo-y-beneficiar-a-las-familias\/#respond\"]}]},{\"@type\":\"WebPage\",\"@id\":\"https:\/\/www.nexoinformativo.mx\/index.php\/2025\/05\/06\/sheinbaum-presenta-plan-mexico-estrategia-para-fortalecer-la-economia-impulsar-el-empleo-y-beneficiar-a-las-familias\/\",\"url\":\"https:\/\/www.nexoinformativo.mx\/index.php\/2025\/05\/06\/sheinbaum-presenta-plan-mexico-estrategia-para-fortalecer-la-economia-impulsar-el-empleo-y-beneficiar-a-las-familias\/\",\"name\":\"Sheinbaum presenta Plan M\u00e9xico estrategia para fortalecer la econom\u00eda impulsar el empleo y beneficiar a las familias | Nexo Informativo Santiago de Quer\u00e9taro\",\"isPartOf\":{\"@id\":\"https:\/\/www.nexoinformativo.mx\/#website\"},\"primaryImageOfPage\":{\"@id\":\"https:\/\/www.nexoinformativo.mx\/index.php\/2025\/05\/06\/sheinbaum-presenta-plan-mexico-estrategia-para-fortalecer-la-economia-impulsar-el-empleo-y-beneficiar-a-las-familias\/#primaryimage\"},\"image\":{\"@id\":\"https:\/\/www.nexoinformativo.mx\/index.php\/2025\/05\/06\/sheinbaum-presenta-plan-mexico-estrategia-para-fortalecer-la-economia-impulsar-el-empleo-y-beneficiar-a-las-familias\/#primaryimage\"},\"thumbnailUrl\":\"https:\/\/www.nexoinformativo.mx\/wp-content\/uploads\/2025\/05\/IMG_2831.jpg\",\"datePublished\":\"2025-05-06T12:00:57+00:00\",\"dateModified\":\"2025-05-06T14:31:11+00:00\",\"description\":\"Sheinbaum presenta Plan M\u00e9xico estrategia para fortalecer la econom\u00eda, impulsar el empleo y beneficiar a las familias\",\"breadcrumb\":{\"@id\":\"https:\/\/www.nexoinformativo.mx\/index.php\/2025\/05\/06\/sheinbaum-presenta-plan-mexico-estrategia-para-fortalecer-la-economia-impulsar-el-empleo-y-beneficiar-a-las-familias\/#breadcrumb\"},\"inLanguage\":\"es\",\"potentialAction\":[{\"@type\":\"ReadAction\",\"target\":[\"https:\/\/www.nexoinformativo.mx\/index.php\/2025\/05\/06\/sheinbaum-presenta-plan-mexico-estrategia-para-fortalecer-la-economia-impulsar-el-empleo-y-beneficiar-a-las-familias\/\"]}]},{\"@type\":\"ImageObject\",\"inLanguage\":\"es\",\"@id\":\"https:\/\/www.nexoinformativo.mx\/index.php\/2025\/05\/06\/sheinbaum-presenta-plan-mexico-estrategia-para-fortalecer-la-economia-impulsar-el-empleo-y-beneficiar-a-las-familias\/#primaryimage\",\"url\":\"https:\/\/www.nexoinformativo.mx\/wp-content\/uploads\/2025\/05\/IMG_2831.jpg\",\"contentUrl\":\"https:\/\/www.nexoinformativo.mx\/wp-content\/uploads\/2025\/05\/IMG_2831.jpg\",\"width\":650,\"height\":380,\"caption\":\"Cuauht\u00e9moc, Ciudad de M\u00e9xico. 05 de mayo 2025. La presidenta constitucional de los Estados Unidos Mexicanos, la Doctora Claudia Sheinbaum Pardo en conferencia de prensa matutina en el sal\u00f3n de la Tesorer\u00eda de Palacio Nacional. Acompa\u00f1an a la presidenta: Iv\u00e1n Escalante, Procurador Federal del Consumidor; Marcelo Ebrard Casub\u00f3n, secretario de Econom\u00eda; Luz Elena Gonz\u00e1lez Escobar, secretaria de Energ\u00eda; Edgar Amador, secretario de Hacienda y Diana Aurora Correa, subdirectora de Dise\u00f1o Digital y Medios Sociales en la Unidad de Memoria Hist\u00f3rica. Foto: Gabriel Monroy\/Presidencia\"},{\"@type\":\"BreadcrumbList\",\"@id\":\"https:\/\/www.nexoinformativo.mx\/index.php\/2025\/05\/06\/sheinbaum-presenta-plan-mexico-estrategia-para-fortalecer-la-economia-impulsar-el-empleo-y-beneficiar-a-las-familias\/#breadcrumb\",\"itemListElement\":[{\"@type\":\"ListItem\",\"position\":1,\"name\":\"Inicio\",\"item\":\"https:\/\/www.nexoinformativo.mx\/\"},{\"@type\":\"ListItem\",\"position\":2,\"name\":\"Sheinbaum presenta Plan M\u00e9xico estrategia para fortalecer la econom\u00eda impulsar el empleo y beneficiar a las familias\"}]},{\"@type\":\"WebSite\",\"@id\":\"https:\/\/www.nexoinformativo.mx\/#website\",\"url\":\"https:\/\/www.nexoinformativo.mx\/\",\"name\":\"Nexo Informativo Santiago de Quer\u00e9taro\",\"description\":\"Explora NexoInformativo y convi\u00e9rtete en parte de una comunidad que valora el conocimiento y la verdad. Tu nexoinformativo es tu puente hacia una comprensi\u00f3n m\u00e1s profunda del mundo que te rodea.\",\"publisher\":{\"@id\":\"https:\/\/www.nexoinformativo.mx\/#organization\"},\"potentialAction\":[{\"@type\":\"SearchAction\",\"target\":{\"@type\":\"EntryPoint\",\"urlTemplate\":\"https:\/\/www.nexoinformativo.mx\/?s={search_term_string}\"},\"query-input\":{\"@type\":\"PropertyValueSpecification\",\"valueRequired\":true,\"valueName\":\"search_term_string\"}}],\"inLanguage\":\"es\"},{\"@type\":\"Organization\",\"@id\":\"https:\/\/www.nexoinformativo.mx\/#organization\",\"name\":\"Nexo Informativo Santiago de Quer\u00e9taro\",\"url\":\"https:\/\/www.nexoinformativo.mx\/\",\"logo\":{\"@type\":\"ImageObject\",\"inLanguage\":\"es\",\"@id\":\"https:\/\/www.nexoinformativo.mx\/#\/schema\/logo\/image\/\",\"url\":\"https:\/\/www.nexoinformativo.mx\/wp-content\/uploads\/2024\/07\/nexoi-trasparente-2.png\",\"contentUrl\":\"https:\/\/www.nexoinformativo.mx\/wp-content\/uploads\/2024\/07\/nexoi-trasparente-2.png\",\"width\":816,\"height\":339,\"caption\":\"Nexo Informativo Santiago de Quer\u00e9taro\"},\"image\":{\"@id\":\"https:\/\/www.nexoinformativo.mx\/#\/schema\/logo\/image\/\"},\"sameAs\":[\"https:\/\/www.facebook.com\/people\/Nexo-Informativo\/61564066885511\/\"]},{\"@type\":\"Person\",\"@id\":\"https:\/\/www.nexoinformativo.mx\/#\/schema\/person\/7749d380ba08c8ca00d7bc76fd907b7d\",\"name\":\"Nexo Informativo\",\"image\":{\"@type\":\"ImageObject\",\"inLanguage\":\"es\",\"@id\":\"https:\/\/www.nexoinformativo.mx\/#\/schema\/person\/image\/\",\"url\":\"https:\/\/secure.gravatar.com\/avatar\/dde2928154642a13d95f87ddf1ea9718fe2b46760a005c53e41ff5ad610704e6?s=96&d=mm&r=g\",\"contentUrl\":\"https:\/\/secure.gravatar.com\/avatar\/dde2928154642a13d95f87ddf1ea9718fe2b46760a005c53e41ff5ad610704e6?s=96&d=mm&r=g\",\"caption\":\"Nexo Informativo\"},\"url\":\"https:\/\/www.nexoinformativo.mx\/index.php\/author\/edicion\/\"}]}<\/script>\n<!-- \/ Yoast SEO plugin. -->","yoast_head_json":{"title":"Sheinbaum presenta Plan M\u00e9xico estrategia para fortalecer la econom\u00eda impulsar el empleo y beneficiar a las familias | Nexo Informativo Santiago de Quer\u00e9taro","description":"Sheinbaum presenta Plan M\u00e9xico estrategia para fortalecer la econom\u00eda, impulsar el empleo y beneficiar a las familias","robots":{"index":"index","follow":"follow","max-snippet":"max-snippet:-1","max-image-preview":"max-image-preview:large","max-video-preview":"max-video-preview:-1"},"canonical":"https:\/\/www.nexoinformativo.mx\/index.php\/2025\/05\/06\/sheinbaum-presenta-plan-mexico-estrategia-para-fortalecer-la-economia-impulsar-el-empleo-y-beneficiar-a-las-familias\/","og_locale":"es_MX","og_type":"article","og_title":"Sheinbaum presenta Plan M\u00e9xico estrategia para fortalecer la econom\u00eda impulsar el empleo y beneficiar a las familias | Nexo Informativo Santiago de Quer\u00e9taro","og_description":"Sheinbaum presenta Plan M\u00e9xico estrategia para fortalecer la econom\u00eda, impulsar el empleo y beneficiar a las familias","og_url":"https:\/\/www.nexoinformativo.mx\/index.php\/2025\/05\/06\/sheinbaum-presenta-plan-mexico-estrategia-para-fortalecer-la-economia-impulsar-el-empleo-y-beneficiar-a-las-familias\/","og_site_name":"Nexo Informativo Santiago de Quer\u00e9taro","article_publisher":"https:\/\/www.facebook.com\/people\/Nexo-Informativo\/61564066885511\/","article_published_time":"2025-05-06T12:00:57+00:00","article_modified_time":"2025-05-06T14:31:11+00:00","og_image":[{"width":650,"height":380,"url":"https:\/\/www.nexoinformativo.mx\/wp-content\/uploads\/2025\/05\/IMG_2831.jpg","type":"image\/jpeg"}],"author":"Nexo Informativo","twitter_card":"summary_large_image","twitter_misc":{"Escrito por":"Nexo Informativo","Tiempo de lectura":"2 minutos"},"schema":{"@context":"https:\/\/schema.org","@graph":[{"@type":"Article","@id":"https:\/\/www.nexoinformativo.mx\/index.php\/2025\/05\/06\/sheinbaum-presenta-plan-mexico-estrategia-para-fortalecer-la-economia-impulsar-el-empleo-y-beneficiar-a-las-familias\/#article","isPartOf":{"@id":"https:\/\/www.nexoinformativo.mx\/index.php\/2025\/05\/06\/sheinbaum-presenta-plan-mexico-estrategia-para-fortalecer-la-economia-impulsar-el-empleo-y-beneficiar-a-las-familias\/"},"author":{"name":"Nexo Informativo","@id":"https:\/\/www.nexoinformativo.mx\/#\/schema\/person\/7749d380ba08c8ca00d7bc76fd907b7d"},"headline":"Sheinbaum presenta Plan M\u00e9xico estrategia para fortalecer la econom\u00eda impulsar el empleo y beneficiar a las familias","datePublished":"2025-05-06T12:00:57+00:00","dateModified":"2025-05-06T14:31:11+00:00","mainEntityOfPage":{"@id":"https:\/\/www.nexoinformativo.mx\/index.php\/2025\/05\/06\/sheinbaum-presenta-plan-mexico-estrategia-para-fortalecer-la-economia-impulsar-el-empleo-y-beneficiar-a-las-familias\/"},"wordCount":365,"commentCount":0,"publisher":{"@id":"https:\/\/www.nexoinformativo.mx\/#organization"},"image":{"@id":"https:\/\/www.nexoinformativo.mx\/index.php\/2025\/05\/06\/sheinbaum-presenta-plan-mexico-estrategia-para-fortalecer-la-economia-impulsar-el-empleo-y-beneficiar-a-las-familias\/#primaryimage"},"thumbnailUrl":"https:\/\/www.nexoinformativo.mx\/wp-content\/uploads\/2025\/05\/IMG_2831.jpg","keywords":["Econom\u00edaMX","IndustriaNacional","PlanM\u00e9xico","Sheinbaum"],"articleSection":["Econom\u00eda","Nacional","\u00daltima Hora"],"inLanguage":"es","potentialAction":[{"@type":"CommentAction","name":"Comment","target":["https:\/\/www.nexoinformativo.mx\/index.php\/2025\/05\/06\/sheinbaum-presenta-plan-mexico-estrategia-para-fortalecer-la-economia-impulsar-el-empleo-y-beneficiar-a-las-familias\/#respond"]}]},{"@type":"WebPage","@id":"https:\/\/www.nexoinformativo.mx\/index.php\/2025\/05\/06\/sheinbaum-presenta-plan-mexico-estrategia-para-fortalecer-la-economia-impulsar-el-empleo-y-beneficiar-a-las-familias\/","url":"https:\/\/www.nexoinformativo.mx\/index.php\/2025\/05\/06\/sheinbaum-presenta-plan-mexico-estrategia-para-fortalecer-la-economia-impulsar-el-empleo-y-beneficiar-a-las-familias\/","name":"Sheinbaum presenta Plan M\u00e9xico estrategia para fortalecer la econom\u00eda impulsar el empleo y beneficiar a las familias | Nexo Informativo Santiago de Quer\u00e9taro","isPartOf":{"@id":"https:\/\/www.nexoinformativo.mx\/#website"},"primaryImageOfPage":{"@id":"https:\/\/www.nexoinformativo.mx\/index.php\/2025\/05\/06\/sheinbaum-presenta-plan-mexico-estrategia-para-fortalecer-la-economia-impulsar-el-empleo-y-beneficiar-a-las-familias\/#primaryimage"},"image":{"@id":"https:\/\/www.nexoinformativo.mx\/index.php\/2025\/05\/06\/sheinbaum-presenta-plan-mexico-estrategia-para-fortalecer-la-economia-impulsar-el-empleo-y-beneficiar-a-las-familias\/#primaryimage"},"thumbnailUrl":"https:\/\/www.nexoinformativo.mx\/wp-content\/uploads\/2025\/05\/IMG_2831.jpg","datePublished":"2025-05-06T12:00:57+00:00","dateModified":"2025-05-06T14:31:11+00:00","description":"Sheinbaum presenta Plan M\u00e9xico estrategia para fortalecer la econom\u00eda, impulsar el empleo y beneficiar a las familias","breadcrumb":{"@id":"https:\/\/www.nexoinformativo.mx\/index.php\/2025\/05\/06\/sheinbaum-presenta-plan-mexico-estrategia-para-fortalecer-la-economia-impulsar-el-empleo-y-beneficiar-a-las-familias\/#breadcrumb"},"inLanguage":"es","potentialAction":[{"@type":"ReadAction","target":["https:\/\/www.nexoinformativo.mx\/index.php\/2025\/05\/06\/sheinbaum-presenta-plan-mexico-estrategia-para-fortalecer-la-economia-impulsar-el-empleo-y-beneficiar-a-las-familias\/"]}]},{"@type":"ImageObject","inLanguage":"es","@id":"https:\/\/www.nexoinformativo.mx\/index.php\/2025\/05\/06\/sheinbaum-presenta-plan-mexico-estrategia-para-fortalecer-la-economia-impulsar-el-empleo-y-beneficiar-a-las-familias\/#primaryimage","url":"https:\/\/www.nexoinformativo.mx\/wp-content\/uploads\/2025\/05\/IMG_2831.jpg","contentUrl":"https:\/\/www.nexoinformativo.mx\/wp-content\/uploads\/2025\/05\/IMG_2831.jpg","width":650,"height":380,"caption":"Cuauht\u00e9moc, Ciudad de M\u00e9xico. 05 de mayo 2025. La presidenta constitucional de los Estados Unidos Mexicanos, la Doctora Claudia Sheinbaum Pardo en conferencia de prensa matutina en el sal\u00f3n de la Tesorer\u00eda de Palacio Nacional. Acompa\u00f1an a la presidenta: Iv\u00e1n Escalante, Procurador Federal del Consumidor; Marcelo Ebrard Casub\u00f3n, secretario de Econom\u00eda; Luz Elena Gonz\u00e1lez Escobar, secretaria de Energ\u00eda; Edgar Amador, secretario de Hacienda y Diana Aurora Correa, subdirectora de Dise\u00f1o Digital y Medios Sociales en la Unidad de Memoria Hist\u00f3rica. Foto: Gabriel Monroy\/Presidencia"},{"@type":"BreadcrumbList","@id":"https:\/\/www.nexoinformativo.mx\/index.php\/2025\/05\/06\/sheinbaum-presenta-plan-mexico-estrategia-para-fortalecer-la-economia-impulsar-el-empleo-y-beneficiar-a-las-familias\/#breadcrumb","itemListElement":[{"@type":"ListItem","position":1,"name":"Inicio","item":"https:\/\/www.nexoinformativo.mx\/"},{"@type":"ListItem","position":2,"name":"Sheinbaum presenta Plan M\u00e9xico estrategia para fortalecer la econom\u00eda impulsar el empleo y beneficiar a las familias"}]},{"@type":"WebSite","@id":"https:\/\/www.nexoinformativo.mx\/#website","url":"https:\/\/www.nexoinformativo.mx\/","name":"Nexo Informativo Santiago de Quer\u00e9taro","description":"Explora NexoInformativo y convi\u00e9rtete en parte de una comunidad que valora el conocimiento y la verdad. Tu nexoinformativo es tu puente hacia una comprensi\u00f3n m\u00e1s profunda del mundo que te rodea.","publisher":{"@id":"https:\/\/www.nexoinformativo.mx\/#organization"},"potentialAction":[{"@type":"SearchAction","target":{"@type":"EntryPoint","urlTemplate":"https:\/\/www.nexoinformativo.mx\/?s={search_term_string}"},"query-input":{"@type":"PropertyValueSpecification","valueRequired":true,"valueName":"search_term_string"}}],"inLanguage":"es"},{"@type":"Organization","@id":"https:\/\/www.nexoinformativo.mx\/#organization","name":"Nexo Informativo Santiago de Quer\u00e9taro","url":"https:\/\/www.nexoinformativo.mx\/","logo":{"@type":"ImageObject","inLanguage":"es","@id":"https:\/\/www.nexoinformativo.mx\/#\/schema\/logo\/image\/","url":"https:\/\/www.nexoinformativo.mx\/wp-content\/uploads\/2024\/07\/nexoi-trasparente-2.png","contentUrl":"https:\/\/www.nexoinformativo.mx\/wp-content\/uploads\/2024\/07\/nexoi-trasparente-2.png","width":816,"height":339,"caption":"Nexo Informativo Santiago de Quer\u00e9taro"},"image":{"@id":"https:\/\/www.nexoinformativo.mx\/#\/schema\/logo\/image\/"},"sameAs":["https:\/\/www.facebook.com\/people\/Nexo-Informativo\/61564066885511\/"]},{"@type":"Person","@id":"https:\/\/www.nexoinformativo.mx\/#\/schema\/person\/7749d380ba08c8ca00d7bc76fd907b7d","name":"Nexo Informativo","image":{"@type":"ImageObject","inLanguage":"es","@id":"https:\/\/www.nexoinformativo.mx\/#\/schema\/person\/image\/","url":"https:\/\/secure.gravatar.com\/avatar\/dde2928154642a13d95f87ddf1ea9718fe2b46760a005c53e41ff5ad610704e6?s=96&d=mm&r=g","contentUrl":"https:\/\/secure.gravatar.com\/avatar\/dde2928154642a13d95f87ddf1ea9718fe2b46760a005c53e41ff5ad610704e6?s=96&d=mm&r=g","caption":"Nexo Informativo"},"url":"https:\/\/www.nexoinformativo.mx\/index.php\/author\/edicion\/"}]}},"_links":{"self":[{"href":"https:\/\/www.nexoinformativo.mx\/index.php\/wp-json\/wp\/v2\/posts\/14750","targetHints":{"allow":["GET"]}}],"collection":[{"href":"https:\/\/www.nexoinformativo.mx\/index.php\/wp-json\/wp\/v2\/posts"}],"about":[{"href":"https:\/\/www.nexoinformativo.mx\/index.php\/wp-json\/wp\/v2\/types\/post"}],"author":[{"embeddable":true,"href":"https:\/\/www.nexoinformativo.mx\/index.php\/wp-json\/wp\/v2\/users\/3"}],"replies":[{"embeddable":true,"href":"https:\/\/www.nexoinformativo.mx\/index.php\/wp-json\/wp\/v2\/comments?post=14750"}],"version-history":[{"count":4,"href":"https:\/\/www.nexoinformativo.mx\/index.php\/wp-json\/wp\/v2\/posts\/14750\/revisions"}],"predecessor-version":[{"id":14754,"href":"https:\/\/www.nexoinformativo.mx\/index.php\/wp-json\/wp\/v2\/posts\/14750\/revisions\/14754"}],"wp:featuredmedia":[{"embeddable":true,"href":"https:\/\/www.nexoinformativo.mx\/index.php\/wp-json\/wp\/v2\/media\/14751"}],"wp:attachment":[{"href":"https:\/\/www.nexoinformativo.mx\/index.php\/wp-json\/wp\/v2\/media?parent=14750"}],"wp:term":[{"taxonomy":"category","embeddable":true,"href":"https:\/\/www.nexoinformativo.mx\/index.php\/wp-json\/wp\/v2\/categories?post=14750"},{"taxonomy":"post_tag","embeddable":true,"href":"https:\/\/www.nexoinformativo.mx\/index.php\/wp-json\/wp\/v2\/tags?post=14750"}],"curies":[{"name":"wp","href":"https:\/\/api.w.org\/{rel}","templated":true}]}}