{"id":14756,"date":"2025-05-06T06:30:21","date_gmt":"2025-05-06T12:30:21","guid":{"rendered":"https:\/\/www.nexoinformativo.mx\/?p=14756"},"modified":"2025-05-06T08:38:26","modified_gmt":"2025-05-06T14:38:26","slug":"tu-cedula-profesional-en-un-clic-sep-digitaliza-el-tramite-para-todo-mexico-olvidate-de-las-filas","status":"publish","type":"post","link":"https:\/\/www.nexoinformativo.mx\/index.php\/2025\/05\/06\/tu-cedula-profesional-en-un-clic-sep-digitaliza-el-tramite-para-todo-mexico-olvidate-de-las-filas\/","title":{"rendered":"Tu C\u00e9dula Profesional en un clic SEP digitaliza el tr\u00e1mite para todo M\u00e9xico olv\u00eddate de las filas"},"content":{"rendered":"<p style=\"text-align: justify;\" data-sourcepos=\"3:1-3:539\">\u00a1Obtener tu c\u00e9dula profesional nunca fue tan f\u00e1cil! La Direcci\u00f3n General de Profesiones (DGP) de la SEP ha digitalizado por completo el tr\u00e1mite, permitiendo a egresados de todo el pa\u00eds solicitar su c\u00e9dula profesional a trav\u00e9s de internet en el sitio<strong> www.gob.mx\/cedulaprofesional<\/strong>.<\/p>\n<\/p>\n<p>&nbsp;<\/p>\n<p style=\"text-align: justify;\" data-sourcepos=\"3:1-3:539\">Esta acci\u00f3n, impulsada por la estrategia de digitalizaci\u00f3n nacional y el Plan de Desarrollo de la Presidenta Claudia Sheinbaum, elimina la necesidad de tr\u00e1mites presenciales, aunque las c\u00e9dulas f\u00edsicas mantienen su validez.<\/p>\n<\/p>\n<p>&nbsp;<\/p>\n<p style=\"text-align: justify;\" data-sourcepos=\"5:1-5:385\">Ahora, con tan solo tu Clave \u00danica de Registro de Poblaci\u00f3n (CURP), la firma electr\u00f3nica avanzada del SAT y una tarjeta bancaria para el pago, podr\u00e1s realizar todo el proceso desde la comodidad de tu hogar.<\/p>\n<\/p>\n<p>&nbsp;<\/p>\n<p style=\"text-align: justify;\" data-sourcepos=\"5:1-5:385\">La simplificaci\u00f3n del tr\u00e1mite est\u00e1 disponible para egresados de profesional t\u00e9cnico, licenciatura y posgrado de instituciones p\u00fablicas y privadas de las 32 entidades federativas.<\/p>\n<\/p>\n<p>&nbsp;<\/p>\n<p style=\"text-align: justify;\" data-sourcepos=\"7:1-7:428\">Una vez completado el tr\u00e1mite, recibir\u00e1s tu c\u00e9dula profesional en formato digital directamente en tu correo electr\u00f3nico, sum\u00e1ndose a otros documentos oficiales que ya se gestionan de manera electr\u00f3nica.<\/p>\n<\/p>\n<p>&nbsp;<\/p>\n<p style=\"text-align: justify;\" data-sourcepos=\"7:1-7:428\">La SEP aclara que las c\u00e9dulas profesionales en formato credencial siguen siendo v\u00e1lidas, y este nuevo procedimiento en l\u00ednea facilita la obtenci\u00f3n de la versi\u00f3n digital en caso de extrav\u00edo o por preferencia del profesionista.<\/p>\n<\/p>\n<p>&nbsp;<\/p>\n<p style=\"text-align: justify;\" data-sourcepos=\"9:1-9:436\">La DGP proyecta registrar un mill\u00f3n de t\u00edtulos profesionales y emitir m\u00e1s de 800 mil c\u00e9dulas profesionales digitales a nivel nacional durante este 2025.<\/p>\n<\/p>\n<p>&nbsp;<\/p>\n<p style=\"text-align: justify;\" data-sourcepos=\"9:1-9:436\">Para aquellos que obtuvieron su t\u00edtulo antes de 2018, deber\u00e1n solicitar a su universidad el registro electr\u00f3nico del mismo para poder tramitar su c\u00e9dula en l\u00ednea, o bien, solicitar apoyo a la DGP a trav\u00e9s del correo dgp.usb@nube.sep.gob.mx.<\/p>\n<\/p>\n<p>&nbsp;<\/p>\n<p style=\"text-align: justify;\" data-sourcepos=\"13:1-13:370\">Adem\u00e1s, la DGP emitir\u00e1 en l\u00ednea la constancia de no sanci\u00f3n y permitir\u00e1 solicitar la carta de pasante de forma electr\u00f3nica a partir del s\u00e9ptimo semestre, estableciendo un v\u00ednculo con las universidades para confirmar los cr\u00e9ditos.<\/p>\n<\/p>\n<p>&nbsp;<\/p>\n<p style=\"text-align: justify;\" data-sourcepos=\"13:1-13:370\">Tambi\u00e9n se emitir\u00e1 una autorizaci\u00f3n de t\u00edtulo en tr\u00e1mite para brindar certeza jur\u00eddica a los profesionistas que ya concluyeron sus estudios.<\/p>\n<\/p>\n<p>&nbsp;<\/p>\n<p style=\"text-align: justify;\" data-sourcepos=\"15:1-15:218\">La digitalizaci\u00f3n de tr\u00e1mites y la agilizaci\u00f3n de procesos de actualizaci\u00f3n de planes de estudio y verificaci\u00f3n de RVOE se realizar\u00e1n en un m\u00e1ximo de 15 d\u00edas, en contraste con los seis meses que tardaban anteriormente.<\/p>\n<\/p>\n<p>&nbsp;<\/p>\n<p style=\"text-align: center;\" data-sourcepos=\"15:1-15:218\"><em><strong>\u00a1Informaci\u00f3n que transforma!<\/strong><\/em><\/p>\n","protected":false},"excerpt":{"rendered":"<p>\u00a1Obtener tu c\u00e9dula profesional nunca fue tan f\u00e1cil! La Direcci\u00f3n General de Profesiones (DGP) de la SEP ha digitalizado por completo el tr\u00e1mite, permitiendo a egresados de todo el pa\u00eds solicitar su c\u00e9dula profesional a trav\u00e9s de internet en el sitio www.gob.mx\/cedulaprofesional.<\/p>\n","protected":false},"author":3,"featured_media":14757,"comment_status":"open","ping_status":"open","sticky":false,"template":"","format":"standard","meta":{"footnotes":""},"categories":[88,58],"tags":[4378,3012,4379,4380],"class_list":["post-14756","post","type-post","status-publish","format-standard","has-post-thumbnail","hentry","category-nacional","category-ultima-hora","tag-cedulaprofesionaldigital","tag-educacionmexico","tag-sepdigital","tag-tramiteenlinea"],"yoast_head":"<!-- This site is optimized with the Yoast SEO plugin v25.0 - https:\/\/yoast.com\/wordpress\/plugins\/seo\/ -->\n<title>Tu C\u00e9dula Profesional en un clic SEP digitaliza el tr\u00e1mite para todo M\u00e9xico olv\u00eddate de las filas | Nexo Informativo Santiago de Quer\u00e9taro<\/title>\n<meta name=\"description\" content=\"Tu C\u00e9dula Profesional en un clic SEP digitaliza el tr\u00e1mite para todo M\u00e9xico olv\u00eddate de las filas\" \/>\n<meta name=\"robots\" content=\"index, follow, max-snippet:-1, max-image-preview:large, max-video-preview:-1\" \/>\n<link rel=\"canonical\" href=\"https:\/\/www.nexoinformativo.mx\/index.php\/2025\/05\/06\/tu-cedula-profesional-en-un-clic-sep-digitaliza-el-tramite-para-todo-mexico-olvidate-de-las-filas\/\" \/>\n<meta property=\"og:locale\" content=\"es_MX\" \/>\n<meta property=\"og:type\" content=\"article\" \/>\n<meta property=\"og:title\" content=\"Tu C\u00e9dula Profesional en un clic SEP digitaliza el tr\u00e1mite para todo M\u00e9xico olv\u00eddate de las filas | Nexo Informativo Santiago de Quer\u00e9taro\" \/>\n<meta property=\"og:description\" content=\"Tu C\u00e9dula Profesional en un clic SEP digitaliza el tr\u00e1mite para todo M\u00e9xico olv\u00eddate de las filas\" \/>\n<meta property=\"og:url\" content=\"https:\/\/www.nexoinformativo.mx\/index.php\/2025\/05\/06\/tu-cedula-profesional-en-un-clic-sep-digitaliza-el-tramite-para-todo-mexico-olvidate-de-las-filas\/\" \/>\n<meta property=\"og:site_name\" content=\"Nexo Informativo Santiago de Quer\u00e9taro\" \/>\n<meta property=\"article:publisher\" content=\"https:\/\/www.facebook.com\/people\/Nexo-Informativo\/61564066885511\/\" \/>\n<meta property=\"article:published_time\" content=\"2025-05-06T12:30:21+00:00\" \/>\n<meta property=\"article:modified_time\" content=\"2025-05-06T14:38:26+00:00\" \/>\n<meta property=\"og:image\" content=\"https:\/\/www.nexoinformativo.mx\/wp-content\/uploads\/2025\/05\/IMG_2833-e1746542246788.png\" \/>\n\t<meta property=\"og:image:width\" content=\"800\" \/>\n\t<meta property=\"og:image:height\" content=\"425\" \/>\n\t<meta property=\"og:image:type\" content=\"image\/png\" \/>\n<meta name=\"author\" content=\"Nexo Informativo\" \/>\n<meta name=\"twitter:card\" content=\"summary_large_image\" \/>\n<meta name=\"twitter:label1\" content=\"Escrito por\" \/>\n\t<meta name=\"twitter:data1\" content=\"Nexo Informativo\" \/>\n\t<meta name=\"twitter:label2\" content=\"Tiempo de lectura\" \/>\n\t<meta name=\"twitter:data2\" content=\"2 minutos\" \/>\n<script type=\"application\/ld+json\" class=\"yoast-schema-graph\">{\"@context\":\"https:\/\/schema.org\",\"@graph\":[{\"@type\":\"Article\",\"@id\":\"https:\/\/www.nexoinformativo.mx\/index.php\/2025\/05\/06\/tu-cedula-profesional-en-un-clic-sep-digitaliza-el-tramite-para-todo-mexico-olvidate-de-las-filas\/#article\",\"isPartOf\":{\"@id\":\"https:\/\/www.nexoinformativo.mx\/index.php\/2025\/05\/06\/tu-cedula-profesional-en-un-clic-sep-digitaliza-el-tramite-para-todo-mexico-olvidate-de-las-filas\/\"},\"author\":{\"name\":\"Nexo Informativo\",\"@id\":\"https:\/\/www.nexoinformativo.mx\/#\/schema\/person\/7749d380ba08c8ca00d7bc76fd907b7d\"},\"headline\":\"Tu C\u00e9dula Profesional en un clic SEP digitaliza el tr\u00e1mite para todo M\u00e9xico olv\u00eddate de las filas\",\"datePublished\":\"2025-05-06T12:30:21+00:00\",\"dateModified\":\"2025-05-06T14:38:26+00:00\",\"mainEntityOfPage\":{\"@id\":\"https:\/\/www.nexoinformativo.mx\/index.php\/2025\/05\/06\/tu-cedula-profesional-en-un-clic-sep-digitaliza-el-tramite-para-todo-mexico-olvidate-de-las-filas\/\"},\"wordCount\":453,\"commentCount\":0,\"publisher\":{\"@id\":\"https:\/\/www.nexoinformativo.mx\/#organization\"},\"image\":{\"@id\":\"https:\/\/www.nexoinformativo.mx\/index.php\/2025\/05\/06\/tu-cedula-profesional-en-un-clic-sep-digitaliza-el-tramite-para-todo-mexico-olvidate-de-las-filas\/#primaryimage\"},\"thumbnailUrl\":\"https:\/\/www.nexoinformativo.mx\/wp-content\/uploads\/2025\/05\/IMG_2833-e1746542246788.png\",\"keywords\":[\"C\u00e9dulaProfesionalDigital\",\"Educaci\u00f3nM\u00e9xico\",\"SEPDigital\",\"Tr\u00e1miteEnL\u00ednea\"],\"articleSection\":[\"Nacional\",\"\u00daltima Hora\"],\"inLanguage\":\"es\",\"potentialAction\":[{\"@type\":\"CommentAction\",\"name\":\"Comment\",\"target\":[\"https:\/\/www.nexoinformativo.mx\/index.php\/2025\/05\/06\/tu-cedula-profesional-en-un-clic-sep-digitaliza-el-tramite-para-todo-mexico-olvidate-de-las-filas\/#respond\"]}]},{\"@type\":\"WebPage\",\"@id\":\"https:\/\/www.nexoinformativo.mx\/index.php\/2025\/05\/06\/tu-cedula-profesional-en-un-clic-sep-digitaliza-el-tramite-para-todo-mexico-olvidate-de-las-filas\/\",\"url\":\"https:\/\/www.nexoinformativo.mx\/index.php\/2025\/05\/06\/tu-cedula-profesional-en-un-clic-sep-digitaliza-el-tramite-para-todo-mexico-olvidate-de-las-filas\/\",\"name\":\"Tu C\u00e9dula Profesional en un clic SEP digitaliza el tr\u00e1mite para todo M\u00e9xico olv\u00eddate de las filas | Nexo Informativo Santiago de Quer\u00e9taro\",\"isPartOf\":{\"@id\":\"https:\/\/www.nexoinformativo.mx\/#website\"},\"primaryImageOfPage\":{\"@id\":\"https:\/\/www.nexoinformativo.mx\/index.php\/2025\/05\/06\/tu-cedula-profesional-en-un-clic-sep-digitaliza-el-tramite-para-todo-mexico-olvidate-de-las-filas\/#primaryimage\"},\"image\":{\"@id\":\"https:\/\/www.nexoinformativo.mx\/index.php\/2025\/05\/06\/tu-cedula-profesional-en-un-clic-sep-digitaliza-el-tramite-para-todo-mexico-olvidate-de-las-filas\/#primaryimage\"},\"thumbnailUrl\":\"https:\/\/www.nexoinformativo.mx\/wp-content\/uploads\/2025\/05\/IMG_2833-e1746542246788.png\",\"datePublished\":\"2025-05-06T12:30:21+00:00\",\"dateModified\":\"2025-05-06T14:38:26+00:00\",\"description\":\"Tu C\u00e9dula Profesional en un clic SEP digitaliza el tr\u00e1mite para todo M\u00e9xico olv\u00eddate de las filas\",\"breadcrumb\":{\"@id\":\"https:\/\/www.nexoinformativo.mx\/index.php\/2025\/05\/06\/tu-cedula-profesional-en-un-clic-sep-digitaliza-el-tramite-para-todo-mexico-olvidate-de-las-filas\/#breadcrumb\"},\"inLanguage\":\"es\",\"potentialAction\":[{\"@type\":\"ReadAction\",\"target\":[\"https:\/\/www.nexoinformativo.mx\/index.php\/2025\/05\/06\/tu-cedula-profesional-en-un-clic-sep-digitaliza-el-tramite-para-todo-mexico-olvidate-de-las-filas\/\"]}]},{\"@type\":\"ImageObject\",\"inLanguage\":\"es\",\"@id\":\"https:\/\/www.nexoinformativo.mx\/index.php\/2025\/05\/06\/tu-cedula-profesional-en-un-clic-sep-digitaliza-el-tramite-para-todo-mexico-olvidate-de-las-filas\/#primaryimage\",\"url\":\"https:\/\/www.nexoinformativo.mx\/wp-content\/uploads\/2025\/05\/IMG_2833-e1746542246788.png\",\"contentUrl\":\"https:\/\/www.nexoinformativo.mx\/wp-content\/uploads\/2025\/05\/IMG_2833-e1746542246788.png\",\"width\":800,\"height\":425},{\"@type\":\"BreadcrumbList\",\"@id\":\"https:\/\/www.nexoinformativo.mx\/index.php\/2025\/05\/06\/tu-cedula-profesional-en-un-clic-sep-digitaliza-el-tramite-para-todo-mexico-olvidate-de-las-filas\/#breadcrumb\",\"itemListElement\":[{\"@type\":\"ListItem\",\"position\":1,\"name\":\"Inicio\",\"item\":\"https:\/\/www.nexoinformativo.mx\/\"},{\"@type\":\"ListItem\",\"position\":2,\"name\":\"Tu C\u00e9dula Profesional en un clic SEP digitaliza el tr\u00e1mite para todo M\u00e9xico olv\u00eddate de las filas\"}]},{\"@type\":\"WebSite\",\"@id\":\"https:\/\/www.nexoinformativo.mx\/#website\",\"url\":\"https:\/\/www.nexoinformativo.mx\/\",\"name\":\"Nexo Informativo Santiago de Quer\u00e9taro\",\"description\":\"Explora NexoInformativo y convi\u00e9rtete en parte de una comunidad que valora el conocimiento y la verdad. Tu nexoinformativo es tu puente hacia una comprensi\u00f3n m\u00e1s profunda del mundo que te rodea.\",\"publisher\":{\"@id\":\"https:\/\/www.nexoinformativo.mx\/#organization\"},\"potentialAction\":[{\"@type\":\"SearchAction\",\"target\":{\"@type\":\"EntryPoint\",\"urlTemplate\":\"https:\/\/www.nexoinformativo.mx\/?s={search_term_string}\"},\"query-input\":{\"@type\":\"PropertyValueSpecification\",\"valueRequired\":true,\"valueName\":\"search_term_string\"}}],\"inLanguage\":\"es\"},{\"@type\":\"Organization\",\"@id\":\"https:\/\/www.nexoinformativo.mx\/#organization\",\"name\":\"Nexo Informativo Santiago de Quer\u00e9taro\",\"url\":\"https:\/\/www.nexoinformativo.mx\/\",\"logo\":{\"@type\":\"ImageObject\",\"inLanguage\":\"es\",\"@id\":\"https:\/\/www.nexoinformativo.mx\/#\/schema\/logo\/image\/\",\"url\":\"https:\/\/www.nexoinformativo.mx\/wp-content\/uploads\/2024\/07\/nexoi-trasparente-2.png\",\"contentUrl\":\"https:\/\/www.nexoinformativo.mx\/wp-content\/uploads\/2024\/07\/nexoi-trasparente-2.png\",\"width\":816,\"height\":339,\"caption\":\"Nexo Informativo Santiago de Quer\u00e9taro\"},\"image\":{\"@id\":\"https:\/\/www.nexoinformativo.mx\/#\/schema\/logo\/image\/\"},\"sameAs\":[\"https:\/\/www.facebook.com\/people\/Nexo-Informativo\/61564066885511\/\"]},{\"@type\":\"Person\",\"@id\":\"https:\/\/www.nexoinformativo.mx\/#\/schema\/person\/7749d380ba08c8ca00d7bc76fd907b7d\",\"name\":\"Nexo Informativo\",\"image\":{\"@type\":\"ImageObject\",\"inLanguage\":\"es\",\"@id\":\"https:\/\/www.nexoinformativo.mx\/#\/schema\/person\/image\/\",\"url\":\"https:\/\/secure.gravatar.com\/avatar\/dde2928154642a13d95f87ddf1ea9718fe2b46760a005c53e41ff5ad610704e6?s=96&d=mm&r=g\",\"contentUrl\":\"https:\/\/secure.gravatar.com\/avatar\/dde2928154642a13d95f87ddf1ea9718fe2b46760a005c53e41ff5ad610704e6?s=96&d=mm&r=g\",\"caption\":\"Nexo Informativo\"},\"url\":\"https:\/\/www.nexoinformativo.mx\/index.php\/author\/edicion\/\"}]}<\/script>\n<!-- \/ Yoast SEO plugin. -->","yoast_head_json":{"title":"Tu C\u00e9dula Profesional en un clic SEP digitaliza el tr\u00e1mite para todo M\u00e9xico olv\u00eddate de las filas | Nexo Informativo Santiago de Quer\u00e9taro","description":"Tu C\u00e9dula Profesional en un clic SEP digitaliza el tr\u00e1mite para todo M\u00e9xico olv\u00eddate de las filas","robots":{"index":"index","follow":"follow","max-snippet":"max-snippet:-1","max-image-preview":"max-image-preview:large","max-video-preview":"max-video-preview:-1"},"canonical":"https:\/\/www.nexoinformativo.mx\/index.php\/2025\/05\/06\/tu-cedula-profesional-en-un-clic-sep-digitaliza-el-tramite-para-todo-mexico-olvidate-de-las-filas\/","og_locale":"es_MX","og_type":"article","og_title":"Tu C\u00e9dula Profesional en un clic SEP digitaliza el tr\u00e1mite para todo M\u00e9xico olv\u00eddate de las filas | Nexo Informativo Santiago de Quer\u00e9taro","og_description":"Tu C\u00e9dula Profesional en un clic SEP digitaliza el tr\u00e1mite para todo M\u00e9xico olv\u00eddate de las filas","og_url":"https:\/\/www.nexoinformativo.mx\/index.php\/2025\/05\/06\/tu-cedula-profesional-en-un-clic-sep-digitaliza-el-tramite-para-todo-mexico-olvidate-de-las-filas\/","og_site_name":"Nexo Informativo Santiago de Quer\u00e9taro","article_publisher":"https:\/\/www.facebook.com\/people\/Nexo-Informativo\/61564066885511\/","article_published_time":"2025-05-06T12:30:21+00:00","article_modified_time":"2025-05-06T14:38:26+00:00","og_image":[{"width":800,"height":425,"url":"https:\/\/www.nexoinformativo.mx\/wp-content\/uploads\/2025\/05\/IMG_2833-e1746542246788.png","type":"image\/png"}],"author":"Nexo Informativo","twitter_card":"summary_large_image","twitter_misc":{"Escrito por":"Nexo Informativo","Tiempo de lectura":"2 minutos"},"schema":{"@context":"https:\/\/schema.org","@graph":[{"@type":"Article","@id":"https:\/\/www.nexoinformativo.mx\/index.php\/2025\/05\/06\/tu-cedula-profesional-en-un-clic-sep-digitaliza-el-tramite-para-todo-mexico-olvidate-de-las-filas\/#article","isPartOf":{"@id":"https:\/\/www.nexoinformativo.mx\/index.php\/2025\/05\/06\/tu-cedula-profesional-en-un-clic-sep-digitaliza-el-tramite-para-todo-mexico-olvidate-de-las-filas\/"},"author":{"name":"Nexo Informativo","@id":"https:\/\/www.nexoinformativo.mx\/#\/schema\/person\/7749d380ba08c8ca00d7bc76fd907b7d"},"headline":"Tu C\u00e9dula Profesional en un clic SEP digitaliza el tr\u00e1mite para todo M\u00e9xico olv\u00eddate de las filas","datePublished":"2025-05-06T12:30:21+00:00","dateModified":"2025-05-06T14:38:26+00:00","mainEntityOfPage":{"@id":"https:\/\/www.nexoinformativo.mx\/index.php\/2025\/05\/06\/tu-cedula-profesional-en-un-clic-sep-digitaliza-el-tramite-para-todo-mexico-olvidate-de-las-filas\/"},"wordCount":453,"commentCount":0,"publisher":{"@id":"https:\/\/www.nexoinformativo.mx\/#organization"},"image":{"@id":"https:\/\/www.nexoinformativo.mx\/index.php\/2025\/05\/06\/tu-cedula-profesional-en-un-clic-sep-digitaliza-el-tramite-para-todo-mexico-olvidate-de-las-filas\/#primaryimage"},"thumbnailUrl":"https:\/\/www.nexoinformativo.mx\/wp-content\/uploads\/2025\/05\/IMG_2833-e1746542246788.png","keywords":["C\u00e9dulaProfesionalDigital","Educaci\u00f3nM\u00e9xico","SEPDigital","Tr\u00e1miteEnL\u00ednea"],"articleSection":["Nacional","\u00daltima Hora"],"inLanguage":"es","potentialAction":[{"@type":"CommentAction","name":"Comment","target":["https:\/\/www.nexoinformativo.mx\/index.php\/2025\/05\/06\/tu-cedula-profesional-en-un-clic-sep-digitaliza-el-tramite-para-todo-mexico-olvidate-de-las-filas\/#respond"]}]},{"@type":"WebPage","@id":"https:\/\/www.nexoinformativo.mx\/index.php\/2025\/05\/06\/tu-cedula-profesional-en-un-clic-sep-digitaliza-el-tramite-para-todo-mexico-olvidate-de-las-filas\/","url":"https:\/\/www.nexoinformativo.mx\/index.php\/2025\/05\/06\/tu-cedula-profesional-en-un-clic-sep-digitaliza-el-tramite-para-todo-mexico-olvidate-de-las-filas\/","name":"Tu C\u00e9dula Profesional en un clic SEP digitaliza el tr\u00e1mite para todo M\u00e9xico olv\u00eddate de las filas | Nexo Informativo Santiago de Quer\u00e9taro","isPartOf":{"@id":"https:\/\/www.nexoinformativo.mx\/#website"},"primaryImageOfPage":{"@id":"https:\/\/www.nexoinformativo.mx\/index.php\/2025\/05\/06\/tu-cedula-profesional-en-un-clic-sep-digitaliza-el-tramite-para-todo-mexico-olvidate-de-las-filas\/#primaryimage"},"image":{"@id":"https:\/\/www.nexoinformativo.mx\/index.php\/2025\/05\/06\/tu-cedula-profesional-en-un-clic-sep-digitaliza-el-tramite-para-todo-mexico-olvidate-de-las-filas\/#primaryimage"},"thumbnailUrl":"https:\/\/www.nexoinformativo.mx\/wp-content\/uploads\/2025\/05\/IMG_2833-e1746542246788.png","datePublished":"2025-05-06T12:30:21+00:00","dateModified":"2025-05-06T14:38:26+00:00","description":"Tu C\u00e9dula Profesional en un clic SEP digitaliza el tr\u00e1mite para todo M\u00e9xico olv\u00eddate de las filas","breadcrumb":{"@id":"https:\/\/www.nexoinformativo.mx\/index.php\/2025\/05\/06\/tu-cedula-profesional-en-un-clic-sep-digitaliza-el-tramite-para-todo-mexico-olvidate-de-las-filas\/#breadcrumb"},"inLanguage":"es","potentialAction":[{"@type":"ReadAction","target":["https:\/\/www.nexoinformativo.mx\/index.php\/2025\/05\/06\/tu-cedula-profesional-en-un-clic-sep-digitaliza-el-tramite-para-todo-mexico-olvidate-de-las-filas\/"]}]},{"@type":"ImageObject","inLanguage":"es","@id":"https:\/\/www.nexoinformativo.mx\/index.php\/2025\/05\/06\/tu-cedula-profesional-en-un-clic-sep-digitaliza-el-tramite-para-todo-mexico-olvidate-de-las-filas\/#primaryimage","url":"https:\/\/www.nexoinformativo.mx\/wp-content\/uploads\/2025\/05\/IMG_2833-e1746542246788.png","contentUrl":"https:\/\/www.nexoinformativo.mx\/wp-content\/uploads\/2025\/05\/IMG_2833-e1746542246788.png","width":800,"height":425},{"@type":"BreadcrumbList","@id":"https:\/\/www.nexoinformativo.mx\/index.php\/2025\/05\/06\/tu-cedula-profesional-en-un-clic-sep-digitaliza-el-tramite-para-todo-mexico-olvidate-de-las-filas\/#breadcrumb","itemListElement":[{"@type":"ListItem","position":1,"name":"Inicio","item":"https:\/\/www.nexoinformativo.mx\/"},{"@type":"ListItem","position":2,"name":"Tu C\u00e9dula Profesional en un clic SEP digitaliza el tr\u00e1mite para todo M\u00e9xico olv\u00eddate de las filas"}]},{"@type":"WebSite","@id":"https:\/\/www.nexoinformativo.mx\/#website","url":"https:\/\/www.nexoinformativo.mx\/","name":"Nexo Informativo Santiago de Quer\u00e9taro","description":"Explora NexoInformativo y convi\u00e9rtete en parte de una comunidad que valora el conocimiento y la verdad. Tu nexoinformativo es tu puente hacia una comprensi\u00f3n m\u00e1s profunda del mundo que te rodea.","publisher":{"@id":"https:\/\/www.nexoinformativo.mx\/#organization"},"potentialAction":[{"@type":"SearchAction","target":{"@type":"EntryPoint","urlTemplate":"https:\/\/www.nexoinformativo.mx\/?s={search_term_string}"},"query-input":{"@type":"PropertyValueSpecification","valueRequired":true,"valueName":"search_term_string"}}],"inLanguage":"es"},{"@type":"Organization","@id":"https:\/\/www.nexoinformativo.mx\/#organization","name":"Nexo Informativo Santiago de Quer\u00e9taro","url":"https:\/\/www.nexoinformativo.mx\/","logo":{"@type":"ImageObject","inLanguage":"es","@id":"https:\/\/www.nexoinformativo.mx\/#\/schema\/logo\/image\/","url":"https:\/\/www.nexoinformativo.mx\/wp-content\/uploads\/2024\/07\/nexoi-trasparente-2.png","contentUrl":"https:\/\/www.nexoinformativo.mx\/wp-content\/uploads\/2024\/07\/nexoi-trasparente-2.png","width":816,"height":339,"caption":"Nexo Informativo Santiago de Quer\u00e9taro"},"image":{"@id":"https:\/\/www.nexoinformativo.mx\/#\/schema\/logo\/image\/"},"sameAs":["https:\/\/www.facebook.com\/people\/Nexo-Informativo\/61564066885511\/"]},{"@type":"Person","@id":"https:\/\/www.nexoinformativo.mx\/#\/schema\/person\/7749d380ba08c8ca00d7bc76fd907b7d","name":"Nexo Informativo","image":{"@type":"ImageObject","inLanguage":"es","@id":"https:\/\/www.nexoinformativo.mx\/#\/schema\/person\/image\/","url":"https:\/\/secure.gravatar.com\/avatar\/dde2928154642a13d95f87ddf1ea9718fe2b46760a005c53e41ff5ad610704e6?s=96&d=mm&r=g","contentUrl":"https:\/\/secure.gravatar.com\/avatar\/dde2928154642a13d95f87ddf1ea9718fe2b46760a005c53e41ff5ad610704e6?s=96&d=mm&r=g","caption":"Nexo Informativo"},"url":"https:\/\/www.nexoinformativo.mx\/index.php\/author\/edicion\/"}]}},"_links":{"self":[{"href":"https:\/\/www.nexoinformativo.mx\/index.php\/wp-json\/wp\/v2\/posts\/14756","targetHints":{"allow":["GET"]}}],"collection":[{"href":"https:\/\/www.nexoinformativo.mx\/index.php\/wp-json\/wp\/v2\/posts"}],"about":[{"href":"https:\/\/www.nexoinformativo.mx\/index.php\/wp-json\/wp\/v2\/types\/post"}],"author":[{"embeddable":true,"href":"https:\/\/www.nexoinformativo.mx\/index.php\/wp-json\/wp\/v2\/users\/3"}],"replies":[{"embeddable":true,"href":"https:\/\/www.nexoinformativo.mx\/index.php\/wp-json\/wp\/v2\/comments?post=14756"}],"version-history":[{"count":3,"href":"https:\/\/www.nexoinformativo.mx\/index.php\/wp-json\/wp\/v2\/posts\/14756\/revisions"}],"predecessor-version":[{"id":14760,"href":"https:\/\/www.nexoinformativo.mx\/index.php\/wp-json\/wp\/v2\/posts\/14756\/revisions\/14760"}],"wp:featuredmedia":[{"embeddable":true,"href":"https:\/\/www.nexoinformativo.mx\/index.php\/wp-json\/wp\/v2\/media\/14757"}],"wp:attachment":[{"href":"https:\/\/www.nexoinformativo.mx\/index.php\/wp-json\/wp\/v2\/media?parent=14756"}],"wp:term":[{"taxonomy":"category","embeddable":true,"href":"https:\/\/www.nexoinformativo.mx\/index.php\/wp-json\/wp\/v2\/categories?post=14756"},{"taxonomy":"post_tag","embeddable":true,"href":"https:\/\/www.nexoinformativo.mx\/index.php\/wp-json\/wp\/v2\/tags?post=14756"}],"curies":[{"name":"wp","href":"https:\/\/api.w.org\/{rel}","templated":true}]}}