{"id":1476,"date":"2024-09-02T18:00:48","date_gmt":"2024-09-03T00:00:48","guid":{"rendered":"https:\/\/www.nexoinformativo.mx\/?p=1476"},"modified":"2024-09-02T20:44:26","modified_gmt":"2024-09-03T02:44:26","slug":"luis-nava-toma-protesta-a-24-policias-ascendidos-y-13-titulados-como-tsu-en-policia-preventivo","status":"publish","type":"post","link":"https:\/\/www.nexoinformativo.mx\/index.php\/2024\/09\/02\/luis-nava-toma-protesta-a-24-policias-ascendidos-y-13-titulados-como-tsu-en-policia-preventivo\/","title":{"rendered":"Luis Nava toma protesta a 24 Polic\u00edas ascendidos y 13 titulados como TSU en Polic\u00eda preventivo"},"content":{"rendered":"<p style=\"text-align: justify;\">El Presidente Municipal de Quer\u00e9taro, Luis Nava, encabez\u00f3 la ceremonia de protesta de 24 polic\u00edas que ascendieron al grado superior para el periodo 2023-2024 y 13 polic\u00edas obtuvieron su t\u00edtulo de T\u00e9cnico Superior Universitario (TSU) en Polic\u00eda Preventivo. Durante el evento, Nava reconoci\u00f3 el esfuerzo y dedicaci\u00f3n de los oficiales, destacando que forman parte de una de las mejores corporaciones policiacas del pa\u00eds.<\/p>\n<p>&nbsp;<\/p>\n<p style=\"text-align: justify;\">En su discurso, Luis Nava resalt\u00f3 la profesionalizaci\u00f3n de la polic\u00eda como un pilar de la estrategia de seguridad que se impulsa en los \u00faltimos seis a\u00f1os en Quer\u00e9taro. &#8220;Si\u00e9ntanse orgullosos de ustedes, de lo que han logrado y que adem\u00e1s forman parte de una de las mejores corporaciones policiacas en el pa\u00eds&#8221;, se\u00f1al\u00f3 el alcalde. A pocos meses de concluir su administraci\u00f3n, Nava agradeci\u00f3 a las y los polic\u00edas por su compromiso en la construcci\u00f3n de un Quer\u00e9taro con mayor seguridad social.<\/p>\n<p>&nbsp;<\/p>\n<p style=\"text-align: justify;\">El Secretario de Seguridad P\u00fablica del Municipio de Quer\u00e9taro, Juan Luis Ferrusca Ortiz, explic\u00f3 que los 24 polic\u00edas ascendidos cumplieron con todos los requisitos acad\u00e9micos, as\u00ed como con las evaluaciones f\u00edsicas y psicol\u00f3gicas necesarias, destacando por sus promedios en la convocatoria. Con estos ascensos, se suman a los 254 polic\u00edas que han sido promovidos por la Comisi\u00f3n de Servicio Profesional de Carrera desde 2018.<\/p>\n<p>&nbsp;<\/p>\n<p style=\"text-align: justify;\">Respecto a los 13 polic\u00edas titulados como T\u00e9cnico Superior Universitario en Polic\u00eda Preventivo, Ferrusca Ortiz destac\u00f3 que forman parte de la tercera generaci\u00f3n y que ya podr\u00e1n tramitar su c\u00e9dula profesional tanto en el Estado como en la Federaci\u00f3n. Este logro representa un avance significativo en la capacitaci\u00f3n y preparaci\u00f3n del cuerpo policial, reflejando su deseo de superaci\u00f3n y compromiso con la ciudadan\u00eda.<\/p>\n<p>&nbsp;<\/p>\n<p style=\"text-align: justify;\"><strong>Avance de las Mujeres en la Polic\u00eda de Quer\u00e9taro<\/strong><\/p>\n<p style=\"text-align: justify;\">Luis Nava tambi\u00e9n hizo \u00e9nfasis en el progreso de las mujeres dentro de la funci\u00f3n policial, ya que de los 13 t\u00edtulos entregados, 9 corresponden a mujeres. Este dato demuestra el avance y la inclusi\u00f3n de las mujeres en roles fundamentales para la seguridad y el orden p\u00fablico en Quer\u00e9taro.<\/p>\n<p>&nbsp;<\/p>\n<p style=\"text-align: justify;\"><strong>Asistentes al Evento de Toma de Protesta<\/strong><\/p>\n<ul>\n<li style=\"text-align: justify;\">Comisionado Estatal del Sistema Penitenciario, Gustavo L\u00f3pez Acosta.<\/li>\n<li style=\"text-align: justify;\">Coordinadora del Consejo Tem\u00e1tico de Seguridad y Profesional de Carrera, Roc\u00edo Barrero Maldonado.<\/li>\n<li style=\"text-align: justify;\">Vicefiscal de Investigaci\u00f3n Cient\u00edfica, Humberto P\u00e9rez Gonz\u00e1lez.<\/li>\n<li style=\"text-align: justify;\">Fiscal General del Estado, V\u00edctor Antonio de Jes\u00fas Hern\u00e1ndez.<\/li>\n<li style=\"text-align: justify;\">Directora del Centro de Prevenci\u00f3n Social del Delito y la Violencia en el Estado, Sonia Ang\u00e9lica Col\u00edn.<\/li>\n<\/ul>\n","protected":false},"excerpt":{"rendered":"<p>El Presidente Municipal de Quer\u00e9taro, Luis Nava, encabez\u00f3 la ceremonia de protesta de 24 polic\u00edas que ascendieron al grado superior para el periodo 2023-2024 y 13 polic\u00edas obtuvieron su t\u00edtulo de T\u00e9cnico Superior Universitario (TSU) en Polic\u00eda Preventivo. Durante el evento, Nava reconoci\u00f3 el esfuerzo y dedicaci\u00f3n de los oficiales, destacando que forman parte de una de las mejores corporaciones policiacas del pa\u00eds.<\/p>\n","protected":false},"author":3,"featured_media":1477,"comment_status":"open","ping_status":"open","sticky":false,"template":"","format":"standard","meta":{"footnotes":""},"categories":[65],"tags":[446,445,443,242,444],"class_list":["post-1476","post","type-post","status-publish","format-standard","has-post-thumbnail","hentry","category-municipios","tag-ascensopolicial","tag-mujeresenseguridad","tag-policiaqueretaro","tag-queretaroseguro","tag-seguridadycompromiso"],"yoast_head":"<!-- This site is optimized with the Yoast SEO plugin v25.0 - https:\/\/yoast.com\/wordpress\/plugins\/seo\/ -->\n<title>Luis Nava toma protesta a 24 Polic\u00edas ascendidos y 13 titulados como TSU en Polic\u00eda preventivo | Nexo Informativo Santiago de Quer\u00e9taro<\/title>\n<meta name=\"description\" content=\"Luis Nava toma protesta a 24 Polic\u00edas ascendidos y 13 titulados como TSU en Polic\u00eda preventivo\" \/>\n<meta name=\"robots\" content=\"index, follow, max-snippet:-1, max-image-preview:large, max-video-preview:-1\" \/>\n<link rel=\"canonical\" href=\"https:\/\/www.nexoinformativo.mx\/index.php\/2024\/09\/02\/luis-nava-toma-protesta-a-24-policias-ascendidos-y-13-titulados-como-tsu-en-policia-preventivo\/\" \/>\n<meta property=\"og:locale\" content=\"es_MX\" \/>\n<meta property=\"og:type\" content=\"article\" \/>\n<meta property=\"og:title\" content=\"Luis Nava toma protesta a 24 Polic\u00edas ascendidos y 13 titulados como TSU en Polic\u00eda preventivo | Nexo Informativo Santiago de Quer\u00e9taro\" \/>\n<meta property=\"og:description\" content=\"Luis Nava toma protesta a 24 Polic\u00edas ascendidos y 13 titulados como TSU en Polic\u00eda preventivo\" \/>\n<meta property=\"og:url\" content=\"https:\/\/www.nexoinformativo.mx\/index.php\/2024\/09\/02\/luis-nava-toma-protesta-a-24-policias-ascendidos-y-13-titulados-como-tsu-en-policia-preventivo\/\" \/>\n<meta property=\"og:site_name\" content=\"Nexo Informativo Santiago de Quer\u00e9taro\" \/>\n<meta property=\"article:publisher\" content=\"https:\/\/www.facebook.com\/people\/Nexo-Informativo\/61564066885511\/\" \/>\n<meta property=\"article:published_time\" content=\"2024-09-03T00:00:48+00:00\" \/>\n<meta property=\"article:modified_time\" content=\"2024-09-03T02:44:26+00:00\" \/>\n<meta property=\"og:image\" content=\"https:\/\/www.nexoinformativo.mx\/wp-content\/uploads\/2024\/09\/PHOTO-2024-09-02-18-18-10-e1725327907889.jpg\" \/>\n\t<meta property=\"og:image:width\" content=\"800\" \/>\n\t<meta property=\"og:image:height\" content=\"533\" \/>\n\t<meta property=\"og:image:type\" content=\"image\/jpeg\" \/>\n<meta name=\"author\" content=\"Nexo Informativo\" \/>\n<meta name=\"twitter:card\" content=\"summary_large_image\" \/>\n<meta name=\"twitter:label1\" content=\"Escrito por\" \/>\n\t<meta name=\"twitter:data1\" content=\"Nexo Informativo\" \/>\n\t<meta name=\"twitter:label2\" content=\"Tiempo de lectura\" \/>\n\t<meta name=\"twitter:data2\" content=\"3 minutos\" \/>\n<script type=\"application\/ld+json\" class=\"yoast-schema-graph\">{\"@context\":\"https:\/\/schema.org\",\"@graph\":[{\"@type\":\"Article\",\"@id\":\"https:\/\/www.nexoinformativo.mx\/index.php\/2024\/09\/02\/luis-nava-toma-protesta-a-24-policias-ascendidos-y-13-titulados-como-tsu-en-policia-preventivo\/#article\",\"isPartOf\":{\"@id\":\"https:\/\/www.nexoinformativo.mx\/index.php\/2024\/09\/02\/luis-nava-toma-protesta-a-24-policias-ascendidos-y-13-titulados-como-tsu-en-policia-preventivo\/\"},\"author\":{\"name\":\"Nexo Informativo\",\"@id\":\"https:\/\/www.nexoinformativo.mx\/#\/schema\/person\/7749d380ba08c8ca00d7bc76fd907b7d\"},\"headline\":\"Luis Nava toma protesta a 24 Polic\u00edas ascendidos y 13 titulados como TSU en Polic\u00eda preventivo\",\"datePublished\":\"2024-09-03T00:00:48+00:00\",\"dateModified\":\"2024-09-03T02:44:26+00:00\",\"mainEntityOfPage\":{\"@id\":\"https:\/\/www.nexoinformativo.mx\/index.php\/2024\/09\/02\/luis-nava-toma-protesta-a-24-policias-ascendidos-y-13-titulados-como-tsu-en-policia-preventivo\/\"},\"wordCount\":466,\"commentCount\":0,\"publisher\":{\"@id\":\"https:\/\/www.nexoinformativo.mx\/#organization\"},\"image\":{\"@id\":\"https:\/\/www.nexoinformativo.mx\/index.php\/2024\/09\/02\/luis-nava-toma-protesta-a-24-policias-ascendidos-y-13-titulados-como-tsu-en-policia-preventivo\/#primaryimage\"},\"thumbnailUrl\":\"https:\/\/www.nexoinformativo.mx\/wp-content\/uploads\/2024\/09\/PHOTO-2024-09-02-18-18-10-e1725327907889.jpg\",\"keywords\":[\"AscensoPolicial\",\"MujeresEnSeguridad\",\"Polic\u00edaQuer\u00e9taro\",\"QueretaroSeguro\",\"SeguridadYCompromiso\"],\"articleSection\":[\"Municipios\"],\"inLanguage\":\"es\",\"potentialAction\":[{\"@type\":\"CommentAction\",\"name\":\"Comment\",\"target\":[\"https:\/\/www.nexoinformativo.mx\/index.php\/2024\/09\/02\/luis-nava-toma-protesta-a-24-policias-ascendidos-y-13-titulados-como-tsu-en-policia-preventivo\/#respond\"]}]},{\"@type\":\"WebPage\",\"@id\":\"https:\/\/www.nexoinformativo.mx\/index.php\/2024\/09\/02\/luis-nava-toma-protesta-a-24-policias-ascendidos-y-13-titulados-como-tsu-en-policia-preventivo\/\",\"url\":\"https:\/\/www.nexoinformativo.mx\/index.php\/2024\/09\/02\/luis-nava-toma-protesta-a-24-policias-ascendidos-y-13-titulados-como-tsu-en-policia-preventivo\/\",\"name\":\"Luis Nava toma protesta a 24 Polic\u00edas ascendidos y 13 titulados como TSU en Polic\u00eda preventivo | Nexo Informativo Santiago de Quer\u00e9taro\",\"isPartOf\":{\"@id\":\"https:\/\/www.nexoinformativo.mx\/#website\"},\"primaryImageOfPage\":{\"@id\":\"https:\/\/www.nexoinformativo.mx\/index.php\/2024\/09\/02\/luis-nava-toma-protesta-a-24-policias-ascendidos-y-13-titulados-como-tsu-en-policia-preventivo\/#primaryimage\"},\"image\":{\"@id\":\"https:\/\/www.nexoinformativo.mx\/index.php\/2024\/09\/02\/luis-nava-toma-protesta-a-24-policias-ascendidos-y-13-titulados-como-tsu-en-policia-preventivo\/#primaryimage\"},\"thumbnailUrl\":\"https:\/\/www.nexoinformativo.mx\/wp-content\/uploads\/2024\/09\/PHOTO-2024-09-02-18-18-10-e1725327907889.jpg\",\"datePublished\":\"2024-09-03T00:00:48+00:00\",\"dateModified\":\"2024-09-03T02:44:26+00:00\",\"description\":\"Luis Nava toma protesta a 24 Polic\u00edas ascendidos y 13 titulados como TSU en Polic\u00eda preventivo\",\"breadcrumb\":{\"@id\":\"https:\/\/www.nexoinformativo.mx\/index.php\/2024\/09\/02\/luis-nava-toma-protesta-a-24-policias-ascendidos-y-13-titulados-como-tsu-en-policia-preventivo\/#breadcrumb\"},\"inLanguage\":\"es\",\"potentialAction\":[{\"@type\":\"ReadAction\",\"target\":[\"https:\/\/www.nexoinformativo.mx\/index.php\/2024\/09\/02\/luis-nava-toma-protesta-a-24-policias-ascendidos-y-13-titulados-como-tsu-en-policia-preventivo\/\"]}]},{\"@type\":\"ImageObject\",\"inLanguage\":\"es\",\"@id\":\"https:\/\/www.nexoinformativo.mx\/index.php\/2024\/09\/02\/luis-nava-toma-protesta-a-24-policias-ascendidos-y-13-titulados-como-tsu-en-policia-preventivo\/#primaryimage\",\"url\":\"https:\/\/www.nexoinformativo.mx\/wp-content\/uploads\/2024\/09\/PHOTO-2024-09-02-18-18-10-e1725327907889.jpg\",\"contentUrl\":\"https:\/\/www.nexoinformativo.mx\/wp-content\/uploads\/2024\/09\/PHOTO-2024-09-02-18-18-10-e1725327907889.jpg\",\"width\":800,\"height\":533},{\"@type\":\"BreadcrumbList\",\"@id\":\"https:\/\/www.nexoinformativo.mx\/index.php\/2024\/09\/02\/luis-nava-toma-protesta-a-24-policias-ascendidos-y-13-titulados-como-tsu-en-policia-preventivo\/#breadcrumb\",\"itemListElement\":[{\"@type\":\"ListItem\",\"position\":1,\"name\":\"Inicio\",\"item\":\"https:\/\/www.nexoinformativo.mx\/\"},{\"@type\":\"ListItem\",\"position\":2,\"name\":\"Luis Nava toma protesta a 24 Polic\u00edas ascendidos y 13 titulados como TSU en Polic\u00eda preventivo\"}]},{\"@type\":\"WebSite\",\"@id\":\"https:\/\/www.nexoinformativo.mx\/#website\",\"url\":\"https:\/\/www.nexoinformativo.mx\/\",\"name\":\"Nexo Informativo Santiago de Quer\u00e9taro\",\"description\":\"Explora NexoInformativo y convi\u00e9rtete en parte de una comunidad que valora el conocimiento y la verdad. Tu nexoinformativo es tu puente hacia una comprensi\u00f3n m\u00e1s profunda del mundo que te rodea.\",\"publisher\":{\"@id\":\"https:\/\/www.nexoinformativo.mx\/#organization\"},\"potentialAction\":[{\"@type\":\"SearchAction\",\"target\":{\"@type\":\"EntryPoint\",\"urlTemplate\":\"https:\/\/www.nexoinformativo.mx\/?s={search_term_string}\"},\"query-input\":{\"@type\":\"PropertyValueSpecification\",\"valueRequired\":true,\"valueName\":\"search_term_string\"}}],\"inLanguage\":\"es\"},{\"@type\":\"Organization\",\"@id\":\"https:\/\/www.nexoinformativo.mx\/#organization\",\"name\":\"Nexo Informativo Santiago de Quer\u00e9taro\",\"url\":\"https:\/\/www.nexoinformativo.mx\/\",\"logo\":{\"@type\":\"ImageObject\",\"inLanguage\":\"es\",\"@id\":\"https:\/\/www.nexoinformativo.mx\/#\/schema\/logo\/image\/\",\"url\":\"https:\/\/www.nexoinformativo.mx\/wp-content\/uploads\/2024\/07\/nexoi-trasparente-2.png\",\"contentUrl\":\"https:\/\/www.nexoinformativo.mx\/wp-content\/uploads\/2024\/07\/nexoi-trasparente-2.png\",\"width\":816,\"height\":339,\"caption\":\"Nexo Informativo Santiago de Quer\u00e9taro\"},\"image\":{\"@id\":\"https:\/\/www.nexoinformativo.mx\/#\/schema\/logo\/image\/\"},\"sameAs\":[\"https:\/\/www.facebook.com\/people\/Nexo-Informativo\/61564066885511\/\"]},{\"@type\":\"Person\",\"@id\":\"https:\/\/www.nexoinformativo.mx\/#\/schema\/person\/7749d380ba08c8ca00d7bc76fd907b7d\",\"name\":\"Nexo Informativo\",\"image\":{\"@type\":\"ImageObject\",\"inLanguage\":\"es\",\"@id\":\"https:\/\/www.nexoinformativo.mx\/#\/schema\/person\/image\/\",\"url\":\"https:\/\/secure.gravatar.com\/avatar\/dde2928154642a13d95f87ddf1ea9718fe2b46760a005c53e41ff5ad610704e6?s=96&d=mm&r=g\",\"contentUrl\":\"https:\/\/secure.gravatar.com\/avatar\/dde2928154642a13d95f87ddf1ea9718fe2b46760a005c53e41ff5ad610704e6?s=96&d=mm&r=g\",\"caption\":\"Nexo Informativo\"},\"url\":\"https:\/\/www.nexoinformativo.mx\/index.php\/author\/edicion\/\"}]}<\/script>\n<!-- \/ Yoast SEO plugin. -->","yoast_head_json":{"title":"Luis Nava toma protesta a 24 Polic\u00edas ascendidos y 13 titulados como TSU en Polic\u00eda preventivo | Nexo Informativo Santiago de Quer\u00e9taro","description":"Luis Nava toma protesta a 24 Polic\u00edas ascendidos y 13 titulados como TSU en Polic\u00eda preventivo","robots":{"index":"index","follow":"follow","max-snippet":"max-snippet:-1","max-image-preview":"max-image-preview:large","max-video-preview":"max-video-preview:-1"},"canonical":"https:\/\/www.nexoinformativo.mx\/index.php\/2024\/09\/02\/luis-nava-toma-protesta-a-24-policias-ascendidos-y-13-titulados-como-tsu-en-policia-preventivo\/","og_locale":"es_MX","og_type":"article","og_title":"Luis Nava toma protesta a 24 Polic\u00edas ascendidos y 13 titulados como TSU en Polic\u00eda preventivo | Nexo Informativo Santiago de Quer\u00e9taro","og_description":"Luis Nava toma protesta a 24 Polic\u00edas ascendidos y 13 titulados como TSU en Polic\u00eda preventivo","og_url":"https:\/\/www.nexoinformativo.mx\/index.php\/2024\/09\/02\/luis-nava-toma-protesta-a-24-policias-ascendidos-y-13-titulados-como-tsu-en-policia-preventivo\/","og_site_name":"Nexo Informativo Santiago de Quer\u00e9taro","article_publisher":"https:\/\/www.facebook.com\/people\/Nexo-Informativo\/61564066885511\/","article_published_time":"2024-09-03T00:00:48+00:00","article_modified_time":"2024-09-03T02:44:26+00:00","og_image":[{"width":800,"height":533,"url":"https:\/\/www.nexoinformativo.mx\/wp-content\/uploads\/2024\/09\/PHOTO-2024-09-02-18-18-10-e1725327907889.jpg","type":"image\/jpeg"}],"author":"Nexo Informativo","twitter_card":"summary_large_image","twitter_misc":{"Escrito por":"Nexo Informativo","Tiempo de lectura":"3 minutos"},"schema":{"@context":"https:\/\/schema.org","@graph":[{"@type":"Article","@id":"https:\/\/www.nexoinformativo.mx\/index.php\/2024\/09\/02\/luis-nava-toma-protesta-a-24-policias-ascendidos-y-13-titulados-como-tsu-en-policia-preventivo\/#article","isPartOf":{"@id":"https:\/\/www.nexoinformativo.mx\/index.php\/2024\/09\/02\/luis-nava-toma-protesta-a-24-policias-ascendidos-y-13-titulados-como-tsu-en-policia-preventivo\/"},"author":{"name":"Nexo Informativo","@id":"https:\/\/www.nexoinformativo.mx\/#\/schema\/person\/7749d380ba08c8ca00d7bc76fd907b7d"},"headline":"Luis Nava toma protesta a 24 Polic\u00edas ascendidos y 13 titulados como TSU en Polic\u00eda preventivo","datePublished":"2024-09-03T00:00:48+00:00","dateModified":"2024-09-03T02:44:26+00:00","mainEntityOfPage":{"@id":"https:\/\/www.nexoinformativo.mx\/index.php\/2024\/09\/02\/luis-nava-toma-protesta-a-24-policias-ascendidos-y-13-titulados-como-tsu-en-policia-preventivo\/"},"wordCount":466,"commentCount":0,"publisher":{"@id":"https:\/\/www.nexoinformativo.mx\/#organization"},"image":{"@id":"https:\/\/www.nexoinformativo.mx\/index.php\/2024\/09\/02\/luis-nava-toma-protesta-a-24-policias-ascendidos-y-13-titulados-como-tsu-en-policia-preventivo\/#primaryimage"},"thumbnailUrl":"https:\/\/www.nexoinformativo.mx\/wp-content\/uploads\/2024\/09\/PHOTO-2024-09-02-18-18-10-e1725327907889.jpg","keywords":["AscensoPolicial","MujeresEnSeguridad","Polic\u00edaQuer\u00e9taro","QueretaroSeguro","SeguridadYCompromiso"],"articleSection":["Municipios"],"inLanguage":"es","potentialAction":[{"@type":"CommentAction","name":"Comment","target":["https:\/\/www.nexoinformativo.mx\/index.php\/2024\/09\/02\/luis-nava-toma-protesta-a-24-policias-ascendidos-y-13-titulados-como-tsu-en-policia-preventivo\/#respond"]}]},{"@type":"WebPage","@id":"https:\/\/www.nexoinformativo.mx\/index.php\/2024\/09\/02\/luis-nava-toma-protesta-a-24-policias-ascendidos-y-13-titulados-como-tsu-en-policia-preventivo\/","url":"https:\/\/www.nexoinformativo.mx\/index.php\/2024\/09\/02\/luis-nava-toma-protesta-a-24-policias-ascendidos-y-13-titulados-como-tsu-en-policia-preventivo\/","name":"Luis Nava toma protesta a 24 Polic\u00edas ascendidos y 13 titulados como TSU en Polic\u00eda preventivo | Nexo Informativo Santiago de Quer\u00e9taro","isPartOf":{"@id":"https:\/\/www.nexoinformativo.mx\/#website"},"primaryImageOfPage":{"@id":"https:\/\/www.nexoinformativo.mx\/index.php\/2024\/09\/02\/luis-nava-toma-protesta-a-24-policias-ascendidos-y-13-titulados-como-tsu-en-policia-preventivo\/#primaryimage"},"image":{"@id":"https:\/\/www.nexoinformativo.mx\/index.php\/2024\/09\/02\/luis-nava-toma-protesta-a-24-policias-ascendidos-y-13-titulados-como-tsu-en-policia-preventivo\/#primaryimage"},"thumbnailUrl":"https:\/\/www.nexoinformativo.mx\/wp-content\/uploads\/2024\/09\/PHOTO-2024-09-02-18-18-10-e1725327907889.jpg","datePublished":"2024-09-03T00:00:48+00:00","dateModified":"2024-09-03T02:44:26+00:00","description":"Luis Nava toma protesta a 24 Polic\u00edas ascendidos y 13 titulados como TSU en Polic\u00eda preventivo","breadcrumb":{"@id":"https:\/\/www.nexoinformativo.mx\/index.php\/2024\/09\/02\/luis-nava-toma-protesta-a-24-policias-ascendidos-y-13-titulados-como-tsu-en-policia-preventivo\/#breadcrumb"},"inLanguage":"es","potentialAction":[{"@type":"ReadAction","target":["https:\/\/www.nexoinformativo.mx\/index.php\/2024\/09\/02\/luis-nava-toma-protesta-a-24-policias-ascendidos-y-13-titulados-como-tsu-en-policia-preventivo\/"]}]},{"@type":"ImageObject","inLanguage":"es","@id":"https:\/\/www.nexoinformativo.mx\/index.php\/2024\/09\/02\/luis-nava-toma-protesta-a-24-policias-ascendidos-y-13-titulados-como-tsu-en-policia-preventivo\/#primaryimage","url":"https:\/\/www.nexoinformativo.mx\/wp-content\/uploads\/2024\/09\/PHOTO-2024-09-02-18-18-10-e1725327907889.jpg","contentUrl":"https:\/\/www.nexoinformativo.mx\/wp-content\/uploads\/2024\/09\/PHOTO-2024-09-02-18-18-10-e1725327907889.jpg","width":800,"height":533},{"@type":"BreadcrumbList","@id":"https:\/\/www.nexoinformativo.mx\/index.php\/2024\/09\/02\/luis-nava-toma-protesta-a-24-policias-ascendidos-y-13-titulados-como-tsu-en-policia-preventivo\/#breadcrumb","itemListElement":[{"@type":"ListItem","position":1,"name":"Inicio","item":"https:\/\/www.nexoinformativo.mx\/"},{"@type":"ListItem","position":2,"name":"Luis Nava toma protesta a 24 Polic\u00edas ascendidos y 13 titulados como TSU en Polic\u00eda preventivo"}]},{"@type":"WebSite","@id":"https:\/\/www.nexoinformativo.mx\/#website","url":"https:\/\/www.nexoinformativo.mx\/","name":"Nexo Informativo Santiago de Quer\u00e9taro","description":"Explora NexoInformativo y convi\u00e9rtete en parte de una comunidad que valora el conocimiento y la verdad. Tu nexoinformativo es tu puente hacia una comprensi\u00f3n m\u00e1s profunda del mundo que te rodea.","publisher":{"@id":"https:\/\/www.nexoinformativo.mx\/#organization"},"potentialAction":[{"@type":"SearchAction","target":{"@type":"EntryPoint","urlTemplate":"https:\/\/www.nexoinformativo.mx\/?s={search_term_string}"},"query-input":{"@type":"PropertyValueSpecification","valueRequired":true,"valueName":"search_term_string"}}],"inLanguage":"es"},{"@type":"Organization","@id":"https:\/\/www.nexoinformativo.mx\/#organization","name":"Nexo Informativo Santiago de Quer\u00e9taro","url":"https:\/\/www.nexoinformativo.mx\/","logo":{"@type":"ImageObject","inLanguage":"es","@id":"https:\/\/www.nexoinformativo.mx\/#\/schema\/logo\/image\/","url":"https:\/\/www.nexoinformativo.mx\/wp-content\/uploads\/2024\/07\/nexoi-trasparente-2.png","contentUrl":"https:\/\/www.nexoinformativo.mx\/wp-content\/uploads\/2024\/07\/nexoi-trasparente-2.png","width":816,"height":339,"caption":"Nexo Informativo Santiago de Quer\u00e9taro"},"image":{"@id":"https:\/\/www.nexoinformativo.mx\/#\/schema\/logo\/image\/"},"sameAs":["https:\/\/www.facebook.com\/people\/Nexo-Informativo\/61564066885511\/"]},{"@type":"Person","@id":"https:\/\/www.nexoinformativo.mx\/#\/schema\/person\/7749d380ba08c8ca00d7bc76fd907b7d","name":"Nexo Informativo","image":{"@type":"ImageObject","inLanguage":"es","@id":"https:\/\/www.nexoinformativo.mx\/#\/schema\/person\/image\/","url":"https:\/\/secure.gravatar.com\/avatar\/dde2928154642a13d95f87ddf1ea9718fe2b46760a005c53e41ff5ad610704e6?s=96&d=mm&r=g","contentUrl":"https:\/\/secure.gravatar.com\/avatar\/dde2928154642a13d95f87ddf1ea9718fe2b46760a005c53e41ff5ad610704e6?s=96&d=mm&r=g","caption":"Nexo Informativo"},"url":"https:\/\/www.nexoinformativo.mx\/index.php\/author\/edicion\/"}]}},"_links":{"self":[{"href":"https:\/\/www.nexoinformativo.mx\/index.php\/wp-json\/wp\/v2\/posts\/1476","targetHints":{"allow":["GET"]}}],"collection":[{"href":"https:\/\/www.nexoinformativo.mx\/index.php\/wp-json\/wp\/v2\/posts"}],"about":[{"href":"https:\/\/www.nexoinformativo.mx\/index.php\/wp-json\/wp\/v2\/types\/post"}],"author":[{"embeddable":true,"href":"https:\/\/www.nexoinformativo.mx\/index.php\/wp-json\/wp\/v2\/users\/3"}],"replies":[{"embeddable":true,"href":"https:\/\/www.nexoinformativo.mx\/index.php\/wp-json\/wp\/v2\/comments?post=1476"}],"version-history":[{"count":4,"href":"https:\/\/www.nexoinformativo.mx\/index.php\/wp-json\/wp\/v2\/posts\/1476\/revisions"}],"predecessor-version":[{"id":1483,"href":"https:\/\/www.nexoinformativo.mx\/index.php\/wp-json\/wp\/v2\/posts\/1476\/revisions\/1483"}],"wp:featuredmedia":[{"embeddable":true,"href":"https:\/\/www.nexoinformativo.mx\/index.php\/wp-json\/wp\/v2\/media\/1477"}],"wp:attachment":[{"href":"https:\/\/www.nexoinformativo.mx\/index.php\/wp-json\/wp\/v2\/media?parent=1476"}],"wp:term":[{"taxonomy":"category","embeddable":true,"href":"https:\/\/www.nexoinformativo.mx\/index.php\/wp-json\/wp\/v2\/categories?post=1476"},{"taxonomy":"post_tag","embeddable":true,"href":"https:\/\/www.nexoinformativo.mx\/index.php\/wp-json\/wp\/v2\/tags?post=1476"}],"curies":[{"name":"wp","href":"https:\/\/api.w.org\/{rel}","templated":true}]}}