{"id":14777,"date":"2025-05-06T08:30:38","date_gmt":"2025-05-06T14:30:38","guid":{"rendered":"https:\/\/www.nexoinformativo.mx\/?p=14777"},"modified":"2025-05-06T09:03:30","modified_gmt":"2025-05-06T15:03:30","slug":"festival-queretaro-historico-un-encuentro-vibrante-con-el-legado-cultural-de-la-ciudad","status":"publish","type":"post","link":"https:\/\/www.nexoinformativo.mx\/index.php\/2025\/05\/06\/festival-queretaro-historico-un-encuentro-vibrante-con-el-legado-cultural-de-la-ciudad\/","title":{"rendered":"Festival Quer\u00e9taro hist\u00f3rico un encuentro vibrante con el legado cultural de la ciudad"},"content":{"rendered":"<p style=\"text-align: justify;\" data-sourcepos=\"3:1-3:403\">La secretaria de Cultura del estado, Ana Paola L\u00f3pez Birlain, present\u00f3 el esperado Festival Quer\u00e9taro Hist\u00f3rico, que se llevar\u00e1 a cabo del 15 al 25 de mayo en la capital queretana.<\/p>\n<p>&nbsp;<\/p>\n<p style=\"text-align: justify;\" data-sourcepos=\"3:1-3:403\">Este evento promete sumergir a visitantes de todas las edades en la rica herencia cultural e hist\u00f3rica de la entidad, fomentando su conocimiento y aprecio.<\/p>\n<p>&nbsp;<\/p>\n<p style=\"text-align: justify;\" data-sourcepos=\"5:1-5:433\">En rueda de prensa, la titular de la SECULT detall\u00f3 que el festival ofrecer\u00e1 una experiencia \u00fanica, transportando a los asistentes a trav\u00e9s del tiempo con actividades tan diversas como una cena de \u00e9poca de 1810, mon\u00f3logos teatrales en estaciones de Qrobus, conciertos de diversos g\u00e9neros, obras de teatro, exposiciones fascinantes y la proyecci\u00f3n de miniseries hist\u00f3ricas, garantizando una propuesta incluyente para todos los gustos.<\/p>\n<p>&nbsp;<\/p>\n<p style=\"text-align: justify;\" data-sourcepos=\"7:1-7:321\">&#8220;Queremos que ni\u00f1as, ni\u00f1os, j\u00f3venes y adultos se acerquen a la historia de M\u00e9xico con curiosidad, con emoci\u00f3n y con sentido de pertenencia; Quer\u00e9taro ha sido siempre tierra de historia y con este festival reafirmamos que tambi\u00e9n es tierra de memoria, de orgullo y de visi\u00f3n cultural&#8221;, destac\u00f3 la secretaria L\u00f3pez Birlain.<\/p>\n<p>&nbsp;<\/p>\n<p style=\"text-align: justify;\" data-sourcepos=\"9:1-9:271\">Por su parte, el director del festival, Jorge Flores, resalt\u00f3 que se trata de un evento pionero en M\u00e9xico, dise\u00f1ado para hacer la historia del pa\u00eds accesible y atractiva para todos, sin importar edad u origen, fortaleciendo as\u00ed el sentido de identidad y orgullo nacional.<\/p>\n<p>&nbsp;<\/p>\n<p style=\"text-align: justify;\" data-sourcepos=\"11:1-11:277\">El festival tendr\u00e1 como escenario diversos espacios emblem\u00e1ticos del Centro Hist\u00f3rico, como el Jard\u00edn Guerrero, la Plaza de Armas, el Jard\u00edn de la Corregidora, la delegaci\u00f3n Centro Hist\u00f3rico, andadores pintorescos, casas de cultura y hasta las concurridas estaciones de Qrob\u00fas.<\/p>\n<p>&nbsp;<\/p>\n<p style=\"text-align: justify;\" data-sourcepos=\"15:1-15:400\">El programa tambi\u00e9n contempla conciertos especiales de la Orquesta de C\u00e1mara de la Universidad Aut\u00f3noma de Quer\u00e9taro, recorridos guiados por el Museo de Arte, presentaciones del mariachi, la estudiantina y la rondalla de la UAQ.<\/p>\n<\/p>\n<p>&nbsp;<\/p>\n<p style=\"text-align: justify;\" data-sourcepos=\"15:1-15:400\">Y un conversatorio imperdible con Jorge Avenda\u00f1o Lurhs, el talentoso compositor detr\u00e1s de los temas musicales de ic\u00f3nicas telenovelas hist\u00f3ricas de la televisi\u00f3n mexicana.<\/p>\n<p>&nbsp;<\/p>\n<p style=\"text-align: center;\" data-sourcepos=\"15:1-15:400\"><em><strong>\u00a1Informaci\u00f3n que transforma!<\/strong><\/em><\/p>\n","protected":false},"excerpt":{"rendered":"<p>La secretaria de Cultura del estado, Ana Paola L\u00f3pez Birlain, present\u00f3 el esperado Festival Quer\u00e9taro Hist\u00f3rico, que se llevar\u00e1 a cabo del 15 al 25 de mayo en la capital queretana<\/p>\n","protected":false},"author":3,"featured_media":14778,"comment_status":"open","ping_status":"open","sticky":false,"template":"","format":"standard","meta":{"footnotes":""},"categories":[50,42,58],"tags":[1461,4391,4390,4210],"class_list":["post-14777","post","type-post","status-publish","format-standard","has-post-thumbnail","hentry","category-espectaculos","category-estado","category-ultima-hora","tag-festivalcultural","tag-historiaviva","tag-queretarohistorico","tag-secultqro"],"yoast_head":"<!-- This site is optimized with the Yoast SEO plugin v25.0 - https:\/\/yoast.com\/wordpress\/plugins\/seo\/ -->\n<title>Festival Quer\u00e9taro hist\u00f3rico un encuentro vibrante con el legado cultural de la ciudad | Nexo Informativo Santiago de Quer\u00e9taro<\/title>\n<meta name=\"description\" content=\"Festival Quer\u00e9taro hist\u00f3rico un encuentro vibrante con el legado cultural de la ciudad\" \/>\n<meta name=\"robots\" content=\"index, follow, max-snippet:-1, max-image-preview:large, max-video-preview:-1\" \/>\n<link rel=\"canonical\" href=\"https:\/\/www.nexoinformativo.mx\/index.php\/2025\/05\/06\/festival-queretaro-historico-un-encuentro-vibrante-con-el-legado-cultural-de-la-ciudad\/\" \/>\n<meta property=\"og:locale\" content=\"es_MX\" \/>\n<meta property=\"og:type\" content=\"article\" \/>\n<meta property=\"og:title\" content=\"Festival Quer\u00e9taro hist\u00f3rico un encuentro vibrante con el legado cultural de la ciudad | Nexo Informativo Santiago de Quer\u00e9taro\" \/>\n<meta property=\"og:description\" content=\"Festival Quer\u00e9taro hist\u00f3rico un encuentro vibrante con el legado cultural de la ciudad\" \/>\n<meta property=\"og:url\" content=\"https:\/\/www.nexoinformativo.mx\/index.php\/2025\/05\/06\/festival-queretaro-historico-un-encuentro-vibrante-con-el-legado-cultural-de-la-ciudad\/\" \/>\n<meta property=\"og:site_name\" content=\"Nexo Informativo Santiago de Quer\u00e9taro\" \/>\n<meta property=\"article:publisher\" content=\"https:\/\/www.facebook.com\/people\/Nexo-Informativo\/61564066885511\/\" \/>\n<meta property=\"article:published_time\" content=\"2025-05-06T14:30:38+00:00\" \/>\n<meta property=\"article:modified_time\" content=\"2025-05-06T15:03:30+00:00\" \/>\n<meta property=\"og:image\" content=\"https:\/\/www.nexoinformativo.mx\/wp-content\/uploads\/2025\/05\/71_273_47787_1901103649_05_05_25_Festival2-e1746543735317.jpg\" \/>\n\t<meta property=\"og:image:width\" content=\"800\" \/>\n\t<meta property=\"og:image:height\" content=\"600\" \/>\n\t<meta property=\"og:image:type\" content=\"image\/jpeg\" \/>\n<meta name=\"author\" content=\"Nexo Informativo\" \/>\n<meta name=\"twitter:card\" content=\"summary_large_image\" \/>\n<meta name=\"twitter:label1\" content=\"Escrito por\" \/>\n\t<meta name=\"twitter:data1\" content=\"Nexo Informativo\" \/>\n\t<meta name=\"twitter:label2\" content=\"Tiempo de lectura\" \/>\n\t<meta name=\"twitter:data2\" content=\"2 minutos\" \/>\n<script type=\"application\/ld+json\" class=\"yoast-schema-graph\">{\"@context\":\"https:\/\/schema.org\",\"@graph\":[{\"@type\":\"Article\",\"@id\":\"https:\/\/www.nexoinformativo.mx\/index.php\/2025\/05\/06\/festival-queretaro-historico-un-encuentro-vibrante-con-el-legado-cultural-de-la-ciudad\/#article\",\"isPartOf\":{\"@id\":\"https:\/\/www.nexoinformativo.mx\/index.php\/2025\/05\/06\/festival-queretaro-historico-un-encuentro-vibrante-con-el-legado-cultural-de-la-ciudad\/\"},\"author\":{\"name\":\"Nexo Informativo\",\"@id\":\"https:\/\/www.nexoinformativo.mx\/#\/schema\/person\/7749d380ba08c8ca00d7bc76fd907b7d\"},\"headline\":\"Festival Quer\u00e9taro hist\u00f3rico un encuentro vibrante con el legado cultural de la ciudad\",\"datePublished\":\"2025-05-06T14:30:38+00:00\",\"dateModified\":\"2025-05-06T15:03:30+00:00\",\"mainEntityOfPage\":{\"@id\":\"https:\/\/www.nexoinformativo.mx\/index.php\/2025\/05\/06\/festival-queretaro-historico-un-encuentro-vibrante-con-el-legado-cultural-de-la-ciudad\/\"},\"wordCount\":378,\"commentCount\":0,\"publisher\":{\"@id\":\"https:\/\/www.nexoinformativo.mx\/#organization\"},\"image\":{\"@id\":\"https:\/\/www.nexoinformativo.mx\/index.php\/2025\/05\/06\/festival-queretaro-historico-un-encuentro-vibrante-con-el-legado-cultural-de-la-ciudad\/#primaryimage\"},\"thumbnailUrl\":\"https:\/\/www.nexoinformativo.mx\/wp-content\/uploads\/2025\/05\/71_273_47787_1901103649_05_05_25_Festival2-e1746543735317.jpg\",\"keywords\":[\"FestivalCultural\",\"HistoriaViva\",\"Quer\u00e9taroHist\u00f3rico\",\"SECULTQro\"],\"articleSection\":[\"Espect\u00e1culos\",\"Estado\",\"\u00daltima Hora\"],\"inLanguage\":\"es\",\"potentialAction\":[{\"@type\":\"CommentAction\",\"name\":\"Comment\",\"target\":[\"https:\/\/www.nexoinformativo.mx\/index.php\/2025\/05\/06\/festival-queretaro-historico-un-encuentro-vibrante-con-el-legado-cultural-de-la-ciudad\/#respond\"]}]},{\"@type\":\"WebPage\",\"@id\":\"https:\/\/www.nexoinformativo.mx\/index.php\/2025\/05\/06\/festival-queretaro-historico-un-encuentro-vibrante-con-el-legado-cultural-de-la-ciudad\/\",\"url\":\"https:\/\/www.nexoinformativo.mx\/index.php\/2025\/05\/06\/festival-queretaro-historico-un-encuentro-vibrante-con-el-legado-cultural-de-la-ciudad\/\",\"name\":\"Festival Quer\u00e9taro hist\u00f3rico un encuentro vibrante con el legado cultural de la ciudad | Nexo Informativo Santiago de Quer\u00e9taro\",\"isPartOf\":{\"@id\":\"https:\/\/www.nexoinformativo.mx\/#website\"},\"primaryImageOfPage\":{\"@id\":\"https:\/\/www.nexoinformativo.mx\/index.php\/2025\/05\/06\/festival-queretaro-historico-un-encuentro-vibrante-con-el-legado-cultural-de-la-ciudad\/#primaryimage\"},\"image\":{\"@id\":\"https:\/\/www.nexoinformativo.mx\/index.php\/2025\/05\/06\/festival-queretaro-historico-un-encuentro-vibrante-con-el-legado-cultural-de-la-ciudad\/#primaryimage\"},\"thumbnailUrl\":\"https:\/\/www.nexoinformativo.mx\/wp-content\/uploads\/2025\/05\/71_273_47787_1901103649_05_05_25_Festival2-e1746543735317.jpg\",\"datePublished\":\"2025-05-06T14:30:38+00:00\",\"dateModified\":\"2025-05-06T15:03:30+00:00\",\"description\":\"Festival Quer\u00e9taro hist\u00f3rico un encuentro vibrante con el legado cultural de la ciudad\",\"breadcrumb\":{\"@id\":\"https:\/\/www.nexoinformativo.mx\/index.php\/2025\/05\/06\/festival-queretaro-historico-un-encuentro-vibrante-con-el-legado-cultural-de-la-ciudad\/#breadcrumb\"},\"inLanguage\":\"es\",\"potentialAction\":[{\"@type\":\"ReadAction\",\"target\":[\"https:\/\/www.nexoinformativo.mx\/index.php\/2025\/05\/06\/festival-queretaro-historico-un-encuentro-vibrante-con-el-legado-cultural-de-la-ciudad\/\"]}]},{\"@type\":\"ImageObject\",\"inLanguage\":\"es\",\"@id\":\"https:\/\/www.nexoinformativo.mx\/index.php\/2025\/05\/06\/festival-queretaro-historico-un-encuentro-vibrante-con-el-legado-cultural-de-la-ciudad\/#primaryimage\",\"url\":\"https:\/\/www.nexoinformativo.mx\/wp-content\/uploads\/2025\/05\/71_273_47787_1901103649_05_05_25_Festival2-e1746543735317.jpg\",\"contentUrl\":\"https:\/\/www.nexoinformativo.mx\/wp-content\/uploads\/2025\/05\/71_273_47787_1901103649_05_05_25_Festival2-e1746543735317.jpg\",\"width\":800,\"height\":600},{\"@type\":\"BreadcrumbList\",\"@id\":\"https:\/\/www.nexoinformativo.mx\/index.php\/2025\/05\/06\/festival-queretaro-historico-un-encuentro-vibrante-con-el-legado-cultural-de-la-ciudad\/#breadcrumb\",\"itemListElement\":[{\"@type\":\"ListItem\",\"position\":1,\"name\":\"Inicio\",\"item\":\"https:\/\/www.nexoinformativo.mx\/\"},{\"@type\":\"ListItem\",\"position\":2,\"name\":\"Festival Quer\u00e9taro hist\u00f3rico un encuentro vibrante con el legado cultural de la ciudad\"}]},{\"@type\":\"WebSite\",\"@id\":\"https:\/\/www.nexoinformativo.mx\/#website\",\"url\":\"https:\/\/www.nexoinformativo.mx\/\",\"name\":\"Nexo Informativo Santiago de Quer\u00e9taro\",\"description\":\"Explora NexoInformativo y convi\u00e9rtete en parte de una comunidad que valora el conocimiento y la verdad. Tu nexoinformativo es tu puente hacia una comprensi\u00f3n m\u00e1s profunda del mundo que te rodea.\",\"publisher\":{\"@id\":\"https:\/\/www.nexoinformativo.mx\/#organization\"},\"potentialAction\":[{\"@type\":\"SearchAction\",\"target\":{\"@type\":\"EntryPoint\",\"urlTemplate\":\"https:\/\/www.nexoinformativo.mx\/?s={search_term_string}\"},\"query-input\":{\"@type\":\"PropertyValueSpecification\",\"valueRequired\":true,\"valueName\":\"search_term_string\"}}],\"inLanguage\":\"es\"},{\"@type\":\"Organization\",\"@id\":\"https:\/\/www.nexoinformativo.mx\/#organization\",\"name\":\"Nexo Informativo Santiago de Quer\u00e9taro\",\"url\":\"https:\/\/www.nexoinformativo.mx\/\",\"logo\":{\"@type\":\"ImageObject\",\"inLanguage\":\"es\",\"@id\":\"https:\/\/www.nexoinformativo.mx\/#\/schema\/logo\/image\/\",\"url\":\"https:\/\/www.nexoinformativo.mx\/wp-content\/uploads\/2024\/07\/nexoi-trasparente-2.png\",\"contentUrl\":\"https:\/\/www.nexoinformativo.mx\/wp-content\/uploads\/2024\/07\/nexoi-trasparente-2.png\",\"width\":816,\"height\":339,\"caption\":\"Nexo Informativo Santiago de Quer\u00e9taro\"},\"image\":{\"@id\":\"https:\/\/www.nexoinformativo.mx\/#\/schema\/logo\/image\/\"},\"sameAs\":[\"https:\/\/www.facebook.com\/people\/Nexo-Informativo\/61564066885511\/\"]},{\"@type\":\"Person\",\"@id\":\"https:\/\/www.nexoinformativo.mx\/#\/schema\/person\/7749d380ba08c8ca00d7bc76fd907b7d\",\"name\":\"Nexo Informativo\",\"image\":{\"@type\":\"ImageObject\",\"inLanguage\":\"es\",\"@id\":\"https:\/\/www.nexoinformativo.mx\/#\/schema\/person\/image\/\",\"url\":\"https:\/\/secure.gravatar.com\/avatar\/dde2928154642a13d95f87ddf1ea9718fe2b46760a005c53e41ff5ad610704e6?s=96&d=mm&r=g\",\"contentUrl\":\"https:\/\/secure.gravatar.com\/avatar\/dde2928154642a13d95f87ddf1ea9718fe2b46760a005c53e41ff5ad610704e6?s=96&d=mm&r=g\",\"caption\":\"Nexo Informativo\"},\"url\":\"https:\/\/www.nexoinformativo.mx\/index.php\/author\/edicion\/\"}]}<\/script>\n<!-- \/ Yoast SEO plugin. -->","yoast_head_json":{"title":"Festival Quer\u00e9taro hist\u00f3rico un encuentro vibrante con el legado cultural de la ciudad | Nexo Informativo Santiago de Quer\u00e9taro","description":"Festival Quer\u00e9taro hist\u00f3rico un encuentro vibrante con el legado cultural de la ciudad","robots":{"index":"index","follow":"follow","max-snippet":"max-snippet:-1","max-image-preview":"max-image-preview:large","max-video-preview":"max-video-preview:-1"},"canonical":"https:\/\/www.nexoinformativo.mx\/index.php\/2025\/05\/06\/festival-queretaro-historico-un-encuentro-vibrante-con-el-legado-cultural-de-la-ciudad\/","og_locale":"es_MX","og_type":"article","og_title":"Festival Quer\u00e9taro hist\u00f3rico un encuentro vibrante con el legado cultural de la ciudad | Nexo Informativo Santiago de Quer\u00e9taro","og_description":"Festival Quer\u00e9taro hist\u00f3rico un encuentro vibrante con el legado cultural de la ciudad","og_url":"https:\/\/www.nexoinformativo.mx\/index.php\/2025\/05\/06\/festival-queretaro-historico-un-encuentro-vibrante-con-el-legado-cultural-de-la-ciudad\/","og_site_name":"Nexo Informativo Santiago de Quer\u00e9taro","article_publisher":"https:\/\/www.facebook.com\/people\/Nexo-Informativo\/61564066885511\/","article_published_time":"2025-05-06T14:30:38+00:00","article_modified_time":"2025-05-06T15:03:30+00:00","og_image":[{"width":800,"height":600,"url":"https:\/\/www.nexoinformativo.mx\/wp-content\/uploads\/2025\/05\/71_273_47787_1901103649_05_05_25_Festival2-e1746543735317.jpg","type":"image\/jpeg"}],"author":"Nexo Informativo","twitter_card":"summary_large_image","twitter_misc":{"Escrito por":"Nexo Informativo","Tiempo de lectura":"2 minutos"},"schema":{"@context":"https:\/\/schema.org","@graph":[{"@type":"Article","@id":"https:\/\/www.nexoinformativo.mx\/index.php\/2025\/05\/06\/festival-queretaro-historico-un-encuentro-vibrante-con-el-legado-cultural-de-la-ciudad\/#article","isPartOf":{"@id":"https:\/\/www.nexoinformativo.mx\/index.php\/2025\/05\/06\/festival-queretaro-historico-un-encuentro-vibrante-con-el-legado-cultural-de-la-ciudad\/"},"author":{"name":"Nexo Informativo","@id":"https:\/\/www.nexoinformativo.mx\/#\/schema\/person\/7749d380ba08c8ca00d7bc76fd907b7d"},"headline":"Festival Quer\u00e9taro hist\u00f3rico un encuentro vibrante con el legado cultural de la ciudad","datePublished":"2025-05-06T14:30:38+00:00","dateModified":"2025-05-06T15:03:30+00:00","mainEntityOfPage":{"@id":"https:\/\/www.nexoinformativo.mx\/index.php\/2025\/05\/06\/festival-queretaro-historico-un-encuentro-vibrante-con-el-legado-cultural-de-la-ciudad\/"},"wordCount":378,"commentCount":0,"publisher":{"@id":"https:\/\/www.nexoinformativo.mx\/#organization"},"image":{"@id":"https:\/\/www.nexoinformativo.mx\/index.php\/2025\/05\/06\/festival-queretaro-historico-un-encuentro-vibrante-con-el-legado-cultural-de-la-ciudad\/#primaryimage"},"thumbnailUrl":"https:\/\/www.nexoinformativo.mx\/wp-content\/uploads\/2025\/05\/71_273_47787_1901103649_05_05_25_Festival2-e1746543735317.jpg","keywords":["FestivalCultural","HistoriaViva","Quer\u00e9taroHist\u00f3rico","SECULTQro"],"articleSection":["Espect\u00e1culos","Estado","\u00daltima Hora"],"inLanguage":"es","potentialAction":[{"@type":"CommentAction","name":"Comment","target":["https:\/\/www.nexoinformativo.mx\/index.php\/2025\/05\/06\/festival-queretaro-historico-un-encuentro-vibrante-con-el-legado-cultural-de-la-ciudad\/#respond"]}]},{"@type":"WebPage","@id":"https:\/\/www.nexoinformativo.mx\/index.php\/2025\/05\/06\/festival-queretaro-historico-un-encuentro-vibrante-con-el-legado-cultural-de-la-ciudad\/","url":"https:\/\/www.nexoinformativo.mx\/index.php\/2025\/05\/06\/festival-queretaro-historico-un-encuentro-vibrante-con-el-legado-cultural-de-la-ciudad\/","name":"Festival Quer\u00e9taro hist\u00f3rico un encuentro vibrante con el legado cultural de la ciudad | Nexo Informativo Santiago de Quer\u00e9taro","isPartOf":{"@id":"https:\/\/www.nexoinformativo.mx\/#website"},"primaryImageOfPage":{"@id":"https:\/\/www.nexoinformativo.mx\/index.php\/2025\/05\/06\/festival-queretaro-historico-un-encuentro-vibrante-con-el-legado-cultural-de-la-ciudad\/#primaryimage"},"image":{"@id":"https:\/\/www.nexoinformativo.mx\/index.php\/2025\/05\/06\/festival-queretaro-historico-un-encuentro-vibrante-con-el-legado-cultural-de-la-ciudad\/#primaryimage"},"thumbnailUrl":"https:\/\/www.nexoinformativo.mx\/wp-content\/uploads\/2025\/05\/71_273_47787_1901103649_05_05_25_Festival2-e1746543735317.jpg","datePublished":"2025-05-06T14:30:38+00:00","dateModified":"2025-05-06T15:03:30+00:00","description":"Festival Quer\u00e9taro hist\u00f3rico un encuentro vibrante con el legado cultural de la ciudad","breadcrumb":{"@id":"https:\/\/www.nexoinformativo.mx\/index.php\/2025\/05\/06\/festival-queretaro-historico-un-encuentro-vibrante-con-el-legado-cultural-de-la-ciudad\/#breadcrumb"},"inLanguage":"es","potentialAction":[{"@type":"ReadAction","target":["https:\/\/www.nexoinformativo.mx\/index.php\/2025\/05\/06\/festival-queretaro-historico-un-encuentro-vibrante-con-el-legado-cultural-de-la-ciudad\/"]}]},{"@type":"ImageObject","inLanguage":"es","@id":"https:\/\/www.nexoinformativo.mx\/index.php\/2025\/05\/06\/festival-queretaro-historico-un-encuentro-vibrante-con-el-legado-cultural-de-la-ciudad\/#primaryimage","url":"https:\/\/www.nexoinformativo.mx\/wp-content\/uploads\/2025\/05\/71_273_47787_1901103649_05_05_25_Festival2-e1746543735317.jpg","contentUrl":"https:\/\/www.nexoinformativo.mx\/wp-content\/uploads\/2025\/05\/71_273_47787_1901103649_05_05_25_Festival2-e1746543735317.jpg","width":800,"height":600},{"@type":"BreadcrumbList","@id":"https:\/\/www.nexoinformativo.mx\/index.php\/2025\/05\/06\/festival-queretaro-historico-un-encuentro-vibrante-con-el-legado-cultural-de-la-ciudad\/#breadcrumb","itemListElement":[{"@type":"ListItem","position":1,"name":"Inicio","item":"https:\/\/www.nexoinformativo.mx\/"},{"@type":"ListItem","position":2,"name":"Festival Quer\u00e9taro hist\u00f3rico un encuentro vibrante con el legado cultural de la ciudad"}]},{"@type":"WebSite","@id":"https:\/\/www.nexoinformativo.mx\/#website","url":"https:\/\/www.nexoinformativo.mx\/","name":"Nexo Informativo Santiago de Quer\u00e9taro","description":"Explora NexoInformativo y convi\u00e9rtete en parte de una comunidad que valora el conocimiento y la verdad. Tu nexoinformativo es tu puente hacia una comprensi\u00f3n m\u00e1s profunda del mundo que te rodea.","publisher":{"@id":"https:\/\/www.nexoinformativo.mx\/#organization"},"potentialAction":[{"@type":"SearchAction","target":{"@type":"EntryPoint","urlTemplate":"https:\/\/www.nexoinformativo.mx\/?s={search_term_string}"},"query-input":{"@type":"PropertyValueSpecification","valueRequired":true,"valueName":"search_term_string"}}],"inLanguage":"es"},{"@type":"Organization","@id":"https:\/\/www.nexoinformativo.mx\/#organization","name":"Nexo Informativo Santiago de Quer\u00e9taro","url":"https:\/\/www.nexoinformativo.mx\/","logo":{"@type":"ImageObject","inLanguage":"es","@id":"https:\/\/www.nexoinformativo.mx\/#\/schema\/logo\/image\/","url":"https:\/\/www.nexoinformativo.mx\/wp-content\/uploads\/2024\/07\/nexoi-trasparente-2.png","contentUrl":"https:\/\/www.nexoinformativo.mx\/wp-content\/uploads\/2024\/07\/nexoi-trasparente-2.png","width":816,"height":339,"caption":"Nexo Informativo Santiago de Quer\u00e9taro"},"image":{"@id":"https:\/\/www.nexoinformativo.mx\/#\/schema\/logo\/image\/"},"sameAs":["https:\/\/www.facebook.com\/people\/Nexo-Informativo\/61564066885511\/"]},{"@type":"Person","@id":"https:\/\/www.nexoinformativo.mx\/#\/schema\/person\/7749d380ba08c8ca00d7bc76fd907b7d","name":"Nexo Informativo","image":{"@type":"ImageObject","inLanguage":"es","@id":"https:\/\/www.nexoinformativo.mx\/#\/schema\/person\/image\/","url":"https:\/\/secure.gravatar.com\/avatar\/dde2928154642a13d95f87ddf1ea9718fe2b46760a005c53e41ff5ad610704e6?s=96&d=mm&r=g","contentUrl":"https:\/\/secure.gravatar.com\/avatar\/dde2928154642a13d95f87ddf1ea9718fe2b46760a005c53e41ff5ad610704e6?s=96&d=mm&r=g","caption":"Nexo Informativo"},"url":"https:\/\/www.nexoinformativo.mx\/index.php\/author\/edicion\/"}]}},"_links":{"self":[{"href":"https:\/\/www.nexoinformativo.mx\/index.php\/wp-json\/wp\/v2\/posts\/14777","targetHints":{"allow":["GET"]}}],"collection":[{"href":"https:\/\/www.nexoinformativo.mx\/index.php\/wp-json\/wp\/v2\/posts"}],"about":[{"href":"https:\/\/www.nexoinformativo.mx\/index.php\/wp-json\/wp\/v2\/types\/post"}],"author":[{"embeddable":true,"href":"https:\/\/www.nexoinformativo.mx\/index.php\/wp-json\/wp\/v2\/users\/3"}],"replies":[{"embeddable":true,"href":"https:\/\/www.nexoinformativo.mx\/index.php\/wp-json\/wp\/v2\/comments?post=14777"}],"version-history":[{"count":4,"href":"https:\/\/www.nexoinformativo.mx\/index.php\/wp-json\/wp\/v2\/posts\/14777\/revisions"}],"predecessor-version":[{"id":14781,"href":"https:\/\/www.nexoinformativo.mx\/index.php\/wp-json\/wp\/v2\/posts\/14777\/revisions\/14781"}],"wp:featuredmedia":[{"embeddable":true,"href":"https:\/\/www.nexoinformativo.mx\/index.php\/wp-json\/wp\/v2\/media\/14778"}],"wp:attachment":[{"href":"https:\/\/www.nexoinformativo.mx\/index.php\/wp-json\/wp\/v2\/media?parent=14777"}],"wp:term":[{"taxonomy":"category","embeddable":true,"href":"https:\/\/www.nexoinformativo.mx\/index.php\/wp-json\/wp\/v2\/categories?post=14777"},{"taxonomy":"post_tag","embeddable":true,"href":"https:\/\/www.nexoinformativo.mx\/index.php\/wp-json\/wp\/v2\/tags?post=14777"}],"curies":[{"name":"wp","href":"https:\/\/api.w.org\/{rel}","templated":true}]}}