{"id":14783,"date":"2025-05-07T06:00:10","date_gmt":"2025-05-07T12:00:10","guid":{"rendered":"https:\/\/www.nexoinformativo.mx\/?p=14783"},"modified":"2025-05-07T11:39:26","modified_gmt":"2025-05-07T17:39:26","slug":"queretaro-no-baja-la-guardia-refuerzan-seguridad-en-antros-y-bares-para-noches-mas-tranquilas","status":"publish","type":"post","link":"https:\/\/www.nexoinformativo.mx\/index.php\/2025\/05\/07\/queretaro-no-baja-la-guardia-refuerzan-seguridad-en-antros-y-bares-para-noches-mas-tranquilas\/","title":{"rendered":"Quer\u00e9taro no baja la guardia refuerzan seguridad en antros y bares para noches m\u00e1s tranquilas"},"content":{"rendered":"<p style=\"text-align: justify;\" data-sourcepos=\"3:1-3:515\">El Gobierno del estado y representantes de establecimientos nocturnos de Quer\u00e9taro intensificaron la revisi\u00f3n de los avances en materia de seguridad, buscando garantizar espacios m\u00e1s seguros para los asistentes.<\/p>\n<p>&nbsp;<\/p>\n<p style=\"text-align: justify;\" data-sourcepos=\"3:1-3:515\">El secretario de Gobierno, Carlos Alcaraz, inform\u00f3 sobre una reuni\u00f3n clave con due\u00f1os y encargados de antros, bares, cantinas y restaurantes, donde se analizaron los acuerdos establecidos desde noviembre pasado para fortalecer la seguridad en estos lugares de esparcimiento.<\/p>\n<p>&nbsp;<\/p>\n<p style=\"text-align: justify;\" data-sourcepos=\"5:1-5:290\">Durante el encuentro, se pusieron sobre la mesa temas cruciales como el estricto cumplimiento de los horarios de cierre, la correcta aplicaci\u00f3n de las normativas de seguridad y protecci\u00f3n civil, y el progreso en la instalaci\u00f3n de sistemas de videovigilancia conectados al monitoreo estatal.<\/p>\n<p>&nbsp;<\/p>\n<p style=\"text-align: justify;\" data-sourcepos=\"7:1-7:343\">Carlos Alcaraz enfatiz\u00f3 la importancia de la coordinaci\u00f3n continua entre autoridades y empresarios para ofrecer mayor tranquilidad a quienes disfrutan de la vida nocturna queretana.<\/p>\n<p>&nbsp;<\/p>\n<p style=\"text-align: justify;\" data-sourcepos=\"7:1-7:343\">Adem\u00e1s, adelant\u00f3 que el municipio de Quer\u00e9taro presentar\u00e1 una herramienta innovadora para estrechar la colaboraci\u00f3n entre los negocios y las autoridades.<\/p>\n<p>&nbsp;<\/p>\n<p style=\"text-align: justify;\" data-sourcepos=\"9:1-9:359\">La reuni\u00f3n cont\u00f3 con la participaci\u00f3n de representantes de los municipios de El Marqu\u00e9s, Huimilpan, Corregidora y Quer\u00e9taro, en un esfuerzo por implementar una estrategia metropolitana unificada.<\/p>\n<p>&nbsp;<\/p>\n<p style=\"text-align: justify;\" data-sourcepos=\"9:1-9:359\">El secretario tambi\u00e9n anunci\u00f3 pr\u00f3ximos encuentros con funcionarios municipales para homologar criterios y estrategias de supervisi\u00f3n en toda la zona metropolitana.<\/p>\n<p>&nbsp;<\/p>\n<p style=\"text-align: justify;\" data-sourcepos=\"11:1-11:290\">Alcaraz fue contundente al se\u00f1alar que la aplicaci\u00f3n de las normativas debe ser rigurosa y sin excepciones: <strong>&#8220;No podemos ser permisivos con los que no est\u00e1n cumpliendo&#8221;<\/strong>, declar\u00f3, haciendo un llamado a los gobiernos municipales a actuar con seriedad y severidad ante cualquier incumplimiento.<\/p>\n<p>&nbsp;<\/p>\n<p style=\"text-align: justify;\" data-sourcepos=\"13:1-13:258\">Finalmente, inform\u00f3 que durante el pasado fin de semana se llevaron a cabo clausuras en diversos municipios a negocios que operaban sin la licencia correspondiente, ofrec\u00edan promociones ilegales o no respetaban los horarios de cierre.<\/p>\n<p>&nbsp;<\/p>\n<p style=\"text-align: center;\" data-sourcepos=\"13:1-13:258\"><em><strong>\u00a1Informaci\u00f3n que transforma!<\/strong><\/em><\/p>\n","protected":false},"excerpt":{"rendered":"<p>El Gobierno del estado y representantes de establecimientos nocturnos de Quer\u00e9taro intensificaron la revisi\u00f3n de los avances en materia de seguridad, buscando garantizar espacios m\u00e1s seguros para los asistentes.<\/p>\n","protected":false},"author":3,"featured_media":14784,"comment_status":"open","ping_status":"open","sticky":false,"template":"","format":"standard","meta":{"footnotes":""},"categories":[42,58],"tags":[4041,3226,242,4392],"class_list":["post-14783","post","type-post","status-publish","format-standard","has-post-thumbnail","hentry","category-estado","category-ultima-hora","tag-antrosseguros","tag-carlosalcaraz","tag-queretaroseguro","tag-seguridadnocturnaqro"],"yoast_head":"<!-- This site is optimized with the Yoast SEO plugin v25.0 - https:\/\/yoast.com\/wordpress\/plugins\/seo\/ -->\n<title>Quer\u00e9taro no baja la guardia refuerzan seguridad en antros y bares para noches m\u00e1s tranquilas | Nexo Informativo Santiago de Quer\u00e9taro<\/title>\n<meta name=\"description\" content=\"Quer\u00e9taro no baja la guardia refuerzan seguridad en antros y bares para noches m\u00e1s tranquilas\" \/>\n<meta name=\"robots\" content=\"index, follow, max-snippet:-1, max-image-preview:large, max-video-preview:-1\" \/>\n<link rel=\"canonical\" href=\"https:\/\/www.nexoinformativo.mx\/index.php\/2025\/05\/07\/queretaro-no-baja-la-guardia-refuerzan-seguridad-en-antros-y-bares-para-noches-mas-tranquilas\/\" \/>\n<meta property=\"og:locale\" content=\"es_MX\" \/>\n<meta property=\"og:type\" content=\"article\" \/>\n<meta property=\"og:title\" content=\"Quer\u00e9taro no baja la guardia refuerzan seguridad en antros y bares para noches m\u00e1s tranquilas | Nexo Informativo Santiago de Quer\u00e9taro\" \/>\n<meta property=\"og:description\" content=\"Quer\u00e9taro no baja la guardia refuerzan seguridad en antros y bares para noches m\u00e1s tranquilas\" \/>\n<meta property=\"og:url\" content=\"https:\/\/www.nexoinformativo.mx\/index.php\/2025\/05\/07\/queretaro-no-baja-la-guardia-refuerzan-seguridad-en-antros-y-bares-para-noches-mas-tranquilas\/\" \/>\n<meta property=\"og:site_name\" content=\"Nexo Informativo Santiago de Quer\u00e9taro\" \/>\n<meta property=\"article:publisher\" content=\"https:\/\/www.facebook.com\/people\/Nexo-Informativo\/61564066885511\/\" \/>\n<meta property=\"article:published_time\" content=\"2025-05-07T12:00:10+00:00\" \/>\n<meta property=\"article:modified_time\" content=\"2025-05-07T17:39:26+00:00\" \/>\n<meta property=\"og:image\" content=\"https:\/\/www.nexoinformativo.mx\/wp-content\/uploads\/2025\/05\/PHOTO-2025-05-06-15-00-06-e1746639489751.jpg\" \/>\n\t<meta property=\"og:image:width\" content=\"800\" \/>\n\t<meta property=\"og:image:height\" content=\"533\" \/>\n\t<meta property=\"og:image:type\" content=\"image\/jpeg\" \/>\n<meta name=\"author\" content=\"Nexo Informativo\" \/>\n<meta name=\"twitter:card\" content=\"summary_large_image\" \/>\n<meta name=\"twitter:label1\" content=\"Escrito por\" \/>\n\t<meta name=\"twitter:data1\" content=\"Nexo Informativo\" \/>\n\t<meta name=\"twitter:label2\" content=\"Tiempo de lectura\" \/>\n\t<meta name=\"twitter:data2\" content=\"2 minutos\" \/>\n<script type=\"application\/ld+json\" class=\"yoast-schema-graph\">{\"@context\":\"https:\/\/schema.org\",\"@graph\":[{\"@type\":\"Article\",\"@id\":\"https:\/\/www.nexoinformativo.mx\/index.php\/2025\/05\/07\/queretaro-no-baja-la-guardia-refuerzan-seguridad-en-antros-y-bares-para-noches-mas-tranquilas\/#article\",\"isPartOf\":{\"@id\":\"https:\/\/www.nexoinformativo.mx\/index.php\/2025\/05\/07\/queretaro-no-baja-la-guardia-refuerzan-seguridad-en-antros-y-bares-para-noches-mas-tranquilas\/\"},\"author\":{\"name\":\"Nexo Informativo\",\"@id\":\"https:\/\/www.nexoinformativo.mx\/#\/schema\/person\/7749d380ba08c8ca00d7bc76fd907b7d\"},\"headline\":\"Quer\u00e9taro no baja la guardia refuerzan seguridad en antros y bares para noches m\u00e1s tranquilas\",\"datePublished\":\"2025-05-07T12:00:10+00:00\",\"dateModified\":\"2025-05-07T17:39:26+00:00\",\"mainEntityOfPage\":{\"@id\":\"https:\/\/www.nexoinformativo.mx\/index.php\/2025\/05\/07\/queretaro-no-baja-la-guardia-refuerzan-seguridad-en-antros-y-bares-para-noches-mas-tranquilas\/\"},\"wordCount\":338,\"commentCount\":0,\"publisher\":{\"@id\":\"https:\/\/www.nexoinformativo.mx\/#organization\"},\"image\":{\"@id\":\"https:\/\/www.nexoinformativo.mx\/index.php\/2025\/05\/07\/queretaro-no-baja-la-guardia-refuerzan-seguridad-en-antros-y-bares-para-noches-mas-tranquilas\/#primaryimage\"},\"thumbnailUrl\":\"https:\/\/www.nexoinformativo.mx\/wp-content\/uploads\/2025\/05\/PHOTO-2025-05-06-15-00-06-e1746639489751.jpg\",\"keywords\":[\"AntrosSeguros\",\"CarlosAlcaraz\",\"QueretaroSeguro\",\"SeguridadNocturnaQro\"],\"articleSection\":[\"Estado\",\"\u00daltima Hora\"],\"inLanguage\":\"es\",\"potentialAction\":[{\"@type\":\"CommentAction\",\"name\":\"Comment\",\"target\":[\"https:\/\/www.nexoinformativo.mx\/index.php\/2025\/05\/07\/queretaro-no-baja-la-guardia-refuerzan-seguridad-en-antros-y-bares-para-noches-mas-tranquilas\/#respond\"]}]},{\"@type\":\"WebPage\",\"@id\":\"https:\/\/www.nexoinformativo.mx\/index.php\/2025\/05\/07\/queretaro-no-baja-la-guardia-refuerzan-seguridad-en-antros-y-bares-para-noches-mas-tranquilas\/\",\"url\":\"https:\/\/www.nexoinformativo.mx\/index.php\/2025\/05\/07\/queretaro-no-baja-la-guardia-refuerzan-seguridad-en-antros-y-bares-para-noches-mas-tranquilas\/\",\"name\":\"Quer\u00e9taro no baja la guardia refuerzan seguridad en antros y bares para noches m\u00e1s tranquilas | Nexo Informativo Santiago de Quer\u00e9taro\",\"isPartOf\":{\"@id\":\"https:\/\/www.nexoinformativo.mx\/#website\"},\"primaryImageOfPage\":{\"@id\":\"https:\/\/www.nexoinformativo.mx\/index.php\/2025\/05\/07\/queretaro-no-baja-la-guardia-refuerzan-seguridad-en-antros-y-bares-para-noches-mas-tranquilas\/#primaryimage\"},\"image\":{\"@id\":\"https:\/\/www.nexoinformativo.mx\/index.php\/2025\/05\/07\/queretaro-no-baja-la-guardia-refuerzan-seguridad-en-antros-y-bares-para-noches-mas-tranquilas\/#primaryimage\"},\"thumbnailUrl\":\"https:\/\/www.nexoinformativo.mx\/wp-content\/uploads\/2025\/05\/PHOTO-2025-05-06-15-00-06-e1746639489751.jpg\",\"datePublished\":\"2025-05-07T12:00:10+00:00\",\"dateModified\":\"2025-05-07T17:39:26+00:00\",\"description\":\"Quer\u00e9taro no baja la guardia refuerzan seguridad en antros y bares para noches m\u00e1s tranquilas\",\"breadcrumb\":{\"@id\":\"https:\/\/www.nexoinformativo.mx\/index.php\/2025\/05\/07\/queretaro-no-baja-la-guardia-refuerzan-seguridad-en-antros-y-bares-para-noches-mas-tranquilas\/#breadcrumb\"},\"inLanguage\":\"es\",\"potentialAction\":[{\"@type\":\"ReadAction\",\"target\":[\"https:\/\/www.nexoinformativo.mx\/index.php\/2025\/05\/07\/queretaro-no-baja-la-guardia-refuerzan-seguridad-en-antros-y-bares-para-noches-mas-tranquilas\/\"]}]},{\"@type\":\"ImageObject\",\"inLanguage\":\"es\",\"@id\":\"https:\/\/www.nexoinformativo.mx\/index.php\/2025\/05\/07\/queretaro-no-baja-la-guardia-refuerzan-seguridad-en-antros-y-bares-para-noches-mas-tranquilas\/#primaryimage\",\"url\":\"https:\/\/www.nexoinformativo.mx\/wp-content\/uploads\/2025\/05\/PHOTO-2025-05-06-15-00-06-e1746639489751.jpg\",\"contentUrl\":\"https:\/\/www.nexoinformativo.mx\/wp-content\/uploads\/2025\/05\/PHOTO-2025-05-06-15-00-06-e1746639489751.jpg\",\"width\":800,\"height\":533},{\"@type\":\"BreadcrumbList\",\"@id\":\"https:\/\/www.nexoinformativo.mx\/index.php\/2025\/05\/07\/queretaro-no-baja-la-guardia-refuerzan-seguridad-en-antros-y-bares-para-noches-mas-tranquilas\/#breadcrumb\",\"itemListElement\":[{\"@type\":\"ListItem\",\"position\":1,\"name\":\"Inicio\",\"item\":\"https:\/\/www.nexoinformativo.mx\/\"},{\"@type\":\"ListItem\",\"position\":2,\"name\":\"Quer\u00e9taro no baja la guardia refuerzan seguridad en antros y bares para noches m\u00e1s tranquilas\"}]},{\"@type\":\"WebSite\",\"@id\":\"https:\/\/www.nexoinformativo.mx\/#website\",\"url\":\"https:\/\/www.nexoinformativo.mx\/\",\"name\":\"Nexo Informativo Santiago de Quer\u00e9taro\",\"description\":\"Explora NexoInformativo y convi\u00e9rtete en parte de una comunidad que valora el conocimiento y la verdad. Tu nexoinformativo es tu puente hacia una comprensi\u00f3n m\u00e1s profunda del mundo que te rodea.\",\"publisher\":{\"@id\":\"https:\/\/www.nexoinformativo.mx\/#organization\"},\"potentialAction\":[{\"@type\":\"SearchAction\",\"target\":{\"@type\":\"EntryPoint\",\"urlTemplate\":\"https:\/\/www.nexoinformativo.mx\/?s={search_term_string}\"},\"query-input\":{\"@type\":\"PropertyValueSpecification\",\"valueRequired\":true,\"valueName\":\"search_term_string\"}}],\"inLanguage\":\"es\"},{\"@type\":\"Organization\",\"@id\":\"https:\/\/www.nexoinformativo.mx\/#organization\",\"name\":\"Nexo Informativo Santiago de Quer\u00e9taro\",\"url\":\"https:\/\/www.nexoinformativo.mx\/\",\"logo\":{\"@type\":\"ImageObject\",\"inLanguage\":\"es\",\"@id\":\"https:\/\/www.nexoinformativo.mx\/#\/schema\/logo\/image\/\",\"url\":\"https:\/\/www.nexoinformativo.mx\/wp-content\/uploads\/2024\/07\/nexoi-trasparente-2.png\",\"contentUrl\":\"https:\/\/www.nexoinformativo.mx\/wp-content\/uploads\/2024\/07\/nexoi-trasparente-2.png\",\"width\":816,\"height\":339,\"caption\":\"Nexo Informativo Santiago de Quer\u00e9taro\"},\"image\":{\"@id\":\"https:\/\/www.nexoinformativo.mx\/#\/schema\/logo\/image\/\"},\"sameAs\":[\"https:\/\/www.facebook.com\/people\/Nexo-Informativo\/61564066885511\/\"]},{\"@type\":\"Person\",\"@id\":\"https:\/\/www.nexoinformativo.mx\/#\/schema\/person\/7749d380ba08c8ca00d7bc76fd907b7d\",\"name\":\"Nexo Informativo\",\"image\":{\"@type\":\"ImageObject\",\"inLanguage\":\"es\",\"@id\":\"https:\/\/www.nexoinformativo.mx\/#\/schema\/person\/image\/\",\"url\":\"https:\/\/secure.gravatar.com\/avatar\/dde2928154642a13d95f87ddf1ea9718fe2b46760a005c53e41ff5ad610704e6?s=96&d=mm&r=g\",\"contentUrl\":\"https:\/\/secure.gravatar.com\/avatar\/dde2928154642a13d95f87ddf1ea9718fe2b46760a005c53e41ff5ad610704e6?s=96&d=mm&r=g\",\"caption\":\"Nexo Informativo\"},\"url\":\"https:\/\/www.nexoinformativo.mx\/index.php\/author\/edicion\/\"}]}<\/script>\n<!-- \/ Yoast SEO plugin. -->","yoast_head_json":{"title":"Quer\u00e9taro no baja la guardia refuerzan seguridad en antros y bares para noches m\u00e1s tranquilas | Nexo Informativo Santiago de Quer\u00e9taro","description":"Quer\u00e9taro no baja la guardia refuerzan seguridad en antros y bares para noches m\u00e1s tranquilas","robots":{"index":"index","follow":"follow","max-snippet":"max-snippet:-1","max-image-preview":"max-image-preview:large","max-video-preview":"max-video-preview:-1"},"canonical":"https:\/\/www.nexoinformativo.mx\/index.php\/2025\/05\/07\/queretaro-no-baja-la-guardia-refuerzan-seguridad-en-antros-y-bares-para-noches-mas-tranquilas\/","og_locale":"es_MX","og_type":"article","og_title":"Quer\u00e9taro no baja la guardia refuerzan seguridad en antros y bares para noches m\u00e1s tranquilas | Nexo Informativo Santiago de Quer\u00e9taro","og_description":"Quer\u00e9taro no baja la guardia refuerzan seguridad en antros y bares para noches m\u00e1s tranquilas","og_url":"https:\/\/www.nexoinformativo.mx\/index.php\/2025\/05\/07\/queretaro-no-baja-la-guardia-refuerzan-seguridad-en-antros-y-bares-para-noches-mas-tranquilas\/","og_site_name":"Nexo Informativo Santiago de Quer\u00e9taro","article_publisher":"https:\/\/www.facebook.com\/people\/Nexo-Informativo\/61564066885511\/","article_published_time":"2025-05-07T12:00:10+00:00","article_modified_time":"2025-05-07T17:39:26+00:00","og_image":[{"width":800,"height":533,"url":"https:\/\/www.nexoinformativo.mx\/wp-content\/uploads\/2025\/05\/PHOTO-2025-05-06-15-00-06-e1746639489751.jpg","type":"image\/jpeg"}],"author":"Nexo Informativo","twitter_card":"summary_large_image","twitter_misc":{"Escrito por":"Nexo Informativo","Tiempo de lectura":"2 minutos"},"schema":{"@context":"https:\/\/schema.org","@graph":[{"@type":"Article","@id":"https:\/\/www.nexoinformativo.mx\/index.php\/2025\/05\/07\/queretaro-no-baja-la-guardia-refuerzan-seguridad-en-antros-y-bares-para-noches-mas-tranquilas\/#article","isPartOf":{"@id":"https:\/\/www.nexoinformativo.mx\/index.php\/2025\/05\/07\/queretaro-no-baja-la-guardia-refuerzan-seguridad-en-antros-y-bares-para-noches-mas-tranquilas\/"},"author":{"name":"Nexo Informativo","@id":"https:\/\/www.nexoinformativo.mx\/#\/schema\/person\/7749d380ba08c8ca00d7bc76fd907b7d"},"headline":"Quer\u00e9taro no baja la guardia refuerzan seguridad en antros y bares para noches m\u00e1s tranquilas","datePublished":"2025-05-07T12:00:10+00:00","dateModified":"2025-05-07T17:39:26+00:00","mainEntityOfPage":{"@id":"https:\/\/www.nexoinformativo.mx\/index.php\/2025\/05\/07\/queretaro-no-baja-la-guardia-refuerzan-seguridad-en-antros-y-bares-para-noches-mas-tranquilas\/"},"wordCount":338,"commentCount":0,"publisher":{"@id":"https:\/\/www.nexoinformativo.mx\/#organization"},"image":{"@id":"https:\/\/www.nexoinformativo.mx\/index.php\/2025\/05\/07\/queretaro-no-baja-la-guardia-refuerzan-seguridad-en-antros-y-bares-para-noches-mas-tranquilas\/#primaryimage"},"thumbnailUrl":"https:\/\/www.nexoinformativo.mx\/wp-content\/uploads\/2025\/05\/PHOTO-2025-05-06-15-00-06-e1746639489751.jpg","keywords":["AntrosSeguros","CarlosAlcaraz","QueretaroSeguro","SeguridadNocturnaQro"],"articleSection":["Estado","\u00daltima Hora"],"inLanguage":"es","potentialAction":[{"@type":"CommentAction","name":"Comment","target":["https:\/\/www.nexoinformativo.mx\/index.php\/2025\/05\/07\/queretaro-no-baja-la-guardia-refuerzan-seguridad-en-antros-y-bares-para-noches-mas-tranquilas\/#respond"]}]},{"@type":"WebPage","@id":"https:\/\/www.nexoinformativo.mx\/index.php\/2025\/05\/07\/queretaro-no-baja-la-guardia-refuerzan-seguridad-en-antros-y-bares-para-noches-mas-tranquilas\/","url":"https:\/\/www.nexoinformativo.mx\/index.php\/2025\/05\/07\/queretaro-no-baja-la-guardia-refuerzan-seguridad-en-antros-y-bares-para-noches-mas-tranquilas\/","name":"Quer\u00e9taro no baja la guardia refuerzan seguridad en antros y bares para noches m\u00e1s tranquilas | Nexo Informativo Santiago de Quer\u00e9taro","isPartOf":{"@id":"https:\/\/www.nexoinformativo.mx\/#website"},"primaryImageOfPage":{"@id":"https:\/\/www.nexoinformativo.mx\/index.php\/2025\/05\/07\/queretaro-no-baja-la-guardia-refuerzan-seguridad-en-antros-y-bares-para-noches-mas-tranquilas\/#primaryimage"},"image":{"@id":"https:\/\/www.nexoinformativo.mx\/index.php\/2025\/05\/07\/queretaro-no-baja-la-guardia-refuerzan-seguridad-en-antros-y-bares-para-noches-mas-tranquilas\/#primaryimage"},"thumbnailUrl":"https:\/\/www.nexoinformativo.mx\/wp-content\/uploads\/2025\/05\/PHOTO-2025-05-06-15-00-06-e1746639489751.jpg","datePublished":"2025-05-07T12:00:10+00:00","dateModified":"2025-05-07T17:39:26+00:00","description":"Quer\u00e9taro no baja la guardia refuerzan seguridad en antros y bares para noches m\u00e1s tranquilas","breadcrumb":{"@id":"https:\/\/www.nexoinformativo.mx\/index.php\/2025\/05\/07\/queretaro-no-baja-la-guardia-refuerzan-seguridad-en-antros-y-bares-para-noches-mas-tranquilas\/#breadcrumb"},"inLanguage":"es","potentialAction":[{"@type":"ReadAction","target":["https:\/\/www.nexoinformativo.mx\/index.php\/2025\/05\/07\/queretaro-no-baja-la-guardia-refuerzan-seguridad-en-antros-y-bares-para-noches-mas-tranquilas\/"]}]},{"@type":"ImageObject","inLanguage":"es","@id":"https:\/\/www.nexoinformativo.mx\/index.php\/2025\/05\/07\/queretaro-no-baja-la-guardia-refuerzan-seguridad-en-antros-y-bares-para-noches-mas-tranquilas\/#primaryimage","url":"https:\/\/www.nexoinformativo.mx\/wp-content\/uploads\/2025\/05\/PHOTO-2025-05-06-15-00-06-e1746639489751.jpg","contentUrl":"https:\/\/www.nexoinformativo.mx\/wp-content\/uploads\/2025\/05\/PHOTO-2025-05-06-15-00-06-e1746639489751.jpg","width":800,"height":533},{"@type":"BreadcrumbList","@id":"https:\/\/www.nexoinformativo.mx\/index.php\/2025\/05\/07\/queretaro-no-baja-la-guardia-refuerzan-seguridad-en-antros-y-bares-para-noches-mas-tranquilas\/#breadcrumb","itemListElement":[{"@type":"ListItem","position":1,"name":"Inicio","item":"https:\/\/www.nexoinformativo.mx\/"},{"@type":"ListItem","position":2,"name":"Quer\u00e9taro no baja la guardia refuerzan seguridad en antros y bares para noches m\u00e1s tranquilas"}]},{"@type":"WebSite","@id":"https:\/\/www.nexoinformativo.mx\/#website","url":"https:\/\/www.nexoinformativo.mx\/","name":"Nexo Informativo Santiago de Quer\u00e9taro","description":"Explora NexoInformativo y convi\u00e9rtete en parte de una comunidad que valora el conocimiento y la verdad. Tu nexoinformativo es tu puente hacia una comprensi\u00f3n m\u00e1s profunda del mundo que te rodea.","publisher":{"@id":"https:\/\/www.nexoinformativo.mx\/#organization"},"potentialAction":[{"@type":"SearchAction","target":{"@type":"EntryPoint","urlTemplate":"https:\/\/www.nexoinformativo.mx\/?s={search_term_string}"},"query-input":{"@type":"PropertyValueSpecification","valueRequired":true,"valueName":"search_term_string"}}],"inLanguage":"es"},{"@type":"Organization","@id":"https:\/\/www.nexoinformativo.mx\/#organization","name":"Nexo Informativo Santiago de Quer\u00e9taro","url":"https:\/\/www.nexoinformativo.mx\/","logo":{"@type":"ImageObject","inLanguage":"es","@id":"https:\/\/www.nexoinformativo.mx\/#\/schema\/logo\/image\/","url":"https:\/\/www.nexoinformativo.mx\/wp-content\/uploads\/2024\/07\/nexoi-trasparente-2.png","contentUrl":"https:\/\/www.nexoinformativo.mx\/wp-content\/uploads\/2024\/07\/nexoi-trasparente-2.png","width":816,"height":339,"caption":"Nexo Informativo Santiago de Quer\u00e9taro"},"image":{"@id":"https:\/\/www.nexoinformativo.mx\/#\/schema\/logo\/image\/"},"sameAs":["https:\/\/www.facebook.com\/people\/Nexo-Informativo\/61564066885511\/"]},{"@type":"Person","@id":"https:\/\/www.nexoinformativo.mx\/#\/schema\/person\/7749d380ba08c8ca00d7bc76fd907b7d","name":"Nexo Informativo","image":{"@type":"ImageObject","inLanguage":"es","@id":"https:\/\/www.nexoinformativo.mx\/#\/schema\/person\/image\/","url":"https:\/\/secure.gravatar.com\/avatar\/dde2928154642a13d95f87ddf1ea9718fe2b46760a005c53e41ff5ad610704e6?s=96&d=mm&r=g","contentUrl":"https:\/\/secure.gravatar.com\/avatar\/dde2928154642a13d95f87ddf1ea9718fe2b46760a005c53e41ff5ad610704e6?s=96&d=mm&r=g","caption":"Nexo Informativo"},"url":"https:\/\/www.nexoinformativo.mx\/index.php\/author\/edicion\/"}]}},"_links":{"self":[{"href":"https:\/\/www.nexoinformativo.mx\/index.php\/wp-json\/wp\/v2\/posts\/14783","targetHints":{"allow":["GET"]}}],"collection":[{"href":"https:\/\/www.nexoinformativo.mx\/index.php\/wp-json\/wp\/v2\/posts"}],"about":[{"href":"https:\/\/www.nexoinformativo.mx\/index.php\/wp-json\/wp\/v2\/types\/post"}],"author":[{"embeddable":true,"href":"https:\/\/www.nexoinformativo.mx\/index.php\/wp-json\/wp\/v2\/users\/3"}],"replies":[{"embeddable":true,"href":"https:\/\/www.nexoinformativo.mx\/index.php\/wp-json\/wp\/v2\/comments?post=14783"}],"version-history":[{"count":3,"href":"https:\/\/www.nexoinformativo.mx\/index.php\/wp-json\/wp\/v2\/posts\/14783\/revisions"}],"predecessor-version":[{"id":14787,"href":"https:\/\/www.nexoinformativo.mx\/index.php\/wp-json\/wp\/v2\/posts\/14783\/revisions\/14787"}],"wp:featuredmedia":[{"embeddable":true,"href":"https:\/\/www.nexoinformativo.mx\/index.php\/wp-json\/wp\/v2\/media\/14784"}],"wp:attachment":[{"href":"https:\/\/www.nexoinformativo.mx\/index.php\/wp-json\/wp\/v2\/media?parent=14783"}],"wp:term":[{"taxonomy":"category","embeddable":true,"href":"https:\/\/www.nexoinformativo.mx\/index.php\/wp-json\/wp\/v2\/categories?post=14783"},{"taxonomy":"post_tag","embeddable":true,"href":"https:\/\/www.nexoinformativo.mx\/index.php\/wp-json\/wp\/v2\/tags?post=14783"}],"curies":[{"name":"wp","href":"https:\/\/api.w.org\/{rel}","templated":true}]}}