{"id":14795,"date":"2025-05-07T08:00:05","date_gmt":"2025-05-07T14:00:05","guid":{"rendered":"https:\/\/www.nexoinformativo.mx\/?p=14795"},"modified":"2025-05-07T11:47:59","modified_gmt":"2025-05-07T17:47:59","slug":"alianza-mexico-eua-contra-la-plaga-unidos-para-erradicar-el-gusano-barrenador-del-ganado","status":"publish","type":"post","link":"https:\/\/www.nexoinformativo.mx\/index.php\/2025\/05\/07\/alianza-mexico-eua-contra-la-plaga-unidos-para-erradicar-el-gusano-barrenador-del-ganado\/","title":{"rendered":"Alianza M\u00e9xico-EUA contra la plaga unidos para erradicar el gusano barrenador del ganado"},"content":{"rendered":"<p style=\"text-align: justify;\" data-sourcepos=\"3:1-3:593\">M\u00e9xico y Estados Unidos han unido fuerzas en una estrategia binacional para combatir y erradicar el gusano barrenador del ganado (GBG), una plaga que amenaza la salud del hato y el comercio pecuario.<\/p>\n<p>&nbsp;<\/p>\n<p style=\"text-align: justify;\" data-sourcepos=\"3:1-3:593\">Durante la Reuni\u00f3n del Comit\u00e9 Binacional M\u00e9xico\u2013Estados Unidos, celebrada en el marco de la 89\u00aa Convenci\u00f3n de la Confederaci\u00f3n Nacional de Organizaciones Ganaderas (CNOG), autoridades de ambos gobiernos y representantes del sector ganadero crearon un Grupo Binacional para intensificar las acciones en las zonas afectadas.<\/p>\n<p>&nbsp;<\/p>\n<p style=\"text-align: justify;\" data-sourcepos=\"5:1-5:340\">El director de Campa\u00f1as Zoosanitarias del Senasica, Gabriel Ayala Borunda, destac\u00f3 la comunicaci\u00f3n constante con su hom\u00f3logo estadounidense, el APHIS-USDA, como muestra de esta s\u00f3lida alianza. Un ejemplo de esta colaboraci\u00f3n es el apoyo del USDA con la dispersi\u00f3n de m\u00e1s de 800 millones de moscas est\u00e9riles de GBG en el sursureste mexicano.<\/p>\n<p>&nbsp;<\/p>\n<p style=\"text-align: justify;\" data-sourcepos=\"7:1-7:429\">Por su parte, Armando Garc\u00eda L\u00f3pez, director de la CPA del Senasica, inform\u00f3 que se ha logrado controlar m\u00e1s del 80 por ciento de los casos confirmados de GBG, verificando la ausencia de larvas tras el tratamiento.<\/p>\n<p>&nbsp;<\/p>\n<p style=\"text-align: justify;\" data-sourcepos=\"7:1-7:429\">Resalt\u00f3 que la mayor\u00eda de los casos se detectan gracias a la intensa campa\u00f1a de difusi\u00f3n de AGRICULTURA, que ha sensibilizado a veterinarios, productores y la poblaci\u00f3n sobre la importancia de la vigilancia animal.<\/p>\n<p>&nbsp;<\/p>\n<p style=\"text-align: justify;\" data-sourcepos=\"9:1-9:571\">Burke Healey, directivo del APHIS-USDA, anunci\u00f3 que Estados Unidos ha reforzado la producci\u00f3n de moscas est\u00e9riles en Panam\u00e1 y est\u00e1 ultimando la log\u00edstica para realizar 44 vuelos semanales a Chiapas, liberando 100 millones de moscas est\u00e9riles por semana en territorio mexicano.<\/p>\n<p>&nbsp;<\/p>\n<p style=\"text-align: justify;\" data-sourcepos=\"9:1-9:571\">Adem\u00e1s, consideran la construcci\u00f3n de una nueva planta de producci\u00f3n en Am\u00e9rica del Norte. Healey celebr\u00f3 la sinergia entre el Senasica y el sector pecuario para contener la plaga y reconoci\u00f3 el esfuerzo de los exportadores de ganado del norte del pa\u00eds para cumplir con los requisitos del USDA.<\/p>\n<p>&nbsp;<\/p>\n<p style=\"text-align: justify;\" data-sourcepos=\"11:1-11:226\">El Comit\u00e9 Binacional, con m\u00e1s de 30 a\u00f1os de trabajo conjunto, contin\u00faa dando seguimiento a las estrategias para el control y erradicaci\u00f3n de enfermedades como la tuberculosis bovina, la brucelosis y la garrapata Boophilus.<\/p>\n<p>&nbsp;<\/p>\n<p style=\"text-align: center;\" data-sourcepos=\"11:1-11:226\"><em><strong>\u00a1Informaci\u00f3n que transforma!<\/strong><\/em><\/p>\n","protected":false},"excerpt":{"rendered":"<p>M\u00e9xico y Estados Unidos han unido fuerzas en una estrategia binacional para combatir y erradicar el gusano barrenador del ganado (GBG), una plaga que amenaza la salud del hato y el comercio pecuario.<\/p>\n","protected":false},"author":3,"featured_media":14796,"comment_status":"open","ping_status":"open","sticky":false,"template":"","format":"standard","meta":{"footnotes":""},"categories":[88,58],"tags":[4399,2042,4398,4397],"class_list":["post-14795","post","type-post","status-publish","format-standard","has-post-thumbnail","hentry","category-nacional","category-ultima-hora","tag-cnog","tag-gusanobarrenador","tag-mexicoeua","tag-sanidadganadera"],"yoast_head":"<!-- This site is optimized with the Yoast SEO plugin v25.0 - https:\/\/yoast.com\/wordpress\/plugins\/seo\/ -->\n<title>Alianza M\u00e9xico-EUA contra la plaga unidos para erradicar el gusano barrenador del ganado | Nexo Informativo Santiago de Quer\u00e9taro<\/title>\n<meta name=\"description\" content=\"Alianza M\u00e9xico-EUA contra la plaga unidos para erradicar el gusano barrenador del ganado\" \/>\n<meta name=\"robots\" content=\"index, follow, max-snippet:-1, max-image-preview:large, max-video-preview:-1\" \/>\n<link rel=\"canonical\" href=\"https:\/\/www.nexoinformativo.mx\/index.php\/2025\/05\/07\/alianza-mexico-eua-contra-la-plaga-unidos-para-erradicar-el-gusano-barrenador-del-ganado\/\" \/>\n<meta property=\"og:locale\" content=\"es_MX\" \/>\n<meta property=\"og:type\" content=\"article\" \/>\n<meta property=\"og:title\" content=\"Alianza M\u00e9xico-EUA contra la plaga unidos para erradicar el gusano barrenador del ganado | Nexo Informativo Santiago de Quer\u00e9taro\" \/>\n<meta property=\"og:description\" content=\"Alianza M\u00e9xico-EUA contra la plaga unidos para erradicar el gusano barrenador del ganado\" \/>\n<meta property=\"og:url\" content=\"https:\/\/www.nexoinformativo.mx\/index.php\/2025\/05\/07\/alianza-mexico-eua-contra-la-plaga-unidos-para-erradicar-el-gusano-barrenador-del-ganado\/\" \/>\n<meta property=\"og:site_name\" content=\"Nexo Informativo Santiago de Quer\u00e9taro\" \/>\n<meta property=\"article:publisher\" content=\"https:\/\/www.facebook.com\/people\/Nexo-Informativo\/61564066885511\/\" \/>\n<meta property=\"article:published_time\" content=\"2025-05-07T14:00:05+00:00\" \/>\n<meta property=\"article:modified_time\" content=\"2025-05-07T17:47:59+00:00\" \/>\n<meta property=\"og:image\" content=\"https:\/\/www.nexoinformativo.mx\/wp-content\/uploads\/2025\/05\/IMG_2861.jpg\" \/>\n\t<meta property=\"og:image:width\" content=\"650\" \/>\n\t<meta property=\"og:image:height\" content=\"380\" \/>\n\t<meta property=\"og:image:type\" content=\"image\/jpeg\" \/>\n<meta name=\"author\" content=\"Nexo Informativo\" \/>\n<meta name=\"twitter:card\" content=\"summary_large_image\" \/>\n<meta name=\"twitter:label1\" content=\"Escrito por\" \/>\n\t<meta name=\"twitter:data1\" content=\"Nexo Informativo\" \/>\n\t<meta name=\"twitter:label2\" content=\"Tiempo de lectura\" \/>\n\t<meta name=\"twitter:data2\" content=\"2 minutos\" \/>\n<script type=\"application\/ld+json\" class=\"yoast-schema-graph\">{\"@context\":\"https:\/\/schema.org\",\"@graph\":[{\"@type\":\"Article\",\"@id\":\"https:\/\/www.nexoinformativo.mx\/index.php\/2025\/05\/07\/alianza-mexico-eua-contra-la-plaga-unidos-para-erradicar-el-gusano-barrenador-del-ganado\/#article\",\"isPartOf\":{\"@id\":\"https:\/\/www.nexoinformativo.mx\/index.php\/2025\/05\/07\/alianza-mexico-eua-contra-la-plaga-unidos-para-erradicar-el-gusano-barrenador-del-ganado\/\"},\"author\":{\"name\":\"Nexo Informativo\",\"@id\":\"https:\/\/www.nexoinformativo.mx\/#\/schema\/person\/7749d380ba08c8ca00d7bc76fd907b7d\"},\"headline\":\"Alianza M\u00e9xico-EUA contra la plaga unidos para erradicar el gusano barrenador del ganado\",\"datePublished\":\"2025-05-07T14:00:05+00:00\",\"dateModified\":\"2025-05-07T17:47:59+00:00\",\"mainEntityOfPage\":{\"@id\":\"https:\/\/www.nexoinformativo.mx\/index.php\/2025\/05\/07\/alianza-mexico-eua-contra-la-plaga-unidos-para-erradicar-el-gusano-barrenador-del-ganado\/\"},\"wordCount\":380,\"commentCount\":0,\"publisher\":{\"@id\":\"https:\/\/www.nexoinformativo.mx\/#organization\"},\"image\":{\"@id\":\"https:\/\/www.nexoinformativo.mx\/index.php\/2025\/05\/07\/alianza-mexico-eua-contra-la-plaga-unidos-para-erradicar-el-gusano-barrenador-del-ganado\/#primaryimage\"},\"thumbnailUrl\":\"https:\/\/www.nexoinformativo.mx\/wp-content\/uploads\/2025\/05\/IMG_2861.jpg\",\"keywords\":[\"CNOG\",\"GusanoBarrenador\",\"M\u00e9xicoEUA\",\"SanidadGanadera\"],\"articleSection\":[\"Nacional\",\"\u00daltima Hora\"],\"inLanguage\":\"es\",\"potentialAction\":[{\"@type\":\"CommentAction\",\"name\":\"Comment\",\"target\":[\"https:\/\/www.nexoinformativo.mx\/index.php\/2025\/05\/07\/alianza-mexico-eua-contra-la-plaga-unidos-para-erradicar-el-gusano-barrenador-del-ganado\/#respond\"]}]},{\"@type\":\"WebPage\",\"@id\":\"https:\/\/www.nexoinformativo.mx\/index.php\/2025\/05\/07\/alianza-mexico-eua-contra-la-plaga-unidos-para-erradicar-el-gusano-barrenador-del-ganado\/\",\"url\":\"https:\/\/www.nexoinformativo.mx\/index.php\/2025\/05\/07\/alianza-mexico-eua-contra-la-plaga-unidos-para-erradicar-el-gusano-barrenador-del-ganado\/\",\"name\":\"Alianza M\u00e9xico-EUA contra la plaga unidos para erradicar el gusano barrenador del ganado | Nexo Informativo Santiago de Quer\u00e9taro\",\"isPartOf\":{\"@id\":\"https:\/\/www.nexoinformativo.mx\/#website\"},\"primaryImageOfPage\":{\"@id\":\"https:\/\/www.nexoinformativo.mx\/index.php\/2025\/05\/07\/alianza-mexico-eua-contra-la-plaga-unidos-para-erradicar-el-gusano-barrenador-del-ganado\/#primaryimage\"},\"image\":{\"@id\":\"https:\/\/www.nexoinformativo.mx\/index.php\/2025\/05\/07\/alianza-mexico-eua-contra-la-plaga-unidos-para-erradicar-el-gusano-barrenador-del-ganado\/#primaryimage\"},\"thumbnailUrl\":\"https:\/\/www.nexoinformativo.mx\/wp-content\/uploads\/2025\/05\/IMG_2861.jpg\",\"datePublished\":\"2025-05-07T14:00:05+00:00\",\"dateModified\":\"2025-05-07T17:47:59+00:00\",\"description\":\"Alianza M\u00e9xico-EUA contra la plaga unidos para erradicar el gusano barrenador del ganado\",\"breadcrumb\":{\"@id\":\"https:\/\/www.nexoinformativo.mx\/index.php\/2025\/05\/07\/alianza-mexico-eua-contra-la-plaga-unidos-para-erradicar-el-gusano-barrenador-del-ganado\/#breadcrumb\"},\"inLanguage\":\"es\",\"potentialAction\":[{\"@type\":\"ReadAction\",\"target\":[\"https:\/\/www.nexoinformativo.mx\/index.php\/2025\/05\/07\/alianza-mexico-eua-contra-la-plaga-unidos-para-erradicar-el-gusano-barrenador-del-ganado\/\"]}]},{\"@type\":\"ImageObject\",\"inLanguage\":\"es\",\"@id\":\"https:\/\/www.nexoinformativo.mx\/index.php\/2025\/05\/07\/alianza-mexico-eua-contra-la-plaga-unidos-para-erradicar-el-gusano-barrenador-del-ganado\/#primaryimage\",\"url\":\"https:\/\/www.nexoinformativo.mx\/wp-content\/uploads\/2025\/05\/IMG_2861.jpg\",\"contentUrl\":\"https:\/\/www.nexoinformativo.mx\/wp-content\/uploads\/2025\/05\/IMG_2861.jpg\",\"width\":650,\"height\":380},{\"@type\":\"BreadcrumbList\",\"@id\":\"https:\/\/www.nexoinformativo.mx\/index.php\/2025\/05\/07\/alianza-mexico-eua-contra-la-plaga-unidos-para-erradicar-el-gusano-barrenador-del-ganado\/#breadcrumb\",\"itemListElement\":[{\"@type\":\"ListItem\",\"position\":1,\"name\":\"Inicio\",\"item\":\"https:\/\/www.nexoinformativo.mx\/\"},{\"@type\":\"ListItem\",\"position\":2,\"name\":\"Alianza M\u00e9xico-EUA contra la plaga unidos para erradicar el gusano barrenador del ganado\"}]},{\"@type\":\"WebSite\",\"@id\":\"https:\/\/www.nexoinformativo.mx\/#website\",\"url\":\"https:\/\/www.nexoinformativo.mx\/\",\"name\":\"Nexo Informativo Santiago de Quer\u00e9taro\",\"description\":\"Explora NexoInformativo y convi\u00e9rtete en parte de una comunidad que valora el conocimiento y la verdad. Tu nexoinformativo es tu puente hacia una comprensi\u00f3n m\u00e1s profunda del mundo que te rodea.\",\"publisher\":{\"@id\":\"https:\/\/www.nexoinformativo.mx\/#organization\"},\"potentialAction\":[{\"@type\":\"SearchAction\",\"target\":{\"@type\":\"EntryPoint\",\"urlTemplate\":\"https:\/\/www.nexoinformativo.mx\/?s={search_term_string}\"},\"query-input\":{\"@type\":\"PropertyValueSpecification\",\"valueRequired\":true,\"valueName\":\"search_term_string\"}}],\"inLanguage\":\"es\"},{\"@type\":\"Organization\",\"@id\":\"https:\/\/www.nexoinformativo.mx\/#organization\",\"name\":\"Nexo Informativo Santiago de Quer\u00e9taro\",\"url\":\"https:\/\/www.nexoinformativo.mx\/\",\"logo\":{\"@type\":\"ImageObject\",\"inLanguage\":\"es\",\"@id\":\"https:\/\/www.nexoinformativo.mx\/#\/schema\/logo\/image\/\",\"url\":\"https:\/\/www.nexoinformativo.mx\/wp-content\/uploads\/2024\/07\/nexoi-trasparente-2.png\",\"contentUrl\":\"https:\/\/www.nexoinformativo.mx\/wp-content\/uploads\/2024\/07\/nexoi-trasparente-2.png\",\"width\":816,\"height\":339,\"caption\":\"Nexo Informativo Santiago de Quer\u00e9taro\"},\"image\":{\"@id\":\"https:\/\/www.nexoinformativo.mx\/#\/schema\/logo\/image\/\"},\"sameAs\":[\"https:\/\/www.facebook.com\/people\/Nexo-Informativo\/61564066885511\/\"]},{\"@type\":\"Person\",\"@id\":\"https:\/\/www.nexoinformativo.mx\/#\/schema\/person\/7749d380ba08c8ca00d7bc76fd907b7d\",\"name\":\"Nexo Informativo\",\"image\":{\"@type\":\"ImageObject\",\"inLanguage\":\"es\",\"@id\":\"https:\/\/www.nexoinformativo.mx\/#\/schema\/person\/image\/\",\"url\":\"https:\/\/secure.gravatar.com\/avatar\/dde2928154642a13d95f87ddf1ea9718fe2b46760a005c53e41ff5ad610704e6?s=96&d=mm&r=g\",\"contentUrl\":\"https:\/\/secure.gravatar.com\/avatar\/dde2928154642a13d95f87ddf1ea9718fe2b46760a005c53e41ff5ad610704e6?s=96&d=mm&r=g\",\"caption\":\"Nexo Informativo\"},\"url\":\"https:\/\/www.nexoinformativo.mx\/index.php\/author\/edicion\/\"}]}<\/script>\n<!-- \/ Yoast SEO plugin. -->","yoast_head_json":{"title":"Alianza M\u00e9xico-EUA contra la plaga unidos para erradicar el gusano barrenador del ganado | Nexo Informativo Santiago de Quer\u00e9taro","description":"Alianza M\u00e9xico-EUA contra la plaga unidos para erradicar el gusano barrenador del ganado","robots":{"index":"index","follow":"follow","max-snippet":"max-snippet:-1","max-image-preview":"max-image-preview:large","max-video-preview":"max-video-preview:-1"},"canonical":"https:\/\/www.nexoinformativo.mx\/index.php\/2025\/05\/07\/alianza-mexico-eua-contra-la-plaga-unidos-para-erradicar-el-gusano-barrenador-del-ganado\/","og_locale":"es_MX","og_type":"article","og_title":"Alianza M\u00e9xico-EUA contra la plaga unidos para erradicar el gusano barrenador del ganado | Nexo Informativo Santiago de Quer\u00e9taro","og_description":"Alianza M\u00e9xico-EUA contra la plaga unidos para erradicar el gusano barrenador del ganado","og_url":"https:\/\/www.nexoinformativo.mx\/index.php\/2025\/05\/07\/alianza-mexico-eua-contra-la-plaga-unidos-para-erradicar-el-gusano-barrenador-del-ganado\/","og_site_name":"Nexo Informativo Santiago de Quer\u00e9taro","article_publisher":"https:\/\/www.facebook.com\/people\/Nexo-Informativo\/61564066885511\/","article_published_time":"2025-05-07T14:00:05+00:00","article_modified_time":"2025-05-07T17:47:59+00:00","og_image":[{"width":650,"height":380,"url":"https:\/\/www.nexoinformativo.mx\/wp-content\/uploads\/2025\/05\/IMG_2861.jpg","type":"image\/jpeg"}],"author":"Nexo Informativo","twitter_card":"summary_large_image","twitter_misc":{"Escrito por":"Nexo Informativo","Tiempo de lectura":"2 minutos"},"schema":{"@context":"https:\/\/schema.org","@graph":[{"@type":"Article","@id":"https:\/\/www.nexoinformativo.mx\/index.php\/2025\/05\/07\/alianza-mexico-eua-contra-la-plaga-unidos-para-erradicar-el-gusano-barrenador-del-ganado\/#article","isPartOf":{"@id":"https:\/\/www.nexoinformativo.mx\/index.php\/2025\/05\/07\/alianza-mexico-eua-contra-la-plaga-unidos-para-erradicar-el-gusano-barrenador-del-ganado\/"},"author":{"name":"Nexo Informativo","@id":"https:\/\/www.nexoinformativo.mx\/#\/schema\/person\/7749d380ba08c8ca00d7bc76fd907b7d"},"headline":"Alianza M\u00e9xico-EUA contra la plaga unidos para erradicar el gusano barrenador del ganado","datePublished":"2025-05-07T14:00:05+00:00","dateModified":"2025-05-07T17:47:59+00:00","mainEntityOfPage":{"@id":"https:\/\/www.nexoinformativo.mx\/index.php\/2025\/05\/07\/alianza-mexico-eua-contra-la-plaga-unidos-para-erradicar-el-gusano-barrenador-del-ganado\/"},"wordCount":380,"commentCount":0,"publisher":{"@id":"https:\/\/www.nexoinformativo.mx\/#organization"},"image":{"@id":"https:\/\/www.nexoinformativo.mx\/index.php\/2025\/05\/07\/alianza-mexico-eua-contra-la-plaga-unidos-para-erradicar-el-gusano-barrenador-del-ganado\/#primaryimage"},"thumbnailUrl":"https:\/\/www.nexoinformativo.mx\/wp-content\/uploads\/2025\/05\/IMG_2861.jpg","keywords":["CNOG","GusanoBarrenador","M\u00e9xicoEUA","SanidadGanadera"],"articleSection":["Nacional","\u00daltima Hora"],"inLanguage":"es","potentialAction":[{"@type":"CommentAction","name":"Comment","target":["https:\/\/www.nexoinformativo.mx\/index.php\/2025\/05\/07\/alianza-mexico-eua-contra-la-plaga-unidos-para-erradicar-el-gusano-barrenador-del-ganado\/#respond"]}]},{"@type":"WebPage","@id":"https:\/\/www.nexoinformativo.mx\/index.php\/2025\/05\/07\/alianza-mexico-eua-contra-la-plaga-unidos-para-erradicar-el-gusano-barrenador-del-ganado\/","url":"https:\/\/www.nexoinformativo.mx\/index.php\/2025\/05\/07\/alianza-mexico-eua-contra-la-plaga-unidos-para-erradicar-el-gusano-barrenador-del-ganado\/","name":"Alianza M\u00e9xico-EUA contra la plaga unidos para erradicar el gusano barrenador del ganado | Nexo Informativo Santiago de Quer\u00e9taro","isPartOf":{"@id":"https:\/\/www.nexoinformativo.mx\/#website"},"primaryImageOfPage":{"@id":"https:\/\/www.nexoinformativo.mx\/index.php\/2025\/05\/07\/alianza-mexico-eua-contra-la-plaga-unidos-para-erradicar-el-gusano-barrenador-del-ganado\/#primaryimage"},"image":{"@id":"https:\/\/www.nexoinformativo.mx\/index.php\/2025\/05\/07\/alianza-mexico-eua-contra-la-plaga-unidos-para-erradicar-el-gusano-barrenador-del-ganado\/#primaryimage"},"thumbnailUrl":"https:\/\/www.nexoinformativo.mx\/wp-content\/uploads\/2025\/05\/IMG_2861.jpg","datePublished":"2025-05-07T14:00:05+00:00","dateModified":"2025-05-07T17:47:59+00:00","description":"Alianza M\u00e9xico-EUA contra la plaga unidos para erradicar el gusano barrenador del ganado","breadcrumb":{"@id":"https:\/\/www.nexoinformativo.mx\/index.php\/2025\/05\/07\/alianza-mexico-eua-contra-la-plaga-unidos-para-erradicar-el-gusano-barrenador-del-ganado\/#breadcrumb"},"inLanguage":"es","potentialAction":[{"@type":"ReadAction","target":["https:\/\/www.nexoinformativo.mx\/index.php\/2025\/05\/07\/alianza-mexico-eua-contra-la-plaga-unidos-para-erradicar-el-gusano-barrenador-del-ganado\/"]}]},{"@type":"ImageObject","inLanguage":"es","@id":"https:\/\/www.nexoinformativo.mx\/index.php\/2025\/05\/07\/alianza-mexico-eua-contra-la-plaga-unidos-para-erradicar-el-gusano-barrenador-del-ganado\/#primaryimage","url":"https:\/\/www.nexoinformativo.mx\/wp-content\/uploads\/2025\/05\/IMG_2861.jpg","contentUrl":"https:\/\/www.nexoinformativo.mx\/wp-content\/uploads\/2025\/05\/IMG_2861.jpg","width":650,"height":380},{"@type":"BreadcrumbList","@id":"https:\/\/www.nexoinformativo.mx\/index.php\/2025\/05\/07\/alianza-mexico-eua-contra-la-plaga-unidos-para-erradicar-el-gusano-barrenador-del-ganado\/#breadcrumb","itemListElement":[{"@type":"ListItem","position":1,"name":"Inicio","item":"https:\/\/www.nexoinformativo.mx\/"},{"@type":"ListItem","position":2,"name":"Alianza M\u00e9xico-EUA contra la plaga unidos para erradicar el gusano barrenador del ganado"}]},{"@type":"WebSite","@id":"https:\/\/www.nexoinformativo.mx\/#website","url":"https:\/\/www.nexoinformativo.mx\/","name":"Nexo Informativo Santiago de Quer\u00e9taro","description":"Explora NexoInformativo y convi\u00e9rtete en parte de una comunidad que valora el conocimiento y la verdad. Tu nexoinformativo es tu puente hacia una comprensi\u00f3n m\u00e1s profunda del mundo que te rodea.","publisher":{"@id":"https:\/\/www.nexoinformativo.mx\/#organization"},"potentialAction":[{"@type":"SearchAction","target":{"@type":"EntryPoint","urlTemplate":"https:\/\/www.nexoinformativo.mx\/?s={search_term_string}"},"query-input":{"@type":"PropertyValueSpecification","valueRequired":true,"valueName":"search_term_string"}}],"inLanguage":"es"},{"@type":"Organization","@id":"https:\/\/www.nexoinformativo.mx\/#organization","name":"Nexo Informativo Santiago de Quer\u00e9taro","url":"https:\/\/www.nexoinformativo.mx\/","logo":{"@type":"ImageObject","inLanguage":"es","@id":"https:\/\/www.nexoinformativo.mx\/#\/schema\/logo\/image\/","url":"https:\/\/www.nexoinformativo.mx\/wp-content\/uploads\/2024\/07\/nexoi-trasparente-2.png","contentUrl":"https:\/\/www.nexoinformativo.mx\/wp-content\/uploads\/2024\/07\/nexoi-trasparente-2.png","width":816,"height":339,"caption":"Nexo Informativo Santiago de Quer\u00e9taro"},"image":{"@id":"https:\/\/www.nexoinformativo.mx\/#\/schema\/logo\/image\/"},"sameAs":["https:\/\/www.facebook.com\/people\/Nexo-Informativo\/61564066885511\/"]},{"@type":"Person","@id":"https:\/\/www.nexoinformativo.mx\/#\/schema\/person\/7749d380ba08c8ca00d7bc76fd907b7d","name":"Nexo Informativo","image":{"@type":"ImageObject","inLanguage":"es","@id":"https:\/\/www.nexoinformativo.mx\/#\/schema\/person\/image\/","url":"https:\/\/secure.gravatar.com\/avatar\/dde2928154642a13d95f87ddf1ea9718fe2b46760a005c53e41ff5ad610704e6?s=96&d=mm&r=g","contentUrl":"https:\/\/secure.gravatar.com\/avatar\/dde2928154642a13d95f87ddf1ea9718fe2b46760a005c53e41ff5ad610704e6?s=96&d=mm&r=g","caption":"Nexo Informativo"},"url":"https:\/\/www.nexoinformativo.mx\/index.php\/author\/edicion\/"}]}},"_links":{"self":[{"href":"https:\/\/www.nexoinformativo.mx\/index.php\/wp-json\/wp\/v2\/posts\/14795","targetHints":{"allow":["GET"]}}],"collection":[{"href":"https:\/\/www.nexoinformativo.mx\/index.php\/wp-json\/wp\/v2\/posts"}],"about":[{"href":"https:\/\/www.nexoinformativo.mx\/index.php\/wp-json\/wp\/v2\/types\/post"}],"author":[{"embeddable":true,"href":"https:\/\/www.nexoinformativo.mx\/index.php\/wp-json\/wp\/v2\/users\/3"}],"replies":[{"embeddable":true,"href":"https:\/\/www.nexoinformativo.mx\/index.php\/wp-json\/wp\/v2\/comments?post=14795"}],"version-history":[{"count":3,"href":"https:\/\/www.nexoinformativo.mx\/index.php\/wp-json\/wp\/v2\/posts\/14795\/revisions"}],"predecessor-version":[{"id":14799,"href":"https:\/\/www.nexoinformativo.mx\/index.php\/wp-json\/wp\/v2\/posts\/14795\/revisions\/14799"}],"wp:featuredmedia":[{"embeddable":true,"href":"https:\/\/www.nexoinformativo.mx\/index.php\/wp-json\/wp\/v2\/media\/14796"}],"wp:attachment":[{"href":"https:\/\/www.nexoinformativo.mx\/index.php\/wp-json\/wp\/v2\/media?parent=14795"}],"wp:term":[{"taxonomy":"category","embeddable":true,"href":"https:\/\/www.nexoinformativo.mx\/index.php\/wp-json\/wp\/v2\/categories?post=14795"},{"taxonomy":"post_tag","embeddable":true,"href":"https:\/\/www.nexoinformativo.mx\/index.php\/wp-json\/wp\/v2\/tags?post=14795"}],"curies":[{"name":"wp","href":"https:\/\/api.w.org\/{rel}","templated":true}]}}