{"id":14800,"date":"2025-05-07T09:00:28","date_gmt":"2025-05-07T15:00:28","guid":{"rendered":"https:\/\/www.nexoinformativo.mx\/?p=14800"},"modified":"2025-05-07T11:52:08","modified_gmt":"2025-05-07T17:52:08","slug":"bienestar-inicia-pago-de-pensiones-y-programas-para-15-9-millones-de-beneficiarios-en-mexico","status":"publish","type":"post","link":"https:\/\/www.nexoinformativo.mx\/index.php\/2025\/05\/07\/bienestar-inicia-pago-de-pensiones-y-programas-para-15-9-millones-de-beneficiarios-en-mexico\/","title":{"rendered":"Bienestar inicia pago de pensiones y programas para 15.9 Millones de beneficiarios en M\u00e9xico"},"content":{"rendered":"<p style=\"text-align: justify;\" data-sourcepos=\"3:1-3:593\">La secretaria de Bienestar, Ariadna Montiel, anunci\u00f3 que del 7 al 30 de mayo se llevar\u00e1 a cabo la dispersi\u00f3n del pago de las Pensiones y Programas para el Bienestar correspondientes al bimestre mayo-junio.<\/p>\n<p>&nbsp;<\/p>\n<p style=\"text-align: justify;\" data-sourcepos=\"3:1-3:593\">Un total de 15 millones 922 mil 381 derechohabientes de todo el pa\u00eds, incluyendo adultos mayores, beneficiarias de Mujeres Bienestar, personas con discapacidad, madres trabajadoras y participantes de Sembrando Vida, recibir\u00e1n este apoyo econ\u00f3mico, con una inversi\u00f3n social de 88 mil 477.6 millones de pesos.<\/p>\n<p>&nbsp;<\/p>\n<p style=\"text-align: justify;\" data-sourcepos=\"5:1-5:500\">En la conferencia matutina encabezada por la Presidenta Sheinbaum, la secretaria Montiel detall\u00f3 que 12 millones 709 mil 260 adultos mayores recibir\u00e1n la Pensi\u00f3n para el Bienestar de las Personas Adultas Mayores, con una inversi\u00f3n de 78 mil 797.4 mdp.<\/p>\n<p>&nbsp;<\/p>\n<p style=\"text-align: justify;\" data-sourcepos=\"5:1-5:500\">La Pensi\u00f3n Mujeres Bienestar llegar\u00e1 a un mill\u00f3n 107 mil 69 derechohabientes con una inversi\u00f3n de 2 mil 831.6 mdp, mientras que un mill\u00f3n 364 mil 181 personas con discapacidad recibir\u00e1n su pensi\u00f3n con una inversi\u00f3n de 4 mil 365.4 mdp.<\/p>\n<p>&nbsp;<\/p>\n<p style=\"text-align: justify;\" data-sourcepos=\"7:1-7:344\">Asimismo, 163 mil 681 madres trabajadoras recibir\u00e1n su pago bimestral, con una inversi\u00f3n de 275.7 mdp, y 423 mil 227 participantes del programa Sembrando Vida recibir\u00e1n su jornal con una inversi\u00f3n de 2 mil 207.5 mdp. La secretaria precis\u00f3 que aquellos que recibieron su tarjeta del Bienestar en abril recibir\u00e1n su dep\u00f3sito durante este periodo.<\/p>\n<p>&nbsp;<\/p>\n<p style=\"text-align: justify;\" data-sourcepos=\"9:1-9:368\">Para una mejor organizaci\u00f3n, el dep\u00f3sito bancario se realizar\u00e1 de acuerdo con la letra del primer apellido del derechohabiente, siguiendo un calendario espec\u00edfico.<\/p>\n<p>&nbsp;<\/p>\n<p style=\"text-align: justify;\" data-sourcepos=\"9:1-9:368\">Es importante destacar que los participantes del programa Sembrando Vida recibir\u00e1n el pago de su jornal mensual el jueves 15 de mayo directamente en su tarjeta del Banco del Bienestar, sin intermediarios.<\/p>\n<p>&nbsp;<\/p>\n<p style=\"text-align: justify;\" data-sourcepos=\"11:1-11:263\">Para conocer las fechas exactas de dep\u00f3sito, los beneficiarios pueden consultar la p\u00e1gina oficial de la Secretar\u00eda de Bienestar: gob.mx\/bienestar. La ubicaci\u00f3n de las sucursales del Banco del Bienestar est\u00e1 disponible en ubicatubancodelbienestar.bienestar.gob.mx.<\/p>\n<p>&nbsp;<\/p>\n<p style=\"text-align: center;\" data-sourcepos=\"11:1-11:263\"><em><strong>\u00a1Informaci\u00f3n que transforma!<\/strong><\/em><\/p>\n","protected":false},"excerpt":{"rendered":"<p>La secretaria de Bienestar, Ariadna Montiel, anunci\u00f3 que del 7 al 30 de mayo se llevar\u00e1 a cabo la dispersi\u00f3n del pago de las Pensiones y Programas para el Bienestar correspondientes al bimestre mayo-junio.<\/p>\n","protected":false},"author":3,"featured_media":14801,"comment_status":"open","ping_status":"open","sticky":false,"template":"","format":"standard","meta":{"footnotes":""},"categories":[88,58],"tags":[3502,4400,3658,1620],"class_list":["post-14800","post","type-post","status-publish","format-standard","has-post-thumbnail","hentry","category-nacional","category-ultima-hora","tag-bienestarmexico","tag-pagomayojunio","tag-pensionesbienestar","tag-programasbienestar"],"yoast_head":"<!-- This site is optimized with the Yoast SEO plugin v25.0 - https:\/\/yoast.com\/wordpress\/plugins\/seo\/ -->\n<title>Bienestar inicia pago de pensiones y programas para 15.9 Millones de beneficiarios en M\u00e9xico | Nexo Informativo Santiago de Quer\u00e9taro<\/title>\n<meta name=\"description\" content=\"Bienestar inicia pago de pensiones y programas para 15.9 Millones de beneficiarios en M\u00e9xico\" \/>\n<meta name=\"robots\" content=\"index, follow, max-snippet:-1, max-image-preview:large, max-video-preview:-1\" \/>\n<link rel=\"canonical\" href=\"https:\/\/www.nexoinformativo.mx\/index.php\/2025\/05\/07\/bienestar-inicia-pago-de-pensiones-y-programas-para-15-9-millones-de-beneficiarios-en-mexico\/\" \/>\n<meta property=\"og:locale\" content=\"es_MX\" \/>\n<meta property=\"og:type\" content=\"article\" \/>\n<meta property=\"og:title\" content=\"Bienestar inicia pago de pensiones y programas para 15.9 Millones de beneficiarios en M\u00e9xico | Nexo Informativo Santiago de Quer\u00e9taro\" \/>\n<meta property=\"og:description\" content=\"Bienestar inicia pago de pensiones y programas para 15.9 Millones de beneficiarios en M\u00e9xico\" \/>\n<meta property=\"og:url\" content=\"https:\/\/www.nexoinformativo.mx\/index.php\/2025\/05\/07\/bienestar-inicia-pago-de-pensiones-y-programas-para-15-9-millones-de-beneficiarios-en-mexico\/\" \/>\n<meta property=\"og:site_name\" content=\"Nexo Informativo Santiago de Quer\u00e9taro\" \/>\n<meta property=\"article:publisher\" content=\"https:\/\/www.facebook.com\/people\/Nexo-Informativo\/61564066885511\/\" \/>\n<meta property=\"article:published_time\" content=\"2025-05-07T15:00:28+00:00\" \/>\n<meta property=\"article:modified_time\" content=\"2025-05-07T17:52:08+00:00\" \/>\n<meta property=\"og:image\" content=\"https:\/\/www.nexoinformativo.mx\/wp-content\/uploads\/2025\/05\/IMG_2862.jpg\" \/>\n\t<meta property=\"og:image:width\" content=\"411\" \/>\n\t<meta property=\"og:image:height\" content=\"739\" \/>\n\t<meta property=\"og:image:type\" content=\"image\/jpeg\" \/>\n<meta name=\"author\" content=\"Nexo Informativo\" \/>\n<meta name=\"twitter:card\" content=\"summary_large_image\" \/>\n<meta name=\"twitter:label1\" content=\"Escrito por\" \/>\n\t<meta name=\"twitter:data1\" content=\"Nexo Informativo\" \/>\n\t<meta name=\"twitter:label2\" content=\"Tiempo de lectura\" \/>\n\t<meta name=\"twitter:data2\" content=\"2 minutos\" \/>\n<script type=\"application\/ld+json\" class=\"yoast-schema-graph\">{\"@context\":\"https:\/\/schema.org\",\"@graph\":[{\"@type\":\"Article\",\"@id\":\"https:\/\/www.nexoinformativo.mx\/index.php\/2025\/05\/07\/bienestar-inicia-pago-de-pensiones-y-programas-para-15-9-millones-de-beneficiarios-en-mexico\/#article\",\"isPartOf\":{\"@id\":\"https:\/\/www.nexoinformativo.mx\/index.php\/2025\/05\/07\/bienestar-inicia-pago-de-pensiones-y-programas-para-15-9-millones-de-beneficiarios-en-mexico\/\"},\"author\":{\"name\":\"Nexo Informativo\",\"@id\":\"https:\/\/www.nexoinformativo.mx\/#\/schema\/person\/7749d380ba08c8ca00d7bc76fd907b7d\"},\"headline\":\"Bienestar inicia pago de pensiones y programas para 15.9 Millones de beneficiarios en M\u00e9xico\",\"datePublished\":\"2025-05-07T15:00:28+00:00\",\"dateModified\":\"2025-05-07T17:52:08+00:00\",\"mainEntityOfPage\":{\"@id\":\"https:\/\/www.nexoinformativo.mx\/index.php\/2025\/05\/07\/bienestar-inicia-pago-de-pensiones-y-programas-para-15-9-millones-de-beneficiarios-en-mexico\/\"},\"wordCount\":335,\"commentCount\":0,\"publisher\":{\"@id\":\"https:\/\/www.nexoinformativo.mx\/#organization\"},\"image\":{\"@id\":\"https:\/\/www.nexoinformativo.mx\/index.php\/2025\/05\/07\/bienestar-inicia-pago-de-pensiones-y-programas-para-15-9-millones-de-beneficiarios-en-mexico\/#primaryimage\"},\"thumbnailUrl\":\"https:\/\/www.nexoinformativo.mx\/wp-content\/uploads\/2025\/05\/IMG_2862.jpg\",\"keywords\":[\"BienestarM\u00e9xico\",\"PagoMayoJunio\",\"PensionesBienestar\",\"ProgramasBienestar\"],\"articleSection\":[\"Nacional\",\"\u00daltima Hora\"],\"inLanguage\":\"es\",\"potentialAction\":[{\"@type\":\"CommentAction\",\"name\":\"Comment\",\"target\":[\"https:\/\/www.nexoinformativo.mx\/index.php\/2025\/05\/07\/bienestar-inicia-pago-de-pensiones-y-programas-para-15-9-millones-de-beneficiarios-en-mexico\/#respond\"]}]},{\"@type\":\"WebPage\",\"@id\":\"https:\/\/www.nexoinformativo.mx\/index.php\/2025\/05\/07\/bienestar-inicia-pago-de-pensiones-y-programas-para-15-9-millones-de-beneficiarios-en-mexico\/\",\"url\":\"https:\/\/www.nexoinformativo.mx\/index.php\/2025\/05\/07\/bienestar-inicia-pago-de-pensiones-y-programas-para-15-9-millones-de-beneficiarios-en-mexico\/\",\"name\":\"Bienestar inicia pago de pensiones y programas para 15.9 Millones de beneficiarios en M\u00e9xico | Nexo Informativo Santiago de Quer\u00e9taro\",\"isPartOf\":{\"@id\":\"https:\/\/www.nexoinformativo.mx\/#website\"},\"primaryImageOfPage\":{\"@id\":\"https:\/\/www.nexoinformativo.mx\/index.php\/2025\/05\/07\/bienestar-inicia-pago-de-pensiones-y-programas-para-15-9-millones-de-beneficiarios-en-mexico\/#primaryimage\"},\"image\":{\"@id\":\"https:\/\/www.nexoinformativo.mx\/index.php\/2025\/05\/07\/bienestar-inicia-pago-de-pensiones-y-programas-para-15-9-millones-de-beneficiarios-en-mexico\/#primaryimage\"},\"thumbnailUrl\":\"https:\/\/www.nexoinformativo.mx\/wp-content\/uploads\/2025\/05\/IMG_2862.jpg\",\"datePublished\":\"2025-05-07T15:00:28+00:00\",\"dateModified\":\"2025-05-07T17:52:08+00:00\",\"description\":\"Bienestar inicia pago de pensiones y programas para 15.9 Millones de beneficiarios en M\u00e9xico\",\"breadcrumb\":{\"@id\":\"https:\/\/www.nexoinformativo.mx\/index.php\/2025\/05\/07\/bienestar-inicia-pago-de-pensiones-y-programas-para-15-9-millones-de-beneficiarios-en-mexico\/#breadcrumb\"},\"inLanguage\":\"es\",\"potentialAction\":[{\"@type\":\"ReadAction\",\"target\":[\"https:\/\/www.nexoinformativo.mx\/index.php\/2025\/05\/07\/bienestar-inicia-pago-de-pensiones-y-programas-para-15-9-millones-de-beneficiarios-en-mexico\/\"]}]},{\"@type\":\"ImageObject\",\"inLanguage\":\"es\",\"@id\":\"https:\/\/www.nexoinformativo.mx\/index.php\/2025\/05\/07\/bienestar-inicia-pago-de-pensiones-y-programas-para-15-9-millones-de-beneficiarios-en-mexico\/#primaryimage\",\"url\":\"https:\/\/www.nexoinformativo.mx\/wp-content\/uploads\/2025\/05\/IMG_2862.jpg\",\"contentUrl\":\"https:\/\/www.nexoinformativo.mx\/wp-content\/uploads\/2025\/05\/IMG_2862.jpg\",\"width\":411,\"height\":739},{\"@type\":\"BreadcrumbList\",\"@id\":\"https:\/\/www.nexoinformativo.mx\/index.php\/2025\/05\/07\/bienestar-inicia-pago-de-pensiones-y-programas-para-15-9-millones-de-beneficiarios-en-mexico\/#breadcrumb\",\"itemListElement\":[{\"@type\":\"ListItem\",\"position\":1,\"name\":\"Inicio\",\"item\":\"https:\/\/www.nexoinformativo.mx\/\"},{\"@type\":\"ListItem\",\"position\":2,\"name\":\"Bienestar inicia pago de pensiones y programas para 15.9 Millones de beneficiarios en M\u00e9xico\"}]},{\"@type\":\"WebSite\",\"@id\":\"https:\/\/www.nexoinformativo.mx\/#website\",\"url\":\"https:\/\/www.nexoinformativo.mx\/\",\"name\":\"Nexo Informativo Santiago de Quer\u00e9taro\",\"description\":\"Explora NexoInformativo y convi\u00e9rtete en parte de una comunidad que valora el conocimiento y la verdad. Tu nexoinformativo es tu puente hacia una comprensi\u00f3n m\u00e1s profunda del mundo que te rodea.\",\"publisher\":{\"@id\":\"https:\/\/www.nexoinformativo.mx\/#organization\"},\"potentialAction\":[{\"@type\":\"SearchAction\",\"target\":{\"@type\":\"EntryPoint\",\"urlTemplate\":\"https:\/\/www.nexoinformativo.mx\/?s={search_term_string}\"},\"query-input\":{\"@type\":\"PropertyValueSpecification\",\"valueRequired\":true,\"valueName\":\"search_term_string\"}}],\"inLanguage\":\"es\"},{\"@type\":\"Organization\",\"@id\":\"https:\/\/www.nexoinformativo.mx\/#organization\",\"name\":\"Nexo Informativo Santiago de Quer\u00e9taro\",\"url\":\"https:\/\/www.nexoinformativo.mx\/\",\"logo\":{\"@type\":\"ImageObject\",\"inLanguage\":\"es\",\"@id\":\"https:\/\/www.nexoinformativo.mx\/#\/schema\/logo\/image\/\",\"url\":\"https:\/\/www.nexoinformativo.mx\/wp-content\/uploads\/2024\/07\/nexoi-trasparente-2.png\",\"contentUrl\":\"https:\/\/www.nexoinformativo.mx\/wp-content\/uploads\/2024\/07\/nexoi-trasparente-2.png\",\"width\":816,\"height\":339,\"caption\":\"Nexo Informativo Santiago de Quer\u00e9taro\"},\"image\":{\"@id\":\"https:\/\/www.nexoinformativo.mx\/#\/schema\/logo\/image\/\"},\"sameAs\":[\"https:\/\/www.facebook.com\/people\/Nexo-Informativo\/61564066885511\/\"]},{\"@type\":\"Person\",\"@id\":\"https:\/\/www.nexoinformativo.mx\/#\/schema\/person\/7749d380ba08c8ca00d7bc76fd907b7d\",\"name\":\"Nexo Informativo\",\"image\":{\"@type\":\"ImageObject\",\"inLanguage\":\"es\",\"@id\":\"https:\/\/www.nexoinformativo.mx\/#\/schema\/person\/image\/\",\"url\":\"https:\/\/secure.gravatar.com\/avatar\/dde2928154642a13d95f87ddf1ea9718fe2b46760a005c53e41ff5ad610704e6?s=96&d=mm&r=g\",\"contentUrl\":\"https:\/\/secure.gravatar.com\/avatar\/dde2928154642a13d95f87ddf1ea9718fe2b46760a005c53e41ff5ad610704e6?s=96&d=mm&r=g\",\"caption\":\"Nexo Informativo\"},\"url\":\"https:\/\/www.nexoinformativo.mx\/index.php\/author\/edicion\/\"}]}<\/script>\n<!-- \/ Yoast SEO plugin. -->","yoast_head_json":{"title":"Bienestar inicia pago de pensiones y programas para 15.9 Millones de beneficiarios en M\u00e9xico | Nexo Informativo Santiago de Quer\u00e9taro","description":"Bienestar inicia pago de pensiones y programas para 15.9 Millones de beneficiarios en M\u00e9xico","robots":{"index":"index","follow":"follow","max-snippet":"max-snippet:-1","max-image-preview":"max-image-preview:large","max-video-preview":"max-video-preview:-1"},"canonical":"https:\/\/www.nexoinformativo.mx\/index.php\/2025\/05\/07\/bienestar-inicia-pago-de-pensiones-y-programas-para-15-9-millones-de-beneficiarios-en-mexico\/","og_locale":"es_MX","og_type":"article","og_title":"Bienestar inicia pago de pensiones y programas para 15.9 Millones de beneficiarios en M\u00e9xico | Nexo Informativo Santiago de Quer\u00e9taro","og_description":"Bienestar inicia pago de pensiones y programas para 15.9 Millones de beneficiarios en M\u00e9xico","og_url":"https:\/\/www.nexoinformativo.mx\/index.php\/2025\/05\/07\/bienestar-inicia-pago-de-pensiones-y-programas-para-15-9-millones-de-beneficiarios-en-mexico\/","og_site_name":"Nexo Informativo Santiago de Quer\u00e9taro","article_publisher":"https:\/\/www.facebook.com\/people\/Nexo-Informativo\/61564066885511\/","article_published_time":"2025-05-07T15:00:28+00:00","article_modified_time":"2025-05-07T17:52:08+00:00","og_image":[{"width":411,"height":739,"url":"https:\/\/www.nexoinformativo.mx\/wp-content\/uploads\/2025\/05\/IMG_2862.jpg","type":"image\/jpeg"}],"author":"Nexo Informativo","twitter_card":"summary_large_image","twitter_misc":{"Escrito por":"Nexo Informativo","Tiempo de lectura":"2 minutos"},"schema":{"@context":"https:\/\/schema.org","@graph":[{"@type":"Article","@id":"https:\/\/www.nexoinformativo.mx\/index.php\/2025\/05\/07\/bienestar-inicia-pago-de-pensiones-y-programas-para-15-9-millones-de-beneficiarios-en-mexico\/#article","isPartOf":{"@id":"https:\/\/www.nexoinformativo.mx\/index.php\/2025\/05\/07\/bienestar-inicia-pago-de-pensiones-y-programas-para-15-9-millones-de-beneficiarios-en-mexico\/"},"author":{"name":"Nexo Informativo","@id":"https:\/\/www.nexoinformativo.mx\/#\/schema\/person\/7749d380ba08c8ca00d7bc76fd907b7d"},"headline":"Bienestar inicia pago de pensiones y programas para 15.9 Millones de beneficiarios en M\u00e9xico","datePublished":"2025-05-07T15:00:28+00:00","dateModified":"2025-05-07T17:52:08+00:00","mainEntityOfPage":{"@id":"https:\/\/www.nexoinformativo.mx\/index.php\/2025\/05\/07\/bienestar-inicia-pago-de-pensiones-y-programas-para-15-9-millones-de-beneficiarios-en-mexico\/"},"wordCount":335,"commentCount":0,"publisher":{"@id":"https:\/\/www.nexoinformativo.mx\/#organization"},"image":{"@id":"https:\/\/www.nexoinformativo.mx\/index.php\/2025\/05\/07\/bienestar-inicia-pago-de-pensiones-y-programas-para-15-9-millones-de-beneficiarios-en-mexico\/#primaryimage"},"thumbnailUrl":"https:\/\/www.nexoinformativo.mx\/wp-content\/uploads\/2025\/05\/IMG_2862.jpg","keywords":["BienestarM\u00e9xico","PagoMayoJunio","PensionesBienestar","ProgramasBienestar"],"articleSection":["Nacional","\u00daltima Hora"],"inLanguage":"es","potentialAction":[{"@type":"CommentAction","name":"Comment","target":["https:\/\/www.nexoinformativo.mx\/index.php\/2025\/05\/07\/bienestar-inicia-pago-de-pensiones-y-programas-para-15-9-millones-de-beneficiarios-en-mexico\/#respond"]}]},{"@type":"WebPage","@id":"https:\/\/www.nexoinformativo.mx\/index.php\/2025\/05\/07\/bienestar-inicia-pago-de-pensiones-y-programas-para-15-9-millones-de-beneficiarios-en-mexico\/","url":"https:\/\/www.nexoinformativo.mx\/index.php\/2025\/05\/07\/bienestar-inicia-pago-de-pensiones-y-programas-para-15-9-millones-de-beneficiarios-en-mexico\/","name":"Bienestar inicia pago de pensiones y programas para 15.9 Millones de beneficiarios en M\u00e9xico | Nexo Informativo Santiago de Quer\u00e9taro","isPartOf":{"@id":"https:\/\/www.nexoinformativo.mx\/#website"},"primaryImageOfPage":{"@id":"https:\/\/www.nexoinformativo.mx\/index.php\/2025\/05\/07\/bienestar-inicia-pago-de-pensiones-y-programas-para-15-9-millones-de-beneficiarios-en-mexico\/#primaryimage"},"image":{"@id":"https:\/\/www.nexoinformativo.mx\/index.php\/2025\/05\/07\/bienestar-inicia-pago-de-pensiones-y-programas-para-15-9-millones-de-beneficiarios-en-mexico\/#primaryimage"},"thumbnailUrl":"https:\/\/www.nexoinformativo.mx\/wp-content\/uploads\/2025\/05\/IMG_2862.jpg","datePublished":"2025-05-07T15:00:28+00:00","dateModified":"2025-05-07T17:52:08+00:00","description":"Bienestar inicia pago de pensiones y programas para 15.9 Millones de beneficiarios en M\u00e9xico","breadcrumb":{"@id":"https:\/\/www.nexoinformativo.mx\/index.php\/2025\/05\/07\/bienestar-inicia-pago-de-pensiones-y-programas-para-15-9-millones-de-beneficiarios-en-mexico\/#breadcrumb"},"inLanguage":"es","potentialAction":[{"@type":"ReadAction","target":["https:\/\/www.nexoinformativo.mx\/index.php\/2025\/05\/07\/bienestar-inicia-pago-de-pensiones-y-programas-para-15-9-millones-de-beneficiarios-en-mexico\/"]}]},{"@type":"ImageObject","inLanguage":"es","@id":"https:\/\/www.nexoinformativo.mx\/index.php\/2025\/05\/07\/bienestar-inicia-pago-de-pensiones-y-programas-para-15-9-millones-de-beneficiarios-en-mexico\/#primaryimage","url":"https:\/\/www.nexoinformativo.mx\/wp-content\/uploads\/2025\/05\/IMG_2862.jpg","contentUrl":"https:\/\/www.nexoinformativo.mx\/wp-content\/uploads\/2025\/05\/IMG_2862.jpg","width":411,"height":739},{"@type":"BreadcrumbList","@id":"https:\/\/www.nexoinformativo.mx\/index.php\/2025\/05\/07\/bienestar-inicia-pago-de-pensiones-y-programas-para-15-9-millones-de-beneficiarios-en-mexico\/#breadcrumb","itemListElement":[{"@type":"ListItem","position":1,"name":"Inicio","item":"https:\/\/www.nexoinformativo.mx\/"},{"@type":"ListItem","position":2,"name":"Bienestar inicia pago de pensiones y programas para 15.9 Millones de beneficiarios en M\u00e9xico"}]},{"@type":"WebSite","@id":"https:\/\/www.nexoinformativo.mx\/#website","url":"https:\/\/www.nexoinformativo.mx\/","name":"Nexo Informativo Santiago de Quer\u00e9taro","description":"Explora NexoInformativo y convi\u00e9rtete en parte de una comunidad que valora el conocimiento y la verdad. Tu nexoinformativo es tu puente hacia una comprensi\u00f3n m\u00e1s profunda del mundo que te rodea.","publisher":{"@id":"https:\/\/www.nexoinformativo.mx\/#organization"},"potentialAction":[{"@type":"SearchAction","target":{"@type":"EntryPoint","urlTemplate":"https:\/\/www.nexoinformativo.mx\/?s={search_term_string}"},"query-input":{"@type":"PropertyValueSpecification","valueRequired":true,"valueName":"search_term_string"}}],"inLanguage":"es"},{"@type":"Organization","@id":"https:\/\/www.nexoinformativo.mx\/#organization","name":"Nexo Informativo Santiago de Quer\u00e9taro","url":"https:\/\/www.nexoinformativo.mx\/","logo":{"@type":"ImageObject","inLanguage":"es","@id":"https:\/\/www.nexoinformativo.mx\/#\/schema\/logo\/image\/","url":"https:\/\/www.nexoinformativo.mx\/wp-content\/uploads\/2024\/07\/nexoi-trasparente-2.png","contentUrl":"https:\/\/www.nexoinformativo.mx\/wp-content\/uploads\/2024\/07\/nexoi-trasparente-2.png","width":816,"height":339,"caption":"Nexo Informativo Santiago de Quer\u00e9taro"},"image":{"@id":"https:\/\/www.nexoinformativo.mx\/#\/schema\/logo\/image\/"},"sameAs":["https:\/\/www.facebook.com\/people\/Nexo-Informativo\/61564066885511\/"]},{"@type":"Person","@id":"https:\/\/www.nexoinformativo.mx\/#\/schema\/person\/7749d380ba08c8ca00d7bc76fd907b7d","name":"Nexo Informativo","image":{"@type":"ImageObject","inLanguage":"es","@id":"https:\/\/www.nexoinformativo.mx\/#\/schema\/person\/image\/","url":"https:\/\/secure.gravatar.com\/avatar\/dde2928154642a13d95f87ddf1ea9718fe2b46760a005c53e41ff5ad610704e6?s=96&d=mm&r=g","contentUrl":"https:\/\/secure.gravatar.com\/avatar\/dde2928154642a13d95f87ddf1ea9718fe2b46760a005c53e41ff5ad610704e6?s=96&d=mm&r=g","caption":"Nexo Informativo"},"url":"https:\/\/www.nexoinformativo.mx\/index.php\/author\/edicion\/"}]}},"_links":{"self":[{"href":"https:\/\/www.nexoinformativo.mx\/index.php\/wp-json\/wp\/v2\/posts\/14800","targetHints":{"allow":["GET"]}}],"collection":[{"href":"https:\/\/www.nexoinformativo.mx\/index.php\/wp-json\/wp\/v2\/posts"}],"about":[{"href":"https:\/\/www.nexoinformativo.mx\/index.php\/wp-json\/wp\/v2\/types\/post"}],"author":[{"embeddable":true,"href":"https:\/\/www.nexoinformativo.mx\/index.php\/wp-json\/wp\/v2\/users\/3"}],"replies":[{"embeddable":true,"href":"https:\/\/www.nexoinformativo.mx\/index.php\/wp-json\/wp\/v2\/comments?post=14800"}],"version-history":[{"count":4,"href":"https:\/\/www.nexoinformativo.mx\/index.php\/wp-json\/wp\/v2\/posts\/14800\/revisions"}],"predecessor-version":[{"id":14805,"href":"https:\/\/www.nexoinformativo.mx\/index.php\/wp-json\/wp\/v2\/posts\/14800\/revisions\/14805"}],"wp:featuredmedia":[{"embeddable":true,"href":"https:\/\/www.nexoinformativo.mx\/index.php\/wp-json\/wp\/v2\/media\/14801"}],"wp:attachment":[{"href":"https:\/\/www.nexoinformativo.mx\/index.php\/wp-json\/wp\/v2\/media?parent=14800"}],"wp:term":[{"taxonomy":"category","embeddable":true,"href":"https:\/\/www.nexoinformativo.mx\/index.php\/wp-json\/wp\/v2\/categories?post=14800"},{"taxonomy":"post_tag","embeddable":true,"href":"https:\/\/www.nexoinformativo.mx\/index.php\/wp-json\/wp\/v2\/tags?post=14800"}],"curies":[{"name":"wp","href":"https:\/\/api.w.org\/{rel}","templated":true}]}}