{"id":14816,"date":"2025-05-08T06:15:23","date_gmt":"2025-05-08T12:15:23","guid":{"rendered":"https:\/\/www.nexoinformativo.mx\/?p=14816"},"modified":"2025-05-08T07:53:16","modified_gmt":"2025-05-08T13:53:16","slug":"sep-impulsa-comites-de-paz-en-preparatorias-para-tener-escuelas-libres-de-violencia","status":"publish","type":"post","link":"https:\/\/www.nexoinformativo.mx\/index.php\/2025\/05\/08\/sep-impulsa-comites-de-paz-en-preparatorias-para-tener-escuelas-libres-de-violencia\/","title":{"rendered":"SEP impulsa comit\u00e9s de paz en Preparatorias para tener escuelas libres de violencia"},"content":{"rendered":"<p style=\"text-align: justify;\" data-sourcepos=\"3:1-3:560\">\u00a1Por un ambiente escolar m\u00e1s seguro y armonioso! La Secretar\u00eda de Educaci\u00f3n P\u00fablica (SEP) est\u00e1 promoviendo activamente la creaci\u00f3n de Comit\u00e9s de Paz en los planteles de Educaci\u00f3n Media Superior de la Zona Metropolitana del Valle de M\u00e9xico (ZMVM).<\/p>\n<p>&nbsp;<\/p>\n<p style=\"text-align: justify;\" data-sourcepos=\"3:1-3:560\">En el marco de la Estrategia Nacional de Seguridad impulsada por la Presidenta, se llev\u00f3 a cabo el Segundo Foro Metropolitano <strong>\u201cCultura de Paz\u201d<\/strong>, con el objetivo de fomentar el di\u00e1logo y generar acciones para erradicar la violencia en las comunidades escolares.<\/p>\n<p>&nbsp;<\/p>\n<p style=\"text-align: justify;\" data-sourcepos=\"5:1-5:320\">La subsecretaria de Educaci\u00f3n Media Superior, Tania Rodr\u00edguez, encabez\u00f3 este encuentro en el CETis No. 8 \u201cRafael Dond\u00e9 Preciat\u201d, destacando que esta iniciativa forma parte de los esfuerzos coordinados de la SEP para fortalecer una educaci\u00f3n basada en el respeto, la inclusi\u00f3n y la resoluci\u00f3n de conflictos.<\/p>\n<p>&nbsp;<\/p>\n<p style=\"text-align: justify;\" data-sourcepos=\"7:1-7:340\">El secretario de Educaci\u00f3n P\u00fablica, Mario Delgado, ha enfatizado que &#8220;la escuela debe ser siempre un espacio de paz, sana convivencia y alegr\u00eda para las y los estudiantes&#8221;, resaltando el rol crucial del personal docente en la detecci\u00f3n temprana de conductas violentas y en la concientizaci\u00f3n de los alumnos sobre sus consecuencias.<\/p>\n<p>&nbsp;<\/p>\n<p style=\"text-align: justify;\" data-sourcepos=\"9:1-9:314\">En esta segunda edici\u00f3n del foro, participaron m\u00e1s de 200 integrantes de la comunidad escolar de 34 planteles adscritos a la Direcci\u00f3n General de Educaci\u00f3n Tecnol\u00f3gica Industrial (DGETI) en la Ciudad de M\u00e9xico, incluyendo directivos, docentes y estudiantes comprometidos con la transformaci\u00f3n del ambiente escolar.<\/p>\n<p>&nbsp;<\/p>\n<p style=\"text-align: justify;\" data-sourcepos=\"11:1-11:537\">La Comisi\u00f3n Nacional de los Derechos Humanos (CNDH) tambi\u00e9n se sum\u00f3 a esta iniciativa con la distribuci\u00f3n de materiales informativos de su campa\u00f1a #HazM\u00e1sPaz.<\/p>\n<p>&nbsp;<\/p>\n<p style=\"text-align: justify;\" data-sourcepos=\"13:1-13:464\">Este foro es parte de una estrategia m\u00e1s amplia que contempla la realizaci\u00f3n de encuentros similares en todos los subsistemas de Educaci\u00f3n Media Superior, incluyendo el Colegio de Bachilleres (COLBACH), el Colegio Nacional de Educaci\u00f3n Profesional T\u00e9cnica (CONALEP) y el Instituto de Educaci\u00f3n Media Superior (IEMS).<\/p>\n<p>&nbsp;<\/p>\n<p style=\"text-align: justify;\" data-sourcepos=\"13:1-13:464\">El pr\u00f3ximo Foro Metropolitano se llevar\u00e1 a cabo el lunes 19 de mayo con la participaci\u00f3n de planteles de la DGETI del Estado de M\u00e9xico en Ecatepec.<\/p>\n<p>&nbsp;<\/p>\n<p style=\"text-align: center;\" data-sourcepos=\"13:1-13:464\"><em><strong>\u00a1Informaci\u00f3n que transforma!<\/strong><\/em><\/p>\n","protected":false},"excerpt":{"rendered":"<p>\u00a1Por un ambiente escolar m\u00e1s seguro y armonioso! La Secretar\u00eda de Educaci\u00f3n P\u00fablica (SEP) est\u00e1 promoviendo activamente la creaci\u00f3n de Comit\u00e9s de Paz en los planteles de Educaci\u00f3n Media Superior de la Zona Metropolitana del Valle de M\u00e9xico (ZMVM).<\/p>\n","protected":false},"author":3,"featured_media":14817,"comment_status":"open","ping_status":"open","sticky":false,"template":"","format":"standard","meta":{"footnotes":""},"categories":[88,58],"tags":[441,2519,4213,538],"class_list":["post-14816","post","type-post","status-publish","format-standard","has-post-thumbnail","hentry","category-nacional","category-ultima-hora","tag-culturadepaz","tag-educacionmediasuperior","tag-escuelassinviolencia","tag-sep"],"yoast_head":"<!-- This site is optimized with the Yoast SEO plugin v25.0 - https:\/\/yoast.com\/wordpress\/plugins\/seo\/ -->\n<title>SEP impulsa comit\u00e9s de paz en Preparatorias para tener escuelas libres de violencia | Nexo Informativo Santiago de Quer\u00e9taro<\/title>\n<meta name=\"description\" content=\"SEP impulsa comit\u00e9s de paz en Preparatorias para tener escuelas libres de violencia\" \/>\n<meta name=\"robots\" content=\"index, follow, max-snippet:-1, max-image-preview:large, max-video-preview:-1\" \/>\n<link rel=\"canonical\" href=\"https:\/\/www.nexoinformativo.mx\/index.php\/2025\/05\/08\/sep-impulsa-comites-de-paz-en-preparatorias-para-tener-escuelas-libres-de-violencia\/\" \/>\n<meta property=\"og:locale\" content=\"es_MX\" \/>\n<meta property=\"og:type\" content=\"article\" \/>\n<meta property=\"og:title\" content=\"SEP impulsa comit\u00e9s de paz en Preparatorias para tener escuelas libres de violencia | Nexo Informativo Santiago de Quer\u00e9taro\" \/>\n<meta property=\"og:description\" content=\"SEP impulsa comit\u00e9s de paz en Preparatorias para tener escuelas libres de violencia\" \/>\n<meta property=\"og:url\" content=\"https:\/\/www.nexoinformativo.mx\/index.php\/2025\/05\/08\/sep-impulsa-comites-de-paz-en-preparatorias-para-tener-escuelas-libres-de-violencia\/\" \/>\n<meta property=\"og:site_name\" content=\"Nexo Informativo Santiago de Quer\u00e9taro\" \/>\n<meta property=\"article:publisher\" content=\"https:\/\/www.facebook.com\/people\/Nexo-Informativo\/61564066885511\/\" \/>\n<meta property=\"article:published_time\" content=\"2025-05-08T12:15:23+00:00\" \/>\n<meta property=\"article:modified_time\" content=\"2025-05-08T13:53:16+00:00\" \/>\n<meta property=\"og:image\" content=\"https:\/\/www.nexoinformativo.mx\/wp-content\/uploads\/2025\/05\/IMG_2879.jpg\" \/>\n\t<meta property=\"og:image:width\" content=\"621\" \/>\n\t<meta property=\"og:image:height\" content=\"334\" \/>\n\t<meta property=\"og:image:type\" content=\"image\/jpeg\" \/>\n<meta name=\"author\" content=\"Nexo Informativo\" \/>\n<meta name=\"twitter:card\" content=\"summary_large_image\" \/>\n<meta name=\"twitter:label1\" content=\"Escrito por\" \/>\n\t<meta name=\"twitter:data1\" content=\"Nexo Informativo\" \/>\n\t<meta name=\"twitter:label2\" content=\"Tiempo de lectura\" \/>\n\t<meta name=\"twitter:data2\" content=\"2 minutos\" \/>\n<script type=\"application\/ld+json\" class=\"yoast-schema-graph\">{\"@context\":\"https:\/\/schema.org\",\"@graph\":[{\"@type\":\"Article\",\"@id\":\"https:\/\/www.nexoinformativo.mx\/index.php\/2025\/05\/08\/sep-impulsa-comites-de-paz-en-preparatorias-para-tener-escuelas-libres-de-violencia\/#article\",\"isPartOf\":{\"@id\":\"https:\/\/www.nexoinformativo.mx\/index.php\/2025\/05\/08\/sep-impulsa-comites-de-paz-en-preparatorias-para-tener-escuelas-libres-de-violencia\/\"},\"author\":{\"name\":\"Nexo Informativo\",\"@id\":\"https:\/\/www.nexoinformativo.mx\/#\/schema\/person\/7749d380ba08c8ca00d7bc76fd907b7d\"},\"headline\":\"SEP impulsa comit\u00e9s de paz en Preparatorias para tener escuelas libres de violencia\",\"datePublished\":\"2025-05-08T12:15:23+00:00\",\"dateModified\":\"2025-05-08T13:53:16+00:00\",\"mainEntityOfPage\":{\"@id\":\"https:\/\/www.nexoinformativo.mx\/index.php\/2025\/05\/08\/sep-impulsa-comites-de-paz-en-preparatorias-para-tener-escuelas-libres-de-violencia\/\"},\"wordCount\":384,\"commentCount\":0,\"publisher\":{\"@id\":\"https:\/\/www.nexoinformativo.mx\/#organization\"},\"image\":{\"@id\":\"https:\/\/www.nexoinformativo.mx\/index.php\/2025\/05\/08\/sep-impulsa-comites-de-paz-en-preparatorias-para-tener-escuelas-libres-de-violencia\/#primaryimage\"},\"thumbnailUrl\":\"https:\/\/www.nexoinformativo.mx\/wp-content\/uploads\/2025\/05\/IMG_2879.jpg\",\"keywords\":[\"CulturaDePaz\",\"Educaci\u00f3nMediaSuperior\",\"EscuelasSinViolencia\",\"SEP\"],\"articleSection\":[\"Nacional\",\"\u00daltima Hora\"],\"inLanguage\":\"es\",\"potentialAction\":[{\"@type\":\"CommentAction\",\"name\":\"Comment\",\"target\":[\"https:\/\/www.nexoinformativo.mx\/index.php\/2025\/05\/08\/sep-impulsa-comites-de-paz-en-preparatorias-para-tener-escuelas-libres-de-violencia\/#respond\"]}]},{\"@type\":\"WebPage\",\"@id\":\"https:\/\/www.nexoinformativo.mx\/index.php\/2025\/05\/08\/sep-impulsa-comites-de-paz-en-preparatorias-para-tener-escuelas-libres-de-violencia\/\",\"url\":\"https:\/\/www.nexoinformativo.mx\/index.php\/2025\/05\/08\/sep-impulsa-comites-de-paz-en-preparatorias-para-tener-escuelas-libres-de-violencia\/\",\"name\":\"SEP impulsa comit\u00e9s de paz en Preparatorias para tener escuelas libres de violencia | Nexo Informativo Santiago de Quer\u00e9taro\",\"isPartOf\":{\"@id\":\"https:\/\/www.nexoinformativo.mx\/#website\"},\"primaryImageOfPage\":{\"@id\":\"https:\/\/www.nexoinformativo.mx\/index.php\/2025\/05\/08\/sep-impulsa-comites-de-paz-en-preparatorias-para-tener-escuelas-libres-de-violencia\/#primaryimage\"},\"image\":{\"@id\":\"https:\/\/www.nexoinformativo.mx\/index.php\/2025\/05\/08\/sep-impulsa-comites-de-paz-en-preparatorias-para-tener-escuelas-libres-de-violencia\/#primaryimage\"},\"thumbnailUrl\":\"https:\/\/www.nexoinformativo.mx\/wp-content\/uploads\/2025\/05\/IMG_2879.jpg\",\"datePublished\":\"2025-05-08T12:15:23+00:00\",\"dateModified\":\"2025-05-08T13:53:16+00:00\",\"description\":\"SEP impulsa comit\u00e9s de paz en Preparatorias para tener escuelas libres de violencia\",\"breadcrumb\":{\"@id\":\"https:\/\/www.nexoinformativo.mx\/index.php\/2025\/05\/08\/sep-impulsa-comites-de-paz-en-preparatorias-para-tener-escuelas-libres-de-violencia\/#breadcrumb\"},\"inLanguage\":\"es\",\"potentialAction\":[{\"@type\":\"ReadAction\",\"target\":[\"https:\/\/www.nexoinformativo.mx\/index.php\/2025\/05\/08\/sep-impulsa-comites-de-paz-en-preparatorias-para-tener-escuelas-libres-de-violencia\/\"]}]},{\"@type\":\"ImageObject\",\"inLanguage\":\"es\",\"@id\":\"https:\/\/www.nexoinformativo.mx\/index.php\/2025\/05\/08\/sep-impulsa-comites-de-paz-en-preparatorias-para-tener-escuelas-libres-de-violencia\/#primaryimage\",\"url\":\"https:\/\/www.nexoinformativo.mx\/wp-content\/uploads\/2025\/05\/IMG_2879.jpg\",\"contentUrl\":\"https:\/\/www.nexoinformativo.mx\/wp-content\/uploads\/2025\/05\/IMG_2879.jpg\",\"width\":621,\"height\":334},{\"@type\":\"BreadcrumbList\",\"@id\":\"https:\/\/www.nexoinformativo.mx\/index.php\/2025\/05\/08\/sep-impulsa-comites-de-paz-en-preparatorias-para-tener-escuelas-libres-de-violencia\/#breadcrumb\",\"itemListElement\":[{\"@type\":\"ListItem\",\"position\":1,\"name\":\"Inicio\",\"item\":\"https:\/\/www.nexoinformativo.mx\/\"},{\"@type\":\"ListItem\",\"position\":2,\"name\":\"SEP impulsa comit\u00e9s de paz en Preparatorias para tener escuelas libres de violencia\"}]},{\"@type\":\"WebSite\",\"@id\":\"https:\/\/www.nexoinformativo.mx\/#website\",\"url\":\"https:\/\/www.nexoinformativo.mx\/\",\"name\":\"Nexo Informativo Santiago de Quer\u00e9taro\",\"description\":\"Explora NexoInformativo y convi\u00e9rtete en parte de una comunidad que valora el conocimiento y la verdad. Tu nexoinformativo es tu puente hacia una comprensi\u00f3n m\u00e1s profunda del mundo que te rodea.\",\"publisher\":{\"@id\":\"https:\/\/www.nexoinformativo.mx\/#organization\"},\"potentialAction\":[{\"@type\":\"SearchAction\",\"target\":{\"@type\":\"EntryPoint\",\"urlTemplate\":\"https:\/\/www.nexoinformativo.mx\/?s={search_term_string}\"},\"query-input\":{\"@type\":\"PropertyValueSpecification\",\"valueRequired\":true,\"valueName\":\"search_term_string\"}}],\"inLanguage\":\"es\"},{\"@type\":\"Organization\",\"@id\":\"https:\/\/www.nexoinformativo.mx\/#organization\",\"name\":\"Nexo Informativo Santiago de Quer\u00e9taro\",\"url\":\"https:\/\/www.nexoinformativo.mx\/\",\"logo\":{\"@type\":\"ImageObject\",\"inLanguage\":\"es\",\"@id\":\"https:\/\/www.nexoinformativo.mx\/#\/schema\/logo\/image\/\",\"url\":\"https:\/\/www.nexoinformativo.mx\/wp-content\/uploads\/2024\/07\/nexoi-trasparente-2.png\",\"contentUrl\":\"https:\/\/www.nexoinformativo.mx\/wp-content\/uploads\/2024\/07\/nexoi-trasparente-2.png\",\"width\":816,\"height\":339,\"caption\":\"Nexo Informativo Santiago de Quer\u00e9taro\"},\"image\":{\"@id\":\"https:\/\/www.nexoinformativo.mx\/#\/schema\/logo\/image\/\"},\"sameAs\":[\"https:\/\/www.facebook.com\/people\/Nexo-Informativo\/61564066885511\/\"]},{\"@type\":\"Person\",\"@id\":\"https:\/\/www.nexoinformativo.mx\/#\/schema\/person\/7749d380ba08c8ca00d7bc76fd907b7d\",\"name\":\"Nexo Informativo\",\"image\":{\"@type\":\"ImageObject\",\"inLanguage\":\"es\",\"@id\":\"https:\/\/www.nexoinformativo.mx\/#\/schema\/person\/image\/\",\"url\":\"https:\/\/secure.gravatar.com\/avatar\/dde2928154642a13d95f87ddf1ea9718fe2b46760a005c53e41ff5ad610704e6?s=96&d=mm&r=g\",\"contentUrl\":\"https:\/\/secure.gravatar.com\/avatar\/dde2928154642a13d95f87ddf1ea9718fe2b46760a005c53e41ff5ad610704e6?s=96&d=mm&r=g\",\"caption\":\"Nexo Informativo\"},\"url\":\"https:\/\/www.nexoinformativo.mx\/index.php\/author\/edicion\/\"}]}<\/script>\n<!-- \/ Yoast SEO plugin. -->","yoast_head_json":{"title":"SEP impulsa comit\u00e9s de paz en Preparatorias para tener escuelas libres de violencia | Nexo Informativo Santiago de Quer\u00e9taro","description":"SEP impulsa comit\u00e9s de paz en Preparatorias para tener escuelas libres de violencia","robots":{"index":"index","follow":"follow","max-snippet":"max-snippet:-1","max-image-preview":"max-image-preview:large","max-video-preview":"max-video-preview:-1"},"canonical":"https:\/\/www.nexoinformativo.mx\/index.php\/2025\/05\/08\/sep-impulsa-comites-de-paz-en-preparatorias-para-tener-escuelas-libres-de-violencia\/","og_locale":"es_MX","og_type":"article","og_title":"SEP impulsa comit\u00e9s de paz en Preparatorias para tener escuelas libres de violencia | Nexo Informativo Santiago de Quer\u00e9taro","og_description":"SEP impulsa comit\u00e9s de paz en Preparatorias para tener escuelas libres de violencia","og_url":"https:\/\/www.nexoinformativo.mx\/index.php\/2025\/05\/08\/sep-impulsa-comites-de-paz-en-preparatorias-para-tener-escuelas-libres-de-violencia\/","og_site_name":"Nexo Informativo Santiago de Quer\u00e9taro","article_publisher":"https:\/\/www.facebook.com\/people\/Nexo-Informativo\/61564066885511\/","article_published_time":"2025-05-08T12:15:23+00:00","article_modified_time":"2025-05-08T13:53:16+00:00","og_image":[{"width":621,"height":334,"url":"https:\/\/www.nexoinformativo.mx\/wp-content\/uploads\/2025\/05\/IMG_2879.jpg","type":"image\/jpeg"}],"author":"Nexo Informativo","twitter_card":"summary_large_image","twitter_misc":{"Escrito por":"Nexo Informativo","Tiempo de lectura":"2 minutos"},"schema":{"@context":"https:\/\/schema.org","@graph":[{"@type":"Article","@id":"https:\/\/www.nexoinformativo.mx\/index.php\/2025\/05\/08\/sep-impulsa-comites-de-paz-en-preparatorias-para-tener-escuelas-libres-de-violencia\/#article","isPartOf":{"@id":"https:\/\/www.nexoinformativo.mx\/index.php\/2025\/05\/08\/sep-impulsa-comites-de-paz-en-preparatorias-para-tener-escuelas-libres-de-violencia\/"},"author":{"name":"Nexo Informativo","@id":"https:\/\/www.nexoinformativo.mx\/#\/schema\/person\/7749d380ba08c8ca00d7bc76fd907b7d"},"headline":"SEP impulsa comit\u00e9s de paz en Preparatorias para tener escuelas libres de violencia","datePublished":"2025-05-08T12:15:23+00:00","dateModified":"2025-05-08T13:53:16+00:00","mainEntityOfPage":{"@id":"https:\/\/www.nexoinformativo.mx\/index.php\/2025\/05\/08\/sep-impulsa-comites-de-paz-en-preparatorias-para-tener-escuelas-libres-de-violencia\/"},"wordCount":384,"commentCount":0,"publisher":{"@id":"https:\/\/www.nexoinformativo.mx\/#organization"},"image":{"@id":"https:\/\/www.nexoinformativo.mx\/index.php\/2025\/05\/08\/sep-impulsa-comites-de-paz-en-preparatorias-para-tener-escuelas-libres-de-violencia\/#primaryimage"},"thumbnailUrl":"https:\/\/www.nexoinformativo.mx\/wp-content\/uploads\/2025\/05\/IMG_2879.jpg","keywords":["CulturaDePaz","Educaci\u00f3nMediaSuperior","EscuelasSinViolencia","SEP"],"articleSection":["Nacional","\u00daltima Hora"],"inLanguage":"es","potentialAction":[{"@type":"CommentAction","name":"Comment","target":["https:\/\/www.nexoinformativo.mx\/index.php\/2025\/05\/08\/sep-impulsa-comites-de-paz-en-preparatorias-para-tener-escuelas-libres-de-violencia\/#respond"]}]},{"@type":"WebPage","@id":"https:\/\/www.nexoinformativo.mx\/index.php\/2025\/05\/08\/sep-impulsa-comites-de-paz-en-preparatorias-para-tener-escuelas-libres-de-violencia\/","url":"https:\/\/www.nexoinformativo.mx\/index.php\/2025\/05\/08\/sep-impulsa-comites-de-paz-en-preparatorias-para-tener-escuelas-libres-de-violencia\/","name":"SEP impulsa comit\u00e9s de paz en Preparatorias para tener escuelas libres de violencia | Nexo Informativo Santiago de Quer\u00e9taro","isPartOf":{"@id":"https:\/\/www.nexoinformativo.mx\/#website"},"primaryImageOfPage":{"@id":"https:\/\/www.nexoinformativo.mx\/index.php\/2025\/05\/08\/sep-impulsa-comites-de-paz-en-preparatorias-para-tener-escuelas-libres-de-violencia\/#primaryimage"},"image":{"@id":"https:\/\/www.nexoinformativo.mx\/index.php\/2025\/05\/08\/sep-impulsa-comites-de-paz-en-preparatorias-para-tener-escuelas-libres-de-violencia\/#primaryimage"},"thumbnailUrl":"https:\/\/www.nexoinformativo.mx\/wp-content\/uploads\/2025\/05\/IMG_2879.jpg","datePublished":"2025-05-08T12:15:23+00:00","dateModified":"2025-05-08T13:53:16+00:00","description":"SEP impulsa comit\u00e9s de paz en Preparatorias para tener escuelas libres de violencia","breadcrumb":{"@id":"https:\/\/www.nexoinformativo.mx\/index.php\/2025\/05\/08\/sep-impulsa-comites-de-paz-en-preparatorias-para-tener-escuelas-libres-de-violencia\/#breadcrumb"},"inLanguage":"es","potentialAction":[{"@type":"ReadAction","target":["https:\/\/www.nexoinformativo.mx\/index.php\/2025\/05\/08\/sep-impulsa-comites-de-paz-en-preparatorias-para-tener-escuelas-libres-de-violencia\/"]}]},{"@type":"ImageObject","inLanguage":"es","@id":"https:\/\/www.nexoinformativo.mx\/index.php\/2025\/05\/08\/sep-impulsa-comites-de-paz-en-preparatorias-para-tener-escuelas-libres-de-violencia\/#primaryimage","url":"https:\/\/www.nexoinformativo.mx\/wp-content\/uploads\/2025\/05\/IMG_2879.jpg","contentUrl":"https:\/\/www.nexoinformativo.mx\/wp-content\/uploads\/2025\/05\/IMG_2879.jpg","width":621,"height":334},{"@type":"BreadcrumbList","@id":"https:\/\/www.nexoinformativo.mx\/index.php\/2025\/05\/08\/sep-impulsa-comites-de-paz-en-preparatorias-para-tener-escuelas-libres-de-violencia\/#breadcrumb","itemListElement":[{"@type":"ListItem","position":1,"name":"Inicio","item":"https:\/\/www.nexoinformativo.mx\/"},{"@type":"ListItem","position":2,"name":"SEP impulsa comit\u00e9s de paz en Preparatorias para tener escuelas libres de violencia"}]},{"@type":"WebSite","@id":"https:\/\/www.nexoinformativo.mx\/#website","url":"https:\/\/www.nexoinformativo.mx\/","name":"Nexo Informativo Santiago de Quer\u00e9taro","description":"Explora NexoInformativo y convi\u00e9rtete en parte de una comunidad que valora el conocimiento y la verdad. Tu nexoinformativo es tu puente hacia una comprensi\u00f3n m\u00e1s profunda del mundo que te rodea.","publisher":{"@id":"https:\/\/www.nexoinformativo.mx\/#organization"},"potentialAction":[{"@type":"SearchAction","target":{"@type":"EntryPoint","urlTemplate":"https:\/\/www.nexoinformativo.mx\/?s={search_term_string}"},"query-input":{"@type":"PropertyValueSpecification","valueRequired":true,"valueName":"search_term_string"}}],"inLanguage":"es"},{"@type":"Organization","@id":"https:\/\/www.nexoinformativo.mx\/#organization","name":"Nexo Informativo Santiago de Quer\u00e9taro","url":"https:\/\/www.nexoinformativo.mx\/","logo":{"@type":"ImageObject","inLanguage":"es","@id":"https:\/\/www.nexoinformativo.mx\/#\/schema\/logo\/image\/","url":"https:\/\/www.nexoinformativo.mx\/wp-content\/uploads\/2024\/07\/nexoi-trasparente-2.png","contentUrl":"https:\/\/www.nexoinformativo.mx\/wp-content\/uploads\/2024\/07\/nexoi-trasparente-2.png","width":816,"height":339,"caption":"Nexo Informativo Santiago de Quer\u00e9taro"},"image":{"@id":"https:\/\/www.nexoinformativo.mx\/#\/schema\/logo\/image\/"},"sameAs":["https:\/\/www.facebook.com\/people\/Nexo-Informativo\/61564066885511\/"]},{"@type":"Person","@id":"https:\/\/www.nexoinformativo.mx\/#\/schema\/person\/7749d380ba08c8ca00d7bc76fd907b7d","name":"Nexo Informativo","image":{"@type":"ImageObject","inLanguage":"es","@id":"https:\/\/www.nexoinformativo.mx\/#\/schema\/person\/image\/","url":"https:\/\/secure.gravatar.com\/avatar\/dde2928154642a13d95f87ddf1ea9718fe2b46760a005c53e41ff5ad610704e6?s=96&d=mm&r=g","contentUrl":"https:\/\/secure.gravatar.com\/avatar\/dde2928154642a13d95f87ddf1ea9718fe2b46760a005c53e41ff5ad610704e6?s=96&d=mm&r=g","caption":"Nexo Informativo"},"url":"https:\/\/www.nexoinformativo.mx\/index.php\/author\/edicion\/"}]}},"_links":{"self":[{"href":"https:\/\/www.nexoinformativo.mx\/index.php\/wp-json\/wp\/v2\/posts\/14816","targetHints":{"allow":["GET"]}}],"collection":[{"href":"https:\/\/www.nexoinformativo.mx\/index.php\/wp-json\/wp\/v2\/posts"}],"about":[{"href":"https:\/\/www.nexoinformativo.mx\/index.php\/wp-json\/wp\/v2\/types\/post"}],"author":[{"embeddable":true,"href":"https:\/\/www.nexoinformativo.mx\/index.php\/wp-json\/wp\/v2\/users\/3"}],"replies":[{"embeddable":true,"href":"https:\/\/www.nexoinformativo.mx\/index.php\/wp-json\/wp\/v2\/comments?post=14816"}],"version-history":[{"count":5,"href":"https:\/\/www.nexoinformativo.mx\/index.php\/wp-json\/wp\/v2\/posts\/14816\/revisions"}],"predecessor-version":[{"id":14821,"href":"https:\/\/www.nexoinformativo.mx\/index.php\/wp-json\/wp\/v2\/posts\/14816\/revisions\/14821"}],"wp:featuredmedia":[{"embeddable":true,"href":"https:\/\/www.nexoinformativo.mx\/index.php\/wp-json\/wp\/v2\/media\/14817"}],"wp:attachment":[{"href":"https:\/\/www.nexoinformativo.mx\/index.php\/wp-json\/wp\/v2\/media?parent=14816"}],"wp:term":[{"taxonomy":"category","embeddable":true,"href":"https:\/\/www.nexoinformativo.mx\/index.php\/wp-json\/wp\/v2\/categories?post=14816"},{"taxonomy":"post_tag","embeddable":true,"href":"https:\/\/www.nexoinformativo.mx\/index.php\/wp-json\/wp\/v2\/tags?post=14816"}],"curies":[{"name":"wp","href":"https:\/\/api.w.org\/{rel}","templated":true}]}}