{"id":14823,"date":"2025-05-08T06:30:27","date_gmt":"2025-05-08T12:30:27","guid":{"rendered":"https:\/\/www.nexoinformativo.mx\/?p=14823"},"modified":"2025-05-08T07:59:49","modified_gmt":"2025-05-08T13:59:49","slug":"512-bebes-queretanos-ya-registrados-en-el-programa-contigo-y-tu-bebe","status":"publish","type":"post","link":"https:\/\/www.nexoinformativo.mx\/index.php\/2025\/05\/08\/512-bebes-queretanos-ya-registrados-en-el-programa-contigo-y-tu-bebe\/","title":{"rendered":"512 Beb\u00e9s Quer\u00e9tanos ya registrados en el programa &#8220;Contigo y tu beb\u00e9&#8221;"},"content":{"rendered":"<p style=\"text-align: justify;\" data-sourcepos=\"3:1-3:398\">El programa <strong>&#8220;Contigo y tu beb\u00e9&#8221;<\/strong> sigue sumando familias. A tan solo una semana de su lanzamiento, esta iniciativa del gobierno estatal ya cuenta con 512 beb\u00e9s nacidos en 2025 inscritos.<\/p>\n<\/p>\n<p>&nbsp;<\/p>\n<p style=\"text-align: justify;\" data-sourcepos=\"3:1-3:398\">Para recibir una canasta alimentaria mensual con productos esenciales de higiene materno-infantil. As\u00ed lo inform\u00f3 el secretario de Desarrollo Social del estado de Quer\u00e9taro, Luis Nava.<\/p>\n<\/p>\n<p>&nbsp;<\/p>\n<p style=\"text-align: justify;\" data-sourcepos=\"5:1-5:350\">El secretario Nava destac\u00f3 la importancia de este programa al se\u00f1alar que &#8220;el cerebro del ser humano se desarrolla el 80 por ciento en los primeros mil d\u00edas de vida, por lo tanto es estrat\u00e9gico, fundamental que hagamos un buen esfuerzo para poder asegurar la nutrici\u00f3n infantil en este periodo de vida tan importante como lo es, la primera infancia&#8221;.<\/p>\n<\/p>\n<p>&nbsp;<\/p>\n<p style=\"text-align: justify;\" data-sourcepos=\"7:1-7:265\">La convocatoria, que abri\u00f3 sus inscripciones el pasado 28 de abril, est\u00e1 dirigida a familias de los 18 municipios del estado de Quer\u00e9taro con el objetivo primordial de apoyar la nutrici\u00f3n y el desarrollo saludable de los beb\u00e9s durante sus primeros mil d\u00edas de vida.<\/p>\n<\/p>\n<p>&nbsp;<\/p>\n<p style=\"text-align: justify;\" data-sourcepos=\"9:1-9:304\">El titular de la SEDESOQ hizo un llamado a la ciudadan\u00eda: <strong>&#8220;Si conocen a alguna mujer que haya tenido a su beb\u00e9 en los hospitales generales del estado o en el Hospital del Ni\u00f1o y la Mujer com\u00e9ntenle que podr\u00e1 registrarse y acceder a este programa de apoyo, quiero que sepan que estamos Contigo y tu beb\u00e9&#8221;<\/strong>.<\/p>\n<\/p>\n<p>&nbsp;<\/p>\n<p style=\"text-align: justify;\" data-sourcepos=\"11:1-11:291\">Las inscripciones para este importante programa contin\u00faan activas y se realizan de manera sencilla a trav\u00e9s de la plataforma del Sistema de Programas Sociales (SIPROS), accesible en el siguiente enlace: <a href=\"https:\/\/programas.queretaro.gob.mx\/sipros\/\" target=\"_blank\" rel=\"noopener\">https:\/\/programas.queretaro.gob.mx\/sipros\/<\/a><\/p>\n<\/p>\n<p>&nbsp;<\/p>\n<p style=\"text-align: center;\" data-sourcepos=\"11:1-11:291\"><em><strong>\u00a1Informaci\u00f3n que transforma!<\/strong><\/em><\/p>\n","protected":false},"excerpt":{"rendered":"<p>El programa &#8220;Contigo y tu beb\u00e9&#8221; sigue sumando familias. A tan solo una semana de su lanzamiento, esta iniciativa del gobierno estatal ya cuenta con 512 beb\u00e9s nacidos en 2025 inscritos.<\/p>\n","protected":false},"author":3,"featured_media":14824,"comment_status":"open","ping_status":"open","sticky":false,"template":"","format":"standard","meta":{"footnotes":""},"categories":[42,58],"tags":[4403,4402,3856,4404],"class_list":["post-14823","post","type-post","status-publish","format-standard","has-post-thumbnail","hentry","category-estado","category-ultima-hora","tag-apoyoinfantilqro","tag-contigotubebe","tag-nutricioninfantil","tag-queretarocontigo"],"yoast_head":"<!-- This site is optimized with the Yoast SEO plugin v25.0 - https:\/\/yoast.com\/wordpress\/plugins\/seo\/ -->\n<title>512 Beb\u00e9s Quer\u00e9tanos ya registrados en el programa &quot;Contigo y tu beb\u00e9&quot; | Nexo Informativo Santiago de Quer\u00e9taro<\/title>\n<meta name=\"description\" content=\"512 Beb\u00e9s Quer\u00e9tanos ya registrados en el programa &quot;Contigo y tu Beb\u00e9&quot;\" \/>\n<meta name=\"robots\" content=\"index, follow, max-snippet:-1, max-image-preview:large, max-video-preview:-1\" \/>\n<link rel=\"canonical\" href=\"https:\/\/www.nexoinformativo.mx\/index.php\/2025\/05\/08\/512-bebes-queretanos-ya-registrados-en-el-programa-contigo-y-tu-bebe\/\" \/>\n<meta property=\"og:locale\" content=\"es_MX\" \/>\n<meta property=\"og:type\" content=\"article\" \/>\n<meta property=\"og:title\" content=\"512 Beb\u00e9s Quer\u00e9tanos ya registrados en el programa &quot;Contigo y tu beb\u00e9&quot; | Nexo Informativo Santiago de Quer\u00e9taro\" \/>\n<meta property=\"og:description\" content=\"512 Beb\u00e9s Quer\u00e9tanos ya registrados en el programa &quot;Contigo y tu Beb\u00e9&quot;\" \/>\n<meta property=\"og:url\" content=\"https:\/\/www.nexoinformativo.mx\/index.php\/2025\/05\/08\/512-bebes-queretanos-ya-registrados-en-el-programa-contigo-y-tu-bebe\/\" \/>\n<meta property=\"og:site_name\" content=\"Nexo Informativo Santiago de Quer\u00e9taro\" \/>\n<meta property=\"article:publisher\" content=\"https:\/\/www.facebook.com\/people\/Nexo-Informativo\/61564066885511\/\" \/>\n<meta property=\"article:published_time\" content=\"2025-05-08T12:30:27+00:00\" \/>\n<meta property=\"article:modified_time\" content=\"2025-05-08T13:59:49+00:00\" \/>\n<meta property=\"og:image\" content=\"https:\/\/www.nexoinformativo.mx\/wp-content\/uploads\/2025\/05\/PHOTO-2025-05-07-06-59-58-e1746712712857.jpg\" \/>\n\t<meta property=\"og:image:width\" content=\"800\" \/>\n\t<meta property=\"og:image:height\" content=\"603\" \/>\n\t<meta property=\"og:image:type\" content=\"image\/jpeg\" \/>\n<meta name=\"author\" content=\"Nexo Informativo\" \/>\n<meta name=\"twitter:card\" content=\"summary_large_image\" \/>\n<meta name=\"twitter:label1\" content=\"Escrito por\" \/>\n\t<meta name=\"twitter:data1\" content=\"Nexo Informativo\" \/>\n\t<meta name=\"twitter:label2\" content=\"Tiempo de lectura\" \/>\n\t<meta name=\"twitter:data2\" content=\"2 minutos\" \/>\n<script type=\"application\/ld+json\" class=\"yoast-schema-graph\">{\"@context\":\"https:\/\/schema.org\",\"@graph\":[{\"@type\":\"Article\",\"@id\":\"https:\/\/www.nexoinformativo.mx\/index.php\/2025\/05\/08\/512-bebes-queretanos-ya-registrados-en-el-programa-contigo-y-tu-bebe\/#article\",\"isPartOf\":{\"@id\":\"https:\/\/www.nexoinformativo.mx\/index.php\/2025\/05\/08\/512-bebes-queretanos-ya-registrados-en-el-programa-contigo-y-tu-bebe\/\"},\"author\":{\"name\":\"Nexo Informativo\",\"@id\":\"https:\/\/www.nexoinformativo.mx\/#\/schema\/person\/7749d380ba08c8ca00d7bc76fd907b7d\"},\"headline\":\"512 Beb\u00e9s Quer\u00e9tanos ya registrados en el programa &#8220;Contigo y tu beb\u00e9&#8221;\",\"datePublished\":\"2025-05-08T12:30:27+00:00\",\"dateModified\":\"2025-05-08T13:59:49+00:00\",\"mainEntityOfPage\":{\"@id\":\"https:\/\/www.nexoinformativo.mx\/index.php\/2025\/05\/08\/512-bebes-queretanos-ya-registrados-en-el-programa-contigo-y-tu-bebe\/\"},\"wordCount\":288,\"commentCount\":0,\"publisher\":{\"@id\":\"https:\/\/www.nexoinformativo.mx\/#organization\"},\"image\":{\"@id\":\"https:\/\/www.nexoinformativo.mx\/index.php\/2025\/05\/08\/512-bebes-queretanos-ya-registrados-en-el-programa-contigo-y-tu-bebe\/#primaryimage\"},\"thumbnailUrl\":\"https:\/\/www.nexoinformativo.mx\/wp-content\/uploads\/2025\/05\/PHOTO-2025-05-07-06-59-58-e1746712712857.jpg\",\"keywords\":[\"ApoyoInfantilQro\",\"ContigoTuBeb\u00e9\",\"Nutrici\u00f3nInfantil\",\"Quer\u00e9taroContigo\"],\"articleSection\":[\"Estado\",\"\u00daltima Hora\"],\"inLanguage\":\"es\",\"potentialAction\":[{\"@type\":\"CommentAction\",\"name\":\"Comment\",\"target\":[\"https:\/\/www.nexoinformativo.mx\/index.php\/2025\/05\/08\/512-bebes-queretanos-ya-registrados-en-el-programa-contigo-y-tu-bebe\/#respond\"]}]},{\"@type\":\"WebPage\",\"@id\":\"https:\/\/www.nexoinformativo.mx\/index.php\/2025\/05\/08\/512-bebes-queretanos-ya-registrados-en-el-programa-contigo-y-tu-bebe\/\",\"url\":\"https:\/\/www.nexoinformativo.mx\/index.php\/2025\/05\/08\/512-bebes-queretanos-ya-registrados-en-el-programa-contigo-y-tu-bebe\/\",\"name\":\"512 Beb\u00e9s Quer\u00e9tanos ya registrados en el programa \\\"Contigo y tu beb\u00e9\\\" | Nexo Informativo Santiago de Quer\u00e9taro\",\"isPartOf\":{\"@id\":\"https:\/\/www.nexoinformativo.mx\/#website\"},\"primaryImageOfPage\":{\"@id\":\"https:\/\/www.nexoinformativo.mx\/index.php\/2025\/05\/08\/512-bebes-queretanos-ya-registrados-en-el-programa-contigo-y-tu-bebe\/#primaryimage\"},\"image\":{\"@id\":\"https:\/\/www.nexoinformativo.mx\/index.php\/2025\/05\/08\/512-bebes-queretanos-ya-registrados-en-el-programa-contigo-y-tu-bebe\/#primaryimage\"},\"thumbnailUrl\":\"https:\/\/www.nexoinformativo.mx\/wp-content\/uploads\/2025\/05\/PHOTO-2025-05-07-06-59-58-e1746712712857.jpg\",\"datePublished\":\"2025-05-08T12:30:27+00:00\",\"dateModified\":\"2025-05-08T13:59:49+00:00\",\"description\":\"512 Beb\u00e9s Quer\u00e9tanos ya registrados en el programa \\\"Contigo y tu Beb\u00e9\\\"\",\"breadcrumb\":{\"@id\":\"https:\/\/www.nexoinformativo.mx\/index.php\/2025\/05\/08\/512-bebes-queretanos-ya-registrados-en-el-programa-contigo-y-tu-bebe\/#breadcrumb\"},\"inLanguage\":\"es\",\"potentialAction\":[{\"@type\":\"ReadAction\",\"target\":[\"https:\/\/www.nexoinformativo.mx\/index.php\/2025\/05\/08\/512-bebes-queretanos-ya-registrados-en-el-programa-contigo-y-tu-bebe\/\"]}]},{\"@type\":\"ImageObject\",\"inLanguage\":\"es\",\"@id\":\"https:\/\/www.nexoinformativo.mx\/index.php\/2025\/05\/08\/512-bebes-queretanos-ya-registrados-en-el-programa-contigo-y-tu-bebe\/#primaryimage\",\"url\":\"https:\/\/www.nexoinformativo.mx\/wp-content\/uploads\/2025\/05\/PHOTO-2025-05-07-06-59-58-e1746712712857.jpg\",\"contentUrl\":\"https:\/\/www.nexoinformativo.mx\/wp-content\/uploads\/2025\/05\/PHOTO-2025-05-07-06-59-58-e1746712712857.jpg\",\"width\":800,\"height\":603},{\"@type\":\"BreadcrumbList\",\"@id\":\"https:\/\/www.nexoinformativo.mx\/index.php\/2025\/05\/08\/512-bebes-queretanos-ya-registrados-en-el-programa-contigo-y-tu-bebe\/#breadcrumb\",\"itemListElement\":[{\"@type\":\"ListItem\",\"position\":1,\"name\":\"Inicio\",\"item\":\"https:\/\/www.nexoinformativo.mx\/\"},{\"@type\":\"ListItem\",\"position\":2,\"name\":\"512 Beb\u00e9s Quer\u00e9tanos ya registrados en el programa &#8220;Contigo y tu beb\u00e9&#8221;\"}]},{\"@type\":\"WebSite\",\"@id\":\"https:\/\/www.nexoinformativo.mx\/#website\",\"url\":\"https:\/\/www.nexoinformativo.mx\/\",\"name\":\"Nexo Informativo Santiago de Quer\u00e9taro\",\"description\":\"Explora NexoInformativo y convi\u00e9rtete en parte de una comunidad que valora el conocimiento y la verdad. Tu nexoinformativo es tu puente hacia una comprensi\u00f3n m\u00e1s profunda del mundo que te rodea.\",\"publisher\":{\"@id\":\"https:\/\/www.nexoinformativo.mx\/#organization\"},\"potentialAction\":[{\"@type\":\"SearchAction\",\"target\":{\"@type\":\"EntryPoint\",\"urlTemplate\":\"https:\/\/www.nexoinformativo.mx\/?s={search_term_string}\"},\"query-input\":{\"@type\":\"PropertyValueSpecification\",\"valueRequired\":true,\"valueName\":\"search_term_string\"}}],\"inLanguage\":\"es\"},{\"@type\":\"Organization\",\"@id\":\"https:\/\/www.nexoinformativo.mx\/#organization\",\"name\":\"Nexo Informativo Santiago de Quer\u00e9taro\",\"url\":\"https:\/\/www.nexoinformativo.mx\/\",\"logo\":{\"@type\":\"ImageObject\",\"inLanguage\":\"es\",\"@id\":\"https:\/\/www.nexoinformativo.mx\/#\/schema\/logo\/image\/\",\"url\":\"https:\/\/www.nexoinformativo.mx\/wp-content\/uploads\/2024\/07\/nexoi-trasparente-2.png\",\"contentUrl\":\"https:\/\/www.nexoinformativo.mx\/wp-content\/uploads\/2024\/07\/nexoi-trasparente-2.png\",\"width\":816,\"height\":339,\"caption\":\"Nexo Informativo Santiago de Quer\u00e9taro\"},\"image\":{\"@id\":\"https:\/\/www.nexoinformativo.mx\/#\/schema\/logo\/image\/\"},\"sameAs\":[\"https:\/\/www.facebook.com\/people\/Nexo-Informativo\/61564066885511\/\"]},{\"@type\":\"Person\",\"@id\":\"https:\/\/www.nexoinformativo.mx\/#\/schema\/person\/7749d380ba08c8ca00d7bc76fd907b7d\",\"name\":\"Nexo Informativo\",\"image\":{\"@type\":\"ImageObject\",\"inLanguage\":\"es\",\"@id\":\"https:\/\/www.nexoinformativo.mx\/#\/schema\/person\/image\/\",\"url\":\"https:\/\/secure.gravatar.com\/avatar\/dde2928154642a13d95f87ddf1ea9718fe2b46760a005c53e41ff5ad610704e6?s=96&d=mm&r=g\",\"contentUrl\":\"https:\/\/secure.gravatar.com\/avatar\/dde2928154642a13d95f87ddf1ea9718fe2b46760a005c53e41ff5ad610704e6?s=96&d=mm&r=g\",\"caption\":\"Nexo Informativo\"},\"url\":\"https:\/\/www.nexoinformativo.mx\/index.php\/author\/edicion\/\"}]}<\/script>\n<!-- \/ Yoast SEO plugin. -->","yoast_head_json":{"title":"512 Beb\u00e9s Quer\u00e9tanos ya registrados en el programa \"Contigo y tu beb\u00e9\" | Nexo Informativo Santiago de Quer\u00e9taro","description":"512 Beb\u00e9s Quer\u00e9tanos ya registrados en el programa \"Contigo y tu Beb\u00e9\"","robots":{"index":"index","follow":"follow","max-snippet":"max-snippet:-1","max-image-preview":"max-image-preview:large","max-video-preview":"max-video-preview:-1"},"canonical":"https:\/\/www.nexoinformativo.mx\/index.php\/2025\/05\/08\/512-bebes-queretanos-ya-registrados-en-el-programa-contigo-y-tu-bebe\/","og_locale":"es_MX","og_type":"article","og_title":"512 Beb\u00e9s Quer\u00e9tanos ya registrados en el programa \"Contigo y tu beb\u00e9\" | Nexo Informativo Santiago de Quer\u00e9taro","og_description":"512 Beb\u00e9s Quer\u00e9tanos ya registrados en el programa \"Contigo y tu Beb\u00e9\"","og_url":"https:\/\/www.nexoinformativo.mx\/index.php\/2025\/05\/08\/512-bebes-queretanos-ya-registrados-en-el-programa-contigo-y-tu-bebe\/","og_site_name":"Nexo Informativo Santiago de Quer\u00e9taro","article_publisher":"https:\/\/www.facebook.com\/people\/Nexo-Informativo\/61564066885511\/","article_published_time":"2025-05-08T12:30:27+00:00","article_modified_time":"2025-05-08T13:59:49+00:00","og_image":[{"width":800,"height":603,"url":"https:\/\/www.nexoinformativo.mx\/wp-content\/uploads\/2025\/05\/PHOTO-2025-05-07-06-59-58-e1746712712857.jpg","type":"image\/jpeg"}],"author":"Nexo Informativo","twitter_card":"summary_large_image","twitter_misc":{"Escrito por":"Nexo Informativo","Tiempo de lectura":"2 minutos"},"schema":{"@context":"https:\/\/schema.org","@graph":[{"@type":"Article","@id":"https:\/\/www.nexoinformativo.mx\/index.php\/2025\/05\/08\/512-bebes-queretanos-ya-registrados-en-el-programa-contigo-y-tu-bebe\/#article","isPartOf":{"@id":"https:\/\/www.nexoinformativo.mx\/index.php\/2025\/05\/08\/512-bebes-queretanos-ya-registrados-en-el-programa-contigo-y-tu-bebe\/"},"author":{"name":"Nexo Informativo","@id":"https:\/\/www.nexoinformativo.mx\/#\/schema\/person\/7749d380ba08c8ca00d7bc76fd907b7d"},"headline":"512 Beb\u00e9s Quer\u00e9tanos ya registrados en el programa &#8220;Contigo y tu beb\u00e9&#8221;","datePublished":"2025-05-08T12:30:27+00:00","dateModified":"2025-05-08T13:59:49+00:00","mainEntityOfPage":{"@id":"https:\/\/www.nexoinformativo.mx\/index.php\/2025\/05\/08\/512-bebes-queretanos-ya-registrados-en-el-programa-contigo-y-tu-bebe\/"},"wordCount":288,"commentCount":0,"publisher":{"@id":"https:\/\/www.nexoinformativo.mx\/#organization"},"image":{"@id":"https:\/\/www.nexoinformativo.mx\/index.php\/2025\/05\/08\/512-bebes-queretanos-ya-registrados-en-el-programa-contigo-y-tu-bebe\/#primaryimage"},"thumbnailUrl":"https:\/\/www.nexoinformativo.mx\/wp-content\/uploads\/2025\/05\/PHOTO-2025-05-07-06-59-58-e1746712712857.jpg","keywords":["ApoyoInfantilQro","ContigoTuBeb\u00e9","Nutrici\u00f3nInfantil","Quer\u00e9taroContigo"],"articleSection":["Estado","\u00daltima Hora"],"inLanguage":"es","potentialAction":[{"@type":"CommentAction","name":"Comment","target":["https:\/\/www.nexoinformativo.mx\/index.php\/2025\/05\/08\/512-bebes-queretanos-ya-registrados-en-el-programa-contigo-y-tu-bebe\/#respond"]}]},{"@type":"WebPage","@id":"https:\/\/www.nexoinformativo.mx\/index.php\/2025\/05\/08\/512-bebes-queretanos-ya-registrados-en-el-programa-contigo-y-tu-bebe\/","url":"https:\/\/www.nexoinformativo.mx\/index.php\/2025\/05\/08\/512-bebes-queretanos-ya-registrados-en-el-programa-contigo-y-tu-bebe\/","name":"512 Beb\u00e9s Quer\u00e9tanos ya registrados en el programa \"Contigo y tu beb\u00e9\" | Nexo Informativo Santiago de Quer\u00e9taro","isPartOf":{"@id":"https:\/\/www.nexoinformativo.mx\/#website"},"primaryImageOfPage":{"@id":"https:\/\/www.nexoinformativo.mx\/index.php\/2025\/05\/08\/512-bebes-queretanos-ya-registrados-en-el-programa-contigo-y-tu-bebe\/#primaryimage"},"image":{"@id":"https:\/\/www.nexoinformativo.mx\/index.php\/2025\/05\/08\/512-bebes-queretanos-ya-registrados-en-el-programa-contigo-y-tu-bebe\/#primaryimage"},"thumbnailUrl":"https:\/\/www.nexoinformativo.mx\/wp-content\/uploads\/2025\/05\/PHOTO-2025-05-07-06-59-58-e1746712712857.jpg","datePublished":"2025-05-08T12:30:27+00:00","dateModified":"2025-05-08T13:59:49+00:00","description":"512 Beb\u00e9s Quer\u00e9tanos ya registrados en el programa \"Contigo y tu Beb\u00e9\"","breadcrumb":{"@id":"https:\/\/www.nexoinformativo.mx\/index.php\/2025\/05\/08\/512-bebes-queretanos-ya-registrados-en-el-programa-contigo-y-tu-bebe\/#breadcrumb"},"inLanguage":"es","potentialAction":[{"@type":"ReadAction","target":["https:\/\/www.nexoinformativo.mx\/index.php\/2025\/05\/08\/512-bebes-queretanos-ya-registrados-en-el-programa-contigo-y-tu-bebe\/"]}]},{"@type":"ImageObject","inLanguage":"es","@id":"https:\/\/www.nexoinformativo.mx\/index.php\/2025\/05\/08\/512-bebes-queretanos-ya-registrados-en-el-programa-contigo-y-tu-bebe\/#primaryimage","url":"https:\/\/www.nexoinformativo.mx\/wp-content\/uploads\/2025\/05\/PHOTO-2025-05-07-06-59-58-e1746712712857.jpg","contentUrl":"https:\/\/www.nexoinformativo.mx\/wp-content\/uploads\/2025\/05\/PHOTO-2025-05-07-06-59-58-e1746712712857.jpg","width":800,"height":603},{"@type":"BreadcrumbList","@id":"https:\/\/www.nexoinformativo.mx\/index.php\/2025\/05\/08\/512-bebes-queretanos-ya-registrados-en-el-programa-contigo-y-tu-bebe\/#breadcrumb","itemListElement":[{"@type":"ListItem","position":1,"name":"Inicio","item":"https:\/\/www.nexoinformativo.mx\/"},{"@type":"ListItem","position":2,"name":"512 Beb\u00e9s Quer\u00e9tanos ya registrados en el programa &#8220;Contigo y tu beb\u00e9&#8221;"}]},{"@type":"WebSite","@id":"https:\/\/www.nexoinformativo.mx\/#website","url":"https:\/\/www.nexoinformativo.mx\/","name":"Nexo Informativo Santiago de Quer\u00e9taro","description":"Explora NexoInformativo y convi\u00e9rtete en parte de una comunidad que valora el conocimiento y la verdad. Tu nexoinformativo es tu puente hacia una comprensi\u00f3n m\u00e1s profunda del mundo que te rodea.","publisher":{"@id":"https:\/\/www.nexoinformativo.mx\/#organization"},"potentialAction":[{"@type":"SearchAction","target":{"@type":"EntryPoint","urlTemplate":"https:\/\/www.nexoinformativo.mx\/?s={search_term_string}"},"query-input":{"@type":"PropertyValueSpecification","valueRequired":true,"valueName":"search_term_string"}}],"inLanguage":"es"},{"@type":"Organization","@id":"https:\/\/www.nexoinformativo.mx\/#organization","name":"Nexo Informativo Santiago de Quer\u00e9taro","url":"https:\/\/www.nexoinformativo.mx\/","logo":{"@type":"ImageObject","inLanguage":"es","@id":"https:\/\/www.nexoinformativo.mx\/#\/schema\/logo\/image\/","url":"https:\/\/www.nexoinformativo.mx\/wp-content\/uploads\/2024\/07\/nexoi-trasparente-2.png","contentUrl":"https:\/\/www.nexoinformativo.mx\/wp-content\/uploads\/2024\/07\/nexoi-trasparente-2.png","width":816,"height":339,"caption":"Nexo Informativo Santiago de Quer\u00e9taro"},"image":{"@id":"https:\/\/www.nexoinformativo.mx\/#\/schema\/logo\/image\/"},"sameAs":["https:\/\/www.facebook.com\/people\/Nexo-Informativo\/61564066885511\/"]},{"@type":"Person","@id":"https:\/\/www.nexoinformativo.mx\/#\/schema\/person\/7749d380ba08c8ca00d7bc76fd907b7d","name":"Nexo Informativo","image":{"@type":"ImageObject","inLanguage":"es","@id":"https:\/\/www.nexoinformativo.mx\/#\/schema\/person\/image\/","url":"https:\/\/secure.gravatar.com\/avatar\/dde2928154642a13d95f87ddf1ea9718fe2b46760a005c53e41ff5ad610704e6?s=96&d=mm&r=g","contentUrl":"https:\/\/secure.gravatar.com\/avatar\/dde2928154642a13d95f87ddf1ea9718fe2b46760a005c53e41ff5ad610704e6?s=96&d=mm&r=g","caption":"Nexo Informativo"},"url":"https:\/\/www.nexoinformativo.mx\/index.php\/author\/edicion\/"}]}},"_links":{"self":[{"href":"https:\/\/www.nexoinformativo.mx\/index.php\/wp-json\/wp\/v2\/posts\/14823","targetHints":{"allow":["GET"]}}],"collection":[{"href":"https:\/\/www.nexoinformativo.mx\/index.php\/wp-json\/wp\/v2\/posts"}],"about":[{"href":"https:\/\/www.nexoinformativo.mx\/index.php\/wp-json\/wp\/v2\/types\/post"}],"author":[{"embeddable":true,"href":"https:\/\/www.nexoinformativo.mx\/index.php\/wp-json\/wp\/v2\/users\/3"}],"replies":[{"embeddable":true,"href":"https:\/\/www.nexoinformativo.mx\/index.php\/wp-json\/wp\/v2\/comments?post=14823"}],"version-history":[{"count":3,"href":"https:\/\/www.nexoinformativo.mx\/index.php\/wp-json\/wp\/v2\/posts\/14823\/revisions"}],"predecessor-version":[{"id":14827,"href":"https:\/\/www.nexoinformativo.mx\/index.php\/wp-json\/wp\/v2\/posts\/14823\/revisions\/14827"}],"wp:featuredmedia":[{"embeddable":true,"href":"https:\/\/www.nexoinformativo.mx\/index.php\/wp-json\/wp\/v2\/media\/14824"}],"wp:attachment":[{"href":"https:\/\/www.nexoinformativo.mx\/index.php\/wp-json\/wp\/v2\/media?parent=14823"}],"wp:term":[{"taxonomy":"category","embeddable":true,"href":"https:\/\/www.nexoinformativo.mx\/index.php\/wp-json\/wp\/v2\/categories?post=14823"},{"taxonomy":"post_tag","embeddable":true,"href":"https:\/\/www.nexoinformativo.mx\/index.php\/wp-json\/wp\/v2\/tags?post=14823"}],"curies":[{"name":"wp","href":"https:\/\/api.w.org\/{rel}","templated":true}]}}