{"id":14834,"date":"2025-05-08T07:00:35","date_gmt":"2025-05-08T13:00:35","guid":{"rendered":"https:\/\/www.nexoinformativo.mx\/?p=14834"},"modified":"2025-05-08T08:15:01","modified_gmt":"2025-05-08T14:15:01","slug":"inflacion-en-mexico-con-ligero-repunte-en-abril-manteniendose-en-la-mira-del-banco-central","status":"publish","type":"post","link":"https:\/\/www.nexoinformativo.mx\/index.php\/2025\/05\/08\/inflacion-en-mexico-con-ligero-repunte-en-abril-manteniendose-en-la-mira-del-banco-central\/","title":{"rendered":"Inflaci\u00f3n en M\u00e9xico con ligero repunte en Abril manteni\u00e9ndose en la mira del Banco Central"},"content":{"rendered":"<p style=\"text-align: justify;\" data-sourcepos=\"3:1-3:449\">La inflaci\u00f3n en M\u00e9xico mostr\u00f3 una ligera aceleraci\u00f3n durante el mes de abril, aunque se mantuvo dentro del rango objetivo establecido por el banco central.<\/p>\n<\/p>\n<p>&nbsp;<\/p>\n<p style=\"text-align: justify;\" data-sourcepos=\"3:1-3:449\">Este dato, que super\u00f3 ligeramente las expectativas de los analistas, probablemente mantendr\u00e1 abierta la posibilidad de un nuevo recorte en las tasas de inter\u00e9s por parte del Banco de M\u00e9xico (Banxico) en su pr\u00f3xima reuni\u00f3n de pol\u00edtica monetaria la semana entrante.<\/p>\n<\/p>\n<p>&nbsp;<\/p>\n<p style=\"text-align: justify;\" data-sourcepos=\"5:1-5:447\">El \u00cdndice Nacional de Precios al Consumidor (INPC) registr\u00f3 una inflaci\u00f3n anual del 3.93% en abril, un incremento respecto al 3.8% observado en marzo y ligeramente por encima de la mediana del 3.9% pronosticada por economistas encuestados por Bloomberg.<\/p>\n<\/p>\n<p>&nbsp;<\/p>\n<p style=\"text-align: justify;\" data-sourcepos=\"5:1-5:447\">Por su parte, la inflaci\u00f3n subyacente, que excluye los precios m\u00e1s vol\u00e1tiles de alimentos y combustibles, tambi\u00e9n experiment\u00f3 un aumento, situ\u00e1ndose en el 3.93% desde el 3.64% del mes anterior.<\/p>\n<\/p>\n<p>&nbsp;<\/p>\n<p style=\"text-align: justify;\" data-sourcepos=\"7:1-7:405\">Es importante recordar que el Banco de M\u00e9xico tiene como meta una inflaci\u00f3n del 3%, con un margen de variaci\u00f3n de m\u00e1s o menos un punto porcentual.<\/p>\n<\/p>\n<p>&nbsp;<\/p>\n<p style=\"text-align: justify;\" data-sourcepos=\"7:1-7:405\">En este contexto, el banco central ha estado implementando recortes graduales en las tasas de inter\u00e9s, y la pr\u00f3xima decisi\u00f3n est\u00e1 programada para el 15 de mayo.<\/p>\n<\/p>\n<p>&nbsp;<\/p>\n<p style=\"text-align: justify;\" data-sourcepos=\"7:1-7:405\">En el \u00e1mbito econ\u00f3mico general, M\u00e9xico evit\u00f3 por poco caer en una recesi\u00f3n t\u00e9cnica durante el primer trimestre de 2025, al registrar un crecimiento del Producto Interno Bruto (PIB) del 0.2% en comparaci\u00f3n con el \u00faltimo trimestre de 2024.<\/p>\n<\/p>\n<p>&nbsp;<\/p>\n<p style=\"text-align: justify;\" data-sourcepos=\"7:1-7:405\">Este modesto crecimiento fue impulsado principalmente por un auge en el sector agr\u00edcola, que logr\u00f3 compensar la debilidad observada en los sectores de servicios e industrial.<\/p>\n<\/p>\n<p>&nbsp;<\/p>\n<p style=\"text-align: justify;\" data-sourcepos=\"11:1-11:383\">La incertidumbre en torno a las pol\u00edticas arancelarias de Donald Trump ha generado cierta preocupaci\u00f3n entre los inversionistas sobre la posible cautela hacia M\u00e9xico en el presente a\u00f1o.<\/p>\n<\/p>\n<p>&nbsp;<\/p>\n<p style=\"text-align: justify;\" data-sourcepos=\"11:1-11:383\">Algunas empresas contin\u00faan avanzando con inversiones en diversos sectores, otras se mantienen expectantes sobre el futuro de las exportaciones mexicanas hacia Estados Unidos el pr\u00f3ximo a\u00f1o.<\/p>\n<\/p>\n<p>&nbsp;<\/p>\n<p style=\"text-align: justify;\" data-sourcepos=\"13:1-13:220\">Analistas de Citi pronostican que la inflaci\u00f3n en M\u00e9xico cerrar\u00e1 tanto el a\u00f1o 2025 como el 2026 en un 3.8%. Asimismo, sus proyecciones apuntan a un crecimiento del PIB del 0.1% para este a\u00f1o y del 1.5% para el siguiente.<\/p>\n<\/p>\n<p>&nbsp;<\/p>\n<p style=\"text-align: center;\" data-sourcepos=\"13:1-13:220\"><em><strong>\u00a1Informaci\u00f3n que transforma!<\/strong><\/em><\/p>\n","protected":false},"excerpt":{"rendered":"<p>La inflaci\u00f3n en M\u00e9xico mostr\u00f3 una ligera aceleraci\u00f3n durante el mes de abril, aunque se mantuvo dentro del rango objetivo establecido por el banco central.<\/p>\n","protected":false},"author":3,"featured_media":14835,"comment_status":"open","ping_status":"open","sticky":false,"template":"","format":"standard","meta":{"footnotes":""},"categories":[5,88,58],"tags":[2980,1455,4409,4411,4410],"class_list":["post-14834","post","type-post","status-publish","format-standard","has-post-thumbnail","hentry","category-economia","category-nacional","category-ultima-hora","tag-banxico","tag-economiamx","tag-inflacionmexico","tag-pibmexico","tag-tasasdeinteres"],"yoast_head":"<!-- This site is optimized with the Yoast SEO plugin v25.0 - https:\/\/yoast.com\/wordpress\/plugins\/seo\/ -->\n<title>Inflaci\u00f3n en M\u00e9xico con ligero repunte en Abril manteni\u00e9ndose en la mira del Banco Central | Nexo Informativo Santiago de Quer\u00e9taro<\/title>\n<meta name=\"description\" content=\"Inflaci\u00f3n en M\u00e9xico con ligero repunte en Abril manteni\u00e9ndose en la mira del Banco Central\" \/>\n<meta name=\"robots\" content=\"index, follow, max-snippet:-1, max-image-preview:large, max-video-preview:-1\" \/>\n<link rel=\"canonical\" href=\"https:\/\/www.nexoinformativo.mx\/index.php\/2025\/05\/08\/inflacion-en-mexico-con-ligero-repunte-en-abril-manteniendose-en-la-mira-del-banco-central\/\" \/>\n<meta property=\"og:locale\" content=\"es_MX\" \/>\n<meta property=\"og:type\" content=\"article\" \/>\n<meta property=\"og:title\" content=\"Inflaci\u00f3n en M\u00e9xico con ligero repunte en Abril manteni\u00e9ndose en la mira del Banco Central | Nexo Informativo Santiago de Quer\u00e9taro\" \/>\n<meta property=\"og:description\" content=\"Inflaci\u00f3n en M\u00e9xico con ligero repunte en Abril manteni\u00e9ndose en la mira del Banco Central\" \/>\n<meta property=\"og:url\" content=\"https:\/\/www.nexoinformativo.mx\/index.php\/2025\/05\/08\/inflacion-en-mexico-con-ligero-repunte-en-abril-manteniendose-en-la-mira-del-banco-central\/\" \/>\n<meta property=\"og:site_name\" content=\"Nexo Informativo Santiago de Quer\u00e9taro\" \/>\n<meta property=\"article:publisher\" content=\"https:\/\/www.facebook.com\/people\/Nexo-Informativo\/61564066885511\/\" \/>\n<meta property=\"article:published_time\" content=\"2025-05-08T13:00:35+00:00\" \/>\n<meta property=\"article:modified_time\" content=\"2025-05-08T14:15:01+00:00\" \/>\n<meta property=\"og:image\" content=\"https:\/\/www.nexoinformativo.mx\/wp-content\/uploads\/2025\/05\/pexels-erikscheel-95425-e1746713648157.jpg\" \/>\n\t<meta property=\"og:image:width\" content=\"800\" \/>\n\t<meta property=\"og:image:height\" content=\"533\" \/>\n\t<meta property=\"og:image:type\" content=\"image\/jpeg\" \/>\n<meta name=\"author\" content=\"Nexo Informativo\" \/>\n<meta name=\"twitter:card\" content=\"summary_large_image\" \/>\n<meta name=\"twitter:label1\" content=\"Escrito por\" \/>\n\t<meta name=\"twitter:data1\" content=\"Nexo Informativo\" \/>\n\t<meta name=\"twitter:label2\" content=\"Tiempo de lectura\" \/>\n\t<meta name=\"twitter:data2\" content=\"2 minutos\" \/>\n<script type=\"application\/ld+json\" class=\"yoast-schema-graph\">{\"@context\":\"https:\/\/schema.org\",\"@graph\":[{\"@type\":\"Article\",\"@id\":\"https:\/\/www.nexoinformativo.mx\/index.php\/2025\/05\/08\/inflacion-en-mexico-con-ligero-repunte-en-abril-manteniendose-en-la-mira-del-banco-central\/#article\",\"isPartOf\":{\"@id\":\"https:\/\/www.nexoinformativo.mx\/index.php\/2025\/05\/08\/inflacion-en-mexico-con-ligero-repunte-en-abril-manteniendose-en-la-mira-del-banco-central\/\"},\"author\":{\"name\":\"Nexo Informativo\",\"@id\":\"https:\/\/www.nexoinformativo.mx\/#\/schema\/person\/7749d380ba08c8ca00d7bc76fd907b7d\"},\"headline\":\"Inflaci\u00f3n en M\u00e9xico con ligero repunte en Abril manteni\u00e9ndose en la mira del Banco Central\",\"datePublished\":\"2025-05-08T13:00:35+00:00\",\"dateModified\":\"2025-05-08T14:15:01+00:00\",\"mainEntityOfPage\":{\"@id\":\"https:\/\/www.nexoinformativo.mx\/index.php\/2025\/05\/08\/inflacion-en-mexico-con-ligero-repunte-en-abril-manteniendose-en-la-mira-del-banco-central\/\"},\"wordCount\":404,\"commentCount\":0,\"publisher\":{\"@id\":\"https:\/\/www.nexoinformativo.mx\/#organization\"},\"image\":{\"@id\":\"https:\/\/www.nexoinformativo.mx\/index.php\/2025\/05\/08\/inflacion-en-mexico-con-ligero-repunte-en-abril-manteniendose-en-la-mira-del-banco-central\/#primaryimage\"},\"thumbnailUrl\":\"https:\/\/www.nexoinformativo.mx\/wp-content\/uploads\/2025\/05\/pexels-erikscheel-95425-e1746713648157.jpg\",\"keywords\":[\"Banxico\",\"Econom\u00edaMX\",\"Inflaci\u00f3nM\u00e9xico\",\"PIBM\u00e9xico\",\"TasasDeInter\u00e9s\"],\"articleSection\":[\"Econom\u00eda\",\"Nacional\",\"\u00daltima Hora\"],\"inLanguage\":\"es\",\"potentialAction\":[{\"@type\":\"CommentAction\",\"name\":\"Comment\",\"target\":[\"https:\/\/www.nexoinformativo.mx\/index.php\/2025\/05\/08\/inflacion-en-mexico-con-ligero-repunte-en-abril-manteniendose-en-la-mira-del-banco-central\/#respond\"]}]},{\"@type\":\"WebPage\",\"@id\":\"https:\/\/www.nexoinformativo.mx\/index.php\/2025\/05\/08\/inflacion-en-mexico-con-ligero-repunte-en-abril-manteniendose-en-la-mira-del-banco-central\/\",\"url\":\"https:\/\/www.nexoinformativo.mx\/index.php\/2025\/05\/08\/inflacion-en-mexico-con-ligero-repunte-en-abril-manteniendose-en-la-mira-del-banco-central\/\",\"name\":\"Inflaci\u00f3n en M\u00e9xico con ligero repunte en Abril manteni\u00e9ndose en la mira del Banco Central | Nexo Informativo Santiago de Quer\u00e9taro\",\"isPartOf\":{\"@id\":\"https:\/\/www.nexoinformativo.mx\/#website\"},\"primaryImageOfPage\":{\"@id\":\"https:\/\/www.nexoinformativo.mx\/index.php\/2025\/05\/08\/inflacion-en-mexico-con-ligero-repunte-en-abril-manteniendose-en-la-mira-del-banco-central\/#primaryimage\"},\"image\":{\"@id\":\"https:\/\/www.nexoinformativo.mx\/index.php\/2025\/05\/08\/inflacion-en-mexico-con-ligero-repunte-en-abril-manteniendose-en-la-mira-del-banco-central\/#primaryimage\"},\"thumbnailUrl\":\"https:\/\/www.nexoinformativo.mx\/wp-content\/uploads\/2025\/05\/pexels-erikscheel-95425-e1746713648157.jpg\",\"datePublished\":\"2025-05-08T13:00:35+00:00\",\"dateModified\":\"2025-05-08T14:15:01+00:00\",\"description\":\"Inflaci\u00f3n en M\u00e9xico con ligero repunte en Abril manteni\u00e9ndose en la mira del Banco Central\",\"breadcrumb\":{\"@id\":\"https:\/\/www.nexoinformativo.mx\/index.php\/2025\/05\/08\/inflacion-en-mexico-con-ligero-repunte-en-abril-manteniendose-en-la-mira-del-banco-central\/#breadcrumb\"},\"inLanguage\":\"es\",\"potentialAction\":[{\"@type\":\"ReadAction\",\"target\":[\"https:\/\/www.nexoinformativo.mx\/index.php\/2025\/05\/08\/inflacion-en-mexico-con-ligero-repunte-en-abril-manteniendose-en-la-mira-del-banco-central\/\"]}]},{\"@type\":\"ImageObject\",\"inLanguage\":\"es\",\"@id\":\"https:\/\/www.nexoinformativo.mx\/index.php\/2025\/05\/08\/inflacion-en-mexico-con-ligero-repunte-en-abril-manteniendose-en-la-mira-del-banco-central\/#primaryimage\",\"url\":\"https:\/\/www.nexoinformativo.mx\/wp-content\/uploads\/2025\/05\/pexels-erikscheel-95425-e1746713648157.jpg\",\"contentUrl\":\"https:\/\/www.nexoinformativo.mx\/wp-content\/uploads\/2025\/05\/pexels-erikscheel-95425-e1746713648157.jpg\",\"width\":800,\"height\":533},{\"@type\":\"BreadcrumbList\",\"@id\":\"https:\/\/www.nexoinformativo.mx\/index.php\/2025\/05\/08\/inflacion-en-mexico-con-ligero-repunte-en-abril-manteniendose-en-la-mira-del-banco-central\/#breadcrumb\",\"itemListElement\":[{\"@type\":\"ListItem\",\"position\":1,\"name\":\"Inicio\",\"item\":\"https:\/\/www.nexoinformativo.mx\/\"},{\"@type\":\"ListItem\",\"position\":2,\"name\":\"Inflaci\u00f3n en M\u00e9xico con ligero repunte en Abril manteni\u00e9ndose en la mira del Banco Central\"}]},{\"@type\":\"WebSite\",\"@id\":\"https:\/\/www.nexoinformativo.mx\/#website\",\"url\":\"https:\/\/www.nexoinformativo.mx\/\",\"name\":\"Nexo Informativo Santiago de Quer\u00e9taro\",\"description\":\"Explora NexoInformativo y convi\u00e9rtete en parte de una comunidad que valora el conocimiento y la verdad. Tu nexoinformativo es tu puente hacia una comprensi\u00f3n m\u00e1s profunda del mundo que te rodea.\",\"publisher\":{\"@id\":\"https:\/\/www.nexoinformativo.mx\/#organization\"},\"potentialAction\":[{\"@type\":\"SearchAction\",\"target\":{\"@type\":\"EntryPoint\",\"urlTemplate\":\"https:\/\/www.nexoinformativo.mx\/?s={search_term_string}\"},\"query-input\":{\"@type\":\"PropertyValueSpecification\",\"valueRequired\":true,\"valueName\":\"search_term_string\"}}],\"inLanguage\":\"es\"},{\"@type\":\"Organization\",\"@id\":\"https:\/\/www.nexoinformativo.mx\/#organization\",\"name\":\"Nexo Informativo Santiago de Quer\u00e9taro\",\"url\":\"https:\/\/www.nexoinformativo.mx\/\",\"logo\":{\"@type\":\"ImageObject\",\"inLanguage\":\"es\",\"@id\":\"https:\/\/www.nexoinformativo.mx\/#\/schema\/logo\/image\/\",\"url\":\"https:\/\/www.nexoinformativo.mx\/wp-content\/uploads\/2024\/07\/nexoi-trasparente-2.png\",\"contentUrl\":\"https:\/\/www.nexoinformativo.mx\/wp-content\/uploads\/2024\/07\/nexoi-trasparente-2.png\",\"width\":816,\"height\":339,\"caption\":\"Nexo Informativo Santiago de Quer\u00e9taro\"},\"image\":{\"@id\":\"https:\/\/www.nexoinformativo.mx\/#\/schema\/logo\/image\/\"},\"sameAs\":[\"https:\/\/www.facebook.com\/people\/Nexo-Informativo\/61564066885511\/\"]},{\"@type\":\"Person\",\"@id\":\"https:\/\/www.nexoinformativo.mx\/#\/schema\/person\/7749d380ba08c8ca00d7bc76fd907b7d\",\"name\":\"Nexo Informativo\",\"image\":{\"@type\":\"ImageObject\",\"inLanguage\":\"es\",\"@id\":\"https:\/\/www.nexoinformativo.mx\/#\/schema\/person\/image\/\",\"url\":\"https:\/\/secure.gravatar.com\/avatar\/dde2928154642a13d95f87ddf1ea9718fe2b46760a005c53e41ff5ad610704e6?s=96&d=mm&r=g\",\"contentUrl\":\"https:\/\/secure.gravatar.com\/avatar\/dde2928154642a13d95f87ddf1ea9718fe2b46760a005c53e41ff5ad610704e6?s=96&d=mm&r=g\",\"caption\":\"Nexo Informativo\"},\"url\":\"https:\/\/www.nexoinformativo.mx\/index.php\/author\/edicion\/\"}]}<\/script>\n<!-- \/ Yoast SEO plugin. -->","yoast_head_json":{"title":"Inflaci\u00f3n en M\u00e9xico con ligero repunte en Abril manteni\u00e9ndose en la mira del Banco Central | Nexo Informativo Santiago de Quer\u00e9taro","description":"Inflaci\u00f3n en M\u00e9xico con ligero repunte en Abril manteni\u00e9ndose en la mira del Banco Central","robots":{"index":"index","follow":"follow","max-snippet":"max-snippet:-1","max-image-preview":"max-image-preview:large","max-video-preview":"max-video-preview:-1"},"canonical":"https:\/\/www.nexoinformativo.mx\/index.php\/2025\/05\/08\/inflacion-en-mexico-con-ligero-repunte-en-abril-manteniendose-en-la-mira-del-banco-central\/","og_locale":"es_MX","og_type":"article","og_title":"Inflaci\u00f3n en M\u00e9xico con ligero repunte en Abril manteni\u00e9ndose en la mira del Banco Central | Nexo Informativo Santiago de Quer\u00e9taro","og_description":"Inflaci\u00f3n en M\u00e9xico con ligero repunte en Abril manteni\u00e9ndose en la mira del Banco Central","og_url":"https:\/\/www.nexoinformativo.mx\/index.php\/2025\/05\/08\/inflacion-en-mexico-con-ligero-repunte-en-abril-manteniendose-en-la-mira-del-banco-central\/","og_site_name":"Nexo Informativo Santiago de Quer\u00e9taro","article_publisher":"https:\/\/www.facebook.com\/people\/Nexo-Informativo\/61564066885511\/","article_published_time":"2025-05-08T13:00:35+00:00","article_modified_time":"2025-05-08T14:15:01+00:00","og_image":[{"width":800,"height":533,"url":"https:\/\/www.nexoinformativo.mx\/wp-content\/uploads\/2025\/05\/pexels-erikscheel-95425-e1746713648157.jpg","type":"image\/jpeg"}],"author":"Nexo Informativo","twitter_card":"summary_large_image","twitter_misc":{"Escrito por":"Nexo Informativo","Tiempo de lectura":"2 minutos"},"schema":{"@context":"https:\/\/schema.org","@graph":[{"@type":"Article","@id":"https:\/\/www.nexoinformativo.mx\/index.php\/2025\/05\/08\/inflacion-en-mexico-con-ligero-repunte-en-abril-manteniendose-en-la-mira-del-banco-central\/#article","isPartOf":{"@id":"https:\/\/www.nexoinformativo.mx\/index.php\/2025\/05\/08\/inflacion-en-mexico-con-ligero-repunte-en-abril-manteniendose-en-la-mira-del-banco-central\/"},"author":{"name":"Nexo Informativo","@id":"https:\/\/www.nexoinformativo.mx\/#\/schema\/person\/7749d380ba08c8ca00d7bc76fd907b7d"},"headline":"Inflaci\u00f3n en M\u00e9xico con ligero repunte en Abril manteni\u00e9ndose en la mira del Banco Central","datePublished":"2025-05-08T13:00:35+00:00","dateModified":"2025-05-08T14:15:01+00:00","mainEntityOfPage":{"@id":"https:\/\/www.nexoinformativo.mx\/index.php\/2025\/05\/08\/inflacion-en-mexico-con-ligero-repunte-en-abril-manteniendose-en-la-mira-del-banco-central\/"},"wordCount":404,"commentCount":0,"publisher":{"@id":"https:\/\/www.nexoinformativo.mx\/#organization"},"image":{"@id":"https:\/\/www.nexoinformativo.mx\/index.php\/2025\/05\/08\/inflacion-en-mexico-con-ligero-repunte-en-abril-manteniendose-en-la-mira-del-banco-central\/#primaryimage"},"thumbnailUrl":"https:\/\/www.nexoinformativo.mx\/wp-content\/uploads\/2025\/05\/pexels-erikscheel-95425-e1746713648157.jpg","keywords":["Banxico","Econom\u00edaMX","Inflaci\u00f3nM\u00e9xico","PIBM\u00e9xico","TasasDeInter\u00e9s"],"articleSection":["Econom\u00eda","Nacional","\u00daltima Hora"],"inLanguage":"es","potentialAction":[{"@type":"CommentAction","name":"Comment","target":["https:\/\/www.nexoinformativo.mx\/index.php\/2025\/05\/08\/inflacion-en-mexico-con-ligero-repunte-en-abril-manteniendose-en-la-mira-del-banco-central\/#respond"]}]},{"@type":"WebPage","@id":"https:\/\/www.nexoinformativo.mx\/index.php\/2025\/05\/08\/inflacion-en-mexico-con-ligero-repunte-en-abril-manteniendose-en-la-mira-del-banco-central\/","url":"https:\/\/www.nexoinformativo.mx\/index.php\/2025\/05\/08\/inflacion-en-mexico-con-ligero-repunte-en-abril-manteniendose-en-la-mira-del-banco-central\/","name":"Inflaci\u00f3n en M\u00e9xico con ligero repunte en Abril manteni\u00e9ndose en la mira del Banco Central | Nexo Informativo Santiago de Quer\u00e9taro","isPartOf":{"@id":"https:\/\/www.nexoinformativo.mx\/#website"},"primaryImageOfPage":{"@id":"https:\/\/www.nexoinformativo.mx\/index.php\/2025\/05\/08\/inflacion-en-mexico-con-ligero-repunte-en-abril-manteniendose-en-la-mira-del-banco-central\/#primaryimage"},"image":{"@id":"https:\/\/www.nexoinformativo.mx\/index.php\/2025\/05\/08\/inflacion-en-mexico-con-ligero-repunte-en-abril-manteniendose-en-la-mira-del-banco-central\/#primaryimage"},"thumbnailUrl":"https:\/\/www.nexoinformativo.mx\/wp-content\/uploads\/2025\/05\/pexels-erikscheel-95425-e1746713648157.jpg","datePublished":"2025-05-08T13:00:35+00:00","dateModified":"2025-05-08T14:15:01+00:00","description":"Inflaci\u00f3n en M\u00e9xico con ligero repunte en Abril manteni\u00e9ndose en la mira del Banco Central","breadcrumb":{"@id":"https:\/\/www.nexoinformativo.mx\/index.php\/2025\/05\/08\/inflacion-en-mexico-con-ligero-repunte-en-abril-manteniendose-en-la-mira-del-banco-central\/#breadcrumb"},"inLanguage":"es","potentialAction":[{"@type":"ReadAction","target":["https:\/\/www.nexoinformativo.mx\/index.php\/2025\/05\/08\/inflacion-en-mexico-con-ligero-repunte-en-abril-manteniendose-en-la-mira-del-banco-central\/"]}]},{"@type":"ImageObject","inLanguage":"es","@id":"https:\/\/www.nexoinformativo.mx\/index.php\/2025\/05\/08\/inflacion-en-mexico-con-ligero-repunte-en-abril-manteniendose-en-la-mira-del-banco-central\/#primaryimage","url":"https:\/\/www.nexoinformativo.mx\/wp-content\/uploads\/2025\/05\/pexels-erikscheel-95425-e1746713648157.jpg","contentUrl":"https:\/\/www.nexoinformativo.mx\/wp-content\/uploads\/2025\/05\/pexels-erikscheel-95425-e1746713648157.jpg","width":800,"height":533},{"@type":"BreadcrumbList","@id":"https:\/\/www.nexoinformativo.mx\/index.php\/2025\/05\/08\/inflacion-en-mexico-con-ligero-repunte-en-abril-manteniendose-en-la-mira-del-banco-central\/#breadcrumb","itemListElement":[{"@type":"ListItem","position":1,"name":"Inicio","item":"https:\/\/www.nexoinformativo.mx\/"},{"@type":"ListItem","position":2,"name":"Inflaci\u00f3n en M\u00e9xico con ligero repunte en Abril manteni\u00e9ndose en la mira del Banco Central"}]},{"@type":"WebSite","@id":"https:\/\/www.nexoinformativo.mx\/#website","url":"https:\/\/www.nexoinformativo.mx\/","name":"Nexo Informativo Santiago de Quer\u00e9taro","description":"Explora NexoInformativo y convi\u00e9rtete en parte de una comunidad que valora el conocimiento y la verdad. Tu nexoinformativo es tu puente hacia una comprensi\u00f3n m\u00e1s profunda del mundo que te rodea.","publisher":{"@id":"https:\/\/www.nexoinformativo.mx\/#organization"},"potentialAction":[{"@type":"SearchAction","target":{"@type":"EntryPoint","urlTemplate":"https:\/\/www.nexoinformativo.mx\/?s={search_term_string}"},"query-input":{"@type":"PropertyValueSpecification","valueRequired":true,"valueName":"search_term_string"}}],"inLanguage":"es"},{"@type":"Organization","@id":"https:\/\/www.nexoinformativo.mx\/#organization","name":"Nexo Informativo Santiago de Quer\u00e9taro","url":"https:\/\/www.nexoinformativo.mx\/","logo":{"@type":"ImageObject","inLanguage":"es","@id":"https:\/\/www.nexoinformativo.mx\/#\/schema\/logo\/image\/","url":"https:\/\/www.nexoinformativo.mx\/wp-content\/uploads\/2024\/07\/nexoi-trasparente-2.png","contentUrl":"https:\/\/www.nexoinformativo.mx\/wp-content\/uploads\/2024\/07\/nexoi-trasparente-2.png","width":816,"height":339,"caption":"Nexo Informativo Santiago de Quer\u00e9taro"},"image":{"@id":"https:\/\/www.nexoinformativo.mx\/#\/schema\/logo\/image\/"},"sameAs":["https:\/\/www.facebook.com\/people\/Nexo-Informativo\/61564066885511\/"]},{"@type":"Person","@id":"https:\/\/www.nexoinformativo.mx\/#\/schema\/person\/7749d380ba08c8ca00d7bc76fd907b7d","name":"Nexo Informativo","image":{"@type":"ImageObject","inLanguage":"es","@id":"https:\/\/www.nexoinformativo.mx\/#\/schema\/person\/image\/","url":"https:\/\/secure.gravatar.com\/avatar\/dde2928154642a13d95f87ddf1ea9718fe2b46760a005c53e41ff5ad610704e6?s=96&d=mm&r=g","contentUrl":"https:\/\/secure.gravatar.com\/avatar\/dde2928154642a13d95f87ddf1ea9718fe2b46760a005c53e41ff5ad610704e6?s=96&d=mm&r=g","caption":"Nexo Informativo"},"url":"https:\/\/www.nexoinformativo.mx\/index.php\/author\/edicion\/"}]}},"_links":{"self":[{"href":"https:\/\/www.nexoinformativo.mx\/index.php\/wp-json\/wp\/v2\/posts\/14834","targetHints":{"allow":["GET"]}}],"collection":[{"href":"https:\/\/www.nexoinformativo.mx\/index.php\/wp-json\/wp\/v2\/posts"}],"about":[{"href":"https:\/\/www.nexoinformativo.mx\/index.php\/wp-json\/wp\/v2\/types\/post"}],"author":[{"embeddable":true,"href":"https:\/\/www.nexoinformativo.mx\/index.php\/wp-json\/wp\/v2\/users\/3"}],"replies":[{"embeddable":true,"href":"https:\/\/www.nexoinformativo.mx\/index.php\/wp-json\/wp\/v2\/comments?post=14834"}],"version-history":[{"count":3,"href":"https:\/\/www.nexoinformativo.mx\/index.php\/wp-json\/wp\/v2\/posts\/14834\/revisions"}],"predecessor-version":[{"id":14838,"href":"https:\/\/www.nexoinformativo.mx\/index.php\/wp-json\/wp\/v2\/posts\/14834\/revisions\/14838"}],"wp:featuredmedia":[{"embeddable":true,"href":"https:\/\/www.nexoinformativo.mx\/index.php\/wp-json\/wp\/v2\/media\/14835"}],"wp:attachment":[{"href":"https:\/\/www.nexoinformativo.mx\/index.php\/wp-json\/wp\/v2\/media?parent=14834"}],"wp:term":[{"taxonomy":"category","embeddable":true,"href":"https:\/\/www.nexoinformativo.mx\/index.php\/wp-json\/wp\/v2\/categories?post=14834"},{"taxonomy":"post_tag","embeddable":true,"href":"https:\/\/www.nexoinformativo.mx\/index.php\/wp-json\/wp\/v2\/tags?post=14834"}],"curies":[{"name":"wp","href":"https:\/\/api.w.org\/{rel}","templated":true}]}}