{"id":14839,"date":"2025-05-08T07:15:19","date_gmt":"2025-05-08T13:15:19","guid":{"rendered":"https:\/\/www.nexoinformativo.mx\/?p=14839"},"modified":"2025-05-08T09:19:10","modified_gmt":"2025-05-08T15:19:10","slug":"hecho-en-mexico-conquista-fronteras-amazon-impulsa-a-las-pymes-nacionales-hacia-el-exito-global","status":"publish","type":"post","link":"https:\/\/www.nexoinformativo.mx\/index.php\/2025\/05\/08\/hecho-en-mexico-conquista-fronteras-amazon-impulsa-a-las-pymes-nacionales-hacia-el-exito-global\/","title":{"rendered":"&#8220;Hecho en M\u00e9xico&#8221; conquista fronteras Amazon impulsa a las Pymes Nacionales hacia el \u00e9xito global"},"content":{"rendered":"<p style=\"text-align: justify;\" data-sourcepos=\"3:1-3:397\">Amazon M\u00e9xico, la filial del gigante estadounidense de comercio electr\u00f3nico, ha anunciado su firme respaldo al programa <strong>&#8220;Hecho en M\u00e9xico&#8221;,<\/strong> una iniciativa del gobierno federal con el ambicioso objetivo de fortalecer la industria nacional y posicionar la econom\u00eda del pa\u00eds entre las diez m\u00e1s importantes a nivel global.<\/p>\n<p>&nbsp;<\/p>\n<p style=\"text-align: justify;\" data-sourcepos=\"5:1-5:469\"><strong>&#8220;Para nosotros, el enfocarnos en producto hecho en M\u00e9xico y exportarlo al mundo es una prioridad absoluta, no solo de este a\u00f1o, sino de los a\u00f1os pasados y de los futuros&#8221;<\/strong>, asegur\u00f3 con entusiasmo el country manager de Amazon M\u00e9xico, Pedro Huerta.<\/p>\n<p>&nbsp;<\/p>\n<p style=\"text-align: justify;\" data-sourcepos=\"5:1-5:469\">El directivo destac\u00f3 que esta visi\u00f3n se alinea perfectamente con el enfoque del gobierno actual, que ha puesto un \u00e9nfasis especial en el impulso de la industria nacional y las peque\u00f1as y medianas empresas mexicanas (pymes).<\/p>\n<p>&nbsp;<\/p>\n<p style=\"text-align: justify;\" data-sourcepos=\"7:1-7:544\">A trav\u00e9s de diversos programas estrat\u00e9gicos, como el de ventas al mercado de Estados Unidos, Amazon busca empoderar a las empresas mexicanas para que aprovechen al m\u00e1ximo las oportunidades que ofrece el comercio electr\u00f3nico y as\u00ed &#8220;buscar nuevas fronteras&#8221; para sus productos.<\/p>\n<p>&nbsp;<\/p>\n<p style=\"text-align: justify;\" data-sourcepos=\"9:1-9:363\">El country manager resalt\u00f3 que este programa ha estado en marcha durante un tiempo considerable, generando ya cientos de millones de d\u00f3lares en ventas para las pymes mexicanas, aunque reconoci\u00f3 que a\u00fan existe un enorme potencial por explotar, especialmente considerando el mercado hispano en EU, que cuenta con 60 millones de consumidores potenciales.<\/p>\n<p>&nbsp;<\/p>\n<p style=\"text-align: justify;\" data-sourcepos=\"11:1-11:238\">Para continuar impulsando este crecimiento, Amazon ha desarrollado otras valiosas iniciativas como Seller University, una completa plataforma de formaci\u00f3n para vendedores, y L\u00f3gralo Online, una innovadora incubadora de negocios digitales.<\/p>\n<p>&nbsp;<\/p>\n<p style=\"text-align: justify;\" data-sourcepos=\"13:1-13:429\">Finalmente, Pedro Huerta ofreci\u00f3 un consejo clave a las pymes mexicanas: si tienen un producto que podr\u00eda tener dificultades para ingresar a grandes cadenas como Walmart o Target en Estados Unidos, Amazon puede representar una excelente alternativa para alcanzar a un p\u00fablico m\u00e1s amplio.<\/p>\n<p>&nbsp;<\/p>\n<p style=\"text-align: justify;\" data-sourcepos=\"13:1-13:429\">Actualmente, 27,000 pymes mexicanas ya venden exitosamente a trav\u00e9s de Amazon, registrando un impresionante crecimiento del 28% a\u00f1o tras a\u00f1o.<\/p>\n<p>&nbsp;<\/p>\n<p style=\"text-align: center;\" data-sourcepos=\"13:1-13:429\"><em><strong>\u00a1Informaci\u00f3n que transforma!<\/strong><\/em><\/p>\n","protected":false},"excerpt":{"rendered":"<p>Amazon M\u00e9xico, la filial del gigante estadounidense de comercio electr\u00f3nico, ha anunciado su firme respaldo al programa &#8220;Hecho en M\u00e9xico&#8221;, una iniciativa del gobierno federal con el ambicioso objetivo de fortalecer la industria nacional y posicionar la econom\u00eda del pa\u00eds entre las diez m\u00e1s importantes a nivel global.<\/p>\n","protected":false},"author":3,"featured_media":14842,"comment_status":"open","ping_status":"open","sticky":false,"template":"","format":"standard","meta":{"footnotes":""},"categories":[5,88,58],"tags":[4412,2251,4413,3389],"class_list":["post-14839","post","type-post","status-publish","format-standard","has-post-thumbnail","hentry","category-economia","category-nacional","category-ultima-hora","tag-amazonmexico","tag-comercioelectronico","tag-exportacionpymes","tag-hechoenmexico"],"yoast_head":"<!-- This site is optimized with the Yoast SEO plugin v25.0 - https:\/\/yoast.com\/wordpress\/plugins\/seo\/ -->\n<title>&quot;Hecho en M\u00e9xico&quot; conquista fronteras Amazon impulsa a las Pymes Nacionales hacia el \u00e9xito global | Nexo Informativo Santiago de Quer\u00e9taro<\/title>\n<meta name=\"description\" content=\"&quot;Hecho en M\u00e9xico&quot; conquista fronteras Amazon impulsa a las Pymes Nacionales hacia el \u00e9xito global\" \/>\n<meta name=\"robots\" content=\"index, follow, max-snippet:-1, max-image-preview:large, max-video-preview:-1\" \/>\n<link rel=\"canonical\" href=\"https:\/\/www.nexoinformativo.mx\/index.php\/2025\/05\/08\/hecho-en-mexico-conquista-fronteras-amazon-impulsa-a-las-pymes-nacionales-hacia-el-exito-global\/\" \/>\n<meta property=\"og:locale\" content=\"es_MX\" \/>\n<meta property=\"og:type\" content=\"article\" \/>\n<meta property=\"og:title\" content=\"&quot;Hecho en M\u00e9xico&quot; conquista fronteras Amazon impulsa a las Pymes Nacionales hacia el \u00e9xito global | Nexo Informativo Santiago de Quer\u00e9taro\" \/>\n<meta property=\"og:description\" content=\"&quot;Hecho en M\u00e9xico&quot; conquista fronteras Amazon impulsa a las Pymes Nacionales hacia el \u00e9xito global\" \/>\n<meta property=\"og:url\" content=\"https:\/\/www.nexoinformativo.mx\/index.php\/2025\/05\/08\/hecho-en-mexico-conquista-fronteras-amazon-impulsa-a-las-pymes-nacionales-hacia-el-exito-global\/\" \/>\n<meta property=\"og:site_name\" content=\"Nexo Informativo Santiago de Quer\u00e9taro\" \/>\n<meta property=\"article:publisher\" content=\"https:\/\/www.facebook.com\/people\/Nexo-Informativo\/61564066885511\/\" \/>\n<meta property=\"article:published_time\" content=\"2025-05-08T13:15:19+00:00\" \/>\n<meta property=\"article:modified_time\" content=\"2025-05-08T15:19:10+00:00\" \/>\n<meta property=\"og:image\" content=\"https:\/\/www.nexoinformativo.mx\/wp-content\/uploads\/2025\/05\/IMG_2883-e1746717537339.jpg\" \/>\n\t<meta property=\"og:image:width\" content=\"800\" \/>\n\t<meta property=\"og:image:height\" content=\"451\" \/>\n\t<meta property=\"og:image:type\" content=\"image\/jpeg\" \/>\n<meta name=\"author\" content=\"Nexo Informativo\" \/>\n<meta name=\"twitter:card\" content=\"summary_large_image\" \/>\n<meta name=\"twitter:label1\" content=\"Escrito por\" \/>\n\t<meta name=\"twitter:data1\" content=\"Nexo Informativo\" \/>\n\t<meta name=\"twitter:label2\" content=\"Tiempo de lectura\" \/>\n\t<meta name=\"twitter:data2\" content=\"2 minutos\" \/>\n<script type=\"application\/ld+json\" class=\"yoast-schema-graph\">{\"@context\":\"https:\/\/schema.org\",\"@graph\":[{\"@type\":\"Article\",\"@id\":\"https:\/\/www.nexoinformativo.mx\/index.php\/2025\/05\/08\/hecho-en-mexico-conquista-fronteras-amazon-impulsa-a-las-pymes-nacionales-hacia-el-exito-global\/#article\",\"isPartOf\":{\"@id\":\"https:\/\/www.nexoinformativo.mx\/index.php\/2025\/05\/08\/hecho-en-mexico-conquista-fronteras-amazon-impulsa-a-las-pymes-nacionales-hacia-el-exito-global\/\"},\"author\":{\"name\":\"Nexo Informativo\",\"@id\":\"https:\/\/www.nexoinformativo.mx\/#\/schema\/person\/7749d380ba08c8ca00d7bc76fd907b7d\"},\"headline\":\"&#8220;Hecho en M\u00e9xico&#8221; conquista fronteras Amazon impulsa a las Pymes Nacionales hacia el \u00e9xito global\",\"datePublished\":\"2025-05-08T13:15:19+00:00\",\"dateModified\":\"2025-05-08T15:19:10+00:00\",\"mainEntityOfPage\":{\"@id\":\"https:\/\/www.nexoinformativo.mx\/index.php\/2025\/05\/08\/hecho-en-mexico-conquista-fronteras-amazon-impulsa-a-las-pymes-nacionales-hacia-el-exito-global\/\"},\"wordCount\":366,\"commentCount\":0,\"publisher\":{\"@id\":\"https:\/\/www.nexoinformativo.mx\/#organization\"},\"image\":{\"@id\":\"https:\/\/www.nexoinformativo.mx\/index.php\/2025\/05\/08\/hecho-en-mexico-conquista-fronteras-amazon-impulsa-a-las-pymes-nacionales-hacia-el-exito-global\/#primaryimage\"},\"thumbnailUrl\":\"https:\/\/www.nexoinformativo.mx\/wp-content\/uploads\/2025\/05\/IMG_2883-e1746717537339.jpg\",\"keywords\":[\"AmazonM\u00e9xico\",\"ComercioElectronico\",\"Exportaci\u00f3nPymes\",\"HechoEnM\u00e9xico\"],\"articleSection\":[\"Econom\u00eda\",\"Nacional\",\"\u00daltima Hora\"],\"inLanguage\":\"es\",\"potentialAction\":[{\"@type\":\"CommentAction\",\"name\":\"Comment\",\"target\":[\"https:\/\/www.nexoinformativo.mx\/index.php\/2025\/05\/08\/hecho-en-mexico-conquista-fronteras-amazon-impulsa-a-las-pymes-nacionales-hacia-el-exito-global\/#respond\"]}]},{\"@type\":\"WebPage\",\"@id\":\"https:\/\/www.nexoinformativo.mx\/index.php\/2025\/05\/08\/hecho-en-mexico-conquista-fronteras-amazon-impulsa-a-las-pymes-nacionales-hacia-el-exito-global\/\",\"url\":\"https:\/\/www.nexoinformativo.mx\/index.php\/2025\/05\/08\/hecho-en-mexico-conquista-fronteras-amazon-impulsa-a-las-pymes-nacionales-hacia-el-exito-global\/\",\"name\":\"\\\"Hecho en M\u00e9xico\\\" conquista fronteras Amazon impulsa a las Pymes Nacionales hacia el \u00e9xito global | Nexo Informativo Santiago de Quer\u00e9taro\",\"isPartOf\":{\"@id\":\"https:\/\/www.nexoinformativo.mx\/#website\"},\"primaryImageOfPage\":{\"@id\":\"https:\/\/www.nexoinformativo.mx\/index.php\/2025\/05\/08\/hecho-en-mexico-conquista-fronteras-amazon-impulsa-a-las-pymes-nacionales-hacia-el-exito-global\/#primaryimage\"},\"image\":{\"@id\":\"https:\/\/www.nexoinformativo.mx\/index.php\/2025\/05\/08\/hecho-en-mexico-conquista-fronteras-amazon-impulsa-a-las-pymes-nacionales-hacia-el-exito-global\/#primaryimage\"},\"thumbnailUrl\":\"https:\/\/www.nexoinformativo.mx\/wp-content\/uploads\/2025\/05\/IMG_2883-e1746717537339.jpg\",\"datePublished\":\"2025-05-08T13:15:19+00:00\",\"dateModified\":\"2025-05-08T15:19:10+00:00\",\"description\":\"\\\"Hecho en M\u00e9xico\\\" conquista fronteras Amazon impulsa a las Pymes Nacionales hacia el \u00e9xito global\",\"breadcrumb\":{\"@id\":\"https:\/\/www.nexoinformativo.mx\/index.php\/2025\/05\/08\/hecho-en-mexico-conquista-fronteras-amazon-impulsa-a-las-pymes-nacionales-hacia-el-exito-global\/#breadcrumb\"},\"inLanguage\":\"es\",\"potentialAction\":[{\"@type\":\"ReadAction\",\"target\":[\"https:\/\/www.nexoinformativo.mx\/index.php\/2025\/05\/08\/hecho-en-mexico-conquista-fronteras-amazon-impulsa-a-las-pymes-nacionales-hacia-el-exito-global\/\"]}]},{\"@type\":\"ImageObject\",\"inLanguage\":\"es\",\"@id\":\"https:\/\/www.nexoinformativo.mx\/index.php\/2025\/05\/08\/hecho-en-mexico-conquista-fronteras-amazon-impulsa-a-las-pymes-nacionales-hacia-el-exito-global\/#primaryimage\",\"url\":\"https:\/\/www.nexoinformativo.mx\/wp-content\/uploads\/2025\/05\/IMG_2883-e1746717537339.jpg\",\"contentUrl\":\"https:\/\/www.nexoinformativo.mx\/wp-content\/uploads\/2025\/05\/IMG_2883-e1746717537339.jpg\",\"width\":800,\"height\":451},{\"@type\":\"BreadcrumbList\",\"@id\":\"https:\/\/www.nexoinformativo.mx\/index.php\/2025\/05\/08\/hecho-en-mexico-conquista-fronteras-amazon-impulsa-a-las-pymes-nacionales-hacia-el-exito-global\/#breadcrumb\",\"itemListElement\":[{\"@type\":\"ListItem\",\"position\":1,\"name\":\"Inicio\",\"item\":\"https:\/\/www.nexoinformativo.mx\/\"},{\"@type\":\"ListItem\",\"position\":2,\"name\":\"&#8220;Hecho en M\u00e9xico&#8221; conquista fronteras Amazon impulsa a las Pymes Nacionales hacia el \u00e9xito global\"}]},{\"@type\":\"WebSite\",\"@id\":\"https:\/\/www.nexoinformativo.mx\/#website\",\"url\":\"https:\/\/www.nexoinformativo.mx\/\",\"name\":\"Nexo Informativo Santiago de Quer\u00e9taro\",\"description\":\"Explora NexoInformativo y convi\u00e9rtete en parte de una comunidad que valora el conocimiento y la verdad. Tu nexoinformativo es tu puente hacia una comprensi\u00f3n m\u00e1s profunda del mundo que te rodea.\",\"publisher\":{\"@id\":\"https:\/\/www.nexoinformativo.mx\/#organization\"},\"potentialAction\":[{\"@type\":\"SearchAction\",\"target\":{\"@type\":\"EntryPoint\",\"urlTemplate\":\"https:\/\/www.nexoinformativo.mx\/?s={search_term_string}\"},\"query-input\":{\"@type\":\"PropertyValueSpecification\",\"valueRequired\":true,\"valueName\":\"search_term_string\"}}],\"inLanguage\":\"es\"},{\"@type\":\"Organization\",\"@id\":\"https:\/\/www.nexoinformativo.mx\/#organization\",\"name\":\"Nexo Informativo Santiago de Quer\u00e9taro\",\"url\":\"https:\/\/www.nexoinformativo.mx\/\",\"logo\":{\"@type\":\"ImageObject\",\"inLanguage\":\"es\",\"@id\":\"https:\/\/www.nexoinformativo.mx\/#\/schema\/logo\/image\/\",\"url\":\"https:\/\/www.nexoinformativo.mx\/wp-content\/uploads\/2024\/07\/nexoi-trasparente-2.png\",\"contentUrl\":\"https:\/\/www.nexoinformativo.mx\/wp-content\/uploads\/2024\/07\/nexoi-trasparente-2.png\",\"width\":816,\"height\":339,\"caption\":\"Nexo Informativo Santiago de Quer\u00e9taro\"},\"image\":{\"@id\":\"https:\/\/www.nexoinformativo.mx\/#\/schema\/logo\/image\/\"},\"sameAs\":[\"https:\/\/www.facebook.com\/people\/Nexo-Informativo\/61564066885511\/\"]},{\"@type\":\"Person\",\"@id\":\"https:\/\/www.nexoinformativo.mx\/#\/schema\/person\/7749d380ba08c8ca00d7bc76fd907b7d\",\"name\":\"Nexo Informativo\",\"image\":{\"@type\":\"ImageObject\",\"inLanguage\":\"es\",\"@id\":\"https:\/\/www.nexoinformativo.mx\/#\/schema\/person\/image\/\",\"url\":\"https:\/\/secure.gravatar.com\/avatar\/dde2928154642a13d95f87ddf1ea9718fe2b46760a005c53e41ff5ad610704e6?s=96&d=mm&r=g\",\"contentUrl\":\"https:\/\/secure.gravatar.com\/avatar\/dde2928154642a13d95f87ddf1ea9718fe2b46760a005c53e41ff5ad610704e6?s=96&d=mm&r=g\",\"caption\":\"Nexo Informativo\"},\"url\":\"https:\/\/www.nexoinformativo.mx\/index.php\/author\/edicion\/\"}]}<\/script>\n<!-- \/ Yoast SEO plugin. -->","yoast_head_json":{"title":"\"Hecho en M\u00e9xico\" conquista fronteras Amazon impulsa a las Pymes Nacionales hacia el \u00e9xito global | Nexo Informativo Santiago de Quer\u00e9taro","description":"\"Hecho en M\u00e9xico\" conquista fronteras Amazon impulsa a las Pymes Nacionales hacia el \u00e9xito global","robots":{"index":"index","follow":"follow","max-snippet":"max-snippet:-1","max-image-preview":"max-image-preview:large","max-video-preview":"max-video-preview:-1"},"canonical":"https:\/\/www.nexoinformativo.mx\/index.php\/2025\/05\/08\/hecho-en-mexico-conquista-fronteras-amazon-impulsa-a-las-pymes-nacionales-hacia-el-exito-global\/","og_locale":"es_MX","og_type":"article","og_title":"\"Hecho en M\u00e9xico\" conquista fronteras Amazon impulsa a las Pymes Nacionales hacia el \u00e9xito global | Nexo Informativo Santiago de Quer\u00e9taro","og_description":"\"Hecho en M\u00e9xico\" conquista fronteras Amazon impulsa a las Pymes Nacionales hacia el \u00e9xito global","og_url":"https:\/\/www.nexoinformativo.mx\/index.php\/2025\/05\/08\/hecho-en-mexico-conquista-fronteras-amazon-impulsa-a-las-pymes-nacionales-hacia-el-exito-global\/","og_site_name":"Nexo Informativo Santiago de Quer\u00e9taro","article_publisher":"https:\/\/www.facebook.com\/people\/Nexo-Informativo\/61564066885511\/","article_published_time":"2025-05-08T13:15:19+00:00","article_modified_time":"2025-05-08T15:19:10+00:00","og_image":[{"width":800,"height":451,"url":"https:\/\/www.nexoinformativo.mx\/wp-content\/uploads\/2025\/05\/IMG_2883-e1746717537339.jpg","type":"image\/jpeg"}],"author":"Nexo Informativo","twitter_card":"summary_large_image","twitter_misc":{"Escrito por":"Nexo Informativo","Tiempo de lectura":"2 minutos"},"schema":{"@context":"https:\/\/schema.org","@graph":[{"@type":"Article","@id":"https:\/\/www.nexoinformativo.mx\/index.php\/2025\/05\/08\/hecho-en-mexico-conquista-fronteras-amazon-impulsa-a-las-pymes-nacionales-hacia-el-exito-global\/#article","isPartOf":{"@id":"https:\/\/www.nexoinformativo.mx\/index.php\/2025\/05\/08\/hecho-en-mexico-conquista-fronteras-amazon-impulsa-a-las-pymes-nacionales-hacia-el-exito-global\/"},"author":{"name":"Nexo Informativo","@id":"https:\/\/www.nexoinformativo.mx\/#\/schema\/person\/7749d380ba08c8ca00d7bc76fd907b7d"},"headline":"&#8220;Hecho en M\u00e9xico&#8221; conquista fronteras Amazon impulsa a las Pymes Nacionales hacia el \u00e9xito global","datePublished":"2025-05-08T13:15:19+00:00","dateModified":"2025-05-08T15:19:10+00:00","mainEntityOfPage":{"@id":"https:\/\/www.nexoinformativo.mx\/index.php\/2025\/05\/08\/hecho-en-mexico-conquista-fronteras-amazon-impulsa-a-las-pymes-nacionales-hacia-el-exito-global\/"},"wordCount":366,"commentCount":0,"publisher":{"@id":"https:\/\/www.nexoinformativo.mx\/#organization"},"image":{"@id":"https:\/\/www.nexoinformativo.mx\/index.php\/2025\/05\/08\/hecho-en-mexico-conquista-fronteras-amazon-impulsa-a-las-pymes-nacionales-hacia-el-exito-global\/#primaryimage"},"thumbnailUrl":"https:\/\/www.nexoinformativo.mx\/wp-content\/uploads\/2025\/05\/IMG_2883-e1746717537339.jpg","keywords":["AmazonM\u00e9xico","ComercioElectronico","Exportaci\u00f3nPymes","HechoEnM\u00e9xico"],"articleSection":["Econom\u00eda","Nacional","\u00daltima Hora"],"inLanguage":"es","potentialAction":[{"@type":"CommentAction","name":"Comment","target":["https:\/\/www.nexoinformativo.mx\/index.php\/2025\/05\/08\/hecho-en-mexico-conquista-fronteras-amazon-impulsa-a-las-pymes-nacionales-hacia-el-exito-global\/#respond"]}]},{"@type":"WebPage","@id":"https:\/\/www.nexoinformativo.mx\/index.php\/2025\/05\/08\/hecho-en-mexico-conquista-fronteras-amazon-impulsa-a-las-pymes-nacionales-hacia-el-exito-global\/","url":"https:\/\/www.nexoinformativo.mx\/index.php\/2025\/05\/08\/hecho-en-mexico-conquista-fronteras-amazon-impulsa-a-las-pymes-nacionales-hacia-el-exito-global\/","name":"\"Hecho en M\u00e9xico\" conquista fronteras Amazon impulsa a las Pymes Nacionales hacia el \u00e9xito global | Nexo Informativo Santiago de Quer\u00e9taro","isPartOf":{"@id":"https:\/\/www.nexoinformativo.mx\/#website"},"primaryImageOfPage":{"@id":"https:\/\/www.nexoinformativo.mx\/index.php\/2025\/05\/08\/hecho-en-mexico-conquista-fronteras-amazon-impulsa-a-las-pymes-nacionales-hacia-el-exito-global\/#primaryimage"},"image":{"@id":"https:\/\/www.nexoinformativo.mx\/index.php\/2025\/05\/08\/hecho-en-mexico-conquista-fronteras-amazon-impulsa-a-las-pymes-nacionales-hacia-el-exito-global\/#primaryimage"},"thumbnailUrl":"https:\/\/www.nexoinformativo.mx\/wp-content\/uploads\/2025\/05\/IMG_2883-e1746717537339.jpg","datePublished":"2025-05-08T13:15:19+00:00","dateModified":"2025-05-08T15:19:10+00:00","description":"\"Hecho en M\u00e9xico\" conquista fronteras Amazon impulsa a las Pymes Nacionales hacia el \u00e9xito global","breadcrumb":{"@id":"https:\/\/www.nexoinformativo.mx\/index.php\/2025\/05\/08\/hecho-en-mexico-conquista-fronteras-amazon-impulsa-a-las-pymes-nacionales-hacia-el-exito-global\/#breadcrumb"},"inLanguage":"es","potentialAction":[{"@type":"ReadAction","target":["https:\/\/www.nexoinformativo.mx\/index.php\/2025\/05\/08\/hecho-en-mexico-conquista-fronteras-amazon-impulsa-a-las-pymes-nacionales-hacia-el-exito-global\/"]}]},{"@type":"ImageObject","inLanguage":"es","@id":"https:\/\/www.nexoinformativo.mx\/index.php\/2025\/05\/08\/hecho-en-mexico-conquista-fronteras-amazon-impulsa-a-las-pymes-nacionales-hacia-el-exito-global\/#primaryimage","url":"https:\/\/www.nexoinformativo.mx\/wp-content\/uploads\/2025\/05\/IMG_2883-e1746717537339.jpg","contentUrl":"https:\/\/www.nexoinformativo.mx\/wp-content\/uploads\/2025\/05\/IMG_2883-e1746717537339.jpg","width":800,"height":451},{"@type":"BreadcrumbList","@id":"https:\/\/www.nexoinformativo.mx\/index.php\/2025\/05\/08\/hecho-en-mexico-conquista-fronteras-amazon-impulsa-a-las-pymes-nacionales-hacia-el-exito-global\/#breadcrumb","itemListElement":[{"@type":"ListItem","position":1,"name":"Inicio","item":"https:\/\/www.nexoinformativo.mx\/"},{"@type":"ListItem","position":2,"name":"&#8220;Hecho en M\u00e9xico&#8221; conquista fronteras Amazon impulsa a las Pymes Nacionales hacia el \u00e9xito global"}]},{"@type":"WebSite","@id":"https:\/\/www.nexoinformativo.mx\/#website","url":"https:\/\/www.nexoinformativo.mx\/","name":"Nexo Informativo Santiago de Quer\u00e9taro","description":"Explora NexoInformativo y convi\u00e9rtete en parte de una comunidad que valora el conocimiento y la verdad. Tu nexoinformativo es tu puente hacia una comprensi\u00f3n m\u00e1s profunda del mundo que te rodea.","publisher":{"@id":"https:\/\/www.nexoinformativo.mx\/#organization"},"potentialAction":[{"@type":"SearchAction","target":{"@type":"EntryPoint","urlTemplate":"https:\/\/www.nexoinformativo.mx\/?s={search_term_string}"},"query-input":{"@type":"PropertyValueSpecification","valueRequired":true,"valueName":"search_term_string"}}],"inLanguage":"es"},{"@type":"Organization","@id":"https:\/\/www.nexoinformativo.mx\/#organization","name":"Nexo Informativo Santiago de Quer\u00e9taro","url":"https:\/\/www.nexoinformativo.mx\/","logo":{"@type":"ImageObject","inLanguage":"es","@id":"https:\/\/www.nexoinformativo.mx\/#\/schema\/logo\/image\/","url":"https:\/\/www.nexoinformativo.mx\/wp-content\/uploads\/2024\/07\/nexoi-trasparente-2.png","contentUrl":"https:\/\/www.nexoinformativo.mx\/wp-content\/uploads\/2024\/07\/nexoi-trasparente-2.png","width":816,"height":339,"caption":"Nexo Informativo Santiago de Quer\u00e9taro"},"image":{"@id":"https:\/\/www.nexoinformativo.mx\/#\/schema\/logo\/image\/"},"sameAs":["https:\/\/www.facebook.com\/people\/Nexo-Informativo\/61564066885511\/"]},{"@type":"Person","@id":"https:\/\/www.nexoinformativo.mx\/#\/schema\/person\/7749d380ba08c8ca00d7bc76fd907b7d","name":"Nexo Informativo","image":{"@type":"ImageObject","inLanguage":"es","@id":"https:\/\/www.nexoinformativo.mx\/#\/schema\/person\/image\/","url":"https:\/\/secure.gravatar.com\/avatar\/dde2928154642a13d95f87ddf1ea9718fe2b46760a005c53e41ff5ad610704e6?s=96&d=mm&r=g","contentUrl":"https:\/\/secure.gravatar.com\/avatar\/dde2928154642a13d95f87ddf1ea9718fe2b46760a005c53e41ff5ad610704e6?s=96&d=mm&r=g","caption":"Nexo Informativo"},"url":"https:\/\/www.nexoinformativo.mx\/index.php\/author\/edicion\/"}]}},"_links":{"self":[{"href":"https:\/\/www.nexoinformativo.mx\/index.php\/wp-json\/wp\/v2\/posts\/14839","targetHints":{"allow":["GET"]}}],"collection":[{"href":"https:\/\/www.nexoinformativo.mx\/index.php\/wp-json\/wp\/v2\/posts"}],"about":[{"href":"https:\/\/www.nexoinformativo.mx\/index.php\/wp-json\/wp\/v2\/types\/post"}],"author":[{"embeddable":true,"href":"https:\/\/www.nexoinformativo.mx\/index.php\/wp-json\/wp\/v2\/users\/3"}],"replies":[{"embeddable":true,"href":"https:\/\/www.nexoinformativo.mx\/index.php\/wp-json\/wp\/v2\/comments?post=14839"}],"version-history":[{"count":3,"href":"https:\/\/www.nexoinformativo.mx\/index.php\/wp-json\/wp\/v2\/posts\/14839\/revisions"}],"predecessor-version":[{"id":14841,"href":"https:\/\/www.nexoinformativo.mx\/index.php\/wp-json\/wp\/v2\/posts\/14839\/revisions\/14841"}],"wp:featuredmedia":[{"embeddable":true,"href":"https:\/\/www.nexoinformativo.mx\/index.php\/wp-json\/wp\/v2\/media\/14842"}],"wp:attachment":[{"href":"https:\/\/www.nexoinformativo.mx\/index.php\/wp-json\/wp\/v2\/media?parent=14839"}],"wp:term":[{"taxonomy":"category","embeddable":true,"href":"https:\/\/www.nexoinformativo.mx\/index.php\/wp-json\/wp\/v2\/categories?post=14839"},{"taxonomy":"post_tag","embeddable":true,"href":"https:\/\/www.nexoinformativo.mx\/index.php\/wp-json\/wp\/v2\/tags?post=14839"}],"curies":[{"name":"wp","href":"https:\/\/api.w.org\/{rel}","templated":true}]}}