{"id":1484,"date":"2024-09-03T09:00:00","date_gmt":"2024-09-03T15:00:00","guid":{"rendered":"https:\/\/www.nexoinformativo.mx\/?p=1484"},"modified":"2024-09-03T11:37:01","modified_gmt":"2024-09-03T17:37:01","slug":"localizan-el-cuerpo-de-joven-ahogado-en-presa-de-san-juan-del-rio","status":"publish","type":"post","link":"https:\/\/www.nexoinformativo.mx\/index.php\/2024\/09\/03\/localizan-el-cuerpo-de-joven-ahogado-en-presa-de-san-juan-del-rio\/","title":{"rendered":"Localizan el Cuerpo de Joven Ahogado en Presa de San Juan del R\u00edo"},"content":{"rendered":"<p style=\"text-align: justify;\">Despu\u00e9s de cinco d\u00edas de intensa b\u00fasqueda, fue localizado el cuerpo de uno de los dos j\u00f3venes que se ahogaron en una presa entre las comunidades de El Rosario y San Miguel Galindo, en San Juan del R\u00edo, Quer\u00e9taro. El tr\u00e1gico incidente ocurri\u00f3 el pasado fin de semana cuando ambos j\u00f3venes ingresaron a nadar en la presa y perdieron la vida.<\/p>\n<p>&nbsp;<\/p>\n<p style=\"text-align: justify;\">El cuerpo de la primera v\u00edctima fue encontrado pocas horas despu\u00e9s del incidente, mientras que el segundo fue recuperado tras d\u00edas de b\u00fasqueda en la que participaron elementos de Protecci\u00f3n Civil de San Juan del R\u00edo, Protecci\u00f3n Civil del Estado, y buzos especializados.<\/p>\n<p>&nbsp;<\/p>\n<p style=\"text-align: justify;\">Las autoridades han hecho un llamado a la ciudadan\u00eda para evitar realizar actividades acu\u00e1ticas en cuerpos de agua no supervisados, ya que representan un grave riesgo para la vida.<\/p>\n","protected":false},"excerpt":{"rendered":"<p>Despu\u00e9s de cinco d\u00edas de intensa b\u00fasqueda, fue localizado el cuerpo de uno de los dos j\u00f3venes que se ahogaron en una presa entre las comunidades de El Rosario y San Miguel Galindo, en San Juan del R\u00edo, Quer\u00e9taro. El tr\u00e1gico incidente ocurri\u00f3 el pasado fin de semana cuando ambos j\u00f3venes ingresaron a nadar en la presa y perdieron la vida.<\/p>\n","protected":false},"author":3,"featured_media":1486,"comment_status":"open","ping_status":"open","sticky":false,"template":"","format":"standard","meta":{"footnotes":""},"categories":[137,58],"tags":[448,154,382,266],"class_list":["post-1484","post","type-post","status-publish","format-standard","has-post-thumbnail","hentry","category-sucesos","category-ultima-hora","tag-prevencionderiesgos","tag-proteccioncivil","tag-sanjuandelrio","tag-seguridadqueretaro"],"yoast_head":"<!-- This site is optimized with the Yoast SEO plugin v25.0 - https:\/\/yoast.com\/wordpress\/plugins\/seo\/ -->\n<title>Localizan el Cuerpo de Joven Ahogado en Presa de San Juan del R\u00edo | Nexo Informativo Santiago de Quer\u00e9taro<\/title>\n<meta name=\"description\" content=\"Localizan el Cuerpo de Joven Ahogado en Presa de San Juan del R\u00edo\" \/>\n<meta name=\"robots\" content=\"index, follow, max-snippet:-1, max-image-preview:large, max-video-preview:-1\" \/>\n<link rel=\"canonical\" href=\"https:\/\/www.nexoinformativo.mx\/index.php\/2024\/09\/03\/localizan-el-cuerpo-de-joven-ahogado-en-presa-de-san-juan-del-rio\/\" \/>\n<meta property=\"og:locale\" content=\"es_MX\" \/>\n<meta property=\"og:type\" content=\"article\" \/>\n<meta property=\"og:title\" content=\"Localizan el Cuerpo de Joven Ahogado en Presa de San Juan del R\u00edo | Nexo Informativo Santiago de Quer\u00e9taro\" \/>\n<meta property=\"og:description\" content=\"Localizan el Cuerpo de Joven Ahogado en Presa de San Juan del R\u00edo\" \/>\n<meta property=\"og:url\" content=\"https:\/\/www.nexoinformativo.mx\/index.php\/2024\/09\/03\/localizan-el-cuerpo-de-joven-ahogado-en-presa-de-san-juan-del-rio\/\" \/>\n<meta property=\"og:site_name\" content=\"Nexo Informativo Santiago de Quer\u00e9taro\" \/>\n<meta property=\"article:publisher\" content=\"https:\/\/www.facebook.com\/people\/Nexo-Informativo\/61564066885511\/\" \/>\n<meta property=\"article:published_time\" content=\"2024-09-03T15:00:00+00:00\" \/>\n<meta property=\"article:modified_time\" content=\"2024-09-03T17:37:01+00:00\" \/>\n<meta property=\"og:image\" content=\"https:\/\/www.nexoinformativo.mx\/wp-content\/uploads\/2024\/09\/unnamed-1-e1725382704428.jpg\" \/>\n\t<meta property=\"og:image:width\" content=\"800\" \/>\n\t<meta property=\"og:image:height\" content=\"536\" \/>\n\t<meta property=\"og:image:type\" content=\"image\/jpeg\" \/>\n<meta name=\"author\" content=\"Nexo Informativo\" \/>\n<meta name=\"twitter:card\" content=\"summary_large_image\" \/>\n<meta name=\"twitter:label1\" content=\"Escrito por\" \/>\n\t<meta name=\"twitter:data1\" content=\"Nexo Informativo\" \/>\n\t<meta name=\"twitter:label2\" content=\"Tiempo de lectura\" \/>\n\t<meta name=\"twitter:data2\" content=\"1 minuto\" \/>\n<script type=\"application\/ld+json\" class=\"yoast-schema-graph\">{\"@context\":\"https:\/\/schema.org\",\"@graph\":[{\"@type\":\"Article\",\"@id\":\"https:\/\/www.nexoinformativo.mx\/index.php\/2024\/09\/03\/localizan-el-cuerpo-de-joven-ahogado-en-presa-de-san-juan-del-rio\/#article\",\"isPartOf\":{\"@id\":\"https:\/\/www.nexoinformativo.mx\/index.php\/2024\/09\/03\/localizan-el-cuerpo-de-joven-ahogado-en-presa-de-san-juan-del-rio\/\"},\"author\":{\"name\":\"Nexo Informativo\",\"@id\":\"https:\/\/www.nexoinformativo.mx\/#\/schema\/person\/7749d380ba08c8ca00d7bc76fd907b7d\"},\"headline\":\"Localizan el Cuerpo de Joven Ahogado en Presa de San Juan del R\u00edo\",\"datePublished\":\"2024-09-03T15:00:00+00:00\",\"dateModified\":\"2024-09-03T17:37:01+00:00\",\"mainEntityOfPage\":{\"@id\":\"https:\/\/www.nexoinformativo.mx\/index.php\/2024\/09\/03\/localizan-el-cuerpo-de-joven-ahogado-en-presa-de-san-juan-del-rio\/\"},\"wordCount\":166,\"commentCount\":0,\"publisher\":{\"@id\":\"https:\/\/www.nexoinformativo.mx\/#organization\"},\"image\":{\"@id\":\"https:\/\/www.nexoinformativo.mx\/index.php\/2024\/09\/03\/localizan-el-cuerpo-de-joven-ahogado-en-presa-de-san-juan-del-rio\/#primaryimage\"},\"thumbnailUrl\":\"https:\/\/www.nexoinformativo.mx\/wp-content\/uploads\/2024\/09\/unnamed-1-e1725382704428.jpg\",\"keywords\":[\"Prevenci\u00f3nDeRiesgos\",\"proteccioncivil\",\"SanJuanDelR\u00edo\",\"SeguridadQueretaro\"],\"articleSection\":[\"Sucesos\",\"\u00daltima Hora\"],\"inLanguage\":\"es\",\"potentialAction\":[{\"@type\":\"CommentAction\",\"name\":\"Comment\",\"target\":[\"https:\/\/www.nexoinformativo.mx\/index.php\/2024\/09\/03\/localizan-el-cuerpo-de-joven-ahogado-en-presa-de-san-juan-del-rio\/#respond\"]}]},{\"@type\":\"WebPage\",\"@id\":\"https:\/\/www.nexoinformativo.mx\/index.php\/2024\/09\/03\/localizan-el-cuerpo-de-joven-ahogado-en-presa-de-san-juan-del-rio\/\",\"url\":\"https:\/\/www.nexoinformativo.mx\/index.php\/2024\/09\/03\/localizan-el-cuerpo-de-joven-ahogado-en-presa-de-san-juan-del-rio\/\",\"name\":\"Localizan el Cuerpo de Joven Ahogado en Presa de San Juan del R\u00edo | Nexo Informativo Santiago de Quer\u00e9taro\",\"isPartOf\":{\"@id\":\"https:\/\/www.nexoinformativo.mx\/#website\"},\"primaryImageOfPage\":{\"@id\":\"https:\/\/www.nexoinformativo.mx\/index.php\/2024\/09\/03\/localizan-el-cuerpo-de-joven-ahogado-en-presa-de-san-juan-del-rio\/#primaryimage\"},\"image\":{\"@id\":\"https:\/\/www.nexoinformativo.mx\/index.php\/2024\/09\/03\/localizan-el-cuerpo-de-joven-ahogado-en-presa-de-san-juan-del-rio\/#primaryimage\"},\"thumbnailUrl\":\"https:\/\/www.nexoinformativo.mx\/wp-content\/uploads\/2024\/09\/unnamed-1-e1725382704428.jpg\",\"datePublished\":\"2024-09-03T15:00:00+00:00\",\"dateModified\":\"2024-09-03T17:37:01+00:00\",\"description\":\"Localizan el Cuerpo de Joven Ahogado en Presa de San Juan del R\u00edo\",\"breadcrumb\":{\"@id\":\"https:\/\/www.nexoinformativo.mx\/index.php\/2024\/09\/03\/localizan-el-cuerpo-de-joven-ahogado-en-presa-de-san-juan-del-rio\/#breadcrumb\"},\"inLanguage\":\"es\",\"potentialAction\":[{\"@type\":\"ReadAction\",\"target\":[\"https:\/\/www.nexoinformativo.mx\/index.php\/2024\/09\/03\/localizan-el-cuerpo-de-joven-ahogado-en-presa-de-san-juan-del-rio\/\"]}]},{\"@type\":\"ImageObject\",\"inLanguage\":\"es\",\"@id\":\"https:\/\/www.nexoinformativo.mx\/index.php\/2024\/09\/03\/localizan-el-cuerpo-de-joven-ahogado-en-presa-de-san-juan-del-rio\/#primaryimage\",\"url\":\"https:\/\/www.nexoinformativo.mx\/wp-content\/uploads\/2024\/09\/unnamed-1-e1725382704428.jpg\",\"contentUrl\":\"https:\/\/www.nexoinformativo.mx\/wp-content\/uploads\/2024\/09\/unnamed-1-e1725382704428.jpg\",\"width\":800,\"height\":536},{\"@type\":\"BreadcrumbList\",\"@id\":\"https:\/\/www.nexoinformativo.mx\/index.php\/2024\/09\/03\/localizan-el-cuerpo-de-joven-ahogado-en-presa-de-san-juan-del-rio\/#breadcrumb\",\"itemListElement\":[{\"@type\":\"ListItem\",\"position\":1,\"name\":\"Inicio\",\"item\":\"https:\/\/www.nexoinformativo.mx\/\"},{\"@type\":\"ListItem\",\"position\":2,\"name\":\"Localizan el Cuerpo de Joven Ahogado en Presa de San Juan del R\u00edo\"}]},{\"@type\":\"WebSite\",\"@id\":\"https:\/\/www.nexoinformativo.mx\/#website\",\"url\":\"https:\/\/www.nexoinformativo.mx\/\",\"name\":\"Nexo Informativo Santiago de Quer\u00e9taro\",\"description\":\"Explora NexoInformativo y convi\u00e9rtete en parte de una comunidad que valora el conocimiento y la verdad. Tu nexoinformativo es tu puente hacia una comprensi\u00f3n m\u00e1s profunda del mundo que te rodea.\",\"publisher\":{\"@id\":\"https:\/\/www.nexoinformativo.mx\/#organization\"},\"potentialAction\":[{\"@type\":\"SearchAction\",\"target\":{\"@type\":\"EntryPoint\",\"urlTemplate\":\"https:\/\/www.nexoinformativo.mx\/?s={search_term_string}\"},\"query-input\":{\"@type\":\"PropertyValueSpecification\",\"valueRequired\":true,\"valueName\":\"search_term_string\"}}],\"inLanguage\":\"es\"},{\"@type\":\"Organization\",\"@id\":\"https:\/\/www.nexoinformativo.mx\/#organization\",\"name\":\"Nexo Informativo Santiago de Quer\u00e9taro\",\"url\":\"https:\/\/www.nexoinformativo.mx\/\",\"logo\":{\"@type\":\"ImageObject\",\"inLanguage\":\"es\",\"@id\":\"https:\/\/www.nexoinformativo.mx\/#\/schema\/logo\/image\/\",\"url\":\"https:\/\/www.nexoinformativo.mx\/wp-content\/uploads\/2024\/07\/nexoi-trasparente-2.png\",\"contentUrl\":\"https:\/\/www.nexoinformativo.mx\/wp-content\/uploads\/2024\/07\/nexoi-trasparente-2.png\",\"width\":816,\"height\":339,\"caption\":\"Nexo Informativo Santiago de Quer\u00e9taro\"},\"image\":{\"@id\":\"https:\/\/www.nexoinformativo.mx\/#\/schema\/logo\/image\/\"},\"sameAs\":[\"https:\/\/www.facebook.com\/people\/Nexo-Informativo\/61564066885511\/\"]},{\"@type\":\"Person\",\"@id\":\"https:\/\/www.nexoinformativo.mx\/#\/schema\/person\/7749d380ba08c8ca00d7bc76fd907b7d\",\"name\":\"Nexo Informativo\",\"image\":{\"@type\":\"ImageObject\",\"inLanguage\":\"es\",\"@id\":\"https:\/\/www.nexoinformativo.mx\/#\/schema\/person\/image\/\",\"url\":\"https:\/\/secure.gravatar.com\/avatar\/dde2928154642a13d95f87ddf1ea9718fe2b46760a005c53e41ff5ad610704e6?s=96&d=mm&r=g\",\"contentUrl\":\"https:\/\/secure.gravatar.com\/avatar\/dde2928154642a13d95f87ddf1ea9718fe2b46760a005c53e41ff5ad610704e6?s=96&d=mm&r=g\",\"caption\":\"Nexo Informativo\"},\"url\":\"https:\/\/www.nexoinformativo.mx\/index.php\/author\/edicion\/\"}]}<\/script>\n<!-- \/ Yoast SEO plugin. -->","yoast_head_json":{"title":"Localizan el Cuerpo de Joven Ahogado en Presa de San Juan del R\u00edo | Nexo Informativo Santiago de Quer\u00e9taro","description":"Localizan el Cuerpo de Joven Ahogado en Presa de San Juan del R\u00edo","robots":{"index":"index","follow":"follow","max-snippet":"max-snippet:-1","max-image-preview":"max-image-preview:large","max-video-preview":"max-video-preview:-1"},"canonical":"https:\/\/www.nexoinformativo.mx\/index.php\/2024\/09\/03\/localizan-el-cuerpo-de-joven-ahogado-en-presa-de-san-juan-del-rio\/","og_locale":"es_MX","og_type":"article","og_title":"Localizan el Cuerpo de Joven Ahogado en Presa de San Juan del R\u00edo | Nexo Informativo Santiago de Quer\u00e9taro","og_description":"Localizan el Cuerpo de Joven Ahogado en Presa de San Juan del R\u00edo","og_url":"https:\/\/www.nexoinformativo.mx\/index.php\/2024\/09\/03\/localizan-el-cuerpo-de-joven-ahogado-en-presa-de-san-juan-del-rio\/","og_site_name":"Nexo Informativo Santiago de Quer\u00e9taro","article_publisher":"https:\/\/www.facebook.com\/people\/Nexo-Informativo\/61564066885511\/","article_published_time":"2024-09-03T15:00:00+00:00","article_modified_time":"2024-09-03T17:37:01+00:00","og_image":[{"width":800,"height":536,"url":"https:\/\/www.nexoinformativo.mx\/wp-content\/uploads\/2024\/09\/unnamed-1-e1725382704428.jpg","type":"image\/jpeg"}],"author":"Nexo Informativo","twitter_card":"summary_large_image","twitter_misc":{"Escrito por":"Nexo Informativo","Tiempo de lectura":"1 minuto"},"schema":{"@context":"https:\/\/schema.org","@graph":[{"@type":"Article","@id":"https:\/\/www.nexoinformativo.mx\/index.php\/2024\/09\/03\/localizan-el-cuerpo-de-joven-ahogado-en-presa-de-san-juan-del-rio\/#article","isPartOf":{"@id":"https:\/\/www.nexoinformativo.mx\/index.php\/2024\/09\/03\/localizan-el-cuerpo-de-joven-ahogado-en-presa-de-san-juan-del-rio\/"},"author":{"name":"Nexo Informativo","@id":"https:\/\/www.nexoinformativo.mx\/#\/schema\/person\/7749d380ba08c8ca00d7bc76fd907b7d"},"headline":"Localizan el Cuerpo de Joven Ahogado en Presa de San Juan del R\u00edo","datePublished":"2024-09-03T15:00:00+00:00","dateModified":"2024-09-03T17:37:01+00:00","mainEntityOfPage":{"@id":"https:\/\/www.nexoinformativo.mx\/index.php\/2024\/09\/03\/localizan-el-cuerpo-de-joven-ahogado-en-presa-de-san-juan-del-rio\/"},"wordCount":166,"commentCount":0,"publisher":{"@id":"https:\/\/www.nexoinformativo.mx\/#organization"},"image":{"@id":"https:\/\/www.nexoinformativo.mx\/index.php\/2024\/09\/03\/localizan-el-cuerpo-de-joven-ahogado-en-presa-de-san-juan-del-rio\/#primaryimage"},"thumbnailUrl":"https:\/\/www.nexoinformativo.mx\/wp-content\/uploads\/2024\/09\/unnamed-1-e1725382704428.jpg","keywords":["Prevenci\u00f3nDeRiesgos","proteccioncivil","SanJuanDelR\u00edo","SeguridadQueretaro"],"articleSection":["Sucesos","\u00daltima Hora"],"inLanguage":"es","potentialAction":[{"@type":"CommentAction","name":"Comment","target":["https:\/\/www.nexoinformativo.mx\/index.php\/2024\/09\/03\/localizan-el-cuerpo-de-joven-ahogado-en-presa-de-san-juan-del-rio\/#respond"]}]},{"@type":"WebPage","@id":"https:\/\/www.nexoinformativo.mx\/index.php\/2024\/09\/03\/localizan-el-cuerpo-de-joven-ahogado-en-presa-de-san-juan-del-rio\/","url":"https:\/\/www.nexoinformativo.mx\/index.php\/2024\/09\/03\/localizan-el-cuerpo-de-joven-ahogado-en-presa-de-san-juan-del-rio\/","name":"Localizan el Cuerpo de Joven Ahogado en Presa de San Juan del R\u00edo | Nexo Informativo Santiago de Quer\u00e9taro","isPartOf":{"@id":"https:\/\/www.nexoinformativo.mx\/#website"},"primaryImageOfPage":{"@id":"https:\/\/www.nexoinformativo.mx\/index.php\/2024\/09\/03\/localizan-el-cuerpo-de-joven-ahogado-en-presa-de-san-juan-del-rio\/#primaryimage"},"image":{"@id":"https:\/\/www.nexoinformativo.mx\/index.php\/2024\/09\/03\/localizan-el-cuerpo-de-joven-ahogado-en-presa-de-san-juan-del-rio\/#primaryimage"},"thumbnailUrl":"https:\/\/www.nexoinformativo.mx\/wp-content\/uploads\/2024\/09\/unnamed-1-e1725382704428.jpg","datePublished":"2024-09-03T15:00:00+00:00","dateModified":"2024-09-03T17:37:01+00:00","description":"Localizan el Cuerpo de Joven Ahogado en Presa de San Juan del R\u00edo","breadcrumb":{"@id":"https:\/\/www.nexoinformativo.mx\/index.php\/2024\/09\/03\/localizan-el-cuerpo-de-joven-ahogado-en-presa-de-san-juan-del-rio\/#breadcrumb"},"inLanguage":"es","potentialAction":[{"@type":"ReadAction","target":["https:\/\/www.nexoinformativo.mx\/index.php\/2024\/09\/03\/localizan-el-cuerpo-de-joven-ahogado-en-presa-de-san-juan-del-rio\/"]}]},{"@type":"ImageObject","inLanguage":"es","@id":"https:\/\/www.nexoinformativo.mx\/index.php\/2024\/09\/03\/localizan-el-cuerpo-de-joven-ahogado-en-presa-de-san-juan-del-rio\/#primaryimage","url":"https:\/\/www.nexoinformativo.mx\/wp-content\/uploads\/2024\/09\/unnamed-1-e1725382704428.jpg","contentUrl":"https:\/\/www.nexoinformativo.mx\/wp-content\/uploads\/2024\/09\/unnamed-1-e1725382704428.jpg","width":800,"height":536},{"@type":"BreadcrumbList","@id":"https:\/\/www.nexoinformativo.mx\/index.php\/2024\/09\/03\/localizan-el-cuerpo-de-joven-ahogado-en-presa-de-san-juan-del-rio\/#breadcrumb","itemListElement":[{"@type":"ListItem","position":1,"name":"Inicio","item":"https:\/\/www.nexoinformativo.mx\/"},{"@type":"ListItem","position":2,"name":"Localizan el Cuerpo de Joven Ahogado en Presa de San Juan del R\u00edo"}]},{"@type":"WebSite","@id":"https:\/\/www.nexoinformativo.mx\/#website","url":"https:\/\/www.nexoinformativo.mx\/","name":"Nexo Informativo Santiago de Quer\u00e9taro","description":"Explora NexoInformativo y convi\u00e9rtete en parte de una comunidad que valora el conocimiento y la verdad. Tu nexoinformativo es tu puente hacia una comprensi\u00f3n m\u00e1s profunda del mundo que te rodea.","publisher":{"@id":"https:\/\/www.nexoinformativo.mx\/#organization"},"potentialAction":[{"@type":"SearchAction","target":{"@type":"EntryPoint","urlTemplate":"https:\/\/www.nexoinformativo.mx\/?s={search_term_string}"},"query-input":{"@type":"PropertyValueSpecification","valueRequired":true,"valueName":"search_term_string"}}],"inLanguage":"es"},{"@type":"Organization","@id":"https:\/\/www.nexoinformativo.mx\/#organization","name":"Nexo Informativo Santiago de Quer\u00e9taro","url":"https:\/\/www.nexoinformativo.mx\/","logo":{"@type":"ImageObject","inLanguage":"es","@id":"https:\/\/www.nexoinformativo.mx\/#\/schema\/logo\/image\/","url":"https:\/\/www.nexoinformativo.mx\/wp-content\/uploads\/2024\/07\/nexoi-trasparente-2.png","contentUrl":"https:\/\/www.nexoinformativo.mx\/wp-content\/uploads\/2024\/07\/nexoi-trasparente-2.png","width":816,"height":339,"caption":"Nexo Informativo Santiago de Quer\u00e9taro"},"image":{"@id":"https:\/\/www.nexoinformativo.mx\/#\/schema\/logo\/image\/"},"sameAs":["https:\/\/www.facebook.com\/people\/Nexo-Informativo\/61564066885511\/"]},{"@type":"Person","@id":"https:\/\/www.nexoinformativo.mx\/#\/schema\/person\/7749d380ba08c8ca00d7bc76fd907b7d","name":"Nexo Informativo","image":{"@type":"ImageObject","inLanguage":"es","@id":"https:\/\/www.nexoinformativo.mx\/#\/schema\/person\/image\/","url":"https:\/\/secure.gravatar.com\/avatar\/dde2928154642a13d95f87ddf1ea9718fe2b46760a005c53e41ff5ad610704e6?s=96&d=mm&r=g","contentUrl":"https:\/\/secure.gravatar.com\/avatar\/dde2928154642a13d95f87ddf1ea9718fe2b46760a005c53e41ff5ad610704e6?s=96&d=mm&r=g","caption":"Nexo Informativo"},"url":"https:\/\/www.nexoinformativo.mx\/index.php\/author\/edicion\/"}]}},"_links":{"self":[{"href":"https:\/\/www.nexoinformativo.mx\/index.php\/wp-json\/wp\/v2\/posts\/1484","targetHints":{"allow":["GET"]}}],"collection":[{"href":"https:\/\/www.nexoinformativo.mx\/index.php\/wp-json\/wp\/v2\/posts"}],"about":[{"href":"https:\/\/www.nexoinformativo.mx\/index.php\/wp-json\/wp\/v2\/types\/post"}],"author":[{"embeddable":true,"href":"https:\/\/www.nexoinformativo.mx\/index.php\/wp-json\/wp\/v2\/users\/3"}],"replies":[{"embeddable":true,"href":"https:\/\/www.nexoinformativo.mx\/index.php\/wp-json\/wp\/v2\/comments?post=1484"}],"version-history":[{"count":4,"href":"https:\/\/www.nexoinformativo.mx\/index.php\/wp-json\/wp\/v2\/posts\/1484\/revisions"}],"predecessor-version":[{"id":1516,"href":"https:\/\/www.nexoinformativo.mx\/index.php\/wp-json\/wp\/v2\/posts\/1484\/revisions\/1516"}],"wp:featuredmedia":[{"embeddable":true,"href":"https:\/\/www.nexoinformativo.mx\/index.php\/wp-json\/wp\/v2\/media\/1486"}],"wp:attachment":[{"href":"https:\/\/www.nexoinformativo.mx\/index.php\/wp-json\/wp\/v2\/media?parent=1484"}],"wp:term":[{"taxonomy":"category","embeddable":true,"href":"https:\/\/www.nexoinformativo.mx\/index.php\/wp-json\/wp\/v2\/categories?post=1484"},{"taxonomy":"post_tag","embeddable":true,"href":"https:\/\/www.nexoinformativo.mx\/index.php\/wp-json\/wp\/v2\/tags?post=1484"}],"curies":[{"name":"wp","href":"https:\/\/api.w.org\/{rel}","templated":true}]}}