{"id":1485,"date":"2024-09-03T07:00:25","date_gmt":"2024-09-03T13:00:25","guid":{"rendered":"https:\/\/www.nexoinformativo.mx\/?p=1485"},"modified":"2024-09-03T11:57:56","modified_gmt":"2024-09-03T17:57:56","slug":"tres-detenidos-por-portacion-de-armas-de-fuego-tras-persecucion-policial-en-queretaro","status":"publish","type":"post","link":"https:\/\/www.nexoinformativo.mx\/index.php\/2024\/09\/03\/tres-detenidos-por-portacion-de-armas-de-fuego-tras-persecucion-policial-en-queretaro\/","title":{"rendered":"Tres detenidos por portaci\u00f3n de armas de fuego tras persecuci\u00f3n policial en Quer\u00e9taro"},"content":{"rendered":"<p style=\"text-align: justify;\">Un operativo estrat\u00e9gico implementado tras un reporte de detonaciones de arma de fuego en Quer\u00e9taro result\u00f3 en la detenci\u00f3n de tres personas por el delito de portaci\u00f3n de armas de fuego y uno m\u00e1s por falta administrativa. La detenci\u00f3n se logr\u00f3 luego de una intensa persecuci\u00f3n que culmin\u00f3 en la Carretera Estatal 200, cerca de Los H\u00e9roes.<\/p>\n<p>&nbsp;<\/p>\n<p style=\"text-align: justify;\"><strong>Persecuci\u00f3n y Detenci\u00f3n<\/strong><\/p>\n<p style=\"text-align: justify;\">El operativo comenz\u00f3 cuando un veh\u00edculo fue detectado circulando a exceso de velocidad, lo que motiv\u00f3 a las autoridades a marcarle el alto. Sin embargo, los ocupantes del veh\u00edculo ignoraron la indicaci\u00f3n y emprendieron la huida, lo que desat\u00f3 una persecuci\u00f3n por parte de las fuerzas del orden. Gracias a una maniobra policial, el veh\u00edculo fue interceptado en la Carretera Estatal 200.<\/p>\n<p>&nbsp;<\/p>\n<p style=\"text-align: justify;\"><strong>Portaci\u00f3n Ilegal de Armas de Fuego<\/strong><\/p>\n<p style=\"text-align: justify;\">Dentro del veh\u00edculo viajaban cuatro hombres. Durante la inspecci\u00f3n, se descubri\u00f3 que tres de ellos portaban armas de fuego y ten\u00edan en su poder 19 cartuchos \u00fatiles. Por tal motivo, estos tres individuos fueron detenidos y puestos a disposici\u00f3n de la Fiscal\u00eda General de la Rep\u00fablica (FGR) para que se determine su situaci\u00f3n jur\u00eddica.<\/p>\n<p>&nbsp;<\/p>\n<p style=\"text-align: justify;\"><strong>Trabajo Coordinado para la Seguridad<\/strong><\/p>\n<p style=\"text-align: justify;\">Este operativo es un ejemplo del trabajo coordinado entre las autoridades de seguridad para proteger a la ciudadan\u00eda y mantener la paz en el estado. La r\u00e1pida reacci\u00f3n y la estrategia de las fuerzas del orden permitieron la detenci\u00f3n de estas personas, evitando as\u00ed posibles situaciones de riesgo en la comunidad.<\/p>\n","protected":false},"excerpt":{"rendered":"<p>Un operativo estrat\u00e9gico implementado tras un reporte de detonaciones de arma de fuego en Quer\u00e9taro result\u00f3 en la detenci\u00f3n de tres personas por el delito de portaci\u00f3n de armas de fuego y uno m\u00e1s por falta administrativa. La detenci\u00f3n se logr\u00f3 luego de una intensa persecuci\u00f3n que culmin\u00f3 en la Carretera Estatal 200, cerca de Los H\u00e9roes.<\/p>\n","protected":false},"author":3,"featured_media":1488,"comment_status":"open","ping_status":"open","sticky":false,"template":"","format":"standard","meta":{"footnotes":""},"categories":[137,58],"tags":[306,241,447,242,266],"class_list":["post-1485","post","type-post","status-publish","format-standard","has-post-thumbnail","hentry","category-sucesos","category-ultima-hora","tag-justiciaenaccion","tag-operativopolicial","tag-proteccionciudadana","tag-queretaroseguro","tag-seguridadqueretaro"],"yoast_head":"<!-- This site is optimized with the Yoast SEO plugin v25.0 - https:\/\/yoast.com\/wordpress\/plugins\/seo\/ -->\n<title>Tres detenidos por portaci\u00f3n de armas de fuego tras persecuci\u00f3n policial en Quer\u00e9taro | Nexo Informativo Santiago de Quer\u00e9taro<\/title>\n<meta name=\"description\" content=\"Tres detenidos por portaci\u00f3n de armas de fuego tras persecuci\u00f3n policial en Quer\u00e9taro\" \/>\n<meta name=\"robots\" content=\"index, follow, max-snippet:-1, max-image-preview:large, max-video-preview:-1\" \/>\n<link rel=\"canonical\" href=\"https:\/\/www.nexoinformativo.mx\/index.php\/2024\/09\/03\/tres-detenidos-por-portacion-de-armas-de-fuego-tras-persecucion-policial-en-queretaro\/\" \/>\n<meta property=\"og:locale\" content=\"es_MX\" \/>\n<meta property=\"og:type\" content=\"article\" \/>\n<meta property=\"og:title\" content=\"Tres detenidos por portaci\u00f3n de armas de fuego tras persecuci\u00f3n policial en Quer\u00e9taro | Nexo Informativo Santiago de Quer\u00e9taro\" \/>\n<meta property=\"og:description\" content=\"Tres detenidos por portaci\u00f3n de armas de fuego tras persecuci\u00f3n policial en Quer\u00e9taro\" \/>\n<meta property=\"og:url\" content=\"https:\/\/www.nexoinformativo.mx\/index.php\/2024\/09\/03\/tres-detenidos-por-portacion-de-armas-de-fuego-tras-persecucion-policial-en-queretaro\/\" \/>\n<meta property=\"og:site_name\" content=\"Nexo Informativo Santiago de Quer\u00e9taro\" \/>\n<meta property=\"article:publisher\" content=\"https:\/\/www.facebook.com\/people\/Nexo-Informativo\/61564066885511\/\" \/>\n<meta property=\"article:published_time\" content=\"2024-09-03T13:00:25+00:00\" \/>\n<meta property=\"article:modified_time\" content=\"2024-09-03T17:57:56+00:00\" \/>\n<meta property=\"og:image\" content=\"https:\/\/www.nexoinformativo.mx\/wp-content\/uploads\/2024\/09\/IMG_6338-e1725383109669.jpg\" \/>\n\t<meta property=\"og:image:width\" content=\"800\" \/>\n\t<meta property=\"og:image:height\" content=\"453\" \/>\n\t<meta property=\"og:image:type\" content=\"image\/jpeg\" \/>\n<meta name=\"author\" content=\"Nexo Informativo\" \/>\n<meta name=\"twitter:card\" content=\"summary_large_image\" \/>\n<meta name=\"twitter:label1\" content=\"Escrito por\" \/>\n\t<meta name=\"twitter:data1\" content=\"Nexo Informativo\" \/>\n\t<meta name=\"twitter:label2\" content=\"Tiempo de lectura\" \/>\n\t<meta name=\"twitter:data2\" content=\"2 minutos\" \/>\n<script type=\"application\/ld+json\" class=\"yoast-schema-graph\">{\"@context\":\"https:\/\/schema.org\",\"@graph\":[{\"@type\":\"Article\",\"@id\":\"https:\/\/www.nexoinformativo.mx\/index.php\/2024\/09\/03\/tres-detenidos-por-portacion-de-armas-de-fuego-tras-persecucion-policial-en-queretaro\/#article\",\"isPartOf\":{\"@id\":\"https:\/\/www.nexoinformativo.mx\/index.php\/2024\/09\/03\/tres-detenidos-por-portacion-de-armas-de-fuego-tras-persecucion-policial-en-queretaro\/\"},\"author\":{\"name\":\"Nexo Informativo\",\"@id\":\"https:\/\/www.nexoinformativo.mx\/#\/schema\/person\/7749d380ba08c8ca00d7bc76fd907b7d\"},\"headline\":\"Tres detenidos por portaci\u00f3n de armas de fuego tras persecuci\u00f3n policial en Quer\u00e9taro\",\"datePublished\":\"2024-09-03T13:00:25+00:00\",\"dateModified\":\"2024-09-03T17:57:56+00:00\",\"mainEntityOfPage\":{\"@id\":\"https:\/\/www.nexoinformativo.mx\/index.php\/2024\/09\/03\/tres-detenidos-por-portacion-de-armas-de-fuego-tras-persecucion-policial-en-queretaro\/\"},\"wordCount\":282,\"commentCount\":0,\"publisher\":{\"@id\":\"https:\/\/www.nexoinformativo.mx\/#organization\"},\"image\":{\"@id\":\"https:\/\/www.nexoinformativo.mx\/index.php\/2024\/09\/03\/tres-detenidos-por-portacion-de-armas-de-fuego-tras-persecucion-policial-en-queretaro\/#primaryimage\"},\"thumbnailUrl\":\"https:\/\/www.nexoinformativo.mx\/wp-content\/uploads\/2024\/09\/IMG_6338-e1725383109669.jpg\",\"keywords\":[\"JusticiaEnAcci\u00f3n\",\"OperativoPolicial\",\"Protecci\u00f3nCiudadana\",\"QueretaroSeguro\",\"SeguridadQueretaro\"],\"articleSection\":[\"Sucesos\",\"\u00daltima Hora\"],\"inLanguage\":\"es\",\"potentialAction\":[{\"@type\":\"CommentAction\",\"name\":\"Comment\",\"target\":[\"https:\/\/www.nexoinformativo.mx\/index.php\/2024\/09\/03\/tres-detenidos-por-portacion-de-armas-de-fuego-tras-persecucion-policial-en-queretaro\/#respond\"]}]},{\"@type\":\"WebPage\",\"@id\":\"https:\/\/www.nexoinformativo.mx\/index.php\/2024\/09\/03\/tres-detenidos-por-portacion-de-armas-de-fuego-tras-persecucion-policial-en-queretaro\/\",\"url\":\"https:\/\/www.nexoinformativo.mx\/index.php\/2024\/09\/03\/tres-detenidos-por-portacion-de-armas-de-fuego-tras-persecucion-policial-en-queretaro\/\",\"name\":\"Tres detenidos por portaci\u00f3n de armas de fuego tras persecuci\u00f3n policial en Quer\u00e9taro | Nexo Informativo Santiago de Quer\u00e9taro\",\"isPartOf\":{\"@id\":\"https:\/\/www.nexoinformativo.mx\/#website\"},\"primaryImageOfPage\":{\"@id\":\"https:\/\/www.nexoinformativo.mx\/index.php\/2024\/09\/03\/tres-detenidos-por-portacion-de-armas-de-fuego-tras-persecucion-policial-en-queretaro\/#primaryimage\"},\"image\":{\"@id\":\"https:\/\/www.nexoinformativo.mx\/index.php\/2024\/09\/03\/tres-detenidos-por-portacion-de-armas-de-fuego-tras-persecucion-policial-en-queretaro\/#primaryimage\"},\"thumbnailUrl\":\"https:\/\/www.nexoinformativo.mx\/wp-content\/uploads\/2024\/09\/IMG_6338-e1725383109669.jpg\",\"datePublished\":\"2024-09-03T13:00:25+00:00\",\"dateModified\":\"2024-09-03T17:57:56+00:00\",\"description\":\"Tres detenidos por portaci\u00f3n de armas de fuego tras persecuci\u00f3n policial en Quer\u00e9taro\",\"breadcrumb\":{\"@id\":\"https:\/\/www.nexoinformativo.mx\/index.php\/2024\/09\/03\/tres-detenidos-por-portacion-de-armas-de-fuego-tras-persecucion-policial-en-queretaro\/#breadcrumb\"},\"inLanguage\":\"es\",\"potentialAction\":[{\"@type\":\"ReadAction\",\"target\":[\"https:\/\/www.nexoinformativo.mx\/index.php\/2024\/09\/03\/tres-detenidos-por-portacion-de-armas-de-fuego-tras-persecucion-policial-en-queretaro\/\"]}]},{\"@type\":\"ImageObject\",\"inLanguage\":\"es\",\"@id\":\"https:\/\/www.nexoinformativo.mx\/index.php\/2024\/09\/03\/tres-detenidos-por-portacion-de-armas-de-fuego-tras-persecucion-policial-en-queretaro\/#primaryimage\",\"url\":\"https:\/\/www.nexoinformativo.mx\/wp-content\/uploads\/2024\/09\/IMG_6338-e1725383109669.jpg\",\"contentUrl\":\"https:\/\/www.nexoinformativo.mx\/wp-content\/uploads\/2024\/09\/IMG_6338-e1725383109669.jpg\",\"width\":800,\"height\":453,\"caption\":\"Screenshot\"},{\"@type\":\"BreadcrumbList\",\"@id\":\"https:\/\/www.nexoinformativo.mx\/index.php\/2024\/09\/03\/tres-detenidos-por-portacion-de-armas-de-fuego-tras-persecucion-policial-en-queretaro\/#breadcrumb\",\"itemListElement\":[{\"@type\":\"ListItem\",\"position\":1,\"name\":\"Inicio\",\"item\":\"https:\/\/www.nexoinformativo.mx\/\"},{\"@type\":\"ListItem\",\"position\":2,\"name\":\"Tres detenidos por portaci\u00f3n de armas de fuego tras persecuci\u00f3n policial en Quer\u00e9taro\"}]},{\"@type\":\"WebSite\",\"@id\":\"https:\/\/www.nexoinformativo.mx\/#website\",\"url\":\"https:\/\/www.nexoinformativo.mx\/\",\"name\":\"Nexo Informativo Santiago de Quer\u00e9taro\",\"description\":\"Explora NexoInformativo y convi\u00e9rtete en parte de una comunidad que valora el conocimiento y la verdad. Tu nexoinformativo es tu puente hacia una comprensi\u00f3n m\u00e1s profunda del mundo que te rodea.\",\"publisher\":{\"@id\":\"https:\/\/www.nexoinformativo.mx\/#organization\"},\"potentialAction\":[{\"@type\":\"SearchAction\",\"target\":{\"@type\":\"EntryPoint\",\"urlTemplate\":\"https:\/\/www.nexoinformativo.mx\/?s={search_term_string}\"},\"query-input\":{\"@type\":\"PropertyValueSpecification\",\"valueRequired\":true,\"valueName\":\"search_term_string\"}}],\"inLanguage\":\"es\"},{\"@type\":\"Organization\",\"@id\":\"https:\/\/www.nexoinformativo.mx\/#organization\",\"name\":\"Nexo Informativo Santiago de Quer\u00e9taro\",\"url\":\"https:\/\/www.nexoinformativo.mx\/\",\"logo\":{\"@type\":\"ImageObject\",\"inLanguage\":\"es\",\"@id\":\"https:\/\/www.nexoinformativo.mx\/#\/schema\/logo\/image\/\",\"url\":\"https:\/\/www.nexoinformativo.mx\/wp-content\/uploads\/2024\/07\/nexoi-trasparente-2.png\",\"contentUrl\":\"https:\/\/www.nexoinformativo.mx\/wp-content\/uploads\/2024\/07\/nexoi-trasparente-2.png\",\"width\":816,\"height\":339,\"caption\":\"Nexo Informativo Santiago de Quer\u00e9taro\"},\"image\":{\"@id\":\"https:\/\/www.nexoinformativo.mx\/#\/schema\/logo\/image\/\"},\"sameAs\":[\"https:\/\/www.facebook.com\/people\/Nexo-Informativo\/61564066885511\/\"]},{\"@type\":\"Person\",\"@id\":\"https:\/\/www.nexoinformativo.mx\/#\/schema\/person\/7749d380ba08c8ca00d7bc76fd907b7d\",\"name\":\"Nexo Informativo\",\"image\":{\"@type\":\"ImageObject\",\"inLanguage\":\"es\",\"@id\":\"https:\/\/www.nexoinformativo.mx\/#\/schema\/person\/image\/\",\"url\":\"https:\/\/secure.gravatar.com\/avatar\/dde2928154642a13d95f87ddf1ea9718fe2b46760a005c53e41ff5ad610704e6?s=96&d=mm&r=g\",\"contentUrl\":\"https:\/\/secure.gravatar.com\/avatar\/dde2928154642a13d95f87ddf1ea9718fe2b46760a005c53e41ff5ad610704e6?s=96&d=mm&r=g\",\"caption\":\"Nexo Informativo\"},\"url\":\"https:\/\/www.nexoinformativo.mx\/index.php\/author\/edicion\/\"}]}<\/script>\n<!-- \/ Yoast SEO plugin. -->","yoast_head_json":{"title":"Tres detenidos por portaci\u00f3n de armas de fuego tras persecuci\u00f3n policial en Quer\u00e9taro | Nexo Informativo Santiago de Quer\u00e9taro","description":"Tres detenidos por portaci\u00f3n de armas de fuego tras persecuci\u00f3n policial en Quer\u00e9taro","robots":{"index":"index","follow":"follow","max-snippet":"max-snippet:-1","max-image-preview":"max-image-preview:large","max-video-preview":"max-video-preview:-1"},"canonical":"https:\/\/www.nexoinformativo.mx\/index.php\/2024\/09\/03\/tres-detenidos-por-portacion-de-armas-de-fuego-tras-persecucion-policial-en-queretaro\/","og_locale":"es_MX","og_type":"article","og_title":"Tres detenidos por portaci\u00f3n de armas de fuego tras persecuci\u00f3n policial en Quer\u00e9taro | Nexo Informativo Santiago de Quer\u00e9taro","og_description":"Tres detenidos por portaci\u00f3n de armas de fuego tras persecuci\u00f3n policial en Quer\u00e9taro","og_url":"https:\/\/www.nexoinformativo.mx\/index.php\/2024\/09\/03\/tres-detenidos-por-portacion-de-armas-de-fuego-tras-persecucion-policial-en-queretaro\/","og_site_name":"Nexo Informativo Santiago de Quer\u00e9taro","article_publisher":"https:\/\/www.facebook.com\/people\/Nexo-Informativo\/61564066885511\/","article_published_time":"2024-09-03T13:00:25+00:00","article_modified_time":"2024-09-03T17:57:56+00:00","og_image":[{"width":800,"height":453,"url":"https:\/\/www.nexoinformativo.mx\/wp-content\/uploads\/2024\/09\/IMG_6338-e1725383109669.jpg","type":"image\/jpeg"}],"author":"Nexo Informativo","twitter_card":"summary_large_image","twitter_misc":{"Escrito por":"Nexo Informativo","Tiempo de lectura":"2 minutos"},"schema":{"@context":"https:\/\/schema.org","@graph":[{"@type":"Article","@id":"https:\/\/www.nexoinformativo.mx\/index.php\/2024\/09\/03\/tres-detenidos-por-portacion-de-armas-de-fuego-tras-persecucion-policial-en-queretaro\/#article","isPartOf":{"@id":"https:\/\/www.nexoinformativo.mx\/index.php\/2024\/09\/03\/tres-detenidos-por-portacion-de-armas-de-fuego-tras-persecucion-policial-en-queretaro\/"},"author":{"name":"Nexo Informativo","@id":"https:\/\/www.nexoinformativo.mx\/#\/schema\/person\/7749d380ba08c8ca00d7bc76fd907b7d"},"headline":"Tres detenidos por portaci\u00f3n de armas de fuego tras persecuci\u00f3n policial en Quer\u00e9taro","datePublished":"2024-09-03T13:00:25+00:00","dateModified":"2024-09-03T17:57:56+00:00","mainEntityOfPage":{"@id":"https:\/\/www.nexoinformativo.mx\/index.php\/2024\/09\/03\/tres-detenidos-por-portacion-de-armas-de-fuego-tras-persecucion-policial-en-queretaro\/"},"wordCount":282,"commentCount":0,"publisher":{"@id":"https:\/\/www.nexoinformativo.mx\/#organization"},"image":{"@id":"https:\/\/www.nexoinformativo.mx\/index.php\/2024\/09\/03\/tres-detenidos-por-portacion-de-armas-de-fuego-tras-persecucion-policial-en-queretaro\/#primaryimage"},"thumbnailUrl":"https:\/\/www.nexoinformativo.mx\/wp-content\/uploads\/2024\/09\/IMG_6338-e1725383109669.jpg","keywords":["JusticiaEnAcci\u00f3n","OperativoPolicial","Protecci\u00f3nCiudadana","QueretaroSeguro","SeguridadQueretaro"],"articleSection":["Sucesos","\u00daltima Hora"],"inLanguage":"es","potentialAction":[{"@type":"CommentAction","name":"Comment","target":["https:\/\/www.nexoinformativo.mx\/index.php\/2024\/09\/03\/tres-detenidos-por-portacion-de-armas-de-fuego-tras-persecucion-policial-en-queretaro\/#respond"]}]},{"@type":"WebPage","@id":"https:\/\/www.nexoinformativo.mx\/index.php\/2024\/09\/03\/tres-detenidos-por-portacion-de-armas-de-fuego-tras-persecucion-policial-en-queretaro\/","url":"https:\/\/www.nexoinformativo.mx\/index.php\/2024\/09\/03\/tres-detenidos-por-portacion-de-armas-de-fuego-tras-persecucion-policial-en-queretaro\/","name":"Tres detenidos por portaci\u00f3n de armas de fuego tras persecuci\u00f3n policial en Quer\u00e9taro | Nexo Informativo Santiago de Quer\u00e9taro","isPartOf":{"@id":"https:\/\/www.nexoinformativo.mx\/#website"},"primaryImageOfPage":{"@id":"https:\/\/www.nexoinformativo.mx\/index.php\/2024\/09\/03\/tres-detenidos-por-portacion-de-armas-de-fuego-tras-persecucion-policial-en-queretaro\/#primaryimage"},"image":{"@id":"https:\/\/www.nexoinformativo.mx\/index.php\/2024\/09\/03\/tres-detenidos-por-portacion-de-armas-de-fuego-tras-persecucion-policial-en-queretaro\/#primaryimage"},"thumbnailUrl":"https:\/\/www.nexoinformativo.mx\/wp-content\/uploads\/2024\/09\/IMG_6338-e1725383109669.jpg","datePublished":"2024-09-03T13:00:25+00:00","dateModified":"2024-09-03T17:57:56+00:00","description":"Tres detenidos por portaci\u00f3n de armas de fuego tras persecuci\u00f3n policial en Quer\u00e9taro","breadcrumb":{"@id":"https:\/\/www.nexoinformativo.mx\/index.php\/2024\/09\/03\/tres-detenidos-por-portacion-de-armas-de-fuego-tras-persecucion-policial-en-queretaro\/#breadcrumb"},"inLanguage":"es","potentialAction":[{"@type":"ReadAction","target":["https:\/\/www.nexoinformativo.mx\/index.php\/2024\/09\/03\/tres-detenidos-por-portacion-de-armas-de-fuego-tras-persecucion-policial-en-queretaro\/"]}]},{"@type":"ImageObject","inLanguage":"es","@id":"https:\/\/www.nexoinformativo.mx\/index.php\/2024\/09\/03\/tres-detenidos-por-portacion-de-armas-de-fuego-tras-persecucion-policial-en-queretaro\/#primaryimage","url":"https:\/\/www.nexoinformativo.mx\/wp-content\/uploads\/2024\/09\/IMG_6338-e1725383109669.jpg","contentUrl":"https:\/\/www.nexoinformativo.mx\/wp-content\/uploads\/2024\/09\/IMG_6338-e1725383109669.jpg","width":800,"height":453,"caption":"Screenshot"},{"@type":"BreadcrumbList","@id":"https:\/\/www.nexoinformativo.mx\/index.php\/2024\/09\/03\/tres-detenidos-por-portacion-de-armas-de-fuego-tras-persecucion-policial-en-queretaro\/#breadcrumb","itemListElement":[{"@type":"ListItem","position":1,"name":"Inicio","item":"https:\/\/www.nexoinformativo.mx\/"},{"@type":"ListItem","position":2,"name":"Tres detenidos por portaci\u00f3n de armas de fuego tras persecuci\u00f3n policial en Quer\u00e9taro"}]},{"@type":"WebSite","@id":"https:\/\/www.nexoinformativo.mx\/#website","url":"https:\/\/www.nexoinformativo.mx\/","name":"Nexo Informativo Santiago de Quer\u00e9taro","description":"Explora NexoInformativo y convi\u00e9rtete en parte de una comunidad que valora el conocimiento y la verdad. Tu nexoinformativo es tu puente hacia una comprensi\u00f3n m\u00e1s profunda del mundo que te rodea.","publisher":{"@id":"https:\/\/www.nexoinformativo.mx\/#organization"},"potentialAction":[{"@type":"SearchAction","target":{"@type":"EntryPoint","urlTemplate":"https:\/\/www.nexoinformativo.mx\/?s={search_term_string}"},"query-input":{"@type":"PropertyValueSpecification","valueRequired":true,"valueName":"search_term_string"}}],"inLanguage":"es"},{"@type":"Organization","@id":"https:\/\/www.nexoinformativo.mx\/#organization","name":"Nexo Informativo Santiago de Quer\u00e9taro","url":"https:\/\/www.nexoinformativo.mx\/","logo":{"@type":"ImageObject","inLanguage":"es","@id":"https:\/\/www.nexoinformativo.mx\/#\/schema\/logo\/image\/","url":"https:\/\/www.nexoinformativo.mx\/wp-content\/uploads\/2024\/07\/nexoi-trasparente-2.png","contentUrl":"https:\/\/www.nexoinformativo.mx\/wp-content\/uploads\/2024\/07\/nexoi-trasparente-2.png","width":816,"height":339,"caption":"Nexo Informativo Santiago de Quer\u00e9taro"},"image":{"@id":"https:\/\/www.nexoinformativo.mx\/#\/schema\/logo\/image\/"},"sameAs":["https:\/\/www.facebook.com\/people\/Nexo-Informativo\/61564066885511\/"]},{"@type":"Person","@id":"https:\/\/www.nexoinformativo.mx\/#\/schema\/person\/7749d380ba08c8ca00d7bc76fd907b7d","name":"Nexo Informativo","image":{"@type":"ImageObject","inLanguage":"es","@id":"https:\/\/www.nexoinformativo.mx\/#\/schema\/person\/image\/","url":"https:\/\/secure.gravatar.com\/avatar\/dde2928154642a13d95f87ddf1ea9718fe2b46760a005c53e41ff5ad610704e6?s=96&d=mm&r=g","contentUrl":"https:\/\/secure.gravatar.com\/avatar\/dde2928154642a13d95f87ddf1ea9718fe2b46760a005c53e41ff5ad610704e6?s=96&d=mm&r=g","caption":"Nexo Informativo"},"url":"https:\/\/www.nexoinformativo.mx\/index.php\/author\/edicion\/"}]}},"_links":{"self":[{"href":"https:\/\/www.nexoinformativo.mx\/index.php\/wp-json\/wp\/v2\/posts\/1485","targetHints":{"allow":["GET"]}}],"collection":[{"href":"https:\/\/www.nexoinformativo.mx\/index.php\/wp-json\/wp\/v2\/posts"}],"about":[{"href":"https:\/\/www.nexoinformativo.mx\/index.php\/wp-json\/wp\/v2\/types\/post"}],"author":[{"embeddable":true,"href":"https:\/\/www.nexoinformativo.mx\/index.php\/wp-json\/wp\/v2\/users\/3"}],"replies":[{"embeddable":true,"href":"https:\/\/www.nexoinformativo.mx\/index.php\/wp-json\/wp\/v2\/comments?post=1485"}],"version-history":[{"count":3,"href":"https:\/\/www.nexoinformativo.mx\/index.php\/wp-json\/wp\/v2\/posts\/1485\/revisions"}],"predecessor-version":[{"id":1519,"href":"https:\/\/www.nexoinformativo.mx\/index.php\/wp-json\/wp\/v2\/posts\/1485\/revisions\/1519"}],"wp:featuredmedia":[{"embeddable":true,"href":"https:\/\/www.nexoinformativo.mx\/index.php\/wp-json\/wp\/v2\/media\/1488"}],"wp:attachment":[{"href":"https:\/\/www.nexoinformativo.mx\/index.php\/wp-json\/wp\/v2\/media?parent=1485"}],"wp:term":[{"taxonomy":"category","embeddable":true,"href":"https:\/\/www.nexoinformativo.mx\/index.php\/wp-json\/wp\/v2\/categories?post=1485"},{"taxonomy":"post_tag","embeddable":true,"href":"https:\/\/www.nexoinformativo.mx\/index.php\/wp-json\/wp\/v2\/tags?post=1485"}],"curies":[{"name":"wp","href":"https:\/\/api.w.org\/{rel}","templated":true}]}}