{"id":14855,"date":"2025-05-09T07:00:19","date_gmt":"2025-05-09T13:00:19","guid":{"rendered":"https:\/\/www.nexoinformativo.mx\/?p=14855"},"modified":"2025-05-09T13:09:10","modified_gmt":"2025-05-09T19:09:10","slug":"mexico-baja-la-violencia-sheinbaum-reporta-21-homicidios-menos-al-dia-en-siete-meses","status":"publish","type":"post","link":"https:\/\/www.nexoinformativo.mx\/index.php\/2025\/05\/09\/mexico-baja-la-violencia-sheinbaum-reporta-21-homicidios-menos-al-dia-en-siete-meses\/","title":{"rendered":"M\u00e9xico baja la violencia Sheinbaum reporta 21 Homicidios menos al d\u00eda en siete meses"},"content":{"rendered":"<p style=\"text-align: justify;\" data-sourcepos=\"3:1-3:522\"><span class=\"citation-0 recitation citation-end-0\">La Presidenta Claudia Sheinbaum anunci\u00f3 una significativa reducci\u00f3n del 25% en los homicidios dolosos en los primeros siete meses de su administraci\u00f3n.<\/span><\/p>\n<\/p>\n<p>&nbsp;<\/p>\n<p style=\"text-align: justify;\" data-sourcepos=\"3:1-3:522\">Gracias a la implementaci\u00f3n de la Estrategia Nacional de Seguridad (ENS) y una coordinaci\u00f3n sin precedentes en todo el pa\u00eds, se ha logrado disminuir el promedio diario de 86.9 homicidios en septiembre de 2024 a 65.3 en abril de 2025, lo que representa 21 homicidios menos cada d\u00eda.<\/p>\n<\/p>\n<p>&nbsp;<\/p>\n<p style=\"text-align: justify;\" data-sourcepos=\"3:1-3:522\">&#8220;Es un esfuerzo de coordinaci\u00f3n de todo el pa\u00eds evidentemente, resultado de la Estrategia de Seguridad, atenci\u00f3n a las causas, fortalecimiento de la Guardia Nacional, fortalecimiento de la inteligencia y la investigaci\u00f3n, y la coordinaci\u00f3n de todas las \u00e1reas&#8221;, enfatiz\u00f3 la Presidenta.<\/p>\n<\/p>\n<p>&nbsp;<\/p>\n<p style=\"text-align: justify;\" data-sourcepos=\"7:1-7:362\">La titular del Secretariado Ejecutivo del Sistema Nacional de Seguridad P\u00fablica (SESNSP), Marcela Figueroa Franco, destac\u00f3 que abril de 2025 se ha convertido en el abril con el promedio diario m\u00e1s bajo de homicidios dolosos desde 2016.Adem\u00e1s, se ha registrado una reducci\u00f3n del 33.3% desde abril de 2020 y del 27.3% en el promedio anual desde 2018.<\/p>\n<\/p>\n<p>&nbsp;<\/p>\n<p style=\"text-align: justify;\" data-sourcepos=\"7:1-7:362\">Figueroa Franco se\u00f1al\u00f3 que el 52.1% de los homicidios dolosos se concentran en siete estados, pero resalt\u00f3 la notable disminuci\u00f3n en Guanajuato, donde se redujo el promedio diario en un 48.9% entre febrero y abril de 2025, lo que significa seis homicidios menos al d\u00eda.<\/p>\n<\/p>\n<p>&nbsp;<\/p>\n<p style=\"text-align: justify;\" data-sourcepos=\"11:1-11:343\">El secretario de Seguridad y Protecci\u00f3n Ciudadana, Omar Garc\u00eda Harfuch, inform\u00f3 que se han detenido a m\u00e1s de 20 mil personas por delitos de alto impacto, se han asegurado 154 toneladas de droga y m\u00e1s de 10 mil armas de fuego.<\/p>\n<\/p>\n<p>&nbsp;<\/p>\n<p style=\"text-align: justify;\" data-sourcepos=\"13:1-13:215\">La secretaria de Gobernaci\u00f3n, Rosa Icela Rodr\u00edguez Vel\u00e1zquez, destac\u00f3 las acciones de prevenci\u00f3n y atenci\u00f3n a las causas de la violencia, incluyendo las Jornadas de la Paz y el programa &#8220;S\u00ed al desarme, S\u00ed a la Paz&#8221;.<\/p>\n<\/p>\n<p>&nbsp;<\/p>\n<p style=\"text-align: justify;\" data-sourcepos=\"15:1-15:312\">Sin embargo, Garc\u00eda Harfuch tambi\u00e9n denunci\u00f3 la liberaci\u00f3n de delincuentes por parte de jueces, se\u00f1alando 193 determinaciones judiciales que favorecieron a presuntos criminales.<\/p>\n<\/p>\n<p>&nbsp;<\/p>\n<p style=\"text-align: justify;\" data-sourcepos=\"15:1-15:312\">La Presidenta Sheinbaum critic\u00f3 estas liberaciones y asegur\u00f3 que la elecci\u00f3n del Poder Judicial el 1 de junio cambiar\u00e1 esta situaci\u00f3n.<\/p>\n<\/p>\n<p>&nbsp;<\/p>\n<p style=\"text-align: center;\" data-sourcepos=\"15:1-15:312\"><em><strong>\u00a1Informaci\u00f3n que transforma!<\/strong><\/em><\/p>\n","protected":false},"excerpt":{"rendered":"<p>La Presidenta Claudia Sheinbaum anunci\u00f3 una significativa reducci\u00f3n del 25% en los homicidios dolosos en los primeros siete meses de su administraci\u00f3n.<\/p>\n","protected":false},"author":3,"featured_media":14857,"comment_status":"open","ping_status":"open","sticky":false,"template":"","format":"standard","meta":{"footnotes":""},"categories":[88,58],"tags":[4418,1175,4419,3705],"class_list":["post-14855","post","type-post","status-publish","format-standard","has-post-thumbnail","hentry","category-nacional","category-ultima-hora","tag-reduccionhomicidios","tag-seguridadmexico","tag-sheinbaumseguridad","tag-violenciacero"],"yoast_head":"<!-- This site is optimized with the Yoast SEO plugin v25.0 - https:\/\/yoast.com\/wordpress\/plugins\/seo\/ -->\n<title>M\u00e9xico baja la violencia Sheinbaum reporta 21 Homicidios menos al d\u00eda en siete meses | Nexo Informativo Santiago de Quer\u00e9taro<\/title>\n<meta name=\"description\" content=\"M\u00e9xico baja la violencia Sheinbaum reporta 21 Homicidios menos al d\u00eda en siete meses\" \/>\n<meta name=\"robots\" content=\"index, follow, max-snippet:-1, max-image-preview:large, max-video-preview:-1\" \/>\n<link rel=\"canonical\" href=\"https:\/\/www.nexoinformativo.mx\/index.php\/2025\/05\/09\/mexico-baja-la-violencia-sheinbaum-reporta-21-homicidios-menos-al-dia-en-siete-meses\/\" \/>\n<meta property=\"og:locale\" content=\"es_MX\" \/>\n<meta property=\"og:type\" content=\"article\" \/>\n<meta property=\"og:title\" content=\"M\u00e9xico baja la violencia Sheinbaum reporta 21 Homicidios menos al d\u00eda en siete meses | Nexo Informativo Santiago de Quer\u00e9taro\" \/>\n<meta property=\"og:description\" content=\"M\u00e9xico baja la violencia Sheinbaum reporta 21 Homicidios menos al d\u00eda en siete meses\" \/>\n<meta property=\"og:url\" content=\"https:\/\/www.nexoinformativo.mx\/index.php\/2025\/05\/09\/mexico-baja-la-violencia-sheinbaum-reporta-21-homicidios-menos-al-dia-en-siete-meses\/\" \/>\n<meta property=\"og:site_name\" content=\"Nexo Informativo Santiago de Quer\u00e9taro\" \/>\n<meta property=\"article:publisher\" content=\"https:\/\/www.facebook.com\/people\/Nexo-Informativo\/61564066885511\/\" \/>\n<meta property=\"article:published_time\" content=\"2025-05-09T13:00:19+00:00\" \/>\n<meta property=\"article:modified_time\" content=\"2025-05-09T19:09:10+00:00\" \/>\n<meta property=\"og:image\" content=\"https:\/\/www.nexoinformativo.mx\/wp-content\/uploads\/2025\/05\/IMG_2904.jpg\" \/>\n\t<meta property=\"og:image:width\" content=\"650\" \/>\n\t<meta property=\"og:image:height\" content=\"380\" \/>\n\t<meta property=\"og:image:type\" content=\"image\/jpeg\" \/>\n<meta name=\"author\" content=\"Nexo Informativo\" \/>\n<meta name=\"twitter:card\" content=\"summary_large_image\" \/>\n<meta name=\"twitter:label1\" content=\"Escrito por\" \/>\n\t<meta name=\"twitter:data1\" content=\"Nexo Informativo\" \/>\n\t<meta name=\"twitter:label2\" content=\"Tiempo de lectura\" \/>\n\t<meta name=\"twitter:data2\" content=\"2 minutos\" \/>\n<script type=\"application\/ld+json\" class=\"yoast-schema-graph\">{\"@context\":\"https:\/\/schema.org\",\"@graph\":[{\"@type\":\"Article\",\"@id\":\"https:\/\/www.nexoinformativo.mx\/index.php\/2025\/05\/09\/mexico-baja-la-violencia-sheinbaum-reporta-21-homicidios-menos-al-dia-en-siete-meses\/#article\",\"isPartOf\":{\"@id\":\"https:\/\/www.nexoinformativo.mx\/index.php\/2025\/05\/09\/mexico-baja-la-violencia-sheinbaum-reporta-21-homicidios-menos-al-dia-en-siete-meses\/\"},\"author\":{\"name\":\"Nexo Informativo\",\"@id\":\"https:\/\/www.nexoinformativo.mx\/#\/schema\/person\/7749d380ba08c8ca00d7bc76fd907b7d\"},\"headline\":\"M\u00e9xico baja la violencia Sheinbaum reporta 21 Homicidios menos al d\u00eda en siete meses\",\"datePublished\":\"2025-05-09T13:00:19+00:00\",\"dateModified\":\"2025-05-09T19:09:10+00:00\",\"mainEntityOfPage\":{\"@id\":\"https:\/\/www.nexoinformativo.mx\/index.php\/2025\/05\/09\/mexico-baja-la-violencia-sheinbaum-reporta-21-homicidios-menos-al-dia-en-siete-meses\/\"},\"wordCount\":378,\"commentCount\":0,\"publisher\":{\"@id\":\"https:\/\/www.nexoinformativo.mx\/#organization\"},\"image\":{\"@id\":\"https:\/\/www.nexoinformativo.mx\/index.php\/2025\/05\/09\/mexico-baja-la-violencia-sheinbaum-reporta-21-homicidios-menos-al-dia-en-siete-meses\/#primaryimage\"},\"thumbnailUrl\":\"https:\/\/www.nexoinformativo.mx\/wp-content\/uploads\/2025\/05\/IMG_2904.jpg\",\"keywords\":[\"Reducci\u00f3nHomicidios\",\"SeguridadM\u00e9xico\",\"SheinbaumSeguridad\",\"ViolenciaCero\"],\"articleSection\":[\"Nacional\",\"\u00daltima Hora\"],\"inLanguage\":\"es\",\"potentialAction\":[{\"@type\":\"CommentAction\",\"name\":\"Comment\",\"target\":[\"https:\/\/www.nexoinformativo.mx\/index.php\/2025\/05\/09\/mexico-baja-la-violencia-sheinbaum-reporta-21-homicidios-menos-al-dia-en-siete-meses\/#respond\"]}]},{\"@type\":\"WebPage\",\"@id\":\"https:\/\/www.nexoinformativo.mx\/index.php\/2025\/05\/09\/mexico-baja-la-violencia-sheinbaum-reporta-21-homicidios-menos-al-dia-en-siete-meses\/\",\"url\":\"https:\/\/www.nexoinformativo.mx\/index.php\/2025\/05\/09\/mexico-baja-la-violencia-sheinbaum-reporta-21-homicidios-menos-al-dia-en-siete-meses\/\",\"name\":\"M\u00e9xico baja la violencia Sheinbaum reporta 21 Homicidios menos al d\u00eda en siete meses | Nexo Informativo Santiago de Quer\u00e9taro\",\"isPartOf\":{\"@id\":\"https:\/\/www.nexoinformativo.mx\/#website\"},\"primaryImageOfPage\":{\"@id\":\"https:\/\/www.nexoinformativo.mx\/index.php\/2025\/05\/09\/mexico-baja-la-violencia-sheinbaum-reporta-21-homicidios-menos-al-dia-en-siete-meses\/#primaryimage\"},\"image\":{\"@id\":\"https:\/\/www.nexoinformativo.mx\/index.php\/2025\/05\/09\/mexico-baja-la-violencia-sheinbaum-reporta-21-homicidios-menos-al-dia-en-siete-meses\/#primaryimage\"},\"thumbnailUrl\":\"https:\/\/www.nexoinformativo.mx\/wp-content\/uploads\/2025\/05\/IMG_2904.jpg\",\"datePublished\":\"2025-05-09T13:00:19+00:00\",\"dateModified\":\"2025-05-09T19:09:10+00:00\",\"description\":\"M\u00e9xico baja la violencia Sheinbaum reporta 21 Homicidios menos al d\u00eda en siete meses\",\"breadcrumb\":{\"@id\":\"https:\/\/www.nexoinformativo.mx\/index.php\/2025\/05\/09\/mexico-baja-la-violencia-sheinbaum-reporta-21-homicidios-menos-al-dia-en-siete-meses\/#breadcrumb\"},\"inLanguage\":\"es\",\"potentialAction\":[{\"@type\":\"ReadAction\",\"target\":[\"https:\/\/www.nexoinformativo.mx\/index.php\/2025\/05\/09\/mexico-baja-la-violencia-sheinbaum-reporta-21-homicidios-menos-al-dia-en-siete-meses\/\"]}]},{\"@type\":\"ImageObject\",\"inLanguage\":\"es\",\"@id\":\"https:\/\/www.nexoinformativo.mx\/index.php\/2025\/05\/09\/mexico-baja-la-violencia-sheinbaum-reporta-21-homicidios-menos-al-dia-en-siete-meses\/#primaryimage\",\"url\":\"https:\/\/www.nexoinformativo.mx\/wp-content\/uploads\/2025\/05\/IMG_2904.jpg\",\"contentUrl\":\"https:\/\/www.nexoinformativo.mx\/wp-content\/uploads\/2025\/05\/IMG_2904.jpg\",\"width\":650,\"height\":380,\"caption\":\"Cuauht\u00e9moc, Ciudad de M\u00e9xico, M\u00e9xico, 8 de mayo de 2025. La doctora Claudia Sheinbaum Pardo, presidenta Constitucional de los Estados Unidos Mexicanos en conferencia de prensa matutina \u201cLas ma\u00f1aneras del pueblo\u201d, en el Sal\u00f3n Tesorer\u00eda de Palacio Nacional. La acompa\u00f1an Alejandro Gertz Manero, fiscal general de la Rep\u00fablica; Marcela Figueroa Franco, secretaria Ejecutiva del Sistema Nacional de Seguridad P\u00fablica; Rosa Icela Rodr\u00edguez Vel\u00e1zquez, secretaria de Gobernaci\u00f3n; Omar Garc\u00eda Harfuch, secretario de Seguridad y Protecci\u00f3n Ciudadana (SSPC); Hern\u00e1n Cort\u00e9s Hern\u00e1ndez, comandante de la Guardia Nacional (GN); Ricardo Trevilla Trejo, secretario de la Defensa Nacional (Sedena); Noemi Ju\u00e1rez, subsecretaria de Educaci\u00f3n Basica, titular de la secci\u00f3n \u201cMujeres en la Historia\u201d y Pedro Morales \u00c1ngeles, secretario de Marina (Semar). Foto: Presidencia\"},{\"@type\":\"BreadcrumbList\",\"@id\":\"https:\/\/www.nexoinformativo.mx\/index.php\/2025\/05\/09\/mexico-baja-la-violencia-sheinbaum-reporta-21-homicidios-menos-al-dia-en-siete-meses\/#breadcrumb\",\"itemListElement\":[{\"@type\":\"ListItem\",\"position\":1,\"name\":\"Inicio\",\"item\":\"https:\/\/www.nexoinformativo.mx\/\"},{\"@type\":\"ListItem\",\"position\":2,\"name\":\"M\u00e9xico baja la violencia Sheinbaum reporta 21 Homicidios menos al d\u00eda en siete meses\"}]},{\"@type\":\"WebSite\",\"@id\":\"https:\/\/www.nexoinformativo.mx\/#website\",\"url\":\"https:\/\/www.nexoinformativo.mx\/\",\"name\":\"Nexo Informativo Santiago de Quer\u00e9taro\",\"description\":\"Explora NexoInformativo y convi\u00e9rtete en parte de una comunidad que valora el conocimiento y la verdad. Tu nexoinformativo es tu puente hacia una comprensi\u00f3n m\u00e1s profunda del mundo que te rodea.\",\"publisher\":{\"@id\":\"https:\/\/www.nexoinformativo.mx\/#organization\"},\"potentialAction\":[{\"@type\":\"SearchAction\",\"target\":{\"@type\":\"EntryPoint\",\"urlTemplate\":\"https:\/\/www.nexoinformativo.mx\/?s={search_term_string}\"},\"query-input\":{\"@type\":\"PropertyValueSpecification\",\"valueRequired\":true,\"valueName\":\"search_term_string\"}}],\"inLanguage\":\"es\"},{\"@type\":\"Organization\",\"@id\":\"https:\/\/www.nexoinformativo.mx\/#organization\",\"name\":\"Nexo Informativo Santiago de Quer\u00e9taro\",\"url\":\"https:\/\/www.nexoinformativo.mx\/\",\"logo\":{\"@type\":\"ImageObject\",\"inLanguage\":\"es\",\"@id\":\"https:\/\/www.nexoinformativo.mx\/#\/schema\/logo\/image\/\",\"url\":\"https:\/\/www.nexoinformativo.mx\/wp-content\/uploads\/2024\/07\/nexoi-trasparente-2.png\",\"contentUrl\":\"https:\/\/www.nexoinformativo.mx\/wp-content\/uploads\/2024\/07\/nexoi-trasparente-2.png\",\"width\":816,\"height\":339,\"caption\":\"Nexo Informativo Santiago de Quer\u00e9taro\"},\"image\":{\"@id\":\"https:\/\/www.nexoinformativo.mx\/#\/schema\/logo\/image\/\"},\"sameAs\":[\"https:\/\/www.facebook.com\/people\/Nexo-Informativo\/61564066885511\/\"]},{\"@type\":\"Person\",\"@id\":\"https:\/\/www.nexoinformativo.mx\/#\/schema\/person\/7749d380ba08c8ca00d7bc76fd907b7d\",\"name\":\"Nexo Informativo\",\"image\":{\"@type\":\"ImageObject\",\"inLanguage\":\"es\",\"@id\":\"https:\/\/www.nexoinformativo.mx\/#\/schema\/person\/image\/\",\"url\":\"https:\/\/secure.gravatar.com\/avatar\/dde2928154642a13d95f87ddf1ea9718fe2b46760a005c53e41ff5ad610704e6?s=96&d=mm&r=g\",\"contentUrl\":\"https:\/\/secure.gravatar.com\/avatar\/dde2928154642a13d95f87ddf1ea9718fe2b46760a005c53e41ff5ad610704e6?s=96&d=mm&r=g\",\"caption\":\"Nexo Informativo\"},\"url\":\"https:\/\/www.nexoinformativo.mx\/index.php\/author\/edicion\/\"}]}<\/script>\n<!-- \/ Yoast SEO plugin. -->","yoast_head_json":{"title":"M\u00e9xico baja la violencia Sheinbaum reporta 21 Homicidios menos al d\u00eda en siete meses | Nexo Informativo Santiago de Quer\u00e9taro","description":"M\u00e9xico baja la violencia Sheinbaum reporta 21 Homicidios menos al d\u00eda en siete meses","robots":{"index":"index","follow":"follow","max-snippet":"max-snippet:-1","max-image-preview":"max-image-preview:large","max-video-preview":"max-video-preview:-1"},"canonical":"https:\/\/www.nexoinformativo.mx\/index.php\/2025\/05\/09\/mexico-baja-la-violencia-sheinbaum-reporta-21-homicidios-menos-al-dia-en-siete-meses\/","og_locale":"es_MX","og_type":"article","og_title":"M\u00e9xico baja la violencia Sheinbaum reporta 21 Homicidios menos al d\u00eda en siete meses | Nexo Informativo Santiago de Quer\u00e9taro","og_description":"M\u00e9xico baja la violencia Sheinbaum reporta 21 Homicidios menos al d\u00eda en siete meses","og_url":"https:\/\/www.nexoinformativo.mx\/index.php\/2025\/05\/09\/mexico-baja-la-violencia-sheinbaum-reporta-21-homicidios-menos-al-dia-en-siete-meses\/","og_site_name":"Nexo Informativo Santiago de Quer\u00e9taro","article_publisher":"https:\/\/www.facebook.com\/people\/Nexo-Informativo\/61564066885511\/","article_published_time":"2025-05-09T13:00:19+00:00","article_modified_time":"2025-05-09T19:09:10+00:00","og_image":[{"width":650,"height":380,"url":"https:\/\/www.nexoinformativo.mx\/wp-content\/uploads\/2025\/05\/IMG_2904.jpg","type":"image\/jpeg"}],"author":"Nexo Informativo","twitter_card":"summary_large_image","twitter_misc":{"Escrito por":"Nexo Informativo","Tiempo de lectura":"2 minutos"},"schema":{"@context":"https:\/\/schema.org","@graph":[{"@type":"Article","@id":"https:\/\/www.nexoinformativo.mx\/index.php\/2025\/05\/09\/mexico-baja-la-violencia-sheinbaum-reporta-21-homicidios-menos-al-dia-en-siete-meses\/#article","isPartOf":{"@id":"https:\/\/www.nexoinformativo.mx\/index.php\/2025\/05\/09\/mexico-baja-la-violencia-sheinbaum-reporta-21-homicidios-menos-al-dia-en-siete-meses\/"},"author":{"name":"Nexo Informativo","@id":"https:\/\/www.nexoinformativo.mx\/#\/schema\/person\/7749d380ba08c8ca00d7bc76fd907b7d"},"headline":"M\u00e9xico baja la violencia Sheinbaum reporta 21 Homicidios menos al d\u00eda en siete meses","datePublished":"2025-05-09T13:00:19+00:00","dateModified":"2025-05-09T19:09:10+00:00","mainEntityOfPage":{"@id":"https:\/\/www.nexoinformativo.mx\/index.php\/2025\/05\/09\/mexico-baja-la-violencia-sheinbaum-reporta-21-homicidios-menos-al-dia-en-siete-meses\/"},"wordCount":378,"commentCount":0,"publisher":{"@id":"https:\/\/www.nexoinformativo.mx\/#organization"},"image":{"@id":"https:\/\/www.nexoinformativo.mx\/index.php\/2025\/05\/09\/mexico-baja-la-violencia-sheinbaum-reporta-21-homicidios-menos-al-dia-en-siete-meses\/#primaryimage"},"thumbnailUrl":"https:\/\/www.nexoinformativo.mx\/wp-content\/uploads\/2025\/05\/IMG_2904.jpg","keywords":["Reducci\u00f3nHomicidios","SeguridadM\u00e9xico","SheinbaumSeguridad","ViolenciaCero"],"articleSection":["Nacional","\u00daltima Hora"],"inLanguage":"es","potentialAction":[{"@type":"CommentAction","name":"Comment","target":["https:\/\/www.nexoinformativo.mx\/index.php\/2025\/05\/09\/mexico-baja-la-violencia-sheinbaum-reporta-21-homicidios-menos-al-dia-en-siete-meses\/#respond"]}]},{"@type":"WebPage","@id":"https:\/\/www.nexoinformativo.mx\/index.php\/2025\/05\/09\/mexico-baja-la-violencia-sheinbaum-reporta-21-homicidios-menos-al-dia-en-siete-meses\/","url":"https:\/\/www.nexoinformativo.mx\/index.php\/2025\/05\/09\/mexico-baja-la-violencia-sheinbaum-reporta-21-homicidios-menos-al-dia-en-siete-meses\/","name":"M\u00e9xico baja la violencia Sheinbaum reporta 21 Homicidios menos al d\u00eda en siete meses | Nexo Informativo Santiago de Quer\u00e9taro","isPartOf":{"@id":"https:\/\/www.nexoinformativo.mx\/#website"},"primaryImageOfPage":{"@id":"https:\/\/www.nexoinformativo.mx\/index.php\/2025\/05\/09\/mexico-baja-la-violencia-sheinbaum-reporta-21-homicidios-menos-al-dia-en-siete-meses\/#primaryimage"},"image":{"@id":"https:\/\/www.nexoinformativo.mx\/index.php\/2025\/05\/09\/mexico-baja-la-violencia-sheinbaum-reporta-21-homicidios-menos-al-dia-en-siete-meses\/#primaryimage"},"thumbnailUrl":"https:\/\/www.nexoinformativo.mx\/wp-content\/uploads\/2025\/05\/IMG_2904.jpg","datePublished":"2025-05-09T13:00:19+00:00","dateModified":"2025-05-09T19:09:10+00:00","description":"M\u00e9xico baja la violencia Sheinbaum reporta 21 Homicidios menos al d\u00eda en siete meses","breadcrumb":{"@id":"https:\/\/www.nexoinformativo.mx\/index.php\/2025\/05\/09\/mexico-baja-la-violencia-sheinbaum-reporta-21-homicidios-menos-al-dia-en-siete-meses\/#breadcrumb"},"inLanguage":"es","potentialAction":[{"@type":"ReadAction","target":["https:\/\/www.nexoinformativo.mx\/index.php\/2025\/05\/09\/mexico-baja-la-violencia-sheinbaum-reporta-21-homicidios-menos-al-dia-en-siete-meses\/"]}]},{"@type":"ImageObject","inLanguage":"es","@id":"https:\/\/www.nexoinformativo.mx\/index.php\/2025\/05\/09\/mexico-baja-la-violencia-sheinbaum-reporta-21-homicidios-menos-al-dia-en-siete-meses\/#primaryimage","url":"https:\/\/www.nexoinformativo.mx\/wp-content\/uploads\/2025\/05\/IMG_2904.jpg","contentUrl":"https:\/\/www.nexoinformativo.mx\/wp-content\/uploads\/2025\/05\/IMG_2904.jpg","width":650,"height":380,"caption":"Cuauht\u00e9moc, Ciudad de M\u00e9xico, M\u00e9xico, 8 de mayo de 2025. La doctora Claudia Sheinbaum Pardo, presidenta Constitucional de los Estados Unidos Mexicanos en conferencia de prensa matutina \u201cLas ma\u00f1aneras del pueblo\u201d, en el Sal\u00f3n Tesorer\u00eda de Palacio Nacional. La acompa\u00f1an Alejandro Gertz Manero, fiscal general de la Rep\u00fablica; Marcela Figueroa Franco, secretaria Ejecutiva del Sistema Nacional de Seguridad P\u00fablica; Rosa Icela Rodr\u00edguez Vel\u00e1zquez, secretaria de Gobernaci\u00f3n; Omar Garc\u00eda Harfuch, secretario de Seguridad y Protecci\u00f3n Ciudadana (SSPC); Hern\u00e1n Cort\u00e9s Hern\u00e1ndez, comandante de la Guardia Nacional (GN); Ricardo Trevilla Trejo, secretario de la Defensa Nacional (Sedena); Noemi Ju\u00e1rez, subsecretaria de Educaci\u00f3n Basica, titular de la secci\u00f3n \u201cMujeres en la Historia\u201d y Pedro Morales \u00c1ngeles, secretario de Marina (Semar). Foto: Presidencia"},{"@type":"BreadcrumbList","@id":"https:\/\/www.nexoinformativo.mx\/index.php\/2025\/05\/09\/mexico-baja-la-violencia-sheinbaum-reporta-21-homicidios-menos-al-dia-en-siete-meses\/#breadcrumb","itemListElement":[{"@type":"ListItem","position":1,"name":"Inicio","item":"https:\/\/www.nexoinformativo.mx\/"},{"@type":"ListItem","position":2,"name":"M\u00e9xico baja la violencia Sheinbaum reporta 21 Homicidios menos al d\u00eda en siete meses"}]},{"@type":"WebSite","@id":"https:\/\/www.nexoinformativo.mx\/#website","url":"https:\/\/www.nexoinformativo.mx\/","name":"Nexo Informativo Santiago de Quer\u00e9taro","description":"Explora NexoInformativo y convi\u00e9rtete en parte de una comunidad que valora el conocimiento y la verdad. Tu nexoinformativo es tu puente hacia una comprensi\u00f3n m\u00e1s profunda del mundo que te rodea.","publisher":{"@id":"https:\/\/www.nexoinformativo.mx\/#organization"},"potentialAction":[{"@type":"SearchAction","target":{"@type":"EntryPoint","urlTemplate":"https:\/\/www.nexoinformativo.mx\/?s={search_term_string}"},"query-input":{"@type":"PropertyValueSpecification","valueRequired":true,"valueName":"search_term_string"}}],"inLanguage":"es"},{"@type":"Organization","@id":"https:\/\/www.nexoinformativo.mx\/#organization","name":"Nexo Informativo Santiago de Quer\u00e9taro","url":"https:\/\/www.nexoinformativo.mx\/","logo":{"@type":"ImageObject","inLanguage":"es","@id":"https:\/\/www.nexoinformativo.mx\/#\/schema\/logo\/image\/","url":"https:\/\/www.nexoinformativo.mx\/wp-content\/uploads\/2024\/07\/nexoi-trasparente-2.png","contentUrl":"https:\/\/www.nexoinformativo.mx\/wp-content\/uploads\/2024\/07\/nexoi-trasparente-2.png","width":816,"height":339,"caption":"Nexo Informativo Santiago de Quer\u00e9taro"},"image":{"@id":"https:\/\/www.nexoinformativo.mx\/#\/schema\/logo\/image\/"},"sameAs":["https:\/\/www.facebook.com\/people\/Nexo-Informativo\/61564066885511\/"]},{"@type":"Person","@id":"https:\/\/www.nexoinformativo.mx\/#\/schema\/person\/7749d380ba08c8ca00d7bc76fd907b7d","name":"Nexo Informativo","image":{"@type":"ImageObject","inLanguage":"es","@id":"https:\/\/www.nexoinformativo.mx\/#\/schema\/person\/image\/","url":"https:\/\/secure.gravatar.com\/avatar\/dde2928154642a13d95f87ddf1ea9718fe2b46760a005c53e41ff5ad610704e6?s=96&d=mm&r=g","contentUrl":"https:\/\/secure.gravatar.com\/avatar\/dde2928154642a13d95f87ddf1ea9718fe2b46760a005c53e41ff5ad610704e6?s=96&d=mm&r=g","caption":"Nexo Informativo"},"url":"https:\/\/www.nexoinformativo.mx\/index.php\/author\/edicion\/"}]}},"_links":{"self":[{"href":"https:\/\/www.nexoinformativo.mx\/index.php\/wp-json\/wp\/v2\/posts\/14855","targetHints":{"allow":["GET"]}}],"collection":[{"href":"https:\/\/www.nexoinformativo.mx\/index.php\/wp-json\/wp\/v2\/posts"}],"about":[{"href":"https:\/\/www.nexoinformativo.mx\/index.php\/wp-json\/wp\/v2\/types\/post"}],"author":[{"embeddable":true,"href":"https:\/\/www.nexoinformativo.mx\/index.php\/wp-json\/wp\/v2\/users\/3"}],"replies":[{"embeddable":true,"href":"https:\/\/www.nexoinformativo.mx\/index.php\/wp-json\/wp\/v2\/comments?post=14855"}],"version-history":[{"count":3,"href":"https:\/\/www.nexoinformativo.mx\/index.php\/wp-json\/wp\/v2\/posts\/14855\/revisions"}],"predecessor-version":[{"id":14859,"href":"https:\/\/www.nexoinformativo.mx\/index.php\/wp-json\/wp\/v2\/posts\/14855\/revisions\/14859"}],"wp:featuredmedia":[{"embeddable":true,"href":"https:\/\/www.nexoinformativo.mx\/index.php\/wp-json\/wp\/v2\/media\/14857"}],"wp:attachment":[{"href":"https:\/\/www.nexoinformativo.mx\/index.php\/wp-json\/wp\/v2\/media?parent=14855"}],"wp:term":[{"taxonomy":"category","embeddable":true,"href":"https:\/\/www.nexoinformativo.mx\/index.php\/wp-json\/wp\/v2\/categories?post=14855"},{"taxonomy":"post_tag","embeddable":true,"href":"https:\/\/www.nexoinformativo.mx\/index.php\/wp-json\/wp\/v2\/tags?post=14855"}],"curies":[{"name":"wp","href":"https:\/\/api.w.org\/{rel}","templated":true}]}}