{"id":14879,"date":"2025-05-09T11:00:01","date_gmt":"2025-05-09T17:00:01","guid":{"rendered":"https:\/\/www.nexoinformativo.mx\/?p=14879"},"modified":"2025-05-09T13:36:31","modified_gmt":"2025-05-09T19:36:31","slug":"profeco-despliega-operativo-para-proteger-tu-bolsillo-en-este-dia-de-las-madres","status":"publish","type":"post","link":"https:\/\/www.nexoinformativo.mx\/index.php\/2025\/05\/09\/profeco-despliega-operativo-para-proteger-tu-bolsillo-en-este-dia-de-las-madres\/","title":{"rendered":"Profeco despliega operativo para proteger tu bolsillo en este D\u00eda de las Madres"},"content":{"rendered":"<p style=\"text-align: justify;\" data-sourcepos=\"3:1-3:536\">La Procuradur\u00eda Federal del Consumidor (Profeco) ha puesto en marcha su Programa de Verificaci\u00f3n y Vigilancia <strong>&#8220;10 de Mayo D\u00eda de las Madres 2025&#8221;<\/strong> a nivel nacional.<\/p>\n<\/p>\n<p>&nbsp;<\/p>\n<p style=\"text-align: justify;\" data-sourcepos=\"3:1-3:536\">El objetivo principal es asegurar y promover los derechos de los consumidores durante esta importante celebraci\u00f3n, verificando que los proveedores de bienes, productos y servicios cumplan con la Ley Federal de Protecci\u00f3n al Consumidor (LFPC) y las Normas Oficiales Mexicanas (NOM) aplicables.<\/p>\n<\/p>\n<p>&nbsp;<\/p>\n<p style=\"text-align: justify;\" data-sourcepos=\"3:1-3:536\">Personal de la Profeco, adscrito a la direcci\u00f3n general de Verificaci\u00f3n y Defensa de la Confianza y a las 38 Oficinas de Defensa del Consumidor (ODECO) en todo el pa\u00eds, estar\u00e1 desplegado para inspeccionar diversos giros comerciales clave en esta fecha.<\/p>\n<\/p>\n<p>&nbsp;<\/p>\n<p style=\"text-align: justify;\" data-sourcepos=\"3:1-3:536\">Entre ellos se encuentran perfumer\u00edas, salones de belleza y spas, tiendas de autoservicio, departamentales y de membres\u00eda, florer\u00edas, restaurantes, bares y cantinas, joyer\u00edas, pasteler\u00edas, tiendas de electrodom\u00e9sticos, estacionamientos y dulcer\u00edas.<\/p>\n<\/p>\n<p>&nbsp;<\/p>\n<p style=\"text-align: justify;\" data-sourcepos=\"7:1-7:456\">La Profeco pondr\u00e1 especial atenci\u00f3n en que los proveedores respeten las promociones y ofertas anunciadas, que la informaci\u00f3n y publicidad sean veraces, que entreguen comprobantes de compra, y que las garant\u00edas se ofrezcan de manera clara y efectiva.<\/p>\n<\/p>\n<p>&nbsp;<\/p>\n<p style=\"text-align: justify;\" data-sourcepos=\"7:1-7:456\">Asimismo, se supervisar\u00e1 que los instrumentos de medici\u00f3n utilizados en las transacciones comerciales, como b\u00e1sculas y relojes registradores, est\u00e9n correctamente calibrados para evitar fraudes.<\/p>\n<\/p>\n<p>&nbsp;<\/p>\n<p style=\"text-align: justify;\" data-sourcepos=\"7:1-7:456\">En caso de detectarse irregularidades, la Profeco actuar\u00e1 de inmediato, pudiendo incluso suspender la comercializaci\u00f3n de bienes o servicios.<\/p>\n<\/p>\n<p>&nbsp;<\/p>\n<p style=\"text-align: justify;\" data-sourcepos=\"11:1-11:304\">Desde hoy y hasta el 10 de mayo, la Profeco brindar\u00e1 orientaci\u00f3n a los consumidores en puntos estrat\u00e9gicos y atender\u00e1 las denuncias a trav\u00e9s de sus canales oficiales: el Tel\u00e9fono del Consumidor (55 5568 8722 y 800 468 8722) y sus redes sociales (X: @AtencionProfeco y @Profeco; Facebook: ProfecoOficial).<\/p>\n<\/p>\n<p>&nbsp;<\/p>\n<p style=\"text-align: center;\" data-sourcepos=\"11:1-11:304\"><em><strong>\u00a1Informaci\u00f3n que transforma!<\/strong><\/em><\/p>\n","protected":false},"excerpt":{"rendered":"<p>La Procuradur\u00eda Federal del Consumidor (Profeco) ha puesto en marcha su Programa de Verificaci\u00f3n y Vigilancia &#8220;10 de Mayo D\u00eda de las Madres 2025&#8221; a nivel nacional.<\/p>\n","protected":false},"author":3,"featured_media":14880,"comment_status":"open","ping_status":"open","sticky":false,"template":"","format":"standard","meta":{"footnotes":""},"categories":[5,88,58],"tags":[4429,3889,4427,4428],"class_list":["post-14879","post","type-post","status-publish","format-standard","has-post-thumbnail","hentry","category-economia","category-nacional","category-ultima-hora","tag-10demayoseguro","tag-derechosdelconsumidor","tag-profecodiadelasmadres","tag-verificacionprofeco"],"yoast_head":"<!-- This site is optimized with the Yoast SEO plugin v25.0 - https:\/\/yoast.com\/wordpress\/plugins\/seo\/ -->\n<title>Profeco despliega operativo para proteger tu bolsillo en este D\u00eda de las Madres | Nexo Informativo Santiago de Quer\u00e9taro<\/title>\n<meta name=\"description\" content=\"Profeco despliega operativo para proteger tu bolsillo en este D\u00eda de las Madres\" \/>\n<meta name=\"robots\" content=\"index, follow, max-snippet:-1, max-image-preview:large, max-video-preview:-1\" \/>\n<link rel=\"canonical\" href=\"https:\/\/www.nexoinformativo.mx\/index.php\/2025\/05\/09\/profeco-despliega-operativo-para-proteger-tu-bolsillo-en-este-dia-de-las-madres\/\" \/>\n<meta property=\"og:locale\" content=\"es_MX\" \/>\n<meta property=\"og:type\" content=\"article\" \/>\n<meta property=\"og:title\" content=\"Profeco despliega operativo para proteger tu bolsillo en este D\u00eda de las Madres | Nexo Informativo Santiago de Quer\u00e9taro\" \/>\n<meta property=\"og:description\" content=\"Profeco despliega operativo para proteger tu bolsillo en este D\u00eda de las Madres\" \/>\n<meta property=\"og:url\" content=\"https:\/\/www.nexoinformativo.mx\/index.php\/2025\/05\/09\/profeco-despliega-operativo-para-proteger-tu-bolsillo-en-este-dia-de-las-madres\/\" \/>\n<meta property=\"og:site_name\" content=\"Nexo Informativo Santiago de Quer\u00e9taro\" \/>\n<meta property=\"article:publisher\" content=\"https:\/\/www.facebook.com\/people\/Nexo-Informativo\/61564066885511\/\" \/>\n<meta property=\"article:published_time\" content=\"2025-05-09T17:00:01+00:00\" \/>\n<meta property=\"article:modified_time\" content=\"2025-05-09T19:36:31+00:00\" \/>\n<meta property=\"og:image\" content=\"https:\/\/www.nexoinformativo.mx\/wp-content\/uploads\/2025\/05\/IMG_2916-e1746819332150.jpg\" \/>\n\t<meta property=\"og:image:width\" content=\"800\" \/>\n\t<meta property=\"og:image:height\" content=\"918\" \/>\n\t<meta property=\"og:image:type\" content=\"image\/jpeg\" \/>\n<meta name=\"author\" content=\"Nexo Informativo\" \/>\n<meta name=\"twitter:card\" content=\"summary_large_image\" \/>\n<meta name=\"twitter:label1\" content=\"Escrito por\" \/>\n\t<meta name=\"twitter:data1\" content=\"Nexo Informativo\" \/>\n\t<meta name=\"twitter:label2\" content=\"Tiempo de lectura\" \/>\n\t<meta name=\"twitter:data2\" content=\"2 minutos\" \/>\n<script type=\"application\/ld+json\" class=\"yoast-schema-graph\">{\"@context\":\"https:\/\/schema.org\",\"@graph\":[{\"@type\":\"Article\",\"@id\":\"https:\/\/www.nexoinformativo.mx\/index.php\/2025\/05\/09\/profeco-despliega-operativo-para-proteger-tu-bolsillo-en-este-dia-de-las-madres\/#article\",\"isPartOf\":{\"@id\":\"https:\/\/www.nexoinformativo.mx\/index.php\/2025\/05\/09\/profeco-despliega-operativo-para-proteger-tu-bolsillo-en-este-dia-de-las-madres\/\"},\"author\":{\"name\":\"Nexo Informativo\",\"@id\":\"https:\/\/www.nexoinformativo.mx\/#\/schema\/person\/7749d380ba08c8ca00d7bc76fd907b7d\"},\"headline\":\"Profeco despliega operativo para proteger tu bolsillo en este D\u00eda de las Madres\",\"datePublished\":\"2025-05-09T17:00:01+00:00\",\"dateModified\":\"2025-05-09T19:36:31+00:00\",\"mainEntityOfPage\":{\"@id\":\"https:\/\/www.nexoinformativo.mx\/index.php\/2025\/05\/09\/profeco-despliega-operativo-para-proteger-tu-bolsillo-en-este-dia-de-las-madres\/\"},\"wordCount\":312,\"commentCount\":0,\"publisher\":{\"@id\":\"https:\/\/www.nexoinformativo.mx\/#organization\"},\"image\":{\"@id\":\"https:\/\/www.nexoinformativo.mx\/index.php\/2025\/05\/09\/profeco-despliega-operativo-para-proteger-tu-bolsillo-en-este-dia-de-las-madres\/#primaryimage\"},\"thumbnailUrl\":\"https:\/\/www.nexoinformativo.mx\/wp-content\/uploads\/2025\/05\/IMG_2916-e1746819332150.jpg\",\"keywords\":[\"10DeMayoSeguro\",\"DerechosDelConsumidor\",\"ProfecoD\u00edaDeLasMadres\",\"Verificaci\u00f3nProfeco\"],\"articleSection\":[\"Econom\u00eda\",\"Nacional\",\"\u00daltima Hora\"],\"inLanguage\":\"es\",\"potentialAction\":[{\"@type\":\"CommentAction\",\"name\":\"Comment\",\"target\":[\"https:\/\/www.nexoinformativo.mx\/index.php\/2025\/05\/09\/profeco-despliega-operativo-para-proteger-tu-bolsillo-en-este-dia-de-las-madres\/#respond\"]}]},{\"@type\":\"WebPage\",\"@id\":\"https:\/\/www.nexoinformativo.mx\/index.php\/2025\/05\/09\/profeco-despliega-operativo-para-proteger-tu-bolsillo-en-este-dia-de-las-madres\/\",\"url\":\"https:\/\/www.nexoinformativo.mx\/index.php\/2025\/05\/09\/profeco-despliega-operativo-para-proteger-tu-bolsillo-en-este-dia-de-las-madres\/\",\"name\":\"Profeco despliega operativo para proteger tu bolsillo en este D\u00eda de las Madres | Nexo Informativo Santiago de Quer\u00e9taro\",\"isPartOf\":{\"@id\":\"https:\/\/www.nexoinformativo.mx\/#website\"},\"primaryImageOfPage\":{\"@id\":\"https:\/\/www.nexoinformativo.mx\/index.php\/2025\/05\/09\/profeco-despliega-operativo-para-proteger-tu-bolsillo-en-este-dia-de-las-madres\/#primaryimage\"},\"image\":{\"@id\":\"https:\/\/www.nexoinformativo.mx\/index.php\/2025\/05\/09\/profeco-despliega-operativo-para-proteger-tu-bolsillo-en-este-dia-de-las-madres\/#primaryimage\"},\"thumbnailUrl\":\"https:\/\/www.nexoinformativo.mx\/wp-content\/uploads\/2025\/05\/IMG_2916-e1746819332150.jpg\",\"datePublished\":\"2025-05-09T17:00:01+00:00\",\"dateModified\":\"2025-05-09T19:36:31+00:00\",\"description\":\"Profeco despliega operativo para proteger tu bolsillo en este D\u00eda de las Madres\",\"breadcrumb\":{\"@id\":\"https:\/\/www.nexoinformativo.mx\/index.php\/2025\/05\/09\/profeco-despliega-operativo-para-proteger-tu-bolsillo-en-este-dia-de-las-madres\/#breadcrumb\"},\"inLanguage\":\"es\",\"potentialAction\":[{\"@type\":\"ReadAction\",\"target\":[\"https:\/\/www.nexoinformativo.mx\/index.php\/2025\/05\/09\/profeco-despliega-operativo-para-proteger-tu-bolsillo-en-este-dia-de-las-madres\/\"]}]},{\"@type\":\"ImageObject\",\"inLanguage\":\"es\",\"@id\":\"https:\/\/www.nexoinformativo.mx\/index.php\/2025\/05\/09\/profeco-despliega-operativo-para-proteger-tu-bolsillo-en-este-dia-de-las-madres\/#primaryimage\",\"url\":\"https:\/\/www.nexoinformativo.mx\/wp-content\/uploads\/2025\/05\/IMG_2916-e1746819332150.jpg\",\"contentUrl\":\"https:\/\/www.nexoinformativo.mx\/wp-content\/uploads\/2025\/05\/IMG_2916-e1746819332150.jpg\",\"width\":800,\"height\":918},{\"@type\":\"BreadcrumbList\",\"@id\":\"https:\/\/www.nexoinformativo.mx\/index.php\/2025\/05\/09\/profeco-despliega-operativo-para-proteger-tu-bolsillo-en-este-dia-de-las-madres\/#breadcrumb\",\"itemListElement\":[{\"@type\":\"ListItem\",\"position\":1,\"name\":\"Inicio\",\"item\":\"https:\/\/www.nexoinformativo.mx\/\"},{\"@type\":\"ListItem\",\"position\":2,\"name\":\"Profeco despliega operativo para proteger tu bolsillo en este D\u00eda de las Madres\"}]},{\"@type\":\"WebSite\",\"@id\":\"https:\/\/www.nexoinformativo.mx\/#website\",\"url\":\"https:\/\/www.nexoinformativo.mx\/\",\"name\":\"Nexo Informativo Santiago de Quer\u00e9taro\",\"description\":\"Explora NexoInformativo y convi\u00e9rtete en parte de una comunidad que valora el conocimiento y la verdad. Tu nexoinformativo es tu puente hacia una comprensi\u00f3n m\u00e1s profunda del mundo que te rodea.\",\"publisher\":{\"@id\":\"https:\/\/www.nexoinformativo.mx\/#organization\"},\"potentialAction\":[{\"@type\":\"SearchAction\",\"target\":{\"@type\":\"EntryPoint\",\"urlTemplate\":\"https:\/\/www.nexoinformativo.mx\/?s={search_term_string}\"},\"query-input\":{\"@type\":\"PropertyValueSpecification\",\"valueRequired\":true,\"valueName\":\"search_term_string\"}}],\"inLanguage\":\"es\"},{\"@type\":\"Organization\",\"@id\":\"https:\/\/www.nexoinformativo.mx\/#organization\",\"name\":\"Nexo Informativo Santiago de Quer\u00e9taro\",\"url\":\"https:\/\/www.nexoinformativo.mx\/\",\"logo\":{\"@type\":\"ImageObject\",\"inLanguage\":\"es\",\"@id\":\"https:\/\/www.nexoinformativo.mx\/#\/schema\/logo\/image\/\",\"url\":\"https:\/\/www.nexoinformativo.mx\/wp-content\/uploads\/2024\/07\/nexoi-trasparente-2.png\",\"contentUrl\":\"https:\/\/www.nexoinformativo.mx\/wp-content\/uploads\/2024\/07\/nexoi-trasparente-2.png\",\"width\":816,\"height\":339,\"caption\":\"Nexo Informativo Santiago de Quer\u00e9taro\"},\"image\":{\"@id\":\"https:\/\/www.nexoinformativo.mx\/#\/schema\/logo\/image\/\"},\"sameAs\":[\"https:\/\/www.facebook.com\/people\/Nexo-Informativo\/61564066885511\/\"]},{\"@type\":\"Person\",\"@id\":\"https:\/\/www.nexoinformativo.mx\/#\/schema\/person\/7749d380ba08c8ca00d7bc76fd907b7d\",\"name\":\"Nexo Informativo\",\"image\":{\"@type\":\"ImageObject\",\"inLanguage\":\"es\",\"@id\":\"https:\/\/www.nexoinformativo.mx\/#\/schema\/person\/image\/\",\"url\":\"https:\/\/secure.gravatar.com\/avatar\/dde2928154642a13d95f87ddf1ea9718fe2b46760a005c53e41ff5ad610704e6?s=96&d=mm&r=g\",\"contentUrl\":\"https:\/\/secure.gravatar.com\/avatar\/dde2928154642a13d95f87ddf1ea9718fe2b46760a005c53e41ff5ad610704e6?s=96&d=mm&r=g\",\"caption\":\"Nexo Informativo\"},\"url\":\"https:\/\/www.nexoinformativo.mx\/index.php\/author\/edicion\/\"}]}<\/script>\n<!-- \/ Yoast SEO plugin. -->","yoast_head_json":{"title":"Profeco despliega operativo para proteger tu bolsillo en este D\u00eda de las Madres | Nexo Informativo Santiago de Quer\u00e9taro","description":"Profeco despliega operativo para proteger tu bolsillo en este D\u00eda de las Madres","robots":{"index":"index","follow":"follow","max-snippet":"max-snippet:-1","max-image-preview":"max-image-preview:large","max-video-preview":"max-video-preview:-1"},"canonical":"https:\/\/www.nexoinformativo.mx\/index.php\/2025\/05\/09\/profeco-despliega-operativo-para-proteger-tu-bolsillo-en-este-dia-de-las-madres\/","og_locale":"es_MX","og_type":"article","og_title":"Profeco despliega operativo para proteger tu bolsillo en este D\u00eda de las Madres | Nexo Informativo Santiago de Quer\u00e9taro","og_description":"Profeco despliega operativo para proteger tu bolsillo en este D\u00eda de las Madres","og_url":"https:\/\/www.nexoinformativo.mx\/index.php\/2025\/05\/09\/profeco-despliega-operativo-para-proteger-tu-bolsillo-en-este-dia-de-las-madres\/","og_site_name":"Nexo Informativo Santiago de Quer\u00e9taro","article_publisher":"https:\/\/www.facebook.com\/people\/Nexo-Informativo\/61564066885511\/","article_published_time":"2025-05-09T17:00:01+00:00","article_modified_time":"2025-05-09T19:36:31+00:00","og_image":[{"width":800,"height":918,"url":"https:\/\/www.nexoinformativo.mx\/wp-content\/uploads\/2025\/05\/IMG_2916-e1746819332150.jpg","type":"image\/jpeg"}],"author":"Nexo Informativo","twitter_card":"summary_large_image","twitter_misc":{"Escrito por":"Nexo Informativo","Tiempo de lectura":"2 minutos"},"schema":{"@context":"https:\/\/schema.org","@graph":[{"@type":"Article","@id":"https:\/\/www.nexoinformativo.mx\/index.php\/2025\/05\/09\/profeco-despliega-operativo-para-proteger-tu-bolsillo-en-este-dia-de-las-madres\/#article","isPartOf":{"@id":"https:\/\/www.nexoinformativo.mx\/index.php\/2025\/05\/09\/profeco-despliega-operativo-para-proteger-tu-bolsillo-en-este-dia-de-las-madres\/"},"author":{"name":"Nexo Informativo","@id":"https:\/\/www.nexoinformativo.mx\/#\/schema\/person\/7749d380ba08c8ca00d7bc76fd907b7d"},"headline":"Profeco despliega operativo para proteger tu bolsillo en este D\u00eda de las Madres","datePublished":"2025-05-09T17:00:01+00:00","dateModified":"2025-05-09T19:36:31+00:00","mainEntityOfPage":{"@id":"https:\/\/www.nexoinformativo.mx\/index.php\/2025\/05\/09\/profeco-despliega-operativo-para-proteger-tu-bolsillo-en-este-dia-de-las-madres\/"},"wordCount":312,"commentCount":0,"publisher":{"@id":"https:\/\/www.nexoinformativo.mx\/#organization"},"image":{"@id":"https:\/\/www.nexoinformativo.mx\/index.php\/2025\/05\/09\/profeco-despliega-operativo-para-proteger-tu-bolsillo-en-este-dia-de-las-madres\/#primaryimage"},"thumbnailUrl":"https:\/\/www.nexoinformativo.mx\/wp-content\/uploads\/2025\/05\/IMG_2916-e1746819332150.jpg","keywords":["10DeMayoSeguro","DerechosDelConsumidor","ProfecoD\u00edaDeLasMadres","Verificaci\u00f3nProfeco"],"articleSection":["Econom\u00eda","Nacional","\u00daltima Hora"],"inLanguage":"es","potentialAction":[{"@type":"CommentAction","name":"Comment","target":["https:\/\/www.nexoinformativo.mx\/index.php\/2025\/05\/09\/profeco-despliega-operativo-para-proteger-tu-bolsillo-en-este-dia-de-las-madres\/#respond"]}]},{"@type":"WebPage","@id":"https:\/\/www.nexoinformativo.mx\/index.php\/2025\/05\/09\/profeco-despliega-operativo-para-proteger-tu-bolsillo-en-este-dia-de-las-madres\/","url":"https:\/\/www.nexoinformativo.mx\/index.php\/2025\/05\/09\/profeco-despliega-operativo-para-proteger-tu-bolsillo-en-este-dia-de-las-madres\/","name":"Profeco despliega operativo para proteger tu bolsillo en este D\u00eda de las Madres | Nexo Informativo Santiago de Quer\u00e9taro","isPartOf":{"@id":"https:\/\/www.nexoinformativo.mx\/#website"},"primaryImageOfPage":{"@id":"https:\/\/www.nexoinformativo.mx\/index.php\/2025\/05\/09\/profeco-despliega-operativo-para-proteger-tu-bolsillo-en-este-dia-de-las-madres\/#primaryimage"},"image":{"@id":"https:\/\/www.nexoinformativo.mx\/index.php\/2025\/05\/09\/profeco-despliega-operativo-para-proteger-tu-bolsillo-en-este-dia-de-las-madres\/#primaryimage"},"thumbnailUrl":"https:\/\/www.nexoinformativo.mx\/wp-content\/uploads\/2025\/05\/IMG_2916-e1746819332150.jpg","datePublished":"2025-05-09T17:00:01+00:00","dateModified":"2025-05-09T19:36:31+00:00","description":"Profeco despliega operativo para proteger tu bolsillo en este D\u00eda de las Madres","breadcrumb":{"@id":"https:\/\/www.nexoinformativo.mx\/index.php\/2025\/05\/09\/profeco-despliega-operativo-para-proteger-tu-bolsillo-en-este-dia-de-las-madres\/#breadcrumb"},"inLanguage":"es","potentialAction":[{"@type":"ReadAction","target":["https:\/\/www.nexoinformativo.mx\/index.php\/2025\/05\/09\/profeco-despliega-operativo-para-proteger-tu-bolsillo-en-este-dia-de-las-madres\/"]}]},{"@type":"ImageObject","inLanguage":"es","@id":"https:\/\/www.nexoinformativo.mx\/index.php\/2025\/05\/09\/profeco-despliega-operativo-para-proteger-tu-bolsillo-en-este-dia-de-las-madres\/#primaryimage","url":"https:\/\/www.nexoinformativo.mx\/wp-content\/uploads\/2025\/05\/IMG_2916-e1746819332150.jpg","contentUrl":"https:\/\/www.nexoinformativo.mx\/wp-content\/uploads\/2025\/05\/IMG_2916-e1746819332150.jpg","width":800,"height":918},{"@type":"BreadcrumbList","@id":"https:\/\/www.nexoinformativo.mx\/index.php\/2025\/05\/09\/profeco-despliega-operativo-para-proteger-tu-bolsillo-en-este-dia-de-las-madres\/#breadcrumb","itemListElement":[{"@type":"ListItem","position":1,"name":"Inicio","item":"https:\/\/www.nexoinformativo.mx\/"},{"@type":"ListItem","position":2,"name":"Profeco despliega operativo para proteger tu bolsillo en este D\u00eda de las Madres"}]},{"@type":"WebSite","@id":"https:\/\/www.nexoinformativo.mx\/#website","url":"https:\/\/www.nexoinformativo.mx\/","name":"Nexo Informativo Santiago de Quer\u00e9taro","description":"Explora NexoInformativo y convi\u00e9rtete en parte de una comunidad que valora el conocimiento y la verdad. Tu nexoinformativo es tu puente hacia una comprensi\u00f3n m\u00e1s profunda del mundo que te rodea.","publisher":{"@id":"https:\/\/www.nexoinformativo.mx\/#organization"},"potentialAction":[{"@type":"SearchAction","target":{"@type":"EntryPoint","urlTemplate":"https:\/\/www.nexoinformativo.mx\/?s={search_term_string}"},"query-input":{"@type":"PropertyValueSpecification","valueRequired":true,"valueName":"search_term_string"}}],"inLanguage":"es"},{"@type":"Organization","@id":"https:\/\/www.nexoinformativo.mx\/#organization","name":"Nexo Informativo Santiago de Quer\u00e9taro","url":"https:\/\/www.nexoinformativo.mx\/","logo":{"@type":"ImageObject","inLanguage":"es","@id":"https:\/\/www.nexoinformativo.mx\/#\/schema\/logo\/image\/","url":"https:\/\/www.nexoinformativo.mx\/wp-content\/uploads\/2024\/07\/nexoi-trasparente-2.png","contentUrl":"https:\/\/www.nexoinformativo.mx\/wp-content\/uploads\/2024\/07\/nexoi-trasparente-2.png","width":816,"height":339,"caption":"Nexo Informativo Santiago de Quer\u00e9taro"},"image":{"@id":"https:\/\/www.nexoinformativo.mx\/#\/schema\/logo\/image\/"},"sameAs":["https:\/\/www.facebook.com\/people\/Nexo-Informativo\/61564066885511\/"]},{"@type":"Person","@id":"https:\/\/www.nexoinformativo.mx\/#\/schema\/person\/7749d380ba08c8ca00d7bc76fd907b7d","name":"Nexo Informativo","image":{"@type":"ImageObject","inLanguage":"es","@id":"https:\/\/www.nexoinformativo.mx\/#\/schema\/person\/image\/","url":"https:\/\/secure.gravatar.com\/avatar\/dde2928154642a13d95f87ddf1ea9718fe2b46760a005c53e41ff5ad610704e6?s=96&d=mm&r=g","contentUrl":"https:\/\/secure.gravatar.com\/avatar\/dde2928154642a13d95f87ddf1ea9718fe2b46760a005c53e41ff5ad610704e6?s=96&d=mm&r=g","caption":"Nexo Informativo"},"url":"https:\/\/www.nexoinformativo.mx\/index.php\/author\/edicion\/"}]}},"_links":{"self":[{"href":"https:\/\/www.nexoinformativo.mx\/index.php\/wp-json\/wp\/v2\/posts\/14879","targetHints":{"allow":["GET"]}}],"collection":[{"href":"https:\/\/www.nexoinformativo.mx\/index.php\/wp-json\/wp\/v2\/posts"}],"about":[{"href":"https:\/\/www.nexoinformativo.mx\/index.php\/wp-json\/wp\/v2\/types\/post"}],"author":[{"embeddable":true,"href":"https:\/\/www.nexoinformativo.mx\/index.php\/wp-json\/wp\/v2\/users\/3"}],"replies":[{"embeddable":true,"href":"https:\/\/www.nexoinformativo.mx\/index.php\/wp-json\/wp\/v2\/comments?post=14879"}],"version-history":[{"count":3,"href":"https:\/\/www.nexoinformativo.mx\/index.php\/wp-json\/wp\/v2\/posts\/14879\/revisions"}],"predecessor-version":[{"id":14883,"href":"https:\/\/www.nexoinformativo.mx\/index.php\/wp-json\/wp\/v2\/posts\/14879\/revisions\/14883"}],"wp:featuredmedia":[{"embeddable":true,"href":"https:\/\/www.nexoinformativo.mx\/index.php\/wp-json\/wp\/v2\/media\/14880"}],"wp:attachment":[{"href":"https:\/\/www.nexoinformativo.mx\/index.php\/wp-json\/wp\/v2\/media?parent=14879"}],"wp:term":[{"taxonomy":"category","embeddable":true,"href":"https:\/\/www.nexoinformativo.mx\/index.php\/wp-json\/wp\/v2\/categories?post=14879"},{"taxonomy":"post_tag","embeddable":true,"href":"https:\/\/www.nexoinformativo.mx\/index.php\/wp-json\/wp\/v2\/tags?post=14879"}],"curies":[{"name":"wp","href":"https:\/\/api.w.org\/{rel}","templated":true}]}}