{"id":14884,"date":"2025-05-09T12:00:53","date_gmt":"2025-05-09T18:00:53","guid":{"rendered":"https:\/\/www.nexoinformativo.mx\/?p=14884"},"modified":"2025-05-09T14:02:56","modified_gmt":"2025-05-09T20:02:56","slug":"mexico-te-abraza-recibe-con-calidez-a-mas-de-14-mil-paisanos","status":"publish","type":"post","link":"https:\/\/www.nexoinformativo.mx\/index.php\/2025\/05\/09\/mexico-te-abraza-recibe-con-calidez-a-mas-de-14-mil-paisanos\/","title":{"rendered":"&#8220;M\u00e9xico te abraza&#8221; recibe con calidez a m\u00e1s de 14 mil paisanos"},"content":{"rendered":"<p style=\"text-align: justify;\">La estrategia nacional de repatriaci\u00f3n <strong>&#8220;M\u00e9xico te Abraza&#8221;<\/strong> ha brindado una c\u00e1lida y humana bienvenida a m\u00e1s de 14 mil 300 connacionales desde su inicio el 21 de enero.<\/p>\n<p>&nbsp;<\/p>\n<p style=\"text-align: justify;\">As\u00ed lo inform\u00f3 la secretaria de Gobernaci\u00f3n, Rosa Icela Rodr\u00edguez, durante la Conferencia del Pueblo de la Presidenta Claudia Sheinbaum.<\/p>\n<p>&nbsp;<\/p>\n<p style=\"text-align: justify;\" data-sourcepos=\"5:1-5:421\">La secretaria detall\u00f3 que, de los 38 mil mexicanos que han retornado al pa\u00eds, 14 mil 300 han acudido a los centros de atenci\u00f3n implementados en la zona fronteriza, donde han recibido m\u00e1s de 129 mil servicios.<\/p>\n<p>&nbsp;<\/p>\n<p style=\"text-align: justify;\" data-sourcepos=\"5:1-5:421\">Este esfuerzo interinstitucional articula el trabajo de 34 dependencias del Gobierno de M\u00e9xico, gobiernos locales y el sector empresarial, con el objetivo de atender integralmente las necesidades de los paisanos.<\/p>\n<p>&nbsp;<\/p>\n<p style=\"text-align: justify;\" data-sourcepos=\"7:1-7:346\">Rodr\u00edguez precis\u00f3 que los 10 centros de atenci\u00f3n ubicados en los estados de la frontera norte cuentan con instalaciones dignas y han proporcionado m\u00e1s de 47 mil 800 raciones de alimento, m\u00e1s de cinco mil 900 atenciones m\u00e9dicas y m\u00e1s de 2 mil 800 psicol\u00f3gicas.<\/p>\n<p>&nbsp;<\/p>\n<p style=\"text-align: justify;\" data-sourcepos=\"9:1-9:466\">Un apoyo significativo ha sido la entrega de la <strong>&#8220;Tarjeta Bienestar Paisano&#8221;<\/strong> a m\u00e1s de nueve mil 300 personas, con un monto de 2 mil pesos para sus gastos de traslado a sus comunidades de origen.<\/p>\n<p>&nbsp;<\/p>\n<p style=\"text-align: justify;\" data-sourcepos=\"9:1-9:466\">Asimismo, se les ha incorporado a diversos programas sociales y se ha afiliado a m\u00e1s de 20 mil 500 personas al IMSS, gracias a un decreto que otorga esta prestaci\u00f3n por razones humanitarias. Tambi\u00e9n se han facilitado tr\u00e1mites de documentos como CURP y actas de nacimiento.<\/p>\n<p>&nbsp;<\/p>\n<p style=\"text-align: justify;\" data-sourcepos=\"13:1-13:408\">Adem\u00e1s, se han ofrecido asesor\u00edas en regularizaci\u00f3n de suelo, temas agrarios e incorporaci\u00f3n a programas de vivienda, as\u00ed como tarjetas para remesas con Financiera para el Bienestar.<\/p>\n<p>&nbsp;<\/p>\n<p style=\"text-align: justify;\" data-sourcepos=\"15:1-15:245\">La funcionaria federal puntualiz\u00f3 que el Instituto Nacional de Migraci\u00f3n ha realizado el traslado de m\u00e1s de dos mil mexicanos a sus estados de origen, siendo los principales destinos Coahuila, Durango, Zacatecas, Quer\u00e9taro y la CDMX.<\/p>\n<p>&nbsp;<\/p>\n<p style=\"text-align: justify;\" data-sourcepos=\"17:1-17:356\">Rodr\u00edguez enfatiz\u00f3 la coordinaci\u00f3n con organismos nacionales e internacionales como la CNDH y la ONU, as\u00ed como la participaci\u00f3n de las Fuerzas Armadas, la Guardia Nacional y diversas instituciones de salud y bienestar.<\/p>\n<\/p>\n<p>&nbsp;<\/p>\n<p style=\"text-align: justify;\" data-sourcepos=\"19:1-19:234\">Por instrucci\u00f3n de la Presidenta, la operaci\u00f3n de los centros continuar\u00e1 para atender a las mexicanas y mexicanos repatriados, a quienes la secretaria invit\u00f3 a redescubrir un M\u00e9xico distinto y lleno de oportunidades.<\/p>\n<p>&nbsp;<\/p>\n<p style=\"text-align: center;\" data-sourcepos=\"19:1-19:234\"><em><strong>\u00a1Informaci\u00f3n que transforma!<\/strong><\/em><\/p>\n","protected":false},"excerpt":{"rendered":"<p>La estrategia nacional de repatriaci\u00f3n &#8220;M\u00e9xico te Abraza&#8221; ha brindado una c\u00e1lida y humana bienvenida a m\u00e1s de 14 mil 300 connacionales desde su inicio el 21 de enero.<\/p>\n","protected":false},"author":3,"featured_media":14885,"comment_status":"open","ping_status":"open","sticky":false,"template":"","format":"standard","meta":{"footnotes":""},"categories":[88,58],"tags":[4432,3181,4431,4430],"class_list":["post-14884","post","type-post","status-publish","format-standard","has-post-thumbnail","hentry","category-nacional","category-ultima-hora","tag-bienestarmigrante","tag-mexicoteabraza","tag-paisanos","tag-repatriacionmx"],"yoast_head":"<!-- This site is optimized with the Yoast SEO plugin v25.0 - https:\/\/yoast.com\/wordpress\/plugins\/seo\/ -->\n<title>&quot;M\u00e9xico te abraza&quot; recibe con calidez a m\u00e1s de 14 mil paisanos | Nexo Informativo Santiago de Quer\u00e9taro<\/title>\n<meta name=\"description\" content=\"&quot;M\u00e9xico te abraza&quot; recibe con calidez a m\u00e1s de 14 mil paisanos\" \/>\n<meta name=\"robots\" content=\"index, follow, max-snippet:-1, max-image-preview:large, max-video-preview:-1\" \/>\n<link rel=\"canonical\" href=\"https:\/\/www.nexoinformativo.mx\/index.php\/2025\/05\/09\/mexico-te-abraza-recibe-con-calidez-a-mas-de-14-mil-paisanos\/\" \/>\n<meta property=\"og:locale\" content=\"es_MX\" \/>\n<meta property=\"og:type\" content=\"article\" \/>\n<meta property=\"og:title\" content=\"&quot;M\u00e9xico te abraza&quot; recibe con calidez a m\u00e1s de 14 mil paisanos | Nexo Informativo Santiago de Quer\u00e9taro\" \/>\n<meta property=\"og:description\" content=\"&quot;M\u00e9xico te abraza&quot; recibe con calidez a m\u00e1s de 14 mil paisanos\" \/>\n<meta property=\"og:url\" content=\"https:\/\/www.nexoinformativo.mx\/index.php\/2025\/05\/09\/mexico-te-abraza-recibe-con-calidez-a-mas-de-14-mil-paisanos\/\" \/>\n<meta property=\"og:site_name\" content=\"Nexo Informativo Santiago de Quer\u00e9taro\" \/>\n<meta property=\"article:publisher\" content=\"https:\/\/www.facebook.com\/people\/Nexo-Informativo\/61564066885511\/\" \/>\n<meta property=\"article:published_time\" content=\"2025-05-09T18:00:53+00:00\" \/>\n<meta property=\"article:modified_time\" content=\"2025-05-09T20:02:56+00:00\" \/>\n<meta property=\"og:image\" content=\"https:\/\/www.nexoinformativo.mx\/wp-content\/uploads\/2025\/05\/IMG_2917.jpg\" \/>\n\t<meta property=\"og:image:width\" content=\"650\" \/>\n\t<meta property=\"og:image:height\" content=\"380\" \/>\n\t<meta property=\"og:image:type\" content=\"image\/jpeg\" \/>\n<meta name=\"author\" content=\"Nexo Informativo\" \/>\n<meta name=\"twitter:card\" content=\"summary_large_image\" \/>\n<meta name=\"twitter:label1\" content=\"Escrito por\" \/>\n\t<meta name=\"twitter:data1\" content=\"Nexo Informativo\" \/>\n\t<meta name=\"twitter:label2\" content=\"Tiempo de lectura\" \/>\n\t<meta name=\"twitter:data2\" content=\"2 minutos\" \/>\n<script type=\"application\/ld+json\" class=\"yoast-schema-graph\">{\"@context\":\"https:\/\/schema.org\",\"@graph\":[{\"@type\":\"Article\",\"@id\":\"https:\/\/www.nexoinformativo.mx\/index.php\/2025\/05\/09\/mexico-te-abraza-recibe-con-calidez-a-mas-de-14-mil-paisanos\/#article\",\"isPartOf\":{\"@id\":\"https:\/\/www.nexoinformativo.mx\/index.php\/2025\/05\/09\/mexico-te-abraza-recibe-con-calidez-a-mas-de-14-mil-paisanos\/\"},\"author\":{\"name\":\"Nexo Informativo\",\"@id\":\"https:\/\/www.nexoinformativo.mx\/#\/schema\/person\/7749d380ba08c8ca00d7bc76fd907b7d\"},\"headline\":\"&#8220;M\u00e9xico te abraza&#8221; recibe con calidez a m\u00e1s de 14 mil paisanos\",\"datePublished\":\"2025-05-09T18:00:53+00:00\",\"dateModified\":\"2025-05-09T20:02:56+00:00\",\"mainEntityOfPage\":{\"@id\":\"https:\/\/www.nexoinformativo.mx\/index.php\/2025\/05\/09\/mexico-te-abraza-recibe-con-calidez-a-mas-de-14-mil-paisanos\/\"},\"wordCount\":417,\"commentCount\":0,\"publisher\":{\"@id\":\"https:\/\/www.nexoinformativo.mx\/#organization\"},\"image\":{\"@id\":\"https:\/\/www.nexoinformativo.mx\/index.php\/2025\/05\/09\/mexico-te-abraza-recibe-con-calidez-a-mas-de-14-mil-paisanos\/#primaryimage\"},\"thumbnailUrl\":\"https:\/\/www.nexoinformativo.mx\/wp-content\/uploads\/2025\/05\/IMG_2917.jpg\",\"keywords\":[\"BienestarMigrante\",\"M\u00e9xicoTeAbraza\",\"Paisanos\",\"Repatriaci\u00f3nMX\"],\"articleSection\":[\"Nacional\",\"\u00daltima Hora\"],\"inLanguage\":\"es\",\"potentialAction\":[{\"@type\":\"CommentAction\",\"name\":\"Comment\",\"target\":[\"https:\/\/www.nexoinformativo.mx\/index.php\/2025\/05\/09\/mexico-te-abraza-recibe-con-calidez-a-mas-de-14-mil-paisanos\/#respond\"]}]},{\"@type\":\"WebPage\",\"@id\":\"https:\/\/www.nexoinformativo.mx\/index.php\/2025\/05\/09\/mexico-te-abraza-recibe-con-calidez-a-mas-de-14-mil-paisanos\/\",\"url\":\"https:\/\/www.nexoinformativo.mx\/index.php\/2025\/05\/09\/mexico-te-abraza-recibe-con-calidez-a-mas-de-14-mil-paisanos\/\",\"name\":\"\\\"M\u00e9xico te abraza\\\" recibe con calidez a m\u00e1s de 14 mil paisanos | Nexo Informativo Santiago de Quer\u00e9taro\",\"isPartOf\":{\"@id\":\"https:\/\/www.nexoinformativo.mx\/#website\"},\"primaryImageOfPage\":{\"@id\":\"https:\/\/www.nexoinformativo.mx\/index.php\/2025\/05\/09\/mexico-te-abraza-recibe-con-calidez-a-mas-de-14-mil-paisanos\/#primaryimage\"},\"image\":{\"@id\":\"https:\/\/www.nexoinformativo.mx\/index.php\/2025\/05\/09\/mexico-te-abraza-recibe-con-calidez-a-mas-de-14-mil-paisanos\/#primaryimage\"},\"thumbnailUrl\":\"https:\/\/www.nexoinformativo.mx\/wp-content\/uploads\/2025\/05\/IMG_2917.jpg\",\"datePublished\":\"2025-05-09T18:00:53+00:00\",\"dateModified\":\"2025-05-09T20:02:56+00:00\",\"description\":\"\\\"M\u00e9xico te abraza\\\" recibe con calidez a m\u00e1s de 14 mil paisanos\",\"breadcrumb\":{\"@id\":\"https:\/\/www.nexoinformativo.mx\/index.php\/2025\/05\/09\/mexico-te-abraza-recibe-con-calidez-a-mas-de-14-mil-paisanos\/#breadcrumb\"},\"inLanguage\":\"es\",\"potentialAction\":[{\"@type\":\"ReadAction\",\"target\":[\"https:\/\/www.nexoinformativo.mx\/index.php\/2025\/05\/09\/mexico-te-abraza-recibe-con-calidez-a-mas-de-14-mil-paisanos\/\"]}]},{\"@type\":\"ImageObject\",\"inLanguage\":\"es\",\"@id\":\"https:\/\/www.nexoinformativo.mx\/index.php\/2025\/05\/09\/mexico-te-abraza-recibe-con-calidez-a-mas-de-14-mil-paisanos\/#primaryimage\",\"url\":\"https:\/\/www.nexoinformativo.mx\/wp-content\/uploads\/2025\/05\/IMG_2917.jpg\",\"contentUrl\":\"https:\/\/www.nexoinformativo.mx\/wp-content\/uploads\/2025\/05\/IMG_2917.jpg\",\"width\":650,\"height\":380},{\"@type\":\"BreadcrumbList\",\"@id\":\"https:\/\/www.nexoinformativo.mx\/index.php\/2025\/05\/09\/mexico-te-abraza-recibe-con-calidez-a-mas-de-14-mil-paisanos\/#breadcrumb\",\"itemListElement\":[{\"@type\":\"ListItem\",\"position\":1,\"name\":\"Inicio\",\"item\":\"https:\/\/www.nexoinformativo.mx\/\"},{\"@type\":\"ListItem\",\"position\":2,\"name\":\"&#8220;M\u00e9xico te abraza&#8221; recibe con calidez a m\u00e1s de 14 mil paisanos\"}]},{\"@type\":\"WebSite\",\"@id\":\"https:\/\/www.nexoinformativo.mx\/#website\",\"url\":\"https:\/\/www.nexoinformativo.mx\/\",\"name\":\"Nexo Informativo Santiago de Quer\u00e9taro\",\"description\":\"Explora NexoInformativo y convi\u00e9rtete en parte de una comunidad que valora el conocimiento y la verdad. Tu nexoinformativo es tu puente hacia una comprensi\u00f3n m\u00e1s profunda del mundo que te rodea.\",\"publisher\":{\"@id\":\"https:\/\/www.nexoinformativo.mx\/#organization\"},\"potentialAction\":[{\"@type\":\"SearchAction\",\"target\":{\"@type\":\"EntryPoint\",\"urlTemplate\":\"https:\/\/www.nexoinformativo.mx\/?s={search_term_string}\"},\"query-input\":{\"@type\":\"PropertyValueSpecification\",\"valueRequired\":true,\"valueName\":\"search_term_string\"}}],\"inLanguage\":\"es\"},{\"@type\":\"Organization\",\"@id\":\"https:\/\/www.nexoinformativo.mx\/#organization\",\"name\":\"Nexo Informativo Santiago de Quer\u00e9taro\",\"url\":\"https:\/\/www.nexoinformativo.mx\/\",\"logo\":{\"@type\":\"ImageObject\",\"inLanguage\":\"es\",\"@id\":\"https:\/\/www.nexoinformativo.mx\/#\/schema\/logo\/image\/\",\"url\":\"https:\/\/www.nexoinformativo.mx\/wp-content\/uploads\/2024\/07\/nexoi-trasparente-2.png\",\"contentUrl\":\"https:\/\/www.nexoinformativo.mx\/wp-content\/uploads\/2024\/07\/nexoi-trasparente-2.png\",\"width\":816,\"height\":339,\"caption\":\"Nexo Informativo Santiago de Quer\u00e9taro\"},\"image\":{\"@id\":\"https:\/\/www.nexoinformativo.mx\/#\/schema\/logo\/image\/\"},\"sameAs\":[\"https:\/\/www.facebook.com\/people\/Nexo-Informativo\/61564066885511\/\"]},{\"@type\":\"Person\",\"@id\":\"https:\/\/www.nexoinformativo.mx\/#\/schema\/person\/7749d380ba08c8ca00d7bc76fd907b7d\",\"name\":\"Nexo Informativo\",\"image\":{\"@type\":\"ImageObject\",\"inLanguage\":\"es\",\"@id\":\"https:\/\/www.nexoinformativo.mx\/#\/schema\/person\/image\/\",\"url\":\"https:\/\/secure.gravatar.com\/avatar\/dde2928154642a13d95f87ddf1ea9718fe2b46760a005c53e41ff5ad610704e6?s=96&d=mm&r=g\",\"contentUrl\":\"https:\/\/secure.gravatar.com\/avatar\/dde2928154642a13d95f87ddf1ea9718fe2b46760a005c53e41ff5ad610704e6?s=96&d=mm&r=g\",\"caption\":\"Nexo Informativo\"},\"url\":\"https:\/\/www.nexoinformativo.mx\/index.php\/author\/edicion\/\"}]}<\/script>\n<!-- \/ Yoast SEO plugin. -->","yoast_head_json":{"title":"\"M\u00e9xico te abraza\" recibe con calidez a m\u00e1s de 14 mil paisanos | Nexo Informativo Santiago de Quer\u00e9taro","description":"\"M\u00e9xico te abraza\" recibe con calidez a m\u00e1s de 14 mil paisanos","robots":{"index":"index","follow":"follow","max-snippet":"max-snippet:-1","max-image-preview":"max-image-preview:large","max-video-preview":"max-video-preview:-1"},"canonical":"https:\/\/www.nexoinformativo.mx\/index.php\/2025\/05\/09\/mexico-te-abraza-recibe-con-calidez-a-mas-de-14-mil-paisanos\/","og_locale":"es_MX","og_type":"article","og_title":"\"M\u00e9xico te abraza\" recibe con calidez a m\u00e1s de 14 mil paisanos | Nexo Informativo Santiago de Quer\u00e9taro","og_description":"\"M\u00e9xico te abraza\" recibe con calidez a m\u00e1s de 14 mil paisanos","og_url":"https:\/\/www.nexoinformativo.mx\/index.php\/2025\/05\/09\/mexico-te-abraza-recibe-con-calidez-a-mas-de-14-mil-paisanos\/","og_site_name":"Nexo Informativo Santiago de Quer\u00e9taro","article_publisher":"https:\/\/www.facebook.com\/people\/Nexo-Informativo\/61564066885511\/","article_published_time":"2025-05-09T18:00:53+00:00","article_modified_time":"2025-05-09T20:02:56+00:00","og_image":[{"width":650,"height":380,"url":"https:\/\/www.nexoinformativo.mx\/wp-content\/uploads\/2025\/05\/IMG_2917.jpg","type":"image\/jpeg"}],"author":"Nexo Informativo","twitter_card":"summary_large_image","twitter_misc":{"Escrito por":"Nexo Informativo","Tiempo de lectura":"2 minutos"},"schema":{"@context":"https:\/\/schema.org","@graph":[{"@type":"Article","@id":"https:\/\/www.nexoinformativo.mx\/index.php\/2025\/05\/09\/mexico-te-abraza-recibe-con-calidez-a-mas-de-14-mil-paisanos\/#article","isPartOf":{"@id":"https:\/\/www.nexoinformativo.mx\/index.php\/2025\/05\/09\/mexico-te-abraza-recibe-con-calidez-a-mas-de-14-mil-paisanos\/"},"author":{"name":"Nexo Informativo","@id":"https:\/\/www.nexoinformativo.mx\/#\/schema\/person\/7749d380ba08c8ca00d7bc76fd907b7d"},"headline":"&#8220;M\u00e9xico te abraza&#8221; recibe con calidez a m\u00e1s de 14 mil paisanos","datePublished":"2025-05-09T18:00:53+00:00","dateModified":"2025-05-09T20:02:56+00:00","mainEntityOfPage":{"@id":"https:\/\/www.nexoinformativo.mx\/index.php\/2025\/05\/09\/mexico-te-abraza-recibe-con-calidez-a-mas-de-14-mil-paisanos\/"},"wordCount":417,"commentCount":0,"publisher":{"@id":"https:\/\/www.nexoinformativo.mx\/#organization"},"image":{"@id":"https:\/\/www.nexoinformativo.mx\/index.php\/2025\/05\/09\/mexico-te-abraza-recibe-con-calidez-a-mas-de-14-mil-paisanos\/#primaryimage"},"thumbnailUrl":"https:\/\/www.nexoinformativo.mx\/wp-content\/uploads\/2025\/05\/IMG_2917.jpg","keywords":["BienestarMigrante","M\u00e9xicoTeAbraza","Paisanos","Repatriaci\u00f3nMX"],"articleSection":["Nacional","\u00daltima Hora"],"inLanguage":"es","potentialAction":[{"@type":"CommentAction","name":"Comment","target":["https:\/\/www.nexoinformativo.mx\/index.php\/2025\/05\/09\/mexico-te-abraza-recibe-con-calidez-a-mas-de-14-mil-paisanos\/#respond"]}]},{"@type":"WebPage","@id":"https:\/\/www.nexoinformativo.mx\/index.php\/2025\/05\/09\/mexico-te-abraza-recibe-con-calidez-a-mas-de-14-mil-paisanos\/","url":"https:\/\/www.nexoinformativo.mx\/index.php\/2025\/05\/09\/mexico-te-abraza-recibe-con-calidez-a-mas-de-14-mil-paisanos\/","name":"\"M\u00e9xico te abraza\" recibe con calidez a m\u00e1s de 14 mil paisanos | Nexo Informativo Santiago de Quer\u00e9taro","isPartOf":{"@id":"https:\/\/www.nexoinformativo.mx\/#website"},"primaryImageOfPage":{"@id":"https:\/\/www.nexoinformativo.mx\/index.php\/2025\/05\/09\/mexico-te-abraza-recibe-con-calidez-a-mas-de-14-mil-paisanos\/#primaryimage"},"image":{"@id":"https:\/\/www.nexoinformativo.mx\/index.php\/2025\/05\/09\/mexico-te-abraza-recibe-con-calidez-a-mas-de-14-mil-paisanos\/#primaryimage"},"thumbnailUrl":"https:\/\/www.nexoinformativo.mx\/wp-content\/uploads\/2025\/05\/IMG_2917.jpg","datePublished":"2025-05-09T18:00:53+00:00","dateModified":"2025-05-09T20:02:56+00:00","description":"\"M\u00e9xico te abraza\" recibe con calidez a m\u00e1s de 14 mil paisanos","breadcrumb":{"@id":"https:\/\/www.nexoinformativo.mx\/index.php\/2025\/05\/09\/mexico-te-abraza-recibe-con-calidez-a-mas-de-14-mil-paisanos\/#breadcrumb"},"inLanguage":"es","potentialAction":[{"@type":"ReadAction","target":["https:\/\/www.nexoinformativo.mx\/index.php\/2025\/05\/09\/mexico-te-abraza-recibe-con-calidez-a-mas-de-14-mil-paisanos\/"]}]},{"@type":"ImageObject","inLanguage":"es","@id":"https:\/\/www.nexoinformativo.mx\/index.php\/2025\/05\/09\/mexico-te-abraza-recibe-con-calidez-a-mas-de-14-mil-paisanos\/#primaryimage","url":"https:\/\/www.nexoinformativo.mx\/wp-content\/uploads\/2025\/05\/IMG_2917.jpg","contentUrl":"https:\/\/www.nexoinformativo.mx\/wp-content\/uploads\/2025\/05\/IMG_2917.jpg","width":650,"height":380},{"@type":"BreadcrumbList","@id":"https:\/\/www.nexoinformativo.mx\/index.php\/2025\/05\/09\/mexico-te-abraza-recibe-con-calidez-a-mas-de-14-mil-paisanos\/#breadcrumb","itemListElement":[{"@type":"ListItem","position":1,"name":"Inicio","item":"https:\/\/www.nexoinformativo.mx\/"},{"@type":"ListItem","position":2,"name":"&#8220;M\u00e9xico te abraza&#8221; recibe con calidez a m\u00e1s de 14 mil paisanos"}]},{"@type":"WebSite","@id":"https:\/\/www.nexoinformativo.mx\/#website","url":"https:\/\/www.nexoinformativo.mx\/","name":"Nexo Informativo Santiago de Quer\u00e9taro","description":"Explora NexoInformativo y convi\u00e9rtete en parte de una comunidad que valora el conocimiento y la verdad. Tu nexoinformativo es tu puente hacia una comprensi\u00f3n m\u00e1s profunda del mundo que te rodea.","publisher":{"@id":"https:\/\/www.nexoinformativo.mx\/#organization"},"potentialAction":[{"@type":"SearchAction","target":{"@type":"EntryPoint","urlTemplate":"https:\/\/www.nexoinformativo.mx\/?s={search_term_string}"},"query-input":{"@type":"PropertyValueSpecification","valueRequired":true,"valueName":"search_term_string"}}],"inLanguage":"es"},{"@type":"Organization","@id":"https:\/\/www.nexoinformativo.mx\/#organization","name":"Nexo Informativo Santiago de Quer\u00e9taro","url":"https:\/\/www.nexoinformativo.mx\/","logo":{"@type":"ImageObject","inLanguage":"es","@id":"https:\/\/www.nexoinformativo.mx\/#\/schema\/logo\/image\/","url":"https:\/\/www.nexoinformativo.mx\/wp-content\/uploads\/2024\/07\/nexoi-trasparente-2.png","contentUrl":"https:\/\/www.nexoinformativo.mx\/wp-content\/uploads\/2024\/07\/nexoi-trasparente-2.png","width":816,"height":339,"caption":"Nexo Informativo Santiago de Quer\u00e9taro"},"image":{"@id":"https:\/\/www.nexoinformativo.mx\/#\/schema\/logo\/image\/"},"sameAs":["https:\/\/www.facebook.com\/people\/Nexo-Informativo\/61564066885511\/"]},{"@type":"Person","@id":"https:\/\/www.nexoinformativo.mx\/#\/schema\/person\/7749d380ba08c8ca00d7bc76fd907b7d","name":"Nexo Informativo","image":{"@type":"ImageObject","inLanguage":"es","@id":"https:\/\/www.nexoinformativo.mx\/#\/schema\/person\/image\/","url":"https:\/\/secure.gravatar.com\/avatar\/dde2928154642a13d95f87ddf1ea9718fe2b46760a005c53e41ff5ad610704e6?s=96&d=mm&r=g","contentUrl":"https:\/\/secure.gravatar.com\/avatar\/dde2928154642a13d95f87ddf1ea9718fe2b46760a005c53e41ff5ad610704e6?s=96&d=mm&r=g","caption":"Nexo Informativo"},"url":"https:\/\/www.nexoinformativo.mx\/index.php\/author\/edicion\/"}]}},"_links":{"self":[{"href":"https:\/\/www.nexoinformativo.mx\/index.php\/wp-json\/wp\/v2\/posts\/14884","targetHints":{"allow":["GET"]}}],"collection":[{"href":"https:\/\/www.nexoinformativo.mx\/index.php\/wp-json\/wp\/v2\/posts"}],"about":[{"href":"https:\/\/www.nexoinformativo.mx\/index.php\/wp-json\/wp\/v2\/types\/post"}],"author":[{"embeddable":true,"href":"https:\/\/www.nexoinformativo.mx\/index.php\/wp-json\/wp\/v2\/users\/3"}],"replies":[{"embeddable":true,"href":"https:\/\/www.nexoinformativo.mx\/index.php\/wp-json\/wp\/v2\/comments?post=14884"}],"version-history":[{"count":5,"href":"https:\/\/www.nexoinformativo.mx\/index.php\/wp-json\/wp\/v2\/posts\/14884\/revisions"}],"predecessor-version":[{"id":14890,"href":"https:\/\/www.nexoinformativo.mx\/index.php\/wp-json\/wp\/v2\/posts\/14884\/revisions\/14890"}],"wp:featuredmedia":[{"embeddable":true,"href":"https:\/\/www.nexoinformativo.mx\/index.php\/wp-json\/wp\/v2\/media\/14885"}],"wp:attachment":[{"href":"https:\/\/www.nexoinformativo.mx\/index.php\/wp-json\/wp\/v2\/media?parent=14884"}],"wp:term":[{"taxonomy":"category","embeddable":true,"href":"https:\/\/www.nexoinformativo.mx\/index.php\/wp-json\/wp\/v2\/categories?post=14884"},{"taxonomy":"post_tag","embeddable":true,"href":"https:\/\/www.nexoinformativo.mx\/index.php\/wp-json\/wp\/v2\/tags?post=14884"}],"curies":[{"name":"wp","href":"https:\/\/api.w.org\/{rel}","templated":true}]}}