{"id":14891,"date":"2025-05-09T13:00:15","date_gmt":"2025-05-09T19:00:15","guid":{"rendered":"https:\/\/www.nexoinformativo.mx\/?p=14891"},"modified":"2025-05-09T14:10:37","modified_gmt":"2025-05-09T20:10:37","slug":"advertencia-a-los-riders-queretaro-no-cedera-ante-amenazas-y-sancionara-a-motociclistas-irregulares","status":"publish","type":"post","link":"https:\/\/www.nexoinformativo.mx\/index.php\/2025\/05\/09\/advertencia-a-los-riders-queretaro-no-cedera-ante-amenazas-y-sancionara-a-motociclistas-irregulares\/","title":{"rendered":"Advertencia a los riders Quer\u00e9taro no ceder\u00e1 ante amenazas y sancionar\u00e1 a motociclistas irregulares"},"content":{"rendered":"<p style=\"text-align: justify;\" data-sourcepos=\"3:1-3:301\">El presidente municipal de Quer\u00e9taro, Felifer Mac\u00edas, fue contundente ante la amenaza de grupos de motociclistas de volver a bloquear Paseo 5 de Febrero: quien viole el reglamento de tr\u00e1nsito enfrentar\u00e1 sanciones y consecuencias claras.<\/p>\n<\/p>\n<p>&nbsp;<\/p>\n<p style=\"text-align: justify;\" data-sourcepos=\"5:1-5:299\">El alcalde inform\u00f3 que el operativo realizado la noche del jueves ya dej\u00f3 una muestra de la postura del gobierno municipal, con tres motociclistas remitidos a Juzgados C\u00edvicos, tres unidades enviadas al corral\u00f3n y una persona puesta a disposici\u00f3n de la Fiscal\u00eda por lesiones a un oficial de polic\u00eda.<\/p>\n<\/p>\n<p>&nbsp;<\/p>\n<p style=\"text-align: justify;\" data-sourcepos=\"7:1-7:379\"><strong>&#8220;Que quede claro y es un llamado a estas agrupaciones que quien violente los reglamentos va haber sanciones y consecuencias y ah\u00ed est\u00e1n muy claras las cosas el d\u00eda de ayer ayer con cuatro motociclistas sancionados, remitidos a Juzgados C\u00edvicos remiti\u00f3 a dos a juzgados y a Fiscal\u00eda, entonces es un llamado muy claro a que respetan los reglamentos&#8221;<\/strong>, enfatiz\u00f3 el presidente Mac\u00edas.<\/p>\n<\/p>\n<p>&nbsp;<\/p>\n<p style=\"text-align: justify;\" data-sourcepos=\"9:1-9:207\">El edil recalc\u00f3 que no se permitir\u00e1 que se perturbe el orden p\u00fablico ni que se violen las leyes de la ciudad, reconociendo la labor de la Secretar\u00eda de Seguridad P\u00fablica Municipal en la aplicaci\u00f3n de la ley.<\/p>\n<\/p>\n<p>&nbsp;<\/p>\n<p style=\"text-align: justify;\" data-sourcepos=\"13:1-13:112\">Finalmente, inform\u00f3 que el elemento polic\u00edaco lesionado se encuentra estable, presentando heridas en una pierna.<\/p>\n<\/p>\n<p>&nbsp;<\/p>\n<p style=\"text-align: center;\" data-sourcepos=\"13:1-13:112\"><em><strong>\u00a1Informaci\u00f3n que transforma!<\/strong><\/em><\/p>\n","protected":false},"excerpt":{"rendered":"<p>El presidente municipal de Quer\u00e9taro, Felifer Mac\u00edas, fue contundente ante la amenaza de grupos de motociclistas de volver a bloquear Paseo 5 de Febrero: quien viole el reglamento de tr\u00e1nsito enfrentar\u00e1 sanciones y consecuencias claras.<\/p>\n","protected":false},"author":3,"featured_media":14892,"comment_status":"open","ping_status":"open","sticky":false,"template":"","format":"standard","meta":{"footnotes":""},"categories":[65,137,58],"tags":[3129,4434,242,4433],"class_list":["post-14891","post","type-post","status-publish","format-standard","has-post-thumbnail","hentry","category-municipios","category-sucesos","category-ultima-hora","tag-cerotolerancia","tag-motociclistasqro","tag-queretaroseguro","tag-reglamentodetransito"],"yoast_head":"<!-- This site is optimized with the Yoast SEO plugin v25.0 - https:\/\/yoast.com\/wordpress\/plugins\/seo\/ -->\n<title>Advertencia a los riders Quer\u00e9taro no ceder\u00e1 ante amenazas y sancionar\u00e1 a motociclistas irregulares | Nexo Informativo Santiago de Quer\u00e9taro<\/title>\n<meta name=\"description\" content=\"Advertencia a los riders Quer\u00e9taro no ceder\u00e1 ante amenazas y sancionar\u00e1 a motociclistas irregulares\" \/>\n<meta name=\"robots\" content=\"index, follow, max-snippet:-1, max-image-preview:large, max-video-preview:-1\" \/>\n<link rel=\"canonical\" href=\"https:\/\/www.nexoinformativo.mx\/index.php\/2025\/05\/09\/advertencia-a-los-riders-queretaro-no-cedera-ante-amenazas-y-sancionara-a-motociclistas-irregulares\/\" \/>\n<meta property=\"og:locale\" content=\"es_MX\" \/>\n<meta property=\"og:type\" content=\"article\" \/>\n<meta property=\"og:title\" content=\"Advertencia a los riders Quer\u00e9taro no ceder\u00e1 ante amenazas y sancionar\u00e1 a motociclistas irregulares | Nexo Informativo Santiago de Quer\u00e9taro\" \/>\n<meta property=\"og:description\" content=\"Advertencia a los riders Quer\u00e9taro no ceder\u00e1 ante amenazas y sancionar\u00e1 a motociclistas irregulares\" \/>\n<meta property=\"og:url\" content=\"https:\/\/www.nexoinformativo.mx\/index.php\/2025\/05\/09\/advertencia-a-los-riders-queretaro-no-cedera-ante-amenazas-y-sancionara-a-motociclistas-irregulares\/\" \/>\n<meta property=\"og:site_name\" content=\"Nexo Informativo Santiago de Quer\u00e9taro\" \/>\n<meta property=\"article:publisher\" content=\"https:\/\/www.facebook.com\/people\/Nexo-Informativo\/61564066885511\/\" \/>\n<meta property=\"article:published_time\" content=\"2025-05-09T19:00:15+00:00\" \/>\n<meta property=\"article:modified_time\" content=\"2025-05-09T20:10:37+00:00\" \/>\n<meta property=\"og:image\" content=\"https:\/\/www.nexoinformativo.mx\/wp-content\/uploads\/2025\/05\/PHOTO-2025-05-09-13-24-42-scaled-e1746821404492.jpg\" \/>\n\t<meta property=\"og:image:width\" content=\"800\" \/>\n\t<meta property=\"og:image:height\" content=\"600\" \/>\n\t<meta property=\"og:image:type\" content=\"image\/jpeg\" \/>\n<meta name=\"author\" content=\"Nexo Informativo\" \/>\n<meta name=\"twitter:card\" content=\"summary_large_image\" \/>\n<meta name=\"twitter:label1\" content=\"Escrito por\" \/>\n\t<meta name=\"twitter:data1\" content=\"Nexo Informativo\" \/>\n\t<meta name=\"twitter:label2\" content=\"Tiempo de lectura\" \/>\n\t<meta name=\"twitter:data2\" content=\"2 minutos\" \/>\n<script type=\"application\/ld+json\" class=\"yoast-schema-graph\">{\"@context\":\"https:\/\/schema.org\",\"@graph\":[{\"@type\":\"Article\",\"@id\":\"https:\/\/www.nexoinformativo.mx\/index.php\/2025\/05\/09\/advertencia-a-los-riders-queretaro-no-cedera-ante-amenazas-y-sancionara-a-motociclistas-irregulares\/#article\",\"isPartOf\":{\"@id\":\"https:\/\/www.nexoinformativo.mx\/index.php\/2025\/05\/09\/advertencia-a-los-riders-queretaro-no-cedera-ante-amenazas-y-sancionara-a-motociclistas-irregulares\/\"},\"author\":{\"name\":\"Nexo Informativo\",\"@id\":\"https:\/\/www.nexoinformativo.mx\/#\/schema\/person\/7749d380ba08c8ca00d7bc76fd907b7d\"},\"headline\":\"Advertencia a los riders Quer\u00e9taro no ceder\u00e1 ante amenazas y sancionar\u00e1 a motociclistas irregulares\",\"datePublished\":\"2025-05-09T19:00:15+00:00\",\"dateModified\":\"2025-05-09T20:10:37+00:00\",\"mainEntityOfPage\":{\"@id\":\"https:\/\/www.nexoinformativo.mx\/index.php\/2025\/05\/09\/advertencia-a-los-riders-queretaro-no-cedera-ante-amenazas-y-sancionara-a-motociclistas-irregulares\/\"},\"wordCount\":241,\"commentCount\":0,\"publisher\":{\"@id\":\"https:\/\/www.nexoinformativo.mx\/#organization\"},\"image\":{\"@id\":\"https:\/\/www.nexoinformativo.mx\/index.php\/2025\/05\/09\/advertencia-a-los-riders-queretaro-no-cedera-ante-amenazas-y-sancionara-a-motociclistas-irregulares\/#primaryimage\"},\"thumbnailUrl\":\"https:\/\/www.nexoinformativo.mx\/wp-content\/uploads\/2025\/05\/PHOTO-2025-05-09-13-24-42-scaled-e1746821404492.jpg\",\"keywords\":[\"CeroTolerancia\",\"MotociclistasQro\",\"QueretaroSeguro\",\"ReglamentoDeTr\u00e1nsito\"],\"articleSection\":[\"Municipios\",\"Sucesos\",\"\u00daltima Hora\"],\"inLanguage\":\"es\",\"potentialAction\":[{\"@type\":\"CommentAction\",\"name\":\"Comment\",\"target\":[\"https:\/\/www.nexoinformativo.mx\/index.php\/2025\/05\/09\/advertencia-a-los-riders-queretaro-no-cedera-ante-amenazas-y-sancionara-a-motociclistas-irregulares\/#respond\"]}]},{\"@type\":\"WebPage\",\"@id\":\"https:\/\/www.nexoinformativo.mx\/index.php\/2025\/05\/09\/advertencia-a-los-riders-queretaro-no-cedera-ante-amenazas-y-sancionara-a-motociclistas-irregulares\/\",\"url\":\"https:\/\/www.nexoinformativo.mx\/index.php\/2025\/05\/09\/advertencia-a-los-riders-queretaro-no-cedera-ante-amenazas-y-sancionara-a-motociclistas-irregulares\/\",\"name\":\"Advertencia a los riders Quer\u00e9taro no ceder\u00e1 ante amenazas y sancionar\u00e1 a motociclistas irregulares | Nexo Informativo Santiago de Quer\u00e9taro\",\"isPartOf\":{\"@id\":\"https:\/\/www.nexoinformativo.mx\/#website\"},\"primaryImageOfPage\":{\"@id\":\"https:\/\/www.nexoinformativo.mx\/index.php\/2025\/05\/09\/advertencia-a-los-riders-queretaro-no-cedera-ante-amenazas-y-sancionara-a-motociclistas-irregulares\/#primaryimage\"},\"image\":{\"@id\":\"https:\/\/www.nexoinformativo.mx\/index.php\/2025\/05\/09\/advertencia-a-los-riders-queretaro-no-cedera-ante-amenazas-y-sancionara-a-motociclistas-irregulares\/#primaryimage\"},\"thumbnailUrl\":\"https:\/\/www.nexoinformativo.mx\/wp-content\/uploads\/2025\/05\/PHOTO-2025-05-09-13-24-42-scaled-e1746821404492.jpg\",\"datePublished\":\"2025-05-09T19:00:15+00:00\",\"dateModified\":\"2025-05-09T20:10:37+00:00\",\"description\":\"Advertencia a los riders Quer\u00e9taro no ceder\u00e1 ante amenazas y sancionar\u00e1 a motociclistas irregulares\",\"breadcrumb\":{\"@id\":\"https:\/\/www.nexoinformativo.mx\/index.php\/2025\/05\/09\/advertencia-a-los-riders-queretaro-no-cedera-ante-amenazas-y-sancionara-a-motociclistas-irregulares\/#breadcrumb\"},\"inLanguage\":\"es\",\"potentialAction\":[{\"@type\":\"ReadAction\",\"target\":[\"https:\/\/www.nexoinformativo.mx\/index.php\/2025\/05\/09\/advertencia-a-los-riders-queretaro-no-cedera-ante-amenazas-y-sancionara-a-motociclistas-irregulares\/\"]}]},{\"@type\":\"ImageObject\",\"inLanguage\":\"es\",\"@id\":\"https:\/\/www.nexoinformativo.mx\/index.php\/2025\/05\/09\/advertencia-a-los-riders-queretaro-no-cedera-ante-amenazas-y-sancionara-a-motociclistas-irregulares\/#primaryimage\",\"url\":\"https:\/\/www.nexoinformativo.mx\/wp-content\/uploads\/2025\/05\/PHOTO-2025-05-09-13-24-42-scaled-e1746821404492.jpg\",\"contentUrl\":\"https:\/\/www.nexoinformativo.mx\/wp-content\/uploads\/2025\/05\/PHOTO-2025-05-09-13-24-42-scaled-e1746821404492.jpg\",\"width\":800,\"height\":600},{\"@type\":\"BreadcrumbList\",\"@id\":\"https:\/\/www.nexoinformativo.mx\/index.php\/2025\/05\/09\/advertencia-a-los-riders-queretaro-no-cedera-ante-amenazas-y-sancionara-a-motociclistas-irregulares\/#breadcrumb\",\"itemListElement\":[{\"@type\":\"ListItem\",\"position\":1,\"name\":\"Inicio\",\"item\":\"https:\/\/www.nexoinformativo.mx\/\"},{\"@type\":\"ListItem\",\"position\":2,\"name\":\"Advertencia a los riders Quer\u00e9taro no ceder\u00e1 ante amenazas y sancionar\u00e1 a motociclistas irregulares\"}]},{\"@type\":\"WebSite\",\"@id\":\"https:\/\/www.nexoinformativo.mx\/#website\",\"url\":\"https:\/\/www.nexoinformativo.mx\/\",\"name\":\"Nexo Informativo Santiago de Quer\u00e9taro\",\"description\":\"Explora NexoInformativo y convi\u00e9rtete en parte de una comunidad que valora el conocimiento y la verdad. Tu nexoinformativo es tu puente hacia una comprensi\u00f3n m\u00e1s profunda del mundo que te rodea.\",\"publisher\":{\"@id\":\"https:\/\/www.nexoinformativo.mx\/#organization\"},\"potentialAction\":[{\"@type\":\"SearchAction\",\"target\":{\"@type\":\"EntryPoint\",\"urlTemplate\":\"https:\/\/www.nexoinformativo.mx\/?s={search_term_string}\"},\"query-input\":{\"@type\":\"PropertyValueSpecification\",\"valueRequired\":true,\"valueName\":\"search_term_string\"}}],\"inLanguage\":\"es\"},{\"@type\":\"Organization\",\"@id\":\"https:\/\/www.nexoinformativo.mx\/#organization\",\"name\":\"Nexo Informativo Santiago de Quer\u00e9taro\",\"url\":\"https:\/\/www.nexoinformativo.mx\/\",\"logo\":{\"@type\":\"ImageObject\",\"inLanguage\":\"es\",\"@id\":\"https:\/\/www.nexoinformativo.mx\/#\/schema\/logo\/image\/\",\"url\":\"https:\/\/www.nexoinformativo.mx\/wp-content\/uploads\/2024\/07\/nexoi-trasparente-2.png\",\"contentUrl\":\"https:\/\/www.nexoinformativo.mx\/wp-content\/uploads\/2024\/07\/nexoi-trasparente-2.png\",\"width\":816,\"height\":339,\"caption\":\"Nexo Informativo Santiago de Quer\u00e9taro\"},\"image\":{\"@id\":\"https:\/\/www.nexoinformativo.mx\/#\/schema\/logo\/image\/\"},\"sameAs\":[\"https:\/\/www.facebook.com\/people\/Nexo-Informativo\/61564066885511\/\"]},{\"@type\":\"Person\",\"@id\":\"https:\/\/www.nexoinformativo.mx\/#\/schema\/person\/7749d380ba08c8ca00d7bc76fd907b7d\",\"name\":\"Nexo Informativo\",\"image\":{\"@type\":\"ImageObject\",\"inLanguage\":\"es\",\"@id\":\"https:\/\/www.nexoinformativo.mx\/#\/schema\/person\/image\/\",\"url\":\"https:\/\/secure.gravatar.com\/avatar\/dde2928154642a13d95f87ddf1ea9718fe2b46760a005c53e41ff5ad610704e6?s=96&d=mm&r=g\",\"contentUrl\":\"https:\/\/secure.gravatar.com\/avatar\/dde2928154642a13d95f87ddf1ea9718fe2b46760a005c53e41ff5ad610704e6?s=96&d=mm&r=g\",\"caption\":\"Nexo Informativo\"},\"url\":\"https:\/\/www.nexoinformativo.mx\/index.php\/author\/edicion\/\"}]}<\/script>\n<!-- \/ Yoast SEO plugin. -->","yoast_head_json":{"title":"Advertencia a los riders Quer\u00e9taro no ceder\u00e1 ante amenazas y sancionar\u00e1 a motociclistas irregulares | Nexo Informativo Santiago de Quer\u00e9taro","description":"Advertencia a los riders Quer\u00e9taro no ceder\u00e1 ante amenazas y sancionar\u00e1 a motociclistas irregulares","robots":{"index":"index","follow":"follow","max-snippet":"max-snippet:-1","max-image-preview":"max-image-preview:large","max-video-preview":"max-video-preview:-1"},"canonical":"https:\/\/www.nexoinformativo.mx\/index.php\/2025\/05\/09\/advertencia-a-los-riders-queretaro-no-cedera-ante-amenazas-y-sancionara-a-motociclistas-irregulares\/","og_locale":"es_MX","og_type":"article","og_title":"Advertencia a los riders Quer\u00e9taro no ceder\u00e1 ante amenazas y sancionar\u00e1 a motociclistas irregulares | Nexo Informativo Santiago de Quer\u00e9taro","og_description":"Advertencia a los riders Quer\u00e9taro no ceder\u00e1 ante amenazas y sancionar\u00e1 a motociclistas irregulares","og_url":"https:\/\/www.nexoinformativo.mx\/index.php\/2025\/05\/09\/advertencia-a-los-riders-queretaro-no-cedera-ante-amenazas-y-sancionara-a-motociclistas-irregulares\/","og_site_name":"Nexo Informativo Santiago de Quer\u00e9taro","article_publisher":"https:\/\/www.facebook.com\/people\/Nexo-Informativo\/61564066885511\/","article_published_time":"2025-05-09T19:00:15+00:00","article_modified_time":"2025-05-09T20:10:37+00:00","og_image":[{"width":800,"height":600,"url":"https:\/\/www.nexoinformativo.mx\/wp-content\/uploads\/2025\/05\/PHOTO-2025-05-09-13-24-42-scaled-e1746821404492.jpg","type":"image\/jpeg"}],"author":"Nexo Informativo","twitter_card":"summary_large_image","twitter_misc":{"Escrito por":"Nexo Informativo","Tiempo de lectura":"2 minutos"},"schema":{"@context":"https:\/\/schema.org","@graph":[{"@type":"Article","@id":"https:\/\/www.nexoinformativo.mx\/index.php\/2025\/05\/09\/advertencia-a-los-riders-queretaro-no-cedera-ante-amenazas-y-sancionara-a-motociclistas-irregulares\/#article","isPartOf":{"@id":"https:\/\/www.nexoinformativo.mx\/index.php\/2025\/05\/09\/advertencia-a-los-riders-queretaro-no-cedera-ante-amenazas-y-sancionara-a-motociclistas-irregulares\/"},"author":{"name":"Nexo Informativo","@id":"https:\/\/www.nexoinformativo.mx\/#\/schema\/person\/7749d380ba08c8ca00d7bc76fd907b7d"},"headline":"Advertencia a los riders Quer\u00e9taro no ceder\u00e1 ante amenazas y sancionar\u00e1 a motociclistas irregulares","datePublished":"2025-05-09T19:00:15+00:00","dateModified":"2025-05-09T20:10:37+00:00","mainEntityOfPage":{"@id":"https:\/\/www.nexoinformativo.mx\/index.php\/2025\/05\/09\/advertencia-a-los-riders-queretaro-no-cedera-ante-amenazas-y-sancionara-a-motociclistas-irregulares\/"},"wordCount":241,"commentCount":0,"publisher":{"@id":"https:\/\/www.nexoinformativo.mx\/#organization"},"image":{"@id":"https:\/\/www.nexoinformativo.mx\/index.php\/2025\/05\/09\/advertencia-a-los-riders-queretaro-no-cedera-ante-amenazas-y-sancionara-a-motociclistas-irregulares\/#primaryimage"},"thumbnailUrl":"https:\/\/www.nexoinformativo.mx\/wp-content\/uploads\/2025\/05\/PHOTO-2025-05-09-13-24-42-scaled-e1746821404492.jpg","keywords":["CeroTolerancia","MotociclistasQro","QueretaroSeguro","ReglamentoDeTr\u00e1nsito"],"articleSection":["Municipios","Sucesos","\u00daltima Hora"],"inLanguage":"es","potentialAction":[{"@type":"CommentAction","name":"Comment","target":["https:\/\/www.nexoinformativo.mx\/index.php\/2025\/05\/09\/advertencia-a-los-riders-queretaro-no-cedera-ante-amenazas-y-sancionara-a-motociclistas-irregulares\/#respond"]}]},{"@type":"WebPage","@id":"https:\/\/www.nexoinformativo.mx\/index.php\/2025\/05\/09\/advertencia-a-los-riders-queretaro-no-cedera-ante-amenazas-y-sancionara-a-motociclistas-irregulares\/","url":"https:\/\/www.nexoinformativo.mx\/index.php\/2025\/05\/09\/advertencia-a-los-riders-queretaro-no-cedera-ante-amenazas-y-sancionara-a-motociclistas-irregulares\/","name":"Advertencia a los riders Quer\u00e9taro no ceder\u00e1 ante amenazas y sancionar\u00e1 a motociclistas irregulares | Nexo Informativo Santiago de Quer\u00e9taro","isPartOf":{"@id":"https:\/\/www.nexoinformativo.mx\/#website"},"primaryImageOfPage":{"@id":"https:\/\/www.nexoinformativo.mx\/index.php\/2025\/05\/09\/advertencia-a-los-riders-queretaro-no-cedera-ante-amenazas-y-sancionara-a-motociclistas-irregulares\/#primaryimage"},"image":{"@id":"https:\/\/www.nexoinformativo.mx\/index.php\/2025\/05\/09\/advertencia-a-los-riders-queretaro-no-cedera-ante-amenazas-y-sancionara-a-motociclistas-irregulares\/#primaryimage"},"thumbnailUrl":"https:\/\/www.nexoinformativo.mx\/wp-content\/uploads\/2025\/05\/PHOTO-2025-05-09-13-24-42-scaled-e1746821404492.jpg","datePublished":"2025-05-09T19:00:15+00:00","dateModified":"2025-05-09T20:10:37+00:00","description":"Advertencia a los riders Quer\u00e9taro no ceder\u00e1 ante amenazas y sancionar\u00e1 a motociclistas irregulares","breadcrumb":{"@id":"https:\/\/www.nexoinformativo.mx\/index.php\/2025\/05\/09\/advertencia-a-los-riders-queretaro-no-cedera-ante-amenazas-y-sancionara-a-motociclistas-irregulares\/#breadcrumb"},"inLanguage":"es","potentialAction":[{"@type":"ReadAction","target":["https:\/\/www.nexoinformativo.mx\/index.php\/2025\/05\/09\/advertencia-a-los-riders-queretaro-no-cedera-ante-amenazas-y-sancionara-a-motociclistas-irregulares\/"]}]},{"@type":"ImageObject","inLanguage":"es","@id":"https:\/\/www.nexoinformativo.mx\/index.php\/2025\/05\/09\/advertencia-a-los-riders-queretaro-no-cedera-ante-amenazas-y-sancionara-a-motociclistas-irregulares\/#primaryimage","url":"https:\/\/www.nexoinformativo.mx\/wp-content\/uploads\/2025\/05\/PHOTO-2025-05-09-13-24-42-scaled-e1746821404492.jpg","contentUrl":"https:\/\/www.nexoinformativo.mx\/wp-content\/uploads\/2025\/05\/PHOTO-2025-05-09-13-24-42-scaled-e1746821404492.jpg","width":800,"height":600},{"@type":"BreadcrumbList","@id":"https:\/\/www.nexoinformativo.mx\/index.php\/2025\/05\/09\/advertencia-a-los-riders-queretaro-no-cedera-ante-amenazas-y-sancionara-a-motociclistas-irregulares\/#breadcrumb","itemListElement":[{"@type":"ListItem","position":1,"name":"Inicio","item":"https:\/\/www.nexoinformativo.mx\/"},{"@type":"ListItem","position":2,"name":"Advertencia a los riders Quer\u00e9taro no ceder\u00e1 ante amenazas y sancionar\u00e1 a motociclistas irregulares"}]},{"@type":"WebSite","@id":"https:\/\/www.nexoinformativo.mx\/#website","url":"https:\/\/www.nexoinformativo.mx\/","name":"Nexo Informativo Santiago de Quer\u00e9taro","description":"Explora NexoInformativo y convi\u00e9rtete en parte de una comunidad que valora el conocimiento y la verdad. Tu nexoinformativo es tu puente hacia una comprensi\u00f3n m\u00e1s profunda del mundo que te rodea.","publisher":{"@id":"https:\/\/www.nexoinformativo.mx\/#organization"},"potentialAction":[{"@type":"SearchAction","target":{"@type":"EntryPoint","urlTemplate":"https:\/\/www.nexoinformativo.mx\/?s={search_term_string}"},"query-input":{"@type":"PropertyValueSpecification","valueRequired":true,"valueName":"search_term_string"}}],"inLanguage":"es"},{"@type":"Organization","@id":"https:\/\/www.nexoinformativo.mx\/#organization","name":"Nexo Informativo Santiago de Quer\u00e9taro","url":"https:\/\/www.nexoinformativo.mx\/","logo":{"@type":"ImageObject","inLanguage":"es","@id":"https:\/\/www.nexoinformativo.mx\/#\/schema\/logo\/image\/","url":"https:\/\/www.nexoinformativo.mx\/wp-content\/uploads\/2024\/07\/nexoi-trasparente-2.png","contentUrl":"https:\/\/www.nexoinformativo.mx\/wp-content\/uploads\/2024\/07\/nexoi-trasparente-2.png","width":816,"height":339,"caption":"Nexo Informativo Santiago de Quer\u00e9taro"},"image":{"@id":"https:\/\/www.nexoinformativo.mx\/#\/schema\/logo\/image\/"},"sameAs":["https:\/\/www.facebook.com\/people\/Nexo-Informativo\/61564066885511\/"]},{"@type":"Person","@id":"https:\/\/www.nexoinformativo.mx\/#\/schema\/person\/7749d380ba08c8ca00d7bc76fd907b7d","name":"Nexo Informativo","image":{"@type":"ImageObject","inLanguage":"es","@id":"https:\/\/www.nexoinformativo.mx\/#\/schema\/person\/image\/","url":"https:\/\/secure.gravatar.com\/avatar\/dde2928154642a13d95f87ddf1ea9718fe2b46760a005c53e41ff5ad610704e6?s=96&d=mm&r=g","contentUrl":"https:\/\/secure.gravatar.com\/avatar\/dde2928154642a13d95f87ddf1ea9718fe2b46760a005c53e41ff5ad610704e6?s=96&d=mm&r=g","caption":"Nexo Informativo"},"url":"https:\/\/www.nexoinformativo.mx\/index.php\/author\/edicion\/"}]}},"_links":{"self":[{"href":"https:\/\/www.nexoinformativo.mx\/index.php\/wp-json\/wp\/v2\/posts\/14891","targetHints":{"allow":["GET"]}}],"collection":[{"href":"https:\/\/www.nexoinformativo.mx\/index.php\/wp-json\/wp\/v2\/posts"}],"about":[{"href":"https:\/\/www.nexoinformativo.mx\/index.php\/wp-json\/wp\/v2\/types\/post"}],"author":[{"embeddable":true,"href":"https:\/\/www.nexoinformativo.mx\/index.php\/wp-json\/wp\/v2\/users\/3"}],"replies":[{"embeddable":true,"href":"https:\/\/www.nexoinformativo.mx\/index.php\/wp-json\/wp\/v2\/comments?post=14891"}],"version-history":[{"count":3,"href":"https:\/\/www.nexoinformativo.mx\/index.php\/wp-json\/wp\/v2\/posts\/14891\/revisions"}],"predecessor-version":[{"id":14895,"href":"https:\/\/www.nexoinformativo.mx\/index.php\/wp-json\/wp\/v2\/posts\/14891\/revisions\/14895"}],"wp:featuredmedia":[{"embeddable":true,"href":"https:\/\/www.nexoinformativo.mx\/index.php\/wp-json\/wp\/v2\/media\/14892"}],"wp:attachment":[{"href":"https:\/\/www.nexoinformativo.mx\/index.php\/wp-json\/wp\/v2\/media?parent=14891"}],"wp:term":[{"taxonomy":"category","embeddable":true,"href":"https:\/\/www.nexoinformativo.mx\/index.php\/wp-json\/wp\/v2\/categories?post=14891"},{"taxonomy":"post_tag","embeddable":true,"href":"https:\/\/www.nexoinformativo.mx\/index.php\/wp-json\/wp\/v2\/tags?post=14891"}],"curies":[{"name":"wp","href":"https:\/\/api.w.org\/{rel}","templated":true}]}}