{"id":14896,"date":"2025-05-09T13:30:07","date_gmt":"2025-05-09T19:30:07","guid":{"rendered":"https:\/\/www.nexoinformativo.mx\/?p=14896"},"modified":"2025-05-09T14:17:42","modified_gmt":"2025-05-09T20:17:42","slug":"atrapado-en-uruguay-cae-acosador-cibernetico-buscado-por-la-fiscalia-de-queretaro","status":"publish","type":"post","link":"https:\/\/www.nexoinformativo.mx\/index.php\/2025\/05\/09\/atrapado-en-uruguay-cae-acosador-cibernetico-buscado-por-la-fiscalia-de-queretaro\/","title":{"rendered":"Atrapado en Uruguay cae acosador cibern\u00e9tico buscado por la Fiscal\u00eda de Quer\u00e9taro"},"content":{"rendered":"<p style=\"text-align: justify;\" data-sourcepos=\"3:1-3:344\">La Fiscal\u00eda General del Estado de Quer\u00e9taro informa sobre la exitosa detenci\u00f3n y extradici\u00f3n de un ciudadano uruguayo, quien contaba con una orden de aprehensi\u00f3n por los delitos de violencia de g\u00e9nero y acoso sexual, tras una exhaustiva investigaci\u00f3n con colaboraci\u00f3n internacional.<\/p>\n<\/p>\n<p>&nbsp;<\/p>\n<p style=\"text-align: justify;\" data-sourcepos=\"5:1-5:325\">La investigaci\u00f3n se origin\u00f3 en septiembre de 2021, a ra\u00edz de la denuncia formal de la v\u00edctima por actos de violencia y acoso.<\/p>\n<\/p>\n<p>&nbsp;<\/p>\n<p style=\"text-align: justify;\" data-sourcepos=\"5:1-5:325\">Las indagatorias revelaron que el agresor, tras finalizar una relaci\u00f3n sentimental, inici\u00f3 una campa\u00f1a de mensajes amenazantes y difusi\u00f3n de fotograf\u00edas privadas a familiares y amigos de la afectada.<\/p>\n<\/p>\n<p>&nbsp;<\/p>\n<p style=\"text-align: justify;\" data-sourcepos=\"7:1-7:211\">Adem\u00e1s, el detenido llev\u00f3 a cabo pintas denigrantes en el domicilio de la v\u00edctima y envi\u00f3 correos electr\u00f3nicos ofensivos a su c\u00edrculo cercano, caus\u00e1ndole un da\u00f1o psicol\u00f3gico corroborado por un dictamen pericial.<\/p>\n<\/p>\n<p>&nbsp;<\/p>\n<p style=\"text-align: justify;\" data-sourcepos=\"9:1-9:267\">El personal de la Fiscal\u00eda despleg\u00f3 m\u00faltiples l\u00edneas de investigaci\u00f3n, emiti\u00f3 solicitudes de colaboraci\u00f3n a nivel nacional, coordin\u00f3 acciones con autoridades migratorias nacionales e internacionales y realiz\u00f3 vigilancias estrat\u00e9gicas para recabar informaci\u00f3n crucial.<\/p>\n<\/p>\n<p>&nbsp;<\/p>\n<p style=\"text-align: justify;\" data-sourcepos=\"9:1-9:267\">Se trabaj\u00f3 en coordinaci\u00f3n con la Secretar\u00eda de Relaciones Exteriores, la Fiscal\u00eda General de la Rep\u00fablica e Interpol, logrando la emisi\u00f3n de una alerta migratoria y una notificaci\u00f3n roja internacional en enero de este a\u00f1o.<\/p>\n<\/p>\n<p>&nbsp;<\/p>\n<p style=\"text-align: justify;\" data-sourcepos=\"13:1-13:408\">Gracias a esta colaboraci\u00f3n interinstitucional, el individuo fue detenido en Uruguay por las autoridades de ese pa\u00eds.<\/p>\n<\/p>\n<p>&nbsp;<\/p>\n<p style=\"text-align: justify;\" data-sourcepos=\"13:1-13:408\">Tras completarse el proceso de extradici\u00f3n, fue trasladado a la CDMX, donde la Fiscal\u00eda de Quer\u00e9taro, en coordinaci\u00f3n con elementos federales, tom\u00f3 custodia del detenido, culminando un proceso legal internacional que demuestra la eficacia de la cooperaci\u00f3n entre ambas naciones.<\/p>\n<\/p>\n<p>&nbsp;<\/p>\n<p style=\"text-align: justify;\" data-sourcepos=\"15:1-15:350\">El detenido ser\u00e1 presentado ante la autoridad judicial correspondiente para que se determine su situaci\u00f3n jur\u00eddica.<\/p>\n<\/p>\n<p>&nbsp;<\/p>\n<p style=\"text-align: justify;\" data-sourcepos=\"15:1-15:350\">La Fiscal\u00eda General del Estado de Quer\u00e9taro reafirma su compromiso con la justicia y la protecci\u00f3n de las v\u00edctimas de violencia de g\u00e9nero, dejando claro que no hay plazo ni frontera que impida que la ley se cumpla.<\/p>\n<\/p>\n<p>&nbsp;<\/p>\n<p style=\"text-align: center;\" data-sourcepos=\"15:1-15:350\"><em><strong>\u00a1Informaci\u00f3n que transforma!<\/strong><\/em><\/p>\n","protected":false},"excerpt":{"rendered":"<p>La Fiscal\u00eda General del Estado de Quer\u00e9taro informa sobre la exitosa detenci\u00f3n y extradici\u00f3n de un ciudadano uruguayo, quien contaba con una orden de aprehensi\u00f3n por los delitos de violencia de g\u00e9nero y acoso sexual, tras una exhaustiva investigaci\u00f3n con colaboraci\u00f3n internacional.<\/p>\n","protected":false},"author":3,"featured_media":14897,"comment_status":"open","ping_status":"open","sticky":false,"template":"","format":"standard","meta":{"footnotes":""},"categories":[42,137,58],"tags":[926,2822,3493,4435],"class_list":["post-14896","post","type-post","status-publish","format-standard","has-post-thumbnail","hentry","category-estado","category-sucesos","category-ultima-hora","tag-cooperacioninternacional","tag-fiscaliaqro","tag-justiciaparavictimas","tag-violenciadigitalcero"],"yoast_head":"<!-- This site is optimized with the Yoast SEO plugin v25.0 - https:\/\/yoast.com\/wordpress\/plugins\/seo\/ -->\n<title>Atrapado en Uruguay cae acosador cibern\u00e9tico buscado por la Fiscal\u00eda de Quer\u00e9taro | Nexo Informativo Santiago de Quer\u00e9taro<\/title>\n<meta name=\"description\" content=\"Atrapado en Uruguay cae acosador cibern\u00e9tico buscado por la Fiscal\u00eda de Quer\u00e9taro\" \/>\n<meta name=\"robots\" content=\"index, follow, max-snippet:-1, max-image-preview:large, max-video-preview:-1\" \/>\n<link rel=\"canonical\" href=\"https:\/\/www.nexoinformativo.mx\/index.php\/2025\/05\/09\/atrapado-en-uruguay-cae-acosador-cibernetico-buscado-por-la-fiscalia-de-queretaro\/\" \/>\n<meta property=\"og:locale\" content=\"es_MX\" \/>\n<meta property=\"og:type\" content=\"article\" \/>\n<meta property=\"og:title\" content=\"Atrapado en Uruguay cae acosador cibern\u00e9tico buscado por la Fiscal\u00eda de Quer\u00e9taro | Nexo Informativo Santiago de Quer\u00e9taro\" \/>\n<meta property=\"og:description\" content=\"Atrapado en Uruguay cae acosador cibern\u00e9tico buscado por la Fiscal\u00eda de Quer\u00e9taro\" \/>\n<meta property=\"og:url\" content=\"https:\/\/www.nexoinformativo.mx\/index.php\/2025\/05\/09\/atrapado-en-uruguay-cae-acosador-cibernetico-buscado-por-la-fiscalia-de-queretaro\/\" \/>\n<meta property=\"og:site_name\" content=\"Nexo Informativo Santiago de Quer\u00e9taro\" \/>\n<meta property=\"article:publisher\" content=\"https:\/\/www.facebook.com\/people\/Nexo-Informativo\/61564066885511\/\" \/>\n<meta property=\"article:published_time\" content=\"2025-05-09T19:30:07+00:00\" \/>\n<meta property=\"article:modified_time\" content=\"2025-05-09T20:17:42+00:00\" \/>\n<meta property=\"og:image\" content=\"https:\/\/www.nexoinformativo.mx\/wp-content\/uploads\/2025\/05\/PHOTO-2025-05-09-13-24-57-e1746821801718.jpg\" \/>\n\t<meta property=\"og:image:width\" content=\"800\" \/>\n\t<meta property=\"og:image:height\" content=\"504\" \/>\n\t<meta property=\"og:image:type\" content=\"image\/jpeg\" \/>\n<meta name=\"author\" content=\"Nexo Informativo\" \/>\n<meta name=\"twitter:card\" content=\"summary_large_image\" \/>\n<meta name=\"twitter:label1\" content=\"Escrito por\" \/>\n\t<meta name=\"twitter:data1\" content=\"Nexo Informativo\" \/>\n\t<meta name=\"twitter:label2\" content=\"Tiempo de lectura\" \/>\n\t<meta name=\"twitter:data2\" content=\"2 minutos\" \/>\n<script type=\"application\/ld+json\" class=\"yoast-schema-graph\">{\"@context\":\"https:\/\/schema.org\",\"@graph\":[{\"@type\":\"Article\",\"@id\":\"https:\/\/www.nexoinformativo.mx\/index.php\/2025\/05\/09\/atrapado-en-uruguay-cae-acosador-cibernetico-buscado-por-la-fiscalia-de-queretaro\/#article\",\"isPartOf\":{\"@id\":\"https:\/\/www.nexoinformativo.mx\/index.php\/2025\/05\/09\/atrapado-en-uruguay-cae-acosador-cibernetico-buscado-por-la-fiscalia-de-queretaro\/\"},\"author\":{\"name\":\"Nexo Informativo\",\"@id\":\"https:\/\/www.nexoinformativo.mx\/#\/schema\/person\/7749d380ba08c8ca00d7bc76fd907b7d\"},\"headline\":\"Atrapado en Uruguay cae acosador cibern\u00e9tico buscado por la Fiscal\u00eda de Quer\u00e9taro\",\"datePublished\":\"2025-05-09T19:30:07+00:00\",\"dateModified\":\"2025-05-09T20:17:42+00:00\",\"mainEntityOfPage\":{\"@id\":\"https:\/\/www.nexoinformativo.mx\/index.php\/2025\/05\/09\/atrapado-en-uruguay-cae-acosador-cibernetico-buscado-por-la-fiscalia-de-queretaro\/\"},\"wordCount\":383,\"commentCount\":0,\"publisher\":{\"@id\":\"https:\/\/www.nexoinformativo.mx\/#organization\"},\"image\":{\"@id\":\"https:\/\/www.nexoinformativo.mx\/index.php\/2025\/05\/09\/atrapado-en-uruguay-cae-acosador-cibernetico-buscado-por-la-fiscalia-de-queretaro\/#primaryimage\"},\"thumbnailUrl\":\"https:\/\/www.nexoinformativo.mx\/wp-content\/uploads\/2025\/05\/PHOTO-2025-05-09-13-24-57-e1746821801718.jpg\",\"keywords\":[\"Cooperaci\u00f3nInternacional\",\"Fiscal\u00edaQro\",\"JusticiaParaV\u00edctimas\",\"ViolenciaDigitalCero\"],\"articleSection\":[\"Estado\",\"Sucesos\",\"\u00daltima Hora\"],\"inLanguage\":\"es\",\"potentialAction\":[{\"@type\":\"CommentAction\",\"name\":\"Comment\",\"target\":[\"https:\/\/www.nexoinformativo.mx\/index.php\/2025\/05\/09\/atrapado-en-uruguay-cae-acosador-cibernetico-buscado-por-la-fiscalia-de-queretaro\/#respond\"]}]},{\"@type\":\"WebPage\",\"@id\":\"https:\/\/www.nexoinformativo.mx\/index.php\/2025\/05\/09\/atrapado-en-uruguay-cae-acosador-cibernetico-buscado-por-la-fiscalia-de-queretaro\/\",\"url\":\"https:\/\/www.nexoinformativo.mx\/index.php\/2025\/05\/09\/atrapado-en-uruguay-cae-acosador-cibernetico-buscado-por-la-fiscalia-de-queretaro\/\",\"name\":\"Atrapado en Uruguay cae acosador cibern\u00e9tico buscado por la Fiscal\u00eda de Quer\u00e9taro | Nexo Informativo Santiago de Quer\u00e9taro\",\"isPartOf\":{\"@id\":\"https:\/\/www.nexoinformativo.mx\/#website\"},\"primaryImageOfPage\":{\"@id\":\"https:\/\/www.nexoinformativo.mx\/index.php\/2025\/05\/09\/atrapado-en-uruguay-cae-acosador-cibernetico-buscado-por-la-fiscalia-de-queretaro\/#primaryimage\"},\"image\":{\"@id\":\"https:\/\/www.nexoinformativo.mx\/index.php\/2025\/05\/09\/atrapado-en-uruguay-cae-acosador-cibernetico-buscado-por-la-fiscalia-de-queretaro\/#primaryimage\"},\"thumbnailUrl\":\"https:\/\/www.nexoinformativo.mx\/wp-content\/uploads\/2025\/05\/PHOTO-2025-05-09-13-24-57-e1746821801718.jpg\",\"datePublished\":\"2025-05-09T19:30:07+00:00\",\"dateModified\":\"2025-05-09T20:17:42+00:00\",\"description\":\"Atrapado en Uruguay cae acosador cibern\u00e9tico buscado por la Fiscal\u00eda de Quer\u00e9taro\",\"breadcrumb\":{\"@id\":\"https:\/\/www.nexoinformativo.mx\/index.php\/2025\/05\/09\/atrapado-en-uruguay-cae-acosador-cibernetico-buscado-por-la-fiscalia-de-queretaro\/#breadcrumb\"},\"inLanguage\":\"es\",\"potentialAction\":[{\"@type\":\"ReadAction\",\"target\":[\"https:\/\/www.nexoinformativo.mx\/index.php\/2025\/05\/09\/atrapado-en-uruguay-cae-acosador-cibernetico-buscado-por-la-fiscalia-de-queretaro\/\"]}]},{\"@type\":\"ImageObject\",\"inLanguage\":\"es\",\"@id\":\"https:\/\/www.nexoinformativo.mx\/index.php\/2025\/05\/09\/atrapado-en-uruguay-cae-acosador-cibernetico-buscado-por-la-fiscalia-de-queretaro\/#primaryimage\",\"url\":\"https:\/\/www.nexoinformativo.mx\/wp-content\/uploads\/2025\/05\/PHOTO-2025-05-09-13-24-57-e1746821801718.jpg\",\"contentUrl\":\"https:\/\/www.nexoinformativo.mx\/wp-content\/uploads\/2025\/05\/PHOTO-2025-05-09-13-24-57-e1746821801718.jpg\",\"width\":800,\"height\":504},{\"@type\":\"BreadcrumbList\",\"@id\":\"https:\/\/www.nexoinformativo.mx\/index.php\/2025\/05\/09\/atrapado-en-uruguay-cae-acosador-cibernetico-buscado-por-la-fiscalia-de-queretaro\/#breadcrumb\",\"itemListElement\":[{\"@type\":\"ListItem\",\"position\":1,\"name\":\"Inicio\",\"item\":\"https:\/\/www.nexoinformativo.mx\/\"},{\"@type\":\"ListItem\",\"position\":2,\"name\":\"Atrapado en Uruguay cae acosador cibern\u00e9tico buscado por la Fiscal\u00eda de Quer\u00e9taro\"}]},{\"@type\":\"WebSite\",\"@id\":\"https:\/\/www.nexoinformativo.mx\/#website\",\"url\":\"https:\/\/www.nexoinformativo.mx\/\",\"name\":\"Nexo Informativo Santiago de Quer\u00e9taro\",\"description\":\"Explora NexoInformativo y convi\u00e9rtete en parte de una comunidad que valora el conocimiento y la verdad. Tu nexoinformativo es tu puente hacia una comprensi\u00f3n m\u00e1s profunda del mundo que te rodea.\",\"publisher\":{\"@id\":\"https:\/\/www.nexoinformativo.mx\/#organization\"},\"potentialAction\":[{\"@type\":\"SearchAction\",\"target\":{\"@type\":\"EntryPoint\",\"urlTemplate\":\"https:\/\/www.nexoinformativo.mx\/?s={search_term_string}\"},\"query-input\":{\"@type\":\"PropertyValueSpecification\",\"valueRequired\":true,\"valueName\":\"search_term_string\"}}],\"inLanguage\":\"es\"},{\"@type\":\"Organization\",\"@id\":\"https:\/\/www.nexoinformativo.mx\/#organization\",\"name\":\"Nexo Informativo Santiago de Quer\u00e9taro\",\"url\":\"https:\/\/www.nexoinformativo.mx\/\",\"logo\":{\"@type\":\"ImageObject\",\"inLanguage\":\"es\",\"@id\":\"https:\/\/www.nexoinformativo.mx\/#\/schema\/logo\/image\/\",\"url\":\"https:\/\/www.nexoinformativo.mx\/wp-content\/uploads\/2024\/07\/nexoi-trasparente-2.png\",\"contentUrl\":\"https:\/\/www.nexoinformativo.mx\/wp-content\/uploads\/2024\/07\/nexoi-trasparente-2.png\",\"width\":816,\"height\":339,\"caption\":\"Nexo Informativo Santiago de Quer\u00e9taro\"},\"image\":{\"@id\":\"https:\/\/www.nexoinformativo.mx\/#\/schema\/logo\/image\/\"},\"sameAs\":[\"https:\/\/www.facebook.com\/people\/Nexo-Informativo\/61564066885511\/\"]},{\"@type\":\"Person\",\"@id\":\"https:\/\/www.nexoinformativo.mx\/#\/schema\/person\/7749d380ba08c8ca00d7bc76fd907b7d\",\"name\":\"Nexo Informativo\",\"image\":{\"@type\":\"ImageObject\",\"inLanguage\":\"es\",\"@id\":\"https:\/\/www.nexoinformativo.mx\/#\/schema\/person\/image\/\",\"url\":\"https:\/\/secure.gravatar.com\/avatar\/dde2928154642a13d95f87ddf1ea9718fe2b46760a005c53e41ff5ad610704e6?s=96&d=mm&r=g\",\"contentUrl\":\"https:\/\/secure.gravatar.com\/avatar\/dde2928154642a13d95f87ddf1ea9718fe2b46760a005c53e41ff5ad610704e6?s=96&d=mm&r=g\",\"caption\":\"Nexo Informativo\"},\"url\":\"https:\/\/www.nexoinformativo.mx\/index.php\/author\/edicion\/\"}]}<\/script>\n<!-- \/ Yoast SEO plugin. -->","yoast_head_json":{"title":"Atrapado en Uruguay cae acosador cibern\u00e9tico buscado por la Fiscal\u00eda de Quer\u00e9taro | Nexo Informativo Santiago de Quer\u00e9taro","description":"Atrapado en Uruguay cae acosador cibern\u00e9tico buscado por la Fiscal\u00eda de Quer\u00e9taro","robots":{"index":"index","follow":"follow","max-snippet":"max-snippet:-1","max-image-preview":"max-image-preview:large","max-video-preview":"max-video-preview:-1"},"canonical":"https:\/\/www.nexoinformativo.mx\/index.php\/2025\/05\/09\/atrapado-en-uruguay-cae-acosador-cibernetico-buscado-por-la-fiscalia-de-queretaro\/","og_locale":"es_MX","og_type":"article","og_title":"Atrapado en Uruguay cae acosador cibern\u00e9tico buscado por la Fiscal\u00eda de Quer\u00e9taro | Nexo Informativo Santiago de Quer\u00e9taro","og_description":"Atrapado en Uruguay cae acosador cibern\u00e9tico buscado por la Fiscal\u00eda de Quer\u00e9taro","og_url":"https:\/\/www.nexoinformativo.mx\/index.php\/2025\/05\/09\/atrapado-en-uruguay-cae-acosador-cibernetico-buscado-por-la-fiscalia-de-queretaro\/","og_site_name":"Nexo Informativo Santiago de Quer\u00e9taro","article_publisher":"https:\/\/www.facebook.com\/people\/Nexo-Informativo\/61564066885511\/","article_published_time":"2025-05-09T19:30:07+00:00","article_modified_time":"2025-05-09T20:17:42+00:00","og_image":[{"width":800,"height":504,"url":"https:\/\/www.nexoinformativo.mx\/wp-content\/uploads\/2025\/05\/PHOTO-2025-05-09-13-24-57-e1746821801718.jpg","type":"image\/jpeg"}],"author":"Nexo Informativo","twitter_card":"summary_large_image","twitter_misc":{"Escrito por":"Nexo Informativo","Tiempo de lectura":"2 minutos"},"schema":{"@context":"https:\/\/schema.org","@graph":[{"@type":"Article","@id":"https:\/\/www.nexoinformativo.mx\/index.php\/2025\/05\/09\/atrapado-en-uruguay-cae-acosador-cibernetico-buscado-por-la-fiscalia-de-queretaro\/#article","isPartOf":{"@id":"https:\/\/www.nexoinformativo.mx\/index.php\/2025\/05\/09\/atrapado-en-uruguay-cae-acosador-cibernetico-buscado-por-la-fiscalia-de-queretaro\/"},"author":{"name":"Nexo Informativo","@id":"https:\/\/www.nexoinformativo.mx\/#\/schema\/person\/7749d380ba08c8ca00d7bc76fd907b7d"},"headline":"Atrapado en Uruguay cae acosador cibern\u00e9tico buscado por la Fiscal\u00eda de Quer\u00e9taro","datePublished":"2025-05-09T19:30:07+00:00","dateModified":"2025-05-09T20:17:42+00:00","mainEntityOfPage":{"@id":"https:\/\/www.nexoinformativo.mx\/index.php\/2025\/05\/09\/atrapado-en-uruguay-cae-acosador-cibernetico-buscado-por-la-fiscalia-de-queretaro\/"},"wordCount":383,"commentCount":0,"publisher":{"@id":"https:\/\/www.nexoinformativo.mx\/#organization"},"image":{"@id":"https:\/\/www.nexoinformativo.mx\/index.php\/2025\/05\/09\/atrapado-en-uruguay-cae-acosador-cibernetico-buscado-por-la-fiscalia-de-queretaro\/#primaryimage"},"thumbnailUrl":"https:\/\/www.nexoinformativo.mx\/wp-content\/uploads\/2025\/05\/PHOTO-2025-05-09-13-24-57-e1746821801718.jpg","keywords":["Cooperaci\u00f3nInternacional","Fiscal\u00edaQro","JusticiaParaV\u00edctimas","ViolenciaDigitalCero"],"articleSection":["Estado","Sucesos","\u00daltima Hora"],"inLanguage":"es","potentialAction":[{"@type":"CommentAction","name":"Comment","target":["https:\/\/www.nexoinformativo.mx\/index.php\/2025\/05\/09\/atrapado-en-uruguay-cae-acosador-cibernetico-buscado-por-la-fiscalia-de-queretaro\/#respond"]}]},{"@type":"WebPage","@id":"https:\/\/www.nexoinformativo.mx\/index.php\/2025\/05\/09\/atrapado-en-uruguay-cae-acosador-cibernetico-buscado-por-la-fiscalia-de-queretaro\/","url":"https:\/\/www.nexoinformativo.mx\/index.php\/2025\/05\/09\/atrapado-en-uruguay-cae-acosador-cibernetico-buscado-por-la-fiscalia-de-queretaro\/","name":"Atrapado en Uruguay cae acosador cibern\u00e9tico buscado por la Fiscal\u00eda de Quer\u00e9taro | Nexo Informativo Santiago de Quer\u00e9taro","isPartOf":{"@id":"https:\/\/www.nexoinformativo.mx\/#website"},"primaryImageOfPage":{"@id":"https:\/\/www.nexoinformativo.mx\/index.php\/2025\/05\/09\/atrapado-en-uruguay-cae-acosador-cibernetico-buscado-por-la-fiscalia-de-queretaro\/#primaryimage"},"image":{"@id":"https:\/\/www.nexoinformativo.mx\/index.php\/2025\/05\/09\/atrapado-en-uruguay-cae-acosador-cibernetico-buscado-por-la-fiscalia-de-queretaro\/#primaryimage"},"thumbnailUrl":"https:\/\/www.nexoinformativo.mx\/wp-content\/uploads\/2025\/05\/PHOTO-2025-05-09-13-24-57-e1746821801718.jpg","datePublished":"2025-05-09T19:30:07+00:00","dateModified":"2025-05-09T20:17:42+00:00","description":"Atrapado en Uruguay cae acosador cibern\u00e9tico buscado por la Fiscal\u00eda de Quer\u00e9taro","breadcrumb":{"@id":"https:\/\/www.nexoinformativo.mx\/index.php\/2025\/05\/09\/atrapado-en-uruguay-cae-acosador-cibernetico-buscado-por-la-fiscalia-de-queretaro\/#breadcrumb"},"inLanguage":"es","potentialAction":[{"@type":"ReadAction","target":["https:\/\/www.nexoinformativo.mx\/index.php\/2025\/05\/09\/atrapado-en-uruguay-cae-acosador-cibernetico-buscado-por-la-fiscalia-de-queretaro\/"]}]},{"@type":"ImageObject","inLanguage":"es","@id":"https:\/\/www.nexoinformativo.mx\/index.php\/2025\/05\/09\/atrapado-en-uruguay-cae-acosador-cibernetico-buscado-por-la-fiscalia-de-queretaro\/#primaryimage","url":"https:\/\/www.nexoinformativo.mx\/wp-content\/uploads\/2025\/05\/PHOTO-2025-05-09-13-24-57-e1746821801718.jpg","contentUrl":"https:\/\/www.nexoinformativo.mx\/wp-content\/uploads\/2025\/05\/PHOTO-2025-05-09-13-24-57-e1746821801718.jpg","width":800,"height":504},{"@type":"BreadcrumbList","@id":"https:\/\/www.nexoinformativo.mx\/index.php\/2025\/05\/09\/atrapado-en-uruguay-cae-acosador-cibernetico-buscado-por-la-fiscalia-de-queretaro\/#breadcrumb","itemListElement":[{"@type":"ListItem","position":1,"name":"Inicio","item":"https:\/\/www.nexoinformativo.mx\/"},{"@type":"ListItem","position":2,"name":"Atrapado en Uruguay cae acosador cibern\u00e9tico buscado por la Fiscal\u00eda de Quer\u00e9taro"}]},{"@type":"WebSite","@id":"https:\/\/www.nexoinformativo.mx\/#website","url":"https:\/\/www.nexoinformativo.mx\/","name":"Nexo Informativo Santiago de Quer\u00e9taro","description":"Explora NexoInformativo y convi\u00e9rtete en parte de una comunidad que valora el conocimiento y la verdad. Tu nexoinformativo es tu puente hacia una comprensi\u00f3n m\u00e1s profunda del mundo que te rodea.","publisher":{"@id":"https:\/\/www.nexoinformativo.mx\/#organization"},"potentialAction":[{"@type":"SearchAction","target":{"@type":"EntryPoint","urlTemplate":"https:\/\/www.nexoinformativo.mx\/?s={search_term_string}"},"query-input":{"@type":"PropertyValueSpecification","valueRequired":true,"valueName":"search_term_string"}}],"inLanguage":"es"},{"@type":"Organization","@id":"https:\/\/www.nexoinformativo.mx\/#organization","name":"Nexo Informativo Santiago de Quer\u00e9taro","url":"https:\/\/www.nexoinformativo.mx\/","logo":{"@type":"ImageObject","inLanguage":"es","@id":"https:\/\/www.nexoinformativo.mx\/#\/schema\/logo\/image\/","url":"https:\/\/www.nexoinformativo.mx\/wp-content\/uploads\/2024\/07\/nexoi-trasparente-2.png","contentUrl":"https:\/\/www.nexoinformativo.mx\/wp-content\/uploads\/2024\/07\/nexoi-trasparente-2.png","width":816,"height":339,"caption":"Nexo Informativo Santiago de Quer\u00e9taro"},"image":{"@id":"https:\/\/www.nexoinformativo.mx\/#\/schema\/logo\/image\/"},"sameAs":["https:\/\/www.facebook.com\/people\/Nexo-Informativo\/61564066885511\/"]},{"@type":"Person","@id":"https:\/\/www.nexoinformativo.mx\/#\/schema\/person\/7749d380ba08c8ca00d7bc76fd907b7d","name":"Nexo Informativo","image":{"@type":"ImageObject","inLanguage":"es","@id":"https:\/\/www.nexoinformativo.mx\/#\/schema\/person\/image\/","url":"https:\/\/secure.gravatar.com\/avatar\/dde2928154642a13d95f87ddf1ea9718fe2b46760a005c53e41ff5ad610704e6?s=96&d=mm&r=g","contentUrl":"https:\/\/secure.gravatar.com\/avatar\/dde2928154642a13d95f87ddf1ea9718fe2b46760a005c53e41ff5ad610704e6?s=96&d=mm&r=g","caption":"Nexo Informativo"},"url":"https:\/\/www.nexoinformativo.mx\/index.php\/author\/edicion\/"}]}},"_links":{"self":[{"href":"https:\/\/www.nexoinformativo.mx\/index.php\/wp-json\/wp\/v2\/posts\/14896","targetHints":{"allow":["GET"]}}],"collection":[{"href":"https:\/\/www.nexoinformativo.mx\/index.php\/wp-json\/wp\/v2\/posts"}],"about":[{"href":"https:\/\/www.nexoinformativo.mx\/index.php\/wp-json\/wp\/v2\/types\/post"}],"author":[{"embeddable":true,"href":"https:\/\/www.nexoinformativo.mx\/index.php\/wp-json\/wp\/v2\/users\/3"}],"replies":[{"embeddable":true,"href":"https:\/\/www.nexoinformativo.mx\/index.php\/wp-json\/wp\/v2\/comments?post=14896"}],"version-history":[{"count":3,"href":"https:\/\/www.nexoinformativo.mx\/index.php\/wp-json\/wp\/v2\/posts\/14896\/revisions"}],"predecessor-version":[{"id":14900,"href":"https:\/\/www.nexoinformativo.mx\/index.php\/wp-json\/wp\/v2\/posts\/14896\/revisions\/14900"}],"wp:featuredmedia":[{"embeddable":true,"href":"https:\/\/www.nexoinformativo.mx\/index.php\/wp-json\/wp\/v2\/media\/14897"}],"wp:attachment":[{"href":"https:\/\/www.nexoinformativo.mx\/index.php\/wp-json\/wp\/v2\/media?parent=14896"}],"wp:term":[{"taxonomy":"category","embeddable":true,"href":"https:\/\/www.nexoinformativo.mx\/index.php\/wp-json\/wp\/v2\/categories?post=14896"},{"taxonomy":"post_tag","embeddable":true,"href":"https:\/\/www.nexoinformativo.mx\/index.php\/wp-json\/wp\/v2\/tags?post=14896"}],"curies":[{"name":"wp","href":"https:\/\/api.w.org\/{rel}","templated":true}]}}