{"id":14901,"date":"2025-05-12T06:00:17","date_gmt":"2025-05-12T12:00:17","guid":{"rendered":"https:\/\/www.nexoinformativo.mx\/?p=14901"},"modified":"2025-05-12T09:27:39","modified_gmt":"2025-05-12T15:27:39","slug":"buenas-noticias-para-queretaro-gobierno-liquida-un-tercio-de-su-deuda-publica","status":"publish","type":"post","link":"https:\/\/www.nexoinformativo.mx\/index.php\/2025\/05\/12\/buenas-noticias-para-queretaro-gobierno-liquida-un-tercio-de-su-deuda-publica\/","title":{"rendered":"Buenas noticias para Quer\u00e9taro Gobierno liquida un tercio de su deuda p\u00fablica"},"content":{"rendered":"<p style=\"text-align: justify;\" data-sourcepos=\"3:1-3:357\">El secretario de Finanzas de Quer\u00e9taro, Gustavo Leal Maya, anunci\u00f3 que el gobierno estatal ha logrado liquidar un tercio de la deuda p\u00fablica contra\u00edda con instituciones bancarias.<\/p>\n<\/p>\n<p>&nbsp;<\/p>\n<p style=\"text-align: justify;\" data-sourcepos=\"3:1-3:357\">Este avance representa un cumplimiento significativo del compromiso financiero asumido al inicio de la administraci\u00f3n.<\/p>\n<\/p>\n<p>&nbsp;<\/p>\n<p style=\"text-align: justify;\" data-sourcepos=\"5:1-5:378\">Seg\u00fan el funcionario, se han destinado un total de 1,443 millones de pesos al pago de la deuda, de los cuales 1,075 millones corresponden a capital y 368 millones a intereses.<\/p>\n<\/p>\n<p>&nbsp;<\/p>\n<p style=\"text-align: justify;\" data-sourcepos=\"5:1-5:378\">Esta cifra supera el tercio del cr\u00e9dito original, que ascend\u00eda a 3,300 millones de pesos y que ya ha sido ejecutado en su pr\u00e1ctica totalidad, restando solo alrededor de 6 millones pendientes de ejercer.<\/p>\n<\/p>\n<p>&nbsp;<\/p>\n<p style=\"text-align: justify;\" data-sourcepos=\"7:1-7:292\">Leal Maya explic\u00f3 que los recursos obtenidos mediante este cr\u00e9dito fueron canalizados a proyectos de obra p\u00fablica con enfoque social y a acciones en materia de movilidad, destacando la adquisici\u00f3n de unidades para el transporte p\u00fablico con una inversi\u00f3n cercana a los 1,200 millones de pesos.<\/p>\n<\/p>\n<p>&nbsp;<\/p>\n<p style=\"text-align: justify;\" data-sourcepos=\"9:1-9:289\">En cuanto a los 2,300 millones de pesos inicialmente destinados a un proyecto estatal de energ\u00eda, el secretario inform\u00f3 que estos fondos fueron redirigidos a otras obras de car\u00e1cter social, ya que el proyecto energ\u00e9tico ser\u00e1 ahora ejecutado por el Gobierno Federal a mediano y largo plazo.<\/p>\n<\/p>\n<p>&nbsp;<\/p>\n<p style=\"text-align: center;\" data-sourcepos=\"9:1-9:289\"><em><strong>\u00a1Informaci\u00f3n que transforma!<\/strong><\/em><\/p>\n","protected":false},"excerpt":{"rendered":"<p>El secretario de Finanzas de Quer\u00e9taro, Gustavo Leal Maya, anunci\u00f3 que el gobierno estatal ha logrado liquidar un tercio de la deuda p\u00fablica contra\u00edda con instituciones bancarias.<\/p>\n","protected":false},"author":3,"featured_media":14902,"comment_status":"open","ping_status":"open","sticky":false,"template":"","format":"standard","meta":{"footnotes":""},"categories":[42,58],"tags":[4437,3531,1898,4436],"class_list":["post-14901","post","type-post","status-publish","format-standard","has-post-thumbnail","hentry","category-estado","category-ultima-hora","tag-deudapublicaqro","tag-economiaqro","tag-finanzassanas","tag-queretarofinanzas"],"yoast_head":"<!-- This site is optimized with the Yoast SEO plugin v25.0 - https:\/\/yoast.com\/wordpress\/plugins\/seo\/ -->\n<title>Buenas noticias para Quer\u00e9taro Gobierno liquida un tercio de su deuda p\u00fablica | Nexo Informativo Santiago de Quer\u00e9taro<\/title>\n<meta name=\"description\" content=\"Buenas noticias para Quer\u00e9taro Gobierno liquida un tercio de su deuda p\u00fablica\" \/>\n<meta name=\"robots\" content=\"index, follow, max-snippet:-1, max-image-preview:large, max-video-preview:-1\" \/>\n<link rel=\"canonical\" href=\"https:\/\/www.nexoinformativo.mx\/index.php\/2025\/05\/12\/buenas-noticias-para-queretaro-gobierno-liquida-un-tercio-de-su-deuda-publica\/\" \/>\n<meta property=\"og:locale\" content=\"es_MX\" \/>\n<meta property=\"og:type\" content=\"article\" \/>\n<meta property=\"og:title\" content=\"Buenas noticias para Quer\u00e9taro Gobierno liquida un tercio de su deuda p\u00fablica | Nexo Informativo Santiago de Quer\u00e9taro\" \/>\n<meta property=\"og:description\" content=\"Buenas noticias para Quer\u00e9taro Gobierno liquida un tercio de su deuda p\u00fablica\" \/>\n<meta property=\"og:url\" content=\"https:\/\/www.nexoinformativo.mx\/index.php\/2025\/05\/12\/buenas-noticias-para-queretaro-gobierno-liquida-un-tercio-de-su-deuda-publica\/\" \/>\n<meta property=\"og:site_name\" content=\"Nexo Informativo Santiago de Quer\u00e9taro\" \/>\n<meta property=\"article:publisher\" content=\"https:\/\/www.facebook.com\/people\/Nexo-Informativo\/61564066885511\/\" \/>\n<meta property=\"article:published_time\" content=\"2025-05-12T12:00:17+00:00\" \/>\n<meta property=\"article:modified_time\" content=\"2025-05-12T15:27:39+00:00\" \/>\n<meta property=\"og:image\" content=\"https:\/\/www.nexoinformativo.mx\/wp-content\/uploads\/2025\/05\/PHOTO-2025-05-11-21-00-43-scaled-e1747063615999.jpg\" \/>\n\t<meta property=\"og:image:width\" content=\"800\" \/>\n\t<meta property=\"og:image:height\" content=\"600\" \/>\n\t<meta property=\"og:image:type\" content=\"image\/jpeg\" \/>\n<meta name=\"author\" content=\"Nexo Informativo\" \/>\n<meta name=\"twitter:card\" content=\"summary_large_image\" \/>\n<meta name=\"twitter:label1\" content=\"Escrito por\" \/>\n\t<meta name=\"twitter:data1\" content=\"Nexo Informativo\" \/>\n\t<meta name=\"twitter:label2\" content=\"Tiempo de lectura\" \/>\n\t<meta name=\"twitter:data2\" content=\"2 minutos\" \/>\n<script type=\"application\/ld+json\" class=\"yoast-schema-graph\">{\"@context\":\"https:\/\/schema.org\",\"@graph\":[{\"@type\":\"Article\",\"@id\":\"https:\/\/www.nexoinformativo.mx\/index.php\/2025\/05\/12\/buenas-noticias-para-queretaro-gobierno-liquida-un-tercio-de-su-deuda-publica\/#article\",\"isPartOf\":{\"@id\":\"https:\/\/www.nexoinformativo.mx\/index.php\/2025\/05\/12\/buenas-noticias-para-queretaro-gobierno-liquida-un-tercio-de-su-deuda-publica\/\"},\"author\":{\"name\":\"Nexo Informativo\",\"@id\":\"https:\/\/www.nexoinformativo.mx\/#\/schema\/person\/7749d380ba08c8ca00d7bc76fd907b7d\"},\"headline\":\"Buenas noticias para Quer\u00e9taro Gobierno liquida un tercio de su deuda p\u00fablica\",\"datePublished\":\"2025-05-12T12:00:17+00:00\",\"dateModified\":\"2025-05-12T15:27:39+00:00\",\"mainEntityOfPage\":{\"@id\":\"https:\/\/www.nexoinformativo.mx\/index.php\/2025\/05\/12\/buenas-noticias-para-queretaro-gobierno-liquida-un-tercio-de-su-deuda-publica\/\"},\"wordCount\":233,\"commentCount\":0,\"publisher\":{\"@id\":\"https:\/\/www.nexoinformativo.mx\/#organization\"},\"image\":{\"@id\":\"https:\/\/www.nexoinformativo.mx\/index.php\/2025\/05\/12\/buenas-noticias-para-queretaro-gobierno-liquida-un-tercio-de-su-deuda-publica\/#primaryimage\"},\"thumbnailUrl\":\"https:\/\/www.nexoinformativo.mx\/wp-content\/uploads\/2025\/05\/PHOTO-2025-05-11-21-00-43-scaled-e1747063615999.jpg\",\"keywords\":[\"DeudaP\u00fablicaQro\",\"Econom\u00edaQro\",\"FinanzasSanas\",\"Quer\u00e9taroFinanzas\"],\"articleSection\":[\"Estado\",\"\u00daltima Hora\"],\"inLanguage\":\"es\",\"potentialAction\":[{\"@type\":\"CommentAction\",\"name\":\"Comment\",\"target\":[\"https:\/\/www.nexoinformativo.mx\/index.php\/2025\/05\/12\/buenas-noticias-para-queretaro-gobierno-liquida-un-tercio-de-su-deuda-publica\/#respond\"]}]},{\"@type\":\"WebPage\",\"@id\":\"https:\/\/www.nexoinformativo.mx\/index.php\/2025\/05\/12\/buenas-noticias-para-queretaro-gobierno-liquida-un-tercio-de-su-deuda-publica\/\",\"url\":\"https:\/\/www.nexoinformativo.mx\/index.php\/2025\/05\/12\/buenas-noticias-para-queretaro-gobierno-liquida-un-tercio-de-su-deuda-publica\/\",\"name\":\"Buenas noticias para Quer\u00e9taro Gobierno liquida un tercio de su deuda p\u00fablica | Nexo Informativo Santiago de Quer\u00e9taro\",\"isPartOf\":{\"@id\":\"https:\/\/www.nexoinformativo.mx\/#website\"},\"primaryImageOfPage\":{\"@id\":\"https:\/\/www.nexoinformativo.mx\/index.php\/2025\/05\/12\/buenas-noticias-para-queretaro-gobierno-liquida-un-tercio-de-su-deuda-publica\/#primaryimage\"},\"image\":{\"@id\":\"https:\/\/www.nexoinformativo.mx\/index.php\/2025\/05\/12\/buenas-noticias-para-queretaro-gobierno-liquida-un-tercio-de-su-deuda-publica\/#primaryimage\"},\"thumbnailUrl\":\"https:\/\/www.nexoinformativo.mx\/wp-content\/uploads\/2025\/05\/PHOTO-2025-05-11-21-00-43-scaled-e1747063615999.jpg\",\"datePublished\":\"2025-05-12T12:00:17+00:00\",\"dateModified\":\"2025-05-12T15:27:39+00:00\",\"description\":\"Buenas noticias para Quer\u00e9taro Gobierno liquida un tercio de su deuda p\u00fablica\",\"breadcrumb\":{\"@id\":\"https:\/\/www.nexoinformativo.mx\/index.php\/2025\/05\/12\/buenas-noticias-para-queretaro-gobierno-liquida-un-tercio-de-su-deuda-publica\/#breadcrumb\"},\"inLanguage\":\"es\",\"potentialAction\":[{\"@type\":\"ReadAction\",\"target\":[\"https:\/\/www.nexoinformativo.mx\/index.php\/2025\/05\/12\/buenas-noticias-para-queretaro-gobierno-liquida-un-tercio-de-su-deuda-publica\/\"]}]},{\"@type\":\"ImageObject\",\"inLanguage\":\"es\",\"@id\":\"https:\/\/www.nexoinformativo.mx\/index.php\/2025\/05\/12\/buenas-noticias-para-queretaro-gobierno-liquida-un-tercio-de-su-deuda-publica\/#primaryimage\",\"url\":\"https:\/\/www.nexoinformativo.mx\/wp-content\/uploads\/2025\/05\/PHOTO-2025-05-11-21-00-43-scaled-e1747063615999.jpg\",\"contentUrl\":\"https:\/\/www.nexoinformativo.mx\/wp-content\/uploads\/2025\/05\/PHOTO-2025-05-11-21-00-43-scaled-e1747063615999.jpg\",\"width\":800,\"height\":600},{\"@type\":\"BreadcrumbList\",\"@id\":\"https:\/\/www.nexoinformativo.mx\/index.php\/2025\/05\/12\/buenas-noticias-para-queretaro-gobierno-liquida-un-tercio-de-su-deuda-publica\/#breadcrumb\",\"itemListElement\":[{\"@type\":\"ListItem\",\"position\":1,\"name\":\"Inicio\",\"item\":\"https:\/\/www.nexoinformativo.mx\/\"},{\"@type\":\"ListItem\",\"position\":2,\"name\":\"Buenas noticias para Quer\u00e9taro Gobierno liquida un tercio de su deuda p\u00fablica\"}]},{\"@type\":\"WebSite\",\"@id\":\"https:\/\/www.nexoinformativo.mx\/#website\",\"url\":\"https:\/\/www.nexoinformativo.mx\/\",\"name\":\"Nexo Informativo Santiago de Quer\u00e9taro\",\"description\":\"Explora NexoInformativo y convi\u00e9rtete en parte de una comunidad que valora el conocimiento y la verdad. Tu nexoinformativo es tu puente hacia una comprensi\u00f3n m\u00e1s profunda del mundo que te rodea.\",\"publisher\":{\"@id\":\"https:\/\/www.nexoinformativo.mx\/#organization\"},\"potentialAction\":[{\"@type\":\"SearchAction\",\"target\":{\"@type\":\"EntryPoint\",\"urlTemplate\":\"https:\/\/www.nexoinformativo.mx\/?s={search_term_string}\"},\"query-input\":{\"@type\":\"PropertyValueSpecification\",\"valueRequired\":true,\"valueName\":\"search_term_string\"}}],\"inLanguage\":\"es\"},{\"@type\":\"Organization\",\"@id\":\"https:\/\/www.nexoinformativo.mx\/#organization\",\"name\":\"Nexo Informativo Santiago de Quer\u00e9taro\",\"url\":\"https:\/\/www.nexoinformativo.mx\/\",\"logo\":{\"@type\":\"ImageObject\",\"inLanguage\":\"es\",\"@id\":\"https:\/\/www.nexoinformativo.mx\/#\/schema\/logo\/image\/\",\"url\":\"https:\/\/www.nexoinformativo.mx\/wp-content\/uploads\/2024\/07\/nexoi-trasparente-2.png\",\"contentUrl\":\"https:\/\/www.nexoinformativo.mx\/wp-content\/uploads\/2024\/07\/nexoi-trasparente-2.png\",\"width\":816,\"height\":339,\"caption\":\"Nexo Informativo Santiago de Quer\u00e9taro\"},\"image\":{\"@id\":\"https:\/\/www.nexoinformativo.mx\/#\/schema\/logo\/image\/\"},\"sameAs\":[\"https:\/\/www.facebook.com\/people\/Nexo-Informativo\/61564066885511\/\"]},{\"@type\":\"Person\",\"@id\":\"https:\/\/www.nexoinformativo.mx\/#\/schema\/person\/7749d380ba08c8ca00d7bc76fd907b7d\",\"name\":\"Nexo Informativo\",\"image\":{\"@type\":\"ImageObject\",\"inLanguage\":\"es\",\"@id\":\"https:\/\/www.nexoinformativo.mx\/#\/schema\/person\/image\/\",\"url\":\"https:\/\/secure.gravatar.com\/avatar\/dde2928154642a13d95f87ddf1ea9718fe2b46760a005c53e41ff5ad610704e6?s=96&d=mm&r=g\",\"contentUrl\":\"https:\/\/secure.gravatar.com\/avatar\/dde2928154642a13d95f87ddf1ea9718fe2b46760a005c53e41ff5ad610704e6?s=96&d=mm&r=g\",\"caption\":\"Nexo Informativo\"},\"url\":\"https:\/\/www.nexoinformativo.mx\/index.php\/author\/edicion\/\"}]}<\/script>\n<!-- \/ Yoast SEO plugin. -->","yoast_head_json":{"title":"Buenas noticias para Quer\u00e9taro Gobierno liquida un tercio de su deuda p\u00fablica | Nexo Informativo Santiago de Quer\u00e9taro","description":"Buenas noticias para Quer\u00e9taro Gobierno liquida un tercio de su deuda p\u00fablica","robots":{"index":"index","follow":"follow","max-snippet":"max-snippet:-1","max-image-preview":"max-image-preview:large","max-video-preview":"max-video-preview:-1"},"canonical":"https:\/\/www.nexoinformativo.mx\/index.php\/2025\/05\/12\/buenas-noticias-para-queretaro-gobierno-liquida-un-tercio-de-su-deuda-publica\/","og_locale":"es_MX","og_type":"article","og_title":"Buenas noticias para Quer\u00e9taro Gobierno liquida un tercio de su deuda p\u00fablica | Nexo Informativo Santiago de Quer\u00e9taro","og_description":"Buenas noticias para Quer\u00e9taro Gobierno liquida un tercio de su deuda p\u00fablica","og_url":"https:\/\/www.nexoinformativo.mx\/index.php\/2025\/05\/12\/buenas-noticias-para-queretaro-gobierno-liquida-un-tercio-de-su-deuda-publica\/","og_site_name":"Nexo Informativo Santiago de Quer\u00e9taro","article_publisher":"https:\/\/www.facebook.com\/people\/Nexo-Informativo\/61564066885511\/","article_published_time":"2025-05-12T12:00:17+00:00","article_modified_time":"2025-05-12T15:27:39+00:00","og_image":[{"width":800,"height":600,"url":"https:\/\/www.nexoinformativo.mx\/wp-content\/uploads\/2025\/05\/PHOTO-2025-05-11-21-00-43-scaled-e1747063615999.jpg","type":"image\/jpeg"}],"author":"Nexo Informativo","twitter_card":"summary_large_image","twitter_misc":{"Escrito por":"Nexo Informativo","Tiempo de lectura":"2 minutos"},"schema":{"@context":"https:\/\/schema.org","@graph":[{"@type":"Article","@id":"https:\/\/www.nexoinformativo.mx\/index.php\/2025\/05\/12\/buenas-noticias-para-queretaro-gobierno-liquida-un-tercio-de-su-deuda-publica\/#article","isPartOf":{"@id":"https:\/\/www.nexoinformativo.mx\/index.php\/2025\/05\/12\/buenas-noticias-para-queretaro-gobierno-liquida-un-tercio-de-su-deuda-publica\/"},"author":{"name":"Nexo Informativo","@id":"https:\/\/www.nexoinformativo.mx\/#\/schema\/person\/7749d380ba08c8ca00d7bc76fd907b7d"},"headline":"Buenas noticias para Quer\u00e9taro Gobierno liquida un tercio de su deuda p\u00fablica","datePublished":"2025-05-12T12:00:17+00:00","dateModified":"2025-05-12T15:27:39+00:00","mainEntityOfPage":{"@id":"https:\/\/www.nexoinformativo.mx\/index.php\/2025\/05\/12\/buenas-noticias-para-queretaro-gobierno-liquida-un-tercio-de-su-deuda-publica\/"},"wordCount":233,"commentCount":0,"publisher":{"@id":"https:\/\/www.nexoinformativo.mx\/#organization"},"image":{"@id":"https:\/\/www.nexoinformativo.mx\/index.php\/2025\/05\/12\/buenas-noticias-para-queretaro-gobierno-liquida-un-tercio-de-su-deuda-publica\/#primaryimage"},"thumbnailUrl":"https:\/\/www.nexoinformativo.mx\/wp-content\/uploads\/2025\/05\/PHOTO-2025-05-11-21-00-43-scaled-e1747063615999.jpg","keywords":["DeudaP\u00fablicaQro","Econom\u00edaQro","FinanzasSanas","Quer\u00e9taroFinanzas"],"articleSection":["Estado","\u00daltima Hora"],"inLanguage":"es","potentialAction":[{"@type":"CommentAction","name":"Comment","target":["https:\/\/www.nexoinformativo.mx\/index.php\/2025\/05\/12\/buenas-noticias-para-queretaro-gobierno-liquida-un-tercio-de-su-deuda-publica\/#respond"]}]},{"@type":"WebPage","@id":"https:\/\/www.nexoinformativo.mx\/index.php\/2025\/05\/12\/buenas-noticias-para-queretaro-gobierno-liquida-un-tercio-de-su-deuda-publica\/","url":"https:\/\/www.nexoinformativo.mx\/index.php\/2025\/05\/12\/buenas-noticias-para-queretaro-gobierno-liquida-un-tercio-de-su-deuda-publica\/","name":"Buenas noticias para Quer\u00e9taro Gobierno liquida un tercio de su deuda p\u00fablica | Nexo Informativo Santiago de Quer\u00e9taro","isPartOf":{"@id":"https:\/\/www.nexoinformativo.mx\/#website"},"primaryImageOfPage":{"@id":"https:\/\/www.nexoinformativo.mx\/index.php\/2025\/05\/12\/buenas-noticias-para-queretaro-gobierno-liquida-un-tercio-de-su-deuda-publica\/#primaryimage"},"image":{"@id":"https:\/\/www.nexoinformativo.mx\/index.php\/2025\/05\/12\/buenas-noticias-para-queretaro-gobierno-liquida-un-tercio-de-su-deuda-publica\/#primaryimage"},"thumbnailUrl":"https:\/\/www.nexoinformativo.mx\/wp-content\/uploads\/2025\/05\/PHOTO-2025-05-11-21-00-43-scaled-e1747063615999.jpg","datePublished":"2025-05-12T12:00:17+00:00","dateModified":"2025-05-12T15:27:39+00:00","description":"Buenas noticias para Quer\u00e9taro Gobierno liquida un tercio de su deuda p\u00fablica","breadcrumb":{"@id":"https:\/\/www.nexoinformativo.mx\/index.php\/2025\/05\/12\/buenas-noticias-para-queretaro-gobierno-liquida-un-tercio-de-su-deuda-publica\/#breadcrumb"},"inLanguage":"es","potentialAction":[{"@type":"ReadAction","target":["https:\/\/www.nexoinformativo.mx\/index.php\/2025\/05\/12\/buenas-noticias-para-queretaro-gobierno-liquida-un-tercio-de-su-deuda-publica\/"]}]},{"@type":"ImageObject","inLanguage":"es","@id":"https:\/\/www.nexoinformativo.mx\/index.php\/2025\/05\/12\/buenas-noticias-para-queretaro-gobierno-liquida-un-tercio-de-su-deuda-publica\/#primaryimage","url":"https:\/\/www.nexoinformativo.mx\/wp-content\/uploads\/2025\/05\/PHOTO-2025-05-11-21-00-43-scaled-e1747063615999.jpg","contentUrl":"https:\/\/www.nexoinformativo.mx\/wp-content\/uploads\/2025\/05\/PHOTO-2025-05-11-21-00-43-scaled-e1747063615999.jpg","width":800,"height":600},{"@type":"BreadcrumbList","@id":"https:\/\/www.nexoinformativo.mx\/index.php\/2025\/05\/12\/buenas-noticias-para-queretaro-gobierno-liquida-un-tercio-de-su-deuda-publica\/#breadcrumb","itemListElement":[{"@type":"ListItem","position":1,"name":"Inicio","item":"https:\/\/www.nexoinformativo.mx\/"},{"@type":"ListItem","position":2,"name":"Buenas noticias para Quer\u00e9taro Gobierno liquida un tercio de su deuda p\u00fablica"}]},{"@type":"WebSite","@id":"https:\/\/www.nexoinformativo.mx\/#website","url":"https:\/\/www.nexoinformativo.mx\/","name":"Nexo Informativo Santiago de Quer\u00e9taro","description":"Explora NexoInformativo y convi\u00e9rtete en parte de una comunidad que valora el conocimiento y la verdad. Tu nexoinformativo es tu puente hacia una comprensi\u00f3n m\u00e1s profunda del mundo que te rodea.","publisher":{"@id":"https:\/\/www.nexoinformativo.mx\/#organization"},"potentialAction":[{"@type":"SearchAction","target":{"@type":"EntryPoint","urlTemplate":"https:\/\/www.nexoinformativo.mx\/?s={search_term_string}"},"query-input":{"@type":"PropertyValueSpecification","valueRequired":true,"valueName":"search_term_string"}}],"inLanguage":"es"},{"@type":"Organization","@id":"https:\/\/www.nexoinformativo.mx\/#organization","name":"Nexo Informativo Santiago de Quer\u00e9taro","url":"https:\/\/www.nexoinformativo.mx\/","logo":{"@type":"ImageObject","inLanguage":"es","@id":"https:\/\/www.nexoinformativo.mx\/#\/schema\/logo\/image\/","url":"https:\/\/www.nexoinformativo.mx\/wp-content\/uploads\/2024\/07\/nexoi-trasparente-2.png","contentUrl":"https:\/\/www.nexoinformativo.mx\/wp-content\/uploads\/2024\/07\/nexoi-trasparente-2.png","width":816,"height":339,"caption":"Nexo Informativo Santiago de Quer\u00e9taro"},"image":{"@id":"https:\/\/www.nexoinformativo.mx\/#\/schema\/logo\/image\/"},"sameAs":["https:\/\/www.facebook.com\/people\/Nexo-Informativo\/61564066885511\/"]},{"@type":"Person","@id":"https:\/\/www.nexoinformativo.mx\/#\/schema\/person\/7749d380ba08c8ca00d7bc76fd907b7d","name":"Nexo Informativo","image":{"@type":"ImageObject","inLanguage":"es","@id":"https:\/\/www.nexoinformativo.mx\/#\/schema\/person\/image\/","url":"https:\/\/secure.gravatar.com\/avatar\/dde2928154642a13d95f87ddf1ea9718fe2b46760a005c53e41ff5ad610704e6?s=96&d=mm&r=g","contentUrl":"https:\/\/secure.gravatar.com\/avatar\/dde2928154642a13d95f87ddf1ea9718fe2b46760a005c53e41ff5ad610704e6?s=96&d=mm&r=g","caption":"Nexo Informativo"},"url":"https:\/\/www.nexoinformativo.mx\/index.php\/author\/edicion\/"}]}},"_links":{"self":[{"href":"https:\/\/www.nexoinformativo.mx\/index.php\/wp-json\/wp\/v2\/posts\/14901","targetHints":{"allow":["GET"]}}],"collection":[{"href":"https:\/\/www.nexoinformativo.mx\/index.php\/wp-json\/wp\/v2\/posts"}],"about":[{"href":"https:\/\/www.nexoinformativo.mx\/index.php\/wp-json\/wp\/v2\/types\/post"}],"author":[{"embeddable":true,"href":"https:\/\/www.nexoinformativo.mx\/index.php\/wp-json\/wp\/v2\/users\/3"}],"replies":[{"embeddable":true,"href":"https:\/\/www.nexoinformativo.mx\/index.php\/wp-json\/wp\/v2\/comments?post=14901"}],"version-history":[{"count":3,"href":"https:\/\/www.nexoinformativo.mx\/index.php\/wp-json\/wp\/v2\/posts\/14901\/revisions"}],"predecessor-version":[{"id":14905,"href":"https:\/\/www.nexoinformativo.mx\/index.php\/wp-json\/wp\/v2\/posts\/14901\/revisions\/14905"}],"wp:featuredmedia":[{"embeddable":true,"href":"https:\/\/www.nexoinformativo.mx\/index.php\/wp-json\/wp\/v2\/media\/14902"}],"wp:attachment":[{"href":"https:\/\/www.nexoinformativo.mx\/index.php\/wp-json\/wp\/v2\/media?parent=14901"}],"wp:term":[{"taxonomy":"category","embeddable":true,"href":"https:\/\/www.nexoinformativo.mx\/index.php\/wp-json\/wp\/v2\/categories?post=14901"},{"taxonomy":"post_tag","embeddable":true,"href":"https:\/\/www.nexoinformativo.mx\/index.php\/wp-json\/wp\/v2\/tags?post=14901"}],"curies":[{"name":"wp","href":"https:\/\/api.w.org\/{rel}","templated":true}]}}