{"id":14906,"date":"2025-05-12T06:30:21","date_gmt":"2025-05-12T12:30:21","guid":{"rendered":"https:\/\/www.nexoinformativo.mx\/?p=14906"},"modified":"2025-05-12T09:38:15","modified_gmt":"2025-05-12T15:38:15","slug":"agricultura-lanza-convocatoria-para-supervisar-fertilizantes-para-el-bienestar","status":"publish","type":"post","link":"https:\/\/www.nexoinformativo.mx\/index.php\/2025\/05\/12\/agricultura-lanza-convocatoria-para-supervisar-fertilizantes-para-el-bienestar\/","title":{"rendered":"AGRICULTURA lanza convocatoria para supervisar fertilizantes para el Bienestar"},"content":{"rendered":"<p style=\"text-align: justify;\" data-sourcepos=\"3:1-3:462\">La Secretar\u00eda de Agricultura y Desarrollo Rural (AGRICULTURA) ha abierto la convocatoria para integrar los Comit\u00e9s de Contralor\u00eda Social 2025 del programa Fertilizantes para el Bienestar.<\/p>\n<p>&nbsp;<\/p>\n<p style=\"text-align: justify;\" data-sourcepos=\"3:1-3:462\">Esta iniciativa busca garantizar la transparencia y la participaci\u00f3n activa de los beneficiarios en la correcta ejecuci\u00f3n del programa, asegurando que los recursos p\u00fablicos lleguen a quienes realmente los necesitan.<\/p>\n<p>&nbsp;<\/p>\n<p style=\"text-align: justify;\" data-sourcepos=\"5:1-5:412\">AGRICULTURA invita a todos los productores y derechohabientes del programa a sumarse a esta importante labor de vigilancia.<\/p>\n<p>&nbsp;<\/p>\n<p style=\"text-align: justify;\" data-sourcepos=\"5:1-5:412\">Los Comit\u00e9s de Contralor\u00eda Social estar\u00e1n conformados por los propios beneficiarios, quienes tendr\u00e1n la responsabilidad de supervisar el cumplimiento de los objetivos del programa, la transparencia en el uso de los recursos y la correcta implementaci\u00f3n de las acciones en sus comunidades.<\/p>\n<p>&nbsp;<\/p>\n<p style=\"text-align: justify;\" data-sourcepos=\"7:1-7:441\">Para participar, los interesados deber\u00e1n acreditar su condici\u00f3n de derechohabientes del Programa de Fertilizantes para el Bienestar 2025 presentando una identificaci\u00f3n oficial con fotograf\u00eda y comprometerse a cumplir con las normativas del programa, incluyendo la Ley Federal de Protecci\u00f3n de Datos Personales.<\/p>\n<p>&nbsp;<\/p>\n<p style=\"text-align: justify;\" data-sourcepos=\"9:1-9:576\">El periodo de registro estar\u00e1 abierto desde el 6 de mayo hasta el 15 de noviembre de 2025. Las solicitudes podr\u00e1n presentarse en las Oficinas de Representaci\u00f3n Estatal y Federal (OREF) de AGRICULTURA, as\u00ed como en los Centros de Apoyo al Desarrollo Rural (CADER) y los Distritos de Desarrollo Rural (DDR), en un horario de 9:00 a 15:00 horas, de lunes a viernes.<\/p>\n<p>&nbsp;<\/p>\n<p style=\"text-align: justify;\" data-sourcepos=\"9:1-9:576\">AGRICULTURA reitera que el programa es de car\u00e1cter p\u00fablico y no debe ser utilizado con fines pol\u00edticos o ajenos a sus objetivos.<\/p>\n<p>&nbsp;<\/p>\n<p style=\"text-align: justify;\" data-sourcepos=\"13:1-13:363\">Para obtener informaci\u00f3n detallada sobre la convocatoria, los interesados pueden visitar la p\u00e1gina oficial de AGRICULTURA (<a href=\"https:\/\/www.google.com\/search?q=http:\/\/www.gob.mx\/agricultura%23341\" target=\"_blank\" rel=\"noopener\">www.gob.mx\/agricultura#341<\/a>) en la secci\u00f3n <strong>\u201cAcciones y programas\u201d<\/strong>, donde encontrar\u00e1n documentos normativos, gu\u00edas operativas y los detalles del proceso de participaci\u00f3n.<\/p>\n<p>&nbsp;<\/p>\n<p style=\"text-align: center;\" data-sourcepos=\"13:1-13:363\"><em><strong>\u00a1Informaci\u00f3n que transforma!<\/strong><\/em><\/p>\n","protected":false},"excerpt":{"rendered":"<p>La Secretar\u00eda de Agricultura y Desarrollo Rural (AGRICULTURA) ha abierto la convocatoria para integrar los Comit\u00e9s de Contralor\u00eda Social 2025 del programa Fertilizantes para el Bienestar.<\/p>\n","protected":false},"author":3,"featured_media":14908,"comment_status":"open","ping_status":"open","sticky":false,"template":"","format":"standard","meta":{"footnotes":""},"categories":[88,58],"tags":[4439,4438,4335,1238],"class_list":["post-14906","post","type-post","status-publish","format-standard","has-post-thumbnail","hentry","category-nacional","category-ultima-hora","tag-agriculturatransparente","tag-contraloriasocial","tag-fertilizantesbienestar","tag-participacionciudadana"],"yoast_head":"<!-- This site is optimized with the Yoast SEO plugin v25.0 - https:\/\/yoast.com\/wordpress\/plugins\/seo\/ -->\n<title>AGRICULTURA lanza convocatoria para supervisar fertilizantes para el Bienestar | Nexo Informativo Santiago de Quer\u00e9taro<\/title>\n<meta name=\"description\" content=\"AGRICULTURA lanza Convocatoria para supervisar fertilizantes para el Bienestar\" \/>\n<meta name=\"robots\" content=\"index, follow, max-snippet:-1, max-image-preview:large, max-video-preview:-1\" \/>\n<link rel=\"canonical\" href=\"https:\/\/www.nexoinformativo.mx\/index.php\/2025\/05\/12\/agricultura-lanza-convocatoria-para-supervisar-fertilizantes-para-el-bienestar\/\" \/>\n<meta property=\"og:locale\" content=\"es_MX\" \/>\n<meta property=\"og:type\" content=\"article\" \/>\n<meta property=\"og:title\" content=\"AGRICULTURA lanza convocatoria para supervisar fertilizantes para el Bienestar | Nexo Informativo Santiago de Quer\u00e9taro\" \/>\n<meta property=\"og:description\" content=\"AGRICULTURA lanza Convocatoria para supervisar fertilizantes para el Bienestar\" \/>\n<meta property=\"og:url\" content=\"https:\/\/www.nexoinformativo.mx\/index.php\/2025\/05\/12\/agricultura-lanza-convocatoria-para-supervisar-fertilizantes-para-el-bienestar\/\" \/>\n<meta property=\"og:site_name\" content=\"Nexo Informativo Santiago de Quer\u00e9taro\" \/>\n<meta property=\"article:publisher\" content=\"https:\/\/www.facebook.com\/people\/Nexo-Informativo\/61564066885511\/\" \/>\n<meta property=\"article:published_time\" content=\"2025-05-12T12:30:21+00:00\" \/>\n<meta property=\"article:modified_time\" content=\"2025-05-12T15:38:15+00:00\" \/>\n<meta property=\"og:image\" content=\"https:\/\/www.nexoinformativo.mx\/wp-content\/uploads\/2025\/05\/IMG_2976.jpg\" \/>\n\t<meta property=\"og:image:width\" content=\"650\" \/>\n\t<meta property=\"og:image:height\" content=\"380\" \/>\n\t<meta property=\"og:image:type\" content=\"image\/jpeg\" \/>\n<meta name=\"author\" content=\"Nexo Informativo\" \/>\n<meta name=\"twitter:card\" content=\"summary_large_image\" \/>\n<meta name=\"twitter:label1\" content=\"Escrito por\" \/>\n\t<meta name=\"twitter:data1\" content=\"Nexo Informativo\" \/>\n\t<meta name=\"twitter:label2\" content=\"Tiempo de lectura\" \/>\n\t<meta name=\"twitter:data2\" content=\"2 minutos\" \/>\n<script type=\"application\/ld+json\" class=\"yoast-schema-graph\">{\"@context\":\"https:\/\/schema.org\",\"@graph\":[{\"@type\":\"Article\",\"@id\":\"https:\/\/www.nexoinformativo.mx\/index.php\/2025\/05\/12\/agricultura-lanza-convocatoria-para-supervisar-fertilizantes-para-el-bienestar\/#article\",\"isPartOf\":{\"@id\":\"https:\/\/www.nexoinformativo.mx\/index.php\/2025\/05\/12\/agricultura-lanza-convocatoria-para-supervisar-fertilizantes-para-el-bienestar\/\"},\"author\":{\"name\":\"Nexo Informativo\",\"@id\":\"https:\/\/www.nexoinformativo.mx\/#\/schema\/person\/7749d380ba08c8ca00d7bc76fd907b7d\"},\"headline\":\"AGRICULTURA lanza convocatoria para supervisar fertilizantes para el Bienestar\",\"datePublished\":\"2025-05-12T12:30:21+00:00\",\"dateModified\":\"2025-05-12T15:38:15+00:00\",\"mainEntityOfPage\":{\"@id\":\"https:\/\/www.nexoinformativo.mx\/index.php\/2025\/05\/12\/agricultura-lanza-convocatoria-para-supervisar-fertilizantes-para-el-bienestar\/\"},\"wordCount\":323,\"commentCount\":0,\"publisher\":{\"@id\":\"https:\/\/www.nexoinformativo.mx\/#organization\"},\"image\":{\"@id\":\"https:\/\/www.nexoinformativo.mx\/index.php\/2025\/05\/12\/agricultura-lanza-convocatoria-para-supervisar-fertilizantes-para-el-bienestar\/#primaryimage\"},\"thumbnailUrl\":\"https:\/\/www.nexoinformativo.mx\/wp-content\/uploads\/2025\/05\/IMG_2976.jpg\",\"keywords\":[\"AgriculturaTransparente\",\"Contralor\u00edaSocial\",\"FertilizantesBienestar\",\"Participaci\u00f3nCiudadana\"],\"articleSection\":[\"Nacional\",\"\u00daltima Hora\"],\"inLanguage\":\"es\",\"potentialAction\":[{\"@type\":\"CommentAction\",\"name\":\"Comment\",\"target\":[\"https:\/\/www.nexoinformativo.mx\/index.php\/2025\/05\/12\/agricultura-lanza-convocatoria-para-supervisar-fertilizantes-para-el-bienestar\/#respond\"]}]},{\"@type\":\"WebPage\",\"@id\":\"https:\/\/www.nexoinformativo.mx\/index.php\/2025\/05\/12\/agricultura-lanza-convocatoria-para-supervisar-fertilizantes-para-el-bienestar\/\",\"url\":\"https:\/\/www.nexoinformativo.mx\/index.php\/2025\/05\/12\/agricultura-lanza-convocatoria-para-supervisar-fertilizantes-para-el-bienestar\/\",\"name\":\"AGRICULTURA lanza convocatoria para supervisar fertilizantes para el Bienestar | Nexo Informativo Santiago de Quer\u00e9taro\",\"isPartOf\":{\"@id\":\"https:\/\/www.nexoinformativo.mx\/#website\"},\"primaryImageOfPage\":{\"@id\":\"https:\/\/www.nexoinformativo.mx\/index.php\/2025\/05\/12\/agricultura-lanza-convocatoria-para-supervisar-fertilizantes-para-el-bienestar\/#primaryimage\"},\"image\":{\"@id\":\"https:\/\/www.nexoinformativo.mx\/index.php\/2025\/05\/12\/agricultura-lanza-convocatoria-para-supervisar-fertilizantes-para-el-bienestar\/#primaryimage\"},\"thumbnailUrl\":\"https:\/\/www.nexoinformativo.mx\/wp-content\/uploads\/2025\/05\/IMG_2976.jpg\",\"datePublished\":\"2025-05-12T12:30:21+00:00\",\"dateModified\":\"2025-05-12T15:38:15+00:00\",\"description\":\"AGRICULTURA lanza Convocatoria para supervisar fertilizantes para el Bienestar\",\"breadcrumb\":{\"@id\":\"https:\/\/www.nexoinformativo.mx\/index.php\/2025\/05\/12\/agricultura-lanza-convocatoria-para-supervisar-fertilizantes-para-el-bienestar\/#breadcrumb\"},\"inLanguage\":\"es\",\"potentialAction\":[{\"@type\":\"ReadAction\",\"target\":[\"https:\/\/www.nexoinformativo.mx\/index.php\/2025\/05\/12\/agricultura-lanza-convocatoria-para-supervisar-fertilizantes-para-el-bienestar\/\"]}]},{\"@type\":\"ImageObject\",\"inLanguage\":\"es\",\"@id\":\"https:\/\/www.nexoinformativo.mx\/index.php\/2025\/05\/12\/agricultura-lanza-convocatoria-para-supervisar-fertilizantes-para-el-bienestar\/#primaryimage\",\"url\":\"https:\/\/www.nexoinformativo.mx\/wp-content\/uploads\/2025\/05\/IMG_2976.jpg\",\"contentUrl\":\"https:\/\/www.nexoinformativo.mx\/wp-content\/uploads\/2025\/05\/IMG_2976.jpg\",\"width\":650,\"height\":380},{\"@type\":\"BreadcrumbList\",\"@id\":\"https:\/\/www.nexoinformativo.mx\/index.php\/2025\/05\/12\/agricultura-lanza-convocatoria-para-supervisar-fertilizantes-para-el-bienestar\/#breadcrumb\",\"itemListElement\":[{\"@type\":\"ListItem\",\"position\":1,\"name\":\"Inicio\",\"item\":\"https:\/\/www.nexoinformativo.mx\/\"},{\"@type\":\"ListItem\",\"position\":2,\"name\":\"AGRICULTURA lanza convocatoria para supervisar fertilizantes para el Bienestar\"}]},{\"@type\":\"WebSite\",\"@id\":\"https:\/\/www.nexoinformativo.mx\/#website\",\"url\":\"https:\/\/www.nexoinformativo.mx\/\",\"name\":\"Nexo Informativo Santiago de Quer\u00e9taro\",\"description\":\"Explora NexoInformativo y convi\u00e9rtete en parte de una comunidad que valora el conocimiento y la verdad. Tu nexoinformativo es tu puente hacia una comprensi\u00f3n m\u00e1s profunda del mundo que te rodea.\",\"publisher\":{\"@id\":\"https:\/\/www.nexoinformativo.mx\/#organization\"},\"potentialAction\":[{\"@type\":\"SearchAction\",\"target\":{\"@type\":\"EntryPoint\",\"urlTemplate\":\"https:\/\/www.nexoinformativo.mx\/?s={search_term_string}\"},\"query-input\":{\"@type\":\"PropertyValueSpecification\",\"valueRequired\":true,\"valueName\":\"search_term_string\"}}],\"inLanguage\":\"es\"},{\"@type\":\"Organization\",\"@id\":\"https:\/\/www.nexoinformativo.mx\/#organization\",\"name\":\"Nexo Informativo Santiago de Quer\u00e9taro\",\"url\":\"https:\/\/www.nexoinformativo.mx\/\",\"logo\":{\"@type\":\"ImageObject\",\"inLanguage\":\"es\",\"@id\":\"https:\/\/www.nexoinformativo.mx\/#\/schema\/logo\/image\/\",\"url\":\"https:\/\/www.nexoinformativo.mx\/wp-content\/uploads\/2024\/07\/nexoi-trasparente-2.png\",\"contentUrl\":\"https:\/\/www.nexoinformativo.mx\/wp-content\/uploads\/2024\/07\/nexoi-trasparente-2.png\",\"width\":816,\"height\":339,\"caption\":\"Nexo Informativo Santiago de Quer\u00e9taro\"},\"image\":{\"@id\":\"https:\/\/www.nexoinformativo.mx\/#\/schema\/logo\/image\/\"},\"sameAs\":[\"https:\/\/www.facebook.com\/people\/Nexo-Informativo\/61564066885511\/\"]},{\"@type\":\"Person\",\"@id\":\"https:\/\/www.nexoinformativo.mx\/#\/schema\/person\/7749d380ba08c8ca00d7bc76fd907b7d\",\"name\":\"Nexo Informativo\",\"image\":{\"@type\":\"ImageObject\",\"inLanguage\":\"es\",\"@id\":\"https:\/\/www.nexoinformativo.mx\/#\/schema\/person\/image\/\",\"url\":\"https:\/\/secure.gravatar.com\/avatar\/dde2928154642a13d95f87ddf1ea9718fe2b46760a005c53e41ff5ad610704e6?s=96&d=mm&r=g\",\"contentUrl\":\"https:\/\/secure.gravatar.com\/avatar\/dde2928154642a13d95f87ddf1ea9718fe2b46760a005c53e41ff5ad610704e6?s=96&d=mm&r=g\",\"caption\":\"Nexo Informativo\"},\"url\":\"https:\/\/www.nexoinformativo.mx\/index.php\/author\/edicion\/\"}]}<\/script>\n<!-- \/ Yoast SEO plugin. -->","yoast_head_json":{"title":"AGRICULTURA lanza convocatoria para supervisar fertilizantes para el Bienestar | Nexo Informativo Santiago de Quer\u00e9taro","description":"AGRICULTURA lanza Convocatoria para supervisar fertilizantes para el Bienestar","robots":{"index":"index","follow":"follow","max-snippet":"max-snippet:-1","max-image-preview":"max-image-preview:large","max-video-preview":"max-video-preview:-1"},"canonical":"https:\/\/www.nexoinformativo.mx\/index.php\/2025\/05\/12\/agricultura-lanza-convocatoria-para-supervisar-fertilizantes-para-el-bienestar\/","og_locale":"es_MX","og_type":"article","og_title":"AGRICULTURA lanza convocatoria para supervisar fertilizantes para el Bienestar | Nexo Informativo Santiago de Quer\u00e9taro","og_description":"AGRICULTURA lanza Convocatoria para supervisar fertilizantes para el Bienestar","og_url":"https:\/\/www.nexoinformativo.mx\/index.php\/2025\/05\/12\/agricultura-lanza-convocatoria-para-supervisar-fertilizantes-para-el-bienestar\/","og_site_name":"Nexo Informativo Santiago de Quer\u00e9taro","article_publisher":"https:\/\/www.facebook.com\/people\/Nexo-Informativo\/61564066885511\/","article_published_time":"2025-05-12T12:30:21+00:00","article_modified_time":"2025-05-12T15:38:15+00:00","og_image":[{"width":650,"height":380,"url":"https:\/\/www.nexoinformativo.mx\/wp-content\/uploads\/2025\/05\/IMG_2976.jpg","type":"image\/jpeg"}],"author":"Nexo Informativo","twitter_card":"summary_large_image","twitter_misc":{"Escrito por":"Nexo Informativo","Tiempo de lectura":"2 minutos"},"schema":{"@context":"https:\/\/schema.org","@graph":[{"@type":"Article","@id":"https:\/\/www.nexoinformativo.mx\/index.php\/2025\/05\/12\/agricultura-lanza-convocatoria-para-supervisar-fertilizantes-para-el-bienestar\/#article","isPartOf":{"@id":"https:\/\/www.nexoinformativo.mx\/index.php\/2025\/05\/12\/agricultura-lanza-convocatoria-para-supervisar-fertilizantes-para-el-bienestar\/"},"author":{"name":"Nexo Informativo","@id":"https:\/\/www.nexoinformativo.mx\/#\/schema\/person\/7749d380ba08c8ca00d7bc76fd907b7d"},"headline":"AGRICULTURA lanza convocatoria para supervisar fertilizantes para el Bienestar","datePublished":"2025-05-12T12:30:21+00:00","dateModified":"2025-05-12T15:38:15+00:00","mainEntityOfPage":{"@id":"https:\/\/www.nexoinformativo.mx\/index.php\/2025\/05\/12\/agricultura-lanza-convocatoria-para-supervisar-fertilizantes-para-el-bienestar\/"},"wordCount":323,"commentCount":0,"publisher":{"@id":"https:\/\/www.nexoinformativo.mx\/#organization"},"image":{"@id":"https:\/\/www.nexoinformativo.mx\/index.php\/2025\/05\/12\/agricultura-lanza-convocatoria-para-supervisar-fertilizantes-para-el-bienestar\/#primaryimage"},"thumbnailUrl":"https:\/\/www.nexoinformativo.mx\/wp-content\/uploads\/2025\/05\/IMG_2976.jpg","keywords":["AgriculturaTransparente","Contralor\u00edaSocial","FertilizantesBienestar","Participaci\u00f3nCiudadana"],"articleSection":["Nacional","\u00daltima Hora"],"inLanguage":"es","potentialAction":[{"@type":"CommentAction","name":"Comment","target":["https:\/\/www.nexoinformativo.mx\/index.php\/2025\/05\/12\/agricultura-lanza-convocatoria-para-supervisar-fertilizantes-para-el-bienestar\/#respond"]}]},{"@type":"WebPage","@id":"https:\/\/www.nexoinformativo.mx\/index.php\/2025\/05\/12\/agricultura-lanza-convocatoria-para-supervisar-fertilizantes-para-el-bienestar\/","url":"https:\/\/www.nexoinformativo.mx\/index.php\/2025\/05\/12\/agricultura-lanza-convocatoria-para-supervisar-fertilizantes-para-el-bienestar\/","name":"AGRICULTURA lanza convocatoria para supervisar fertilizantes para el Bienestar | Nexo Informativo Santiago de Quer\u00e9taro","isPartOf":{"@id":"https:\/\/www.nexoinformativo.mx\/#website"},"primaryImageOfPage":{"@id":"https:\/\/www.nexoinformativo.mx\/index.php\/2025\/05\/12\/agricultura-lanza-convocatoria-para-supervisar-fertilizantes-para-el-bienestar\/#primaryimage"},"image":{"@id":"https:\/\/www.nexoinformativo.mx\/index.php\/2025\/05\/12\/agricultura-lanza-convocatoria-para-supervisar-fertilizantes-para-el-bienestar\/#primaryimage"},"thumbnailUrl":"https:\/\/www.nexoinformativo.mx\/wp-content\/uploads\/2025\/05\/IMG_2976.jpg","datePublished":"2025-05-12T12:30:21+00:00","dateModified":"2025-05-12T15:38:15+00:00","description":"AGRICULTURA lanza Convocatoria para supervisar fertilizantes para el Bienestar","breadcrumb":{"@id":"https:\/\/www.nexoinformativo.mx\/index.php\/2025\/05\/12\/agricultura-lanza-convocatoria-para-supervisar-fertilizantes-para-el-bienestar\/#breadcrumb"},"inLanguage":"es","potentialAction":[{"@type":"ReadAction","target":["https:\/\/www.nexoinformativo.mx\/index.php\/2025\/05\/12\/agricultura-lanza-convocatoria-para-supervisar-fertilizantes-para-el-bienestar\/"]}]},{"@type":"ImageObject","inLanguage":"es","@id":"https:\/\/www.nexoinformativo.mx\/index.php\/2025\/05\/12\/agricultura-lanza-convocatoria-para-supervisar-fertilizantes-para-el-bienestar\/#primaryimage","url":"https:\/\/www.nexoinformativo.mx\/wp-content\/uploads\/2025\/05\/IMG_2976.jpg","contentUrl":"https:\/\/www.nexoinformativo.mx\/wp-content\/uploads\/2025\/05\/IMG_2976.jpg","width":650,"height":380},{"@type":"BreadcrumbList","@id":"https:\/\/www.nexoinformativo.mx\/index.php\/2025\/05\/12\/agricultura-lanza-convocatoria-para-supervisar-fertilizantes-para-el-bienestar\/#breadcrumb","itemListElement":[{"@type":"ListItem","position":1,"name":"Inicio","item":"https:\/\/www.nexoinformativo.mx\/"},{"@type":"ListItem","position":2,"name":"AGRICULTURA lanza convocatoria para supervisar fertilizantes para el Bienestar"}]},{"@type":"WebSite","@id":"https:\/\/www.nexoinformativo.mx\/#website","url":"https:\/\/www.nexoinformativo.mx\/","name":"Nexo Informativo Santiago de Quer\u00e9taro","description":"Explora NexoInformativo y convi\u00e9rtete en parte de una comunidad que valora el conocimiento y la verdad. Tu nexoinformativo es tu puente hacia una comprensi\u00f3n m\u00e1s profunda del mundo que te rodea.","publisher":{"@id":"https:\/\/www.nexoinformativo.mx\/#organization"},"potentialAction":[{"@type":"SearchAction","target":{"@type":"EntryPoint","urlTemplate":"https:\/\/www.nexoinformativo.mx\/?s={search_term_string}"},"query-input":{"@type":"PropertyValueSpecification","valueRequired":true,"valueName":"search_term_string"}}],"inLanguage":"es"},{"@type":"Organization","@id":"https:\/\/www.nexoinformativo.mx\/#organization","name":"Nexo Informativo Santiago de Quer\u00e9taro","url":"https:\/\/www.nexoinformativo.mx\/","logo":{"@type":"ImageObject","inLanguage":"es","@id":"https:\/\/www.nexoinformativo.mx\/#\/schema\/logo\/image\/","url":"https:\/\/www.nexoinformativo.mx\/wp-content\/uploads\/2024\/07\/nexoi-trasparente-2.png","contentUrl":"https:\/\/www.nexoinformativo.mx\/wp-content\/uploads\/2024\/07\/nexoi-trasparente-2.png","width":816,"height":339,"caption":"Nexo Informativo Santiago de Quer\u00e9taro"},"image":{"@id":"https:\/\/www.nexoinformativo.mx\/#\/schema\/logo\/image\/"},"sameAs":["https:\/\/www.facebook.com\/people\/Nexo-Informativo\/61564066885511\/"]},{"@type":"Person","@id":"https:\/\/www.nexoinformativo.mx\/#\/schema\/person\/7749d380ba08c8ca00d7bc76fd907b7d","name":"Nexo Informativo","image":{"@type":"ImageObject","inLanguage":"es","@id":"https:\/\/www.nexoinformativo.mx\/#\/schema\/person\/image\/","url":"https:\/\/secure.gravatar.com\/avatar\/dde2928154642a13d95f87ddf1ea9718fe2b46760a005c53e41ff5ad610704e6?s=96&d=mm&r=g","contentUrl":"https:\/\/secure.gravatar.com\/avatar\/dde2928154642a13d95f87ddf1ea9718fe2b46760a005c53e41ff5ad610704e6?s=96&d=mm&r=g","caption":"Nexo Informativo"},"url":"https:\/\/www.nexoinformativo.mx\/index.php\/author\/edicion\/"}]}},"_links":{"self":[{"href":"https:\/\/www.nexoinformativo.mx\/index.php\/wp-json\/wp\/v2\/posts\/14906","targetHints":{"allow":["GET"]}}],"collection":[{"href":"https:\/\/www.nexoinformativo.mx\/index.php\/wp-json\/wp\/v2\/posts"}],"about":[{"href":"https:\/\/www.nexoinformativo.mx\/index.php\/wp-json\/wp\/v2\/types\/post"}],"author":[{"embeddable":true,"href":"https:\/\/www.nexoinformativo.mx\/index.php\/wp-json\/wp\/v2\/users\/3"}],"replies":[{"embeddable":true,"href":"https:\/\/www.nexoinformativo.mx\/index.php\/wp-json\/wp\/v2\/comments?post=14906"}],"version-history":[{"count":5,"href":"https:\/\/www.nexoinformativo.mx\/index.php\/wp-json\/wp\/v2\/posts\/14906\/revisions"}],"predecessor-version":[{"id":14909,"href":"https:\/\/www.nexoinformativo.mx\/index.php\/wp-json\/wp\/v2\/posts\/14906\/revisions\/14909"}],"wp:featuredmedia":[{"embeddable":true,"href":"https:\/\/www.nexoinformativo.mx\/index.php\/wp-json\/wp\/v2\/media\/14908"}],"wp:attachment":[{"href":"https:\/\/www.nexoinformativo.mx\/index.php\/wp-json\/wp\/v2\/media?parent=14906"}],"wp:term":[{"taxonomy":"category","embeddable":true,"href":"https:\/\/www.nexoinformativo.mx\/index.php\/wp-json\/wp\/v2\/categories?post=14906"},{"taxonomy":"post_tag","embeddable":true,"href":"https:\/\/www.nexoinformativo.mx\/index.php\/wp-json\/wp\/v2\/tags?post=14906"}],"curies":[{"name":"wp","href":"https:\/\/api.w.org\/{rel}","templated":true}]}}