{"id":14937,"date":"2025-05-14T07:00:16","date_gmt":"2025-05-14T13:00:16","guid":{"rendered":"https:\/\/www.nexoinformativo.mx\/?p=14937"},"modified":"2025-05-14T13:31:40","modified_gmt":"2025-05-14T19:31:40","slug":"sheinbaum-impulsa-trato-digno-y-mas-cirugias-en-el-sistema-de-salud","status":"publish","type":"post","link":"https:\/\/www.nexoinformativo.mx\/index.php\/2025\/05\/14\/sheinbaum-impulsa-trato-digno-y-mas-cirugias-en-el-sistema-de-salud\/","title":{"rendered":"Sheinbaum impulsa trato digno y m\u00e1s cirug\u00edas en el sistema de salud"},"content":{"rendered":"<p style=\"text-align: justify;\" data-sourcepos=\"3:1-3:440\">La Presidenta Claudia Sheinbaum destac\u00f3 la transformaci\u00f3n hacia un sistema de salud m\u00e1s humano y eficiente, impulsado a trav\u00e9s del IMSS, el ISSSTE y el IMSS Bienestar.<\/p>\n<p>&nbsp;<\/p>\n<p style=\"text-align: justify;\" data-sourcepos=\"3:1-3:440\">Con incrementos en cirug\u00edas, una estrategia de trato digno y equipos regionales de atenci\u00f3n, se busca mejorar radicalmente la experiencia de las y los mexicanos al acudir a los servicios de salud.<\/p>\n<p>&nbsp;<\/p>\n<p style=\"text-align: justify;\" data-sourcepos=\"5:1-5:299\"><strong>&#8220;Lo que tenemos hoy es mucho mejor que el Seguro Popular, que era pura corrupci\u00f3n. Es mucho mejor, y va a ir mejorando todos los d\u00edas&#8221;<\/strong>, asegur\u00f3 la Presidenta durante su conferencia matutina, resaltando los avances logrados desde el inicio de la administraci\u00f3n del ex Presidente AMLO.<\/p>\n<p>&nbsp;<\/p>\n<p style=\"text-align: justify;\" data-sourcepos=\"7:1-7:523\">El director del IMSS, Zo\u00e9 Robledo Aburto, anunci\u00f3 la meta de realizar m\u00e1s de 2 millones de cirug\u00edas este a\u00f1o, para lo cual se contratar\u00e1 personal, se extender\u00e1n los horarios de programaci\u00f3n y se invertir\u00e1n recursos en equipo e insumos.<\/p>\n<p>&nbsp;<\/p>\n<p style=\"text-align: justify;\" data-sourcepos=\"7:1-7:523\">Por su parte, el director del ISSSTE, Mart\u00ed Batres Guadarrama, present\u00f3 una estrategia integral de Trato Digno con 10 acciones concretas, que incluyen la creaci\u00f3n de una comisi\u00f3n nacional, la elaboraci\u00f3n de un protocolo, talleres de humanizaci\u00f3n y m\u00f3dulos de atenci\u00f3n al derechohabiente.<\/p>\n<p>&nbsp;<\/p>\n<p style=\"text-align: justify;\" data-sourcepos=\"9:1-9:256\">Adem\u00e1s, el director del IMSS Bienestar, Alejandro Svarch P\u00e9rez, inform\u00f3 sobre la conformaci\u00f3n de 212 equipos regionales de conducci\u00f3n m\u00e9dica para garantizar una atenci\u00f3n m\u00e1s cercana y continua en el territorio, con metas ambiciosas de consultas y cirug\u00edas.<\/p>\n<p>&nbsp;<\/p>\n<p style=\"text-align: justify;\" data-sourcepos=\"11:1-11:333\">La Presidenta Sheinbaum tambi\u00e9n resalt\u00f3 la efectividad del nuevo modelo de Compra Consolidada de Medicamentos e Insumos M\u00e9dicos, que ha permitido un abasto significativo en las instituciones de salud y un ahorro considerable de recursos.<\/p>\n<p>&nbsp;<\/p>\n<p style=\"text-align: justify;\" data-sourcepos=\"11:1-11:333\">A la fecha, el IMSS reporta un abasto del 94.3%, el ISSSTE del 90% y el IMSS Bienestar del 87%.<\/p>\n<p>&nbsp;<\/p>\n<p style=\"text-align: center;\" data-sourcepos=\"11:1-11:333\"><em><strong>\u00a1Informaci\u00f3n que transforma!<\/strong><\/em><\/p>\n","protected":false},"excerpt":{"rendered":"<p>La Presidenta Claudia Sheinbaum destac\u00f3 la transformaci\u00f3n hacia un sistema de salud m\u00e1s humano y eficiente, impulsado a trav\u00e9s del IMSS, el ISSSTE y el IMSS Bienestar.<\/p>\n","protected":false},"author":3,"featured_media":14941,"comment_status":"open","ping_status":"open","sticky":false,"template":"","format":"standard","meta":{"footnotes":""},"categories":[88,58],"tags":[4450,1078,1079,4449],"class_list":["post-14937","post","type-post","status-publish","format-standard","has-post-thumbnail","hentry","category-nacional","category-ultima-hora","tag-abastomedicamentos","tag-imssbienestar","tag-saludparatodos","tag-tratodigno"],"yoast_head":"<!-- This site is optimized with the Yoast SEO plugin v25.0 - https:\/\/yoast.com\/wordpress\/plugins\/seo\/ -->\n<title>Sheinbaum impulsa trato digno y m\u00e1s cirug\u00edas en el sistema de salud | Nexo Informativo Santiago de Quer\u00e9taro<\/title>\n<meta name=\"description\" content=\"Sheinbaum impulsa trato digno y m\u00e1s cirug\u00edas en el sistema de salud\" \/>\n<meta name=\"robots\" content=\"index, follow, max-snippet:-1, max-image-preview:large, max-video-preview:-1\" \/>\n<link rel=\"canonical\" href=\"https:\/\/www.nexoinformativo.mx\/index.php\/2025\/05\/14\/sheinbaum-impulsa-trato-digno-y-mas-cirugias-en-el-sistema-de-salud\/\" \/>\n<meta property=\"og:locale\" content=\"es_MX\" \/>\n<meta property=\"og:type\" content=\"article\" \/>\n<meta property=\"og:title\" content=\"Sheinbaum impulsa trato digno y m\u00e1s cirug\u00edas en el sistema de salud | Nexo Informativo Santiago de Quer\u00e9taro\" \/>\n<meta property=\"og:description\" content=\"Sheinbaum impulsa trato digno y m\u00e1s cirug\u00edas en el sistema de salud\" \/>\n<meta property=\"og:url\" content=\"https:\/\/www.nexoinformativo.mx\/index.php\/2025\/05\/14\/sheinbaum-impulsa-trato-digno-y-mas-cirugias-en-el-sistema-de-salud\/\" \/>\n<meta property=\"og:site_name\" content=\"Nexo Informativo Santiago de Quer\u00e9taro\" \/>\n<meta property=\"article:publisher\" content=\"https:\/\/www.facebook.com\/people\/Nexo-Informativo\/61564066885511\/\" \/>\n<meta property=\"article:published_time\" content=\"2025-05-14T13:00:16+00:00\" \/>\n<meta property=\"article:modified_time\" content=\"2025-05-14T19:31:40+00:00\" \/>\n<meta property=\"og:image\" content=\"https:\/\/www.nexoinformativo.mx\/wp-content\/uploads\/2025\/05\/IMG_3051.jpg\" \/>\n\t<meta property=\"og:image:width\" content=\"650\" \/>\n\t<meta property=\"og:image:height\" content=\"380\" \/>\n\t<meta property=\"og:image:type\" content=\"image\/jpeg\" \/>\n<meta name=\"author\" content=\"Nexo Informativo\" \/>\n<meta name=\"twitter:card\" content=\"summary_large_image\" \/>\n<meta name=\"twitter:label1\" content=\"Escrito por\" \/>\n\t<meta name=\"twitter:data1\" content=\"Nexo Informativo\" \/>\n\t<meta name=\"twitter:label2\" content=\"Tiempo de lectura\" \/>\n\t<meta name=\"twitter:data2\" content=\"2 minutos\" \/>\n<script type=\"application\/ld+json\" class=\"yoast-schema-graph\">{\"@context\":\"https:\/\/schema.org\",\"@graph\":[{\"@type\":\"Article\",\"@id\":\"https:\/\/www.nexoinformativo.mx\/index.php\/2025\/05\/14\/sheinbaum-impulsa-trato-digno-y-mas-cirugias-en-el-sistema-de-salud\/#article\",\"isPartOf\":{\"@id\":\"https:\/\/www.nexoinformativo.mx\/index.php\/2025\/05\/14\/sheinbaum-impulsa-trato-digno-y-mas-cirugias-en-el-sistema-de-salud\/\"},\"author\":{\"name\":\"Nexo Informativo\",\"@id\":\"https:\/\/www.nexoinformativo.mx\/#\/schema\/person\/7749d380ba08c8ca00d7bc76fd907b7d\"},\"headline\":\"Sheinbaum impulsa trato digno y m\u00e1s cirug\u00edas en el sistema de salud\",\"datePublished\":\"2025-05-14T13:00:16+00:00\",\"dateModified\":\"2025-05-14T19:31:40+00:00\",\"mainEntityOfPage\":{\"@id\":\"https:\/\/www.nexoinformativo.mx\/index.php\/2025\/05\/14\/sheinbaum-impulsa-trato-digno-y-mas-cirugias-en-el-sistema-de-salud\/\"},\"wordCount\":332,\"commentCount\":0,\"publisher\":{\"@id\":\"https:\/\/www.nexoinformativo.mx\/#organization\"},\"image\":{\"@id\":\"https:\/\/www.nexoinformativo.mx\/index.php\/2025\/05\/14\/sheinbaum-impulsa-trato-digno-y-mas-cirugias-en-el-sistema-de-salud\/#primaryimage\"},\"thumbnailUrl\":\"https:\/\/www.nexoinformativo.mx\/wp-content\/uploads\/2025\/05\/IMG_3051.jpg\",\"keywords\":[\"AbastoMedicamentos\",\"IMSSBienestar\",\"SaludParaTodos\",\"TratoDigno\"],\"articleSection\":[\"Nacional\",\"\u00daltima Hora\"],\"inLanguage\":\"es\",\"potentialAction\":[{\"@type\":\"CommentAction\",\"name\":\"Comment\",\"target\":[\"https:\/\/www.nexoinformativo.mx\/index.php\/2025\/05\/14\/sheinbaum-impulsa-trato-digno-y-mas-cirugias-en-el-sistema-de-salud\/#respond\"]}]},{\"@type\":\"WebPage\",\"@id\":\"https:\/\/www.nexoinformativo.mx\/index.php\/2025\/05\/14\/sheinbaum-impulsa-trato-digno-y-mas-cirugias-en-el-sistema-de-salud\/\",\"url\":\"https:\/\/www.nexoinformativo.mx\/index.php\/2025\/05\/14\/sheinbaum-impulsa-trato-digno-y-mas-cirugias-en-el-sistema-de-salud\/\",\"name\":\"Sheinbaum impulsa trato digno y m\u00e1s cirug\u00edas en el sistema de salud | Nexo Informativo Santiago de Quer\u00e9taro\",\"isPartOf\":{\"@id\":\"https:\/\/www.nexoinformativo.mx\/#website\"},\"primaryImageOfPage\":{\"@id\":\"https:\/\/www.nexoinformativo.mx\/index.php\/2025\/05\/14\/sheinbaum-impulsa-trato-digno-y-mas-cirugias-en-el-sistema-de-salud\/#primaryimage\"},\"image\":{\"@id\":\"https:\/\/www.nexoinformativo.mx\/index.php\/2025\/05\/14\/sheinbaum-impulsa-trato-digno-y-mas-cirugias-en-el-sistema-de-salud\/#primaryimage\"},\"thumbnailUrl\":\"https:\/\/www.nexoinformativo.mx\/wp-content\/uploads\/2025\/05\/IMG_3051.jpg\",\"datePublished\":\"2025-05-14T13:00:16+00:00\",\"dateModified\":\"2025-05-14T19:31:40+00:00\",\"description\":\"Sheinbaum impulsa trato digno y m\u00e1s cirug\u00edas en el sistema de salud\",\"breadcrumb\":{\"@id\":\"https:\/\/www.nexoinformativo.mx\/index.php\/2025\/05\/14\/sheinbaum-impulsa-trato-digno-y-mas-cirugias-en-el-sistema-de-salud\/#breadcrumb\"},\"inLanguage\":\"es\",\"potentialAction\":[{\"@type\":\"ReadAction\",\"target\":[\"https:\/\/www.nexoinformativo.mx\/index.php\/2025\/05\/14\/sheinbaum-impulsa-trato-digno-y-mas-cirugias-en-el-sistema-de-salud\/\"]}]},{\"@type\":\"ImageObject\",\"inLanguage\":\"es\",\"@id\":\"https:\/\/www.nexoinformativo.mx\/index.php\/2025\/05\/14\/sheinbaum-impulsa-trato-digno-y-mas-cirugias-en-el-sistema-de-salud\/#primaryimage\",\"url\":\"https:\/\/www.nexoinformativo.mx\/wp-content\/uploads\/2025\/05\/IMG_3051.jpg\",\"contentUrl\":\"https:\/\/www.nexoinformativo.mx\/wp-content\/uploads\/2025\/05\/IMG_3051.jpg\",\"width\":650,\"height\":380,\"caption\":\"Cuauht\u00e9moc, Ciudad de M\u00e9xico. 13 de mayo 2025. La presidenta constitucional de los Estados Unidos Mexicanos, la Doctora Claudia Sheinbaum Pardo en conferencia de prensa matutina en el sal\u00f3n de la Tesorer\u00eda de Palacio Nacional. Acompa\u00f1an a la presidenta: David Kershenobich, secretario de salud; Zo\u00e9 Alejandro Robledo Aburto, director general del Instituto Mexicano del Seguro Social (IMSS); Mart\u00ed Batres Guadarrama, director general del Instituto de Seguridad y Servicios Sociales de los Trabajadores del Estado (ISSSTE); Alejandro Svarch P\u00e9rez, director general de IMSS-Bienestar; Eduardo Clark, subsecretario de Integraci\u00f3n y desarrollo del sector salud; Ramiro L\u00f3pez Elizalde, subsecretario de Prevenci\u00f3n y Promoci\u00f3n de la Salud y Julio Berdegu\u00e9 Sacrist\u00e1n, Secretario de Agricultura y Desarrollo Rural. Foto: Juan Carlos Buenrostro\/Presidencia\"},{\"@type\":\"BreadcrumbList\",\"@id\":\"https:\/\/www.nexoinformativo.mx\/index.php\/2025\/05\/14\/sheinbaum-impulsa-trato-digno-y-mas-cirugias-en-el-sistema-de-salud\/#breadcrumb\",\"itemListElement\":[{\"@type\":\"ListItem\",\"position\":1,\"name\":\"Inicio\",\"item\":\"https:\/\/www.nexoinformativo.mx\/\"},{\"@type\":\"ListItem\",\"position\":2,\"name\":\"Sheinbaum impulsa trato digno y m\u00e1s cirug\u00edas en el sistema de salud\"}]},{\"@type\":\"WebSite\",\"@id\":\"https:\/\/www.nexoinformativo.mx\/#website\",\"url\":\"https:\/\/www.nexoinformativo.mx\/\",\"name\":\"Nexo Informativo Santiago de Quer\u00e9taro\",\"description\":\"Explora NexoInformativo y convi\u00e9rtete en parte de una comunidad que valora el conocimiento y la verdad. Tu nexoinformativo es tu puente hacia una comprensi\u00f3n m\u00e1s profunda del mundo que te rodea.\",\"publisher\":{\"@id\":\"https:\/\/www.nexoinformativo.mx\/#organization\"},\"potentialAction\":[{\"@type\":\"SearchAction\",\"target\":{\"@type\":\"EntryPoint\",\"urlTemplate\":\"https:\/\/www.nexoinformativo.mx\/?s={search_term_string}\"},\"query-input\":{\"@type\":\"PropertyValueSpecification\",\"valueRequired\":true,\"valueName\":\"search_term_string\"}}],\"inLanguage\":\"es\"},{\"@type\":\"Organization\",\"@id\":\"https:\/\/www.nexoinformativo.mx\/#organization\",\"name\":\"Nexo Informativo Santiago de Quer\u00e9taro\",\"url\":\"https:\/\/www.nexoinformativo.mx\/\",\"logo\":{\"@type\":\"ImageObject\",\"inLanguage\":\"es\",\"@id\":\"https:\/\/www.nexoinformativo.mx\/#\/schema\/logo\/image\/\",\"url\":\"https:\/\/www.nexoinformativo.mx\/wp-content\/uploads\/2024\/07\/nexoi-trasparente-2.png\",\"contentUrl\":\"https:\/\/www.nexoinformativo.mx\/wp-content\/uploads\/2024\/07\/nexoi-trasparente-2.png\",\"width\":816,\"height\":339,\"caption\":\"Nexo Informativo Santiago de Quer\u00e9taro\"},\"image\":{\"@id\":\"https:\/\/www.nexoinformativo.mx\/#\/schema\/logo\/image\/\"},\"sameAs\":[\"https:\/\/www.facebook.com\/people\/Nexo-Informativo\/61564066885511\/\"]},{\"@type\":\"Person\",\"@id\":\"https:\/\/www.nexoinformativo.mx\/#\/schema\/person\/7749d380ba08c8ca00d7bc76fd907b7d\",\"name\":\"Nexo Informativo\",\"image\":{\"@type\":\"ImageObject\",\"inLanguage\":\"es\",\"@id\":\"https:\/\/www.nexoinformativo.mx\/#\/schema\/person\/image\/\",\"url\":\"https:\/\/secure.gravatar.com\/avatar\/dde2928154642a13d95f87ddf1ea9718fe2b46760a005c53e41ff5ad610704e6?s=96&d=mm&r=g\",\"contentUrl\":\"https:\/\/secure.gravatar.com\/avatar\/dde2928154642a13d95f87ddf1ea9718fe2b46760a005c53e41ff5ad610704e6?s=96&d=mm&r=g\",\"caption\":\"Nexo Informativo\"},\"url\":\"https:\/\/www.nexoinformativo.mx\/index.php\/author\/edicion\/\"}]}<\/script>\n<!-- \/ Yoast SEO plugin. -->","yoast_head_json":{"title":"Sheinbaum impulsa trato digno y m\u00e1s cirug\u00edas en el sistema de salud | Nexo Informativo Santiago de Quer\u00e9taro","description":"Sheinbaum impulsa trato digno y m\u00e1s cirug\u00edas en el sistema de salud","robots":{"index":"index","follow":"follow","max-snippet":"max-snippet:-1","max-image-preview":"max-image-preview:large","max-video-preview":"max-video-preview:-1"},"canonical":"https:\/\/www.nexoinformativo.mx\/index.php\/2025\/05\/14\/sheinbaum-impulsa-trato-digno-y-mas-cirugias-en-el-sistema-de-salud\/","og_locale":"es_MX","og_type":"article","og_title":"Sheinbaum impulsa trato digno y m\u00e1s cirug\u00edas en el sistema de salud | Nexo Informativo Santiago de Quer\u00e9taro","og_description":"Sheinbaum impulsa trato digno y m\u00e1s cirug\u00edas en el sistema de salud","og_url":"https:\/\/www.nexoinformativo.mx\/index.php\/2025\/05\/14\/sheinbaum-impulsa-trato-digno-y-mas-cirugias-en-el-sistema-de-salud\/","og_site_name":"Nexo Informativo Santiago de Quer\u00e9taro","article_publisher":"https:\/\/www.facebook.com\/people\/Nexo-Informativo\/61564066885511\/","article_published_time":"2025-05-14T13:00:16+00:00","article_modified_time":"2025-05-14T19:31:40+00:00","og_image":[{"width":650,"height":380,"url":"https:\/\/www.nexoinformativo.mx\/wp-content\/uploads\/2025\/05\/IMG_3051.jpg","type":"image\/jpeg"}],"author":"Nexo Informativo","twitter_card":"summary_large_image","twitter_misc":{"Escrito por":"Nexo Informativo","Tiempo de lectura":"2 minutos"},"schema":{"@context":"https:\/\/schema.org","@graph":[{"@type":"Article","@id":"https:\/\/www.nexoinformativo.mx\/index.php\/2025\/05\/14\/sheinbaum-impulsa-trato-digno-y-mas-cirugias-en-el-sistema-de-salud\/#article","isPartOf":{"@id":"https:\/\/www.nexoinformativo.mx\/index.php\/2025\/05\/14\/sheinbaum-impulsa-trato-digno-y-mas-cirugias-en-el-sistema-de-salud\/"},"author":{"name":"Nexo Informativo","@id":"https:\/\/www.nexoinformativo.mx\/#\/schema\/person\/7749d380ba08c8ca00d7bc76fd907b7d"},"headline":"Sheinbaum impulsa trato digno y m\u00e1s cirug\u00edas en el sistema de salud","datePublished":"2025-05-14T13:00:16+00:00","dateModified":"2025-05-14T19:31:40+00:00","mainEntityOfPage":{"@id":"https:\/\/www.nexoinformativo.mx\/index.php\/2025\/05\/14\/sheinbaum-impulsa-trato-digno-y-mas-cirugias-en-el-sistema-de-salud\/"},"wordCount":332,"commentCount":0,"publisher":{"@id":"https:\/\/www.nexoinformativo.mx\/#organization"},"image":{"@id":"https:\/\/www.nexoinformativo.mx\/index.php\/2025\/05\/14\/sheinbaum-impulsa-trato-digno-y-mas-cirugias-en-el-sistema-de-salud\/#primaryimage"},"thumbnailUrl":"https:\/\/www.nexoinformativo.mx\/wp-content\/uploads\/2025\/05\/IMG_3051.jpg","keywords":["AbastoMedicamentos","IMSSBienestar","SaludParaTodos","TratoDigno"],"articleSection":["Nacional","\u00daltima Hora"],"inLanguage":"es","potentialAction":[{"@type":"CommentAction","name":"Comment","target":["https:\/\/www.nexoinformativo.mx\/index.php\/2025\/05\/14\/sheinbaum-impulsa-trato-digno-y-mas-cirugias-en-el-sistema-de-salud\/#respond"]}]},{"@type":"WebPage","@id":"https:\/\/www.nexoinformativo.mx\/index.php\/2025\/05\/14\/sheinbaum-impulsa-trato-digno-y-mas-cirugias-en-el-sistema-de-salud\/","url":"https:\/\/www.nexoinformativo.mx\/index.php\/2025\/05\/14\/sheinbaum-impulsa-trato-digno-y-mas-cirugias-en-el-sistema-de-salud\/","name":"Sheinbaum impulsa trato digno y m\u00e1s cirug\u00edas en el sistema de salud | Nexo Informativo Santiago de Quer\u00e9taro","isPartOf":{"@id":"https:\/\/www.nexoinformativo.mx\/#website"},"primaryImageOfPage":{"@id":"https:\/\/www.nexoinformativo.mx\/index.php\/2025\/05\/14\/sheinbaum-impulsa-trato-digno-y-mas-cirugias-en-el-sistema-de-salud\/#primaryimage"},"image":{"@id":"https:\/\/www.nexoinformativo.mx\/index.php\/2025\/05\/14\/sheinbaum-impulsa-trato-digno-y-mas-cirugias-en-el-sistema-de-salud\/#primaryimage"},"thumbnailUrl":"https:\/\/www.nexoinformativo.mx\/wp-content\/uploads\/2025\/05\/IMG_3051.jpg","datePublished":"2025-05-14T13:00:16+00:00","dateModified":"2025-05-14T19:31:40+00:00","description":"Sheinbaum impulsa trato digno y m\u00e1s cirug\u00edas en el sistema de salud","breadcrumb":{"@id":"https:\/\/www.nexoinformativo.mx\/index.php\/2025\/05\/14\/sheinbaum-impulsa-trato-digno-y-mas-cirugias-en-el-sistema-de-salud\/#breadcrumb"},"inLanguage":"es","potentialAction":[{"@type":"ReadAction","target":["https:\/\/www.nexoinformativo.mx\/index.php\/2025\/05\/14\/sheinbaum-impulsa-trato-digno-y-mas-cirugias-en-el-sistema-de-salud\/"]}]},{"@type":"ImageObject","inLanguage":"es","@id":"https:\/\/www.nexoinformativo.mx\/index.php\/2025\/05\/14\/sheinbaum-impulsa-trato-digno-y-mas-cirugias-en-el-sistema-de-salud\/#primaryimage","url":"https:\/\/www.nexoinformativo.mx\/wp-content\/uploads\/2025\/05\/IMG_3051.jpg","contentUrl":"https:\/\/www.nexoinformativo.mx\/wp-content\/uploads\/2025\/05\/IMG_3051.jpg","width":650,"height":380,"caption":"Cuauht\u00e9moc, Ciudad de M\u00e9xico. 13 de mayo 2025. La presidenta constitucional de los Estados Unidos Mexicanos, la Doctora Claudia Sheinbaum Pardo en conferencia de prensa matutina en el sal\u00f3n de la Tesorer\u00eda de Palacio Nacional. Acompa\u00f1an a la presidenta: David Kershenobich, secretario de salud; Zo\u00e9 Alejandro Robledo Aburto, director general del Instituto Mexicano del Seguro Social (IMSS); Mart\u00ed Batres Guadarrama, director general del Instituto de Seguridad y Servicios Sociales de los Trabajadores del Estado (ISSSTE); Alejandro Svarch P\u00e9rez, director general de IMSS-Bienestar; Eduardo Clark, subsecretario de Integraci\u00f3n y desarrollo del sector salud; Ramiro L\u00f3pez Elizalde, subsecretario de Prevenci\u00f3n y Promoci\u00f3n de la Salud y Julio Berdegu\u00e9 Sacrist\u00e1n, Secretario de Agricultura y Desarrollo Rural. Foto: Juan Carlos Buenrostro\/Presidencia"},{"@type":"BreadcrumbList","@id":"https:\/\/www.nexoinformativo.mx\/index.php\/2025\/05\/14\/sheinbaum-impulsa-trato-digno-y-mas-cirugias-en-el-sistema-de-salud\/#breadcrumb","itemListElement":[{"@type":"ListItem","position":1,"name":"Inicio","item":"https:\/\/www.nexoinformativo.mx\/"},{"@type":"ListItem","position":2,"name":"Sheinbaum impulsa trato digno y m\u00e1s cirug\u00edas en el sistema de salud"}]},{"@type":"WebSite","@id":"https:\/\/www.nexoinformativo.mx\/#website","url":"https:\/\/www.nexoinformativo.mx\/","name":"Nexo Informativo Santiago de Quer\u00e9taro","description":"Explora NexoInformativo y convi\u00e9rtete en parte de una comunidad que valora el conocimiento y la verdad. Tu nexoinformativo es tu puente hacia una comprensi\u00f3n m\u00e1s profunda del mundo que te rodea.","publisher":{"@id":"https:\/\/www.nexoinformativo.mx\/#organization"},"potentialAction":[{"@type":"SearchAction","target":{"@type":"EntryPoint","urlTemplate":"https:\/\/www.nexoinformativo.mx\/?s={search_term_string}"},"query-input":{"@type":"PropertyValueSpecification","valueRequired":true,"valueName":"search_term_string"}}],"inLanguage":"es"},{"@type":"Organization","@id":"https:\/\/www.nexoinformativo.mx\/#organization","name":"Nexo Informativo Santiago de Quer\u00e9taro","url":"https:\/\/www.nexoinformativo.mx\/","logo":{"@type":"ImageObject","inLanguage":"es","@id":"https:\/\/www.nexoinformativo.mx\/#\/schema\/logo\/image\/","url":"https:\/\/www.nexoinformativo.mx\/wp-content\/uploads\/2024\/07\/nexoi-trasparente-2.png","contentUrl":"https:\/\/www.nexoinformativo.mx\/wp-content\/uploads\/2024\/07\/nexoi-trasparente-2.png","width":816,"height":339,"caption":"Nexo Informativo Santiago de Quer\u00e9taro"},"image":{"@id":"https:\/\/www.nexoinformativo.mx\/#\/schema\/logo\/image\/"},"sameAs":["https:\/\/www.facebook.com\/people\/Nexo-Informativo\/61564066885511\/"]},{"@type":"Person","@id":"https:\/\/www.nexoinformativo.mx\/#\/schema\/person\/7749d380ba08c8ca00d7bc76fd907b7d","name":"Nexo Informativo","image":{"@type":"ImageObject","inLanguage":"es","@id":"https:\/\/www.nexoinformativo.mx\/#\/schema\/person\/image\/","url":"https:\/\/secure.gravatar.com\/avatar\/dde2928154642a13d95f87ddf1ea9718fe2b46760a005c53e41ff5ad610704e6?s=96&d=mm&r=g","contentUrl":"https:\/\/secure.gravatar.com\/avatar\/dde2928154642a13d95f87ddf1ea9718fe2b46760a005c53e41ff5ad610704e6?s=96&d=mm&r=g","caption":"Nexo Informativo"},"url":"https:\/\/www.nexoinformativo.mx\/index.php\/author\/edicion\/"}]}},"_links":{"self":[{"href":"https:\/\/www.nexoinformativo.mx\/index.php\/wp-json\/wp\/v2\/posts\/14937","targetHints":{"allow":["GET"]}}],"collection":[{"href":"https:\/\/www.nexoinformativo.mx\/index.php\/wp-json\/wp\/v2\/posts"}],"about":[{"href":"https:\/\/www.nexoinformativo.mx\/index.php\/wp-json\/wp\/v2\/types\/post"}],"author":[{"embeddable":true,"href":"https:\/\/www.nexoinformativo.mx\/index.php\/wp-json\/wp\/v2\/users\/3"}],"replies":[{"embeddable":true,"href":"https:\/\/www.nexoinformativo.mx\/index.php\/wp-json\/wp\/v2\/comments?post=14937"}],"version-history":[{"count":4,"href":"https:\/\/www.nexoinformativo.mx\/index.php\/wp-json\/wp\/v2\/posts\/14937\/revisions"}],"predecessor-version":[{"id":14940,"href":"https:\/\/www.nexoinformativo.mx\/index.php\/wp-json\/wp\/v2\/posts\/14937\/revisions\/14940"}],"wp:featuredmedia":[{"embeddable":true,"href":"https:\/\/www.nexoinformativo.mx\/index.php\/wp-json\/wp\/v2\/media\/14941"}],"wp:attachment":[{"href":"https:\/\/www.nexoinformativo.mx\/index.php\/wp-json\/wp\/v2\/media?parent=14937"}],"wp:term":[{"taxonomy":"category","embeddable":true,"href":"https:\/\/www.nexoinformativo.mx\/index.php\/wp-json\/wp\/v2\/categories?post=14937"},{"taxonomy":"post_tag","embeddable":true,"href":"https:\/\/www.nexoinformativo.mx\/index.php\/wp-json\/wp\/v2\/tags?post=14937"}],"curies":[{"name":"wp","href":"https:\/\/api.w.org\/{rel}","templated":true}]}}